{"id":7854,"date":"2009-09-08T12:26:22","date_gmt":"2009-09-08T11:26:22","guid":{"rendered":"http:\/\/www.bellunopress.it\/?p=7854"},"modified":"2009-09-08T12:26:22","modified_gmt":"2009-09-08T11:26:22","slug":"emozioni-ad-alta-quota-a-cirvoi-con-lassociazione-dei-cortivi","status":"publish","type":"post","link":"https:\/\/www.bellunopress.it\/fr\/2009\/09\/08\/emozioni-ad-alta-quota-a-cirvoi-con-lassociazione-dei-cortivi\/","title":{"rendered":"&#8220;Emozioni ad alta quota&#8221; a Cirvoi con l&#8217;associazione dei Cortivi"},"content":{"rendered":"<p><a href=\"http:\/\/www.bellunopress.it\/wp-content\/uploads\/2009\/09\/alpamayo-leggera.jpg\"><img loading=\"lazy\" decoding=\"async\" class=\"alignleft size-medium wp-image-7855\" title=\"alpamayo-leggera\" src=\"http:\/\/www.bellunopress.it\/wp-content\/uploads\/2009\/09\/alpamayo-leggera.jpg\" alt=\"\" width=\"270\" height=\"203\" \/><\/a>L\u2019associazione \u201c I cortivi di Cirvoi\u201d, in collaborazione con la Cooperativa di Cirvoi, presenta \u201cEmozioni ad alta quota\u201d- film, documentari, esperienze di viaggio \u2013(quando la montagna diventa conoscenza). Primo appuntamento stasera (mercoled\u00ec 9 settembre) alle 20.30 presso Sala della Cooperativa di Cirvoi con\u201c Il vento fa il suo giro\u201d\u00a0 regia di Giorgio Diritti. Quindi mercoled\u00ec 16 settembre : \u201c La morte sospesa \u201c di Kevin Macdonald (documentario). Nell\u2019ambito dell\u2019inizoativa \u201cEsperienze\u201d, venerd\u00ec 18 settembre \u00e8 im programma un incontro con Riccardo Selvatico intitolato \u201cRaccordi disordinati alla ricerca della neve \u201c(Alpamayo \u2013 Per\u00f9 \u2013 2009). Per altre iniziative in programma nei prossimi mesi consultare il sito www.cirvoi@altervista.org.<\/p>","protected":false},"excerpt":{"rendered":"<p>L\u2019associazione \u201c I cortivi di Cirvoi\u201d, in collaborazione con la Cooperativa di Cirvoi, presenta \u201cEmozioni ad alta quota\u201d- film, documentari, esperienze di viaggio \u2013(quando la montagna diventa conoscenza). Primo appuntamento stasera (mercoled\u00ec 9 settembre) alle 20.30 presso Sala della Cooperativa di Cirvoi con\u201c Il vento fa il suo giro\u201d\u00a0 regia di Giorgio Diritti. Quindi mercoled\u00ec [&hellip;]<\/p>\n","protected":false},"author":2,"featured_media":0,"comment_status":"closed","ping_status":"open","sticky":false,"template":"","format":"standard","meta":{"footnotes":""},"categories":[3,38,25],"tags":[139],"class_list":["post-7854","post","type-post","status-publish","format-standard","category-arte-cultura-spettacoli-scienza-archivi","category-natura-ambiente","category-pausa-caffe","tag-belluno"],"yoast_head":"<!-- This site is optimized with the Yoast SEO plugin v28.4 - https:\/\/yoast.com\/product\/yoast-seo-wordpress\/ -->\n<title>&quot;Emozioni ad alta quota&quot; a Cirvoi con l&#039;associazione dei Cortivi - Bellunopress - Dolomiti<\/title>\n<meta name=\"robots\" content=\"index, follow, max-snippet:-1, max-image-preview:large, max-video-preview:-1\" \/>\n<link rel=\"canonical\" href=\"https:\/\/www.bellunopress.it\/fr\/2009\/09\/08\/emozioni-ad-alta-quota-a-cirvoi-con-lassociazione-dei-cortivi\/\" \/>\n<meta property=\"og:locale\" content=\"fr_FR\" \/>\n<meta property=\"og:type\" content=\"article\" \/>\n<meta property=\"og:title\" content=\"&quot;Emozioni ad alta quota&quot; a Cirvoi con l&#039;associazione dei Cortivi - Bellunopress - Dolomiti\" \/>\n<meta property=\"og:description\" content=\"L\u2019associazione \u201c I cortivi di Cirvoi\u201d, in collaborazione con la Cooperativa di Cirvoi, presenta \u201cEmozioni ad alta quota\u201d- film, documentari, esperienze di viaggio \u2013(quando la montagna diventa conoscenza). Primo appuntamento stasera (mercoled\u00ec 9 settembre) alle 20.30 presso Sala della Cooperativa di Cirvoi con\u201c Il vento fa il suo giro\u201d\u00a0 regia di Giorgio Diritti. Quindi mercoled\u00ec [&hellip;]\" \/>\n<meta property=\"og:url\" content=\"https:\/\/www.bellunopress.it\/fr\/2009\/09\/08\/emozioni-ad-alta-quota-a-cirvoi-con-lassociazione-dei-cortivi\/\" \/>\n<meta property=\"og:site_name\" content=\"Bellunopress - Dolomiti\" \/>\n<meta property=\"article:publisher\" content=\"https:\/\/www.facebook.com\/profile.php?id=100008943462799\" \/>\n<meta property=\"article:published_time\" content=\"2009-09-08T11:26:22+00:00\" \/>\n<meta property=\"og:image\" content=\"http:\/\/www.bellunopress.it\/wp-content\/uploads\/2009\/09\/alpamayo-leggera.jpg\" \/>\n<meta name=\"author\" content=\"redazione\" \/>\n<meta name=\"twitter:card\" content=\"summary_large_image\" \/>\n<meta name=\"twitter:creator\" content=\"@bellunopress\" \/>\n<meta name=\"twitter:site\" content=\"@bellunopress\" \/>\n<meta name=\"twitter:label1\" content=\"\u00c9crit par\" \/>\n\t<meta name=\"twitter:data1\" content=\"redazione\" \/>\n\t<meta name=\"twitter:label2\" content=\"Dur\u00e9e de lecture estim\u00e9e\" \/>\n\t<meta name=\"twitter:data2\" content=\"1 minute\" \/>\n<script type=\"application\/ld+json\" class=\"yoast-schema-graph\">{\"@context\":\"https:\\\/\\\/schema.org\",\"@graph\":[{\"@type\":\"Article\",\"@id\":\"https:\\\/\\\/www.bellunopress.it\\\/2009\\\/09\\\/08\\\/emozioni-ad-alta-quota-a-cirvoi-con-lassociazione-dei-cortivi\\\/#article\",\"isPartOf\":{\"@id\":\"https:\\\/\\\/www.bellunopress.it\\\/2009\\\/09\\\/08\\\/emozioni-ad-alta-quota-a-cirvoi-con-lassociazione-dei-cortivi\\\/\"},\"author\":{\"name\":\"redazione\",\"@id\":\"https:\\\/\\\/www.bellunopress.it\\\/#\\\/schema\\\/person\\\/79bb06722b37ece1c03d3e94beb30d73\"},\"headline\":\"&#8220;Emozioni ad alta quota&#8221; a Cirvoi con l&#8217;associazione dei Cortivi\",\"datePublished\":\"2009-09-08T11:26:22+00:00\",\"mainEntityOfPage\":{\"@id\":\"https:\\\/\\\/www.bellunopress.it\\\/2009\\\/09\\\/08\\\/emozioni-ad-alta-quota-a-cirvoi-con-lassociazione-dei-cortivi\\\/\"},\"wordCount\":111,\"publisher\":{\"@id\":\"https:\\\/\\\/www.bellunopress.it\\\/#organization\"},\"image\":{\"@id\":\"https:\\\/\\\/www.bellunopress.it\\\/2009\\\/09\\\/08\\\/emozioni-ad-alta-quota-a-cirvoi-con-lassociazione-dei-cortivi\\\/#primaryimage\"},\"thumbnailUrl\":\"http:\\\/\\\/www.bellunopress.it\\\/wp-content\\\/uploads\\\/2009\\\/09\\\/alpamayo-leggera.jpg\",\"keywords\":[\"Belluno\"],\"articleSection\":[\"Arte, Cultura, Spettacoli, Scienza\",\"Meteo, natura, ambiente, animali\",\"Pausa Caff\u00e8\"],\"inLanguage\":\"fr-FR\"},{\"@type\":\"WebPage\",\"@id\":\"https:\\\/\\\/www.bellunopress.it\\\/2009\\\/09\\\/08\\\/emozioni-ad-alta-quota-a-cirvoi-con-lassociazione-dei-cortivi\\\/\",\"url\":\"https:\\\/\\\/www.bellunopress.it\\\/2009\\\/09\\\/08\\\/emozioni-ad-alta-quota-a-cirvoi-con-lassociazione-dei-cortivi\\\/\",\"name\":\"\\\"Emozioni ad alta quota\\\" a Cirvoi con l'associazione dei Cortivi - Bellunopress - Dolomiti\",\"isPartOf\":{\"@id\":\"https:\\\/\\\/www.bellunopress.it\\\/#website\"},\"primaryImageOfPage\":{\"@id\":\"https:\\\/\\\/www.bellunopress.it\\\/2009\\\/09\\\/08\\\/emozioni-ad-alta-quota-a-cirvoi-con-lassociazione-dei-cortivi\\\/#primaryimage\"},\"image\":{\"@id\":\"https:\\\/\\\/www.bellunopress.it\\\/2009\\\/09\\\/08\\\/emozioni-ad-alta-quota-a-cirvoi-con-lassociazione-dei-cortivi\\\/#primaryimage\"},\"thumbnailUrl\":\"http:\\\/\\\/www.bellunopress.it\\\/wp-content\\\/uploads\\\/2009\\\/09\\\/alpamayo-leggera.jpg\",\"datePublished\":\"2009-09-08T11:26:22+00:00\",\"breadcrumb\":{\"@id\":\"https:\\\/\\\/www.bellunopress.it\\\/2009\\\/09\\\/08\\\/emozioni-ad-alta-quota-a-cirvoi-con-lassociazione-dei-cortivi\\\/#breadcrumb\"},\"inLanguage\":\"fr-FR\",\"potentialAction\":[{\"@type\":\"ReadAction\",\"target\":[\"https:\\\/\\\/www.bellunopress.it\\\/2009\\\/09\\\/08\\\/emozioni-ad-alta-quota-a-cirvoi-con-lassociazione-dei-cortivi\\\/\"]}]},{\"@type\":\"ImageObject\",\"inLanguage\":\"fr-FR\",\"@id\":\"https:\\\/\\\/www.bellunopress.it\\\/2009\\\/09\\\/08\\\/emozioni-ad-alta-quota-a-cirvoi-con-lassociazione-dei-cortivi\\\/#primaryimage\",\"url\":\"http:\\\/\\\/www.bellunopress.it\\\/wp-content\\\/uploads\\\/2009\\\/09\\\/alpamayo-leggera.jpg\",\"contentUrl\":\"http:\\\/\\\/www.bellunopress.it\\\/wp-content\\\/uploads\\\/2009\\\/09\\\/alpamayo-leggera.jpg\"},{\"@type\":\"BreadcrumbList\",\"@id\":\"https:\\\/\\\/www.bellunopress.it\\\/2009\\\/09\\\/08\\\/emozioni-ad-alta-quota-a-cirvoi-con-lassociazione-dei-cortivi\\\/#breadcrumb\",\"itemListElement\":[{\"@type\":\"ListItem\",\"position\":1,\"name\":\"Home\",\"item\":\"https:\\\/\\\/www.bellunopress.it\\\/\"},{\"@type\":\"ListItem\",\"position\":2,\"name\":\"&#8220;Emozioni ad alta quota&#8221; a Cirvoi con l&#8217;associazione dei Cortivi\"}]},{\"@type\":\"WebSite\",\"@id\":\"https:\\\/\\\/www.bellunopress.it\\\/#website\",\"url\":\"https:\\\/\\\/www.bellunopress.it\\\/\",\"name\":\"Bellunopress - Dolomiti\",\"description\":\"e-mail: redazione@bellunopress.it\",\"publisher\":{\"@id\":\"https:\\\/\\\/www.bellunopress.it\\\/#organization\"},\"potentialAction\":[{\"@type\":\"SearchAction\",\"target\":{\"@type\":\"EntryPoint\",\"urlTemplate\":\"https:\\\/\\\/www.bellunopress.it\\\/?s={search_term_string}\"},\"query-input\":{\"@type\":\"PropertyValueSpecification\",\"valueRequired\":true,\"valueName\":\"search_term_string\"}}],\"inLanguage\":\"fr-FR\"},{\"@type\":\"Organization\",\"@id\":\"https:\\\/\\\/www.bellunopress.it\\\/#organization\",\"name\":\"Bellunopress\",\"url\":\"https:\\\/\\\/www.bellunopress.it\\\/\",\"logo\":{\"@type\":\"ImageObject\",\"inLanguage\":\"fr-FR\",\"@id\":\"https:\\\/\\\/www.bellunopress.it\\\/#\\\/schema\\\/logo\\\/image\\\/\",\"url\":\"https:\\\/\\\/www.bellunopress.it\\\/wp-content\\\/uploads\\\/2011\\\/05\\\/cropped-logo-bellunopress-.jpg\",\"contentUrl\":\"https:\\\/\\\/www.bellunopress.it\\\/wp-content\\\/uploads\\\/2011\\\/05\\\/cropped-logo-bellunopress-.jpg\",\"width\":512,\"height\":512,\"caption\":\"Bellunopress\"},\"image\":{\"@id\":\"https:\\\/\\\/www.bellunopress.it\\\/#\\\/schema\\\/logo\\\/image\\\/\"},\"sameAs\":[\"https:\\\/\\\/www.facebook.com\\\/profile.php?id=100008943462799\",\"https:\\\/\\\/x.com\\\/bellunopress\",\"https:\\\/\\\/www.linkedin.com\\\/hp\\\/?dnr=JBzUWaJfMUw8vbXJJ2tVW5-I3jZKvC4wsoxE&amp;amp;amp;amp;amp;amp;trk=nav_responsive_tab_home\",\"https:\\\/\\\/www.youtube.com\\\/channel\\\/UCxL0wu1uN0_3_7hGG0306cw\"]},{\"@type\":\"Person\",\"@id\":\"https:\\\/\\\/www.bellunopress.it\\\/#\\\/schema\\\/person\\\/79bb06722b37ece1c03d3e94beb30d73\",\"name\":\"redazione\",\"image\":{\"@type\":\"ImageObject\",\"inLanguage\":\"fr-FR\",\"@id\":\"https:\\\/\\\/secure.gravatar.com\\\/avatar\\\/37d968a2e67a6fd04c169c4bdef102d0bc5d31b2546345219e348575eb80e9a0?s=96&d=mm&r=g\",\"url\":\"https:\\\/\\\/secure.gravatar.com\\\/avatar\\\/37d968a2e67a6fd04c169c4bdef102d0bc5d31b2546345219e348575eb80e9a0?s=96&d=mm&r=g\",\"contentUrl\":\"https:\\\/\\\/secure.gravatar.com\\\/avatar\\\/37d968a2e67a6fd04c169c4bdef102d0bc5d31b2546345219e348575eb80e9a0?s=96&d=mm&r=g\",\"caption\":\"redazione\"},\"sameAs\":[\"http:\\\/\\\/www.bellunopress.it\",\"https:\\\/\\\/x.com\\\/bellunopress\"],\"url\":\"https:\\\/\\\/www.bellunopress.it\\\/fr\\\/author\\\/redazione\\\/\"}]}<\/script>\n<!-- \/ Yoast SEO plugin. -->","yoast_head_json":{"title":"\"Emozioni ad alta quota\" a Cirvoi con l'associazione dei Cortivi - Bellunopress - Dolomiti","robots":{"index":"index","follow":"follow","max-snippet":"max-snippet:-1","max-image-preview":"max-image-preview:large","max-video-preview":"max-video-preview:-1"},"canonical":"https:\/\/www.bellunopress.it\/fr\/2009\/09\/08\/emozioni-ad-alta-quota-a-cirvoi-con-lassociazione-dei-cortivi\/","og_locale":"fr_FR","og_type":"article","og_title":"\"Emozioni ad alta quota\" a Cirvoi con l'associazione dei Cortivi - Bellunopress - Dolomiti","og_description":"L\u2019associazione \u201c I cortivi di Cirvoi\u201d, in collaborazione con la Cooperativa di Cirvoi, presenta \u201cEmozioni ad alta quota\u201d- film, documentari, esperienze di viaggio \u2013(quando la montagna diventa conoscenza). Primo appuntamento stasera (mercoled\u00ec 9 settembre) alle 20.30 presso Sala della Cooperativa di Cirvoi con\u201c Il vento fa il suo giro\u201d\u00a0 regia di Giorgio Diritti. Quindi mercoled\u00ec [&hellip;]","og_url":"https:\/\/www.bellunopress.it\/fr\/2009\/09\/08\/emozioni-ad-alta-quota-a-cirvoi-con-lassociazione-dei-cortivi\/","og_site_name":"Bellunopress - Dolomiti","article_publisher":"https:\/\/www.facebook.com\/profile.php?id=100008943462799","article_published_time":"2009-09-08T11:26:22+00:00","og_image":[{"url":"http:\/\/www.bellunopress.it\/wp-content\/uploads\/2009\/09\/alpamayo-leggera.jpg","type":"","width":"","height":""}],"author":"redazione","twitter_card":"summary_large_image","twitter_creator":"@bellunopress","twitter_site":"@bellunopress","twitter_misc":{"\u00c9crit par":"redazione","Dur\u00e9e de lecture estim\u00e9e":"1 minute"},"schema":{"@context":"https:\/\/schema.org","@graph":[{"@type":"Article","@id":"https:\/\/www.bellunopress.it\/2009\/09\/08\/emozioni-ad-alta-quota-a-cirvoi-con-lassociazione-dei-cortivi\/#article","isPartOf":{"@id":"https:\/\/www.bellunopress.it\/2009\/09\/08\/emozioni-ad-alta-quota-a-cirvoi-con-lassociazione-dei-cortivi\/"},"author":{"name":"redazione","@id":"https:\/\/www.bellunopress.it\/#\/schema\/person\/79bb06722b37ece1c03d3e94beb30d73"},"headline":"&#8220;Emozioni ad alta quota&#8221; a Cirvoi con l&#8217;associazione dei Cortivi","datePublished":"2009-09-08T11:26:22+00:00","mainEntityOfPage":{"@id":"https:\/\/www.bellunopress.it\/2009\/09\/08\/emozioni-ad-alta-quota-a-cirvoi-con-lassociazione-dei-cortivi\/"},"wordCount":111,"publisher":{"@id":"https:\/\/www.bellunopress.it\/#organization"},"image":{"@id":"https:\/\/www.bellunopress.it\/2009\/09\/08\/emozioni-ad-alta-quota-a-cirvoi-con-lassociazione-dei-cortivi\/#primaryimage"},"thumbnailUrl":"http:\/\/www.bellunopress.it\/wp-content\/uploads\/2009\/09\/alpamayo-leggera.jpg","keywords":["Belluno"],"articleSection":["Arte, Cultura, Spettacoli, Scienza","Meteo, natura, ambiente, animali","Pausa Caff\u00e8"],"inLanguage":"fr-FR"},{"@type":"WebPage","@id":"https:\/\/www.bellunopress.it\/2009\/09\/08\/emozioni-ad-alta-quota-a-cirvoi-con-lassociazione-dei-cortivi\/","url":"https:\/\/www.bellunopress.it\/2009\/09\/08\/emozioni-ad-alta-quota-a-cirvoi-con-lassociazione-dei-cortivi\/","name":"\"Emozioni ad alta quota\" a Cirvoi con l'associazione dei Cortivi - Bellunopress - Dolomiti","isPartOf":{"@id":"https:\/\/www.bellunopress.it\/#website"},"primaryImageOfPage":{"@id":"https:\/\/www.bellunopress.it\/2009\/09\/08\/emozioni-ad-alta-quota-a-cirvoi-con-lassociazione-dei-cortivi\/#primaryimage"},"image":{"@id":"https:\/\/www.bellunopress.it\/2009\/09\/08\/emozioni-ad-alta-quota-a-cirvoi-con-lassociazione-dei-cortivi\/#primaryimage"},"thumbnailUrl":"http:\/\/www.bellunopress.it\/wp-content\/uploads\/2009\/09\/alpamayo-leggera.jpg","datePublished":"2009-09-08T11:26:22+00:00","breadcrumb":{"@id":"https:\/\/www.bellunopress.it\/2009\/09\/08\/emozioni-ad-alta-quota-a-cirvoi-con-lassociazione-dei-cortivi\/#breadcrumb"},"inLanguage":"fr-FR","potentialAction":[{"@type":"ReadAction","target":["https:\/\/www.bellunopress.it\/2009\/09\/08\/emozioni-ad-alta-quota-a-cirvoi-con-lassociazione-dei-cortivi\/"]}]},{"@type":"ImageObject","inLanguage":"fr-FR","@id":"https:\/\/www.bellunopress.it\/2009\/09\/08\/emozioni-ad-alta-quota-a-cirvoi-con-lassociazione-dei-cortivi\/#primaryimage","url":"http:\/\/www.bellunopress.it\/wp-content\/uploads\/2009\/09\/alpamayo-leggera.jpg","contentUrl":"http:\/\/www.bellunopress.it\/wp-content\/uploads\/2009\/09\/alpamayo-leggera.jpg"},{"@type":"BreadcrumbList","@id":"https:\/\/www.bellunopress.it\/2009\/09\/08\/emozioni-ad-alta-quota-a-cirvoi-con-lassociazione-dei-cortivi\/#breadcrumb","itemListElement":[{"@type":"ListItem","position":1,"name":"Home","item":"https:\/\/www.bellunopress.it\/"},{"@type":"ListItem","position":2,"name":"&#8220;Emozioni ad alta quota&#8221; a Cirvoi con l&#8217;associazione dei Cortivi"}]},{"@type":"WebSite","@id":"https:\/\/www.bellunopress.it\/#website","url":"https:\/\/www.bellunopress.it\/","name":"Bellunopress - Dolomiti","description":"e-mail: redazione@bellunopress.it","publisher":{"@id":"https:\/\/www.bellunopress.it\/#organization"},"potentialAction":[{"@type":"SearchAction","target":{"@type":"EntryPoint","urlTemplate":"https:\/\/www.bellunopress.it\/?s={search_term_string}"},"query-input":{"@type":"PropertyValueSpecification","valueRequired":true,"valueName":"search_term_string"}}],"inLanguage":"fr-FR"},{"@type":"Organization","@id":"https:\/\/www.bellunopress.it\/#organization","name":"Bellunopress","url":"https:\/\/www.bellunopress.it\/","logo":{"@type":"ImageObject","inLanguage":"fr-FR","@id":"https:\/\/www.bellunopress.it\/#\/schema\/logo\/image\/","url":"https:\/\/www.bellunopress.it\/wp-content\/uploads\/2011\/05\/cropped-logo-bellunopress-.jpg","contentUrl":"https:\/\/www.bellunopress.it\/wp-content\/uploads\/2011\/05\/cropped-logo-bellunopress-.jpg","width":512,"height":512,"caption":"Bellunopress"},"image":{"@id":"https:\/\/www.bellunopress.it\/#\/schema\/logo\/image\/"},"sameAs":["https:\/\/www.facebook.com\/profile.php?id=100008943462799","https:\/\/x.com\/bellunopress","https:\/\/www.linkedin.com\/hp\/?dnr=JBzUWaJfMUw8vbXJJ2tVW5-I3jZKvC4wsoxE&amp;amp;amp;amp;amp;amp;trk=nav_responsive_tab_home","https:\/\/www.youtube.com\/channel\/UCxL0wu1uN0_3_7hGG0306cw"]},{"@type":"Person","@id":"https:\/\/www.bellunopress.it\/#\/schema\/person\/79bb06722b37ece1c03d3e94beb30d73","name":"r\u00e9daction","image":{"@type":"ImageObject","inLanguage":"fr-FR","@id":"https:\/\/secure.gravatar.com\/avatar\/37d968a2e67a6fd04c169c4bdef102d0bc5d31b2546345219e348575eb80e9a0?s=96&d=mm&r=g","url":"https:\/\/secure.gravatar.com\/avatar\/37d968a2e67a6fd04c169c4bdef102d0bc5d31b2546345219e348575eb80e9a0?s=96&d=mm&r=g","contentUrl":"https:\/\/secure.gravatar.com\/avatar\/37d968a2e67a6fd04c169c4bdef102d0bc5d31b2546345219e348575eb80e9a0?s=96&d=mm&r=g","caption":"redazione"},"sameAs":["http:\/\/www.bellunopress.it","https:\/\/x.com\/bellunopress"],"url":"https:\/\/www.bellunopress.it\/fr\/author\/redazione\/"}]}},"_links":{"self":[{"href":"https:\/\/www.bellunopress.it\/fr\/wp-json\/wp\/v2\/posts\/7854","targetHints":{"allow":["GET"]}}],"collection":[{"href":"https:\/\/www.bellunopress.it\/fr\/wp-json\/wp\/v2\/posts"}],"about":[{"href":"https:\/\/www.bellunopress.it\/fr\/wp-json\/wp\/v2\/types\/post"}],"author":[{"embeddable":true,"href":"https:\/\/www.bellunopress.it\/fr\/wp-json\/wp\/v2\/users\/2"}],"replies":[{"embeddable":true,"href":"https:\/\/www.bellunopress.it\/fr\/wp-json\/wp\/v2\/comments?post=7854"}],"version-history":[{"count":1,"href":"https:\/\/www.bellunopress.it\/fr\/wp-json\/wp\/v2\/posts\/7854\/revisions"}],"predecessor-version":[{"id":7856,"href":"https:\/\/www.bellunopress.it\/fr\/wp-json\/wp\/v2\/posts\/7854\/revisions\/7856"}],"wp:attachment":[{"href":"https:\/\/www.bellunopress.it\/fr\/wp-json\/wp\/v2\/media?parent=7854"}],"wp:term":[{"taxonomy":"category","embeddable":true,"href":"https:\/\/www.bellunopress.it\/fr\/wp-json\/wp\/v2\/categories?post=7854"},{"taxonomy":"post_tag","embeddable":true,"href":"https:\/\/www.bellunopress.it\/fr\/wp-json\/wp\/v2\/tags?post=7854"}],"curies":[{"name":"wp","href":"https:\/\/api.w.org\/{rel}","templated":true}]}}