{"id":7845,"date":"2009-09-08T08:52:29","date_gmt":"2009-09-08T07:52:29","guid":{"rendered":"http:\/\/www.bellunopress.it\/?p=7845"},"modified":"2009-09-08T08:52:29","modified_gmt":"2009-09-08T07:52:29","slug":"invito-a-tutti-i-nostri-rappresentanti-istituzionali","status":"publish","type":"post","link":"https:\/\/www.bellunopress.it\/fr\/2009\/09\/08\/invito-a-tutti-i-nostri-rappresentanti-istituzionali\/","title":{"rendered":"Invito a tutti i nostri rappresentanti istituzionali"},"content":{"rendered":"<p>Da rappresentante di un Movimento\u00a0 tanto\u00a0 indipendentista quanto\u00a0 autonomista (PAB),\u00a0 propugnatore della Autonomia delle sette Province in uno Stato Veneto libero ed indipendente, seppur\u00a0 contrario\u00a0 ad una eventuale ipotesi di futuro centralismo veneziano, non posso\u00a0 non deprecare la paventata iniziativa di modifica toponomastica riguardante Piazza Venezia in Roma.<br \/>\nPer le celebrazioni del 150\u00b0anniversario della Costituzione del Regno d\u2019Italia (nato sui finti esiti di un plebiscito-truffa), Governo ed Istituzioni varie (tutte di centrodestra\/Lega) hanno deciso di sostituire il nome della famosa Piazza\u00a0 Venezia (cos\u00ec conosciuta in tutto il Mondo) con \u201cPiazza dell\u2019Unit\u00e0 di Italia\u201d.<br \/>\nLa cancellazione del ricordo storico di ci\u00f2 che rappresent\u00f2 nel passato la Repubblica di Venezia ,deve essere fermata dai rappresentanti\u00a0 istituzionali delle genti Venete, a qualsiasi livello inseriti.<br \/>\nIl PAB si appella a Parlamentari, consiglieri ed assessore Regionali, Presidente della provincia, Sindaci ed amministratori vari, soprattutto appartenenti alla compagine di Governo,\u00a0 affinch\u00e8 a Roma non venga perpetrato\u00a0 l\u2019 insulto storico ed antivenetista di negare\u00a0 Venezia e glorificare una annessione illegale delle nostre terre ad uno Stato sempre pi\u00f9 lontano e pi\u00f9 nemico della nostra gente.<br \/>\nQualora tale richiesta non trovasse accoglimento e l\u2019operazione di \u201csterilizzazione\u201d venisse compiuta, ci attiveremo affinch\u00e8 le varie piazze intestate ai vari Re(ucci) Savoia, ai traditori Garibaldi e Cavour,\u00a0 o semplicemente le innumerevoli quanto servili \u201cvia Roma\u201d cambino il proprio nome con qualcosa di pi\u00f9 attinente alla nostra realt\u00e0 (a Belluno ed in Veneto abbiamo tante immense personalit\u00e0 dell\u2019arte, dell\u2019economia, della cultura, ma grandi ed eroiche figure della storia, che possono ben essere pi\u00f9 e meglio presenti nella nostra toponomastica, insieme a figure-simbolo straniere come ad es. J.Haider\u00a0 ).<br \/>\nPaolo Bampo<br \/>\nPAB (Provincia\u00a0 Autonoma Belluno)<\/p>","protected":false},"excerpt":{"rendered":"<p>Da rappresentante di un Movimento\u00a0 tanto\u00a0 indipendentista quanto\u00a0 autonomista (PAB),\u00a0 propugnatore della Autonomia delle sette Province in uno Stato Veneto libero ed indipendente, seppur\u00a0 contrario\u00a0 ad una eventuale ipotesi di futuro centralismo veneziano, non posso\u00a0 non deprecare la paventata iniziativa di modifica toponomastica riguardante Piazza Venezia in Roma. Per le celebrazioni del 150\u00b0anniversario della Costituzione [&hellip;]<\/p>\n","protected":false},"author":2,"featured_media":0,"comment_status":"closed","ping_status":"open","sticky":false,"template":"","format":"standard","meta":{"footnotes":""},"categories":[1],"tags":[139],"class_list":["post-7845","post","type-post","status-publish","format-standard","category-leo","tag-belluno"],"yoast_head":"<!-- This site is optimized with the Yoast SEO plugin v28.4 - https:\/\/yoast.com\/product\/yoast-seo-wordpress\/ -->\n<title>Invito a tutti i nostri rappresentanti istituzionali - Bellunopress - Dolomiti<\/title>\n<meta name=\"robots\" content=\"index, follow, max-snippet:-1, max-image-preview:large, max-video-preview:-1\" \/>\n<link rel=\"canonical\" href=\"https:\/\/www.bellunopress.it\/fr\/2009\/09\/08\/invito-a-tutti-i-nostri-rappresentanti-istituzionali\/\" \/>\n<meta property=\"og:locale\" content=\"fr_FR\" \/>\n<meta property=\"og:type\" content=\"article\" \/>\n<meta property=\"og:title\" content=\"Invito a tutti i nostri rappresentanti istituzionali - Bellunopress - Dolomiti\" \/>\n<meta property=\"og:description\" content=\"Da rappresentante di un Movimento\u00a0 tanto\u00a0 indipendentista quanto\u00a0 autonomista (PAB),\u00a0 propugnatore della Autonomia delle sette Province in uno Stato Veneto libero ed indipendente, seppur\u00a0 contrario\u00a0 ad una eventuale ipotesi di futuro centralismo veneziano, non posso\u00a0 non deprecare la paventata iniziativa di modifica toponomastica riguardante Piazza Venezia in Roma. Per le celebrazioni del 150\u00b0anniversario della Costituzione [&hellip;]\" \/>\n<meta property=\"og:url\" content=\"https:\/\/www.bellunopress.it\/fr\/2009\/09\/08\/invito-a-tutti-i-nostri-rappresentanti-istituzionali\/\" \/>\n<meta property=\"og:site_name\" content=\"Bellunopress - Dolomiti\" \/>\n<meta property=\"article:publisher\" content=\"https:\/\/www.facebook.com\/profile.php?id=100008943462799\" \/>\n<meta property=\"article:published_time\" content=\"2009-09-08T07:52:29+00:00\" \/>\n<meta property=\"og:image\" content=\"http:\/\/www.bellunopress.it\/wp-content\/uploads\/2012\/07\/logo-bellunopress-250x250-2012.jpg\" \/>\n<meta name=\"author\" content=\"redazione\" \/>\n<meta name=\"twitter:card\" content=\"summary_large_image\" \/>\n<meta name=\"twitter:creator\" content=\"@bellunopress\" \/>\n<meta name=\"twitter:site\" content=\"@bellunopress\" \/>\n<meta name=\"twitter:label1\" content=\"\u00c9crit par\" \/>\n\t<meta name=\"twitter:data1\" content=\"redazione\" \/>\n\t<meta name=\"twitter:label2\" content=\"Dur\u00e9e de lecture estim\u00e9e\" \/>\n\t<meta name=\"twitter:data2\" content=\"1 minute\" \/>\n<script type=\"application\/ld+json\" class=\"yoast-schema-graph\">{\"@context\":\"https:\\\/\\\/schema.org\",\"@graph\":[{\"@type\":\"Article\",\"@id\":\"https:\\\/\\\/www.bellunopress.it\\\/2009\\\/09\\\/08\\\/invito-a-tutti-i-nostri-rappresentanti-istituzionali\\\/#article\",\"isPartOf\":{\"@id\":\"https:\\\/\\\/www.bellunopress.it\\\/2009\\\/09\\\/08\\\/invito-a-tutti-i-nostri-rappresentanti-istituzionali\\\/\"},\"author\":{\"name\":\"redazione\",\"@id\":\"https:\\\/\\\/www.bellunopress.it\\\/#\\\/schema\\\/person\\\/79bb06722b37ece1c03d3e94beb30d73\"},\"headline\":\"Invito a tutti i nostri rappresentanti istituzionali\",\"datePublished\":\"2009-09-08T07:52:29+00:00\",\"mainEntityOfPage\":{\"@id\":\"https:\\\/\\\/www.bellunopress.it\\\/2009\\\/09\\\/08\\\/invito-a-tutti-i-nostri-rappresentanti-istituzionali\\\/\"},\"wordCount\":286,\"publisher\":{\"@id\":\"https:\\\/\\\/www.bellunopress.it\\\/#organization\"},\"keywords\":[\"Belluno\"],\"articleSection\":[\"Lettere Opinioni\"],\"inLanguage\":\"fr-FR\"},{\"@type\":\"WebPage\",\"@id\":\"https:\\\/\\\/www.bellunopress.it\\\/2009\\\/09\\\/08\\\/invito-a-tutti-i-nostri-rappresentanti-istituzionali\\\/\",\"url\":\"https:\\\/\\\/www.bellunopress.it\\\/2009\\\/09\\\/08\\\/invito-a-tutti-i-nostri-rappresentanti-istituzionali\\\/\",\"name\":\"Invito a tutti i nostri rappresentanti istituzionali - Bellunopress - Dolomiti\",\"isPartOf\":{\"@id\":\"https:\\\/\\\/www.bellunopress.it\\\/#website\"},\"datePublished\":\"2009-09-08T07:52:29+00:00\",\"breadcrumb\":{\"@id\":\"https:\\\/\\\/www.bellunopress.it\\\/2009\\\/09\\\/08\\\/invito-a-tutti-i-nostri-rappresentanti-istituzionali\\\/#breadcrumb\"},\"inLanguage\":\"fr-FR\",\"potentialAction\":[{\"@type\":\"ReadAction\",\"target\":[\"https:\\\/\\\/www.bellunopress.it\\\/2009\\\/09\\\/08\\\/invito-a-tutti-i-nostri-rappresentanti-istituzionali\\\/\"]}]},{\"@type\":\"BreadcrumbList\",\"@id\":\"https:\\\/\\\/www.bellunopress.it\\\/2009\\\/09\\\/08\\\/invito-a-tutti-i-nostri-rappresentanti-istituzionali\\\/#breadcrumb\",\"itemListElement\":[{\"@type\":\"ListItem\",\"position\":1,\"name\":\"Home\",\"item\":\"https:\\\/\\\/www.bellunopress.it\\\/\"},{\"@type\":\"ListItem\",\"position\":2,\"name\":\"Invito a tutti i nostri rappresentanti istituzionali\"}]},{\"@type\":\"WebSite\",\"@id\":\"https:\\\/\\\/www.bellunopress.it\\\/#website\",\"url\":\"https:\\\/\\\/www.bellunopress.it\\\/\",\"name\":\"Bellunopress - Dolomiti\",\"description\":\"e-mail: redazione@bellunopress.it\",\"publisher\":{\"@id\":\"https:\\\/\\\/www.bellunopress.it\\\/#organization\"},\"potentialAction\":[{\"@type\":\"SearchAction\",\"target\":{\"@type\":\"EntryPoint\",\"urlTemplate\":\"https:\\\/\\\/www.bellunopress.it\\\/?s={search_term_string}\"},\"query-input\":{\"@type\":\"PropertyValueSpecification\",\"valueRequired\":true,\"valueName\":\"search_term_string\"}}],\"inLanguage\":\"fr-FR\"},{\"@type\":\"Organization\",\"@id\":\"https:\\\/\\\/www.bellunopress.it\\\/#organization\",\"name\":\"Bellunopress\",\"url\":\"https:\\\/\\\/www.bellunopress.it\\\/\",\"logo\":{\"@type\":\"ImageObject\",\"inLanguage\":\"fr-FR\",\"@id\":\"https:\\\/\\\/www.bellunopress.it\\\/#\\\/schema\\\/logo\\\/image\\\/\",\"url\":\"https:\\\/\\\/www.bellunopress.it\\\/wp-content\\\/uploads\\\/2011\\\/05\\\/cropped-logo-bellunopress-.jpg\",\"contentUrl\":\"https:\\\/\\\/www.bellunopress.it\\\/wp-content\\\/uploads\\\/2011\\\/05\\\/cropped-logo-bellunopress-.jpg\",\"width\":512,\"height\":512,\"caption\":\"Bellunopress\"},\"image\":{\"@id\":\"https:\\\/\\\/www.bellunopress.it\\\/#\\\/schema\\\/logo\\\/image\\\/\"},\"sameAs\":[\"https:\\\/\\\/www.facebook.com\\\/profile.php?id=100008943462799\",\"https:\\\/\\\/x.com\\\/bellunopress\",\"https:\\\/\\\/www.linkedin.com\\\/hp\\\/?dnr=JBzUWaJfMUw8vbXJJ2tVW5-I3jZKvC4wsoxE&amp;amp;amp;amp;amp;amp;trk=nav_responsive_tab_home\",\"https:\\\/\\\/www.youtube.com\\\/channel\\\/UCxL0wu1uN0_3_7hGG0306cw\"]},{\"@type\":\"Person\",\"@id\":\"https:\\\/\\\/www.bellunopress.it\\\/#\\\/schema\\\/person\\\/79bb06722b37ece1c03d3e94beb30d73\",\"name\":\"redazione\",\"image\":{\"@type\":\"ImageObject\",\"inLanguage\":\"fr-FR\",\"@id\":\"https:\\\/\\\/secure.gravatar.com\\\/avatar\\\/37d968a2e67a6fd04c169c4bdef102d0bc5d31b2546345219e348575eb80e9a0?s=96&d=mm&r=g\",\"url\":\"https:\\\/\\\/secure.gravatar.com\\\/avatar\\\/37d968a2e67a6fd04c169c4bdef102d0bc5d31b2546345219e348575eb80e9a0?s=96&d=mm&r=g\",\"contentUrl\":\"https:\\\/\\\/secure.gravatar.com\\\/avatar\\\/37d968a2e67a6fd04c169c4bdef102d0bc5d31b2546345219e348575eb80e9a0?s=96&d=mm&r=g\",\"caption\":\"redazione\"},\"sameAs\":[\"http:\\\/\\\/www.bellunopress.it\",\"https:\\\/\\\/x.com\\\/bellunopress\"],\"url\":\"https:\\\/\\\/www.bellunopress.it\\\/fr\\\/author\\\/redazione\\\/\"}]}<\/script>\n<!-- \/ Yoast SEO plugin. -->","yoast_head_json":{"title":"Invito a tutti i nostri rappresentanti istituzionali - Bellunopress - Dolomiti","robots":{"index":"index","follow":"follow","max-snippet":"max-snippet:-1","max-image-preview":"max-image-preview:large","max-video-preview":"max-video-preview:-1"},"canonical":"https:\/\/www.bellunopress.it\/fr\/2009\/09\/08\/invito-a-tutti-i-nostri-rappresentanti-istituzionali\/","og_locale":"fr_FR","og_type":"article","og_title":"Invito a tutti i nostri rappresentanti istituzionali - Bellunopress - Dolomiti","og_description":"Da rappresentante di un Movimento\u00a0 tanto\u00a0 indipendentista quanto\u00a0 autonomista (PAB),\u00a0 propugnatore della Autonomia delle sette Province in uno Stato Veneto libero ed indipendente, seppur\u00a0 contrario\u00a0 ad una eventuale ipotesi di futuro centralismo veneziano, non posso\u00a0 non deprecare la paventata iniziativa di modifica toponomastica riguardante Piazza Venezia in Roma. Per le celebrazioni del 150\u00b0anniversario della Costituzione [&hellip;]","og_url":"https:\/\/www.bellunopress.it\/fr\/2009\/09\/08\/invito-a-tutti-i-nostri-rappresentanti-istituzionali\/","og_site_name":"Bellunopress - Dolomiti","article_publisher":"https:\/\/www.facebook.com\/profile.php?id=100008943462799","article_published_time":"2009-09-08T07:52:29+00:00","og_image":[{"url":"http:\/\/www.bellunopress.it\/wp-content\/uploads\/2012\/07\/logo-bellunopress-250x250-2012.jpg","type":"","width":"","height":""}],"author":"redazione","twitter_card":"summary_large_image","twitter_creator":"@bellunopress","twitter_site":"@bellunopress","twitter_misc":{"\u00c9crit par":"redazione","Dur\u00e9e de lecture estim\u00e9e":"1 minute"},"schema":{"@context":"https:\/\/schema.org","@graph":[{"@type":"Article","@id":"https:\/\/www.bellunopress.it\/2009\/09\/08\/invito-a-tutti-i-nostri-rappresentanti-istituzionali\/#article","isPartOf":{"@id":"https:\/\/www.bellunopress.it\/2009\/09\/08\/invito-a-tutti-i-nostri-rappresentanti-istituzionali\/"},"author":{"name":"redazione","@id":"https:\/\/www.bellunopress.it\/#\/schema\/person\/79bb06722b37ece1c03d3e94beb30d73"},"headline":"Invito a tutti i nostri rappresentanti istituzionali","datePublished":"2009-09-08T07:52:29+00:00","mainEntityOfPage":{"@id":"https:\/\/www.bellunopress.it\/2009\/09\/08\/invito-a-tutti-i-nostri-rappresentanti-istituzionali\/"},"wordCount":286,"publisher":{"@id":"https:\/\/www.bellunopress.it\/#organization"},"keywords":["Belluno"],"articleSection":["Lettere Opinioni"],"inLanguage":"fr-FR"},{"@type":"WebPage","@id":"https:\/\/www.bellunopress.it\/2009\/09\/08\/invito-a-tutti-i-nostri-rappresentanti-istituzionali\/","url":"https:\/\/www.bellunopress.it\/2009\/09\/08\/invito-a-tutti-i-nostri-rappresentanti-istituzionali\/","name":"Invito a tutti i nostri rappresentanti istituzionali - Bellunopress - Dolomiti","isPartOf":{"@id":"https:\/\/www.bellunopress.it\/#website"},"datePublished":"2009-09-08T07:52:29+00:00","breadcrumb":{"@id":"https:\/\/www.bellunopress.it\/2009\/09\/08\/invito-a-tutti-i-nostri-rappresentanti-istituzionali\/#breadcrumb"},"inLanguage":"fr-FR","potentialAction":[{"@type":"ReadAction","target":["https:\/\/www.bellunopress.it\/2009\/09\/08\/invito-a-tutti-i-nostri-rappresentanti-istituzionali\/"]}]},{"@type":"BreadcrumbList","@id":"https:\/\/www.bellunopress.it\/2009\/09\/08\/invito-a-tutti-i-nostri-rappresentanti-istituzionali\/#breadcrumb","itemListElement":[{"@type":"ListItem","position":1,"name":"Home","item":"https:\/\/www.bellunopress.it\/"},{"@type":"ListItem","position":2,"name":"Invito a tutti i nostri rappresentanti istituzionali"}]},{"@type":"WebSite","@id":"https:\/\/www.bellunopress.it\/#website","url":"https:\/\/www.bellunopress.it\/","name":"Bellunopress - Dolomiti","description":"e-mail: redazione@bellunopress.it","publisher":{"@id":"https:\/\/www.bellunopress.it\/#organization"},"potentialAction":[{"@type":"SearchAction","target":{"@type":"EntryPoint","urlTemplate":"https:\/\/www.bellunopress.it\/?s={search_term_string}"},"query-input":{"@type":"PropertyValueSpecification","valueRequired":true,"valueName":"search_term_string"}}],"inLanguage":"fr-FR"},{"@type":"Organization","@id":"https:\/\/www.bellunopress.it\/#organization","name":"Bellunopress","url":"https:\/\/www.bellunopress.it\/","logo":{"@type":"ImageObject","inLanguage":"fr-FR","@id":"https:\/\/www.bellunopress.it\/#\/schema\/logo\/image\/","url":"https:\/\/www.bellunopress.it\/wp-content\/uploads\/2011\/05\/cropped-logo-bellunopress-.jpg","contentUrl":"https:\/\/www.bellunopress.it\/wp-content\/uploads\/2011\/05\/cropped-logo-bellunopress-.jpg","width":512,"height":512,"caption":"Bellunopress"},"image":{"@id":"https:\/\/www.bellunopress.it\/#\/schema\/logo\/image\/"},"sameAs":["https:\/\/www.facebook.com\/profile.php?id=100008943462799","https:\/\/x.com\/bellunopress","https:\/\/www.linkedin.com\/hp\/?dnr=JBzUWaJfMUw8vbXJJ2tVW5-I3jZKvC4wsoxE&amp;amp;amp;amp;amp;amp;trk=nav_responsive_tab_home","https:\/\/www.youtube.com\/channel\/UCxL0wu1uN0_3_7hGG0306cw"]},{"@type":"Person","@id":"https:\/\/www.bellunopress.it\/#\/schema\/person\/79bb06722b37ece1c03d3e94beb30d73","name":"r\u00e9daction","image":{"@type":"ImageObject","inLanguage":"fr-FR","@id":"https:\/\/secure.gravatar.com\/avatar\/37d968a2e67a6fd04c169c4bdef102d0bc5d31b2546345219e348575eb80e9a0?s=96&d=mm&r=g","url":"https:\/\/secure.gravatar.com\/avatar\/37d968a2e67a6fd04c169c4bdef102d0bc5d31b2546345219e348575eb80e9a0?s=96&d=mm&r=g","contentUrl":"https:\/\/secure.gravatar.com\/avatar\/37d968a2e67a6fd04c169c4bdef102d0bc5d31b2546345219e348575eb80e9a0?s=96&d=mm&r=g","caption":"redazione"},"sameAs":["http:\/\/www.bellunopress.it","https:\/\/x.com\/bellunopress"],"url":"https:\/\/www.bellunopress.it\/fr\/author\/redazione\/"}]}},"_links":{"self":[{"href":"https:\/\/www.bellunopress.it\/fr\/wp-json\/wp\/v2\/posts\/7845","targetHints":{"allow":["GET"]}}],"collection":[{"href":"https:\/\/www.bellunopress.it\/fr\/wp-json\/wp\/v2\/posts"}],"about":[{"href":"https:\/\/www.bellunopress.it\/fr\/wp-json\/wp\/v2\/types\/post"}],"author":[{"embeddable":true,"href":"https:\/\/www.bellunopress.it\/fr\/wp-json\/wp\/v2\/users\/2"}],"replies":[{"embeddable":true,"href":"https:\/\/www.bellunopress.it\/fr\/wp-json\/wp\/v2\/comments?post=7845"}],"version-history":[{"count":1,"href":"https:\/\/www.bellunopress.it\/fr\/wp-json\/wp\/v2\/posts\/7845\/revisions"}],"predecessor-version":[{"id":7846,"href":"https:\/\/www.bellunopress.it\/fr\/wp-json\/wp\/v2\/posts\/7845\/revisions\/7846"}],"wp:attachment":[{"href":"https:\/\/www.bellunopress.it\/fr\/wp-json\/wp\/v2\/media?parent=7845"}],"wp:term":[{"taxonomy":"category","embeddable":true,"href":"https:\/\/www.bellunopress.it\/fr\/wp-json\/wp\/v2\/categories?post=7845"},{"taxonomy":"post_tag","embeddable":true,"href":"https:\/\/www.bellunopress.it\/fr\/wp-json\/wp\/v2\/tags?post=7845"}],"curies":[{"name":"wp","href":"https:\/\/api.w.org\/{rel}","templated":true}]}}