{"id":7841,"date":"2009-09-07T22:13:12","date_gmt":"2009-09-07T21:13:12","guid":{"rendered":"http:\/\/www.bellunopress.it\/?p=7841"},"modified":"2009-09-08T12:14:41","modified_gmt":"2009-09-08T11:14:41","slug":"lo-stress-nel-lavoro-quanto-costa-alle-persone-e-alle-aziende-come-gestirlo-efficacemente-le-nuove-normative-in-tema-di-sicurezza-primo-incontro-a-villa-gaia-il-12-settembre","status":"publish","type":"post","link":"https:\/\/www.bellunopress.it\/fr\/2009\/09\/07\/lo-stress-nel-lavoro-quanto-costa-alle-persone-e-alle-aziende-come-gestirlo-efficacemente-le-nuove-normative-in-tema-di-sicurezza-primo-incontro-a-villa-gaia-il-12-settembre\/","title":{"rendered":"Lo stress nel lavoro: quanto costa alle persone e alle aziende, come gestirlo efficacemente, le nuove normative in tema di sicurezza. Primo incontro a Villa Gaia il 12 settembre"},"content":{"rendered":"<p>Sotto l&#8217;egida dell&#8217;Ordine degli psicologi della Provincia di Bolzano e con il patrocinio del Comune di Valle di Cadore, si svolger\u00e0 il 12 settembre nell&#8217;elegante sede di Villa Gaia, a Venas di Cadore, il primo degli incontri dedicato allo stress ed i rischi psico-sociali che hanno origine nellambiente di lavoro (stress lavoro-correlato). Lo stress sta diventando un motivo di allarme sempre pi\u00f9 forte all&#8217;interno della societ\u00e0, tanto che lO.M.S. lo considera la seconda causa di malattia e la prima causa di assenteismo dal lavoro, ponendo l&#8217;attenzione sugli alti costi che comporta sia a livello individuale che sociale ma, e questo \u00e8 l&#8217;aspetto pi\u00f9 misconosciuto, nei bilanci aziendali. Nel 2004 ha emanato laccordo quadro che ha poi ispirato le normative nazionali in termini di sicurezza nell&#8217;ambiente di lavoro. In Italia, il nuovo Testo Unico sulla sicurezza in ambiente di lavoro prevede per le aziende particolare attenzione a questi fattori e nuove prescrizioni, ma queste possono essere lette in termini di opportunit\u00e0, tramite lesplorazione di conoscenze e nuovi modelli di gestione delle risorse umane. Pi\u00f9 che di normative, infatti, con gli esperti riuniti per questo primo incontro, psicologi dell&#8217;area lavoro, dell&#8217;area clinica, esperti nell&#8217;area legale, si parler\u00e0 dei vari aspetti che sono legati alle dimensioni individuali e organizzative dello stress. Non solo: lo stress far\u00e0 da filo d&#8217;Arianna per collegare argomenti che sembrano distanti fra loro, ma non lo sono neppure sul piano operativo, dalla comunicazione alla responsabilit\u00e0 sociale dell&#8217;azienda, come fattori di protezione dai rischi psico-sociali e di visione strategica del mercato. L&#8217;incontro, dedicato a tutti gli attori sociali che operano all&#8217;interno del mondo del lavoro, \u00e8 loccasione per fare chiarezza, in termini di opportunit\u00e0 e vincoli, sulle nuove prescrizioni, che hanno colto impreparate non solo le aziende ma anche le organizzazioni delle varie categorie; ma soprattutto \u00e8 l&#8217;occasione per parlare ad ampio raggio di tematiche fino ad ora piuttosto estranee al mondo delle P.M.I. ma che non possono pi\u00f9 essere ignorate alla luce della nuova normativa. Infine, sar\u00e0 l&#8217;occasione per parlare di nuovi modelli di intervento, finalizzati alle micro-imprese che compongono il nostro tessuto economico, spesso ignorate sia sul piano teorico che su quello operativo: un aspetto su cui si cercher\u00e0 di focalizzare l&#8217;attenzione, raccogliendo anche le osservazioni dei presenti, \u00e8 il ruolo dell&#8217;imprenditore nelle dinamiche relative ai fattori di rischio; in altre parole, l&#8217;imprenditore subisce il rischio stress alla pari degli altri lavoratori o ne \u00e8 estraneo? La risposta \u00e8 naturalmente scontata, non sembra essere considerata ne dalla normativa ne dai modelli teorici di riferimento.L&#8217;incontro avr\u00e0 inizio alle ore 17 con l&#8217;aperitivo di benvenuto e terminer\u00e0 alle ore 19.30 con un rinfresco offerti dall&#8217;Hotel Meubl\u00e9 Villa Gaia (informazioni e conferma partecipazione, anche SMS al n. 392 1111834). Oltre alla dimensione fisica, l&#8217;incontro avr\u00e0 anche un&#8217;appendice virtuale tramite i social network, su cui si \u00e8 gi\u00e0 aperto il dibattito: blog: <a href=\"http:\/\/www.stress-lavoro.blogspot.com\">www.stress-lavoro.blogspot.com<\/a>, dal quale \u00e8 possibile linkare anche all\u0092&#8217;area discussioni del gruppo su face book.<\/p>","protected":false},"excerpt":{"rendered":"<p>Sotto l&#8217;egida dell&#8217;Ordine degli psicologi della Provincia di Bolzano e con il patrocinio del Comune di Valle di Cadore, si svolger\u00e0 il 12 settembre nell&#8217;elegante sede di Villa Gaia, a Venas di Cadore, il primo degli incontri dedicato allo stress ed i rischi psico-sociali che hanno origine nellambiente di lavoro (stress lavoro-correlato). Lo stress sta [&hellip;]<\/p>\n","protected":false},"author":2,"featured_media":0,"comment_status":"closed","ping_status":"open","sticky":false,"template":"","format":"standard","meta":{"footnotes":""},"categories":[36,26,17],"tags":[3050],"class_list":["post-7841","post","type-post","status-publish","format-standard","category-lavoro-economia","category-prima-pagina","category-sanita","tag-sanita"],"yoast_head":"<!-- This site is optimized with the Yoast SEO plugin v28.4 - https:\/\/yoast.com\/product\/yoast-seo-wordpress\/ -->\n<title>Lo stress nel lavoro: quanto costa alle persone e alle aziende, come gestirlo efficacemente, le nuove normative in tema di sicurezza. Primo incontro a Villa Gaia il 12 settembre - Bellunopress - Dolomiti<\/title>\n<meta name=\"robots\" content=\"index, follow, max-snippet:-1, max-image-preview:large, max-video-preview:-1\" \/>\n<link rel=\"canonical\" href=\"https:\/\/www.bellunopress.it\/fr\/2009\/09\/07\/lo-stress-nel-lavoro-quanto-costa-alle-persone-e-alle-aziende-come-gestirlo-efficacemente-le-nuove-normative-in-tema-di-sicurezza-primo-incontro-a-villa-gaia-il-12-settembre\/\" \/>\n<meta property=\"og:locale\" content=\"fr_FR\" \/>\n<meta property=\"og:type\" content=\"article\" \/>\n<meta property=\"og:title\" content=\"Lo stress nel lavoro: quanto costa alle persone e alle aziende, come gestirlo efficacemente, le nuove normative in tema di sicurezza. Primo incontro a Villa Gaia il 12 settembre - Bellunopress - Dolomiti\" \/>\n<meta property=\"og:description\" content=\"Sotto l&#8217;egida dell&#8217;Ordine degli psicologi della Provincia di Bolzano e con il patrocinio del Comune di Valle di Cadore, si svolger\u00e0 il 12 settembre nell&#8217;elegante sede di Villa Gaia, a Venas di Cadore, il primo degli incontri dedicato allo stress ed i rischi psico-sociali che hanno origine nellambiente di lavoro (stress lavoro-correlato). Lo stress sta [&hellip;]\" \/>\n<meta property=\"og:url\" content=\"https:\/\/www.bellunopress.it\/fr\/2009\/09\/07\/lo-stress-nel-lavoro-quanto-costa-alle-persone-e-alle-aziende-come-gestirlo-efficacemente-le-nuove-normative-in-tema-di-sicurezza-primo-incontro-a-villa-gaia-il-12-settembre\/\" \/>\n<meta property=\"og:site_name\" content=\"Bellunopress - Dolomiti\" \/>\n<meta property=\"article:publisher\" content=\"https:\/\/www.facebook.com\/profile.php?id=100008943462799\" \/>\n<meta property=\"article:published_time\" content=\"2009-09-07T21:13:12+00:00\" \/>\n<meta property=\"article:modified_time\" content=\"2009-09-08T11:14:41+00:00\" \/>\n<meta property=\"og:image\" content=\"http:\/\/www.bellunopress.it\/wp-content\/uploads\/2012\/07\/logo-bellunopress-250x250-2012.jpg\" \/>\n<meta name=\"author\" content=\"redazione\" \/>\n<meta name=\"twitter:card\" content=\"summary_large_image\" \/>\n<meta name=\"twitter:creator\" content=\"@bellunopress\" \/>\n<meta name=\"twitter:site\" content=\"@bellunopress\" \/>\n<meta name=\"twitter:label1\" content=\"\u00c9crit par\" \/>\n\t<meta name=\"twitter:data1\" content=\"redazione\" \/>\n\t<meta name=\"twitter:label2\" content=\"Dur\u00e9e de lecture estim\u00e9e\" \/>\n\t<meta name=\"twitter:data2\" content=\"2 minutes\" \/>\n<script type=\"application\/ld+json\" class=\"yoast-schema-graph\">{\"@context\":\"https:\\\/\\\/schema.org\",\"@graph\":[{\"@type\":\"Article\",\"@id\":\"https:\\\/\\\/www.bellunopress.it\\\/2009\\\/09\\\/07\\\/lo-stress-nel-lavoro-quanto-costa-alle-persone-e-alle-aziende-come-gestirlo-efficacemente-le-nuove-normative-in-tema-di-sicurezza-primo-incontro-a-villa-gaia-il-12-settembre\\\/#article\",\"isPartOf\":{\"@id\":\"https:\\\/\\\/www.bellunopress.it\\\/2009\\\/09\\\/07\\\/lo-stress-nel-lavoro-quanto-costa-alle-persone-e-alle-aziende-come-gestirlo-efficacemente-le-nuove-normative-in-tema-di-sicurezza-primo-incontro-a-villa-gaia-il-12-settembre\\\/\"},\"author\":{\"name\":\"redazione\",\"@id\":\"https:\\\/\\\/www.bellunopress.it\\\/#\\\/schema\\\/person\\\/79bb06722b37ece1c03d3e94beb30d73\"},\"headline\":\"Lo stress nel lavoro: quanto costa alle persone e alle aziende, come gestirlo efficacemente, le nuove normative in tema di sicurezza. Primo incontro a Villa Gaia il 12 settembre\",\"datePublished\":\"2009-09-07T21:13:12+00:00\",\"dateModified\":\"2009-09-08T11:14:41+00:00\",\"mainEntityOfPage\":{\"@id\":\"https:\\\/\\\/www.bellunopress.it\\\/2009\\\/09\\\/07\\\/lo-stress-nel-lavoro-quanto-costa-alle-persone-e-alle-aziende-come-gestirlo-efficacemente-le-nuove-normative-in-tema-di-sicurezza-primo-incontro-a-villa-gaia-il-12-settembre\\\/\"},\"wordCount\":531,\"publisher\":{\"@id\":\"https:\\\/\\\/www.bellunopress.it\\\/#organization\"},\"keywords\":[\"Sanit\u00e0\"],\"articleSection\":[\"Lavoro, Economia, Turismo\",\"Prima Pagina\",\"Sanit\u00e0 Medicina\"],\"inLanguage\":\"fr-FR\"},{\"@type\":\"WebPage\",\"@id\":\"https:\\\/\\\/www.bellunopress.it\\\/2009\\\/09\\\/07\\\/lo-stress-nel-lavoro-quanto-costa-alle-persone-e-alle-aziende-come-gestirlo-efficacemente-le-nuove-normative-in-tema-di-sicurezza-primo-incontro-a-villa-gaia-il-12-settembre\\\/\",\"url\":\"https:\\\/\\\/www.bellunopress.it\\\/2009\\\/09\\\/07\\\/lo-stress-nel-lavoro-quanto-costa-alle-persone-e-alle-aziende-come-gestirlo-efficacemente-le-nuove-normative-in-tema-di-sicurezza-primo-incontro-a-villa-gaia-il-12-settembre\\\/\",\"name\":\"Lo stress nel lavoro: quanto costa alle persone e alle aziende, come gestirlo efficacemente, le nuove normative in tema di sicurezza. Primo incontro a Villa Gaia il 12 settembre - Bellunopress - Dolomiti\",\"isPartOf\":{\"@id\":\"https:\\\/\\\/www.bellunopress.it\\\/#website\"},\"datePublished\":\"2009-09-07T21:13:12+00:00\",\"dateModified\":\"2009-09-08T11:14:41+00:00\",\"breadcrumb\":{\"@id\":\"https:\\\/\\\/www.bellunopress.it\\\/2009\\\/09\\\/07\\\/lo-stress-nel-lavoro-quanto-costa-alle-persone-e-alle-aziende-come-gestirlo-efficacemente-le-nuove-normative-in-tema-di-sicurezza-primo-incontro-a-villa-gaia-il-12-settembre\\\/#breadcrumb\"},\"inLanguage\":\"fr-FR\",\"potentialAction\":[{\"@type\":\"ReadAction\",\"target\":[\"https:\\\/\\\/www.bellunopress.it\\\/2009\\\/09\\\/07\\\/lo-stress-nel-lavoro-quanto-costa-alle-persone-e-alle-aziende-come-gestirlo-efficacemente-le-nuove-normative-in-tema-di-sicurezza-primo-incontro-a-villa-gaia-il-12-settembre\\\/\"]}]},{\"@type\":\"BreadcrumbList\",\"@id\":\"https:\\\/\\\/www.bellunopress.it\\\/2009\\\/09\\\/07\\\/lo-stress-nel-lavoro-quanto-costa-alle-persone-e-alle-aziende-come-gestirlo-efficacemente-le-nuove-normative-in-tema-di-sicurezza-primo-incontro-a-villa-gaia-il-12-settembre\\\/#breadcrumb\",\"itemListElement\":[{\"@type\":\"ListItem\",\"position\":1,\"name\":\"Home\",\"item\":\"https:\\\/\\\/www.bellunopress.it\\\/\"},{\"@type\":\"ListItem\",\"position\":2,\"name\":\"Lo stress nel lavoro: quanto costa alle persone e alle aziende, come gestirlo efficacemente, le nuove normative in tema di sicurezza. Primo incontro a Villa Gaia il 12 settembre\"}]},{\"@type\":\"WebSite\",\"@id\":\"https:\\\/\\\/www.bellunopress.it\\\/#website\",\"url\":\"https:\\\/\\\/www.bellunopress.it\\\/\",\"name\":\"Bellunopress - Dolomiti\",\"description\":\"e-mail: redazione@bellunopress.it\",\"publisher\":{\"@id\":\"https:\\\/\\\/www.bellunopress.it\\\/#organization\"},\"potentialAction\":[{\"@type\":\"SearchAction\",\"target\":{\"@type\":\"EntryPoint\",\"urlTemplate\":\"https:\\\/\\\/www.bellunopress.it\\\/?s={search_term_string}\"},\"query-input\":{\"@type\":\"PropertyValueSpecification\",\"valueRequired\":true,\"valueName\":\"search_term_string\"}}],\"inLanguage\":\"fr-FR\"},{\"@type\":\"Organization\",\"@id\":\"https:\\\/\\\/www.bellunopress.it\\\/#organization\",\"name\":\"Bellunopress\",\"url\":\"https:\\\/\\\/www.bellunopress.it\\\/\",\"logo\":{\"@type\":\"ImageObject\",\"inLanguage\":\"fr-FR\",\"@id\":\"https:\\\/\\\/www.bellunopress.it\\\/#\\\/schema\\\/logo\\\/image\\\/\",\"url\":\"https:\\\/\\\/www.bellunopress.it\\\/wp-content\\\/uploads\\\/2011\\\/05\\\/cropped-logo-bellunopress-.jpg\",\"contentUrl\":\"https:\\\/\\\/www.bellunopress.it\\\/wp-content\\\/uploads\\\/2011\\\/05\\\/cropped-logo-bellunopress-.jpg\",\"width\":512,\"height\":512,\"caption\":\"Bellunopress\"},\"image\":{\"@id\":\"https:\\\/\\\/www.bellunopress.it\\\/#\\\/schema\\\/logo\\\/image\\\/\"},\"sameAs\":[\"https:\\\/\\\/www.facebook.com\\\/profile.php?id=100008943462799\",\"https:\\\/\\\/x.com\\\/bellunopress\",\"https:\\\/\\\/www.linkedin.com\\\/hp\\\/?dnr=JBzUWaJfMUw8vbXJJ2tVW5-I3jZKvC4wsoxE&amp;amp;amp;amp;amp;amp;trk=nav_responsive_tab_home\",\"https:\\\/\\\/www.youtube.com\\\/channel\\\/UCxL0wu1uN0_3_7hGG0306cw\"]},{\"@type\":\"Person\",\"@id\":\"https:\\\/\\\/www.bellunopress.it\\\/#\\\/schema\\\/person\\\/79bb06722b37ece1c03d3e94beb30d73\",\"name\":\"redazione\",\"image\":{\"@type\":\"ImageObject\",\"inLanguage\":\"fr-FR\",\"@id\":\"https:\\\/\\\/secure.gravatar.com\\\/avatar\\\/37d968a2e67a6fd04c169c4bdef102d0bc5d31b2546345219e348575eb80e9a0?s=96&d=mm&r=g\",\"url\":\"https:\\\/\\\/secure.gravatar.com\\\/avatar\\\/37d968a2e67a6fd04c169c4bdef102d0bc5d31b2546345219e348575eb80e9a0?s=96&d=mm&r=g\",\"contentUrl\":\"https:\\\/\\\/secure.gravatar.com\\\/avatar\\\/37d968a2e67a6fd04c169c4bdef102d0bc5d31b2546345219e348575eb80e9a0?s=96&d=mm&r=g\",\"caption\":\"redazione\"},\"sameAs\":[\"http:\\\/\\\/www.bellunopress.it\",\"https:\\\/\\\/x.com\\\/bellunopress\"],\"url\":\"https:\\\/\\\/www.bellunopress.it\\\/fr\\\/author\\\/redazione\\\/\"}]}<\/script>\n<!-- \/ Yoast SEO plugin. -->","yoast_head_json":{"title":"Lo stress nel lavoro: quanto costa alle persone e alle aziende, come gestirlo efficacemente, le nuove normative in tema di sicurezza. Primo incontro a Villa Gaia il 12 settembre - Bellunopress - Dolomiti","robots":{"index":"index","follow":"follow","max-snippet":"max-snippet:-1","max-image-preview":"max-image-preview:large","max-video-preview":"max-video-preview:-1"},"canonical":"https:\/\/www.bellunopress.it\/fr\/2009\/09\/07\/lo-stress-nel-lavoro-quanto-costa-alle-persone-e-alle-aziende-come-gestirlo-efficacemente-le-nuove-normative-in-tema-di-sicurezza-primo-incontro-a-villa-gaia-il-12-settembre\/","og_locale":"fr_FR","og_type":"article","og_title":"Lo stress nel lavoro: quanto costa alle persone e alle aziende, come gestirlo efficacemente, le nuove normative in tema di sicurezza. Primo incontro a Villa Gaia il 12 settembre - Bellunopress - Dolomiti","og_description":"Sotto l&#8217;egida dell&#8217;Ordine degli psicologi della Provincia di Bolzano e con il patrocinio del Comune di Valle di Cadore, si svolger\u00e0 il 12 settembre nell&#8217;elegante sede di Villa Gaia, a Venas di Cadore, il primo degli incontri dedicato allo stress ed i rischi psico-sociali che hanno origine nellambiente di lavoro (stress lavoro-correlato). Lo stress sta [&hellip;]","og_url":"https:\/\/www.bellunopress.it\/fr\/2009\/09\/07\/lo-stress-nel-lavoro-quanto-costa-alle-persone-e-alle-aziende-come-gestirlo-efficacemente-le-nuove-normative-in-tema-di-sicurezza-primo-incontro-a-villa-gaia-il-12-settembre\/","og_site_name":"Bellunopress - Dolomiti","article_publisher":"https:\/\/www.facebook.com\/profile.php?id=100008943462799","article_published_time":"2009-09-07T21:13:12+00:00","article_modified_time":"2009-09-08T11:14:41+00:00","og_image":[{"url":"http:\/\/www.bellunopress.it\/wp-content\/uploads\/2012\/07\/logo-bellunopress-250x250-2012.jpg","type":"","width":"","height":""}],"author":"redazione","twitter_card":"summary_large_image","twitter_creator":"@bellunopress","twitter_site":"@bellunopress","twitter_misc":{"\u00c9crit par":"redazione","Dur\u00e9e de lecture estim\u00e9e":"2 minutes"},"schema":{"@context":"https:\/\/schema.org","@graph":[{"@type":"Article","@id":"https:\/\/www.bellunopress.it\/2009\/09\/07\/lo-stress-nel-lavoro-quanto-costa-alle-persone-e-alle-aziende-come-gestirlo-efficacemente-le-nuove-normative-in-tema-di-sicurezza-primo-incontro-a-villa-gaia-il-12-settembre\/#article","isPartOf":{"@id":"https:\/\/www.bellunopress.it\/2009\/09\/07\/lo-stress-nel-lavoro-quanto-costa-alle-persone-e-alle-aziende-come-gestirlo-efficacemente-le-nuove-normative-in-tema-di-sicurezza-primo-incontro-a-villa-gaia-il-12-settembre\/"},"author":{"name":"redazione","@id":"https:\/\/www.bellunopress.it\/#\/schema\/person\/79bb06722b37ece1c03d3e94beb30d73"},"headline":"Lo stress nel lavoro: quanto costa alle persone e alle aziende, come gestirlo efficacemente, le nuove normative in tema di sicurezza. Primo incontro a Villa Gaia il 12 settembre","datePublished":"2009-09-07T21:13:12+00:00","dateModified":"2009-09-08T11:14:41+00:00","mainEntityOfPage":{"@id":"https:\/\/www.bellunopress.it\/2009\/09\/07\/lo-stress-nel-lavoro-quanto-costa-alle-persone-e-alle-aziende-come-gestirlo-efficacemente-le-nuove-normative-in-tema-di-sicurezza-primo-incontro-a-villa-gaia-il-12-settembre\/"},"wordCount":531,"publisher":{"@id":"https:\/\/www.bellunopress.it\/#organization"},"keywords":["Sanit\u00e0"],"articleSection":["Lavoro, Economia, Turismo","Prima Pagina","Sanit\u00e0 Medicina"],"inLanguage":"fr-FR"},{"@type":"WebPage","@id":"https:\/\/www.bellunopress.it\/2009\/09\/07\/lo-stress-nel-lavoro-quanto-costa-alle-persone-e-alle-aziende-come-gestirlo-efficacemente-le-nuove-normative-in-tema-di-sicurezza-primo-incontro-a-villa-gaia-il-12-settembre\/","url":"https:\/\/www.bellunopress.it\/2009\/09\/07\/lo-stress-nel-lavoro-quanto-costa-alle-persone-e-alle-aziende-come-gestirlo-efficacemente-le-nuove-normative-in-tema-di-sicurezza-primo-incontro-a-villa-gaia-il-12-settembre\/","name":"Lo stress nel lavoro: quanto costa alle persone e alle aziende, come gestirlo efficacemente, le nuove normative in tema di sicurezza. Primo incontro a Villa Gaia il 12 settembre - Bellunopress - Dolomiti","isPartOf":{"@id":"https:\/\/www.bellunopress.it\/#website"},"datePublished":"2009-09-07T21:13:12+00:00","dateModified":"2009-09-08T11:14:41+00:00","breadcrumb":{"@id":"https:\/\/www.bellunopress.it\/2009\/09\/07\/lo-stress-nel-lavoro-quanto-costa-alle-persone-e-alle-aziende-come-gestirlo-efficacemente-le-nuove-normative-in-tema-di-sicurezza-primo-incontro-a-villa-gaia-il-12-settembre\/#breadcrumb"},"inLanguage":"fr-FR","potentialAction":[{"@type":"ReadAction","target":["https:\/\/www.bellunopress.it\/2009\/09\/07\/lo-stress-nel-lavoro-quanto-costa-alle-persone-e-alle-aziende-come-gestirlo-efficacemente-le-nuove-normative-in-tema-di-sicurezza-primo-incontro-a-villa-gaia-il-12-settembre\/"]}]},{"@type":"BreadcrumbList","@id":"https:\/\/www.bellunopress.it\/2009\/09\/07\/lo-stress-nel-lavoro-quanto-costa-alle-persone-e-alle-aziende-come-gestirlo-efficacemente-le-nuove-normative-in-tema-di-sicurezza-primo-incontro-a-villa-gaia-il-12-settembre\/#breadcrumb","itemListElement":[{"@type":"ListItem","position":1,"name":"Home","item":"https:\/\/www.bellunopress.it\/"},{"@type":"ListItem","position":2,"name":"Lo stress nel lavoro: quanto costa alle persone e alle aziende, come gestirlo efficacemente, le nuove normative in tema di sicurezza. Primo incontro a Villa Gaia il 12 settembre"}]},{"@type":"WebSite","@id":"https:\/\/www.bellunopress.it\/#website","url":"https:\/\/www.bellunopress.it\/","name":"Bellunopress - Dolomiti","description":"e-mail: redazione@bellunopress.it","publisher":{"@id":"https:\/\/www.bellunopress.it\/#organization"},"potentialAction":[{"@type":"SearchAction","target":{"@type":"EntryPoint","urlTemplate":"https:\/\/www.bellunopress.it\/?s={search_term_string}"},"query-input":{"@type":"PropertyValueSpecification","valueRequired":true,"valueName":"search_term_string"}}],"inLanguage":"fr-FR"},{"@type":"Organization","@id":"https:\/\/www.bellunopress.it\/#organization","name":"Bellunopress","url":"https:\/\/www.bellunopress.it\/","logo":{"@type":"ImageObject","inLanguage":"fr-FR","@id":"https:\/\/www.bellunopress.it\/#\/schema\/logo\/image\/","url":"https:\/\/www.bellunopress.it\/wp-content\/uploads\/2011\/05\/cropped-logo-bellunopress-.jpg","contentUrl":"https:\/\/www.bellunopress.it\/wp-content\/uploads\/2011\/05\/cropped-logo-bellunopress-.jpg","width":512,"height":512,"caption":"Bellunopress"},"image":{"@id":"https:\/\/www.bellunopress.it\/#\/schema\/logo\/image\/"},"sameAs":["https:\/\/www.facebook.com\/profile.php?id=100008943462799","https:\/\/x.com\/bellunopress","https:\/\/www.linkedin.com\/hp\/?dnr=JBzUWaJfMUw8vbXJJ2tVW5-I3jZKvC4wsoxE&amp;amp;amp;amp;amp;amp;trk=nav_responsive_tab_home","https:\/\/www.youtube.com\/channel\/UCxL0wu1uN0_3_7hGG0306cw"]},{"@type":"Person","@id":"https:\/\/www.bellunopress.it\/#\/schema\/person\/79bb06722b37ece1c03d3e94beb30d73","name":"r\u00e9daction","image":{"@type":"ImageObject","inLanguage":"fr-FR","@id":"https:\/\/secure.gravatar.com\/avatar\/37d968a2e67a6fd04c169c4bdef102d0bc5d31b2546345219e348575eb80e9a0?s=96&d=mm&r=g","url":"https:\/\/secure.gravatar.com\/avatar\/37d968a2e67a6fd04c169c4bdef102d0bc5d31b2546345219e348575eb80e9a0?s=96&d=mm&r=g","contentUrl":"https:\/\/secure.gravatar.com\/avatar\/37d968a2e67a6fd04c169c4bdef102d0bc5d31b2546345219e348575eb80e9a0?s=96&d=mm&r=g","caption":"redazione"},"sameAs":["http:\/\/www.bellunopress.it","https:\/\/x.com\/bellunopress"],"url":"https:\/\/www.bellunopress.it\/fr\/author\/redazione\/"}]}},"_links":{"self":[{"href":"https:\/\/www.bellunopress.it\/fr\/wp-json\/wp\/v2\/posts\/7841","targetHints":{"allow":["GET"]}}],"collection":[{"href":"https:\/\/www.bellunopress.it\/fr\/wp-json\/wp\/v2\/posts"}],"about":[{"href":"https:\/\/www.bellunopress.it\/fr\/wp-json\/wp\/v2\/types\/post"}],"author":[{"embeddable":true,"href":"https:\/\/www.bellunopress.it\/fr\/wp-json\/wp\/v2\/users\/2"}],"replies":[{"embeddable":true,"href":"https:\/\/www.bellunopress.it\/fr\/wp-json\/wp\/v2\/comments?post=7841"}],"version-history":[{"count":3,"href":"https:\/\/www.bellunopress.it\/fr\/wp-json\/wp\/v2\/posts\/7841\/revisions"}],"predecessor-version":[{"id":7852,"href":"https:\/\/www.bellunopress.it\/fr\/wp-json\/wp\/v2\/posts\/7841\/revisions\/7852"}],"wp:attachment":[{"href":"https:\/\/www.bellunopress.it\/fr\/wp-json\/wp\/v2\/media?parent=7841"}],"wp:term":[{"taxonomy":"category","embeddable":true,"href":"https:\/\/www.bellunopress.it\/fr\/wp-json\/wp\/v2\/categories?post=7841"},{"taxonomy":"post_tag","embeddable":true,"href":"https:\/\/www.bellunopress.it\/fr\/wp-json\/wp\/v2\/tags?post=7841"}],"curies":[{"name":"wp","href":"https:\/\/api.w.org\/{rel}","templated":true}]}}