{"id":7837,"date":"2009-09-07T21:53:48","date_gmt":"2009-09-07T20:53:48","guid":{"rendered":"http:\/\/www.bellunopress.it\/?p=7837"},"modified":"2009-09-07T21:55:14","modified_gmt":"2009-09-07T20:55:14","slug":"le-icone-di-giovanni-sogne-risplendono-nella-notte-dei-gufi","status":"publish","type":"post","link":"https:\/\/www.bellunopress.it\/fr\/2009\/09\/07\/le-icone-di-giovanni-sogne-risplendono-nella-notte-dei-gufi\/","title":{"rendered":"Le icone di Giovanni Sogne risplendono nella notte dei gufi"},"content":{"rendered":"<p><a href=\"http:\/\/www.bellunopress.it\/wp-content\/uploads\/2009\/09\/giovanni-sogne-icona.jpg\"><img loading=\"lazy\" decoding=\"async\" class=\"alignleft size-medium wp-image-7838\" title=\"giovanni-sogne-icona\" src=\"http:\/\/www.bellunopress.it\/wp-content\/uploads\/2009\/09\/giovanni-sogne-icona.jpg\" alt=\"\" width=\"213\" height=\"270\" \/><\/a>Il 19 settembre a Cesiomaggiore (Belluno), in occasione del \u201cCammina con i gufi\u201d, fra le numerose sorprese dell&#8217;escursione notturna in compagnia di gufi e civette in programma il 19 settembre a Cesiomaggiore,\u00a0i partecipanti potranno ammirare alcune opere a tema religioso, realizzate da Giovanni Sogne, con la tecnica dell&#8217;affresco e della tempera all&#8217;uovo su foglia d&#8217;oro zecchino. Le opere saranno collocate lungo l\u2019abitato di Sant\u2019Agapito e nel buio della notte verranno illuminate da luci a led. Attraverso un breve ma emozionante percorso di arte, natura e meditazione, si potranno osservare una decina di effige di santi: immagini fortemente radicate nella religiosit\u00e0 della gente di montagna. Inoltre le opere rimarranno esposte, nella valle di Sant\u2019Agapito, per tutto il giorno successivo all\u2019escursione, in modo da poter essere ammirate anche nelle ore diurne.\u00a0<\/p>\n<p><strong>&#8220;Cammina con i gufi\u201d<br \/>\n<\/strong>Anche quest\u2019anno un nuovo percorso per il \u201cCammina con i gufi\u201d. Come sempre si snoder\u00e0 ad anello a nord dell\u2019abitato di Cesiomaggiore, su facili sentieri nei boschi, lungo stradine sterrate e asfaltate. Oltre ad udire il canto di gufi e civette, si potr\u00e0:<br \/>\n&#8211;\u00a0\u00a0\u00a0\u00a0\u00a0\u00a0\u00a0\u00a0\u00a0 assistere alla suggestiva rievocazione delle luminarie di Sant\u2019Agapito (quando i valligiani, per onorare il Santo protettore della valle, creavano sul monte Palmar cinque grandi lettere \u201cWSAM+\u201d, visibili in tutta la valle del Piave, usando come lume i gusci delle lumache riempiti d\u2019olio);<br \/>\n&#8211;\u00a0\u00a0\u00a0\u00a0\u00a0\u00a0\u00a0\u00a0\u00a0 ascoltare i racconti della strega;<br \/>\n&#8211;\u00a0\u00a0\u00a0\u00a0\u00a0\u00a0\u00a0\u00a0\u00a0 incontrare Maghi: una femmina di gufo reale, tanto possente quanto tenera;<br \/>\n&#8211;\u00a0\u00a0\u00a0\u00a0\u00a0\u00a0\u00a0\u00a0\u00a0 osservare la luna e la volta celeste con i telescopi dell\u2019associazione Rethicus.<br \/>\nLa partecipazione \u00e8 gratuita, per\u00f2 \u00e8 necessario iscriversi. Lo si pu\u00f2 fare alla partenza o direttamente dal sito web <a href=\"http:\/\/www.cesiobiettivi.splinder.com\">www.cesiobiettivi.splinder.com<\/a>.<br \/>\nLe iscrizioni si aprono sabato 19 settembre alle 17.30 in piazza Mercato a Cesiomaggiore. Dalle 18.30 alle 19.15 ci sar\u00e0 la partenza, scaglionata in tre gruppi, accompagnati da una guida.<br \/>\n\u00a0<br \/>\n<strong>Note biografiche dell&#8217;artista<br \/>\n<\/strong>Giovanni Sogne \u00e8 nato a Monza nel 1952 e dal 1981 risiede a Soranzen, una frazione del Comune di Cesiomaggiore. Ha frequentato la scuola di pittura presso l\u2019Istituto Superiore di Industrie Artistiche di Monza e vari corsi di decorazione murale (pittura &#8220;a secco&#8221;, affresco, graffito). La sua specialit\u00e0 sono le meridiane, o pi\u00f9 precisamente gli orologi solari. Fino ad oggi ne ha realizzate oltre 120 e restaurate una decina: nel Triveneto, in Lombardia, in Svizzera, in Francia e in Olanda. Fa parte del Coordinamento Nazionale di Gnomonica, la disciplina che si occupa dello studio dei quadranti solari. Oltre alle meridiane Giovanni Sogne realizza opere a graffito e ad affresco, dipinge insegne per rendere pi\u00f9 decorosi e suggestivi gli antichi centri storici. Dal 1992 al 2000 ha insegnato tecnica del graffito in corsi di decorazione murale a Cibiana di Cadore e tutt\u2019ora tiene seminari di decorazione murale e meridiane in vari istituti scolastici. Dopo aver partecipato ad alcuni stage di arte sacra in Italia e in Francia, da un po\u2019 di anni si dedica alla realizzazione di icone con la tecnica dell&#8217;affresco su tavola intonacata (ispirate alla tradizione classica e rinascimentale) e della tempera all&#8217;uovo su tavola con foglia d&#8217;oro zecchino (ispirate alla tradizione greco-bizantina<\/p>","protected":false},"excerpt":{"rendered":"<p>Il 19 settembre a Cesiomaggiore (Belluno), in occasione del \u201cCammina con i gufi\u201d, fra le numerose sorprese dell&#8217;escursione notturna in compagnia di gufi e civette in programma il 19 settembre a Cesiomaggiore,\u00a0i partecipanti potranno ammirare alcune opere a tema religioso, realizzate da Giovanni Sogne, con la tecnica dell&#8217;affresco e della tempera all&#8217;uovo su foglia d&#8217;oro [&hellip;]<\/p>\n","protected":false},"author":2,"featured_media":0,"comment_status":"closed","ping_status":"open","sticky":false,"template":"","format":"standard","meta":{"footnotes":""},"categories":[3,25],"tags":[139,151],"class_list":["post-7837","post","type-post","status-publish","format-standard","category-arte-cultura-spettacoli-scienza-archivi","category-pausa-caffe","tag-belluno","tag-cadore"],"yoast_head":"<!-- This site is optimized with the Yoast SEO plugin v28.4 - https:\/\/yoast.com\/product\/yoast-seo-wordpress\/ -->\n<title>Le icone di Giovanni Sogne risplendono nella notte dei gufi - Bellunopress - Dolomiti<\/title>\n<meta name=\"robots\" content=\"index, follow, max-snippet:-1, max-image-preview:large, max-video-preview:-1\" \/>\n<link rel=\"canonical\" href=\"https:\/\/www.bellunopress.it\/fr\/2009\/09\/07\/le-icone-di-giovanni-sogne-risplendono-nella-notte-dei-gufi\/\" \/>\n<meta property=\"og:locale\" content=\"fr_FR\" \/>\n<meta property=\"og:type\" content=\"article\" \/>\n<meta property=\"og:title\" content=\"Le icone di Giovanni Sogne risplendono nella notte dei gufi - Bellunopress - Dolomiti\" \/>\n<meta property=\"og:description\" content=\"Il 19 settembre a Cesiomaggiore (Belluno), in occasione del \u201cCammina con i gufi\u201d, fra le numerose sorprese dell&#8217;escursione notturna in compagnia di gufi e civette in programma il 19 settembre a Cesiomaggiore,\u00a0i partecipanti potranno ammirare alcune opere a tema religioso, realizzate da Giovanni Sogne, con la tecnica dell&#8217;affresco e della tempera all&#8217;uovo su foglia d&#8217;oro [&hellip;]\" \/>\n<meta property=\"og:url\" content=\"https:\/\/www.bellunopress.it\/fr\/2009\/09\/07\/le-icone-di-giovanni-sogne-risplendono-nella-notte-dei-gufi\/\" \/>\n<meta property=\"og:site_name\" content=\"Bellunopress - Dolomiti\" \/>\n<meta property=\"article:publisher\" content=\"https:\/\/www.facebook.com\/profile.php?id=100008943462799\" \/>\n<meta property=\"article:published_time\" content=\"2009-09-07T20:53:48+00:00\" \/>\n<meta property=\"article:modified_time\" content=\"2009-09-07T20:55:14+00:00\" \/>\n<meta property=\"og:image\" content=\"http:\/\/www.bellunopress.it\/wp-content\/uploads\/2009\/09\/giovanni-sogne-icona.jpg\" \/>\n<meta name=\"author\" content=\"redazione\" \/>\n<meta name=\"twitter:card\" content=\"summary_large_image\" \/>\n<meta name=\"twitter:creator\" content=\"@bellunopress\" \/>\n<meta name=\"twitter:site\" content=\"@bellunopress\" \/>\n<meta name=\"twitter:label1\" content=\"\u00c9crit par\" \/>\n\t<meta name=\"twitter:data1\" content=\"redazione\" \/>\n\t<meta name=\"twitter:label2\" content=\"Dur\u00e9e de lecture estim\u00e9e\" \/>\n\t<meta name=\"twitter:data2\" content=\"3 minutes\" \/>\n<script type=\"application\/ld+json\" class=\"yoast-schema-graph\">{\"@context\":\"https:\\\/\\\/schema.org\",\"@graph\":[{\"@type\":\"Article\",\"@id\":\"https:\\\/\\\/www.bellunopress.it\\\/2009\\\/09\\\/07\\\/le-icone-di-giovanni-sogne-risplendono-nella-notte-dei-gufi\\\/#article\",\"isPartOf\":{\"@id\":\"https:\\\/\\\/www.bellunopress.it\\\/2009\\\/09\\\/07\\\/le-icone-di-giovanni-sogne-risplendono-nella-notte-dei-gufi\\\/\"},\"author\":{\"name\":\"redazione\",\"@id\":\"https:\\\/\\\/www.bellunopress.it\\\/#\\\/schema\\\/person\\\/79bb06722b37ece1c03d3e94beb30d73\"},\"headline\":\"Le icone di Giovanni Sogne risplendono nella notte dei gufi\",\"datePublished\":\"2009-09-07T20:53:48+00:00\",\"dateModified\":\"2009-09-07T20:55:14+00:00\",\"mainEntityOfPage\":{\"@id\":\"https:\\\/\\\/www.bellunopress.it\\\/2009\\\/09\\\/07\\\/le-icone-di-giovanni-sogne-risplendono-nella-notte-dei-gufi\\\/\"},\"wordCount\":526,\"publisher\":{\"@id\":\"https:\\\/\\\/www.bellunopress.it\\\/#organization\"},\"image\":{\"@id\":\"https:\\\/\\\/www.bellunopress.it\\\/2009\\\/09\\\/07\\\/le-icone-di-giovanni-sogne-risplendono-nella-notte-dei-gufi\\\/#primaryimage\"},\"thumbnailUrl\":\"http:\\\/\\\/www.bellunopress.it\\\/wp-content\\\/uploads\\\/2009\\\/09\\\/giovanni-sogne-icona.jpg\",\"keywords\":[\"Belluno\",\"Cadore\"],\"articleSection\":[\"Arte, Cultura, Spettacoli, Scienza\",\"Pausa Caff\u00e8\"],\"inLanguage\":\"fr-FR\"},{\"@type\":\"WebPage\",\"@id\":\"https:\\\/\\\/www.bellunopress.it\\\/2009\\\/09\\\/07\\\/le-icone-di-giovanni-sogne-risplendono-nella-notte-dei-gufi\\\/\",\"url\":\"https:\\\/\\\/www.bellunopress.it\\\/2009\\\/09\\\/07\\\/le-icone-di-giovanni-sogne-risplendono-nella-notte-dei-gufi\\\/\",\"name\":\"Le icone di Giovanni Sogne risplendono nella notte dei gufi - Bellunopress - Dolomiti\",\"isPartOf\":{\"@id\":\"https:\\\/\\\/www.bellunopress.it\\\/#website\"},\"primaryImageOfPage\":{\"@id\":\"https:\\\/\\\/www.bellunopress.it\\\/2009\\\/09\\\/07\\\/le-icone-di-giovanni-sogne-risplendono-nella-notte-dei-gufi\\\/#primaryimage\"},\"image\":{\"@id\":\"https:\\\/\\\/www.bellunopress.it\\\/2009\\\/09\\\/07\\\/le-icone-di-giovanni-sogne-risplendono-nella-notte-dei-gufi\\\/#primaryimage\"},\"thumbnailUrl\":\"http:\\\/\\\/www.bellunopress.it\\\/wp-content\\\/uploads\\\/2009\\\/09\\\/giovanni-sogne-icona.jpg\",\"datePublished\":\"2009-09-07T20:53:48+00:00\",\"dateModified\":\"2009-09-07T20:55:14+00:00\",\"breadcrumb\":{\"@id\":\"https:\\\/\\\/www.bellunopress.it\\\/2009\\\/09\\\/07\\\/le-icone-di-giovanni-sogne-risplendono-nella-notte-dei-gufi\\\/#breadcrumb\"},\"inLanguage\":\"fr-FR\",\"potentialAction\":[{\"@type\":\"ReadAction\",\"target\":[\"https:\\\/\\\/www.bellunopress.it\\\/2009\\\/09\\\/07\\\/le-icone-di-giovanni-sogne-risplendono-nella-notte-dei-gufi\\\/\"]}]},{\"@type\":\"ImageObject\",\"inLanguage\":\"fr-FR\",\"@id\":\"https:\\\/\\\/www.bellunopress.it\\\/2009\\\/09\\\/07\\\/le-icone-di-giovanni-sogne-risplendono-nella-notte-dei-gufi\\\/#primaryimage\",\"url\":\"http:\\\/\\\/www.bellunopress.it\\\/wp-content\\\/uploads\\\/2009\\\/09\\\/giovanni-sogne-icona.jpg\",\"contentUrl\":\"http:\\\/\\\/www.bellunopress.it\\\/wp-content\\\/uploads\\\/2009\\\/09\\\/giovanni-sogne-icona.jpg\"},{\"@type\":\"BreadcrumbList\",\"@id\":\"https:\\\/\\\/www.bellunopress.it\\\/2009\\\/09\\\/07\\\/le-icone-di-giovanni-sogne-risplendono-nella-notte-dei-gufi\\\/#breadcrumb\",\"itemListElement\":[{\"@type\":\"ListItem\",\"position\":1,\"name\":\"Home\",\"item\":\"https:\\\/\\\/www.bellunopress.it\\\/\"},{\"@type\":\"ListItem\",\"position\":2,\"name\":\"Le icone di Giovanni Sogne risplendono nella notte dei gufi\"}]},{\"@type\":\"WebSite\",\"@id\":\"https:\\\/\\\/www.bellunopress.it\\\/#website\",\"url\":\"https:\\\/\\\/www.bellunopress.it\\\/\",\"name\":\"Bellunopress - Dolomiti\",\"description\":\"e-mail: redazione@bellunopress.it\",\"publisher\":{\"@id\":\"https:\\\/\\\/www.bellunopress.it\\\/#organization\"},\"potentialAction\":[{\"@type\":\"SearchAction\",\"target\":{\"@type\":\"EntryPoint\",\"urlTemplate\":\"https:\\\/\\\/www.bellunopress.it\\\/?s={search_term_string}\"},\"query-input\":{\"@type\":\"PropertyValueSpecification\",\"valueRequired\":true,\"valueName\":\"search_term_string\"}}],\"inLanguage\":\"fr-FR\"},{\"@type\":\"Organization\",\"@id\":\"https:\\\/\\\/www.bellunopress.it\\\/#organization\",\"name\":\"Bellunopress\",\"url\":\"https:\\\/\\\/www.bellunopress.it\\\/\",\"logo\":{\"@type\":\"ImageObject\",\"inLanguage\":\"fr-FR\",\"@id\":\"https:\\\/\\\/www.bellunopress.it\\\/#\\\/schema\\\/logo\\\/image\\\/\",\"url\":\"https:\\\/\\\/www.bellunopress.it\\\/wp-content\\\/uploads\\\/2011\\\/05\\\/cropped-logo-bellunopress-.jpg\",\"contentUrl\":\"https:\\\/\\\/www.bellunopress.it\\\/wp-content\\\/uploads\\\/2011\\\/05\\\/cropped-logo-bellunopress-.jpg\",\"width\":512,\"height\":512,\"caption\":\"Bellunopress\"},\"image\":{\"@id\":\"https:\\\/\\\/www.bellunopress.it\\\/#\\\/schema\\\/logo\\\/image\\\/\"},\"sameAs\":[\"https:\\\/\\\/www.facebook.com\\\/profile.php?id=100008943462799\",\"https:\\\/\\\/x.com\\\/bellunopress\",\"https:\\\/\\\/www.linkedin.com\\\/hp\\\/?dnr=JBzUWaJfMUw8vbXJJ2tVW5-I3jZKvC4wsoxE&amp;amp;amp;amp;amp;amp;trk=nav_responsive_tab_home\",\"https:\\\/\\\/www.youtube.com\\\/channel\\\/UCxL0wu1uN0_3_7hGG0306cw\"]},{\"@type\":\"Person\",\"@id\":\"https:\\\/\\\/www.bellunopress.it\\\/#\\\/schema\\\/person\\\/79bb06722b37ece1c03d3e94beb30d73\",\"name\":\"redazione\",\"image\":{\"@type\":\"ImageObject\",\"inLanguage\":\"fr-FR\",\"@id\":\"https:\\\/\\\/secure.gravatar.com\\\/avatar\\\/37d968a2e67a6fd04c169c4bdef102d0bc5d31b2546345219e348575eb80e9a0?s=96&d=mm&r=g\",\"url\":\"https:\\\/\\\/secure.gravatar.com\\\/avatar\\\/37d968a2e67a6fd04c169c4bdef102d0bc5d31b2546345219e348575eb80e9a0?s=96&d=mm&r=g\",\"contentUrl\":\"https:\\\/\\\/secure.gravatar.com\\\/avatar\\\/37d968a2e67a6fd04c169c4bdef102d0bc5d31b2546345219e348575eb80e9a0?s=96&d=mm&r=g\",\"caption\":\"redazione\"},\"sameAs\":[\"http:\\\/\\\/www.bellunopress.it\",\"https:\\\/\\\/x.com\\\/bellunopress\"],\"url\":\"https:\\\/\\\/www.bellunopress.it\\\/fr\\\/author\\\/redazione\\\/\"}]}<\/script>\n<!-- \/ Yoast SEO plugin. -->","yoast_head_json":{"title":"Le icone di Giovanni Sogne risplendono nella notte dei gufi - Bellunopress - Dolomiti","robots":{"index":"index","follow":"follow","max-snippet":"max-snippet:-1","max-image-preview":"max-image-preview:large","max-video-preview":"max-video-preview:-1"},"canonical":"https:\/\/www.bellunopress.it\/fr\/2009\/09\/07\/le-icone-di-giovanni-sogne-risplendono-nella-notte-dei-gufi\/","og_locale":"fr_FR","og_type":"article","og_title":"Le icone di Giovanni Sogne risplendono nella notte dei gufi - Bellunopress - Dolomiti","og_description":"Il 19 settembre a Cesiomaggiore (Belluno), in occasione del \u201cCammina con i gufi\u201d, fra le numerose sorprese dell&#8217;escursione notturna in compagnia di gufi e civette in programma il 19 settembre a Cesiomaggiore,\u00a0i partecipanti potranno ammirare alcune opere a tema religioso, realizzate da Giovanni Sogne, con la tecnica dell&#8217;affresco e della tempera all&#8217;uovo su foglia d&#8217;oro [&hellip;]","og_url":"https:\/\/www.bellunopress.it\/fr\/2009\/09\/07\/le-icone-di-giovanni-sogne-risplendono-nella-notte-dei-gufi\/","og_site_name":"Bellunopress - Dolomiti","article_publisher":"https:\/\/www.facebook.com\/profile.php?id=100008943462799","article_published_time":"2009-09-07T20:53:48+00:00","article_modified_time":"2009-09-07T20:55:14+00:00","og_image":[{"url":"http:\/\/www.bellunopress.it\/wp-content\/uploads\/2009\/09\/giovanni-sogne-icona.jpg","type":"","width":"","height":""}],"author":"redazione","twitter_card":"summary_large_image","twitter_creator":"@bellunopress","twitter_site":"@bellunopress","twitter_misc":{"\u00c9crit par":"redazione","Dur\u00e9e de lecture estim\u00e9e":"3 minutes"},"schema":{"@context":"https:\/\/schema.org","@graph":[{"@type":"Article","@id":"https:\/\/www.bellunopress.it\/2009\/09\/07\/le-icone-di-giovanni-sogne-risplendono-nella-notte-dei-gufi\/#article","isPartOf":{"@id":"https:\/\/www.bellunopress.it\/2009\/09\/07\/le-icone-di-giovanni-sogne-risplendono-nella-notte-dei-gufi\/"},"author":{"name":"redazione","@id":"https:\/\/www.bellunopress.it\/#\/schema\/person\/79bb06722b37ece1c03d3e94beb30d73"},"headline":"Le icone di Giovanni Sogne risplendono nella notte dei gufi","datePublished":"2009-09-07T20:53:48+00:00","dateModified":"2009-09-07T20:55:14+00:00","mainEntityOfPage":{"@id":"https:\/\/www.bellunopress.it\/2009\/09\/07\/le-icone-di-giovanni-sogne-risplendono-nella-notte-dei-gufi\/"},"wordCount":526,"publisher":{"@id":"https:\/\/www.bellunopress.it\/#organization"},"image":{"@id":"https:\/\/www.bellunopress.it\/2009\/09\/07\/le-icone-di-giovanni-sogne-risplendono-nella-notte-dei-gufi\/#primaryimage"},"thumbnailUrl":"http:\/\/www.bellunopress.it\/wp-content\/uploads\/2009\/09\/giovanni-sogne-icona.jpg","keywords":["Belluno","Cadore"],"articleSection":["Arte, Cultura, Spettacoli, Scienza","Pausa Caff\u00e8"],"inLanguage":"fr-FR"},{"@type":"WebPage","@id":"https:\/\/www.bellunopress.it\/2009\/09\/07\/le-icone-di-giovanni-sogne-risplendono-nella-notte-dei-gufi\/","url":"https:\/\/www.bellunopress.it\/2009\/09\/07\/le-icone-di-giovanni-sogne-risplendono-nella-notte-dei-gufi\/","name":"Le icone di Giovanni Sogne risplendono nella notte dei gufi - Bellunopress - Dolomiti","isPartOf":{"@id":"https:\/\/www.bellunopress.it\/#website"},"primaryImageOfPage":{"@id":"https:\/\/www.bellunopress.it\/2009\/09\/07\/le-icone-di-giovanni-sogne-risplendono-nella-notte-dei-gufi\/#primaryimage"},"image":{"@id":"https:\/\/www.bellunopress.it\/2009\/09\/07\/le-icone-di-giovanni-sogne-risplendono-nella-notte-dei-gufi\/#primaryimage"},"thumbnailUrl":"http:\/\/www.bellunopress.it\/wp-content\/uploads\/2009\/09\/giovanni-sogne-icona.jpg","datePublished":"2009-09-07T20:53:48+00:00","dateModified":"2009-09-07T20:55:14+00:00","breadcrumb":{"@id":"https:\/\/www.bellunopress.it\/2009\/09\/07\/le-icone-di-giovanni-sogne-risplendono-nella-notte-dei-gufi\/#breadcrumb"},"inLanguage":"fr-FR","potentialAction":[{"@type":"ReadAction","target":["https:\/\/www.bellunopress.it\/2009\/09\/07\/le-icone-di-giovanni-sogne-risplendono-nella-notte-dei-gufi\/"]}]},{"@type":"ImageObject","inLanguage":"fr-FR","@id":"https:\/\/www.bellunopress.it\/2009\/09\/07\/le-icone-di-giovanni-sogne-risplendono-nella-notte-dei-gufi\/#primaryimage","url":"http:\/\/www.bellunopress.it\/wp-content\/uploads\/2009\/09\/giovanni-sogne-icona.jpg","contentUrl":"http:\/\/www.bellunopress.it\/wp-content\/uploads\/2009\/09\/giovanni-sogne-icona.jpg"},{"@type":"BreadcrumbList","@id":"https:\/\/www.bellunopress.it\/2009\/09\/07\/le-icone-di-giovanni-sogne-risplendono-nella-notte-dei-gufi\/#breadcrumb","itemListElement":[{"@type":"ListItem","position":1,"name":"Home","item":"https:\/\/www.bellunopress.it\/"},{"@type":"ListItem","position":2,"name":"Le icone di Giovanni Sogne risplendono nella notte dei gufi"}]},{"@type":"WebSite","@id":"https:\/\/www.bellunopress.it\/#website","url":"https:\/\/www.bellunopress.it\/","name":"Bellunopress - Dolomiti","description":"e-mail: redazione@bellunopress.it","publisher":{"@id":"https:\/\/www.bellunopress.it\/#organization"},"potentialAction":[{"@type":"SearchAction","target":{"@type":"EntryPoint","urlTemplate":"https:\/\/www.bellunopress.it\/?s={search_term_string}"},"query-input":{"@type":"PropertyValueSpecification","valueRequired":true,"valueName":"search_term_string"}}],"inLanguage":"fr-FR"},{"@type":"Organization","@id":"https:\/\/www.bellunopress.it\/#organization","name":"Bellunopress","url":"https:\/\/www.bellunopress.it\/","logo":{"@type":"ImageObject","inLanguage":"fr-FR","@id":"https:\/\/www.bellunopress.it\/#\/schema\/logo\/image\/","url":"https:\/\/www.bellunopress.it\/wp-content\/uploads\/2011\/05\/cropped-logo-bellunopress-.jpg","contentUrl":"https:\/\/www.bellunopress.it\/wp-content\/uploads\/2011\/05\/cropped-logo-bellunopress-.jpg","width":512,"height":512,"caption":"Bellunopress"},"image":{"@id":"https:\/\/www.bellunopress.it\/#\/schema\/logo\/image\/"},"sameAs":["https:\/\/www.facebook.com\/profile.php?id=100008943462799","https:\/\/x.com\/bellunopress","https:\/\/www.linkedin.com\/hp\/?dnr=JBzUWaJfMUw8vbXJJ2tVW5-I3jZKvC4wsoxE&amp;amp;amp;amp;amp;amp;trk=nav_responsive_tab_home","https:\/\/www.youtube.com\/channel\/UCxL0wu1uN0_3_7hGG0306cw"]},{"@type":"Person","@id":"https:\/\/www.bellunopress.it\/#\/schema\/person\/79bb06722b37ece1c03d3e94beb30d73","name":"r\u00e9daction","image":{"@type":"ImageObject","inLanguage":"fr-FR","@id":"https:\/\/secure.gravatar.com\/avatar\/37d968a2e67a6fd04c169c4bdef102d0bc5d31b2546345219e348575eb80e9a0?s=96&d=mm&r=g","url":"https:\/\/secure.gravatar.com\/avatar\/37d968a2e67a6fd04c169c4bdef102d0bc5d31b2546345219e348575eb80e9a0?s=96&d=mm&r=g","contentUrl":"https:\/\/secure.gravatar.com\/avatar\/37d968a2e67a6fd04c169c4bdef102d0bc5d31b2546345219e348575eb80e9a0?s=96&d=mm&r=g","caption":"redazione"},"sameAs":["http:\/\/www.bellunopress.it","https:\/\/x.com\/bellunopress"],"url":"https:\/\/www.bellunopress.it\/fr\/author\/redazione\/"}]}},"_links":{"self":[{"href":"https:\/\/www.bellunopress.it\/fr\/wp-json\/wp\/v2\/posts\/7837","targetHints":{"allow":["GET"]}}],"collection":[{"href":"https:\/\/www.bellunopress.it\/fr\/wp-json\/wp\/v2\/posts"}],"about":[{"href":"https:\/\/www.bellunopress.it\/fr\/wp-json\/wp\/v2\/types\/post"}],"author":[{"embeddable":true,"href":"https:\/\/www.bellunopress.it\/fr\/wp-json\/wp\/v2\/users\/2"}],"replies":[{"embeddable":true,"href":"https:\/\/www.bellunopress.it\/fr\/wp-json\/wp\/v2\/comments?post=7837"}],"version-history":[{"count":2,"href":"https:\/\/www.bellunopress.it\/fr\/wp-json\/wp\/v2\/posts\/7837\/revisions"}],"predecessor-version":[{"id":7840,"href":"https:\/\/www.bellunopress.it\/fr\/wp-json\/wp\/v2\/posts\/7837\/revisions\/7840"}],"wp:attachment":[{"href":"https:\/\/www.bellunopress.it\/fr\/wp-json\/wp\/v2\/media?parent=7837"}],"wp:term":[{"taxonomy":"category","embeddable":true,"href":"https:\/\/www.bellunopress.it\/fr\/wp-json\/wp\/v2\/categories?post=7837"},{"taxonomy":"post_tag","embeddable":true,"href":"https:\/\/www.bellunopress.it\/fr\/wp-json\/wp\/v2\/tags?post=7837"}],"curies":[{"name":"wp","href":"https:\/\/api.w.org\/{rel}","templated":true}]}}