{"id":7832,"date":"2009-09-07T21:30:16","date_gmt":"2009-09-07T20:30:16","guid":{"rendered":"http:\/\/www.bellunopress.it\/?p=7832"},"modified":"2009-09-07T21:30:16","modified_gmt":"2009-09-07T20:30:16","slug":"sfida-vinta-per-luniversita-bellunese-successo-oltre-le-aspettative-per-i-corsi-proposti","status":"publish","type":"post","link":"https:\/\/www.bellunopress.it\/fr\/2009\/09\/07\/sfida-vinta-per-luniversita-bellunese-successo-oltre-le-aspettative-per-i-corsi-proposti\/","title":{"rendered":"Sfida vinta per l&#8217;universit\u00e0 bellunese: successo oltre le aspettative per i corsi proposti"},"content":{"rendered":"<p>Chiude nel segno di un successo oltre le aspettative il calendario delle proposte formative estive dell\u2019Universit\u00e0 della provincia di Belluno. Gli ultimi quattro corsi, al via proprio in questi giorni, hanno registrato infatti un numero di iscritti\u00a0 pari o superiore a quello previsto in fase di programmazione delle iniziative, confermando un trend che ha caratterizzato l\u2019intero pacchetto di iniziative formative proposte per l\u2019estate 2009 dalla Fondazione per l\u2019Universit\u00e0 e l\u2019Alta Cultura in Provincia di Belluno. Venti i partecipanti al corso in \u201cTerritorio e cambiamenti climatici\u201d avviato luned\u00ec 31 in collaborazione con IUAV &#8211; Istituto Universitario di Architettura di Venezia e che si \u00e8 concluso domenica 6 settembre. Si tratta di studenti dell\u2019ateneo veneziano ma anche di professionisti, richiamati a Feltre dalla qualit\u00e0 della proposta ma anche dalle peculiarit\u00e0 offerte dal contesto ambientale della nostra Provincia. Poich\u00e9 in gran parte montano, esso<br \/>\ncostituisce infatti una straordinaria piattaforma per monitorare il cambiamento climatico e i suoi effetti. \u201cLe aree montane \u2013 spiegano infatti i responsabili del corso &#8211; possono essere considerate rappresentative di un&#8217;area vasta che solo teoricamente risulta ancora incontaminata; inoltre le montagne influenzano<br \/>\nil clima locale e globale, sebbene il loro ruolo in tal senso non sia sempre compreso fino in fondo. Solo un monitoraggio ambientale accurato pu\u00f2 ampliare la conoscenza dei fenomeni in corso ma, soprattutto, aiutare nella definizione delle politiche per la conservazione degli habitat e per uno sviluppo<br \/>\nsostenibile dei sistemi montani\u201d. Al via invece\u00a0 luned\u00ec 7 settembre il corso in Metodi Innovativi nell&#8217;Analisi<br \/>\nChimica Ambientale promosso dalla Fondazione in collaborazione con l\u2019Universit\u00e0 Ca\u2019 Foscari di Venezia. \u201cSi tratta di una proposta formativa altamente specializzata,\u00a0 rivolta a 25 professionisti ed esperti. Sotto la direzione del feltrino Prof. Barbante e con il supporto di un corpo docente costituito da ricercatori affermati a livello internazionale gli studenti acquisiranno conoscenza sui pi\u00f9 recenti sviluppi delle metodiche e strategie di campionamento e sui pi\u00f9 moderni metodi analitici applicati alle matrici ambientali quali aria, acqua, suoli e sedimenti; lo scopo finale \u00e8 quello di fornire ai partecipanti gli strumenti di conoscenza e valutazione per poter scegliere la strategia analitica pi\u00f9 appropriata in relazione al problema ambientale da affrontare. Dalla chimica all\u2019archeologia: parte infatti il 7 settembre presso il campus di anche il secondo modulo del laboratorio di archeometria diretto dal docente dell\u2019ateneo veneziano Sauro Gelichi dedicato agli studenti del corso di laurea triennale dell\u2019Universit\u00e0 C\u00e0 Foscari di Venezia, con indirizzo archeologico ed<br \/>\nartistico. Una decina i partecipanti, per una proposta che fino a venerd\u00ec 4 far\u00e0 di Feltre un polo per l\u2019alta formazione nel settore dell\u2019archeologia. Chiude il calendario delle proposte formative estive dell\u2019universit\u00e0<br \/>\nbellunese il corso interateneo di Progettazione e gestione avanzata degli impianti di depurazione ed energie rinnovabili promosso dall\u2019ente presieduto da Rasi Caldogno in collaborazione con gli atenei di Venezia e Verona. Il via luned\u00ec 14 settembre ma \u2013 fanno sapere dalle segreterie delle due universit\u00e0 \u2013 sono gi\u00e0 oltre 40 gli iscritti: progettisti, tecnici responsabili, operatori specializzati di impianto. e studenti laureati intenzionati ad acquisire ulteriore formazione post lauream. Un tale successo va letto anche alla luce<br \/>\ndella qualit\u00e0 ed affidabilit\u00e0 garantita alla proposta da un corpo docente di assoluto livello e dell\u2019estrema attualit\u00e0 delle tematiche trattate. Spiega infatti Franco Checchi, direttore del corso con il collega veneziano Paolo Pavan: \u201cLa necessit\u00e0 di adeguare i processi depurativi alle recenti normative, ha portato nel corso dell\u2019ultimo decennio ad un\u2019evoluzione delle tecnologie a disposizione, derivata principalmente dallo studio, dall\u2019ottimizzazione dei processi depurativi e dallo sviluppo dei sistemi di controllo di processo. Le<br \/>\ntecnologie che si sono sviluppate e diffuse sul mercato sono oggi in grado di offrire una depurazione di qualit\u00e0 che prevede il riutilizzo delle acque depurate, la riduzione dei consumi energetici, la rimozione dell\u2019azoto con elevate prestazioni, la riduzione dei fanghi ed il recupero di energia da fonti<br \/>\nrinnovabili. L\u2019applicazione di queste tecnologie innovative negli impianti esistenti e nuovi, richiede il traferimento delle conoscenze tra gli esperti del settore, sia a livello accademico che professionale, ed i tecnici responsabili d\u2019impianto. Ci\u00f2 mediante l\u2019analisi di concreti casi di studio ed esercitazioni pratiche di dimensionamento basate sulle pi\u00f9 recenti logiche di upgrading impiantistico e gestionale, per verificarne e condividerne la fattibilit\u00e0 e la sostenibilit\u00e0. E scopo della summer school \u00e8 proprio di fornire un modulo completo di formazione avanzata per la gestione allo stato dell\u2019arte dei processi depurativi tradizionali ed avanzati\u201d.<\/p>","protected":false},"excerpt":{"rendered":"<p>Chiude nel segno di un successo oltre le aspettative il calendario delle proposte formative estive dell\u2019Universit\u00e0 della provincia di Belluno. Gli ultimi quattro corsi, al via proprio in questi giorni, hanno registrato infatti un numero di iscritti\u00a0 pari o superiore a quello previsto in fase di programmazione delle iniziative, confermando un trend che ha caratterizzato [&hellip;]<\/p>\n","protected":false},"author":2,"featured_media":0,"comment_status":"closed","ping_status":"open","sticky":false,"template":"","format":"standard","meta":{"footnotes":""},"categories":[15],"tags":[139,302,2261],"class_list":["post-7832","post","type-post","status-publish","format-standard","category-scuola","tag-belluno","tag-feltre","tag-feltrino"],"yoast_head":"<!-- This site is optimized with the Yoast SEO plugin v28.4 - https:\/\/yoast.com\/product\/yoast-seo-wordpress\/ -->\n<title>Sfida vinta per l&#039;universit\u00e0 bellunese: successo oltre le aspettative per i corsi proposti - Bellunopress - Dolomiti<\/title>\n<meta name=\"robots\" content=\"index, follow, max-snippet:-1, max-image-preview:large, max-video-preview:-1\" \/>\n<link rel=\"canonical\" href=\"https:\/\/www.bellunopress.it\/fr\/2009\/09\/07\/sfida-vinta-per-luniversita-bellunese-successo-oltre-le-aspettative-per-i-corsi-proposti\/\" \/>\n<meta property=\"og:locale\" content=\"fr_FR\" \/>\n<meta property=\"og:type\" content=\"article\" \/>\n<meta property=\"og:title\" content=\"Sfida vinta per l&#039;universit\u00e0 bellunese: successo oltre le aspettative per i corsi proposti - Bellunopress - Dolomiti\" \/>\n<meta property=\"og:description\" content=\"Chiude nel segno di un successo oltre le aspettative il calendario delle proposte formative estive dell\u2019Universit\u00e0 della provincia di Belluno. Gli ultimi quattro corsi, al via proprio in questi giorni, hanno registrato infatti un numero di iscritti\u00a0 pari o superiore a quello previsto in fase di programmazione delle iniziative, confermando un trend che ha caratterizzato [&hellip;]\" \/>\n<meta property=\"og:url\" content=\"https:\/\/www.bellunopress.it\/fr\/2009\/09\/07\/sfida-vinta-per-luniversita-bellunese-successo-oltre-le-aspettative-per-i-corsi-proposti\/\" \/>\n<meta property=\"og:site_name\" content=\"Bellunopress - Dolomiti\" \/>\n<meta property=\"article:publisher\" content=\"https:\/\/www.facebook.com\/profile.php?id=100008943462799\" \/>\n<meta property=\"article:published_time\" content=\"2009-09-07T20:30:16+00:00\" \/>\n<meta property=\"og:image\" content=\"http:\/\/www.bellunopress.it\/wp-content\/uploads\/2012\/07\/logo-bellunopress-250x250-2012.jpg\" \/>\n<meta name=\"author\" content=\"redazione\" \/>\n<meta name=\"twitter:card\" content=\"summary_large_image\" \/>\n<meta name=\"twitter:creator\" content=\"@bellunopress\" \/>\n<meta name=\"twitter:site\" content=\"@bellunopress\" \/>\n<meta name=\"twitter:label1\" content=\"\u00c9crit par\" \/>\n\t<meta name=\"twitter:data1\" content=\"redazione\" \/>\n\t<meta name=\"twitter:label2\" content=\"Dur\u00e9e de lecture estim\u00e9e\" \/>\n\t<meta name=\"twitter:data2\" content=\"4 minutes\" \/>\n<script type=\"application\/ld+json\" class=\"yoast-schema-graph\">{\"@context\":\"https:\\\/\\\/schema.org\",\"@graph\":[{\"@type\":\"Article\",\"@id\":\"https:\\\/\\\/www.bellunopress.it\\\/2009\\\/09\\\/07\\\/sfida-vinta-per-luniversita-bellunese-successo-oltre-le-aspettative-per-i-corsi-proposti\\\/#article\",\"isPartOf\":{\"@id\":\"https:\\\/\\\/www.bellunopress.it\\\/2009\\\/09\\\/07\\\/sfida-vinta-per-luniversita-bellunese-successo-oltre-le-aspettative-per-i-corsi-proposti\\\/\"},\"author\":{\"name\":\"redazione\",\"@id\":\"https:\\\/\\\/www.bellunopress.it\\\/#\\\/schema\\\/person\\\/79bb06722b37ece1c03d3e94beb30d73\"},\"headline\":\"Sfida vinta per l&#8217;universit\u00e0 bellunese: successo oltre le aspettative per i corsi proposti\",\"datePublished\":\"2009-09-07T20:30:16+00:00\",\"mainEntityOfPage\":{\"@id\":\"https:\\\/\\\/www.bellunopress.it\\\/2009\\\/09\\\/07\\\/sfida-vinta-per-luniversita-bellunese-successo-oltre-le-aspettative-per-i-corsi-proposti\\\/\"},\"wordCount\":745,\"publisher\":{\"@id\":\"https:\\\/\\\/www.bellunopress.it\\\/#organization\"},\"keywords\":[\"Belluno\",\"Feltre\",\"feltrino\"],\"articleSection\":[\"Scuola\"],\"inLanguage\":\"fr-FR\"},{\"@type\":\"WebPage\",\"@id\":\"https:\\\/\\\/www.bellunopress.it\\\/2009\\\/09\\\/07\\\/sfida-vinta-per-luniversita-bellunese-successo-oltre-le-aspettative-per-i-corsi-proposti\\\/\",\"url\":\"https:\\\/\\\/www.bellunopress.it\\\/2009\\\/09\\\/07\\\/sfida-vinta-per-luniversita-bellunese-successo-oltre-le-aspettative-per-i-corsi-proposti\\\/\",\"name\":\"Sfida vinta per l'universit\u00e0 bellunese: successo oltre le aspettative per i corsi proposti - Bellunopress - Dolomiti\",\"isPartOf\":{\"@id\":\"https:\\\/\\\/www.bellunopress.it\\\/#website\"},\"datePublished\":\"2009-09-07T20:30:16+00:00\",\"breadcrumb\":{\"@id\":\"https:\\\/\\\/www.bellunopress.it\\\/2009\\\/09\\\/07\\\/sfida-vinta-per-luniversita-bellunese-successo-oltre-le-aspettative-per-i-corsi-proposti\\\/#breadcrumb\"},\"inLanguage\":\"fr-FR\",\"potentialAction\":[{\"@type\":\"ReadAction\",\"target\":[\"https:\\\/\\\/www.bellunopress.it\\\/2009\\\/09\\\/07\\\/sfida-vinta-per-luniversita-bellunese-successo-oltre-le-aspettative-per-i-corsi-proposti\\\/\"]}]},{\"@type\":\"BreadcrumbList\",\"@id\":\"https:\\\/\\\/www.bellunopress.it\\\/2009\\\/09\\\/07\\\/sfida-vinta-per-luniversita-bellunese-successo-oltre-le-aspettative-per-i-corsi-proposti\\\/#breadcrumb\",\"itemListElement\":[{\"@type\":\"ListItem\",\"position\":1,\"name\":\"Home\",\"item\":\"https:\\\/\\\/www.bellunopress.it\\\/\"},{\"@type\":\"ListItem\",\"position\":2,\"name\":\"Sfida vinta per l&#8217;universit\u00e0 bellunese: successo oltre le aspettative per i corsi proposti\"}]},{\"@type\":\"WebSite\",\"@id\":\"https:\\\/\\\/www.bellunopress.it\\\/#website\",\"url\":\"https:\\\/\\\/www.bellunopress.it\\\/\",\"name\":\"Bellunopress - Dolomiti\",\"description\":\"e-mail: redazione@bellunopress.it\",\"publisher\":{\"@id\":\"https:\\\/\\\/www.bellunopress.it\\\/#organization\"},\"potentialAction\":[{\"@type\":\"SearchAction\",\"target\":{\"@type\":\"EntryPoint\",\"urlTemplate\":\"https:\\\/\\\/www.bellunopress.it\\\/?s={search_term_string}\"},\"query-input\":{\"@type\":\"PropertyValueSpecification\",\"valueRequired\":true,\"valueName\":\"search_term_string\"}}],\"inLanguage\":\"fr-FR\"},{\"@type\":\"Organization\",\"@id\":\"https:\\\/\\\/www.bellunopress.it\\\/#organization\",\"name\":\"Bellunopress\",\"url\":\"https:\\\/\\\/www.bellunopress.it\\\/\",\"logo\":{\"@type\":\"ImageObject\",\"inLanguage\":\"fr-FR\",\"@id\":\"https:\\\/\\\/www.bellunopress.it\\\/#\\\/schema\\\/logo\\\/image\\\/\",\"url\":\"https:\\\/\\\/www.bellunopress.it\\\/wp-content\\\/uploads\\\/2011\\\/05\\\/cropped-logo-bellunopress-.jpg\",\"contentUrl\":\"https:\\\/\\\/www.bellunopress.it\\\/wp-content\\\/uploads\\\/2011\\\/05\\\/cropped-logo-bellunopress-.jpg\",\"width\":512,\"height\":512,\"caption\":\"Bellunopress\"},\"image\":{\"@id\":\"https:\\\/\\\/www.bellunopress.it\\\/#\\\/schema\\\/logo\\\/image\\\/\"},\"sameAs\":[\"https:\\\/\\\/www.facebook.com\\\/profile.php?id=100008943462799\",\"https:\\\/\\\/x.com\\\/bellunopress\",\"https:\\\/\\\/www.linkedin.com\\\/hp\\\/?dnr=JBzUWaJfMUw8vbXJJ2tVW5-I3jZKvC4wsoxE&amp;amp;amp;amp;amp;amp;trk=nav_responsive_tab_home\",\"https:\\\/\\\/www.youtube.com\\\/channel\\\/UCxL0wu1uN0_3_7hGG0306cw\"]},{\"@type\":\"Person\",\"@id\":\"https:\\\/\\\/www.bellunopress.it\\\/#\\\/schema\\\/person\\\/79bb06722b37ece1c03d3e94beb30d73\",\"name\":\"redazione\",\"image\":{\"@type\":\"ImageObject\",\"inLanguage\":\"fr-FR\",\"@id\":\"https:\\\/\\\/secure.gravatar.com\\\/avatar\\\/37d968a2e67a6fd04c169c4bdef102d0bc5d31b2546345219e348575eb80e9a0?s=96&d=mm&r=g\",\"url\":\"https:\\\/\\\/secure.gravatar.com\\\/avatar\\\/37d968a2e67a6fd04c169c4bdef102d0bc5d31b2546345219e348575eb80e9a0?s=96&d=mm&r=g\",\"contentUrl\":\"https:\\\/\\\/secure.gravatar.com\\\/avatar\\\/37d968a2e67a6fd04c169c4bdef102d0bc5d31b2546345219e348575eb80e9a0?s=96&d=mm&r=g\",\"caption\":\"redazione\"},\"sameAs\":[\"http:\\\/\\\/www.bellunopress.it\",\"https:\\\/\\\/x.com\\\/bellunopress\"],\"url\":\"https:\\\/\\\/www.bellunopress.it\\\/fr\\\/author\\\/redazione\\\/\"}]}<\/script>\n<!-- \/ Yoast SEO plugin. -->","yoast_head_json":{"title":"Sfida vinta per l'universit\u00e0 bellunese: successo oltre le aspettative per i corsi proposti - Bellunopress - Dolomiti","robots":{"index":"index","follow":"follow","max-snippet":"max-snippet:-1","max-image-preview":"max-image-preview:large","max-video-preview":"max-video-preview:-1"},"canonical":"https:\/\/www.bellunopress.it\/fr\/2009\/09\/07\/sfida-vinta-per-luniversita-bellunese-successo-oltre-le-aspettative-per-i-corsi-proposti\/","og_locale":"fr_FR","og_type":"article","og_title":"Sfida vinta per l'universit\u00e0 bellunese: successo oltre le aspettative per i corsi proposti - Bellunopress - Dolomiti","og_description":"Chiude nel segno di un successo oltre le aspettative il calendario delle proposte formative estive dell\u2019Universit\u00e0 della provincia di Belluno. Gli ultimi quattro corsi, al via proprio in questi giorni, hanno registrato infatti un numero di iscritti\u00a0 pari o superiore a quello previsto in fase di programmazione delle iniziative, confermando un trend che ha caratterizzato [&hellip;]","og_url":"https:\/\/www.bellunopress.it\/fr\/2009\/09\/07\/sfida-vinta-per-luniversita-bellunese-successo-oltre-le-aspettative-per-i-corsi-proposti\/","og_site_name":"Bellunopress - Dolomiti","article_publisher":"https:\/\/www.facebook.com\/profile.php?id=100008943462799","article_published_time":"2009-09-07T20:30:16+00:00","og_image":[{"url":"http:\/\/www.bellunopress.it\/wp-content\/uploads\/2012\/07\/logo-bellunopress-250x250-2012.jpg","type":"","width":"","height":""}],"author":"redazione","twitter_card":"summary_large_image","twitter_creator":"@bellunopress","twitter_site":"@bellunopress","twitter_misc":{"\u00c9crit par":"redazione","Dur\u00e9e de lecture estim\u00e9e":"4 minutes"},"schema":{"@context":"https:\/\/schema.org","@graph":[{"@type":"Article","@id":"https:\/\/www.bellunopress.it\/2009\/09\/07\/sfida-vinta-per-luniversita-bellunese-successo-oltre-le-aspettative-per-i-corsi-proposti\/#article","isPartOf":{"@id":"https:\/\/www.bellunopress.it\/2009\/09\/07\/sfida-vinta-per-luniversita-bellunese-successo-oltre-le-aspettative-per-i-corsi-proposti\/"},"author":{"name":"redazione","@id":"https:\/\/www.bellunopress.it\/#\/schema\/person\/79bb06722b37ece1c03d3e94beb30d73"},"headline":"Sfida vinta per l&#8217;universit\u00e0 bellunese: successo oltre le aspettative per i corsi proposti","datePublished":"2009-09-07T20:30:16+00:00","mainEntityOfPage":{"@id":"https:\/\/www.bellunopress.it\/2009\/09\/07\/sfida-vinta-per-luniversita-bellunese-successo-oltre-le-aspettative-per-i-corsi-proposti\/"},"wordCount":745,"publisher":{"@id":"https:\/\/www.bellunopress.it\/#organization"},"keywords":["Belluno","Feltre","feltrino"],"articleSection":["Scuola"],"inLanguage":"fr-FR"},{"@type":"WebPage","@id":"https:\/\/www.bellunopress.it\/2009\/09\/07\/sfida-vinta-per-luniversita-bellunese-successo-oltre-le-aspettative-per-i-corsi-proposti\/","url":"https:\/\/www.bellunopress.it\/2009\/09\/07\/sfida-vinta-per-luniversita-bellunese-successo-oltre-le-aspettative-per-i-corsi-proposti\/","name":"Sfida vinta per l'universit\u00e0 bellunese: successo oltre le aspettative per i corsi proposti - Bellunopress - Dolomiti","isPartOf":{"@id":"https:\/\/www.bellunopress.it\/#website"},"datePublished":"2009-09-07T20:30:16+00:00","breadcrumb":{"@id":"https:\/\/www.bellunopress.it\/2009\/09\/07\/sfida-vinta-per-luniversita-bellunese-successo-oltre-le-aspettative-per-i-corsi-proposti\/#breadcrumb"},"inLanguage":"fr-FR","potentialAction":[{"@type":"ReadAction","target":["https:\/\/www.bellunopress.it\/2009\/09\/07\/sfida-vinta-per-luniversita-bellunese-successo-oltre-le-aspettative-per-i-corsi-proposti\/"]}]},{"@type":"BreadcrumbList","@id":"https:\/\/www.bellunopress.it\/2009\/09\/07\/sfida-vinta-per-luniversita-bellunese-successo-oltre-le-aspettative-per-i-corsi-proposti\/#breadcrumb","itemListElement":[{"@type":"ListItem","position":1,"name":"Home","item":"https:\/\/www.bellunopress.it\/"},{"@type":"ListItem","position":2,"name":"Sfida vinta per l&#8217;universit\u00e0 bellunese: successo oltre le aspettative per i corsi proposti"}]},{"@type":"WebSite","@id":"https:\/\/www.bellunopress.it\/#website","url":"https:\/\/www.bellunopress.it\/","name":"Bellunopress - Dolomiti","description":"e-mail: redazione@bellunopress.it","publisher":{"@id":"https:\/\/www.bellunopress.it\/#organization"},"potentialAction":[{"@type":"SearchAction","target":{"@type":"EntryPoint","urlTemplate":"https:\/\/www.bellunopress.it\/?s={search_term_string}"},"query-input":{"@type":"PropertyValueSpecification","valueRequired":true,"valueName":"search_term_string"}}],"inLanguage":"fr-FR"},{"@type":"Organization","@id":"https:\/\/www.bellunopress.it\/#organization","name":"Bellunopress","url":"https:\/\/www.bellunopress.it\/","logo":{"@type":"ImageObject","inLanguage":"fr-FR","@id":"https:\/\/www.bellunopress.it\/#\/schema\/logo\/image\/","url":"https:\/\/www.bellunopress.it\/wp-content\/uploads\/2011\/05\/cropped-logo-bellunopress-.jpg","contentUrl":"https:\/\/www.bellunopress.it\/wp-content\/uploads\/2011\/05\/cropped-logo-bellunopress-.jpg","width":512,"height":512,"caption":"Bellunopress"},"image":{"@id":"https:\/\/www.bellunopress.it\/#\/schema\/logo\/image\/"},"sameAs":["https:\/\/www.facebook.com\/profile.php?id=100008943462799","https:\/\/x.com\/bellunopress","https:\/\/www.linkedin.com\/hp\/?dnr=JBzUWaJfMUw8vbXJJ2tVW5-I3jZKvC4wsoxE&amp;amp;amp;amp;amp;amp;trk=nav_responsive_tab_home","https:\/\/www.youtube.com\/channel\/UCxL0wu1uN0_3_7hGG0306cw"]},{"@type":"Person","@id":"https:\/\/www.bellunopress.it\/#\/schema\/person\/79bb06722b37ece1c03d3e94beb30d73","name":"r\u00e9daction","image":{"@type":"ImageObject","inLanguage":"fr-FR","@id":"https:\/\/secure.gravatar.com\/avatar\/37d968a2e67a6fd04c169c4bdef102d0bc5d31b2546345219e348575eb80e9a0?s=96&d=mm&r=g","url":"https:\/\/secure.gravatar.com\/avatar\/37d968a2e67a6fd04c169c4bdef102d0bc5d31b2546345219e348575eb80e9a0?s=96&d=mm&r=g","contentUrl":"https:\/\/secure.gravatar.com\/avatar\/37d968a2e67a6fd04c169c4bdef102d0bc5d31b2546345219e348575eb80e9a0?s=96&d=mm&r=g","caption":"redazione"},"sameAs":["http:\/\/www.bellunopress.it","https:\/\/x.com\/bellunopress"],"url":"https:\/\/www.bellunopress.it\/fr\/author\/redazione\/"}]}},"_links":{"self":[{"href":"https:\/\/www.bellunopress.it\/fr\/wp-json\/wp\/v2\/posts\/7832","targetHints":{"allow":["GET"]}}],"collection":[{"href":"https:\/\/www.bellunopress.it\/fr\/wp-json\/wp\/v2\/posts"}],"about":[{"href":"https:\/\/www.bellunopress.it\/fr\/wp-json\/wp\/v2\/types\/post"}],"author":[{"embeddable":true,"href":"https:\/\/www.bellunopress.it\/fr\/wp-json\/wp\/v2\/users\/2"}],"replies":[{"embeddable":true,"href":"https:\/\/www.bellunopress.it\/fr\/wp-json\/wp\/v2\/comments?post=7832"}],"version-history":[{"count":1,"href":"https:\/\/www.bellunopress.it\/fr\/wp-json\/wp\/v2\/posts\/7832\/revisions"}],"predecessor-version":[{"id":7833,"href":"https:\/\/www.bellunopress.it\/fr\/wp-json\/wp\/v2\/posts\/7832\/revisions\/7833"}],"wp:attachment":[{"href":"https:\/\/www.bellunopress.it\/fr\/wp-json\/wp\/v2\/media?parent=7832"}],"wp:term":[{"taxonomy":"category","embeddable":true,"href":"https:\/\/www.bellunopress.it\/fr\/wp-json\/wp\/v2\/categories?post=7832"},{"taxonomy":"post_tag","embeddable":true,"href":"https:\/\/www.bellunopress.it\/fr\/wp-json\/wp\/v2\/tags?post=7832"}],"curies":[{"name":"wp","href":"https:\/\/api.w.org\/{rel}","templated":true}]}}