{"id":78308,"date":"2016-06-13T13:33:05","date_gmt":"2016-06-13T11:33:05","guid":{"rendered":"http:\/\/www.bellunopress.it\/?p=78308"},"modified":"2016-06-13T13:38:48","modified_gmt":"2016-06-13T11:38:48","slug":"bianchini-stefanelli-5-dolomiti-historic","status":"publish","type":"post","link":"https:\/\/www.bellunopress.it\/fr\/2016\/06\/13\/bianchini-stefanelli-5-dolomiti-historic\/","title":{"rendered":"A Bianchini e Stefanelli il 5\u00b0 Dolomiti Historic. Il duo della Lancia Rally 037 firma cinque parziali e si aggiudica un&#8217;avvincente Rally precedendo Baggio \u2013 Zanella e Fassina \u2013 Verdelli anch&#8217;essi su 03"},"content":{"rendered":"<figure id=\"attachment_78309\" aria-describedby=\"caption-attachment-78309\" style=\"width: 300px\" class=\"wp-caption alignleft\"><a href=\"http:\/\/www.bellunopress.it\/wp-content\/uploads\/2016\/06\/historic-dolomiti-racing-2016.jpg\"><img loading=\"lazy\" decoding=\"async\" class=\"size-full wp-image-78309\" src=\"http:\/\/www.bellunopress.it\/wp-content\/uploads\/2016\/06\/historic-dolomiti-racing-2016.jpg\" alt=\"Foto Davide Cesario\" width=\"300\" height=\"200\" \/><\/a><figcaption id=\"caption-attachment-78309\" class=\"wp-caption-text\"><em>Foto Davide Cesario<\/em><\/figcaption><\/figure>\n<p>Cortina d\u2019Ampezzo (BL), 13 giugno 2016 \u2013 Avvincente e combattuta la quinta edizione del Rally Dolomiti Historic che si \u00e8 da poco concluso con la vittoria di Marco Bianchini e Silvio Stefanelli che hanno preso il comando sulla prima prova del sabato, provvisoriamente ceduto a Baggio e poi riconquistato e ribadito dalla terza in poi con la firma di cinque delle otto prove speciali regolarmente disputate. Ci ha provato il meteo a rimescolare le carte con dei piovaschi sia nel primo che nel secondo giorno, rendendo ancor pi\u00f9 incerta la gara che dopo gli abbandoni da parte di Lucky, Basso e Costenaro nelle prime battute, \u00e8 diventata affare tra i tre equipaggi delle Gruppo B torinesi che hanno monopolizzato il podio finale. Con una gara attenta Agostino Iccolti e Giuseppe Ferrarelli colgono la vittoria in 2\u00b0 Raggruppamento con la Porsche 911 RSR Gruppo 4 con la quale realizzano la quarta prestazione assoluta precedendo la 911 SC Gruppo 4 di Lorenzo Delladio e Remo Bazzanella ai quali va la vittoria nel 3\u00b0 Raggruppamento dopo una bella sfida con Marco Nuti e Andrea Guerretti su Renault 5 Turbo Gruppo 4, alla fine sesti nella globale nella quale il settimo gradino viene occupato dall&#8217;Alfa Romeo Alfetta GTV Gruppo 2 di Gianluigi Baghin e Anna Ferro. Notevole la prestazione di Luciano e Lorena Chivelli, addirittura ottavi nell&#8217;assoluta e primi di classe con la Fiat 127 Sport Gruppo 2 con la quale precedono la Peugeot 205 Rallye Gruppo A di Mauro Taverna e Gianantonio Corso anch&#8217;essi in bella evidenza con un piccola cilindrata. Chiudono la top-ten Luigi Capsoni e Lucia Zambiasi con l&#8217;Alpine Renault A110-1300 con<br \/>\nla quale si aggiudicano la vittoria nel 1\u00b0 Raggruppamento.<br \/>\nLa cronaca del secondo giorno di gara &#8211; La gara riparte da una Cortina d&#8217;Ampezzo finalmente illuminata dal sole che porta un certo ottimismo tra i diciotto equipaggi rimasti in gara nel rally ed i ventotto della regolarit\u00e0. Si inizia con la \u201cPasso Cibiana\u201d, la pi\u00f9 lunga della giornata, nella quale Baggio pone la sua firma recuperando 2\u201d a Bianchini; distacchi pi\u00f9 significativi per Fassina, terzo, Delladio e<br \/>\nNuti, quarti e quinti ed in lotta per la supremazia nel 3\u00b0 Raggruppamento. Ancora in evidenza Chivelli con un notevole settimo tempo assoluto.<br \/>\nSull&#8217;insidiosa \u201cZopp\u00e8\u201d la reazione di Bianchini arriva puntuale con 2\u201d3 restituiti a Baggio; Iccolti stampa il terzo tempo davanti a Fassina e si arriva al riordino di Vodo di Cadore col rally che vede la lotta per la vittoria ristretta a Bianchini e Baggio separati da 11\u201d7. Fuori dai giochi Fassina, terzo a 1&#8217;45\u201d seguito da Iccolti, quarto e al comando nel 2\u00b0 Raggruppamento e da Delladio, quinto e in testa al 3\u00b0. Nessun ritiro nelle prime due prove della domenica e le diciotto vetture entrano in orario al riordino di Vodo.<\/p>\n<p>Secondo passaggio sul Cibiana ed il meteo ci mette nuovamente lo zampino scaricando pioggia su tutta la speciale che viene vinta da Bianchini che allunga su Baggio e porta a 16\u201d2 il vantaggio quando mancano i 7 chilometri dell&#8217;ultima decisiva prova; prosegue l&#8217;avvincente sfida tra la Renault 5 Turbo di Nuti e la Porsche 911 SC di Delladio per la supremazia nel 3\u00b0 Raggruppamento.<br \/>\nLa conclusiva Zopp\u00e8 2 vede il quinto sigillo di Bianchini e Stefanelli che chiudono in bellezza e si avviano al traguardo di Corso Italia per festeggiare la prima vittoria stagionale precedendo un combattivo Baggio in coppia con Zanella e il rientrante Fassina con Verdelli alle note, che ha dimostrato di non aver perso lo smalto del passato nonostante qualche problema di giovent\u00f9 della sua Lancia Rally.<\/p>\n<p>A Bianchini e Stefanelli oltre ai premi d&#8217;onore da regolamento anche i particolari ed esclusivi volanti in marmo realizzati da Domina Cristal e l&#8217;iscrizione omaggio al R.A.A.B. Historic che si svolger\u00e0 il 29 e 20 luglio a Castiglione dei Pepoli (BO).<br \/>\nCombattuto ed avvincente anche il Revival regolarit\u00e0 sport con un finale che ha richiesto l&#8217;applicazione della prova discriminante in quanto sia Andrea Giacoppo e Daniela Grillone Tecioiu su Autobianchi A112 Abarth, quanto Maurizio Senna e Lorena Zaffani su Volkswagen Golf Gti avevano chiuso con 33 penalit\u00e0.<br \/>\nDa regolamento si \u00e8 verificato l&#8217;esito del primo rilevamento nel quale Giacoppo \u00e8 stato pi\u00f9 preciso e questo gli ha permesso di aggiudicarsi la vittoria. Il podio \u00e8 stato completato da Giordano Mozzi e Sonia Cipriani su Opel Kadett Gt\/e.<\/p>","protected":false},"excerpt":{"rendered":"<p>Cortina d\u2019Ampezzo (BL), 13 giugno 2016 \u2013 Avvincente e combattuta la quinta edizione del Rally Dolomiti Historic che si \u00e8 da poco concluso con la vittoria di Marco Bianchini e Silvio Stefanelli che hanno preso il comando sulla prima prova del sabato, provvisoriamente ceduto a Baggio e poi riconquistato e ribadito dalla terza in poi [&hellip;]<\/p>\n","protected":false},"author":2,"featured_media":0,"comment_status":"closed","ping_status":"open","sticky":false,"template":"","format":"standard","meta":{"footnotes":""},"categories":[1],"tags":[],"class_list":["post-78308","post","type-post","status-publish","format-standard","category-leo"],"yoast_head":"<!-- This site is optimized with the Yoast SEO plugin v28.4 - https:\/\/yoast.com\/product\/yoast-seo-wordpress\/ -->\n<title>A Bianchini e Stefanelli il 5\u00b0 Dolomiti Historic. Il duo della Lancia Rally 037 firma cinque parziali e si aggiudica un&#039;avvincente Rally precedendo Baggio \u2013 Zanella e Fassina \u2013 Verdelli anch&#039;essi su 03 - Bellunopress - Dolomiti<\/title>\n<meta name=\"robots\" content=\"index, follow, max-snippet:-1, max-image-preview:large, max-video-preview:-1\" \/>\n<link rel=\"canonical\" href=\"https:\/\/www.bellunopress.it\/fr\/2016\/06\/13\/bianchini-stefanelli-5-dolomiti-historic\/\" \/>\n<meta property=\"og:locale\" content=\"fr_FR\" \/>\n<meta property=\"og:type\" content=\"article\" \/>\n<meta property=\"og:title\" content=\"A Bianchini e Stefanelli il 5\u00b0 Dolomiti Historic. Il duo della Lancia Rally 037 firma cinque parziali e si aggiudica un&#039;avvincente Rally precedendo Baggio \u2013 Zanella e Fassina \u2013 Verdelli anch&#039;essi su 03 - Bellunopress - Dolomiti\" \/>\n<meta property=\"og:description\" content=\"Cortina d\u2019Ampezzo (BL), 13 giugno 2016 \u2013 Avvincente e combattuta la quinta edizione del Rally Dolomiti Historic che si \u00e8 da poco concluso con la vittoria di Marco Bianchini e Silvio Stefanelli che hanno preso il comando sulla prima prova del sabato, provvisoriamente ceduto a Baggio e poi riconquistato e ribadito dalla terza in poi [&hellip;]\" \/>\n<meta property=\"og:url\" content=\"https:\/\/www.bellunopress.it\/fr\/2016\/06\/13\/bianchini-stefanelli-5-dolomiti-historic\/\" \/>\n<meta property=\"og:site_name\" content=\"Bellunopress - Dolomiti\" \/>\n<meta property=\"article:publisher\" content=\"https:\/\/www.facebook.com\/profile.php?id=100008943462799\" \/>\n<meta property=\"article:published_time\" content=\"2016-06-13T11:33:05+00:00\" \/>\n<meta property=\"article:modified_time\" content=\"2016-06-13T11:38:48+00:00\" \/>\n<meta property=\"og:image\" content=\"http:\/\/www.bellunopress.it\/wp-content\/uploads\/2016\/06\/historic-dolomiti-racing-2016.jpg\" \/>\n<meta name=\"author\" content=\"redazione\" \/>\n<meta name=\"twitter:card\" content=\"summary_large_image\" \/>\n<meta name=\"twitter:creator\" content=\"@bellunopress\" \/>\n<meta name=\"twitter:site\" content=\"@bellunopress\" \/>\n<meta name=\"twitter:label1\" content=\"Written by\" \/>\n\t<meta name=\"twitter:data1\" content=\"redazione\" \/>\n\t<meta name=\"twitter:label2\" content=\"Est. reading time\" \/>\n\t<meta name=\"twitter:data2\" content=\"4 minutes\" \/>\n<script type=\"application\/ld+json\" class=\"yoast-schema-graph\">{\"@context\":\"https:\\\/\\\/schema.org\",\"@graph\":[{\"@type\":\"Article\",\"@id\":\"https:\\\/\\\/www.bellunopress.it\\\/2016\\\/06\\\/13\\\/bianchini-stefanelli-5-dolomiti-historic\\\/#article\",\"isPartOf\":{\"@id\":\"https:\\\/\\\/www.bellunopress.it\\\/2016\\\/06\\\/13\\\/bianchini-stefanelli-5-dolomiti-historic\\\/\"},\"author\":{\"name\":\"redazione\",\"@id\":\"https:\\\/\\\/www.bellunopress.it\\\/#\\\/schema\\\/person\\\/79bb06722b37ece1c03d3e94beb30d73\"},\"headline\":\"A Bianchini e Stefanelli il 5\u00b0 Dolomiti Historic. Il duo della Lancia Rally 037 firma cinque parziali e si aggiudica un&#8217;avvincente Rally precedendo Baggio \u2013 Zanella e Fassina \u2013 Verdelli anch&#8217;essi su 03\",\"datePublished\":\"2016-06-13T11:33:05+00:00\",\"dateModified\":\"2016-06-13T11:38:48+00:00\",\"mainEntityOfPage\":{\"@id\":\"https:\\\/\\\/www.bellunopress.it\\\/2016\\\/06\\\/13\\\/bianchini-stefanelli-5-dolomiti-historic\\\/\"},\"wordCount\":741,\"publisher\":{\"@id\":\"https:\\\/\\\/www.bellunopress.it\\\/#organization\"},\"image\":{\"@id\":\"https:\\\/\\\/www.bellunopress.it\\\/2016\\\/06\\\/13\\\/bianchini-stefanelli-5-dolomiti-historic\\\/#primaryimage\"},\"thumbnailUrl\":\"http:\\\/\\\/www.bellunopress.it\\\/wp-content\\\/uploads\\\/2016\\\/06\\\/historic-dolomiti-racing-2016.jpg\",\"articleSection\":[\"Lettere Opinioni\"],\"inLanguage\":\"fr-FR\"},{\"@type\":\"WebPage\",\"@id\":\"https:\\\/\\\/www.bellunopress.it\\\/2016\\\/06\\\/13\\\/bianchini-stefanelli-5-dolomiti-historic\\\/\",\"url\":\"https:\\\/\\\/www.bellunopress.it\\\/2016\\\/06\\\/13\\\/bianchini-stefanelli-5-dolomiti-historic\\\/\",\"name\":\"A Bianchini e Stefanelli il 5\u00b0 Dolomiti Historic. Il duo della Lancia Rally 037 firma cinque parziali e si aggiudica un'avvincente Rally precedendo Baggio \u2013 Zanella e Fassina \u2013 Verdelli anch'essi su 03 - Bellunopress - Dolomiti\",\"isPartOf\":{\"@id\":\"https:\\\/\\\/www.bellunopress.it\\\/#website\"},\"primaryImageOfPage\":{\"@id\":\"https:\\\/\\\/www.bellunopress.it\\\/2016\\\/06\\\/13\\\/bianchini-stefanelli-5-dolomiti-historic\\\/#primaryimage\"},\"image\":{\"@id\":\"https:\\\/\\\/www.bellunopress.it\\\/2016\\\/06\\\/13\\\/bianchini-stefanelli-5-dolomiti-historic\\\/#primaryimage\"},\"thumbnailUrl\":\"http:\\\/\\\/www.bellunopress.it\\\/wp-content\\\/uploads\\\/2016\\\/06\\\/historic-dolomiti-racing-2016.jpg\",\"datePublished\":\"2016-06-13T11:33:05+00:00\",\"dateModified\":\"2016-06-13T11:38:48+00:00\",\"breadcrumb\":{\"@id\":\"https:\\\/\\\/www.bellunopress.it\\\/2016\\\/06\\\/13\\\/bianchini-stefanelli-5-dolomiti-historic\\\/#breadcrumb\"},\"inLanguage\":\"fr-FR\",\"potentialAction\":[{\"@type\":\"ReadAction\",\"target\":[\"https:\\\/\\\/www.bellunopress.it\\\/2016\\\/06\\\/13\\\/bianchini-stefanelli-5-dolomiti-historic\\\/\"]}]},{\"@type\":\"ImageObject\",\"inLanguage\":\"fr-FR\",\"@id\":\"https:\\\/\\\/www.bellunopress.it\\\/2016\\\/06\\\/13\\\/bianchini-stefanelli-5-dolomiti-historic\\\/#primaryimage\",\"url\":\"http:\\\/\\\/www.bellunopress.it\\\/wp-content\\\/uploads\\\/2016\\\/06\\\/historic-dolomiti-racing-2016.jpg\",\"contentUrl\":\"http:\\\/\\\/www.bellunopress.it\\\/wp-content\\\/uploads\\\/2016\\\/06\\\/historic-dolomiti-racing-2016.jpg\"},{\"@type\":\"BreadcrumbList\",\"@id\":\"https:\\\/\\\/www.bellunopress.it\\\/2016\\\/06\\\/13\\\/bianchini-stefanelli-5-dolomiti-historic\\\/#breadcrumb\",\"itemListElement\":[{\"@type\":\"ListItem\",\"position\":1,\"name\":\"Home\",\"item\":\"https:\\\/\\\/www.bellunopress.it\\\/\"},{\"@type\":\"ListItem\",\"position\":2,\"name\":\"A Bianchini e Stefanelli il 5\u00b0 Dolomiti Historic. Il duo della Lancia Rally 037 firma cinque parziali e si aggiudica un&#8217;avvincente Rally precedendo Baggio \u2013 Zanella e Fassina \u2013 Verdelli anch&#8217;essi su 03\"}]},{\"@type\":\"WebSite\",\"@id\":\"https:\\\/\\\/www.bellunopress.it\\\/#website\",\"url\":\"https:\\\/\\\/www.bellunopress.it\\\/\",\"name\":\"Bellunopress - Dolomiti\",\"description\":\"e-mail: redazione@bellunopress.it\",\"publisher\":{\"@id\":\"https:\\\/\\\/www.bellunopress.it\\\/#organization\"},\"potentialAction\":[{\"@type\":\"SearchAction\",\"target\":{\"@type\":\"EntryPoint\",\"urlTemplate\":\"https:\\\/\\\/www.bellunopress.it\\\/?s={search_term_string}\"},\"query-input\":{\"@type\":\"PropertyValueSpecification\",\"valueRequired\":true,\"valueName\":\"search_term_string\"}}],\"inLanguage\":\"fr-FR\"},{\"@type\":\"Organization\",\"@id\":\"https:\\\/\\\/www.bellunopress.it\\\/#organization\",\"name\":\"Bellunopress\",\"url\":\"https:\\\/\\\/www.bellunopress.it\\\/\",\"logo\":{\"@type\":\"ImageObject\",\"inLanguage\":\"fr-FR\",\"@id\":\"https:\\\/\\\/www.bellunopress.it\\\/#\\\/schema\\\/logo\\\/image\\\/\",\"url\":\"https:\\\/\\\/www.bellunopress.it\\\/wp-content\\\/uploads\\\/2011\\\/05\\\/cropped-logo-bellunopress-.jpg\",\"contentUrl\":\"https:\\\/\\\/www.bellunopress.it\\\/wp-content\\\/uploads\\\/2011\\\/05\\\/cropped-logo-bellunopress-.jpg\",\"width\":512,\"height\":512,\"caption\":\"Bellunopress\"},\"image\":{\"@id\":\"https:\\\/\\\/www.bellunopress.it\\\/#\\\/schema\\\/logo\\\/image\\\/\"},\"sameAs\":[\"https:\\\/\\\/www.facebook.com\\\/profile.php?id=100008943462799\",\"https:\\\/\\\/x.com\\\/bellunopress\",\"https:\\\/\\\/www.linkedin.com\\\/hp\\\/?dnr=JBzUWaJfMUw8vbXJJ2tVW5-I3jZKvC4wsoxE&amp;amp;amp;amp;amp;amp;trk=nav_responsive_tab_home\",\"https:\\\/\\\/www.youtube.com\\\/channel\\\/UCxL0wu1uN0_3_7hGG0306cw\"]},{\"@type\":\"Person\",\"@id\":\"https:\\\/\\\/www.bellunopress.it\\\/#\\\/schema\\\/person\\\/79bb06722b37ece1c03d3e94beb30d73\",\"name\":\"redazione\",\"image\":{\"@type\":\"ImageObject\",\"inLanguage\":\"fr-FR\",\"@id\":\"https:\\\/\\\/secure.gravatar.com\\\/avatar\\\/37d968a2e67a6fd04c169c4bdef102d0bc5d31b2546345219e348575eb80e9a0?s=96&d=mm&r=g\",\"url\":\"https:\\\/\\\/secure.gravatar.com\\\/avatar\\\/37d968a2e67a6fd04c169c4bdef102d0bc5d31b2546345219e348575eb80e9a0?s=96&d=mm&r=g\",\"contentUrl\":\"https:\\\/\\\/secure.gravatar.com\\\/avatar\\\/37d968a2e67a6fd04c169c4bdef102d0bc5d31b2546345219e348575eb80e9a0?s=96&d=mm&r=g\",\"caption\":\"redazione\"},\"sameAs\":[\"http:\\\/\\\/www.bellunopress.it\",\"https:\\\/\\\/x.com\\\/bellunopress\"],\"url\":\"https:\\\/\\\/www.bellunopress.it\\\/fr\\\/author\\\/redazione\\\/\"}]}<\/script>\n<!-- \/ Yoast SEO plugin. -->","yoast_head_json":{"title":"A Bianchini e Stefanelli il 5\u00b0 Dolomiti Historic. Il duo della Lancia Rally 037 firma cinque parziali e si aggiudica un'avvincente Rally precedendo Baggio \u2013 Zanella e Fassina \u2013 Verdelli anch'essi su 03 - Bellunopress - Dolomiti","robots":{"index":"index","follow":"follow","max-snippet":"max-snippet:-1","max-image-preview":"max-image-preview:large","max-video-preview":"max-video-preview:-1"},"canonical":"https:\/\/www.bellunopress.it\/fr\/2016\/06\/13\/bianchini-stefanelli-5-dolomiti-historic\/","og_locale":"fr_FR","og_type":"article","og_title":"A Bianchini e Stefanelli il 5\u00b0 Dolomiti Historic. Il duo della Lancia Rally 037 firma cinque parziali e si aggiudica un'avvincente Rally precedendo Baggio \u2013 Zanella e Fassina \u2013 Verdelli anch'essi su 03 - Bellunopress - Dolomiti","og_description":"Cortina d\u2019Ampezzo (BL), 13 giugno 2016 \u2013 Avvincente e combattuta la quinta edizione del Rally Dolomiti Historic che si \u00e8 da poco concluso con la vittoria di Marco Bianchini e Silvio Stefanelli che hanno preso il comando sulla prima prova del sabato, provvisoriamente ceduto a Baggio e poi riconquistato e ribadito dalla terza in poi [&hellip;]","og_url":"https:\/\/www.bellunopress.it\/fr\/2016\/06\/13\/bianchini-stefanelli-5-dolomiti-historic\/","og_site_name":"Bellunopress - Dolomiti","article_publisher":"https:\/\/www.facebook.com\/profile.php?id=100008943462799","article_published_time":"2016-06-13T11:33:05+00:00","article_modified_time":"2016-06-13T11:38:48+00:00","og_image":[{"url":"http:\/\/www.bellunopress.it\/wp-content\/uploads\/2016\/06\/historic-dolomiti-racing-2016.jpg","type":"","width":"","height":""}],"author":"redazione","twitter_card":"summary_large_image","twitter_creator":"@bellunopress","twitter_site":"@bellunopress","twitter_misc":{"Written by":"redazione","Est. reading time":"4 minutes"},"schema":{"@context":"https:\/\/schema.org","@graph":[{"@type":"Article","@id":"https:\/\/www.bellunopress.it\/2016\/06\/13\/bianchini-stefanelli-5-dolomiti-historic\/#article","isPartOf":{"@id":"https:\/\/www.bellunopress.it\/2016\/06\/13\/bianchini-stefanelli-5-dolomiti-historic\/"},"author":{"name":"redazione","@id":"https:\/\/www.bellunopress.it\/#\/schema\/person\/79bb06722b37ece1c03d3e94beb30d73"},"headline":"A Bianchini e Stefanelli il 5\u00b0 Dolomiti Historic. Il duo della Lancia Rally 037 firma cinque parziali e si aggiudica un&#8217;avvincente Rally precedendo Baggio \u2013 Zanella e Fassina \u2013 Verdelli anch&#8217;essi su 03","datePublished":"2016-06-13T11:33:05+00:00","dateModified":"2016-06-13T11:38:48+00:00","mainEntityOfPage":{"@id":"https:\/\/www.bellunopress.it\/2016\/06\/13\/bianchini-stefanelli-5-dolomiti-historic\/"},"wordCount":741,"publisher":{"@id":"https:\/\/www.bellunopress.it\/#organization"},"image":{"@id":"https:\/\/www.bellunopress.it\/2016\/06\/13\/bianchini-stefanelli-5-dolomiti-historic\/#primaryimage"},"thumbnailUrl":"http:\/\/www.bellunopress.it\/wp-content\/uploads\/2016\/06\/historic-dolomiti-racing-2016.jpg","articleSection":["Lettere Opinioni"],"inLanguage":"fr-FR"},{"@type":"WebPage","@id":"https:\/\/www.bellunopress.it\/2016\/06\/13\/bianchini-stefanelli-5-dolomiti-historic\/","url":"https:\/\/www.bellunopress.it\/2016\/06\/13\/bianchini-stefanelli-5-dolomiti-historic\/","name":"A Bianchini e Stefanelli il 5\u00b0 Dolomiti Historic. Il duo della Lancia Rally 037 firma cinque parziali e si aggiudica un'avvincente Rally precedendo Baggio \u2013 Zanella e Fassina \u2013 Verdelli anch'essi su 03 - Bellunopress - Dolomiti","isPartOf":{"@id":"https:\/\/www.bellunopress.it\/#website"},"primaryImageOfPage":{"@id":"https:\/\/www.bellunopress.it\/2016\/06\/13\/bianchini-stefanelli-5-dolomiti-historic\/#primaryimage"},"image":{"@id":"https:\/\/www.bellunopress.it\/2016\/06\/13\/bianchini-stefanelli-5-dolomiti-historic\/#primaryimage"},"thumbnailUrl":"http:\/\/www.bellunopress.it\/wp-content\/uploads\/2016\/06\/historic-dolomiti-racing-2016.jpg","datePublished":"2016-06-13T11:33:05+00:00","dateModified":"2016-06-13T11:38:48+00:00","breadcrumb":{"@id":"https:\/\/www.bellunopress.it\/2016\/06\/13\/bianchini-stefanelli-5-dolomiti-historic\/#breadcrumb"},"inLanguage":"fr-FR","potentialAction":[{"@type":"ReadAction","target":["https:\/\/www.bellunopress.it\/2016\/06\/13\/bianchini-stefanelli-5-dolomiti-historic\/"]}]},{"@type":"ImageObject","inLanguage":"fr-FR","@id":"https:\/\/www.bellunopress.it\/2016\/06\/13\/bianchini-stefanelli-5-dolomiti-historic\/#primaryimage","url":"http:\/\/www.bellunopress.it\/wp-content\/uploads\/2016\/06\/historic-dolomiti-racing-2016.jpg","contentUrl":"http:\/\/www.bellunopress.it\/wp-content\/uploads\/2016\/06\/historic-dolomiti-racing-2016.jpg"},{"@type":"BreadcrumbList","@id":"https:\/\/www.bellunopress.it\/2016\/06\/13\/bianchini-stefanelli-5-dolomiti-historic\/#breadcrumb","itemListElement":[{"@type":"ListItem","position":1,"name":"Home","item":"https:\/\/www.bellunopress.it\/"},{"@type":"ListItem","position":2,"name":"A Bianchini e Stefanelli il 5\u00b0 Dolomiti Historic. Il duo della Lancia Rally 037 firma cinque parziali e si aggiudica un&#8217;avvincente Rally precedendo Baggio \u2013 Zanella e Fassina \u2013 Verdelli anch&#8217;essi su 03"}]},{"@type":"WebSite","@id":"https:\/\/www.bellunopress.it\/#website","url":"https:\/\/www.bellunopress.it\/","name":"Bellunopress - Dolomiti","description":"e-mail: redazione@bellunopress.it","publisher":{"@id":"https:\/\/www.bellunopress.it\/#organization"},"potentialAction":[{"@type":"SearchAction","target":{"@type":"EntryPoint","urlTemplate":"https:\/\/www.bellunopress.it\/?s={search_term_string}"},"query-input":{"@type":"PropertyValueSpecification","valueRequired":true,"valueName":"search_term_string"}}],"inLanguage":"fr-FR"},{"@type":"Organization","@id":"https:\/\/www.bellunopress.it\/#organization","name":"Bellunopress","url":"https:\/\/www.bellunopress.it\/","logo":{"@type":"ImageObject","inLanguage":"fr-FR","@id":"https:\/\/www.bellunopress.it\/#\/schema\/logo\/image\/","url":"https:\/\/www.bellunopress.it\/wp-content\/uploads\/2011\/05\/cropped-logo-bellunopress-.jpg","contentUrl":"https:\/\/www.bellunopress.it\/wp-content\/uploads\/2011\/05\/cropped-logo-bellunopress-.jpg","width":512,"height":512,"caption":"Bellunopress"},"image":{"@id":"https:\/\/www.bellunopress.it\/#\/schema\/logo\/image\/"},"sameAs":["https:\/\/www.facebook.com\/profile.php?id=100008943462799","https:\/\/x.com\/bellunopress","https:\/\/www.linkedin.com\/hp\/?dnr=JBzUWaJfMUw8vbXJJ2tVW5-I3jZKvC4wsoxE&amp;amp;amp;amp;amp;amp;trk=nav_responsive_tab_home","https:\/\/www.youtube.com\/channel\/UCxL0wu1uN0_3_7hGG0306cw"]},{"@type":"Person","@id":"https:\/\/www.bellunopress.it\/#\/schema\/person\/79bb06722b37ece1c03d3e94beb30d73","name":"r\u00e9daction","image":{"@type":"ImageObject","inLanguage":"fr-FR","@id":"https:\/\/secure.gravatar.com\/avatar\/37d968a2e67a6fd04c169c4bdef102d0bc5d31b2546345219e348575eb80e9a0?s=96&d=mm&r=g","url":"https:\/\/secure.gravatar.com\/avatar\/37d968a2e67a6fd04c169c4bdef102d0bc5d31b2546345219e348575eb80e9a0?s=96&d=mm&r=g","contentUrl":"https:\/\/secure.gravatar.com\/avatar\/37d968a2e67a6fd04c169c4bdef102d0bc5d31b2546345219e348575eb80e9a0?s=96&d=mm&r=g","caption":"redazione"},"sameAs":["http:\/\/www.bellunopress.it","https:\/\/x.com\/bellunopress"],"url":"https:\/\/www.bellunopress.it\/fr\/author\/redazione\/"}]}},"_links":{"self":[{"href":"https:\/\/www.bellunopress.it\/fr\/wp-json\/wp\/v2\/posts\/78308","targetHints":{"allow":["GET"]}}],"collection":[{"href":"https:\/\/www.bellunopress.it\/fr\/wp-json\/wp\/v2\/posts"}],"about":[{"href":"https:\/\/www.bellunopress.it\/fr\/wp-json\/wp\/v2\/types\/post"}],"author":[{"embeddable":true,"href":"https:\/\/www.bellunopress.it\/fr\/wp-json\/wp\/v2\/users\/2"}],"replies":[{"embeddable":true,"href":"https:\/\/www.bellunopress.it\/fr\/wp-json\/wp\/v2\/comments?post=78308"}],"version-history":[{"count":3,"href":"https:\/\/www.bellunopress.it\/fr\/wp-json\/wp\/v2\/posts\/78308\/revisions"}],"predecessor-version":[{"id":78312,"href":"https:\/\/www.bellunopress.it\/fr\/wp-json\/wp\/v2\/posts\/78308\/revisions\/78312"}],"wp:attachment":[{"href":"https:\/\/www.bellunopress.it\/fr\/wp-json\/wp\/v2\/media?parent=78308"}],"wp:term":[{"taxonomy":"category","embeddable":true,"href":"https:\/\/www.bellunopress.it\/fr\/wp-json\/wp\/v2\/categories?post=78308"},{"taxonomy":"post_tag","embeddable":true,"href":"https:\/\/www.bellunopress.it\/fr\/wp-json\/wp\/v2\/tags?post=78308"}],"curies":[{"name":"wp","href":"https:\/\/api.w.org\/{rel}","templated":true}]}}