{"id":782,"date":"2009-02-18T19:10:35","date_gmt":"2009-02-18T18:10:35","guid":{"rendered":"http:\/\/www.bellunopress.it\/?p=782"},"modified":"2009-02-18T19:10:35","modified_gmt":"2009-02-18T18:10:35","slug":"venerdi-seminario-dedicato-agli-imprenditori","status":"publish","type":"post","link":"https:\/\/www.bellunopress.it\/fr\/2009\/02\/18\/venerdi-seminario-dedicato-agli-imprenditori\/","title":{"rendered":"Venerd\u00ec seminario dedicato agli imprenditori"},"content":{"rendered":"<p><a href=\"http:\/\/www.bellunopress.it\/wp-content\/uploads\/2009\/02\/associaz-industriali1.jpg\"><img loading=\"lazy\" decoding=\"async\" class=\"alignleft size-medium wp-image-783\" title=\"associaz-industriali1\" src=\"http:\/\/www.bellunopress.it\/wp-content\/uploads\/2009\/02\/associaz-industriali1.jpg\" alt=\"\" width=\"241\" height=\"181\" \/><\/a>Ci saranno Gianluca Tanzi, responsabile Supply Chain di Luxottica, Roberto Crippa, Responsabile Ingegneria della Catena Logistica Estesa di BTicino,\u00a0 Galliano Redolfi Riva di ROSA MICRO srl, fornitore di BTicino di Ceggia (VE), e Antonio Rodari, Responsabile del territorio industria del triveneto W\u00dcRTH ad arricchire il seminario organizzato dal servizio Innovazione di Assindustria Belluno per il prossimo Venerd\u00ec 20 febbraio alle ore 16 e 30 presso la Tenuta Nogherazza a Castion (Belluno). In un contesto di business caratterizzato da rapidi e potenti agenti di cambiamento e da una inarrestabile crescita della complessit\u00e0 la capacit\u00e0 di tracciare la rotta, tenerla e saperla cambiare quando \u00e8 necessario diviene un imperativo inderogabile. \u201cAvremo l\u2019opportunit\u00e0 di ascoltare e confrontarci con l\u2019esperienza di tre grandi realt\u00e0 industriali: BTicino, Luxottica e W\u00dcRTH\u201d, afferma Sandro Da Rold, Presidente della Sezione Industrie dei trasporti di Assindustria Belluno, e prosegue: \u201dper capire come le grandi imprese internazionali hanno riorganizzato i loro processi e quali sono le caratteristiche che richiedono ai loro fornitori. Un utile benchmarking per confrontarsi con altre organizzazioni leader nel mercato, che permette di apprendere e migliorare\u201d. L\u2019evento \u00e8 rivolto soprattutto alle piccole e medie imprese che ritengono strategico operare all\u2019interno di una catena logistica di fornitura ottimizzata. Ogni azienda ha infatti i suoi clienti, i suoi processi, i suoi fornitori, per questo \u00e8 determinante lavorare in rete e offrire prodotti e servizi in linea con le esigenze del mercato.<br \/>\nObiettivo dell\u2019evento \u00e8 offrire uno spaccato sullo stato del\u2019arte dell\u2019organizzazione di una filiera. I partecipanti avranno modo di misurarsi con esperienze e realt\u00e0 assai diversificate per identificare gli elementi chiave, analizzare gli errori da evitare e rendere pi\u00f9 competitiva la propria impresa.<br \/>\nPROGRAMMA:<br \/>\n16,45 &#8211; benvenuto e inizio lavori: Sandro Da Rold, Presidente della Sezione Industrie dei trasporti di Assindustria Belluno<br \/>\n16,50 &#8211; l\u2019esperienza BTICINO: Roberto Crippa (Responsabile Ingegneria della Catena Logistica Estesa<br \/>\n17,30 &#8211; testimonianza ROSA MICRO srl: Galliano Redolfi Riva fornitore di BTicino di Ceggia (VE)<br \/>\n17,50 &#8211; l\u2019esperienza\u00a0 LUXOTTICA: Gianluca Tanzi\u00a0 (Responsabile Supply Chain)<br \/>\n18,30 &#8211; l\u2019esperienza W\u00dcRTH: Antonio Rodari (Responsabile del territorio industria del triveneto)<br \/>\nSeguir\u00e0 dibattito e un aperitivo con i relatori.<\/p>","protected":false},"excerpt":{"rendered":"<p>Ci saranno Gianluca Tanzi, responsabile Supply Chain di Luxottica, Roberto Crippa, Responsabile Ingegneria della Catena Logistica Estesa di BTicino,\u00a0 Galliano Redolfi Riva di ROSA MICRO srl, fornitore di BTicino di Ceggia (VE), e Antonio Rodari, Responsabile del territorio industria del triveneto W\u00dcRTH ad arricchire il seminario organizzato dal servizio Innovazione di Assindustria Belluno per il [&hellip;]<\/p>\n","protected":false},"author":2,"featured_media":0,"comment_status":"closed","ping_status":"open","sticky":false,"template":"","format":"standard","meta":{"footnotes":""},"categories":[1],"tags":[139],"class_list":["post-782","post","type-post","status-publish","format-standard","category-leo","tag-belluno"],"yoast_head":"<!-- This site is optimized with the Yoast SEO plugin v28.4 - https:\/\/yoast.com\/product\/yoast-seo-wordpress\/ -->\n<title>Venerd\u00ec seminario dedicato agli imprenditori - Bellunopress - Dolomiti<\/title>\n<meta name=\"robots\" content=\"index, follow, max-snippet:-1, max-image-preview:large, max-video-preview:-1\" \/>\n<link rel=\"canonical\" href=\"https:\/\/www.bellunopress.it\/fr\/2009\/02\/18\/venerdi-seminario-dedicato-agli-imprenditori\/\" \/>\n<meta property=\"og:locale\" content=\"fr_FR\" \/>\n<meta property=\"og:type\" content=\"article\" \/>\n<meta property=\"og:title\" content=\"Venerd\u00ec seminario dedicato agli imprenditori - Bellunopress - Dolomiti\" \/>\n<meta property=\"og:description\" content=\"Ci saranno Gianluca Tanzi, responsabile Supply Chain di Luxottica, Roberto Crippa, Responsabile Ingegneria della Catena Logistica Estesa di BTicino,\u00a0 Galliano Redolfi Riva di ROSA MICRO srl, fornitore di BTicino di Ceggia (VE), e Antonio Rodari, Responsabile del territorio industria del triveneto W\u00dcRTH ad arricchire il seminario organizzato dal servizio Innovazione di Assindustria Belluno per il [&hellip;]\" \/>\n<meta property=\"og:url\" content=\"https:\/\/www.bellunopress.it\/fr\/2009\/02\/18\/venerdi-seminario-dedicato-agli-imprenditori\/\" \/>\n<meta property=\"og:site_name\" content=\"Bellunopress - Dolomiti\" \/>\n<meta property=\"article:publisher\" content=\"https:\/\/www.facebook.com\/profile.php?id=100008943462799\" \/>\n<meta property=\"article:published_time\" content=\"2009-02-18T18:10:35+00:00\" \/>\n<meta property=\"og:image\" content=\"http:\/\/www.bellunopress.it\/wp-content\/uploads\/2009\/02\/associaz-industriali1.jpg\" \/>\n<meta name=\"author\" content=\"redazione\" \/>\n<meta name=\"twitter:card\" content=\"summary_large_image\" \/>\n<meta name=\"twitter:creator\" content=\"@bellunopress\" \/>\n<meta name=\"twitter:site\" content=\"@bellunopress\" \/>\n<meta name=\"twitter:label1\" content=\"\u00c9crit par\" \/>\n\t<meta name=\"twitter:data1\" content=\"redazione\" \/>\n\t<meta name=\"twitter:label2\" content=\"Dur\u00e9e de lecture estim\u00e9e\" \/>\n\t<meta name=\"twitter:data2\" content=\"2 minutes\" \/>\n<script type=\"application\/ld+json\" class=\"yoast-schema-graph\">{\"@context\":\"https:\\\/\\\/schema.org\",\"@graph\":[{\"@type\":\"Article\",\"@id\":\"https:\\\/\\\/www.bellunopress.it\\\/2009\\\/02\\\/18\\\/venerdi-seminario-dedicato-agli-imprenditori\\\/#article\",\"isPartOf\":{\"@id\":\"https:\\\/\\\/www.bellunopress.it\\\/2009\\\/02\\\/18\\\/venerdi-seminario-dedicato-agli-imprenditori\\\/\"},\"author\":{\"name\":\"redazione\",\"@id\":\"https:\\\/\\\/www.bellunopress.it\\\/#\\\/schema\\\/person\\\/79bb06722b37ece1c03d3e94beb30d73\"},\"headline\":\"Venerd\u00ec seminario dedicato agli imprenditori\",\"datePublished\":\"2009-02-18T18:10:35+00:00\",\"mainEntityOfPage\":{\"@id\":\"https:\\\/\\\/www.bellunopress.it\\\/2009\\\/02\\\/18\\\/venerdi-seminario-dedicato-agli-imprenditori\\\/\"},\"wordCount\":355,\"publisher\":{\"@id\":\"https:\\\/\\\/www.bellunopress.it\\\/#organization\"},\"image\":{\"@id\":\"https:\\\/\\\/www.bellunopress.it\\\/2009\\\/02\\\/18\\\/venerdi-seminario-dedicato-agli-imprenditori\\\/#primaryimage\"},\"thumbnailUrl\":\"http:\\\/\\\/www.bellunopress.it\\\/wp-content\\\/uploads\\\/2009\\\/02\\\/associaz-industriali1.jpg\",\"keywords\":[\"Belluno\"],\"articleSection\":[\"Lettere Opinioni\"],\"inLanguage\":\"fr-FR\"},{\"@type\":\"WebPage\",\"@id\":\"https:\\\/\\\/www.bellunopress.it\\\/2009\\\/02\\\/18\\\/venerdi-seminario-dedicato-agli-imprenditori\\\/\",\"url\":\"https:\\\/\\\/www.bellunopress.it\\\/2009\\\/02\\\/18\\\/venerdi-seminario-dedicato-agli-imprenditori\\\/\",\"name\":\"Venerd\u00ec seminario dedicato agli imprenditori - Bellunopress - Dolomiti\",\"isPartOf\":{\"@id\":\"https:\\\/\\\/www.bellunopress.it\\\/#website\"},\"primaryImageOfPage\":{\"@id\":\"https:\\\/\\\/www.bellunopress.it\\\/2009\\\/02\\\/18\\\/venerdi-seminario-dedicato-agli-imprenditori\\\/#primaryimage\"},\"image\":{\"@id\":\"https:\\\/\\\/www.bellunopress.it\\\/2009\\\/02\\\/18\\\/venerdi-seminario-dedicato-agli-imprenditori\\\/#primaryimage\"},\"thumbnailUrl\":\"http:\\\/\\\/www.bellunopress.it\\\/wp-content\\\/uploads\\\/2009\\\/02\\\/associaz-industriali1.jpg\",\"datePublished\":\"2009-02-18T18:10:35+00:00\",\"breadcrumb\":{\"@id\":\"https:\\\/\\\/www.bellunopress.it\\\/2009\\\/02\\\/18\\\/venerdi-seminario-dedicato-agli-imprenditori\\\/#breadcrumb\"},\"inLanguage\":\"fr-FR\",\"potentialAction\":[{\"@type\":\"ReadAction\",\"target\":[\"https:\\\/\\\/www.bellunopress.it\\\/2009\\\/02\\\/18\\\/venerdi-seminario-dedicato-agli-imprenditori\\\/\"]}]},{\"@type\":\"ImageObject\",\"inLanguage\":\"fr-FR\",\"@id\":\"https:\\\/\\\/www.bellunopress.it\\\/2009\\\/02\\\/18\\\/venerdi-seminario-dedicato-agli-imprenditori\\\/#primaryimage\",\"url\":\"http:\\\/\\\/www.bellunopress.it\\\/wp-content\\\/uploads\\\/2009\\\/02\\\/associaz-industriali1.jpg\",\"contentUrl\":\"http:\\\/\\\/www.bellunopress.it\\\/wp-content\\\/uploads\\\/2009\\\/02\\\/associaz-industriali1.jpg\"},{\"@type\":\"BreadcrumbList\",\"@id\":\"https:\\\/\\\/www.bellunopress.it\\\/2009\\\/02\\\/18\\\/venerdi-seminario-dedicato-agli-imprenditori\\\/#breadcrumb\",\"itemListElement\":[{\"@type\":\"ListItem\",\"position\":1,\"name\":\"Home\",\"item\":\"https:\\\/\\\/www.bellunopress.it\\\/\"},{\"@type\":\"ListItem\",\"position\":2,\"name\":\"Venerd\u00ec seminario dedicato agli imprenditori\"}]},{\"@type\":\"WebSite\",\"@id\":\"https:\\\/\\\/www.bellunopress.it\\\/#website\",\"url\":\"https:\\\/\\\/www.bellunopress.it\\\/\",\"name\":\"Bellunopress - Dolomiti\",\"description\":\"e-mail: redazione@bellunopress.it\",\"publisher\":{\"@id\":\"https:\\\/\\\/www.bellunopress.it\\\/#organization\"},\"potentialAction\":[{\"@type\":\"SearchAction\",\"target\":{\"@type\":\"EntryPoint\",\"urlTemplate\":\"https:\\\/\\\/www.bellunopress.it\\\/?s={search_term_string}\"},\"query-input\":{\"@type\":\"PropertyValueSpecification\",\"valueRequired\":true,\"valueName\":\"search_term_string\"}}],\"inLanguage\":\"fr-FR\"},{\"@type\":\"Organization\",\"@id\":\"https:\\\/\\\/www.bellunopress.it\\\/#organization\",\"name\":\"Bellunopress\",\"url\":\"https:\\\/\\\/www.bellunopress.it\\\/\",\"logo\":{\"@type\":\"ImageObject\",\"inLanguage\":\"fr-FR\",\"@id\":\"https:\\\/\\\/www.bellunopress.it\\\/#\\\/schema\\\/logo\\\/image\\\/\",\"url\":\"https:\\\/\\\/www.bellunopress.it\\\/wp-content\\\/uploads\\\/2011\\\/05\\\/cropped-logo-bellunopress-.jpg\",\"contentUrl\":\"https:\\\/\\\/www.bellunopress.it\\\/wp-content\\\/uploads\\\/2011\\\/05\\\/cropped-logo-bellunopress-.jpg\",\"width\":512,\"height\":512,\"caption\":\"Bellunopress\"},\"image\":{\"@id\":\"https:\\\/\\\/www.bellunopress.it\\\/#\\\/schema\\\/logo\\\/image\\\/\"},\"sameAs\":[\"https:\\\/\\\/www.facebook.com\\\/profile.php?id=100008943462799\",\"https:\\\/\\\/x.com\\\/bellunopress\",\"https:\\\/\\\/www.linkedin.com\\\/hp\\\/?dnr=JBzUWaJfMUw8vbXJJ2tVW5-I3jZKvC4wsoxE&amp;amp;amp;amp;amp;amp;trk=nav_responsive_tab_home\",\"https:\\\/\\\/www.youtube.com\\\/channel\\\/UCxL0wu1uN0_3_7hGG0306cw\"]},{\"@type\":\"Person\",\"@id\":\"https:\\\/\\\/www.bellunopress.it\\\/#\\\/schema\\\/person\\\/79bb06722b37ece1c03d3e94beb30d73\",\"name\":\"redazione\",\"image\":{\"@type\":\"ImageObject\",\"inLanguage\":\"fr-FR\",\"@id\":\"https:\\\/\\\/secure.gravatar.com\\\/avatar\\\/37d968a2e67a6fd04c169c4bdef102d0bc5d31b2546345219e348575eb80e9a0?s=96&d=mm&r=g\",\"url\":\"https:\\\/\\\/secure.gravatar.com\\\/avatar\\\/37d968a2e67a6fd04c169c4bdef102d0bc5d31b2546345219e348575eb80e9a0?s=96&d=mm&r=g\",\"contentUrl\":\"https:\\\/\\\/secure.gravatar.com\\\/avatar\\\/37d968a2e67a6fd04c169c4bdef102d0bc5d31b2546345219e348575eb80e9a0?s=96&d=mm&r=g\",\"caption\":\"redazione\"},\"sameAs\":[\"http:\\\/\\\/www.bellunopress.it\",\"https:\\\/\\\/x.com\\\/bellunopress\"],\"url\":\"https:\\\/\\\/www.bellunopress.it\\\/fr\\\/author\\\/redazione\\\/\"}]}<\/script>\n<!-- \/ Yoast SEO plugin. -->","yoast_head_json":{"title":"Venerd\u00ec seminario dedicato agli imprenditori - Bellunopress - Dolomiti","robots":{"index":"index","follow":"follow","max-snippet":"max-snippet:-1","max-image-preview":"max-image-preview:large","max-video-preview":"max-video-preview:-1"},"canonical":"https:\/\/www.bellunopress.it\/fr\/2009\/02\/18\/venerdi-seminario-dedicato-agli-imprenditori\/","og_locale":"fr_FR","og_type":"article","og_title":"Venerd\u00ec seminario dedicato agli imprenditori - Bellunopress - Dolomiti","og_description":"Ci saranno Gianluca Tanzi, responsabile Supply Chain di Luxottica, Roberto Crippa, Responsabile Ingegneria della Catena Logistica Estesa di BTicino,\u00a0 Galliano Redolfi Riva di ROSA MICRO srl, fornitore di BTicino di Ceggia (VE), e Antonio Rodari, Responsabile del territorio industria del triveneto W\u00dcRTH ad arricchire il seminario organizzato dal servizio Innovazione di Assindustria Belluno per il [&hellip;]","og_url":"https:\/\/www.bellunopress.it\/fr\/2009\/02\/18\/venerdi-seminario-dedicato-agli-imprenditori\/","og_site_name":"Bellunopress - Dolomiti","article_publisher":"https:\/\/www.facebook.com\/profile.php?id=100008943462799","article_published_time":"2009-02-18T18:10:35+00:00","og_image":[{"url":"http:\/\/www.bellunopress.it\/wp-content\/uploads\/2009\/02\/associaz-industriali1.jpg","type":"","width":"","height":""}],"author":"redazione","twitter_card":"summary_large_image","twitter_creator":"@bellunopress","twitter_site":"@bellunopress","twitter_misc":{"\u00c9crit par":"redazione","Dur\u00e9e de lecture estim\u00e9e":"2 minutes"},"schema":{"@context":"https:\/\/schema.org","@graph":[{"@type":"Article","@id":"https:\/\/www.bellunopress.it\/2009\/02\/18\/venerdi-seminario-dedicato-agli-imprenditori\/#article","isPartOf":{"@id":"https:\/\/www.bellunopress.it\/2009\/02\/18\/venerdi-seminario-dedicato-agli-imprenditori\/"},"author":{"name":"redazione","@id":"https:\/\/www.bellunopress.it\/#\/schema\/person\/79bb06722b37ece1c03d3e94beb30d73"},"headline":"Venerd\u00ec seminario dedicato agli imprenditori","datePublished":"2009-02-18T18:10:35+00:00","mainEntityOfPage":{"@id":"https:\/\/www.bellunopress.it\/2009\/02\/18\/venerdi-seminario-dedicato-agli-imprenditori\/"},"wordCount":355,"publisher":{"@id":"https:\/\/www.bellunopress.it\/#organization"},"image":{"@id":"https:\/\/www.bellunopress.it\/2009\/02\/18\/venerdi-seminario-dedicato-agli-imprenditori\/#primaryimage"},"thumbnailUrl":"http:\/\/www.bellunopress.it\/wp-content\/uploads\/2009\/02\/associaz-industriali1.jpg","keywords":["Belluno"],"articleSection":["Lettere Opinioni"],"inLanguage":"fr-FR"},{"@type":"WebPage","@id":"https:\/\/www.bellunopress.it\/2009\/02\/18\/venerdi-seminario-dedicato-agli-imprenditori\/","url":"https:\/\/www.bellunopress.it\/2009\/02\/18\/venerdi-seminario-dedicato-agli-imprenditori\/","name":"Venerd\u00ec seminario dedicato agli imprenditori - Bellunopress - Dolomiti","isPartOf":{"@id":"https:\/\/www.bellunopress.it\/#website"},"primaryImageOfPage":{"@id":"https:\/\/www.bellunopress.it\/2009\/02\/18\/venerdi-seminario-dedicato-agli-imprenditori\/#primaryimage"},"image":{"@id":"https:\/\/www.bellunopress.it\/2009\/02\/18\/venerdi-seminario-dedicato-agli-imprenditori\/#primaryimage"},"thumbnailUrl":"http:\/\/www.bellunopress.it\/wp-content\/uploads\/2009\/02\/associaz-industriali1.jpg","datePublished":"2009-02-18T18:10:35+00:00","breadcrumb":{"@id":"https:\/\/www.bellunopress.it\/2009\/02\/18\/venerdi-seminario-dedicato-agli-imprenditori\/#breadcrumb"},"inLanguage":"fr-FR","potentialAction":[{"@type":"ReadAction","target":["https:\/\/www.bellunopress.it\/2009\/02\/18\/venerdi-seminario-dedicato-agli-imprenditori\/"]}]},{"@type":"ImageObject","inLanguage":"fr-FR","@id":"https:\/\/www.bellunopress.it\/2009\/02\/18\/venerdi-seminario-dedicato-agli-imprenditori\/#primaryimage","url":"http:\/\/www.bellunopress.it\/wp-content\/uploads\/2009\/02\/associaz-industriali1.jpg","contentUrl":"http:\/\/www.bellunopress.it\/wp-content\/uploads\/2009\/02\/associaz-industriali1.jpg"},{"@type":"BreadcrumbList","@id":"https:\/\/www.bellunopress.it\/2009\/02\/18\/venerdi-seminario-dedicato-agli-imprenditori\/#breadcrumb","itemListElement":[{"@type":"ListItem","position":1,"name":"Home","item":"https:\/\/www.bellunopress.it\/"},{"@type":"ListItem","position":2,"name":"Venerd\u00ec seminario dedicato agli imprenditori"}]},{"@type":"WebSite","@id":"https:\/\/www.bellunopress.it\/#website","url":"https:\/\/www.bellunopress.it\/","name":"Bellunopress - Dolomiti","description":"e-mail: redazione@bellunopress.it","publisher":{"@id":"https:\/\/www.bellunopress.it\/#organization"},"potentialAction":[{"@type":"SearchAction","target":{"@type":"EntryPoint","urlTemplate":"https:\/\/www.bellunopress.it\/?s={search_term_string}"},"query-input":{"@type":"PropertyValueSpecification","valueRequired":true,"valueName":"search_term_string"}}],"inLanguage":"fr-FR"},{"@type":"Organization","@id":"https:\/\/www.bellunopress.it\/#organization","name":"Bellunopress","url":"https:\/\/www.bellunopress.it\/","logo":{"@type":"ImageObject","inLanguage":"fr-FR","@id":"https:\/\/www.bellunopress.it\/#\/schema\/logo\/image\/","url":"https:\/\/www.bellunopress.it\/wp-content\/uploads\/2011\/05\/cropped-logo-bellunopress-.jpg","contentUrl":"https:\/\/www.bellunopress.it\/wp-content\/uploads\/2011\/05\/cropped-logo-bellunopress-.jpg","width":512,"height":512,"caption":"Bellunopress"},"image":{"@id":"https:\/\/www.bellunopress.it\/#\/schema\/logo\/image\/"},"sameAs":["https:\/\/www.facebook.com\/profile.php?id=100008943462799","https:\/\/x.com\/bellunopress","https:\/\/www.linkedin.com\/hp\/?dnr=JBzUWaJfMUw8vbXJJ2tVW5-I3jZKvC4wsoxE&amp;amp;amp;amp;amp;amp;trk=nav_responsive_tab_home","https:\/\/www.youtube.com\/channel\/UCxL0wu1uN0_3_7hGG0306cw"]},{"@type":"Person","@id":"https:\/\/www.bellunopress.it\/#\/schema\/person\/79bb06722b37ece1c03d3e94beb30d73","name":"r\u00e9daction","image":{"@type":"ImageObject","inLanguage":"fr-FR","@id":"https:\/\/secure.gravatar.com\/avatar\/37d968a2e67a6fd04c169c4bdef102d0bc5d31b2546345219e348575eb80e9a0?s=96&d=mm&r=g","url":"https:\/\/secure.gravatar.com\/avatar\/37d968a2e67a6fd04c169c4bdef102d0bc5d31b2546345219e348575eb80e9a0?s=96&d=mm&r=g","contentUrl":"https:\/\/secure.gravatar.com\/avatar\/37d968a2e67a6fd04c169c4bdef102d0bc5d31b2546345219e348575eb80e9a0?s=96&d=mm&r=g","caption":"redazione"},"sameAs":["http:\/\/www.bellunopress.it","https:\/\/x.com\/bellunopress"],"url":"https:\/\/www.bellunopress.it\/fr\/author\/redazione\/"}]}},"_links":{"self":[{"href":"https:\/\/www.bellunopress.it\/fr\/wp-json\/wp\/v2\/posts\/782","targetHints":{"allow":["GET"]}}],"collection":[{"href":"https:\/\/www.bellunopress.it\/fr\/wp-json\/wp\/v2\/posts"}],"about":[{"href":"https:\/\/www.bellunopress.it\/fr\/wp-json\/wp\/v2\/types\/post"}],"author":[{"embeddable":true,"href":"https:\/\/www.bellunopress.it\/fr\/wp-json\/wp\/v2\/users\/2"}],"replies":[{"embeddable":true,"href":"https:\/\/www.bellunopress.it\/fr\/wp-json\/wp\/v2\/comments?post=782"}],"version-history":[{"count":1,"href":"https:\/\/www.bellunopress.it\/fr\/wp-json\/wp\/v2\/posts\/782\/revisions"}],"predecessor-version":[{"id":784,"href":"https:\/\/www.bellunopress.it\/fr\/wp-json\/wp\/v2\/posts\/782\/revisions\/784"}],"wp:attachment":[{"href":"https:\/\/www.bellunopress.it\/fr\/wp-json\/wp\/v2\/media?parent=782"}],"wp:term":[{"taxonomy":"category","embeddable":true,"href":"https:\/\/www.bellunopress.it\/fr\/wp-json\/wp\/v2\/categories?post=782"},{"taxonomy":"post_tag","embeddable":true,"href":"https:\/\/www.bellunopress.it\/fr\/wp-json\/wp\/v2\/tags?post=782"}],"curies":[{"name":"wp","href":"https:\/\/api.w.org\/{rel}","templated":true}]}}