{"id":7767,"date":"2009-09-05T08:20:11","date_gmt":"2009-09-05T07:20:11","guid":{"rendered":"http:\/\/www.bellunopress.it\/?p=7767"},"modified":"2009-09-05T08:20:11","modified_gmt":"2009-09-05T07:20:11","slug":"influenza-primo-stock-di-vaccini-sandri-pronti-a-partire-secondo-il-calendario-nazionale","status":"publish","type":"post","link":"https:\/\/www.bellunopress.it\/fr\/2009\/09\/05\/influenza-primo-stock-di-vaccini-sandri-pronti-a-partire-secondo-il-calendario-nazionale\/","title":{"rendered":"Influenza, primo stock di vaccini. Sandri: &#8220;Pronti a partire secondo il calendario nazionale&#8221;"},"content":{"rendered":"<figure id=\"attachment_7768\" aria-describedby=\"caption-attachment-7768\" style=\"width: 88px\" class=\"wp-caption alignleft\"><a href=\"http:\/\/www.bellunopress.it\/wp-content\/uploads\/2009\/09\/sandro-sandri-assessore-regionale-sanita.jpg\"><img loading=\"lazy\" decoding=\"async\" class=\"size-medium wp-image-7768\" title=\"sandro-sandri-assessore-regionale-sanita\" src=\"http:\/\/www.bellunopress.it\/wp-content\/uploads\/2009\/09\/sandro-sandri-assessore-regionale-sanita.jpg\" alt=\"Sandro Sandri assessore regionale \" width=\"88\" height=\"90\" \/><\/a><figcaption id=\"caption-attachment-7768\" class=\"wp-caption-text\">Sandro Sandri assessore regionale <\/figcaption><\/figure>\n<p>\u201cIl Veneto \u00e8 gi\u00e0 pronto ad avviare la prima fase della campagna vaccinale contro l\u2019influenza H1N1, secondo il calendario nazionale con una dotazione iniziale di vaccini di 1.380.000 dosi, che saranno disponibili in 2 tranches, la prima delle quali di 690.000\u201d. Lo annuncia oggi l\u2019Assessore regionale alla Sanit\u00e0 Sandro Sandri. Gli uffici tecnici hanno anche gi\u00e0 provveduto alla ripartizione tra Aree Vaste ed Ullss sulla base del criterio delle popolazione residente, indicato a livello nazionale. Lo stoccaggio avverr\u00e0 presso l\u2019Azienda Ospedaliera di Padova, che si far\u00e0 carico della successiva consegna alla sede di ciascuna Area Vasta del quantitativo assegnato alle Ullss corrispondenti. \u201cQuesto primo stock \u2013 precisa Sandri \u2013 \u00e8 riservato alle categorie di persone individuate come prioritarie a livello nazionale, e cio\u00e8 soggetti a rischio, operatori della sanit\u00e0, protezione civile, forze dell\u2019ordine. Con un secondo quantitativo, presumibilmente ai primi di gennaio, la campagna verr\u00e0 ulteriormente allargata e coinvolger\u00e0 anche studenti e operatori della scuola. Compatibilmente con l\u2019effettiva disponibilit\u00e0 materiale \u2013 ribadisce Sandri \u2013 confermo il mio orientamento di mettere a disposizione il vaccino a tutti i cittadini veneti che lo desiderino. L\u2019importante \u2013 raccomanda Sandri rivolgendosi alla popolazione \u2013 \u00e8 che nessuno prenda iniziative autonome, anche rispetto al tradizionale vaccino stagionale, e che ci si attenga alle indicazioni che arriveranno dall\u2019Istituto Superiore di Sanit\u00e0 e che saranno ampiamente e chiaramente diffuse\u201d. Il primo quantitativo di 1.380.000 vaccini per il Veneto \u00e8 stato cos\u00ec ripartito.<br \/>\nAREA VASTA TREVISO-BELLUNO (totale 308.800): Ulss 7 Pieve di Soligo 61.600; Ulss 8 Asolo 70.400; Ulss 9 Treviso 116.200; Ulss 1 Belluno 36.600; Ulss 2 Feltre 24.000<br \/>\nAREA VASTA VICENZA (totale 243.400): Ulss 3 Bassano 50.400; Ulss 4 Alto Vicentino 52.800; Ulss 5 Ovest Vicentino 50.800; Ulss 6 Vicenza 89.400<br \/>\nAREA VASTA VENEZIA-ROVIGO (totale 330.000): Ulss 10 Veneto Orientale 60.400; Ulss 12 Veneziana 86.600; Ulss 13c Mirano 74.600; Ulss 14 Chioggia 37.800; Ulls 18 Rovigo 49.400; Ulss 19 Adria 21.200<br \/>\nAREA VASTA VERONA (totale 256.600): Ulss 20 Verona 133.000; Ulss 21 Legnago 43.400; Ulss 22 Bussolengo 80.200.<br \/>\nAREA VASTA PADOVA (totale 241.200): Ulss 15 Alta Padovana 70.800; Ulss 16 Padova 118.200; Ulss 17 Este 52.200.<\/p>","protected":false},"excerpt":{"rendered":"<p>\u201cIl Veneto \u00e8 gi\u00e0 pronto ad avviare la prima fase della campagna vaccinale contro l\u2019influenza H1N1, secondo il calendario nazionale con una dotazione iniziale di vaccini di 1.380.000 dosi, che saranno disponibili in 2 tranches, la prima delle quali di 690.000\u201d. Lo annuncia oggi l\u2019Assessore regionale alla Sanit\u00e0 Sandro Sandri. Gli uffici tecnici hanno anche [&hellip;]<\/p>\n","protected":false},"author":2,"featured_media":0,"comment_status":"closed","ping_status":"open","sticky":false,"template":"","format":"standard","meta":{"footnotes":""},"categories":[5,26,17],"tags":[3050],"class_list":["post-7767","post","type-post","status-publish","format-standard","category-cronaca","category-prima-pagina","category-sanita","tag-sanita"],"yoast_head":"<!-- This site is optimized with the Yoast SEO plugin v28.4 - https:\/\/yoast.com\/product\/yoast-seo-wordpress\/ -->\n<title>Influenza, primo stock di vaccini. Sandri: &quot;Pronti a partire secondo il calendario nazionale&quot; - Bellunopress - Dolomiti<\/title>\n<meta name=\"robots\" content=\"index, follow, max-snippet:-1, max-image-preview:large, max-video-preview:-1\" \/>\n<link rel=\"canonical\" href=\"https:\/\/www.bellunopress.it\/fr\/2009\/09\/05\/influenza-primo-stock-di-vaccini-sandri-pronti-a-partire-secondo-il-calendario-nazionale\/\" \/>\n<meta property=\"og:locale\" content=\"fr_FR\" \/>\n<meta property=\"og:type\" content=\"article\" \/>\n<meta property=\"og:title\" content=\"Influenza, primo stock di vaccini. Sandri: &quot;Pronti a partire secondo il calendario nazionale&quot; - Bellunopress - Dolomiti\" \/>\n<meta property=\"og:description\" content=\"\u201cIl Veneto \u00e8 gi\u00e0 pronto ad avviare la prima fase della campagna vaccinale contro l\u2019influenza H1N1, secondo il calendario nazionale con una dotazione iniziale di vaccini di 1.380.000 dosi, che saranno disponibili in 2 tranches, la prima delle quali di 690.000\u201d. Lo annuncia oggi l\u2019Assessore regionale alla Sanit\u00e0 Sandro Sandri. Gli uffici tecnici hanno anche [&hellip;]\" \/>\n<meta property=\"og:url\" content=\"https:\/\/www.bellunopress.it\/fr\/2009\/09\/05\/influenza-primo-stock-di-vaccini-sandri-pronti-a-partire-secondo-il-calendario-nazionale\/\" \/>\n<meta property=\"og:site_name\" content=\"Bellunopress - Dolomiti\" \/>\n<meta property=\"article:publisher\" content=\"https:\/\/www.facebook.com\/profile.php?id=100008943462799\" \/>\n<meta property=\"article:published_time\" content=\"2009-09-05T07:20:11+00:00\" \/>\n<meta property=\"og:image\" content=\"http:\/\/www.bellunopress.it\/wp-content\/uploads\/2009\/09\/sandro-sandri-assessore-regionale-sanita.jpg\" \/>\n<meta name=\"author\" content=\"redazione\" \/>\n<meta name=\"twitter:card\" content=\"summary_large_image\" \/>\n<meta name=\"twitter:creator\" content=\"@bellunopress\" \/>\n<meta name=\"twitter:site\" content=\"@bellunopress\" \/>\n<meta name=\"twitter:label1\" content=\"\u00c9crit par\" \/>\n\t<meta name=\"twitter:data1\" content=\"redazione\" \/>\n\t<meta name=\"twitter:label2\" content=\"Dur\u00e9e de lecture estim\u00e9e\" \/>\n\t<meta name=\"twitter:data2\" content=\"2 minutes\" \/>\n<script type=\"application\/ld+json\" class=\"yoast-schema-graph\">{\"@context\":\"https:\\\/\\\/schema.org\",\"@graph\":[{\"@type\":\"Article\",\"@id\":\"https:\\\/\\\/www.bellunopress.it\\\/2009\\\/09\\\/05\\\/influenza-primo-stock-di-vaccini-sandri-pronti-a-partire-secondo-il-calendario-nazionale\\\/#article\",\"isPartOf\":{\"@id\":\"https:\\\/\\\/www.bellunopress.it\\\/2009\\\/09\\\/05\\\/influenza-primo-stock-di-vaccini-sandri-pronti-a-partire-secondo-il-calendario-nazionale\\\/\"},\"author\":{\"name\":\"redazione\",\"@id\":\"https:\\\/\\\/www.bellunopress.it\\\/#\\\/schema\\\/person\\\/79bb06722b37ece1c03d3e94beb30d73\"},\"headline\":\"Influenza, primo stock di vaccini. Sandri: &#8220;Pronti a partire secondo il calendario nazionale&#8221;\",\"datePublished\":\"2009-09-05T07:20:11+00:00\",\"mainEntityOfPage\":{\"@id\":\"https:\\\/\\\/www.bellunopress.it\\\/2009\\\/09\\\/05\\\/influenza-primo-stock-di-vaccini-sandri-pronti-a-partire-secondo-il-calendario-nazionale\\\/\"},\"wordCount\":323,\"publisher\":{\"@id\":\"https:\\\/\\\/www.bellunopress.it\\\/#organization\"},\"image\":{\"@id\":\"https:\\\/\\\/www.bellunopress.it\\\/2009\\\/09\\\/05\\\/influenza-primo-stock-di-vaccini-sandri-pronti-a-partire-secondo-il-calendario-nazionale\\\/#primaryimage\"},\"thumbnailUrl\":\"http:\\\/\\\/www.bellunopress.it\\\/wp-content\\\/uploads\\\/2009\\\/09\\\/sandro-sandri-assessore-regionale-sanita.jpg\",\"keywords\":[\"Sanit\u00e0\"],\"articleSection\":[\"Cronaca\\\/Politica\",\"Prima Pagina\",\"Sanit\u00e0 Medicina\"],\"inLanguage\":\"fr-FR\"},{\"@type\":\"WebPage\",\"@id\":\"https:\\\/\\\/www.bellunopress.it\\\/2009\\\/09\\\/05\\\/influenza-primo-stock-di-vaccini-sandri-pronti-a-partire-secondo-il-calendario-nazionale\\\/\",\"url\":\"https:\\\/\\\/www.bellunopress.it\\\/2009\\\/09\\\/05\\\/influenza-primo-stock-di-vaccini-sandri-pronti-a-partire-secondo-il-calendario-nazionale\\\/\",\"name\":\"Influenza, primo stock di vaccini. Sandri: \\\"Pronti a partire secondo il calendario nazionale\\\" - Bellunopress - Dolomiti\",\"isPartOf\":{\"@id\":\"https:\\\/\\\/www.bellunopress.it\\\/#website\"},\"primaryImageOfPage\":{\"@id\":\"https:\\\/\\\/www.bellunopress.it\\\/2009\\\/09\\\/05\\\/influenza-primo-stock-di-vaccini-sandri-pronti-a-partire-secondo-il-calendario-nazionale\\\/#primaryimage\"},\"image\":{\"@id\":\"https:\\\/\\\/www.bellunopress.it\\\/2009\\\/09\\\/05\\\/influenza-primo-stock-di-vaccini-sandri-pronti-a-partire-secondo-il-calendario-nazionale\\\/#primaryimage\"},\"thumbnailUrl\":\"http:\\\/\\\/www.bellunopress.it\\\/wp-content\\\/uploads\\\/2009\\\/09\\\/sandro-sandri-assessore-regionale-sanita.jpg\",\"datePublished\":\"2009-09-05T07:20:11+00:00\",\"breadcrumb\":{\"@id\":\"https:\\\/\\\/www.bellunopress.it\\\/2009\\\/09\\\/05\\\/influenza-primo-stock-di-vaccini-sandri-pronti-a-partire-secondo-il-calendario-nazionale\\\/#breadcrumb\"},\"inLanguage\":\"fr-FR\",\"potentialAction\":[{\"@type\":\"ReadAction\",\"target\":[\"https:\\\/\\\/www.bellunopress.it\\\/2009\\\/09\\\/05\\\/influenza-primo-stock-di-vaccini-sandri-pronti-a-partire-secondo-il-calendario-nazionale\\\/\"]}]},{\"@type\":\"ImageObject\",\"inLanguage\":\"fr-FR\",\"@id\":\"https:\\\/\\\/www.bellunopress.it\\\/2009\\\/09\\\/05\\\/influenza-primo-stock-di-vaccini-sandri-pronti-a-partire-secondo-il-calendario-nazionale\\\/#primaryimage\",\"url\":\"http:\\\/\\\/www.bellunopress.it\\\/wp-content\\\/uploads\\\/2009\\\/09\\\/sandro-sandri-assessore-regionale-sanita.jpg\",\"contentUrl\":\"http:\\\/\\\/www.bellunopress.it\\\/wp-content\\\/uploads\\\/2009\\\/09\\\/sandro-sandri-assessore-regionale-sanita.jpg\"},{\"@type\":\"BreadcrumbList\",\"@id\":\"https:\\\/\\\/www.bellunopress.it\\\/2009\\\/09\\\/05\\\/influenza-primo-stock-di-vaccini-sandri-pronti-a-partire-secondo-il-calendario-nazionale\\\/#breadcrumb\",\"itemListElement\":[{\"@type\":\"ListItem\",\"position\":1,\"name\":\"Home\",\"item\":\"https:\\\/\\\/www.bellunopress.it\\\/\"},{\"@type\":\"ListItem\",\"position\":2,\"name\":\"Influenza, primo stock di vaccini. Sandri: &#8220;Pronti a partire secondo il calendario nazionale&#8221;\"}]},{\"@type\":\"WebSite\",\"@id\":\"https:\\\/\\\/www.bellunopress.it\\\/#website\",\"url\":\"https:\\\/\\\/www.bellunopress.it\\\/\",\"name\":\"Bellunopress - Dolomiti\",\"description\":\"e-mail: redazione@bellunopress.it\",\"publisher\":{\"@id\":\"https:\\\/\\\/www.bellunopress.it\\\/#organization\"},\"potentialAction\":[{\"@type\":\"SearchAction\",\"target\":{\"@type\":\"EntryPoint\",\"urlTemplate\":\"https:\\\/\\\/www.bellunopress.it\\\/?s={search_term_string}\"},\"query-input\":{\"@type\":\"PropertyValueSpecification\",\"valueRequired\":true,\"valueName\":\"search_term_string\"}}],\"inLanguage\":\"fr-FR\"},{\"@type\":\"Organization\",\"@id\":\"https:\\\/\\\/www.bellunopress.it\\\/#organization\",\"name\":\"Bellunopress\",\"url\":\"https:\\\/\\\/www.bellunopress.it\\\/\",\"logo\":{\"@type\":\"ImageObject\",\"inLanguage\":\"fr-FR\",\"@id\":\"https:\\\/\\\/www.bellunopress.it\\\/#\\\/schema\\\/logo\\\/image\\\/\",\"url\":\"https:\\\/\\\/www.bellunopress.it\\\/wp-content\\\/uploads\\\/2011\\\/05\\\/cropped-logo-bellunopress-.jpg\",\"contentUrl\":\"https:\\\/\\\/www.bellunopress.it\\\/wp-content\\\/uploads\\\/2011\\\/05\\\/cropped-logo-bellunopress-.jpg\",\"width\":512,\"height\":512,\"caption\":\"Bellunopress\"},\"image\":{\"@id\":\"https:\\\/\\\/www.bellunopress.it\\\/#\\\/schema\\\/logo\\\/image\\\/\"},\"sameAs\":[\"https:\\\/\\\/www.facebook.com\\\/profile.php?id=100008943462799\",\"https:\\\/\\\/x.com\\\/bellunopress\",\"https:\\\/\\\/www.linkedin.com\\\/hp\\\/?dnr=JBzUWaJfMUw8vbXJJ2tVW5-I3jZKvC4wsoxE&amp;amp;amp;amp;amp;amp;trk=nav_responsive_tab_home\",\"https:\\\/\\\/www.youtube.com\\\/channel\\\/UCxL0wu1uN0_3_7hGG0306cw\"]},{\"@type\":\"Person\",\"@id\":\"https:\\\/\\\/www.bellunopress.it\\\/#\\\/schema\\\/person\\\/79bb06722b37ece1c03d3e94beb30d73\",\"name\":\"redazione\",\"image\":{\"@type\":\"ImageObject\",\"inLanguage\":\"fr-FR\",\"@id\":\"https:\\\/\\\/secure.gravatar.com\\\/avatar\\\/37d968a2e67a6fd04c169c4bdef102d0bc5d31b2546345219e348575eb80e9a0?s=96&d=mm&r=g\",\"url\":\"https:\\\/\\\/secure.gravatar.com\\\/avatar\\\/37d968a2e67a6fd04c169c4bdef102d0bc5d31b2546345219e348575eb80e9a0?s=96&d=mm&r=g\",\"contentUrl\":\"https:\\\/\\\/secure.gravatar.com\\\/avatar\\\/37d968a2e67a6fd04c169c4bdef102d0bc5d31b2546345219e348575eb80e9a0?s=96&d=mm&r=g\",\"caption\":\"redazione\"},\"sameAs\":[\"http:\\\/\\\/www.bellunopress.it\",\"https:\\\/\\\/x.com\\\/bellunopress\"],\"url\":\"https:\\\/\\\/www.bellunopress.it\\\/fr\\\/author\\\/redazione\\\/\"}]}<\/script>\n<!-- \/ Yoast SEO plugin. -->","yoast_head_json":{"title":"Influenza, primo stock di vaccini. Sandri: \"Pronti a partire secondo il calendario nazionale\" - Bellunopress - Dolomiti","robots":{"index":"index","follow":"follow","max-snippet":"max-snippet:-1","max-image-preview":"max-image-preview:large","max-video-preview":"max-video-preview:-1"},"canonical":"https:\/\/www.bellunopress.it\/fr\/2009\/09\/05\/influenza-primo-stock-di-vaccini-sandri-pronti-a-partire-secondo-il-calendario-nazionale\/","og_locale":"fr_FR","og_type":"article","og_title":"Influenza, primo stock di vaccini. Sandri: \"Pronti a partire secondo il calendario nazionale\" - Bellunopress - Dolomiti","og_description":"\u201cIl Veneto \u00e8 gi\u00e0 pronto ad avviare la prima fase della campagna vaccinale contro l\u2019influenza H1N1, secondo il calendario nazionale con una dotazione iniziale di vaccini di 1.380.000 dosi, che saranno disponibili in 2 tranches, la prima delle quali di 690.000\u201d. Lo annuncia oggi l\u2019Assessore regionale alla Sanit\u00e0 Sandro Sandri. Gli uffici tecnici hanno anche [&hellip;]","og_url":"https:\/\/www.bellunopress.it\/fr\/2009\/09\/05\/influenza-primo-stock-di-vaccini-sandri-pronti-a-partire-secondo-il-calendario-nazionale\/","og_site_name":"Bellunopress - Dolomiti","article_publisher":"https:\/\/www.facebook.com\/profile.php?id=100008943462799","article_published_time":"2009-09-05T07:20:11+00:00","og_image":[{"url":"http:\/\/www.bellunopress.it\/wp-content\/uploads\/2009\/09\/sandro-sandri-assessore-regionale-sanita.jpg","type":"","width":"","height":""}],"author":"redazione","twitter_card":"summary_large_image","twitter_creator":"@bellunopress","twitter_site":"@bellunopress","twitter_misc":{"\u00c9crit par":"redazione","Dur\u00e9e de lecture estim\u00e9e":"2 minutes"},"schema":{"@context":"https:\/\/schema.org","@graph":[{"@type":"Article","@id":"https:\/\/www.bellunopress.it\/2009\/09\/05\/influenza-primo-stock-di-vaccini-sandri-pronti-a-partire-secondo-il-calendario-nazionale\/#article","isPartOf":{"@id":"https:\/\/www.bellunopress.it\/2009\/09\/05\/influenza-primo-stock-di-vaccini-sandri-pronti-a-partire-secondo-il-calendario-nazionale\/"},"author":{"name":"redazione","@id":"https:\/\/www.bellunopress.it\/#\/schema\/person\/79bb06722b37ece1c03d3e94beb30d73"},"headline":"Influenza, primo stock di vaccini. Sandri: &#8220;Pronti a partire secondo il calendario nazionale&#8221;","datePublished":"2009-09-05T07:20:11+00:00","mainEntityOfPage":{"@id":"https:\/\/www.bellunopress.it\/2009\/09\/05\/influenza-primo-stock-di-vaccini-sandri-pronti-a-partire-secondo-il-calendario-nazionale\/"},"wordCount":323,"publisher":{"@id":"https:\/\/www.bellunopress.it\/#organization"},"image":{"@id":"https:\/\/www.bellunopress.it\/2009\/09\/05\/influenza-primo-stock-di-vaccini-sandri-pronti-a-partire-secondo-il-calendario-nazionale\/#primaryimage"},"thumbnailUrl":"http:\/\/www.bellunopress.it\/wp-content\/uploads\/2009\/09\/sandro-sandri-assessore-regionale-sanita.jpg","keywords":["Sanit\u00e0"],"articleSection":["Cronaca\/Politica","Prima Pagina","Sanit\u00e0 Medicina"],"inLanguage":"fr-FR"},{"@type":"WebPage","@id":"https:\/\/www.bellunopress.it\/2009\/09\/05\/influenza-primo-stock-di-vaccini-sandri-pronti-a-partire-secondo-il-calendario-nazionale\/","url":"https:\/\/www.bellunopress.it\/2009\/09\/05\/influenza-primo-stock-di-vaccini-sandri-pronti-a-partire-secondo-il-calendario-nazionale\/","name":"Influenza, primo stock di vaccini. Sandri: \"Pronti a partire secondo il calendario nazionale\" - Bellunopress - Dolomiti","isPartOf":{"@id":"https:\/\/www.bellunopress.it\/#website"},"primaryImageOfPage":{"@id":"https:\/\/www.bellunopress.it\/2009\/09\/05\/influenza-primo-stock-di-vaccini-sandri-pronti-a-partire-secondo-il-calendario-nazionale\/#primaryimage"},"image":{"@id":"https:\/\/www.bellunopress.it\/2009\/09\/05\/influenza-primo-stock-di-vaccini-sandri-pronti-a-partire-secondo-il-calendario-nazionale\/#primaryimage"},"thumbnailUrl":"http:\/\/www.bellunopress.it\/wp-content\/uploads\/2009\/09\/sandro-sandri-assessore-regionale-sanita.jpg","datePublished":"2009-09-05T07:20:11+00:00","breadcrumb":{"@id":"https:\/\/www.bellunopress.it\/2009\/09\/05\/influenza-primo-stock-di-vaccini-sandri-pronti-a-partire-secondo-il-calendario-nazionale\/#breadcrumb"},"inLanguage":"fr-FR","potentialAction":[{"@type":"ReadAction","target":["https:\/\/www.bellunopress.it\/2009\/09\/05\/influenza-primo-stock-di-vaccini-sandri-pronti-a-partire-secondo-il-calendario-nazionale\/"]}]},{"@type":"ImageObject","inLanguage":"fr-FR","@id":"https:\/\/www.bellunopress.it\/2009\/09\/05\/influenza-primo-stock-di-vaccini-sandri-pronti-a-partire-secondo-il-calendario-nazionale\/#primaryimage","url":"http:\/\/www.bellunopress.it\/wp-content\/uploads\/2009\/09\/sandro-sandri-assessore-regionale-sanita.jpg","contentUrl":"http:\/\/www.bellunopress.it\/wp-content\/uploads\/2009\/09\/sandro-sandri-assessore-regionale-sanita.jpg"},{"@type":"BreadcrumbList","@id":"https:\/\/www.bellunopress.it\/2009\/09\/05\/influenza-primo-stock-di-vaccini-sandri-pronti-a-partire-secondo-il-calendario-nazionale\/#breadcrumb","itemListElement":[{"@type":"ListItem","position":1,"name":"Home","item":"https:\/\/www.bellunopress.it\/"},{"@type":"ListItem","position":2,"name":"Influenza, primo stock di vaccini. Sandri: &#8220;Pronti a partire secondo il calendario nazionale&#8221;"}]},{"@type":"WebSite","@id":"https:\/\/www.bellunopress.it\/#website","url":"https:\/\/www.bellunopress.it\/","name":"Bellunopress - Dolomiti","description":"e-mail: redazione@bellunopress.it","publisher":{"@id":"https:\/\/www.bellunopress.it\/#organization"},"potentialAction":[{"@type":"SearchAction","target":{"@type":"EntryPoint","urlTemplate":"https:\/\/www.bellunopress.it\/?s={search_term_string}"},"query-input":{"@type":"PropertyValueSpecification","valueRequired":true,"valueName":"search_term_string"}}],"inLanguage":"fr-FR"},{"@type":"Organization","@id":"https:\/\/www.bellunopress.it\/#organization","name":"Bellunopress","url":"https:\/\/www.bellunopress.it\/","logo":{"@type":"ImageObject","inLanguage":"fr-FR","@id":"https:\/\/www.bellunopress.it\/#\/schema\/logo\/image\/","url":"https:\/\/www.bellunopress.it\/wp-content\/uploads\/2011\/05\/cropped-logo-bellunopress-.jpg","contentUrl":"https:\/\/www.bellunopress.it\/wp-content\/uploads\/2011\/05\/cropped-logo-bellunopress-.jpg","width":512,"height":512,"caption":"Bellunopress"},"image":{"@id":"https:\/\/www.bellunopress.it\/#\/schema\/logo\/image\/"},"sameAs":["https:\/\/www.facebook.com\/profile.php?id=100008943462799","https:\/\/x.com\/bellunopress","https:\/\/www.linkedin.com\/hp\/?dnr=JBzUWaJfMUw8vbXJJ2tVW5-I3jZKvC4wsoxE&amp;amp;amp;amp;amp;amp;trk=nav_responsive_tab_home","https:\/\/www.youtube.com\/channel\/UCxL0wu1uN0_3_7hGG0306cw"]},{"@type":"Person","@id":"https:\/\/www.bellunopress.it\/#\/schema\/person\/79bb06722b37ece1c03d3e94beb30d73","name":"r\u00e9daction","image":{"@type":"ImageObject","inLanguage":"fr-FR","@id":"https:\/\/secure.gravatar.com\/avatar\/37d968a2e67a6fd04c169c4bdef102d0bc5d31b2546345219e348575eb80e9a0?s=96&d=mm&r=g","url":"https:\/\/secure.gravatar.com\/avatar\/37d968a2e67a6fd04c169c4bdef102d0bc5d31b2546345219e348575eb80e9a0?s=96&d=mm&r=g","contentUrl":"https:\/\/secure.gravatar.com\/avatar\/37d968a2e67a6fd04c169c4bdef102d0bc5d31b2546345219e348575eb80e9a0?s=96&d=mm&r=g","caption":"redazione"},"sameAs":["http:\/\/www.bellunopress.it","https:\/\/x.com\/bellunopress"],"url":"https:\/\/www.bellunopress.it\/fr\/author\/redazione\/"}]}},"_links":{"self":[{"href":"https:\/\/www.bellunopress.it\/fr\/wp-json\/wp\/v2\/posts\/7767","targetHints":{"allow":["GET"]}}],"collection":[{"href":"https:\/\/www.bellunopress.it\/fr\/wp-json\/wp\/v2\/posts"}],"about":[{"href":"https:\/\/www.bellunopress.it\/fr\/wp-json\/wp\/v2\/types\/post"}],"author":[{"embeddable":true,"href":"https:\/\/www.bellunopress.it\/fr\/wp-json\/wp\/v2\/users\/2"}],"replies":[{"embeddable":true,"href":"https:\/\/www.bellunopress.it\/fr\/wp-json\/wp\/v2\/comments?post=7767"}],"version-history":[{"count":1,"href":"https:\/\/www.bellunopress.it\/fr\/wp-json\/wp\/v2\/posts\/7767\/revisions"}],"predecessor-version":[{"id":7769,"href":"https:\/\/www.bellunopress.it\/fr\/wp-json\/wp\/v2\/posts\/7767\/revisions\/7769"}],"wp:attachment":[{"href":"https:\/\/www.bellunopress.it\/fr\/wp-json\/wp\/v2\/media?parent=7767"}],"wp:term":[{"taxonomy":"category","embeddable":true,"href":"https:\/\/www.bellunopress.it\/fr\/wp-json\/wp\/v2\/categories?post=7767"},{"taxonomy":"post_tag","embeddable":true,"href":"https:\/\/www.bellunopress.it\/fr\/wp-json\/wp\/v2\/tags?post=7767"}],"curies":[{"name":"wp","href":"https:\/\/api.w.org\/{rel}","templated":true}]}}