{"id":7765,"date":"2009-09-05T08:13:00","date_gmt":"2009-09-05T07:13:00","guid":{"rendered":"http:\/\/www.bellunopress.it\/?p=7765"},"modified":"2009-09-05T11:57:32","modified_gmt":"2009-09-05T10:57:32","slug":"baaria-la-regione-sicilia-risponde-a-galan-sullutilizzo-dei-fondi-nazionali","status":"publish","type":"post","link":"https:\/\/www.bellunopress.it\/fr\/2009\/09\/05\/baaria-la-regione-sicilia-risponde-a-galan-sullutilizzo-dei-fondi-nazionali\/","title":{"rendered":"Baaria: La Regione Sicilia risponde a Galan (&#8220;invidioso&#8221;) sull&#8217;utilizzo dei Fondi nazionali"},"content":{"rendered":"<p>Palermo &#8211; Il presidente della Regione Veneto, Renato Galan, ha accusato la regione Siciliana di aver \u201csprecato\u201d i quattro milioni di euro utilizzati per finanziare l\u2019ultima produzione di\u00a0 Giuseppe Tornatore. \u201cNon credo che nella mission di una regione ci sia la produzione di film che entrano nel circuito commerciale\u201d, ha affermato il governatore del Veneto incontrando i giornalisti, la sera dell\u2019inaugurazione della mostra del cinema di Venezia. Gli risponde, a distanza, il presidente della Regione siciliana: \u201cIl fatto che la Sicilia abbia occupato il posto d\u2019onore al festival di Venezia, nella \u201csua\u201d laguna, \u00e8 probabilmente alla base della scomposta reazione del\u00a0 governatore del Veneto. La sua nota fobia per tutto ci\u00f2 che viene prodotto al di sotto del Po, non pu\u00f2 per\u00f2 bastare a giustificare\u00a0 affermazioni\u00a0 tanto gravi quanto infondate. Mi permetto quindi di suggerirgli di leggere le nostre precisazioni\u00a0 per poi, a mente serena, porgere le opportune scuse\u201d. \u00a0La Regione siciliana \u2013 infatti \u2013 non ha erogato un solo euro proveniente da fondi regionali per finanziare la produzione del film \u201cBaaria\u201d. Ma ha condiviso, attraverso un accordo di programma quadro,\u00a0 una\u00a0 strategia di comunicazione messa a punto con il ministero dello Sviluppo Economico e il ministero dei Beni Culturali. Strategia che prevedeva la coproduzione del film con le risorse finanziarie \u2013 interamente di fonte statale &#8211; messe a disposizione dalla delibera Cipe n. 35 del 2005. Secondo le linee d\u2019indirizzo Eurimages 2005 del Consiglio d\u2019Europa, la Regione siciliana ha deciso di promuovere il proprio territorio, la propria storia e le proprie tradizioni attraverso un intervento di coproduzione finanziaria. Un intervento previsto e codificato dall\u2019articolo 57 comma 2 lettera b del Codice degli appalti.<br \/>\nSi tratta, a tutti gli effetti, di una attivit\u00e0 di promozione del territorio che pu\u00f2 essere svolta attraverso forme tradizionali (cartellonistica, spot, inserzioni) o attraverso prodotti che si caratterizzino\u00a0 per la loro unicit\u00e0. Valutata l\u2019incidenza dei costi di una campagna promozionale di pari dimensioni e risonanza, con riferimento al numero di contatti con i destinatari, alla permanenza e alla capacit\u00e0 di persuasione del messaggio, la Regione siciliana ha deciso di indirizzare i fondi disponibili verso la produzione di Baaria. \u00a0Ed \u00e8 stata certamente una scelta felice, considerato che proprio il festival del cinema di Venezia, che \u00e8 una ribalta tra le pi\u00f9 prestigiose al mondo, ha deciso di aprire la propria rassegna partendo dal film di Tornatore. &#8220;Galan, &#8211; conclude Lombardo &#8211; che \u00e8 veneto e che nasce pubblicitario, con le sue incontenibili esternazioni ha certamente offeso \u2013 ancora una volta \u2013 i siciliani che vivono in Sicilia e quelli che sono sparsi per il mondo, a partire dal Veneto. Anche se involontariamente \u2013 e per questo non gliene vogliamo &#8211; \u00e8 riuscito a dimostrare che la Sicilia, nella ricerca e nell\u2019utilizzazione di risorse da destinare alla cultura e alla promozione del territorio, sa muoversi\u00a0 bene. Che \u00e8 gi\u00e0 una bella soddisfazione\u201d.<\/p>","protected":false},"excerpt":{"rendered":"<p>Palermo &#8211; Il presidente della Regione Veneto, Renato Galan, ha accusato la regione Siciliana di aver \u201csprecato\u201d i quattro milioni di euro utilizzati per finanziare l\u2019ultima produzione di\u00a0 Giuseppe Tornatore. \u201cNon credo che nella mission di una regione ci sia la produzione di film che entrano nel circuito commerciale\u201d, ha affermato il governatore del Veneto [&hellip;]<\/p>\n","protected":false},"author":2,"featured_media":0,"comment_status":"closed","ping_status":"open","sticky":false,"template":"","format":"standard","meta":{"footnotes":""},"categories":[5,26],"tags":[],"class_list":["post-7765","post","type-post","status-publish","format-standard","category-cronaca","category-prima-pagina"],"yoast_head":"<!-- This site is optimized with the Yoast SEO plugin v28.4 - https:\/\/yoast.com\/product\/yoast-seo-wordpress\/ -->\n<title>Baaria: La Regione Sicilia risponde a Galan (&quot;invidioso&quot;) sull&#039;utilizzo dei Fondi nazionali - Bellunopress - Dolomiti<\/title>\n<meta name=\"robots\" content=\"index, follow, max-snippet:-1, max-image-preview:large, max-video-preview:-1\" \/>\n<link rel=\"canonical\" href=\"https:\/\/www.bellunopress.it\/fr\/2009\/09\/05\/baaria-la-regione-sicilia-risponde-a-galan-sullutilizzo-dei-fondi-nazionali\/\" \/>\n<meta property=\"og:locale\" content=\"fr_FR\" \/>\n<meta property=\"og:type\" content=\"article\" \/>\n<meta property=\"og:title\" content=\"Baaria: La Regione Sicilia risponde a Galan (&quot;invidioso&quot;) sull&#039;utilizzo dei Fondi nazionali - Bellunopress - Dolomiti\" \/>\n<meta property=\"og:description\" content=\"Palermo &#8211; Il presidente della Regione Veneto, Renato Galan, ha accusato la regione Siciliana di aver \u201csprecato\u201d i quattro milioni di euro utilizzati per finanziare l\u2019ultima produzione di\u00a0 Giuseppe Tornatore. \u201cNon credo che nella mission di una regione ci sia la produzione di film che entrano nel circuito commerciale\u201d, ha affermato il governatore del Veneto [&hellip;]\" \/>\n<meta property=\"og:url\" content=\"https:\/\/www.bellunopress.it\/fr\/2009\/09\/05\/baaria-la-regione-sicilia-risponde-a-galan-sullutilizzo-dei-fondi-nazionali\/\" \/>\n<meta property=\"og:site_name\" content=\"Bellunopress - Dolomiti\" \/>\n<meta property=\"article:publisher\" content=\"https:\/\/www.facebook.com\/profile.php?id=100008943462799\" \/>\n<meta property=\"article:published_time\" content=\"2009-09-05T07:13:00+00:00\" \/>\n<meta property=\"article:modified_time\" content=\"2009-09-05T10:57:32+00:00\" \/>\n<meta property=\"og:image\" content=\"http:\/\/www.bellunopress.it\/wp-content\/uploads\/2012\/07\/logo-bellunopress-250x250-2012.jpg\" \/>\n<meta name=\"author\" content=\"redazione\" \/>\n<meta name=\"twitter:card\" content=\"summary_large_image\" \/>\n<meta name=\"twitter:creator\" content=\"@bellunopress\" \/>\n<meta name=\"twitter:site\" content=\"@bellunopress\" \/>\n<meta name=\"twitter:label1\" content=\"\u00c9crit par\" \/>\n\t<meta name=\"twitter:data1\" content=\"redazione\" \/>\n\t<meta name=\"twitter:label2\" content=\"Dur\u00e9e de lecture estim\u00e9e\" \/>\n\t<meta name=\"twitter:data2\" content=\"2 minutes\" \/>\n<script type=\"application\/ld+json\" class=\"yoast-schema-graph\">{\"@context\":\"https:\\\/\\\/schema.org\",\"@graph\":[{\"@type\":\"Article\",\"@id\":\"https:\\\/\\\/www.bellunopress.it\\\/2009\\\/09\\\/05\\\/baaria-la-regione-sicilia-risponde-a-galan-sullutilizzo-dei-fondi-nazionali\\\/#article\",\"isPartOf\":{\"@id\":\"https:\\\/\\\/www.bellunopress.it\\\/2009\\\/09\\\/05\\\/baaria-la-regione-sicilia-risponde-a-galan-sullutilizzo-dei-fondi-nazionali\\\/\"},\"author\":{\"name\":\"redazione\",\"@id\":\"https:\\\/\\\/www.bellunopress.it\\\/#\\\/schema\\\/person\\\/79bb06722b37ece1c03d3e94beb30d73\"},\"headline\":\"Baaria: La Regione Sicilia risponde a Galan (&#8220;invidioso&#8221;) sull&#8217;utilizzo dei Fondi nazionali\",\"datePublished\":\"2009-09-05T07:13:00+00:00\",\"dateModified\":\"2009-09-05T10:57:32+00:00\",\"mainEntityOfPage\":{\"@id\":\"https:\\\/\\\/www.bellunopress.it\\\/2009\\\/09\\\/05\\\/baaria-la-regione-sicilia-risponde-a-galan-sullutilizzo-dei-fondi-nazionali\\\/\"},\"wordCount\":480,\"publisher\":{\"@id\":\"https:\\\/\\\/www.bellunopress.it\\\/#organization\"},\"articleSection\":[\"Cronaca\\\/Politica\",\"Prima Pagina\"],\"inLanguage\":\"fr-FR\"},{\"@type\":\"WebPage\",\"@id\":\"https:\\\/\\\/www.bellunopress.it\\\/2009\\\/09\\\/05\\\/baaria-la-regione-sicilia-risponde-a-galan-sullutilizzo-dei-fondi-nazionali\\\/\",\"url\":\"https:\\\/\\\/www.bellunopress.it\\\/2009\\\/09\\\/05\\\/baaria-la-regione-sicilia-risponde-a-galan-sullutilizzo-dei-fondi-nazionali\\\/\",\"name\":\"Baaria: La Regione Sicilia risponde a Galan (\\\"invidioso\\\") sull'utilizzo dei Fondi nazionali - Bellunopress - Dolomiti\",\"isPartOf\":{\"@id\":\"https:\\\/\\\/www.bellunopress.it\\\/#website\"},\"datePublished\":\"2009-09-05T07:13:00+00:00\",\"dateModified\":\"2009-09-05T10:57:32+00:00\",\"breadcrumb\":{\"@id\":\"https:\\\/\\\/www.bellunopress.it\\\/2009\\\/09\\\/05\\\/baaria-la-regione-sicilia-risponde-a-galan-sullutilizzo-dei-fondi-nazionali\\\/#breadcrumb\"},\"inLanguage\":\"fr-FR\",\"potentialAction\":[{\"@type\":\"ReadAction\",\"target\":[\"https:\\\/\\\/www.bellunopress.it\\\/2009\\\/09\\\/05\\\/baaria-la-regione-sicilia-risponde-a-galan-sullutilizzo-dei-fondi-nazionali\\\/\"]}]},{\"@type\":\"BreadcrumbList\",\"@id\":\"https:\\\/\\\/www.bellunopress.it\\\/2009\\\/09\\\/05\\\/baaria-la-regione-sicilia-risponde-a-galan-sullutilizzo-dei-fondi-nazionali\\\/#breadcrumb\",\"itemListElement\":[{\"@type\":\"ListItem\",\"position\":1,\"name\":\"Home\",\"item\":\"https:\\\/\\\/www.bellunopress.it\\\/\"},{\"@type\":\"ListItem\",\"position\":2,\"name\":\"Baaria: La Regione Sicilia risponde a Galan (&#8220;invidioso&#8221;) sull&#8217;utilizzo dei Fondi nazionali\"}]},{\"@type\":\"WebSite\",\"@id\":\"https:\\\/\\\/www.bellunopress.it\\\/#website\",\"url\":\"https:\\\/\\\/www.bellunopress.it\\\/\",\"name\":\"Bellunopress - Dolomiti\",\"description\":\"e-mail: redazione@bellunopress.it\",\"publisher\":{\"@id\":\"https:\\\/\\\/www.bellunopress.it\\\/#organization\"},\"potentialAction\":[{\"@type\":\"SearchAction\",\"target\":{\"@type\":\"EntryPoint\",\"urlTemplate\":\"https:\\\/\\\/www.bellunopress.it\\\/?s={search_term_string}\"},\"query-input\":{\"@type\":\"PropertyValueSpecification\",\"valueRequired\":true,\"valueName\":\"search_term_string\"}}],\"inLanguage\":\"fr-FR\"},{\"@type\":\"Organization\",\"@id\":\"https:\\\/\\\/www.bellunopress.it\\\/#organization\",\"name\":\"Bellunopress\",\"url\":\"https:\\\/\\\/www.bellunopress.it\\\/\",\"logo\":{\"@type\":\"ImageObject\",\"inLanguage\":\"fr-FR\",\"@id\":\"https:\\\/\\\/www.bellunopress.it\\\/#\\\/schema\\\/logo\\\/image\\\/\",\"url\":\"https:\\\/\\\/www.bellunopress.it\\\/wp-content\\\/uploads\\\/2011\\\/05\\\/cropped-logo-bellunopress-.jpg\",\"contentUrl\":\"https:\\\/\\\/www.bellunopress.it\\\/wp-content\\\/uploads\\\/2011\\\/05\\\/cropped-logo-bellunopress-.jpg\",\"width\":512,\"height\":512,\"caption\":\"Bellunopress\"},\"image\":{\"@id\":\"https:\\\/\\\/www.bellunopress.it\\\/#\\\/schema\\\/logo\\\/image\\\/\"},\"sameAs\":[\"https:\\\/\\\/www.facebook.com\\\/profile.php?id=100008943462799\",\"https:\\\/\\\/x.com\\\/bellunopress\",\"https:\\\/\\\/www.linkedin.com\\\/hp\\\/?dnr=JBzUWaJfMUw8vbXJJ2tVW5-I3jZKvC4wsoxE&amp;amp;amp;amp;amp;amp;trk=nav_responsive_tab_home\",\"https:\\\/\\\/www.youtube.com\\\/channel\\\/UCxL0wu1uN0_3_7hGG0306cw\"]},{\"@type\":\"Person\",\"@id\":\"https:\\\/\\\/www.bellunopress.it\\\/#\\\/schema\\\/person\\\/79bb06722b37ece1c03d3e94beb30d73\",\"name\":\"redazione\",\"image\":{\"@type\":\"ImageObject\",\"inLanguage\":\"fr-FR\",\"@id\":\"https:\\\/\\\/secure.gravatar.com\\\/avatar\\\/37d968a2e67a6fd04c169c4bdef102d0bc5d31b2546345219e348575eb80e9a0?s=96&d=mm&r=g\",\"url\":\"https:\\\/\\\/secure.gravatar.com\\\/avatar\\\/37d968a2e67a6fd04c169c4bdef102d0bc5d31b2546345219e348575eb80e9a0?s=96&d=mm&r=g\",\"contentUrl\":\"https:\\\/\\\/secure.gravatar.com\\\/avatar\\\/37d968a2e67a6fd04c169c4bdef102d0bc5d31b2546345219e348575eb80e9a0?s=96&d=mm&r=g\",\"caption\":\"redazione\"},\"sameAs\":[\"http:\\\/\\\/www.bellunopress.it\",\"https:\\\/\\\/x.com\\\/bellunopress\"],\"url\":\"https:\\\/\\\/www.bellunopress.it\\\/fr\\\/author\\\/redazione\\\/\"}]}<\/script>\n<!-- \/ Yoast SEO plugin. -->","yoast_head_json":{"title":"Baaria: La Regione Sicilia risponde a Galan (\"invidioso\") sull'utilizzo dei Fondi nazionali - Bellunopress - Dolomiti","robots":{"index":"index","follow":"follow","max-snippet":"max-snippet:-1","max-image-preview":"max-image-preview:large","max-video-preview":"max-video-preview:-1"},"canonical":"https:\/\/www.bellunopress.it\/fr\/2009\/09\/05\/baaria-la-regione-sicilia-risponde-a-galan-sullutilizzo-dei-fondi-nazionali\/","og_locale":"fr_FR","og_type":"article","og_title":"Baaria: La Regione Sicilia risponde a Galan (\"invidioso\") sull'utilizzo dei Fondi nazionali - Bellunopress - Dolomiti","og_description":"Palermo &#8211; Il presidente della Regione Veneto, Renato Galan, ha accusato la regione Siciliana di aver \u201csprecato\u201d i quattro milioni di euro utilizzati per finanziare l\u2019ultima produzione di\u00a0 Giuseppe Tornatore. \u201cNon credo che nella mission di una regione ci sia la produzione di film che entrano nel circuito commerciale\u201d, ha affermato il governatore del Veneto [&hellip;]","og_url":"https:\/\/www.bellunopress.it\/fr\/2009\/09\/05\/baaria-la-regione-sicilia-risponde-a-galan-sullutilizzo-dei-fondi-nazionali\/","og_site_name":"Bellunopress - Dolomiti","article_publisher":"https:\/\/www.facebook.com\/profile.php?id=100008943462799","article_published_time":"2009-09-05T07:13:00+00:00","article_modified_time":"2009-09-05T10:57:32+00:00","og_image":[{"url":"http:\/\/www.bellunopress.it\/wp-content\/uploads\/2012\/07\/logo-bellunopress-250x250-2012.jpg","type":"","width":"","height":""}],"author":"redazione","twitter_card":"summary_large_image","twitter_creator":"@bellunopress","twitter_site":"@bellunopress","twitter_misc":{"\u00c9crit par":"redazione","Dur\u00e9e de lecture estim\u00e9e":"2 minutes"},"schema":{"@context":"https:\/\/schema.org","@graph":[{"@type":"Article","@id":"https:\/\/www.bellunopress.it\/2009\/09\/05\/baaria-la-regione-sicilia-risponde-a-galan-sullutilizzo-dei-fondi-nazionali\/#article","isPartOf":{"@id":"https:\/\/www.bellunopress.it\/2009\/09\/05\/baaria-la-regione-sicilia-risponde-a-galan-sullutilizzo-dei-fondi-nazionali\/"},"author":{"name":"redazione","@id":"https:\/\/www.bellunopress.it\/#\/schema\/person\/79bb06722b37ece1c03d3e94beb30d73"},"headline":"Baaria: La Regione Sicilia risponde a Galan (&#8220;invidioso&#8221;) sull&#8217;utilizzo dei Fondi nazionali","datePublished":"2009-09-05T07:13:00+00:00","dateModified":"2009-09-05T10:57:32+00:00","mainEntityOfPage":{"@id":"https:\/\/www.bellunopress.it\/2009\/09\/05\/baaria-la-regione-sicilia-risponde-a-galan-sullutilizzo-dei-fondi-nazionali\/"},"wordCount":480,"publisher":{"@id":"https:\/\/www.bellunopress.it\/#organization"},"articleSection":["Cronaca\/Politica","Prima Pagina"],"inLanguage":"fr-FR"},{"@type":"WebPage","@id":"https:\/\/www.bellunopress.it\/2009\/09\/05\/baaria-la-regione-sicilia-risponde-a-galan-sullutilizzo-dei-fondi-nazionali\/","url":"https:\/\/www.bellunopress.it\/2009\/09\/05\/baaria-la-regione-sicilia-risponde-a-galan-sullutilizzo-dei-fondi-nazionali\/","name":"Baaria: La Regione Sicilia risponde a Galan (\"invidioso\") sull'utilizzo dei Fondi nazionali - Bellunopress - Dolomiti","isPartOf":{"@id":"https:\/\/www.bellunopress.it\/#website"},"datePublished":"2009-09-05T07:13:00+00:00","dateModified":"2009-09-05T10:57:32+00:00","breadcrumb":{"@id":"https:\/\/www.bellunopress.it\/2009\/09\/05\/baaria-la-regione-sicilia-risponde-a-galan-sullutilizzo-dei-fondi-nazionali\/#breadcrumb"},"inLanguage":"fr-FR","potentialAction":[{"@type":"ReadAction","target":["https:\/\/www.bellunopress.it\/2009\/09\/05\/baaria-la-regione-sicilia-risponde-a-galan-sullutilizzo-dei-fondi-nazionali\/"]}]},{"@type":"BreadcrumbList","@id":"https:\/\/www.bellunopress.it\/2009\/09\/05\/baaria-la-regione-sicilia-risponde-a-galan-sullutilizzo-dei-fondi-nazionali\/#breadcrumb","itemListElement":[{"@type":"ListItem","position":1,"name":"Home","item":"https:\/\/www.bellunopress.it\/"},{"@type":"ListItem","position":2,"name":"Baaria: La Regione Sicilia risponde a Galan (&#8220;invidioso&#8221;) sull&#8217;utilizzo dei Fondi nazionali"}]},{"@type":"WebSite","@id":"https:\/\/www.bellunopress.it\/#website","url":"https:\/\/www.bellunopress.it\/","name":"Bellunopress - Dolomiti","description":"e-mail: redazione@bellunopress.it","publisher":{"@id":"https:\/\/www.bellunopress.it\/#organization"},"potentialAction":[{"@type":"SearchAction","target":{"@type":"EntryPoint","urlTemplate":"https:\/\/www.bellunopress.it\/?s={search_term_string}"},"query-input":{"@type":"PropertyValueSpecification","valueRequired":true,"valueName":"search_term_string"}}],"inLanguage":"fr-FR"},{"@type":"Organization","@id":"https:\/\/www.bellunopress.it\/#organization","name":"Bellunopress","url":"https:\/\/www.bellunopress.it\/","logo":{"@type":"ImageObject","inLanguage":"fr-FR","@id":"https:\/\/www.bellunopress.it\/#\/schema\/logo\/image\/","url":"https:\/\/www.bellunopress.it\/wp-content\/uploads\/2011\/05\/cropped-logo-bellunopress-.jpg","contentUrl":"https:\/\/www.bellunopress.it\/wp-content\/uploads\/2011\/05\/cropped-logo-bellunopress-.jpg","width":512,"height":512,"caption":"Bellunopress"},"image":{"@id":"https:\/\/www.bellunopress.it\/#\/schema\/logo\/image\/"},"sameAs":["https:\/\/www.facebook.com\/profile.php?id=100008943462799","https:\/\/x.com\/bellunopress","https:\/\/www.linkedin.com\/hp\/?dnr=JBzUWaJfMUw8vbXJJ2tVW5-I3jZKvC4wsoxE&amp;amp;amp;amp;amp;amp;trk=nav_responsive_tab_home","https:\/\/www.youtube.com\/channel\/UCxL0wu1uN0_3_7hGG0306cw"]},{"@type":"Person","@id":"https:\/\/www.bellunopress.it\/#\/schema\/person\/79bb06722b37ece1c03d3e94beb30d73","name":"r\u00e9daction","image":{"@type":"ImageObject","inLanguage":"fr-FR","@id":"https:\/\/secure.gravatar.com\/avatar\/37d968a2e67a6fd04c169c4bdef102d0bc5d31b2546345219e348575eb80e9a0?s=96&d=mm&r=g","url":"https:\/\/secure.gravatar.com\/avatar\/37d968a2e67a6fd04c169c4bdef102d0bc5d31b2546345219e348575eb80e9a0?s=96&d=mm&r=g","contentUrl":"https:\/\/secure.gravatar.com\/avatar\/37d968a2e67a6fd04c169c4bdef102d0bc5d31b2546345219e348575eb80e9a0?s=96&d=mm&r=g","caption":"redazione"},"sameAs":["http:\/\/www.bellunopress.it","https:\/\/x.com\/bellunopress"],"url":"https:\/\/www.bellunopress.it\/fr\/author\/redazione\/"}]}},"_links":{"self":[{"href":"https:\/\/www.bellunopress.it\/fr\/wp-json\/wp\/v2\/posts\/7765","targetHints":{"allow":["GET"]}}],"collection":[{"href":"https:\/\/www.bellunopress.it\/fr\/wp-json\/wp\/v2\/posts"}],"about":[{"href":"https:\/\/www.bellunopress.it\/fr\/wp-json\/wp\/v2\/types\/post"}],"author":[{"embeddable":true,"href":"https:\/\/www.bellunopress.it\/fr\/wp-json\/wp\/v2\/users\/2"}],"replies":[{"embeddable":true,"href":"https:\/\/www.bellunopress.it\/fr\/wp-json\/wp\/v2\/comments?post=7765"}],"version-history":[{"count":3,"href":"https:\/\/www.bellunopress.it\/fr\/wp-json\/wp\/v2\/posts\/7765\/revisions"}],"predecessor-version":[{"id":7778,"href":"https:\/\/www.bellunopress.it\/fr\/wp-json\/wp\/v2\/posts\/7765\/revisions\/7778"}],"wp:attachment":[{"href":"https:\/\/www.bellunopress.it\/fr\/wp-json\/wp\/v2\/media?parent=7765"}],"wp:term":[{"taxonomy":"category","embeddable":true,"href":"https:\/\/www.bellunopress.it\/fr\/wp-json\/wp\/v2\/categories?post=7765"},{"taxonomy":"post_tag","embeddable":true,"href":"https:\/\/www.bellunopress.it\/fr\/wp-json\/wp\/v2\/tags?post=7765"}],"curies":[{"name":"wp","href":"https:\/\/api.w.org\/{rel}","templated":true}]}}