{"id":7763,"date":"2009-09-05T08:03:38","date_gmt":"2009-09-05T07:03:38","guid":{"rendered":"http:\/\/www.bellunopress.it\/?p=7763"},"modified":"2009-09-05T08:03:38","modified_gmt":"2009-09-05T07:03:38","slug":"arte-di-strada-voila-questo-week-end-a-feltre","status":"publish","type":"post","link":"https:\/\/www.bellunopress.it\/fr\/2009\/09\/05\/arte-di-strada-voila-questo-week-end-a-feltre\/","title":{"rendered":"Arte di strada &#8220;Voil\u00e0&#8221; questo week-end a Feltre"},"content":{"rendered":"<p>LARGO CASTALDI<br \/>\nSabato 5 settembre dalle ore 16,30<br \/>\nBarabba Clown (Croazia)<br \/>\nSi esibisce nelle situazioni pi\u00f9 assurde \u2026 circondandosi di persone che non sanno bene quel che accadr\u00e0 \u2026 ma, poi, come sempre, un fischio e si aprono le danze \u2026 Barabba Clown rivisita, mescolandole, diverse tecniche: forma eccentrica e comica, pantomima acrobatica, giocoleria ed il pizzico di fuoco che, come dice lui, \u201cci sta sempre bene\u201d. Barabba \u00e8 un clown volubile, cui piace sempre e comunque stare al centro dello spettacolo, durante il quale \u00e8 assalito da dubbi: \u201cSono io che sono qui per voi? \u2026 O voi che siete qui per me?\u201d. La risposta sar\u00e0 esilarante.<\/p>\n<p>Henry White in Statua vivente<br \/>\nHenry White si esibisce dal 1999 in personaggi storici e costumi d\u2019epoca. Rappresenta monumenti marmorei, ispirati alla cultura barocca e al patrimonio di statue presenti nelle piazze d\u2019Italia. La sua tecnica va oltre l\u2019immobilismo e rappresenta una ricerca meditativa e di comunicazione del silenzio, attraverso l\u2019iconografia classica della statuaria. Lo spettacolo si basa sulla provocazione dell\u2019essere umano completamente, volutamente immobile e passivo, che tuttavia si espone e propone un messaggio fortemente interattivo.<\/p>\n<p>PIAZZA MAGGIORE\u00a0 (in caso di maltempo all&#8217; Auditorium dell&#8217; Istituto Canossiano)<br \/>\nSabato 5 settembre \u2013 ore 20,30<br \/>\nClown Barabba<br \/>\nSi esibisce nelle situazioni pi\u00f9 assurde \u2026 circondandosi di persone che non sanno bene quel che accadr\u00e0 \u2026 ma, poi, come sempre, un fischio e si aprono le danze \u2026 Barabba Clown rivisita, mescolandole, diverse tecniche: forma eccentrica e comica, pantomima acrobatica, giocoleria ed il pizzico di fuoco che, come dice lui, \u201cci sta sempre bene\u201d. Barabba \u00e8 un clown volubile, cui piace sempre e comunque stare al centro dello spettacolo, durante il quale \u00e8 assalito da dubbi: \u201cSono io che sono qui per voi? \u2026 O voi che siete qui per me?\u201d. La risposta sar\u00e0 esilarante.<\/p>\n<p>Slapsus in\u00a0 Fairplay<br \/>\nLorenzo Baronchelli, Michele Cremaschi, Pier Frugnoli, Manuel Gregna, direttamente da Zelig off di Canale 5 nella quale hanno debuttato nel 2008 presentano un &#8216;olimpiade di risate. Fairplay \u00e8 il goffo tentativo di cimentarsi per la prima volta in una sconosciuta specialit\u00e0 sportiva, \u00e8 la sfida al campione in carica per la conquista del podio, \u00e8 l&#8217;incidente che avviene nel bel mezzo della gara. Quattro clown alle prese con svariate discipline sportive con esiti non sempre da campioni.<br \/>\nPIAZZA MAGGIORE ( in caso di maltempo al Palaghiaccio)<br \/>\ndomenica 6 settembre \u2013 ore 16.30<br \/>\nI MAPO in Willy e Marilyn<br \/>\nUno spettacolo di acrobatica, magia, giocoleria e candida perversione nel quale non mancheranno colpi di scena e sorprese \u2026 da mozzare il fiato per bellezza, poesia e virtuosismo. Con comicit\u00e0, salti mortali, disperazioni d\u2019amore e vendette senza scrupolo I Mapo (Isabella Macchi e Paolo Dei Giudici) raccontano la storia di Willy e Marilyn, due personaggi eclettici e sorprendenti, tragici ed ironici, che vi delizieranno con le loro arti e la loro passione. Come dicono gli interpreti: \u201cSe il pubblico vuole sangue lo avr\u00e0, se vuole ridere rider\u00e0, se vuole piangere, pianger\u00e0\u201d.<\/p>\n<p>Wanda Family Circus in I comici fakiri<br \/>\nWanda \u00e8 attrice, sputafuoco, irriverente cabarettista e regista. In teatro \u00e8 stata anche a fianco di Enzo Jannacci con \u201cLa scommessa\u201d, diretta dal cantante milanese che l\u2019ha selezionata per altre performances teatrali. Ma il suo mondo \u00e8 quello del teatro di strada, in cui la sua verve di attrice e showgirl si trasforma in un\u2019esplosione di energia, ne fa un animale da palcoscenico che sa tenere in pugno gli spettatori coinvolgendoli in prima persona nei suoi spettacoli. In quest\u2019ultimo ha coinvolto anche il figlio, con lei a Feltre.<br \/>\n<a href=\"http:\/\/www.wandacircus.com\">www.wandacircus.com<\/a><br \/>\nTutti gli spettacoli saranno ad ingresso gratuito\u00a0 Info: 348\/01228212 &#8211; <a href=\"http:\/\/www.comune.feltre.bl.it\">www.comune.feltre.bl.it<\/a><\/p>","protected":false},"excerpt":{"rendered":"<p>LARGO CASTALDI Sabato 5 settembre dalle ore 16,30 Barabba Clown (Croazia) Si esibisce nelle situazioni pi\u00f9 assurde \u2026 circondandosi di persone che non sanno bene quel che accadr\u00e0 \u2026 ma, poi, come sempre, un fischio e si aprono le danze \u2026 Barabba Clown rivisita, mescolandole, diverse tecniche: forma eccentrica e comica, pantomima acrobatica, giocoleria ed [&hellip;]<\/p>\n","protected":false},"author":2,"featured_media":0,"comment_status":"closed","ping_status":"open","sticky":false,"template":"","format":"standard","meta":{"footnotes":""},"categories":[27,3,25],"tags":[302],"class_list":["post-7763","post","type-post","status-publish","format-standard","category-appuntamenti","category-arte-cultura-spettacoli-scienza-archivi","category-pausa-caffe","tag-feltre"],"yoast_head":"<!-- This site is optimized with the Yoast SEO plugin v28.4 - https:\/\/yoast.com\/product\/yoast-seo-wordpress\/ -->\n<title>Arte di strada &quot;Voil\u00e0&quot; questo week-end a Feltre - Bellunopress - Dolomiti<\/title>\n<meta name=\"robots\" content=\"index, follow, max-snippet:-1, max-image-preview:large, max-video-preview:-1\" \/>\n<link rel=\"canonical\" href=\"https:\/\/www.bellunopress.it\/fr\/2009\/09\/05\/arte-di-strada-voila-questo-week-end-a-feltre\/\" \/>\n<meta property=\"og:locale\" content=\"fr_FR\" \/>\n<meta property=\"og:type\" content=\"article\" \/>\n<meta property=\"og:title\" content=\"Arte di strada &quot;Voil\u00e0&quot; questo week-end a Feltre - Bellunopress - Dolomiti\" \/>\n<meta property=\"og:description\" content=\"LARGO CASTALDI Sabato 5 settembre dalle ore 16,30 Barabba Clown (Croazia) Si esibisce nelle situazioni pi\u00f9 assurde \u2026 circondandosi di persone che non sanno bene quel che accadr\u00e0 \u2026 ma, poi, come sempre, un fischio e si aprono le danze \u2026 Barabba Clown rivisita, mescolandole, diverse tecniche: forma eccentrica e comica, pantomima acrobatica, giocoleria ed [&hellip;]\" \/>\n<meta property=\"og:url\" content=\"https:\/\/www.bellunopress.it\/fr\/2009\/09\/05\/arte-di-strada-voila-questo-week-end-a-feltre\/\" \/>\n<meta property=\"og:site_name\" content=\"Bellunopress - Dolomiti\" \/>\n<meta property=\"article:publisher\" content=\"https:\/\/www.facebook.com\/profile.php?id=100008943462799\" \/>\n<meta property=\"article:published_time\" content=\"2009-09-05T07:03:38+00:00\" \/>\n<meta property=\"og:image\" content=\"http:\/\/www.bellunopress.it\/wp-content\/uploads\/2012\/07\/logo-bellunopress-250x250-2012.jpg\" \/>\n<meta name=\"author\" content=\"redazione\" \/>\n<meta name=\"twitter:card\" content=\"summary_large_image\" \/>\n<meta name=\"twitter:creator\" content=\"@bellunopress\" \/>\n<meta name=\"twitter:site\" content=\"@bellunopress\" \/>\n<meta name=\"twitter:label1\" content=\"\u00c9crit par\" \/>\n\t<meta name=\"twitter:data1\" content=\"redazione\" \/>\n\t<meta name=\"twitter:label2\" content=\"Dur\u00e9e de lecture estim\u00e9e\" \/>\n\t<meta name=\"twitter:data2\" content=\"3 minutes\" \/>\n<script type=\"application\/ld+json\" class=\"yoast-schema-graph\">{\"@context\":\"https:\\\/\\\/schema.org\",\"@graph\":[{\"@type\":\"Article\",\"@id\":\"https:\\\/\\\/www.bellunopress.it\\\/2009\\\/09\\\/05\\\/arte-di-strada-voila-questo-week-end-a-feltre\\\/#article\",\"isPartOf\":{\"@id\":\"https:\\\/\\\/www.bellunopress.it\\\/2009\\\/09\\\/05\\\/arte-di-strada-voila-questo-week-end-a-feltre\\\/\"},\"author\":{\"name\":\"redazione\",\"@id\":\"https:\\\/\\\/www.bellunopress.it\\\/#\\\/schema\\\/person\\\/79bb06722b37ece1c03d3e94beb30d73\"},\"headline\":\"Arte di strada &#8220;Voil\u00e0&#8221; questo week-end a Feltre\",\"datePublished\":\"2009-09-05T07:03:38+00:00\",\"mainEntityOfPage\":{\"@id\":\"https:\\\/\\\/www.bellunopress.it\\\/2009\\\/09\\\/05\\\/arte-di-strada-voila-questo-week-end-a-feltre\\\/\"},\"wordCount\":592,\"publisher\":{\"@id\":\"https:\\\/\\\/www.bellunopress.it\\\/#organization\"},\"keywords\":[\"Feltre\"],\"articleSection\":[\"Appuntamenti, Eventi\",\"Arte, Cultura, Spettacoli, Scienza\",\"Pausa Caff\u00e8\"],\"inLanguage\":\"fr-FR\"},{\"@type\":\"WebPage\",\"@id\":\"https:\\\/\\\/www.bellunopress.it\\\/2009\\\/09\\\/05\\\/arte-di-strada-voila-questo-week-end-a-feltre\\\/\",\"url\":\"https:\\\/\\\/www.bellunopress.it\\\/2009\\\/09\\\/05\\\/arte-di-strada-voila-questo-week-end-a-feltre\\\/\",\"name\":\"Arte di strada \\\"Voil\u00e0\\\" questo week-end a Feltre - Bellunopress - Dolomiti\",\"isPartOf\":{\"@id\":\"https:\\\/\\\/www.bellunopress.it\\\/#website\"},\"datePublished\":\"2009-09-05T07:03:38+00:00\",\"breadcrumb\":{\"@id\":\"https:\\\/\\\/www.bellunopress.it\\\/2009\\\/09\\\/05\\\/arte-di-strada-voila-questo-week-end-a-feltre\\\/#breadcrumb\"},\"inLanguage\":\"fr-FR\",\"potentialAction\":[{\"@type\":\"ReadAction\",\"target\":[\"https:\\\/\\\/www.bellunopress.it\\\/2009\\\/09\\\/05\\\/arte-di-strada-voila-questo-week-end-a-feltre\\\/\"]}]},{\"@type\":\"BreadcrumbList\",\"@id\":\"https:\\\/\\\/www.bellunopress.it\\\/2009\\\/09\\\/05\\\/arte-di-strada-voila-questo-week-end-a-feltre\\\/#breadcrumb\",\"itemListElement\":[{\"@type\":\"ListItem\",\"position\":1,\"name\":\"Home\",\"item\":\"https:\\\/\\\/www.bellunopress.it\\\/\"},{\"@type\":\"ListItem\",\"position\":2,\"name\":\"Arte di strada &#8220;Voil\u00e0&#8221; questo week-end a Feltre\"}]},{\"@type\":\"WebSite\",\"@id\":\"https:\\\/\\\/www.bellunopress.it\\\/#website\",\"url\":\"https:\\\/\\\/www.bellunopress.it\\\/\",\"name\":\"Bellunopress - Dolomiti\",\"description\":\"e-mail: redazione@bellunopress.it\",\"publisher\":{\"@id\":\"https:\\\/\\\/www.bellunopress.it\\\/#organization\"},\"potentialAction\":[{\"@type\":\"SearchAction\",\"target\":{\"@type\":\"EntryPoint\",\"urlTemplate\":\"https:\\\/\\\/www.bellunopress.it\\\/?s={search_term_string}\"},\"query-input\":{\"@type\":\"PropertyValueSpecification\",\"valueRequired\":true,\"valueName\":\"search_term_string\"}}],\"inLanguage\":\"fr-FR\"},{\"@type\":\"Organization\",\"@id\":\"https:\\\/\\\/www.bellunopress.it\\\/#organization\",\"name\":\"Bellunopress\",\"url\":\"https:\\\/\\\/www.bellunopress.it\\\/\",\"logo\":{\"@type\":\"ImageObject\",\"inLanguage\":\"fr-FR\",\"@id\":\"https:\\\/\\\/www.bellunopress.it\\\/#\\\/schema\\\/logo\\\/image\\\/\",\"url\":\"https:\\\/\\\/www.bellunopress.it\\\/wp-content\\\/uploads\\\/2011\\\/05\\\/cropped-logo-bellunopress-.jpg\",\"contentUrl\":\"https:\\\/\\\/www.bellunopress.it\\\/wp-content\\\/uploads\\\/2011\\\/05\\\/cropped-logo-bellunopress-.jpg\",\"width\":512,\"height\":512,\"caption\":\"Bellunopress\"},\"image\":{\"@id\":\"https:\\\/\\\/www.bellunopress.it\\\/#\\\/schema\\\/logo\\\/image\\\/\"},\"sameAs\":[\"https:\\\/\\\/www.facebook.com\\\/profile.php?id=100008943462799\",\"https:\\\/\\\/x.com\\\/bellunopress\",\"https:\\\/\\\/www.linkedin.com\\\/hp\\\/?dnr=JBzUWaJfMUw8vbXJJ2tVW5-I3jZKvC4wsoxE&amp;amp;amp;amp;amp;amp;trk=nav_responsive_tab_home\",\"https:\\\/\\\/www.youtube.com\\\/channel\\\/UCxL0wu1uN0_3_7hGG0306cw\"]},{\"@type\":\"Person\",\"@id\":\"https:\\\/\\\/www.bellunopress.it\\\/#\\\/schema\\\/person\\\/79bb06722b37ece1c03d3e94beb30d73\",\"name\":\"redazione\",\"image\":{\"@type\":\"ImageObject\",\"inLanguage\":\"fr-FR\",\"@id\":\"https:\\\/\\\/secure.gravatar.com\\\/avatar\\\/37d968a2e67a6fd04c169c4bdef102d0bc5d31b2546345219e348575eb80e9a0?s=96&d=mm&r=g\",\"url\":\"https:\\\/\\\/secure.gravatar.com\\\/avatar\\\/37d968a2e67a6fd04c169c4bdef102d0bc5d31b2546345219e348575eb80e9a0?s=96&d=mm&r=g\",\"contentUrl\":\"https:\\\/\\\/secure.gravatar.com\\\/avatar\\\/37d968a2e67a6fd04c169c4bdef102d0bc5d31b2546345219e348575eb80e9a0?s=96&d=mm&r=g\",\"caption\":\"redazione\"},\"sameAs\":[\"http:\\\/\\\/www.bellunopress.it\",\"https:\\\/\\\/x.com\\\/bellunopress\"],\"url\":\"https:\\\/\\\/www.bellunopress.it\\\/fr\\\/author\\\/redazione\\\/\"}]}<\/script>\n<!-- \/ Yoast SEO plugin. -->","yoast_head_json":{"title":"Arte di strada \"Voil\u00e0\" questo week-end a Feltre - Bellunopress - Dolomiti","robots":{"index":"index","follow":"follow","max-snippet":"max-snippet:-1","max-image-preview":"max-image-preview:large","max-video-preview":"max-video-preview:-1"},"canonical":"https:\/\/www.bellunopress.it\/fr\/2009\/09\/05\/arte-di-strada-voila-questo-week-end-a-feltre\/","og_locale":"fr_FR","og_type":"article","og_title":"Arte di strada \"Voil\u00e0\" questo week-end a Feltre - Bellunopress - Dolomiti","og_description":"LARGO CASTALDI Sabato 5 settembre dalle ore 16,30 Barabba Clown (Croazia) Si esibisce nelle situazioni pi\u00f9 assurde \u2026 circondandosi di persone che non sanno bene quel che accadr\u00e0 \u2026 ma, poi, come sempre, un fischio e si aprono le danze \u2026 Barabba Clown rivisita, mescolandole, diverse tecniche: forma eccentrica e comica, pantomima acrobatica, giocoleria ed [&hellip;]","og_url":"https:\/\/www.bellunopress.it\/fr\/2009\/09\/05\/arte-di-strada-voila-questo-week-end-a-feltre\/","og_site_name":"Bellunopress - Dolomiti","article_publisher":"https:\/\/www.facebook.com\/profile.php?id=100008943462799","article_published_time":"2009-09-05T07:03:38+00:00","og_image":[{"url":"http:\/\/www.bellunopress.it\/wp-content\/uploads\/2012\/07\/logo-bellunopress-250x250-2012.jpg","type":"","width":"","height":""}],"author":"redazione","twitter_card":"summary_large_image","twitter_creator":"@bellunopress","twitter_site":"@bellunopress","twitter_misc":{"\u00c9crit par":"redazione","Dur\u00e9e de lecture estim\u00e9e":"3 minutes"},"schema":{"@context":"https:\/\/schema.org","@graph":[{"@type":"Article","@id":"https:\/\/www.bellunopress.it\/2009\/09\/05\/arte-di-strada-voila-questo-week-end-a-feltre\/#article","isPartOf":{"@id":"https:\/\/www.bellunopress.it\/2009\/09\/05\/arte-di-strada-voila-questo-week-end-a-feltre\/"},"author":{"name":"redazione","@id":"https:\/\/www.bellunopress.it\/#\/schema\/person\/79bb06722b37ece1c03d3e94beb30d73"},"headline":"Arte di strada &#8220;Voil\u00e0&#8221; questo week-end a Feltre","datePublished":"2009-09-05T07:03:38+00:00","mainEntityOfPage":{"@id":"https:\/\/www.bellunopress.it\/2009\/09\/05\/arte-di-strada-voila-questo-week-end-a-feltre\/"},"wordCount":592,"publisher":{"@id":"https:\/\/www.bellunopress.it\/#organization"},"keywords":["Feltre"],"articleSection":["Appuntamenti, Eventi","Arte, Cultura, Spettacoli, Scienza","Pausa Caff\u00e8"],"inLanguage":"fr-FR"},{"@type":"WebPage","@id":"https:\/\/www.bellunopress.it\/2009\/09\/05\/arte-di-strada-voila-questo-week-end-a-feltre\/","url":"https:\/\/www.bellunopress.it\/2009\/09\/05\/arte-di-strada-voila-questo-week-end-a-feltre\/","name":"Arte di strada \"Voil\u00e0\" questo week-end a Feltre - Bellunopress - Dolomiti","isPartOf":{"@id":"https:\/\/www.bellunopress.it\/#website"},"datePublished":"2009-09-05T07:03:38+00:00","breadcrumb":{"@id":"https:\/\/www.bellunopress.it\/2009\/09\/05\/arte-di-strada-voila-questo-week-end-a-feltre\/#breadcrumb"},"inLanguage":"fr-FR","potentialAction":[{"@type":"ReadAction","target":["https:\/\/www.bellunopress.it\/2009\/09\/05\/arte-di-strada-voila-questo-week-end-a-feltre\/"]}]},{"@type":"BreadcrumbList","@id":"https:\/\/www.bellunopress.it\/2009\/09\/05\/arte-di-strada-voila-questo-week-end-a-feltre\/#breadcrumb","itemListElement":[{"@type":"ListItem","position":1,"name":"Home","item":"https:\/\/www.bellunopress.it\/"},{"@type":"ListItem","position":2,"name":"Arte di strada &#8220;Voil\u00e0&#8221; questo week-end a Feltre"}]},{"@type":"WebSite","@id":"https:\/\/www.bellunopress.it\/#website","url":"https:\/\/www.bellunopress.it\/","name":"Bellunopress - Dolomiti","description":"e-mail: redazione@bellunopress.it","publisher":{"@id":"https:\/\/www.bellunopress.it\/#organization"},"potentialAction":[{"@type":"SearchAction","target":{"@type":"EntryPoint","urlTemplate":"https:\/\/www.bellunopress.it\/?s={search_term_string}"},"query-input":{"@type":"PropertyValueSpecification","valueRequired":true,"valueName":"search_term_string"}}],"inLanguage":"fr-FR"},{"@type":"Organization","@id":"https:\/\/www.bellunopress.it\/#organization","name":"Bellunopress","url":"https:\/\/www.bellunopress.it\/","logo":{"@type":"ImageObject","inLanguage":"fr-FR","@id":"https:\/\/www.bellunopress.it\/#\/schema\/logo\/image\/","url":"https:\/\/www.bellunopress.it\/wp-content\/uploads\/2011\/05\/cropped-logo-bellunopress-.jpg","contentUrl":"https:\/\/www.bellunopress.it\/wp-content\/uploads\/2011\/05\/cropped-logo-bellunopress-.jpg","width":512,"height":512,"caption":"Bellunopress"},"image":{"@id":"https:\/\/www.bellunopress.it\/#\/schema\/logo\/image\/"},"sameAs":["https:\/\/www.facebook.com\/profile.php?id=100008943462799","https:\/\/x.com\/bellunopress","https:\/\/www.linkedin.com\/hp\/?dnr=JBzUWaJfMUw8vbXJJ2tVW5-I3jZKvC4wsoxE&amp;amp;amp;amp;amp;amp;trk=nav_responsive_tab_home","https:\/\/www.youtube.com\/channel\/UCxL0wu1uN0_3_7hGG0306cw"]},{"@type":"Person","@id":"https:\/\/www.bellunopress.it\/#\/schema\/person\/79bb06722b37ece1c03d3e94beb30d73","name":"r\u00e9daction","image":{"@type":"ImageObject","inLanguage":"fr-FR","@id":"https:\/\/secure.gravatar.com\/avatar\/37d968a2e67a6fd04c169c4bdef102d0bc5d31b2546345219e348575eb80e9a0?s=96&d=mm&r=g","url":"https:\/\/secure.gravatar.com\/avatar\/37d968a2e67a6fd04c169c4bdef102d0bc5d31b2546345219e348575eb80e9a0?s=96&d=mm&r=g","contentUrl":"https:\/\/secure.gravatar.com\/avatar\/37d968a2e67a6fd04c169c4bdef102d0bc5d31b2546345219e348575eb80e9a0?s=96&d=mm&r=g","caption":"redazione"},"sameAs":["http:\/\/www.bellunopress.it","https:\/\/x.com\/bellunopress"],"url":"https:\/\/www.bellunopress.it\/fr\/author\/redazione\/"}]}},"_links":{"self":[{"href":"https:\/\/www.bellunopress.it\/fr\/wp-json\/wp\/v2\/posts\/7763","targetHints":{"allow":["GET"]}}],"collection":[{"href":"https:\/\/www.bellunopress.it\/fr\/wp-json\/wp\/v2\/posts"}],"about":[{"href":"https:\/\/www.bellunopress.it\/fr\/wp-json\/wp\/v2\/types\/post"}],"author":[{"embeddable":true,"href":"https:\/\/www.bellunopress.it\/fr\/wp-json\/wp\/v2\/users\/2"}],"replies":[{"embeddable":true,"href":"https:\/\/www.bellunopress.it\/fr\/wp-json\/wp\/v2\/comments?post=7763"}],"version-history":[{"count":1,"href":"https:\/\/www.bellunopress.it\/fr\/wp-json\/wp\/v2\/posts\/7763\/revisions"}],"predecessor-version":[{"id":7764,"href":"https:\/\/www.bellunopress.it\/fr\/wp-json\/wp\/v2\/posts\/7763\/revisions\/7764"}],"wp:attachment":[{"href":"https:\/\/www.bellunopress.it\/fr\/wp-json\/wp\/v2\/media?parent=7763"}],"wp:term":[{"taxonomy":"category","embeddable":true,"href":"https:\/\/www.bellunopress.it\/fr\/wp-json\/wp\/v2\/categories?post=7763"},{"taxonomy":"post_tag","embeddable":true,"href":"https:\/\/www.bellunopress.it\/fr\/wp-json\/wp\/v2\/tags?post=7763"}],"curies":[{"name":"wp","href":"https:\/\/api.w.org\/{rel}","templated":true}]}}