{"id":7756,"date":"2009-09-05T01:21:04","date_gmt":"2009-09-05T00:21:04","guid":{"rendered":"http:\/\/www.bellunopress.it\/?p=7756"},"modified":"2009-09-05T01:21:04","modified_gmt":"2009-09-05T00:21:04","slug":"un-inossidabile-al-bano-regala-una-magnifica-serata-al-pubblico-di-col-cumano-raccontando-se-stesso","status":"publish","type":"post","link":"https:\/\/www.bellunopress.it\/fr\/2009\/09\/05\/un-inossidabile-al-bano-regala-una-magnifica-serata-al-pubblico-di-col-cumano-raccontando-se-stesso\/","title":{"rendered":"Un inossidabile Al Bano regala una magnifica serata al pubblico di Col Cumano, raccontando se stesso"},"content":{"rendered":"<p><a href=\"http:\/\/www.bellunopress.it\/wp-content\/uploads\/2009\/09\/al-bano-a-col-cumano-015.jpg\"><img loading=\"lazy\" decoding=\"async\" class=\"alignleft size-medium wp-image-7758\" title=\"al-bano-a-col-cumano-015\" src=\"http:\/\/www.bellunopress.it\/wp-content\/uploads\/2009\/09\/al-bano-a-col-cumano-015.jpg\" alt=\"\" width=\"270\" height=\"203\" \/><\/a>Oltre 1300 persone ieri sera\u00a0 al Centro Papa Luciani di Col Cumano (Santa Giustina), ad applaudire Al Bano, l&#8217;interprete del melodico italiano sulla scena da oltre 40 anni. Un successo per l&#8217;iniziativa di Michelangelo De Don\u00e0, aiutato da una magnifica serata che ha consentito lo svolgimento dell&#8217;incontro nell&#8217;anfiteatro all&#8217;aperto, come in un villaggio turistico. Al Bano si \u00e8 esibito in una decina di brani, intervallando le note alla presentazione del suo libro \u201cCon la musica nel cuore\u201d . Con lui sul palco c&#8217;era monsignor Charles Vella, assistente spirituale all&#8217;Istituto San Raffaele di Milano, che ha condotto l&#8217;intervista all&#8217;artista.\u00a0 Alle tastiere e basi musicali il maestro Alterisio Paoletti e due brave coriste, Alessandra Puglisi e Luana Eridia. Ma perch\u00e9 questo libro? \u00abNon sempre, attraverso quello che hanno scritto su di me &#8211; ha detto Al Bano &#8211; mi riconoscevo. E allora l&#8217;ho scritto io, insieme a Roberto Allegri\u00bb.<\/p>\n<figure id=\"attachment_7759\" aria-describedby=\"caption-attachment-7759\" style=\"width: 98px\" class=\"wp-caption alignright\"><a href=\"http:\/\/www.bellunopress.it\/wp-content\/uploads\/2009\/09\/charles-vella.jpg\"><img loading=\"lazy\" decoding=\"async\" class=\"size-medium wp-image-7759\" title=\"charles-vella\" src=\"http:\/\/www.bellunopress.it\/wp-content\/uploads\/2009\/09\/charles-vella.jpg\" alt=\"Charles Vella\" width=\"98\" height=\"130\" \/><\/a><figcaption id=\"caption-attachment-7759\" class=\"wp-caption-text\">Charles Vella<\/figcaption><\/figure>\n<p>Monsignor Vella mette in luce la straordinaria forza di questo artista \u201cun uomo che ha visto il bello, il brutto, la felicit\u00e0 e il dolore\u201d, alludendo al successo artistico, il matrimonio da fiaba con Romina Power e la scomparsa della figlia Ylenia nel &#8217;94. Episodio quest&#8217;ultimo sul quale si sofferm\u00f2 anche Papa Wojtyla in occasione della visita in Vaticano di Al Bano e i suoi familiari. \u201cAnche noi qui abbiamo avuto una ragazza che \u00e8 sparita\u201d disse il Papa riferendosi ad Emanuela Orlandi scomparsa nel 1983. Ma Al Bano fa cadere il discorso. Nomina un paio di volte Romina, ma non pronuncia mai il nome di Loredana Lecciso, la sua seconda compagna. \u00abVedo tanti che diventano dei palloni gonfiati! &#8211; dice il cantante riferendosi al mondo dello spettacolo &#8211;\u00a0 A 66 anni credo ci sia sempre qualcosa da imparare, qualcosa da migliorare, qualcosa da rettificare\u00bb. Gran finale con \u201cSharazan\u201d, \u201cE la mia vita\u201d e \u201cFelicit\u00e0\u201d. E oltre mezz&#8217;ora alla fine per foto ricordo e autografi. Pur avendo un concerto oggi (sabato 5) a Palermo.<\/p>","protected":false},"excerpt":{"rendered":"<p>Oltre 1300 persone ieri sera\u00a0 al Centro Papa Luciani di Col Cumano (Santa Giustina), ad applaudire Al Bano, l&#8217;interprete del melodico italiano sulla scena da oltre 40 anni. Un successo per l&#8217;iniziativa di Michelangelo De Don\u00e0, aiutato da una magnifica serata che ha consentito lo svolgimento dell&#8217;incontro nell&#8217;anfiteatro all&#8217;aperto, come in un villaggio turistico. Al [&hellip;]<\/p>\n","protected":false},"author":2,"featured_media":0,"comment_status":"closed","ping_status":"open","sticky":false,"template":"","format":"standard","meta":{"footnotes":""},"categories":[3],"tags":[139],"class_list":["post-7756","post","type-post","status-publish","format-standard","category-arte-cultura-spettacoli-scienza-archivi","tag-belluno"],"yoast_head":"<!-- This site is optimized with the Yoast SEO plugin v28.4 - https:\/\/yoast.com\/product\/yoast-seo-wordpress\/ -->\n<title>Un inossidabile Al Bano regala una magnifica serata al pubblico di Col Cumano, raccontando se stesso  - Bellunopress - Dolomiti<\/title>\n<meta name=\"robots\" content=\"index, follow, max-snippet:-1, max-image-preview:large, max-video-preview:-1\" \/>\n<link rel=\"canonical\" href=\"https:\/\/www.bellunopress.it\/fr\/2009\/09\/05\/un-inossidabile-al-bano-regala-una-magnifica-serata-al-pubblico-di-col-cumano-raccontando-se-stesso\/\" \/>\n<meta property=\"og:locale\" content=\"fr_FR\" \/>\n<meta property=\"og:type\" content=\"article\" \/>\n<meta property=\"og:title\" content=\"Un inossidabile Al Bano regala una magnifica serata al pubblico di Col Cumano, raccontando se stesso  - Bellunopress - Dolomiti\" \/>\n<meta property=\"og:description\" content=\"Oltre 1300 persone ieri sera\u00a0 al Centro Papa Luciani di Col Cumano (Santa Giustina), ad applaudire Al Bano, l&#8217;interprete del melodico italiano sulla scena da oltre 40 anni. Un successo per l&#8217;iniziativa di Michelangelo De Don\u00e0, aiutato da una magnifica serata che ha consentito lo svolgimento dell&#8217;incontro nell&#8217;anfiteatro all&#8217;aperto, come in un villaggio turistico. Al [&hellip;]\" \/>\n<meta property=\"og:url\" content=\"https:\/\/www.bellunopress.it\/fr\/2009\/09\/05\/un-inossidabile-al-bano-regala-una-magnifica-serata-al-pubblico-di-col-cumano-raccontando-se-stesso\/\" \/>\n<meta property=\"og:site_name\" content=\"Bellunopress - Dolomiti\" \/>\n<meta property=\"article:publisher\" content=\"https:\/\/www.facebook.com\/profile.php?id=100008943462799\" \/>\n<meta property=\"article:published_time\" content=\"2009-09-05T00:21:04+00:00\" \/>\n<meta property=\"og:image\" content=\"http:\/\/www.bellunopress.it\/wp-content\/uploads\/2009\/09\/al-bano-a-col-cumano-015.jpg\" \/>\n<meta name=\"author\" content=\"redazione\" \/>\n<meta name=\"twitter:card\" content=\"summary_large_image\" \/>\n<meta name=\"twitter:creator\" content=\"@bellunopress\" \/>\n<meta name=\"twitter:site\" content=\"@bellunopress\" \/>\n<meta name=\"twitter:label1\" content=\"\u00c9crit par\" \/>\n\t<meta name=\"twitter:data1\" content=\"redazione\" \/>\n\t<meta name=\"twitter:label2\" content=\"Dur\u00e9e de lecture estim\u00e9e\" \/>\n\t<meta name=\"twitter:data2\" content=\"2 minutes\" \/>\n<script type=\"application\/ld+json\" class=\"yoast-schema-graph\">{\"@context\":\"https:\\\/\\\/schema.org\",\"@graph\":[{\"@type\":\"Article\",\"@id\":\"https:\\\/\\\/www.bellunopress.it\\\/2009\\\/09\\\/05\\\/un-inossidabile-al-bano-regala-una-magnifica-serata-al-pubblico-di-col-cumano-raccontando-se-stesso\\\/#article\",\"isPartOf\":{\"@id\":\"https:\\\/\\\/www.bellunopress.it\\\/2009\\\/09\\\/05\\\/un-inossidabile-al-bano-regala-una-magnifica-serata-al-pubblico-di-col-cumano-raccontando-se-stesso\\\/\"},\"author\":{\"name\":\"redazione\",\"@id\":\"https:\\\/\\\/www.bellunopress.it\\\/#\\\/schema\\\/person\\\/79bb06722b37ece1c03d3e94beb30d73\"},\"headline\":\"Un inossidabile Al Bano regala una magnifica serata al pubblico di Col Cumano, raccontando se stesso\",\"datePublished\":\"2009-09-05T00:21:04+00:00\",\"mainEntityOfPage\":{\"@id\":\"https:\\\/\\\/www.bellunopress.it\\\/2009\\\/09\\\/05\\\/un-inossidabile-al-bano-regala-una-magnifica-serata-al-pubblico-di-col-cumano-raccontando-se-stesso\\\/\"},\"wordCount\":350,\"publisher\":{\"@id\":\"https:\\\/\\\/www.bellunopress.it\\\/#organization\"},\"image\":{\"@id\":\"https:\\\/\\\/www.bellunopress.it\\\/2009\\\/09\\\/05\\\/un-inossidabile-al-bano-regala-una-magnifica-serata-al-pubblico-di-col-cumano-raccontando-se-stesso\\\/#primaryimage\"},\"thumbnailUrl\":\"http:\\\/\\\/www.bellunopress.it\\\/wp-content\\\/uploads\\\/2009\\\/09\\\/al-bano-a-col-cumano-015.jpg\",\"keywords\":[\"Belluno\"],\"articleSection\":[\"Arte, Cultura, Spettacoli, Scienza\"],\"inLanguage\":\"fr-FR\"},{\"@type\":\"WebPage\",\"@id\":\"https:\\\/\\\/www.bellunopress.it\\\/2009\\\/09\\\/05\\\/un-inossidabile-al-bano-regala-una-magnifica-serata-al-pubblico-di-col-cumano-raccontando-se-stesso\\\/\",\"url\":\"https:\\\/\\\/www.bellunopress.it\\\/2009\\\/09\\\/05\\\/un-inossidabile-al-bano-regala-una-magnifica-serata-al-pubblico-di-col-cumano-raccontando-se-stesso\\\/\",\"name\":\"Un inossidabile Al Bano regala una magnifica serata al pubblico di Col Cumano, raccontando se stesso - Bellunopress - Dolomiti\",\"isPartOf\":{\"@id\":\"https:\\\/\\\/www.bellunopress.it\\\/#website\"},\"primaryImageOfPage\":{\"@id\":\"https:\\\/\\\/www.bellunopress.it\\\/2009\\\/09\\\/05\\\/un-inossidabile-al-bano-regala-una-magnifica-serata-al-pubblico-di-col-cumano-raccontando-se-stesso\\\/#primaryimage\"},\"image\":{\"@id\":\"https:\\\/\\\/www.bellunopress.it\\\/2009\\\/09\\\/05\\\/un-inossidabile-al-bano-regala-una-magnifica-serata-al-pubblico-di-col-cumano-raccontando-se-stesso\\\/#primaryimage\"},\"thumbnailUrl\":\"http:\\\/\\\/www.bellunopress.it\\\/wp-content\\\/uploads\\\/2009\\\/09\\\/al-bano-a-col-cumano-015.jpg\",\"datePublished\":\"2009-09-05T00:21:04+00:00\",\"breadcrumb\":{\"@id\":\"https:\\\/\\\/www.bellunopress.it\\\/2009\\\/09\\\/05\\\/un-inossidabile-al-bano-regala-una-magnifica-serata-al-pubblico-di-col-cumano-raccontando-se-stesso\\\/#breadcrumb\"},\"inLanguage\":\"fr-FR\",\"potentialAction\":[{\"@type\":\"ReadAction\",\"target\":[\"https:\\\/\\\/www.bellunopress.it\\\/2009\\\/09\\\/05\\\/un-inossidabile-al-bano-regala-una-magnifica-serata-al-pubblico-di-col-cumano-raccontando-se-stesso\\\/\"]}]},{\"@type\":\"ImageObject\",\"inLanguage\":\"fr-FR\",\"@id\":\"https:\\\/\\\/www.bellunopress.it\\\/2009\\\/09\\\/05\\\/un-inossidabile-al-bano-regala-una-magnifica-serata-al-pubblico-di-col-cumano-raccontando-se-stesso\\\/#primaryimage\",\"url\":\"http:\\\/\\\/www.bellunopress.it\\\/wp-content\\\/uploads\\\/2009\\\/09\\\/al-bano-a-col-cumano-015.jpg\",\"contentUrl\":\"http:\\\/\\\/www.bellunopress.it\\\/wp-content\\\/uploads\\\/2009\\\/09\\\/al-bano-a-col-cumano-015.jpg\"},{\"@type\":\"BreadcrumbList\",\"@id\":\"https:\\\/\\\/www.bellunopress.it\\\/2009\\\/09\\\/05\\\/un-inossidabile-al-bano-regala-una-magnifica-serata-al-pubblico-di-col-cumano-raccontando-se-stesso\\\/#breadcrumb\",\"itemListElement\":[{\"@type\":\"ListItem\",\"position\":1,\"name\":\"Home\",\"item\":\"https:\\\/\\\/www.bellunopress.it\\\/\"},{\"@type\":\"ListItem\",\"position\":2,\"name\":\"Un inossidabile Al Bano regala una magnifica serata al pubblico di Col Cumano, raccontando se stesso\"}]},{\"@type\":\"WebSite\",\"@id\":\"https:\\\/\\\/www.bellunopress.it\\\/#website\",\"url\":\"https:\\\/\\\/www.bellunopress.it\\\/\",\"name\":\"Bellunopress - Dolomiti\",\"description\":\"e-mail: redazione@bellunopress.it\",\"publisher\":{\"@id\":\"https:\\\/\\\/www.bellunopress.it\\\/#organization\"},\"potentialAction\":[{\"@type\":\"SearchAction\",\"target\":{\"@type\":\"EntryPoint\",\"urlTemplate\":\"https:\\\/\\\/www.bellunopress.it\\\/?s={search_term_string}\"},\"query-input\":{\"@type\":\"PropertyValueSpecification\",\"valueRequired\":true,\"valueName\":\"search_term_string\"}}],\"inLanguage\":\"fr-FR\"},{\"@type\":\"Organization\",\"@id\":\"https:\\\/\\\/www.bellunopress.it\\\/#organization\",\"name\":\"Bellunopress\",\"url\":\"https:\\\/\\\/www.bellunopress.it\\\/\",\"logo\":{\"@type\":\"ImageObject\",\"inLanguage\":\"fr-FR\",\"@id\":\"https:\\\/\\\/www.bellunopress.it\\\/#\\\/schema\\\/logo\\\/image\\\/\",\"url\":\"https:\\\/\\\/www.bellunopress.it\\\/wp-content\\\/uploads\\\/2011\\\/05\\\/cropped-logo-bellunopress-.jpg\",\"contentUrl\":\"https:\\\/\\\/www.bellunopress.it\\\/wp-content\\\/uploads\\\/2011\\\/05\\\/cropped-logo-bellunopress-.jpg\",\"width\":512,\"height\":512,\"caption\":\"Bellunopress\"},\"image\":{\"@id\":\"https:\\\/\\\/www.bellunopress.it\\\/#\\\/schema\\\/logo\\\/image\\\/\"},\"sameAs\":[\"https:\\\/\\\/www.facebook.com\\\/profile.php?id=100008943462799\",\"https:\\\/\\\/x.com\\\/bellunopress\",\"https:\\\/\\\/www.linkedin.com\\\/hp\\\/?dnr=JBzUWaJfMUw8vbXJJ2tVW5-I3jZKvC4wsoxE&amp;amp;amp;amp;amp;amp;trk=nav_responsive_tab_home\",\"https:\\\/\\\/www.youtube.com\\\/channel\\\/UCxL0wu1uN0_3_7hGG0306cw\"]},{\"@type\":\"Person\",\"@id\":\"https:\\\/\\\/www.bellunopress.it\\\/#\\\/schema\\\/person\\\/79bb06722b37ece1c03d3e94beb30d73\",\"name\":\"redazione\",\"image\":{\"@type\":\"ImageObject\",\"inLanguage\":\"fr-FR\",\"@id\":\"https:\\\/\\\/secure.gravatar.com\\\/avatar\\\/37d968a2e67a6fd04c169c4bdef102d0bc5d31b2546345219e348575eb80e9a0?s=96&d=mm&r=g\",\"url\":\"https:\\\/\\\/secure.gravatar.com\\\/avatar\\\/37d968a2e67a6fd04c169c4bdef102d0bc5d31b2546345219e348575eb80e9a0?s=96&d=mm&r=g\",\"contentUrl\":\"https:\\\/\\\/secure.gravatar.com\\\/avatar\\\/37d968a2e67a6fd04c169c4bdef102d0bc5d31b2546345219e348575eb80e9a0?s=96&d=mm&r=g\",\"caption\":\"redazione\"},\"sameAs\":[\"http:\\\/\\\/www.bellunopress.it\",\"https:\\\/\\\/x.com\\\/bellunopress\"],\"url\":\"https:\\\/\\\/www.bellunopress.it\\\/fr\\\/author\\\/redazione\\\/\"}]}<\/script>\n<!-- \/ Yoast SEO plugin. -->","yoast_head_json":{"title":"Un inossidabile Al Bano regala una magnifica serata al pubblico di Col Cumano, raccontando se stesso  - Bellunopress - Dolomiti","robots":{"index":"index","follow":"follow","max-snippet":"max-snippet:-1","max-image-preview":"max-image-preview:large","max-video-preview":"max-video-preview:-1"},"canonical":"https:\/\/www.bellunopress.it\/fr\/2009\/09\/05\/un-inossidabile-al-bano-regala-una-magnifica-serata-al-pubblico-di-col-cumano-raccontando-se-stesso\/","og_locale":"fr_FR","og_type":"article","og_title":"Un inossidabile Al Bano regala una magnifica serata al pubblico di Col Cumano, raccontando se stesso  - Bellunopress - Dolomiti","og_description":"Oltre 1300 persone ieri sera\u00a0 al Centro Papa Luciani di Col Cumano (Santa Giustina), ad applaudire Al Bano, l&#8217;interprete del melodico italiano sulla scena da oltre 40 anni. Un successo per l&#8217;iniziativa di Michelangelo De Don\u00e0, aiutato da una magnifica serata che ha consentito lo svolgimento dell&#8217;incontro nell&#8217;anfiteatro all&#8217;aperto, come in un villaggio turistico. Al [&hellip;]","og_url":"https:\/\/www.bellunopress.it\/fr\/2009\/09\/05\/un-inossidabile-al-bano-regala-una-magnifica-serata-al-pubblico-di-col-cumano-raccontando-se-stesso\/","og_site_name":"Bellunopress - Dolomiti","article_publisher":"https:\/\/www.facebook.com\/profile.php?id=100008943462799","article_published_time":"2009-09-05T00:21:04+00:00","og_image":[{"url":"http:\/\/www.bellunopress.it\/wp-content\/uploads\/2009\/09\/al-bano-a-col-cumano-015.jpg","type":"","width":"","height":""}],"author":"redazione","twitter_card":"summary_large_image","twitter_creator":"@bellunopress","twitter_site":"@bellunopress","twitter_misc":{"\u00c9crit par":"redazione","Dur\u00e9e de lecture estim\u00e9e":"2 minutes"},"schema":{"@context":"https:\/\/schema.org","@graph":[{"@type":"Article","@id":"https:\/\/www.bellunopress.it\/2009\/09\/05\/un-inossidabile-al-bano-regala-una-magnifica-serata-al-pubblico-di-col-cumano-raccontando-se-stesso\/#article","isPartOf":{"@id":"https:\/\/www.bellunopress.it\/2009\/09\/05\/un-inossidabile-al-bano-regala-una-magnifica-serata-al-pubblico-di-col-cumano-raccontando-se-stesso\/"},"author":{"name":"redazione","@id":"https:\/\/www.bellunopress.it\/#\/schema\/person\/79bb06722b37ece1c03d3e94beb30d73"},"headline":"Un inossidabile Al Bano regala una magnifica serata al pubblico di Col Cumano, raccontando se stesso","datePublished":"2009-09-05T00:21:04+00:00","mainEntityOfPage":{"@id":"https:\/\/www.bellunopress.it\/2009\/09\/05\/un-inossidabile-al-bano-regala-una-magnifica-serata-al-pubblico-di-col-cumano-raccontando-se-stesso\/"},"wordCount":350,"publisher":{"@id":"https:\/\/www.bellunopress.it\/#organization"},"image":{"@id":"https:\/\/www.bellunopress.it\/2009\/09\/05\/un-inossidabile-al-bano-regala-una-magnifica-serata-al-pubblico-di-col-cumano-raccontando-se-stesso\/#primaryimage"},"thumbnailUrl":"http:\/\/www.bellunopress.it\/wp-content\/uploads\/2009\/09\/al-bano-a-col-cumano-015.jpg","keywords":["Belluno"],"articleSection":["Arte, Cultura, Spettacoli, Scienza"],"inLanguage":"fr-FR"},{"@type":"WebPage","@id":"https:\/\/www.bellunopress.it\/2009\/09\/05\/un-inossidabile-al-bano-regala-una-magnifica-serata-al-pubblico-di-col-cumano-raccontando-se-stesso\/","url":"https:\/\/www.bellunopress.it\/2009\/09\/05\/un-inossidabile-al-bano-regala-una-magnifica-serata-al-pubblico-di-col-cumano-raccontando-se-stesso\/","name":"Un inossidabile Al Bano regala una magnifica serata al pubblico di Col Cumano, raccontando se stesso - Bellunopress - Dolomiti","isPartOf":{"@id":"https:\/\/www.bellunopress.it\/#website"},"primaryImageOfPage":{"@id":"https:\/\/www.bellunopress.it\/2009\/09\/05\/un-inossidabile-al-bano-regala-una-magnifica-serata-al-pubblico-di-col-cumano-raccontando-se-stesso\/#primaryimage"},"image":{"@id":"https:\/\/www.bellunopress.it\/2009\/09\/05\/un-inossidabile-al-bano-regala-una-magnifica-serata-al-pubblico-di-col-cumano-raccontando-se-stesso\/#primaryimage"},"thumbnailUrl":"http:\/\/www.bellunopress.it\/wp-content\/uploads\/2009\/09\/al-bano-a-col-cumano-015.jpg","datePublished":"2009-09-05T00:21:04+00:00","breadcrumb":{"@id":"https:\/\/www.bellunopress.it\/2009\/09\/05\/un-inossidabile-al-bano-regala-una-magnifica-serata-al-pubblico-di-col-cumano-raccontando-se-stesso\/#breadcrumb"},"inLanguage":"fr-FR","potentialAction":[{"@type":"ReadAction","target":["https:\/\/www.bellunopress.it\/2009\/09\/05\/un-inossidabile-al-bano-regala-una-magnifica-serata-al-pubblico-di-col-cumano-raccontando-se-stesso\/"]}]},{"@type":"ImageObject","inLanguage":"fr-FR","@id":"https:\/\/www.bellunopress.it\/2009\/09\/05\/un-inossidabile-al-bano-regala-una-magnifica-serata-al-pubblico-di-col-cumano-raccontando-se-stesso\/#primaryimage","url":"http:\/\/www.bellunopress.it\/wp-content\/uploads\/2009\/09\/al-bano-a-col-cumano-015.jpg","contentUrl":"http:\/\/www.bellunopress.it\/wp-content\/uploads\/2009\/09\/al-bano-a-col-cumano-015.jpg"},{"@type":"BreadcrumbList","@id":"https:\/\/www.bellunopress.it\/2009\/09\/05\/un-inossidabile-al-bano-regala-una-magnifica-serata-al-pubblico-di-col-cumano-raccontando-se-stesso\/#breadcrumb","itemListElement":[{"@type":"ListItem","position":1,"name":"Home","item":"https:\/\/www.bellunopress.it\/"},{"@type":"ListItem","position":2,"name":"Un inossidabile Al Bano regala una magnifica serata al pubblico di Col Cumano, raccontando se stesso"}]},{"@type":"WebSite","@id":"https:\/\/www.bellunopress.it\/#website","url":"https:\/\/www.bellunopress.it\/","name":"Bellunopress - Dolomiti","description":"e-mail: redazione@bellunopress.it","publisher":{"@id":"https:\/\/www.bellunopress.it\/#organization"},"potentialAction":[{"@type":"SearchAction","target":{"@type":"EntryPoint","urlTemplate":"https:\/\/www.bellunopress.it\/?s={search_term_string}"},"query-input":{"@type":"PropertyValueSpecification","valueRequired":true,"valueName":"search_term_string"}}],"inLanguage":"fr-FR"},{"@type":"Organization","@id":"https:\/\/www.bellunopress.it\/#organization","name":"Bellunopress","url":"https:\/\/www.bellunopress.it\/","logo":{"@type":"ImageObject","inLanguage":"fr-FR","@id":"https:\/\/www.bellunopress.it\/#\/schema\/logo\/image\/","url":"https:\/\/www.bellunopress.it\/wp-content\/uploads\/2011\/05\/cropped-logo-bellunopress-.jpg","contentUrl":"https:\/\/www.bellunopress.it\/wp-content\/uploads\/2011\/05\/cropped-logo-bellunopress-.jpg","width":512,"height":512,"caption":"Bellunopress"},"image":{"@id":"https:\/\/www.bellunopress.it\/#\/schema\/logo\/image\/"},"sameAs":["https:\/\/www.facebook.com\/profile.php?id=100008943462799","https:\/\/x.com\/bellunopress","https:\/\/www.linkedin.com\/hp\/?dnr=JBzUWaJfMUw8vbXJJ2tVW5-I3jZKvC4wsoxE&amp;amp;amp;amp;amp;amp;trk=nav_responsive_tab_home","https:\/\/www.youtube.com\/channel\/UCxL0wu1uN0_3_7hGG0306cw"]},{"@type":"Person","@id":"https:\/\/www.bellunopress.it\/#\/schema\/person\/79bb06722b37ece1c03d3e94beb30d73","name":"r\u00e9daction","image":{"@type":"ImageObject","inLanguage":"fr-FR","@id":"https:\/\/secure.gravatar.com\/avatar\/37d968a2e67a6fd04c169c4bdef102d0bc5d31b2546345219e348575eb80e9a0?s=96&d=mm&r=g","url":"https:\/\/secure.gravatar.com\/avatar\/37d968a2e67a6fd04c169c4bdef102d0bc5d31b2546345219e348575eb80e9a0?s=96&d=mm&r=g","contentUrl":"https:\/\/secure.gravatar.com\/avatar\/37d968a2e67a6fd04c169c4bdef102d0bc5d31b2546345219e348575eb80e9a0?s=96&d=mm&r=g","caption":"redazione"},"sameAs":["http:\/\/www.bellunopress.it","https:\/\/x.com\/bellunopress"],"url":"https:\/\/www.bellunopress.it\/fr\/author\/redazione\/"}]}},"_links":{"self":[{"href":"https:\/\/www.bellunopress.it\/fr\/wp-json\/wp\/v2\/posts\/7756","targetHints":{"allow":["GET"]}}],"collection":[{"href":"https:\/\/www.bellunopress.it\/fr\/wp-json\/wp\/v2\/posts"}],"about":[{"href":"https:\/\/www.bellunopress.it\/fr\/wp-json\/wp\/v2\/types\/post"}],"author":[{"embeddable":true,"href":"https:\/\/www.bellunopress.it\/fr\/wp-json\/wp\/v2\/users\/2"}],"replies":[{"embeddable":true,"href":"https:\/\/www.bellunopress.it\/fr\/wp-json\/wp\/v2\/comments?post=7756"}],"version-history":[{"count":1,"href":"https:\/\/www.bellunopress.it\/fr\/wp-json\/wp\/v2\/posts\/7756\/revisions"}],"predecessor-version":[{"id":7760,"href":"https:\/\/www.bellunopress.it\/fr\/wp-json\/wp\/v2\/posts\/7756\/revisions\/7760"}],"wp:attachment":[{"href":"https:\/\/www.bellunopress.it\/fr\/wp-json\/wp\/v2\/media?parent=7756"}],"wp:term":[{"taxonomy":"category","embeddable":true,"href":"https:\/\/www.bellunopress.it\/fr\/wp-json\/wp\/v2\/categories?post=7756"},{"taxonomy":"post_tag","embeddable":true,"href":"https:\/\/www.bellunopress.it\/fr\/wp-json\/wp\/v2\/tags?post=7756"}],"curies":[{"name":"wp","href":"https:\/\/api.w.org\/{rel}","templated":true}]}}