{"id":77477,"date":"2016-05-08T20:57:41","date_gmt":"2016-05-08T18:57:41","guid":{"rendered":"http:\/\/www.bellunopress.it\/?p=77477"},"modified":"2016-05-08T20:57:41","modified_gmt":"2016-05-08T18:57:41","slug":"urban-gym-sabato-ginnastica-allaperto-pattinaggio-al-parco-lambioi","status":"publish","type":"post","link":"https:\/\/www.bellunopress.it\/fr\/2016\/05\/08\/urban-gym-sabato-ginnastica-allaperto-pattinaggio-al-parco-lambioi\/","title":{"rendered":"Urban gym. Sabato ginnastica all&#8217;aperto e pattinaggio al Parco di Lambioi"},"content":{"rendered":"<div id=\"yui_3_16_0_ym19_1_1462714215892_4158\"><a href=\"http:\/\/www.bellunopress.it\/wp-content\/uploads\/2016\/05\/parco-lambioi-urban-gym.jpg\"><img loading=\"lazy\" decoding=\"async\" class=\"alignleft size-full wp-image-77478\" src=\"http:\/\/www.bellunopress.it\/wp-content\/uploads\/2016\/05\/parco-lambioi-urban-gym.jpg\" alt=\"parco lambioi urban gym\" width=\"300\" height=\"196\" \/><\/a>Sabato 14 maggio il Parco Piave Beach di Belluno si trasformer\u00e0 in una palestra all&#8217;aperto. L&#8217;Associazione sportiva \u00a0 Pi\u00f9 Movimento organizza la quarta edizione di &#8220;Urban Training&#8221; con sessioni gratuite di diverse discipline di attivit\u00e0 motoria, rivolte alle persone di tutte le et\u00e0, per trascorrere un pomeriggio in compagnia, all&#8217;insegna del movimento, del divertimento e della salute condotte esclusivamente da laureati in scienze motorie.<\/div>\n<div id=\"yui_3_16_0_ym19_1_1462714215892_4159\">Durante la manifestazione sar\u00e0 presente un punto informativo dell&#8217;ULSS n. 1 di Belluno (Dipartimento di Prevenzione Servizio Igiene e Sanit\u00e0 Pubblica) per sensibilizzare la popolazione sull&#8217;adozione di stili di vita sani.<\/div>\n<div id=\"yui_3_16_0_ym19_1_1462714215892_4160\">L&#8217;evento inizier\u00e0 alle ore 14:30 con una lezione di Nordic Walking, si continuer\u00e0 poi con la Ginnastica Over 55, il Fitpilates, e poi per i pi\u00f9 allenati con la Dance&amp;Gym, la Tonificazione Strong e la Tonificazione con lo step e terminer\u00e0 alle ore 17:30.<\/div>\n<div><\/div>\n<div>In caso di maltempo le attivit\u00e0 verranno annullate.<\/div>\n<div><\/div>\n<div id=\"yui_3_16_0_ym19_1_1462714215892_4160\" dir=\"ltr\">A seguire, alle ore 18:00, presso la Spes Arena, la Pi\u00f9 Movimento propone il saggio di pattinaggio a rotelle delle ragazze del corso &#8220;A Ruota Libera&#8221;, che si sono impegnate tutto l&#8217;anno per creare lo spettacolo &#8220;Emozioni in Movimento&#8221;. Parteciperanno con le proprie esibizioni anche Juventus Alpina- Ginnastica artistica, Korarte &#8211; Danza contemporanea, CAB Danze urbane.<\/div>\n<div id=\"yui_3_16_0_ym19_1_1462714215892_4161\" dir=\"ltr\">Pi\u00f9 Movimento, durante la stagione estiva, ormai da diversi anni, promuove varie iniziative di attivit\u00e0 motoria anche in ambiente naturale (nordic walking, gruppi di cammino, ginnastica all&#8217;aperto) con varie uscite settimanali, per riscoprire le bellezze del territorio, per socializzare, per divertirsi e soprattutto per guadagnare salute.<\/div>\n<div dir=\"ltr\">Per info tel.3420066528<a id=\"yui_3_16_0_ym19_1_1462714215892_4162\" href=\"http:\/\/www.piumovimento.eu\/\" target=\"_blank\" rel=\"noreferrer\">Pagina di Benvenuto &#8211; Pi\u00f9 salute con pi\u00f9 movimento!<\/a>\u00a0&#8220;<\/div>","protected":false},"excerpt":{"rendered":"<p>Sabato 14 maggio il Parco Piave Beach di Belluno si trasformer\u00e0 in una palestra all&#8217;aperto. L&#8217;Associazione sportiva \u00a0 Pi\u00f9 Movimento organizza la quarta edizione di &#8220;Urban Training&#8221; con sessioni gratuite di diverse discipline di attivit\u00e0 motoria, rivolte alle persone di tutte le et\u00e0, per trascorrere un pomeriggio in compagnia, all&#8217;insegna del movimento, del divertimento e [&hellip;]<\/p>\n","protected":false},"author":2,"featured_media":0,"comment_status":"closed","ping_status":"open","sticky":false,"template":"","format":"standard","meta":{"footnotes":""},"categories":[26,4],"tags":[],"class_list":["post-77477","post","type-post","status-publish","format-standard","category-prima-pagina","category-sport"],"yoast_head":"<!-- This site is optimized with the Yoast SEO plugin v28.4 - https:\/\/yoast.com\/product\/yoast-seo-wordpress\/ -->\n<title>Urban gym. Sabato ginnastica all&#039;aperto e pattinaggio al Parco di Lambioi - Bellunopress - Dolomiti<\/title>\n<meta name=\"robots\" content=\"index, follow, max-snippet:-1, max-image-preview:large, max-video-preview:-1\" \/>\n<link rel=\"canonical\" href=\"https:\/\/www.bellunopress.it\/fr\/2016\/05\/08\/urban-gym-sabato-ginnastica-allaperto-pattinaggio-al-parco-lambioi\/\" \/>\n<meta property=\"og:locale\" content=\"fr_FR\" \/>\n<meta property=\"og:type\" content=\"article\" \/>\n<meta property=\"og:title\" content=\"Urban gym. Sabato ginnastica all&#039;aperto e pattinaggio al Parco di Lambioi - Bellunopress - Dolomiti\" \/>\n<meta property=\"og:description\" content=\"Sabato 14 maggio il Parco Piave Beach di Belluno si trasformer\u00e0 in una palestra all&#8217;aperto. L&#8217;Associazione sportiva \u00a0 Pi\u00f9 Movimento organizza la quarta edizione di &#8220;Urban Training&#8221; con sessioni gratuite di diverse discipline di attivit\u00e0 motoria, rivolte alle persone di tutte le et\u00e0, per trascorrere un pomeriggio in compagnia, all&#8217;insegna del movimento, del divertimento e [&hellip;]\" \/>\n<meta property=\"og:url\" content=\"https:\/\/www.bellunopress.it\/fr\/2016\/05\/08\/urban-gym-sabato-ginnastica-allaperto-pattinaggio-al-parco-lambioi\/\" \/>\n<meta property=\"og:site_name\" content=\"Bellunopress - Dolomiti\" \/>\n<meta property=\"article:publisher\" content=\"https:\/\/www.facebook.com\/profile.php?id=100008943462799\" \/>\n<meta property=\"article:published_time\" content=\"2016-05-08T18:57:41+00:00\" \/>\n<meta property=\"og:image\" content=\"http:\/\/www.bellunopress.it\/wp-content\/uploads\/2016\/05\/parco-lambioi-urban-gym.jpg\" \/>\n<meta name=\"author\" content=\"redazione\" \/>\n<meta name=\"twitter:card\" content=\"summary_large_image\" \/>\n<meta name=\"twitter:creator\" content=\"@bellunopress\" \/>\n<meta name=\"twitter:site\" content=\"@bellunopress\" \/>\n<meta name=\"twitter:label1\" content=\"\u00c9crit par\" \/>\n\t<meta name=\"twitter:data1\" content=\"redazione\" \/>\n\t<meta name=\"twitter:label2\" content=\"Dur\u00e9e de lecture estim\u00e9e\" \/>\n\t<meta name=\"twitter:data2\" content=\"1 minute\" \/>\n<script type=\"application\/ld+json\" class=\"yoast-schema-graph\">{\"@context\":\"https:\\\/\\\/schema.org\",\"@graph\":[{\"@type\":\"Article\",\"@id\":\"https:\\\/\\\/www.bellunopress.it\\\/2016\\\/05\\\/08\\\/urban-gym-sabato-ginnastica-allaperto-pattinaggio-al-parco-lambioi\\\/#article\",\"isPartOf\":{\"@id\":\"https:\\\/\\\/www.bellunopress.it\\\/2016\\\/05\\\/08\\\/urban-gym-sabato-ginnastica-allaperto-pattinaggio-al-parco-lambioi\\\/\"},\"author\":{\"name\":\"redazione\",\"@id\":\"https:\\\/\\\/www.bellunopress.it\\\/#\\\/schema\\\/person\\\/79bb06722b37ece1c03d3e94beb30d73\"},\"headline\":\"Urban gym. Sabato ginnastica all&#8217;aperto e pattinaggio al Parco di Lambioi\",\"datePublished\":\"2016-05-08T18:57:41+00:00\",\"mainEntityOfPage\":{\"@id\":\"https:\\\/\\\/www.bellunopress.it\\\/2016\\\/05\\\/08\\\/urban-gym-sabato-ginnastica-allaperto-pattinaggio-al-parco-lambioi\\\/\"},\"wordCount\":276,\"publisher\":{\"@id\":\"https:\\\/\\\/www.bellunopress.it\\\/#organization\"},\"image\":{\"@id\":\"https:\\\/\\\/www.bellunopress.it\\\/2016\\\/05\\\/08\\\/urban-gym-sabato-ginnastica-allaperto-pattinaggio-al-parco-lambioi\\\/#primaryimage\"},\"thumbnailUrl\":\"http:\\\/\\\/www.bellunopress.it\\\/wp-content\\\/uploads\\\/2016\\\/05\\\/parco-lambioi-urban-gym.jpg\",\"articleSection\":[\"Prima Pagina\",\"Sport, tempo libero\"],\"inLanguage\":\"fr-FR\"},{\"@type\":\"WebPage\",\"@id\":\"https:\\\/\\\/www.bellunopress.it\\\/2016\\\/05\\\/08\\\/urban-gym-sabato-ginnastica-allaperto-pattinaggio-al-parco-lambioi\\\/\",\"url\":\"https:\\\/\\\/www.bellunopress.it\\\/2016\\\/05\\\/08\\\/urban-gym-sabato-ginnastica-allaperto-pattinaggio-al-parco-lambioi\\\/\",\"name\":\"Urban gym. Sabato ginnastica all'aperto e pattinaggio al Parco di Lambioi - Bellunopress - Dolomiti\",\"isPartOf\":{\"@id\":\"https:\\\/\\\/www.bellunopress.it\\\/#website\"},\"primaryImageOfPage\":{\"@id\":\"https:\\\/\\\/www.bellunopress.it\\\/2016\\\/05\\\/08\\\/urban-gym-sabato-ginnastica-allaperto-pattinaggio-al-parco-lambioi\\\/#primaryimage\"},\"image\":{\"@id\":\"https:\\\/\\\/www.bellunopress.it\\\/2016\\\/05\\\/08\\\/urban-gym-sabato-ginnastica-allaperto-pattinaggio-al-parco-lambioi\\\/#primaryimage\"},\"thumbnailUrl\":\"http:\\\/\\\/www.bellunopress.it\\\/wp-content\\\/uploads\\\/2016\\\/05\\\/parco-lambioi-urban-gym.jpg\",\"datePublished\":\"2016-05-08T18:57:41+00:00\",\"breadcrumb\":{\"@id\":\"https:\\\/\\\/www.bellunopress.it\\\/2016\\\/05\\\/08\\\/urban-gym-sabato-ginnastica-allaperto-pattinaggio-al-parco-lambioi\\\/#breadcrumb\"},\"inLanguage\":\"fr-FR\",\"potentialAction\":[{\"@type\":\"ReadAction\",\"target\":[\"https:\\\/\\\/www.bellunopress.it\\\/2016\\\/05\\\/08\\\/urban-gym-sabato-ginnastica-allaperto-pattinaggio-al-parco-lambioi\\\/\"]}]},{\"@type\":\"ImageObject\",\"inLanguage\":\"fr-FR\",\"@id\":\"https:\\\/\\\/www.bellunopress.it\\\/2016\\\/05\\\/08\\\/urban-gym-sabato-ginnastica-allaperto-pattinaggio-al-parco-lambioi\\\/#primaryimage\",\"url\":\"http:\\\/\\\/www.bellunopress.it\\\/wp-content\\\/uploads\\\/2016\\\/05\\\/parco-lambioi-urban-gym.jpg\",\"contentUrl\":\"http:\\\/\\\/www.bellunopress.it\\\/wp-content\\\/uploads\\\/2016\\\/05\\\/parco-lambioi-urban-gym.jpg\"},{\"@type\":\"BreadcrumbList\",\"@id\":\"https:\\\/\\\/www.bellunopress.it\\\/2016\\\/05\\\/08\\\/urban-gym-sabato-ginnastica-allaperto-pattinaggio-al-parco-lambioi\\\/#breadcrumb\",\"itemListElement\":[{\"@type\":\"ListItem\",\"position\":1,\"name\":\"Home\",\"item\":\"https:\\\/\\\/www.bellunopress.it\\\/\"},{\"@type\":\"ListItem\",\"position\":2,\"name\":\"Urban gym. Sabato ginnastica all&#8217;aperto e pattinaggio al Parco di Lambioi\"}]},{\"@type\":\"WebSite\",\"@id\":\"https:\\\/\\\/www.bellunopress.it\\\/#website\",\"url\":\"https:\\\/\\\/www.bellunopress.it\\\/\",\"name\":\"Bellunopress - Dolomiti\",\"description\":\"e-mail: redazione@bellunopress.it\",\"publisher\":{\"@id\":\"https:\\\/\\\/www.bellunopress.it\\\/#organization\"},\"potentialAction\":[{\"@type\":\"SearchAction\",\"target\":{\"@type\":\"EntryPoint\",\"urlTemplate\":\"https:\\\/\\\/www.bellunopress.it\\\/?s={search_term_string}\"},\"query-input\":{\"@type\":\"PropertyValueSpecification\",\"valueRequired\":true,\"valueName\":\"search_term_string\"}}],\"inLanguage\":\"fr-FR\"},{\"@type\":\"Organization\",\"@id\":\"https:\\\/\\\/www.bellunopress.it\\\/#organization\",\"name\":\"Bellunopress\",\"url\":\"https:\\\/\\\/www.bellunopress.it\\\/\",\"logo\":{\"@type\":\"ImageObject\",\"inLanguage\":\"fr-FR\",\"@id\":\"https:\\\/\\\/www.bellunopress.it\\\/#\\\/schema\\\/logo\\\/image\\\/\",\"url\":\"https:\\\/\\\/www.bellunopress.it\\\/wp-content\\\/uploads\\\/2011\\\/05\\\/cropped-logo-bellunopress-.jpg\",\"contentUrl\":\"https:\\\/\\\/www.bellunopress.it\\\/wp-content\\\/uploads\\\/2011\\\/05\\\/cropped-logo-bellunopress-.jpg\",\"width\":512,\"height\":512,\"caption\":\"Bellunopress\"},\"image\":{\"@id\":\"https:\\\/\\\/www.bellunopress.it\\\/#\\\/schema\\\/logo\\\/image\\\/\"},\"sameAs\":[\"https:\\\/\\\/www.facebook.com\\\/profile.php?id=100008943462799\",\"https:\\\/\\\/x.com\\\/bellunopress\",\"https:\\\/\\\/www.linkedin.com\\\/hp\\\/?dnr=JBzUWaJfMUw8vbXJJ2tVW5-I3jZKvC4wsoxE&amp;amp;amp;amp;amp;amp;trk=nav_responsive_tab_home\",\"https:\\\/\\\/www.youtube.com\\\/channel\\\/UCxL0wu1uN0_3_7hGG0306cw\"]},{\"@type\":\"Person\",\"@id\":\"https:\\\/\\\/www.bellunopress.it\\\/#\\\/schema\\\/person\\\/79bb06722b37ece1c03d3e94beb30d73\",\"name\":\"redazione\",\"image\":{\"@type\":\"ImageObject\",\"inLanguage\":\"fr-FR\",\"@id\":\"https:\\\/\\\/secure.gravatar.com\\\/avatar\\\/37d968a2e67a6fd04c169c4bdef102d0bc5d31b2546345219e348575eb80e9a0?s=96&d=mm&r=g\",\"url\":\"https:\\\/\\\/secure.gravatar.com\\\/avatar\\\/37d968a2e67a6fd04c169c4bdef102d0bc5d31b2546345219e348575eb80e9a0?s=96&d=mm&r=g\",\"contentUrl\":\"https:\\\/\\\/secure.gravatar.com\\\/avatar\\\/37d968a2e67a6fd04c169c4bdef102d0bc5d31b2546345219e348575eb80e9a0?s=96&d=mm&r=g\",\"caption\":\"redazione\"},\"sameAs\":[\"http:\\\/\\\/www.bellunopress.it\",\"https:\\\/\\\/x.com\\\/bellunopress\"],\"url\":\"https:\\\/\\\/www.bellunopress.it\\\/fr\\\/author\\\/redazione\\\/\"}]}<\/script>\n<!-- \/ Yoast SEO plugin. -->","yoast_head_json":{"title":"Urban gym. Sabato ginnastica all'aperto e pattinaggio al Parco di Lambioi - Bellunopress - Dolomiti","robots":{"index":"index","follow":"follow","max-snippet":"max-snippet:-1","max-image-preview":"max-image-preview:large","max-video-preview":"max-video-preview:-1"},"canonical":"https:\/\/www.bellunopress.it\/fr\/2016\/05\/08\/urban-gym-sabato-ginnastica-allaperto-pattinaggio-al-parco-lambioi\/","og_locale":"fr_FR","og_type":"article","og_title":"Urban gym. Sabato ginnastica all'aperto e pattinaggio al Parco di Lambioi - Bellunopress - Dolomiti","og_description":"Sabato 14 maggio il Parco Piave Beach di Belluno si trasformer\u00e0 in una palestra all&#8217;aperto. L&#8217;Associazione sportiva \u00a0 Pi\u00f9 Movimento organizza la quarta edizione di &#8220;Urban Training&#8221; con sessioni gratuite di diverse discipline di attivit\u00e0 motoria, rivolte alle persone di tutte le et\u00e0, per trascorrere un pomeriggio in compagnia, all&#8217;insegna del movimento, del divertimento e [&hellip;]","og_url":"https:\/\/www.bellunopress.it\/fr\/2016\/05\/08\/urban-gym-sabato-ginnastica-allaperto-pattinaggio-al-parco-lambioi\/","og_site_name":"Bellunopress - Dolomiti","article_publisher":"https:\/\/www.facebook.com\/profile.php?id=100008943462799","article_published_time":"2016-05-08T18:57:41+00:00","og_image":[{"url":"http:\/\/www.bellunopress.it\/wp-content\/uploads\/2016\/05\/parco-lambioi-urban-gym.jpg","type":"","width":"","height":""}],"author":"redazione","twitter_card":"summary_large_image","twitter_creator":"@bellunopress","twitter_site":"@bellunopress","twitter_misc":{"\u00c9crit par":"redazione","Dur\u00e9e de lecture estim\u00e9e":"1 minute"},"schema":{"@context":"https:\/\/schema.org","@graph":[{"@type":"Article","@id":"https:\/\/www.bellunopress.it\/2016\/05\/08\/urban-gym-sabato-ginnastica-allaperto-pattinaggio-al-parco-lambioi\/#article","isPartOf":{"@id":"https:\/\/www.bellunopress.it\/2016\/05\/08\/urban-gym-sabato-ginnastica-allaperto-pattinaggio-al-parco-lambioi\/"},"author":{"name":"redazione","@id":"https:\/\/www.bellunopress.it\/#\/schema\/person\/79bb06722b37ece1c03d3e94beb30d73"},"headline":"Urban gym. Sabato ginnastica all&#8217;aperto e pattinaggio al Parco di Lambioi","datePublished":"2016-05-08T18:57:41+00:00","mainEntityOfPage":{"@id":"https:\/\/www.bellunopress.it\/2016\/05\/08\/urban-gym-sabato-ginnastica-allaperto-pattinaggio-al-parco-lambioi\/"},"wordCount":276,"publisher":{"@id":"https:\/\/www.bellunopress.it\/#organization"},"image":{"@id":"https:\/\/www.bellunopress.it\/2016\/05\/08\/urban-gym-sabato-ginnastica-allaperto-pattinaggio-al-parco-lambioi\/#primaryimage"},"thumbnailUrl":"http:\/\/www.bellunopress.it\/wp-content\/uploads\/2016\/05\/parco-lambioi-urban-gym.jpg","articleSection":["Prima Pagina","Sport, tempo libero"],"inLanguage":"fr-FR"},{"@type":"WebPage","@id":"https:\/\/www.bellunopress.it\/2016\/05\/08\/urban-gym-sabato-ginnastica-allaperto-pattinaggio-al-parco-lambioi\/","url":"https:\/\/www.bellunopress.it\/2016\/05\/08\/urban-gym-sabato-ginnastica-allaperto-pattinaggio-al-parco-lambioi\/","name":"Urban gym. Sabato ginnastica all'aperto e pattinaggio al Parco di Lambioi - Bellunopress - Dolomiti","isPartOf":{"@id":"https:\/\/www.bellunopress.it\/#website"},"primaryImageOfPage":{"@id":"https:\/\/www.bellunopress.it\/2016\/05\/08\/urban-gym-sabato-ginnastica-allaperto-pattinaggio-al-parco-lambioi\/#primaryimage"},"image":{"@id":"https:\/\/www.bellunopress.it\/2016\/05\/08\/urban-gym-sabato-ginnastica-allaperto-pattinaggio-al-parco-lambioi\/#primaryimage"},"thumbnailUrl":"http:\/\/www.bellunopress.it\/wp-content\/uploads\/2016\/05\/parco-lambioi-urban-gym.jpg","datePublished":"2016-05-08T18:57:41+00:00","breadcrumb":{"@id":"https:\/\/www.bellunopress.it\/2016\/05\/08\/urban-gym-sabato-ginnastica-allaperto-pattinaggio-al-parco-lambioi\/#breadcrumb"},"inLanguage":"fr-FR","potentialAction":[{"@type":"ReadAction","target":["https:\/\/www.bellunopress.it\/2016\/05\/08\/urban-gym-sabato-ginnastica-allaperto-pattinaggio-al-parco-lambioi\/"]}]},{"@type":"ImageObject","inLanguage":"fr-FR","@id":"https:\/\/www.bellunopress.it\/2016\/05\/08\/urban-gym-sabato-ginnastica-allaperto-pattinaggio-al-parco-lambioi\/#primaryimage","url":"http:\/\/www.bellunopress.it\/wp-content\/uploads\/2016\/05\/parco-lambioi-urban-gym.jpg","contentUrl":"http:\/\/www.bellunopress.it\/wp-content\/uploads\/2016\/05\/parco-lambioi-urban-gym.jpg"},{"@type":"BreadcrumbList","@id":"https:\/\/www.bellunopress.it\/2016\/05\/08\/urban-gym-sabato-ginnastica-allaperto-pattinaggio-al-parco-lambioi\/#breadcrumb","itemListElement":[{"@type":"ListItem","position":1,"name":"Home","item":"https:\/\/www.bellunopress.it\/"},{"@type":"ListItem","position":2,"name":"Urban gym. Sabato ginnastica all&#8217;aperto e pattinaggio al Parco di Lambioi"}]},{"@type":"WebSite","@id":"https:\/\/www.bellunopress.it\/#website","url":"https:\/\/www.bellunopress.it\/","name":"Bellunopress - Dolomiti","description":"e-mail: redazione@bellunopress.it","publisher":{"@id":"https:\/\/www.bellunopress.it\/#organization"},"potentialAction":[{"@type":"SearchAction","target":{"@type":"EntryPoint","urlTemplate":"https:\/\/www.bellunopress.it\/?s={search_term_string}"},"query-input":{"@type":"PropertyValueSpecification","valueRequired":true,"valueName":"search_term_string"}}],"inLanguage":"fr-FR"},{"@type":"Organization","@id":"https:\/\/www.bellunopress.it\/#organization","name":"Bellunopress","url":"https:\/\/www.bellunopress.it\/","logo":{"@type":"ImageObject","inLanguage":"fr-FR","@id":"https:\/\/www.bellunopress.it\/#\/schema\/logo\/image\/","url":"https:\/\/www.bellunopress.it\/wp-content\/uploads\/2011\/05\/cropped-logo-bellunopress-.jpg","contentUrl":"https:\/\/www.bellunopress.it\/wp-content\/uploads\/2011\/05\/cropped-logo-bellunopress-.jpg","width":512,"height":512,"caption":"Bellunopress"},"image":{"@id":"https:\/\/www.bellunopress.it\/#\/schema\/logo\/image\/"},"sameAs":["https:\/\/www.facebook.com\/profile.php?id=100008943462799","https:\/\/x.com\/bellunopress","https:\/\/www.linkedin.com\/hp\/?dnr=JBzUWaJfMUw8vbXJJ2tVW5-I3jZKvC4wsoxE&amp;amp;amp;amp;amp;amp;trk=nav_responsive_tab_home","https:\/\/www.youtube.com\/channel\/UCxL0wu1uN0_3_7hGG0306cw"]},{"@type":"Person","@id":"https:\/\/www.bellunopress.it\/#\/schema\/person\/79bb06722b37ece1c03d3e94beb30d73","name":"r\u00e9daction","image":{"@type":"ImageObject","inLanguage":"fr-FR","@id":"https:\/\/secure.gravatar.com\/avatar\/37d968a2e67a6fd04c169c4bdef102d0bc5d31b2546345219e348575eb80e9a0?s=96&d=mm&r=g","url":"https:\/\/secure.gravatar.com\/avatar\/37d968a2e67a6fd04c169c4bdef102d0bc5d31b2546345219e348575eb80e9a0?s=96&d=mm&r=g","contentUrl":"https:\/\/secure.gravatar.com\/avatar\/37d968a2e67a6fd04c169c4bdef102d0bc5d31b2546345219e348575eb80e9a0?s=96&d=mm&r=g","caption":"redazione"},"sameAs":["http:\/\/www.bellunopress.it","https:\/\/x.com\/bellunopress"],"url":"https:\/\/www.bellunopress.it\/fr\/author\/redazione\/"}]}},"_links":{"self":[{"href":"https:\/\/www.bellunopress.it\/fr\/wp-json\/wp\/v2\/posts\/77477","targetHints":{"allow":["GET"]}}],"collection":[{"href":"https:\/\/www.bellunopress.it\/fr\/wp-json\/wp\/v2\/posts"}],"about":[{"href":"https:\/\/www.bellunopress.it\/fr\/wp-json\/wp\/v2\/types\/post"}],"author":[{"embeddable":true,"href":"https:\/\/www.bellunopress.it\/fr\/wp-json\/wp\/v2\/users\/2"}],"replies":[{"embeddable":true,"href":"https:\/\/www.bellunopress.it\/fr\/wp-json\/wp\/v2\/comments?post=77477"}],"version-history":[{"count":1,"href":"https:\/\/www.bellunopress.it\/fr\/wp-json\/wp\/v2\/posts\/77477\/revisions"}],"predecessor-version":[{"id":77479,"href":"https:\/\/www.bellunopress.it\/fr\/wp-json\/wp\/v2\/posts\/77477\/revisions\/77479"}],"wp:attachment":[{"href":"https:\/\/www.bellunopress.it\/fr\/wp-json\/wp\/v2\/media?parent=77477"}],"wp:term":[{"taxonomy":"category","embeddable":true,"href":"https:\/\/www.bellunopress.it\/fr\/wp-json\/wp\/v2\/categories?post=77477"},{"taxonomy":"post_tag","embeddable":true,"href":"https:\/\/www.bellunopress.it\/fr\/wp-json\/wp\/v2\/tags?post=77477"}],"curies":[{"name":"wp","href":"https:\/\/api.w.org\/{rel}","templated":true}]}}