{"id":7747,"date":"2009-09-04T15:37:36","date_gmt":"2009-09-04T14:37:36","guid":{"rendered":"http:\/\/www.bellunopress.it\/?p=7747"},"modified":"2009-09-04T15:37:36","modified_gmt":"2009-09-04T14:37:36","slug":"gobbo-manzato-da-re-%e2%80%9cda-oggi-i-sindaci-leghisti-diventano-linterfaccia-di-cittadini-e-imprese-informandoli-sulle-misure-anticrisi-varate-dalla-regione-veneto","status":"publish","type":"post","link":"https:\/\/www.bellunopress.it\/fr\/2009\/09\/04\/gobbo-manzato-da-re-%e2%80%9cda-oggi-i-sindaci-leghisti-diventano-linterfaccia-di-cittadini-e-imprese-informandoli-sulle-misure-anticrisi-varate-dalla-regione-veneto\/","title":{"rendered":"Gobbo, Manzato, Da Re: \u201cDa oggi i sindaci leghisti diventano l&#8217;interfaccia di cittadini e imprese, informandoli sulle misure anticrisi varate dalla Regione Veneto&#8221;"},"content":{"rendered":"<p><a href=\"http:\/\/www.bellunopress.it\/wp-content\/uploads\/2009\/09\/gobbo-manzato-da-re.jpg\"><img loading=\"lazy\" decoding=\"async\" class=\"alignleft size-medium wp-image-7748\" title=\"gobbo-manzato-da-re\" src=\"http:\/\/www.bellunopress.it\/wp-content\/uploads\/2009\/09\/gobbo-manzato-da-re.jpg\" alt=\"\" width=\"270\" height=\"187\" \/><\/a>&#8220;Dobbiamo dare ai sindaci, primi interlocutori del cittadino e della piccola impresa, la possibilit\u00e0 di conoscere tutte le opportunit\u00e0 che la Regione offre per affrontare questo periodo di crisi. Vicina al territorio, da cui trae origine, la Lega Nord Liga Veneta ha deciso di assumersi una grande responsabilit\u00e0, quella di informare capillarmente gli amministratori comunali sui bandi e i Fondi regionali, in modo da renderli preparati a gestire un autunno che dal punto di vista economico si prospetta caldissimo\u201d. Il vicegovernatore Franco Manzato ha incontrato stamattina (venerd\u00ec 4 settembre) presso la sede leghista del K3 a Villorba (Treviso) i sindaci leghisti della Marca e il loro coordinatore veneto Massimo Bitonci; con lui il segretario nazionale del Carroccio Gian Paolo Gobbo e il presidente della Provincia Leonardo Muraro. \u201cLa Lega ha uomini di governo e amministratori dotati di grande sensibilit\u00e0 per le problematiche dei lavoratori e delle imprese &#8211; ha dichiarato Manzato -, \u2018ruoli\u2019 che spesso coincidono perch\u00e9 le piccole e medie aziende nella gran parte dei casi sono a conduzione familiare. Dall\u2019altra parte, la Regione mette a disposizione, soprattutto in questi mesi, strumenti anticrisi (dagli aiuti alle imprese a quelli per l\u2019artigianato o il turismo o l\u2019agricoltura, ai protocolli con le banche) che proprio per la pluralit\u00e0 dei soggetti coinvolti spesso si fatica a far arrivare alla gente. La Lega oggi d\u00e0 al territorio la possibilit\u00e0 di sfruttare tutti i mezzi messi a disposizione dalla Regione per affrontare la crisi, e lo fa nel momento pi\u00f9 delicato per i lavoratori, cio\u00e8 l\u2019autunno\u201d. \u201cNon vogliamo \u2013 aggiunge Manzato \u2013 scavalcare i ruoli delle singole istituzioni, ma fornire intanto le informazioni sulle iniziative regionali\u201d. \u00a0\u201cProprio perch\u00e9 la Lega nasce come partito territoriale, questa iniziativa odierna sar\u00e0 estesa a chiunque vorr\u00e0 unirsi ai nostri sindaci: lanciamo l\u2019appello agli amministratori anche di altri partiti che volessero essere di servizio ai loro cittadini. E soprattutto ai sindacati, che potrebbero mettere a servizio della gente anche illustrando nelle loro sedi tutte le iniziative regionali per affrontare la crisi. Le ideologie non ci interessano, e non vogliamo scavalcare nessuno: ma in questo momento ogni contrapposizione di classe \u00e8 inutile, perch\u00e9 gli spettri sono la disoccupazione e la chiusura delle aziende venete\u201d. (tutta la normativa \u00e8 contenuta nel sito della Regione <a href=\"http:\/\/www.regione.veneto.it\">www.regione.veneto.it<\/a> al link: <a href=\"http:\/\/bur.regione.veneto.it\/BurvServices\/pubblica\/HomeConsultazione.aspx\">http:\/\/bur.regione.veneto.it\/BurvServices\/pubblica\/HomeConsultazione.aspx<\/a>)<\/p>","protected":false},"excerpt":{"rendered":"<p>&#8220;Dobbiamo dare ai sindaci, primi interlocutori del cittadino e della piccola impresa, la possibilit\u00e0 di conoscere tutte le opportunit\u00e0 che la Regione offre per affrontare questo periodo di crisi. Vicina al territorio, da cui trae origine, la Lega Nord Liga Veneta ha deciso di assumersi una grande responsabilit\u00e0, quella di informare capillarmente gli amministratori comunali [&hellip;]<\/p>\n","protected":false},"author":2,"featured_media":0,"comment_status":"closed","ping_status":"open","sticky":false,"template":"","format":"standard","meta":{"footnotes":""},"categories":[5],"tags":[139],"class_list":["post-7747","post","type-post","status-publish","format-standard","category-cronaca","tag-belluno"],"yoast_head":"<!-- This site is optimized with the Yoast SEO plugin v28.4 - https:\/\/yoast.com\/product\/yoast-seo-wordpress\/ -->\n<title>Gobbo, Manzato, Da Re: \u201cDa oggi i sindaci leghisti diventano l&#039;interfaccia di cittadini e imprese, informandoli sulle misure anticrisi varate dalla Regione Veneto&quot; - Bellunopress - Dolomiti<\/title>\n<meta name=\"robots\" content=\"index, follow, max-snippet:-1, max-image-preview:large, max-video-preview:-1\" \/>\n<link rel=\"canonical\" href=\"https:\/\/www.bellunopress.it\/fr\/2009\/09\/04\/gobbo-manzato-da-re-\u201cda-oggi-i-sindaci-leghisti-diventano-linterfaccia-di-cittadini-e-imprese-informandoli-sulle-misure-anticrisi-varate-dalla-regione-veneto\/\" \/>\n<meta property=\"og:locale\" content=\"fr_FR\" \/>\n<meta property=\"og:type\" content=\"article\" \/>\n<meta property=\"og:title\" content=\"Gobbo, Manzato, Da Re: \u201cDa oggi i sindaci leghisti diventano l&#039;interfaccia di cittadini e imprese, informandoli sulle misure anticrisi varate dalla Regione Veneto&quot; - Bellunopress - Dolomiti\" \/>\n<meta property=\"og:description\" content=\"&#8220;Dobbiamo dare ai sindaci, primi interlocutori del cittadino e della piccola impresa, la possibilit\u00e0 di conoscere tutte le opportunit\u00e0 che la Regione offre per affrontare questo periodo di crisi. Vicina al territorio, da cui trae origine, la Lega Nord Liga Veneta ha deciso di assumersi una grande responsabilit\u00e0, quella di informare capillarmente gli amministratori comunali [&hellip;]\" \/>\n<meta property=\"og:url\" content=\"https:\/\/www.bellunopress.it\/fr\/2009\/09\/04\/gobbo-manzato-da-re-\u201cda-oggi-i-sindaci-leghisti-diventano-linterfaccia-di-cittadini-e-imprese-informandoli-sulle-misure-anticrisi-varate-dalla-regione-veneto\/\" \/>\n<meta property=\"og:site_name\" content=\"Bellunopress - Dolomiti\" \/>\n<meta property=\"article:publisher\" content=\"https:\/\/www.facebook.com\/profile.php?id=100008943462799\" \/>\n<meta property=\"article:published_time\" content=\"2009-09-04T14:37:36+00:00\" \/>\n<meta property=\"og:image\" content=\"http:\/\/www.bellunopress.it\/wp-content\/uploads\/2009\/09\/gobbo-manzato-da-re.jpg\" \/>\n<meta name=\"author\" content=\"redazione\" \/>\n<meta name=\"twitter:card\" content=\"summary_large_image\" \/>\n<meta name=\"twitter:creator\" content=\"@bellunopress\" \/>\n<meta name=\"twitter:site\" content=\"@bellunopress\" \/>\n<meta name=\"twitter:label1\" content=\"\u00c9crit par\" \/>\n\t<meta name=\"twitter:data1\" content=\"redazione\" \/>\n\t<meta name=\"twitter:label2\" content=\"Dur\u00e9e de lecture estim\u00e9e\" \/>\n\t<meta name=\"twitter:data2\" content=\"2 minutes\" \/>\n<script type=\"application\/ld+json\" class=\"yoast-schema-graph\">{\"@context\":\"https:\\\/\\\/schema.org\",\"@graph\":[{\"@type\":\"Article\",\"@id\":\"https:\\\/\\\/www.bellunopress.it\\\/2009\\\/09\\\/04\\\/gobbo-manzato-da-re-%e2%80%9cda-oggi-i-sindaci-leghisti-diventano-linterfaccia-di-cittadini-e-imprese-informandoli-sulle-misure-anticrisi-varate-dalla-regione-veneto\\\/#article\",\"isPartOf\":{\"@id\":\"https:\\\/\\\/www.bellunopress.it\\\/2009\\\/09\\\/04\\\/gobbo-manzato-da-re-%e2%80%9cda-oggi-i-sindaci-leghisti-diventano-linterfaccia-di-cittadini-e-imprese-informandoli-sulle-misure-anticrisi-varate-dalla-regione-veneto\\\/\"},\"author\":{\"name\":\"redazione\",\"@id\":\"https:\\\/\\\/www.bellunopress.it\\\/#\\\/schema\\\/person\\\/79bb06722b37ece1c03d3e94beb30d73\"},\"headline\":\"Gobbo, Manzato, Da Re: \u201cDa oggi i sindaci leghisti diventano l&#8217;interfaccia di cittadini e imprese, informandoli sulle misure anticrisi varate dalla Regione Veneto&#8221;\",\"datePublished\":\"2009-09-04T14:37:36+00:00\",\"mainEntityOfPage\":{\"@id\":\"https:\\\/\\\/www.bellunopress.it\\\/2009\\\/09\\\/04\\\/gobbo-manzato-da-re-%e2%80%9cda-oggi-i-sindaci-leghisti-diventano-linterfaccia-di-cittadini-e-imprese-informandoli-sulle-misure-anticrisi-varate-dalla-regione-veneto\\\/\"},\"wordCount\":412,\"publisher\":{\"@id\":\"https:\\\/\\\/www.bellunopress.it\\\/#organization\"},\"image\":{\"@id\":\"https:\\\/\\\/www.bellunopress.it\\\/2009\\\/09\\\/04\\\/gobbo-manzato-da-re-%e2%80%9cda-oggi-i-sindaci-leghisti-diventano-linterfaccia-di-cittadini-e-imprese-informandoli-sulle-misure-anticrisi-varate-dalla-regione-veneto\\\/#primaryimage\"},\"thumbnailUrl\":\"http:\\\/\\\/www.bellunopress.it\\\/wp-content\\\/uploads\\\/2009\\\/09\\\/gobbo-manzato-da-re.jpg\",\"keywords\":[\"Belluno\"],\"articleSection\":[\"Cronaca\\\/Politica\"],\"inLanguage\":\"fr-FR\"},{\"@type\":\"WebPage\",\"@id\":\"https:\\\/\\\/www.bellunopress.it\\\/2009\\\/09\\\/04\\\/gobbo-manzato-da-re-%e2%80%9cda-oggi-i-sindaci-leghisti-diventano-linterfaccia-di-cittadini-e-imprese-informandoli-sulle-misure-anticrisi-varate-dalla-regione-veneto\\\/\",\"url\":\"https:\\\/\\\/www.bellunopress.it\\\/2009\\\/09\\\/04\\\/gobbo-manzato-da-re-%e2%80%9cda-oggi-i-sindaci-leghisti-diventano-linterfaccia-di-cittadini-e-imprese-informandoli-sulle-misure-anticrisi-varate-dalla-regione-veneto\\\/\",\"name\":\"Gobbo, Manzato, Da Re: \u201cDa oggi i sindaci leghisti diventano l'interfaccia di cittadini e imprese, informandoli sulle misure anticrisi varate dalla Regione Veneto\\\" - Bellunopress - Dolomiti\",\"isPartOf\":{\"@id\":\"https:\\\/\\\/www.bellunopress.it\\\/#website\"},\"primaryImageOfPage\":{\"@id\":\"https:\\\/\\\/www.bellunopress.it\\\/2009\\\/09\\\/04\\\/gobbo-manzato-da-re-%e2%80%9cda-oggi-i-sindaci-leghisti-diventano-linterfaccia-di-cittadini-e-imprese-informandoli-sulle-misure-anticrisi-varate-dalla-regione-veneto\\\/#primaryimage\"},\"image\":{\"@id\":\"https:\\\/\\\/www.bellunopress.it\\\/2009\\\/09\\\/04\\\/gobbo-manzato-da-re-%e2%80%9cda-oggi-i-sindaci-leghisti-diventano-linterfaccia-di-cittadini-e-imprese-informandoli-sulle-misure-anticrisi-varate-dalla-regione-veneto\\\/#primaryimage\"},\"thumbnailUrl\":\"http:\\\/\\\/www.bellunopress.it\\\/wp-content\\\/uploads\\\/2009\\\/09\\\/gobbo-manzato-da-re.jpg\",\"datePublished\":\"2009-09-04T14:37:36+00:00\",\"breadcrumb\":{\"@id\":\"https:\\\/\\\/www.bellunopress.it\\\/2009\\\/09\\\/04\\\/gobbo-manzato-da-re-%e2%80%9cda-oggi-i-sindaci-leghisti-diventano-linterfaccia-di-cittadini-e-imprese-informandoli-sulle-misure-anticrisi-varate-dalla-regione-veneto\\\/#breadcrumb\"},\"inLanguage\":\"fr-FR\",\"potentialAction\":[{\"@type\":\"ReadAction\",\"target\":[\"https:\\\/\\\/www.bellunopress.it\\\/2009\\\/09\\\/04\\\/gobbo-manzato-da-re-%e2%80%9cda-oggi-i-sindaci-leghisti-diventano-linterfaccia-di-cittadini-e-imprese-informandoli-sulle-misure-anticrisi-varate-dalla-regione-veneto\\\/\"]}]},{\"@type\":\"ImageObject\",\"inLanguage\":\"fr-FR\",\"@id\":\"https:\\\/\\\/www.bellunopress.it\\\/2009\\\/09\\\/04\\\/gobbo-manzato-da-re-%e2%80%9cda-oggi-i-sindaci-leghisti-diventano-linterfaccia-di-cittadini-e-imprese-informandoli-sulle-misure-anticrisi-varate-dalla-regione-veneto\\\/#primaryimage\",\"url\":\"http:\\\/\\\/www.bellunopress.it\\\/wp-content\\\/uploads\\\/2009\\\/09\\\/gobbo-manzato-da-re.jpg\",\"contentUrl\":\"http:\\\/\\\/www.bellunopress.it\\\/wp-content\\\/uploads\\\/2009\\\/09\\\/gobbo-manzato-da-re.jpg\"},{\"@type\":\"BreadcrumbList\",\"@id\":\"https:\\\/\\\/www.bellunopress.it\\\/2009\\\/09\\\/04\\\/gobbo-manzato-da-re-%e2%80%9cda-oggi-i-sindaci-leghisti-diventano-linterfaccia-di-cittadini-e-imprese-informandoli-sulle-misure-anticrisi-varate-dalla-regione-veneto\\\/#breadcrumb\",\"itemListElement\":[{\"@type\":\"ListItem\",\"position\":1,\"name\":\"Home\",\"item\":\"https:\\\/\\\/www.bellunopress.it\\\/\"},{\"@type\":\"ListItem\",\"position\":2,\"name\":\"Gobbo, Manzato, Da Re: \u201cDa oggi i sindaci leghisti diventano l&#8217;interfaccia di cittadini e imprese, informandoli sulle misure anticrisi varate dalla Regione Veneto&#8221;\"}]},{\"@type\":\"WebSite\",\"@id\":\"https:\\\/\\\/www.bellunopress.it\\\/#website\",\"url\":\"https:\\\/\\\/www.bellunopress.it\\\/\",\"name\":\"Bellunopress - Dolomiti\",\"description\":\"e-mail: redazione@bellunopress.it\",\"publisher\":{\"@id\":\"https:\\\/\\\/www.bellunopress.it\\\/#organization\"},\"potentialAction\":[{\"@type\":\"SearchAction\",\"target\":{\"@type\":\"EntryPoint\",\"urlTemplate\":\"https:\\\/\\\/www.bellunopress.it\\\/?s={search_term_string}\"},\"query-input\":{\"@type\":\"PropertyValueSpecification\",\"valueRequired\":true,\"valueName\":\"search_term_string\"}}],\"inLanguage\":\"fr-FR\"},{\"@type\":\"Organization\",\"@id\":\"https:\\\/\\\/www.bellunopress.it\\\/#organization\",\"name\":\"Bellunopress\",\"url\":\"https:\\\/\\\/www.bellunopress.it\\\/\",\"logo\":{\"@type\":\"ImageObject\",\"inLanguage\":\"fr-FR\",\"@id\":\"https:\\\/\\\/www.bellunopress.it\\\/#\\\/schema\\\/logo\\\/image\\\/\",\"url\":\"https:\\\/\\\/www.bellunopress.it\\\/wp-content\\\/uploads\\\/2011\\\/05\\\/cropped-logo-bellunopress-.jpg\",\"contentUrl\":\"https:\\\/\\\/www.bellunopress.it\\\/wp-content\\\/uploads\\\/2011\\\/05\\\/cropped-logo-bellunopress-.jpg\",\"width\":512,\"height\":512,\"caption\":\"Bellunopress\"},\"image\":{\"@id\":\"https:\\\/\\\/www.bellunopress.it\\\/#\\\/schema\\\/logo\\\/image\\\/\"},\"sameAs\":[\"https:\\\/\\\/www.facebook.com\\\/profile.php?id=100008943462799\",\"https:\\\/\\\/x.com\\\/bellunopress\",\"https:\\\/\\\/www.linkedin.com\\\/hp\\\/?dnr=JBzUWaJfMUw8vbXJJ2tVW5-I3jZKvC4wsoxE&amp;amp;amp;amp;amp;amp;trk=nav_responsive_tab_home\",\"https:\\\/\\\/www.youtube.com\\\/channel\\\/UCxL0wu1uN0_3_7hGG0306cw\"]},{\"@type\":\"Person\",\"@id\":\"https:\\\/\\\/www.bellunopress.it\\\/#\\\/schema\\\/person\\\/79bb06722b37ece1c03d3e94beb30d73\",\"name\":\"redazione\",\"image\":{\"@type\":\"ImageObject\",\"inLanguage\":\"fr-FR\",\"@id\":\"https:\\\/\\\/secure.gravatar.com\\\/avatar\\\/37d968a2e67a6fd04c169c4bdef102d0bc5d31b2546345219e348575eb80e9a0?s=96&d=mm&r=g\",\"url\":\"https:\\\/\\\/secure.gravatar.com\\\/avatar\\\/37d968a2e67a6fd04c169c4bdef102d0bc5d31b2546345219e348575eb80e9a0?s=96&d=mm&r=g\",\"contentUrl\":\"https:\\\/\\\/secure.gravatar.com\\\/avatar\\\/37d968a2e67a6fd04c169c4bdef102d0bc5d31b2546345219e348575eb80e9a0?s=96&d=mm&r=g\",\"caption\":\"redazione\"},\"sameAs\":[\"http:\\\/\\\/www.bellunopress.it\",\"https:\\\/\\\/x.com\\\/bellunopress\"],\"url\":\"https:\\\/\\\/www.bellunopress.it\\\/fr\\\/author\\\/redazione\\\/\"}]}<\/script>\n<!-- \/ Yoast SEO plugin. -->","yoast_head_json":{"title":"Gobbo, Manzato, Da Re: \u201cDa oggi i sindaci leghisti diventano l'interfaccia di cittadini e imprese, informandoli sulle misure anticrisi varate dalla Regione Veneto\" - Bellunopress - Dolomiti","robots":{"index":"index","follow":"follow","max-snippet":"max-snippet:-1","max-image-preview":"max-image-preview:large","max-video-preview":"max-video-preview:-1"},"canonical":"https:\/\/www.bellunopress.it\/fr\/2009\/09\/04\/gobbo-manzato-da-re-\u201cda-oggi-i-sindaci-leghisti-diventano-linterfaccia-di-cittadini-e-imprese-informandoli-sulle-misure-anticrisi-varate-dalla-regione-veneto\/","og_locale":"fr_FR","og_type":"article","og_title":"Gobbo, Manzato, Da Re: \u201cDa oggi i sindaci leghisti diventano l'interfaccia di cittadini e imprese, informandoli sulle misure anticrisi varate dalla Regione Veneto\" - Bellunopress - Dolomiti","og_description":"&#8220;Dobbiamo dare ai sindaci, primi interlocutori del cittadino e della piccola impresa, la possibilit\u00e0 di conoscere tutte le opportunit\u00e0 che la Regione offre per affrontare questo periodo di crisi. Vicina al territorio, da cui trae origine, la Lega Nord Liga Veneta ha deciso di assumersi una grande responsabilit\u00e0, quella di informare capillarmente gli amministratori comunali [&hellip;]","og_url":"https:\/\/www.bellunopress.it\/fr\/2009\/09\/04\/gobbo-manzato-da-re-\u201cda-oggi-i-sindaci-leghisti-diventano-linterfaccia-di-cittadini-e-imprese-informandoli-sulle-misure-anticrisi-varate-dalla-regione-veneto\/","og_site_name":"Bellunopress - Dolomiti","article_publisher":"https:\/\/www.facebook.com\/profile.php?id=100008943462799","article_published_time":"2009-09-04T14:37:36+00:00","og_image":[{"url":"http:\/\/www.bellunopress.it\/wp-content\/uploads\/2009\/09\/gobbo-manzato-da-re.jpg","type":"","width":"","height":""}],"author":"redazione","twitter_card":"summary_large_image","twitter_creator":"@bellunopress","twitter_site":"@bellunopress","twitter_misc":{"\u00c9crit par":"redazione","Dur\u00e9e de lecture estim\u00e9e":"2 minutes"},"schema":{"@context":"https:\/\/schema.org","@graph":[{"@type":"Article","@id":"https:\/\/www.bellunopress.it\/2009\/09\/04\/gobbo-manzato-da-re-%e2%80%9cda-oggi-i-sindaci-leghisti-diventano-linterfaccia-di-cittadini-e-imprese-informandoli-sulle-misure-anticrisi-varate-dalla-regione-veneto\/#article","isPartOf":{"@id":"https:\/\/www.bellunopress.it\/2009\/09\/04\/gobbo-manzato-da-re-%e2%80%9cda-oggi-i-sindaci-leghisti-diventano-linterfaccia-di-cittadini-e-imprese-informandoli-sulle-misure-anticrisi-varate-dalla-regione-veneto\/"},"author":{"name":"redazione","@id":"https:\/\/www.bellunopress.it\/#\/schema\/person\/79bb06722b37ece1c03d3e94beb30d73"},"headline":"Gobbo, Manzato, Da Re: \u201cDa oggi i sindaci leghisti diventano l&#8217;interfaccia di cittadini e imprese, informandoli sulle misure anticrisi varate dalla Regione Veneto&#8221;","datePublished":"2009-09-04T14:37:36+00:00","mainEntityOfPage":{"@id":"https:\/\/www.bellunopress.it\/2009\/09\/04\/gobbo-manzato-da-re-%e2%80%9cda-oggi-i-sindaci-leghisti-diventano-linterfaccia-di-cittadini-e-imprese-informandoli-sulle-misure-anticrisi-varate-dalla-regione-veneto\/"},"wordCount":412,"publisher":{"@id":"https:\/\/www.bellunopress.it\/#organization"},"image":{"@id":"https:\/\/www.bellunopress.it\/2009\/09\/04\/gobbo-manzato-da-re-%e2%80%9cda-oggi-i-sindaci-leghisti-diventano-linterfaccia-di-cittadini-e-imprese-informandoli-sulle-misure-anticrisi-varate-dalla-regione-veneto\/#primaryimage"},"thumbnailUrl":"http:\/\/www.bellunopress.it\/wp-content\/uploads\/2009\/09\/gobbo-manzato-da-re.jpg","keywords":["Belluno"],"articleSection":["Cronaca\/Politica"],"inLanguage":"fr-FR"},{"@type":"WebPage","@id":"https:\/\/www.bellunopress.it\/2009\/09\/04\/gobbo-manzato-da-re-%e2%80%9cda-oggi-i-sindaci-leghisti-diventano-linterfaccia-di-cittadini-e-imprese-informandoli-sulle-misure-anticrisi-varate-dalla-regione-veneto\/","url":"https:\/\/www.bellunopress.it\/2009\/09\/04\/gobbo-manzato-da-re-%e2%80%9cda-oggi-i-sindaci-leghisti-diventano-linterfaccia-di-cittadini-e-imprese-informandoli-sulle-misure-anticrisi-varate-dalla-regione-veneto\/","name":"Gobbo, Manzato, Da Re: \u201cDa oggi i sindaci leghisti diventano l'interfaccia di cittadini e imprese, informandoli sulle misure anticrisi varate dalla Regione Veneto\" - Bellunopress - Dolomiti","isPartOf":{"@id":"https:\/\/www.bellunopress.it\/#website"},"primaryImageOfPage":{"@id":"https:\/\/www.bellunopress.it\/2009\/09\/04\/gobbo-manzato-da-re-%e2%80%9cda-oggi-i-sindaci-leghisti-diventano-linterfaccia-di-cittadini-e-imprese-informandoli-sulle-misure-anticrisi-varate-dalla-regione-veneto\/#primaryimage"},"image":{"@id":"https:\/\/www.bellunopress.it\/2009\/09\/04\/gobbo-manzato-da-re-%e2%80%9cda-oggi-i-sindaci-leghisti-diventano-linterfaccia-di-cittadini-e-imprese-informandoli-sulle-misure-anticrisi-varate-dalla-regione-veneto\/#primaryimage"},"thumbnailUrl":"http:\/\/www.bellunopress.it\/wp-content\/uploads\/2009\/09\/gobbo-manzato-da-re.jpg","datePublished":"2009-09-04T14:37:36+00:00","breadcrumb":{"@id":"https:\/\/www.bellunopress.it\/2009\/09\/04\/gobbo-manzato-da-re-%e2%80%9cda-oggi-i-sindaci-leghisti-diventano-linterfaccia-di-cittadini-e-imprese-informandoli-sulle-misure-anticrisi-varate-dalla-regione-veneto\/#breadcrumb"},"inLanguage":"fr-FR","potentialAction":[{"@type":"ReadAction","target":["https:\/\/www.bellunopress.it\/2009\/09\/04\/gobbo-manzato-da-re-%e2%80%9cda-oggi-i-sindaci-leghisti-diventano-linterfaccia-di-cittadini-e-imprese-informandoli-sulle-misure-anticrisi-varate-dalla-regione-veneto\/"]}]},{"@type":"ImageObject","inLanguage":"fr-FR","@id":"https:\/\/www.bellunopress.it\/2009\/09\/04\/gobbo-manzato-da-re-%e2%80%9cda-oggi-i-sindaci-leghisti-diventano-linterfaccia-di-cittadini-e-imprese-informandoli-sulle-misure-anticrisi-varate-dalla-regione-veneto\/#primaryimage","url":"http:\/\/www.bellunopress.it\/wp-content\/uploads\/2009\/09\/gobbo-manzato-da-re.jpg","contentUrl":"http:\/\/www.bellunopress.it\/wp-content\/uploads\/2009\/09\/gobbo-manzato-da-re.jpg"},{"@type":"BreadcrumbList","@id":"https:\/\/www.bellunopress.it\/2009\/09\/04\/gobbo-manzato-da-re-%e2%80%9cda-oggi-i-sindaci-leghisti-diventano-linterfaccia-di-cittadini-e-imprese-informandoli-sulle-misure-anticrisi-varate-dalla-regione-veneto\/#breadcrumb","itemListElement":[{"@type":"ListItem","position":1,"name":"Home","item":"https:\/\/www.bellunopress.it\/"},{"@type":"ListItem","position":2,"name":"Gobbo, Manzato, Da Re: \u201cDa oggi i sindaci leghisti diventano l&#8217;interfaccia di cittadini e imprese, informandoli sulle misure anticrisi varate dalla Regione Veneto&#8221;"}]},{"@type":"WebSite","@id":"https:\/\/www.bellunopress.it\/#website","url":"https:\/\/www.bellunopress.it\/","name":"Bellunopress - Dolomiti","description":"e-mail: redazione@bellunopress.it","publisher":{"@id":"https:\/\/www.bellunopress.it\/#organization"},"potentialAction":[{"@type":"SearchAction","target":{"@type":"EntryPoint","urlTemplate":"https:\/\/www.bellunopress.it\/?s={search_term_string}"},"query-input":{"@type":"PropertyValueSpecification","valueRequired":true,"valueName":"search_term_string"}}],"inLanguage":"fr-FR"},{"@type":"Organization","@id":"https:\/\/www.bellunopress.it\/#organization","name":"Bellunopress","url":"https:\/\/www.bellunopress.it\/","logo":{"@type":"ImageObject","inLanguage":"fr-FR","@id":"https:\/\/www.bellunopress.it\/#\/schema\/logo\/image\/","url":"https:\/\/www.bellunopress.it\/wp-content\/uploads\/2011\/05\/cropped-logo-bellunopress-.jpg","contentUrl":"https:\/\/www.bellunopress.it\/wp-content\/uploads\/2011\/05\/cropped-logo-bellunopress-.jpg","width":512,"height":512,"caption":"Bellunopress"},"image":{"@id":"https:\/\/www.bellunopress.it\/#\/schema\/logo\/image\/"},"sameAs":["https:\/\/www.facebook.com\/profile.php?id=100008943462799","https:\/\/x.com\/bellunopress","https:\/\/www.linkedin.com\/hp\/?dnr=JBzUWaJfMUw8vbXJJ2tVW5-I3jZKvC4wsoxE&amp;amp;amp;amp;amp;amp;trk=nav_responsive_tab_home","https:\/\/www.youtube.com\/channel\/UCxL0wu1uN0_3_7hGG0306cw"]},{"@type":"Person","@id":"https:\/\/www.bellunopress.it\/#\/schema\/person\/79bb06722b37ece1c03d3e94beb30d73","name":"r\u00e9daction","image":{"@type":"ImageObject","inLanguage":"fr-FR","@id":"https:\/\/secure.gravatar.com\/avatar\/37d968a2e67a6fd04c169c4bdef102d0bc5d31b2546345219e348575eb80e9a0?s=96&d=mm&r=g","url":"https:\/\/secure.gravatar.com\/avatar\/37d968a2e67a6fd04c169c4bdef102d0bc5d31b2546345219e348575eb80e9a0?s=96&d=mm&r=g","contentUrl":"https:\/\/secure.gravatar.com\/avatar\/37d968a2e67a6fd04c169c4bdef102d0bc5d31b2546345219e348575eb80e9a0?s=96&d=mm&r=g","caption":"redazione"},"sameAs":["http:\/\/www.bellunopress.it","https:\/\/x.com\/bellunopress"],"url":"https:\/\/www.bellunopress.it\/fr\/author\/redazione\/"}]}},"_links":{"self":[{"href":"https:\/\/www.bellunopress.it\/fr\/wp-json\/wp\/v2\/posts\/7747","targetHints":{"allow":["GET"]}}],"collection":[{"href":"https:\/\/www.bellunopress.it\/fr\/wp-json\/wp\/v2\/posts"}],"about":[{"href":"https:\/\/www.bellunopress.it\/fr\/wp-json\/wp\/v2\/types\/post"}],"author":[{"embeddable":true,"href":"https:\/\/www.bellunopress.it\/fr\/wp-json\/wp\/v2\/users\/2"}],"replies":[{"embeddable":true,"href":"https:\/\/www.bellunopress.it\/fr\/wp-json\/wp\/v2\/comments?post=7747"}],"version-history":[{"count":2,"href":"https:\/\/www.bellunopress.it\/fr\/wp-json\/wp\/v2\/posts\/7747\/revisions"}],"predecessor-version":[{"id":7751,"href":"https:\/\/www.bellunopress.it\/fr\/wp-json\/wp\/v2\/posts\/7747\/revisions\/7751"}],"wp:attachment":[{"href":"https:\/\/www.bellunopress.it\/fr\/wp-json\/wp\/v2\/media?parent=7747"}],"wp:term":[{"taxonomy":"category","embeddable":true,"href":"https:\/\/www.bellunopress.it\/fr\/wp-json\/wp\/v2\/categories?post=7747"},{"taxonomy":"post_tag","embeddable":true,"href":"https:\/\/www.bellunopress.it\/fr\/wp-json\/wp\/v2\/tags?post=7747"}],"curies":[{"name":"wp","href":"https:\/\/api.w.org\/{rel}","templated":true}]}}