{"id":7742,"date":"2009-09-04T14:59:34","date_gmt":"2009-09-04T13:59:34","guid":{"rendered":"http:\/\/www.bellunopress.it\/?p=7742"},"modified":"2009-09-05T12:21:39","modified_gmt":"2009-09-05T11:21:39","slug":"sabato-5-settembre-a-belluno-portici-inattuali-installazioni-urbane-e-la-citta-danza","status":"publish","type":"post","link":"https:\/\/www.bellunopress.it\/fr\/2009\/09\/04\/sabato-5-settembre-a-belluno-portici-inattuali-installazioni-urbane-e-la-citta-danza\/","title":{"rendered":"Un sabato appeso a un Filo: Portici Inattuali Installazioni Urbane e La citt\u00e0 danza"},"content":{"rendered":"<p><a href=\"http:\/\/www.bellunopress.it\/wp-content\/uploads\/2009\/09\/laura-zago.jpg\"><img loading=\"lazy\" decoding=\"async\" class=\"alignleft size-medium wp-image-7743\" title=\"laura-zago\" src=\"http:\/\/www.bellunopress.it\/wp-content\/uploads\/2009\/09\/laura-zago.jpg\" alt=\"\" width=\"270\" height=\"203\" \/><\/a>Serata all\u2019insegna dell\u2019emozione quella che gioved\u00ec ha inaugurato la quindicesima edizione del Filo d\u2019Arianna Festival. Il caldo abbraccio del numeroso pubblico, che ha esaurito i posti disponibili all\u2019Auditorium Comunale, ha salutato l\u2019avvio della manifestazione che proseguir\u00e0 nel pomeriggio di domani, sabato 5, prima con l\u2019inaugurazione della Sezione Arti Visive e poi il percorso di danza urbana La citt\u00e0 danza.<br \/>\nEcco il programma dettagliato delle giornata di sabato 5 settembre.<br \/>\nAlle ore 16:00 presso i Giardini di Sottocastello inaugurazione, per la Sezione Arti Visive, di Portici Inattuali Installazioni Urbane, a cura di Gaetano Ricci e Giorgio Vazza con il contributo critico di Luca Bochicchio. A seguire il percorso tra le opere con gli artisti ospitati dal Filo 2009: Donato Maria Bortolot con Noi lasciamo le impronte o le impronte lasciano noi?, Shuei Matsuyama con Shin-On e Franz Stahler con Collier. Donato Maria Bortolot ha pensato per il Festival un\u2019installazione invisibile e totale; tutto inizia con un messaggio elettronico lanciato al viaggiatore distratto, un girone dantesco contemporaneo il cui varco \u00e8 rappresentato dalla scala mobile che, dal ventre del centro storico, catapulta nel cuore del citt\u00e0. L\u2019opera di Franz St\u00e4hler, posizionata proprio all\u2019uscita delle scale mobili, \u00e8 un collier forgiato nel metallo. Una scultura monumentale in continua evoluzione rispetto all\u2019ambiente e, soprattutto, all\u2019identit\u00e0 e alla memoria di una comunit\u00e0. Shuhei Matsuyama con Shin-On, posizionato sotto il portico della Prefettura, riesce invece a infondere alle sue installazioni ambientali la leggerezza e la pregnanza di un visibile materiale decantato dalle impurit\u00e0; un lavoro che procede per sintesi e completamento dello spazio, attraverso il progressivo avvicinarsi di colore e materia all\u2019equilibrio del respiro: alternato scambio tra interno ed esterno che vibra sino a farsi suono. Subito dopo, alle ore 17.00, prender\u00e0 il via La citt\u00e0 danza un progetto di danza urbana per la citt\u00e0 di Belluno che, in un percorso da piazza Duomo a piazza Martiri, ridisegner\u00e0 i luoghi del Centro Storico attraverso l\u2019itinerario Dance Raids al quale si unir\u00e0 anche la bellunese Laura Zago, con Calicante. In Dance Raids si susseguiranno i cinque giovani coreografi finalisti del Premio per la Giovane Danza D\u2019Autore della Regione del Veneto 2009. Silvia Gribaudi con A corpo libero un progetto che nasce e si sviluppa con il percorso Gd\u2019A Veneto 2009 all\u2019interno del quale in un tempo e in uno spazio urbano una giovane donna scopre l\u2019inadeguatezza che in ogni istante tenta di superare per ricercare quella libert\u00e0 a cui aspira. Alberto Cacopardi con Ci vuole il fiore-Urban. In un costante dialogo con l\u2019architettura e l\u2019ambiente circostante si sviluppa una danza che porta alla scoperta del corpo, delle ossa, dei muscoli e della pelle. Il lavoro nasce da una esplorazione della sfera istintuale, si sviluppa da riflessioni sull\u2019essere bambini e sulla crescita in cui si esprime un&#8217;elevata capacit\u00e0 di articolare ragionamenti complessi, che talvolta rischiano di ingabbiare l\u2019uomo contemporaneo. Marianna Batelli e Alessandro Rossi in Plastik Life. In scena due partner, figure plastificate immutabili, in bilico tra schemi di quotidianit\u00e0 e improvvisazioni oniriche. La crisi di entrambi si sviluppa parallelamente e confonde reale e surreale. Tra ironia e clich\u00e8 i protagonisti sono costretti alla ricerca affannosa di una verit\u00e0, che non esiste se non nel tentativo della reciproca comprensione. Giuliana Urciuoli in Stasi. Una danza che evoca il riverbero prodotto da un pensiero ricorrente, da un&#8217;indecisione, da un tenersi al confine tra il dire s\u00ec e il dire no. \u00c8 la traccia di una frenesia che esplode dentro e di un&#8217;immobilit\u00e0 che vuole farsi sentire. Francesca Foscarini con Urban Kalsh, una performance nata dalla riflessione intorno all\u2019idea di abbandono e come questa condizione si traduce al corpo e al suo movimento. Abbandono come rinuncia, cedimento, non resistenza, riduzione della presa sul mondo e il conseguente sprofondare al suolo. Il Dance Raids terminer\u00e0 in piazza Martiri dove il percorso di danza urbana proseguir\u00e0 con Calicante, una coreografia della bellunese Laura Zago (nella foto) selezionata dal Festival OrienteOccidente per il Concorso Coreografico Citt\u00e0 di Rovereto Danz\u2019\u00e8 che a Belluno sar\u00e0 interpretata da quindici danzatori (Laura Barluzzi, Valentina Bee, Alessia Bez, Silvia Cattaruzza, Tania Cuscire, Assen Dal Farra, Monica Dal Pont, Costanza De Bona, Nikita De Martin, Lisa Entilli, Elisa Fontana, Nathalie Fontanella, Giulia Rocco, Nadia Selva, Giorgio Tollot), musica Ceccarelli, Zelwer e Bremnes, elaborazioni musicali Marco Valentino. Calicante \u00e8 il fiore simbolo dell&#8217;amore spirituale e della nascita. La coreografa Laura Zago si ispira al miracolo della vita che stravolgere le emozioni, richiamando prepotentemente all&#8217;essenza di ci\u00f2 che si \u00e8 e al senso dell&#8217;agire&#8230; Un piccolo battito che risuona fin dentro l&#8217;anima e che, come la fioritura inattesa e portentosa del Calicanto, insegna il tempo dell&#8217;attesa, dell&#8217;incontro e della creazione&#8230;<br \/>\n\u00c8 l&#8217;ascolto di un essere intimo, in tutte le sue forme, con i suoi tempi, i suoi ritmi, le sue necessit\u00e0. \u00c8 la ricerca di se stessi nell&#8217;atto del donarsi e la possibilit\u00e0 di trovare l&#8217;essenza della propria azione in un concerto di movimento circolare senza fine, oltre i propri confini. Dall\u201911 al 13 settembre al Teatro Comunale di Belluno, \u00e8 in programma Polvere ovvero la storia del teatro, un progetto di Daniela Nicosia. Il Filo d&#8217;Arianna Festival \u00e8 organizzato da Tib Teatro per la direzione artistica di Daniela Nicosia, con Fondazione Teatri delle Dolomiti, Comune di Belluno, Provincia di Belluno, Regione del Veneto e Ministero per i Beni e le Attivit\u00e0 Culturali. INFO 0437-950555 <a href=\"mailto:info@filodariannafestival.com\">info@filodariannafestival.com<\/a><\/p>","protected":false},"excerpt":{"rendered":"<p>Serata all\u2019insegna dell\u2019emozione quella che gioved\u00ec ha inaugurato la quindicesima edizione del Filo d\u2019Arianna Festival. Il caldo abbraccio del numeroso pubblico, che ha esaurito i posti disponibili all\u2019Auditorium Comunale, ha salutato l\u2019avvio della manifestazione che proseguir\u00e0 nel pomeriggio di domani, sabato 5, prima con l\u2019inaugurazione della Sezione Arti Visive e poi il percorso di danza [&hellip;]<\/p>\n","protected":false},"author":2,"featured_media":0,"comment_status":"closed","ping_status":"open","sticky":false,"template":"","format":"standard","meta":{"footnotes":""},"categories":[3,25],"tags":[139,63],"class_list":["post-7742","post","type-post","status-publish","format-standard","category-arte-cultura-spettacoli-scienza-archivi","category-pausa-caffe","tag-belluno","tag-dolomiti"],"yoast_head":"<!-- This site is optimized with the Yoast SEO plugin v28.4 - https:\/\/yoast.com\/product\/yoast-seo-wordpress\/ -->\n<title>Un sabato appeso a un Filo: Portici Inattuali Installazioni Urbane e La citt\u00e0 danza - Bellunopress - Dolomiti<\/title>\n<meta name=\"robots\" content=\"index, follow, max-snippet:-1, max-image-preview:large, max-video-preview:-1\" \/>\n<link rel=\"canonical\" href=\"https:\/\/www.bellunopress.it\/fr\/2009\/09\/04\/sabato-5-settembre-a-belluno-portici-inattuali-installazioni-urbane-e-la-citta-danza\/\" \/>\n<meta property=\"og:locale\" content=\"fr_FR\" \/>\n<meta property=\"og:type\" content=\"article\" \/>\n<meta property=\"og:title\" content=\"Un sabato appeso a un Filo: Portici Inattuali Installazioni Urbane e La citt\u00e0 danza - Bellunopress - Dolomiti\" \/>\n<meta property=\"og:description\" content=\"Serata all\u2019insegna dell\u2019emozione quella che gioved\u00ec ha inaugurato la quindicesima edizione del Filo d\u2019Arianna Festival. Il caldo abbraccio del numeroso pubblico, che ha esaurito i posti disponibili all\u2019Auditorium Comunale, ha salutato l\u2019avvio della manifestazione che proseguir\u00e0 nel pomeriggio di domani, sabato 5, prima con l\u2019inaugurazione della Sezione Arti Visive e poi il percorso di danza [&hellip;]\" \/>\n<meta property=\"og:url\" content=\"https:\/\/www.bellunopress.it\/fr\/2009\/09\/04\/sabato-5-settembre-a-belluno-portici-inattuali-installazioni-urbane-e-la-citta-danza\/\" \/>\n<meta property=\"og:site_name\" content=\"Bellunopress - Dolomiti\" \/>\n<meta property=\"article:publisher\" content=\"https:\/\/www.facebook.com\/profile.php?id=100008943462799\" \/>\n<meta property=\"article:published_time\" content=\"2009-09-04T13:59:34+00:00\" \/>\n<meta property=\"article:modified_time\" content=\"2009-09-05T11:21:39+00:00\" \/>\n<meta property=\"og:image\" content=\"http:\/\/www.bellunopress.it\/wp-content\/uploads\/2009\/09\/laura-zago.jpg\" \/>\n<meta name=\"author\" content=\"redazione\" \/>\n<meta name=\"twitter:card\" content=\"summary_large_image\" \/>\n<meta name=\"twitter:creator\" content=\"@bellunopress\" \/>\n<meta name=\"twitter:site\" content=\"@bellunopress\" \/>\n<meta name=\"twitter:label1\" content=\"\u00c9crit par\" \/>\n\t<meta name=\"twitter:data1\" content=\"redazione\" \/>\n\t<meta name=\"twitter:label2\" content=\"Dur\u00e9e de lecture estim\u00e9e\" \/>\n\t<meta name=\"twitter:data2\" content=\"4 minutes\" \/>\n<script type=\"application\/ld+json\" class=\"yoast-schema-graph\">{\"@context\":\"https:\\\/\\\/schema.org\",\"@graph\":[{\"@type\":\"Article\",\"@id\":\"https:\\\/\\\/www.bellunopress.it\\\/2009\\\/09\\\/04\\\/sabato-5-settembre-a-belluno-portici-inattuali-installazioni-urbane-e-la-citta-danza\\\/#article\",\"isPartOf\":{\"@id\":\"https:\\\/\\\/www.bellunopress.it\\\/2009\\\/09\\\/04\\\/sabato-5-settembre-a-belluno-portici-inattuali-installazioni-urbane-e-la-citta-danza\\\/\"},\"author\":{\"name\":\"redazione\",\"@id\":\"https:\\\/\\\/www.bellunopress.it\\\/#\\\/schema\\\/person\\\/79bb06722b37ece1c03d3e94beb30d73\"},\"headline\":\"Un sabato appeso a un Filo: Portici Inattuali Installazioni Urbane e La citt\u00e0 danza\",\"datePublished\":\"2009-09-04T13:59:34+00:00\",\"dateModified\":\"2009-09-05T11:21:39+00:00\",\"mainEntityOfPage\":{\"@id\":\"https:\\\/\\\/www.bellunopress.it\\\/2009\\\/09\\\/04\\\/sabato-5-settembre-a-belluno-portici-inattuali-installazioni-urbane-e-la-citta-danza\\\/\"},\"wordCount\":920,\"publisher\":{\"@id\":\"https:\\\/\\\/www.bellunopress.it\\\/#organization\"},\"image\":{\"@id\":\"https:\\\/\\\/www.bellunopress.it\\\/2009\\\/09\\\/04\\\/sabato-5-settembre-a-belluno-portici-inattuali-installazioni-urbane-e-la-citta-danza\\\/#primaryimage\"},\"thumbnailUrl\":\"http:\\\/\\\/www.bellunopress.it\\\/wp-content\\\/uploads\\\/2009\\\/09\\\/laura-zago.jpg\",\"keywords\":[\"Belluno\",\"Dolomiti\"],\"articleSection\":[\"Arte, Cultura, Spettacoli, Scienza\",\"Pausa Caff\u00e8\"],\"inLanguage\":\"fr-FR\"},{\"@type\":\"WebPage\",\"@id\":\"https:\\\/\\\/www.bellunopress.it\\\/2009\\\/09\\\/04\\\/sabato-5-settembre-a-belluno-portici-inattuali-installazioni-urbane-e-la-citta-danza\\\/\",\"url\":\"https:\\\/\\\/www.bellunopress.it\\\/2009\\\/09\\\/04\\\/sabato-5-settembre-a-belluno-portici-inattuali-installazioni-urbane-e-la-citta-danza\\\/\",\"name\":\"Un sabato appeso a un Filo: Portici Inattuali Installazioni Urbane e La citt\u00e0 danza - Bellunopress - Dolomiti\",\"isPartOf\":{\"@id\":\"https:\\\/\\\/www.bellunopress.it\\\/#website\"},\"primaryImageOfPage\":{\"@id\":\"https:\\\/\\\/www.bellunopress.it\\\/2009\\\/09\\\/04\\\/sabato-5-settembre-a-belluno-portici-inattuali-installazioni-urbane-e-la-citta-danza\\\/#primaryimage\"},\"image\":{\"@id\":\"https:\\\/\\\/www.bellunopress.it\\\/2009\\\/09\\\/04\\\/sabato-5-settembre-a-belluno-portici-inattuali-installazioni-urbane-e-la-citta-danza\\\/#primaryimage\"},\"thumbnailUrl\":\"http:\\\/\\\/www.bellunopress.it\\\/wp-content\\\/uploads\\\/2009\\\/09\\\/laura-zago.jpg\",\"datePublished\":\"2009-09-04T13:59:34+00:00\",\"dateModified\":\"2009-09-05T11:21:39+00:00\",\"breadcrumb\":{\"@id\":\"https:\\\/\\\/www.bellunopress.it\\\/2009\\\/09\\\/04\\\/sabato-5-settembre-a-belluno-portici-inattuali-installazioni-urbane-e-la-citta-danza\\\/#breadcrumb\"},\"inLanguage\":\"fr-FR\",\"potentialAction\":[{\"@type\":\"ReadAction\",\"target\":[\"https:\\\/\\\/www.bellunopress.it\\\/2009\\\/09\\\/04\\\/sabato-5-settembre-a-belluno-portici-inattuali-installazioni-urbane-e-la-citta-danza\\\/\"]}]},{\"@type\":\"ImageObject\",\"inLanguage\":\"fr-FR\",\"@id\":\"https:\\\/\\\/www.bellunopress.it\\\/2009\\\/09\\\/04\\\/sabato-5-settembre-a-belluno-portici-inattuali-installazioni-urbane-e-la-citta-danza\\\/#primaryimage\",\"url\":\"http:\\\/\\\/www.bellunopress.it\\\/wp-content\\\/uploads\\\/2009\\\/09\\\/laura-zago.jpg\",\"contentUrl\":\"http:\\\/\\\/www.bellunopress.it\\\/wp-content\\\/uploads\\\/2009\\\/09\\\/laura-zago.jpg\"},{\"@type\":\"BreadcrumbList\",\"@id\":\"https:\\\/\\\/www.bellunopress.it\\\/2009\\\/09\\\/04\\\/sabato-5-settembre-a-belluno-portici-inattuali-installazioni-urbane-e-la-citta-danza\\\/#breadcrumb\",\"itemListElement\":[{\"@type\":\"ListItem\",\"position\":1,\"name\":\"Home\",\"item\":\"https:\\\/\\\/www.bellunopress.it\\\/\"},{\"@type\":\"ListItem\",\"position\":2,\"name\":\"Un sabato appeso a un Filo: Portici Inattuali Installazioni Urbane e La citt\u00e0 danza\"}]},{\"@type\":\"WebSite\",\"@id\":\"https:\\\/\\\/www.bellunopress.it\\\/#website\",\"url\":\"https:\\\/\\\/www.bellunopress.it\\\/\",\"name\":\"Bellunopress - Dolomiti\",\"description\":\"e-mail: redazione@bellunopress.it\",\"publisher\":{\"@id\":\"https:\\\/\\\/www.bellunopress.it\\\/#organization\"},\"potentialAction\":[{\"@type\":\"SearchAction\",\"target\":{\"@type\":\"EntryPoint\",\"urlTemplate\":\"https:\\\/\\\/www.bellunopress.it\\\/?s={search_term_string}\"},\"query-input\":{\"@type\":\"PropertyValueSpecification\",\"valueRequired\":true,\"valueName\":\"search_term_string\"}}],\"inLanguage\":\"fr-FR\"},{\"@type\":\"Organization\",\"@id\":\"https:\\\/\\\/www.bellunopress.it\\\/#organization\",\"name\":\"Bellunopress\",\"url\":\"https:\\\/\\\/www.bellunopress.it\\\/\",\"logo\":{\"@type\":\"ImageObject\",\"inLanguage\":\"fr-FR\",\"@id\":\"https:\\\/\\\/www.bellunopress.it\\\/#\\\/schema\\\/logo\\\/image\\\/\",\"url\":\"https:\\\/\\\/www.bellunopress.it\\\/wp-content\\\/uploads\\\/2011\\\/05\\\/cropped-logo-bellunopress-.jpg\",\"contentUrl\":\"https:\\\/\\\/www.bellunopress.it\\\/wp-content\\\/uploads\\\/2011\\\/05\\\/cropped-logo-bellunopress-.jpg\",\"width\":512,\"height\":512,\"caption\":\"Bellunopress\"},\"image\":{\"@id\":\"https:\\\/\\\/www.bellunopress.it\\\/#\\\/schema\\\/logo\\\/image\\\/\"},\"sameAs\":[\"https:\\\/\\\/www.facebook.com\\\/profile.php?id=100008943462799\",\"https:\\\/\\\/x.com\\\/bellunopress\",\"https:\\\/\\\/www.linkedin.com\\\/hp\\\/?dnr=JBzUWaJfMUw8vbXJJ2tVW5-I3jZKvC4wsoxE&amp;amp;amp;amp;amp;amp;trk=nav_responsive_tab_home\",\"https:\\\/\\\/www.youtube.com\\\/channel\\\/UCxL0wu1uN0_3_7hGG0306cw\"]},{\"@type\":\"Person\",\"@id\":\"https:\\\/\\\/www.bellunopress.it\\\/#\\\/schema\\\/person\\\/79bb06722b37ece1c03d3e94beb30d73\",\"name\":\"redazione\",\"image\":{\"@type\":\"ImageObject\",\"inLanguage\":\"fr-FR\",\"@id\":\"https:\\\/\\\/secure.gravatar.com\\\/avatar\\\/37d968a2e67a6fd04c169c4bdef102d0bc5d31b2546345219e348575eb80e9a0?s=96&d=mm&r=g\",\"url\":\"https:\\\/\\\/secure.gravatar.com\\\/avatar\\\/37d968a2e67a6fd04c169c4bdef102d0bc5d31b2546345219e348575eb80e9a0?s=96&d=mm&r=g\",\"contentUrl\":\"https:\\\/\\\/secure.gravatar.com\\\/avatar\\\/37d968a2e67a6fd04c169c4bdef102d0bc5d31b2546345219e348575eb80e9a0?s=96&d=mm&r=g\",\"caption\":\"redazione\"},\"sameAs\":[\"http:\\\/\\\/www.bellunopress.it\",\"https:\\\/\\\/x.com\\\/bellunopress\"],\"url\":\"https:\\\/\\\/www.bellunopress.it\\\/fr\\\/author\\\/redazione\\\/\"}]}<\/script>\n<!-- \/ Yoast SEO plugin. -->","yoast_head_json":{"title":"Un sabato appeso a un Filo: Portici Inattuali Installazioni Urbane e La citt\u00e0 danza - Bellunopress - Dolomiti","robots":{"index":"index","follow":"follow","max-snippet":"max-snippet:-1","max-image-preview":"max-image-preview:large","max-video-preview":"max-video-preview:-1"},"canonical":"https:\/\/www.bellunopress.it\/fr\/2009\/09\/04\/sabato-5-settembre-a-belluno-portici-inattuali-installazioni-urbane-e-la-citta-danza\/","og_locale":"fr_FR","og_type":"article","og_title":"Un sabato appeso a un Filo: Portici Inattuali Installazioni Urbane e La citt\u00e0 danza - Bellunopress - Dolomiti","og_description":"Serata all\u2019insegna dell\u2019emozione quella che gioved\u00ec ha inaugurato la quindicesima edizione del Filo d\u2019Arianna Festival. Il caldo abbraccio del numeroso pubblico, che ha esaurito i posti disponibili all\u2019Auditorium Comunale, ha salutato l\u2019avvio della manifestazione che proseguir\u00e0 nel pomeriggio di domani, sabato 5, prima con l\u2019inaugurazione della Sezione Arti Visive e poi il percorso di danza [&hellip;]","og_url":"https:\/\/www.bellunopress.it\/fr\/2009\/09\/04\/sabato-5-settembre-a-belluno-portici-inattuali-installazioni-urbane-e-la-citta-danza\/","og_site_name":"Bellunopress - Dolomiti","article_publisher":"https:\/\/www.facebook.com\/profile.php?id=100008943462799","article_published_time":"2009-09-04T13:59:34+00:00","article_modified_time":"2009-09-05T11:21:39+00:00","og_image":[{"url":"http:\/\/www.bellunopress.it\/wp-content\/uploads\/2009\/09\/laura-zago.jpg","type":"","width":"","height":""}],"author":"redazione","twitter_card":"summary_large_image","twitter_creator":"@bellunopress","twitter_site":"@bellunopress","twitter_misc":{"\u00c9crit par":"redazione","Dur\u00e9e de lecture estim\u00e9e":"4 minutes"},"schema":{"@context":"https:\/\/schema.org","@graph":[{"@type":"Article","@id":"https:\/\/www.bellunopress.it\/2009\/09\/04\/sabato-5-settembre-a-belluno-portici-inattuali-installazioni-urbane-e-la-citta-danza\/#article","isPartOf":{"@id":"https:\/\/www.bellunopress.it\/2009\/09\/04\/sabato-5-settembre-a-belluno-portici-inattuali-installazioni-urbane-e-la-citta-danza\/"},"author":{"name":"redazione","@id":"https:\/\/www.bellunopress.it\/#\/schema\/person\/79bb06722b37ece1c03d3e94beb30d73"},"headline":"Un sabato appeso a un Filo: Portici Inattuali Installazioni Urbane e La citt\u00e0 danza","datePublished":"2009-09-04T13:59:34+00:00","dateModified":"2009-09-05T11:21:39+00:00","mainEntityOfPage":{"@id":"https:\/\/www.bellunopress.it\/2009\/09\/04\/sabato-5-settembre-a-belluno-portici-inattuali-installazioni-urbane-e-la-citta-danza\/"},"wordCount":920,"publisher":{"@id":"https:\/\/www.bellunopress.it\/#organization"},"image":{"@id":"https:\/\/www.bellunopress.it\/2009\/09\/04\/sabato-5-settembre-a-belluno-portici-inattuali-installazioni-urbane-e-la-citta-danza\/#primaryimage"},"thumbnailUrl":"http:\/\/www.bellunopress.it\/wp-content\/uploads\/2009\/09\/laura-zago.jpg","keywords":["Belluno","Dolomiti"],"articleSection":["Arte, Cultura, Spettacoli, Scienza","Pausa Caff\u00e8"],"inLanguage":"fr-FR"},{"@type":"WebPage","@id":"https:\/\/www.bellunopress.it\/2009\/09\/04\/sabato-5-settembre-a-belluno-portici-inattuali-installazioni-urbane-e-la-citta-danza\/","url":"https:\/\/www.bellunopress.it\/2009\/09\/04\/sabato-5-settembre-a-belluno-portici-inattuali-installazioni-urbane-e-la-citta-danza\/","name":"Un sabato appeso a un Filo: Portici Inattuali Installazioni Urbane e La citt\u00e0 danza - Bellunopress - Dolomiti","isPartOf":{"@id":"https:\/\/www.bellunopress.it\/#website"},"primaryImageOfPage":{"@id":"https:\/\/www.bellunopress.it\/2009\/09\/04\/sabato-5-settembre-a-belluno-portici-inattuali-installazioni-urbane-e-la-citta-danza\/#primaryimage"},"image":{"@id":"https:\/\/www.bellunopress.it\/2009\/09\/04\/sabato-5-settembre-a-belluno-portici-inattuali-installazioni-urbane-e-la-citta-danza\/#primaryimage"},"thumbnailUrl":"http:\/\/www.bellunopress.it\/wp-content\/uploads\/2009\/09\/laura-zago.jpg","datePublished":"2009-09-04T13:59:34+00:00","dateModified":"2009-09-05T11:21:39+00:00","breadcrumb":{"@id":"https:\/\/www.bellunopress.it\/2009\/09\/04\/sabato-5-settembre-a-belluno-portici-inattuali-installazioni-urbane-e-la-citta-danza\/#breadcrumb"},"inLanguage":"fr-FR","potentialAction":[{"@type":"ReadAction","target":["https:\/\/www.bellunopress.it\/2009\/09\/04\/sabato-5-settembre-a-belluno-portici-inattuali-installazioni-urbane-e-la-citta-danza\/"]}]},{"@type":"ImageObject","inLanguage":"fr-FR","@id":"https:\/\/www.bellunopress.it\/2009\/09\/04\/sabato-5-settembre-a-belluno-portici-inattuali-installazioni-urbane-e-la-citta-danza\/#primaryimage","url":"http:\/\/www.bellunopress.it\/wp-content\/uploads\/2009\/09\/laura-zago.jpg","contentUrl":"http:\/\/www.bellunopress.it\/wp-content\/uploads\/2009\/09\/laura-zago.jpg"},{"@type":"BreadcrumbList","@id":"https:\/\/www.bellunopress.it\/2009\/09\/04\/sabato-5-settembre-a-belluno-portici-inattuali-installazioni-urbane-e-la-citta-danza\/#breadcrumb","itemListElement":[{"@type":"ListItem","position":1,"name":"Home","item":"https:\/\/www.bellunopress.it\/"},{"@type":"ListItem","position":2,"name":"Un sabato appeso a un Filo: Portici Inattuali Installazioni Urbane e La citt\u00e0 danza"}]},{"@type":"WebSite","@id":"https:\/\/www.bellunopress.it\/#website","url":"https:\/\/www.bellunopress.it\/","name":"Bellunopress - Dolomiti","description":"e-mail: redazione@bellunopress.it","publisher":{"@id":"https:\/\/www.bellunopress.it\/#organization"},"potentialAction":[{"@type":"SearchAction","target":{"@type":"EntryPoint","urlTemplate":"https:\/\/www.bellunopress.it\/?s={search_term_string}"},"query-input":{"@type":"PropertyValueSpecification","valueRequired":true,"valueName":"search_term_string"}}],"inLanguage":"fr-FR"},{"@type":"Organization","@id":"https:\/\/www.bellunopress.it\/#organization","name":"Bellunopress","url":"https:\/\/www.bellunopress.it\/","logo":{"@type":"ImageObject","inLanguage":"fr-FR","@id":"https:\/\/www.bellunopress.it\/#\/schema\/logo\/image\/","url":"https:\/\/www.bellunopress.it\/wp-content\/uploads\/2011\/05\/cropped-logo-bellunopress-.jpg","contentUrl":"https:\/\/www.bellunopress.it\/wp-content\/uploads\/2011\/05\/cropped-logo-bellunopress-.jpg","width":512,"height":512,"caption":"Bellunopress"},"image":{"@id":"https:\/\/www.bellunopress.it\/#\/schema\/logo\/image\/"},"sameAs":["https:\/\/www.facebook.com\/profile.php?id=100008943462799","https:\/\/x.com\/bellunopress","https:\/\/www.linkedin.com\/hp\/?dnr=JBzUWaJfMUw8vbXJJ2tVW5-I3jZKvC4wsoxE&amp;amp;amp;amp;amp;amp;trk=nav_responsive_tab_home","https:\/\/www.youtube.com\/channel\/UCxL0wu1uN0_3_7hGG0306cw"]},{"@type":"Person","@id":"https:\/\/www.bellunopress.it\/#\/schema\/person\/79bb06722b37ece1c03d3e94beb30d73","name":"r\u00e9daction","image":{"@type":"ImageObject","inLanguage":"fr-FR","@id":"https:\/\/secure.gravatar.com\/avatar\/37d968a2e67a6fd04c169c4bdef102d0bc5d31b2546345219e348575eb80e9a0?s=96&d=mm&r=g","url":"https:\/\/secure.gravatar.com\/avatar\/37d968a2e67a6fd04c169c4bdef102d0bc5d31b2546345219e348575eb80e9a0?s=96&d=mm&r=g","contentUrl":"https:\/\/secure.gravatar.com\/avatar\/37d968a2e67a6fd04c169c4bdef102d0bc5d31b2546345219e348575eb80e9a0?s=96&d=mm&r=g","caption":"redazione"},"sameAs":["http:\/\/www.bellunopress.it","https:\/\/x.com\/bellunopress"],"url":"https:\/\/www.bellunopress.it\/fr\/author\/redazione\/"}]}},"_links":{"self":[{"href":"https:\/\/www.bellunopress.it\/fr\/wp-json\/wp\/v2\/posts\/7742","targetHints":{"allow":["GET"]}}],"collection":[{"href":"https:\/\/www.bellunopress.it\/fr\/wp-json\/wp\/v2\/posts"}],"about":[{"href":"https:\/\/www.bellunopress.it\/fr\/wp-json\/wp\/v2\/types\/post"}],"author":[{"embeddable":true,"href":"https:\/\/www.bellunopress.it\/fr\/wp-json\/wp\/v2\/users\/2"}],"replies":[{"embeddable":true,"href":"https:\/\/www.bellunopress.it\/fr\/wp-json\/wp\/v2\/comments?post=7742"}],"version-history":[{"count":4,"href":"https:\/\/www.bellunopress.it\/fr\/wp-json\/wp\/v2\/posts\/7742\/revisions"}],"predecessor-version":[{"id":7779,"href":"https:\/\/www.bellunopress.it\/fr\/wp-json\/wp\/v2\/posts\/7742\/revisions\/7779"}],"wp:attachment":[{"href":"https:\/\/www.bellunopress.it\/fr\/wp-json\/wp\/v2\/media?parent=7742"}],"wp:term":[{"taxonomy":"category","embeddable":true,"href":"https:\/\/www.bellunopress.it\/fr\/wp-json\/wp\/v2\/categories?post=7742"},{"taxonomy":"post_tag","embeddable":true,"href":"https:\/\/www.bellunopress.it\/fr\/wp-json\/wp\/v2\/tags?post=7742"}],"curies":[{"name":"wp","href":"https:\/\/api.w.org\/{rel}","templated":true}]}}