{"id":77265,"date":"2016-04-30T18:31:42","date_gmt":"2016-04-30T16:31:42","guid":{"rendered":"http:\/\/www.bellunopress.it\/?p=77265"},"modified":"2016-04-30T12:36:09","modified_gmt":"2016-04-30T10:36:09","slug":"primo-maggio-zaia-vedo-segnali-speranza","status":"publish","type":"post","link":"https:\/\/www.bellunopress.it\/fr\/2016\/04\/30\/primo-maggio-zaia-vedo-segnali-speranza\/","title":{"rendered":"Primo maggio. Zaia: &#8220;Vedo segnali di speranza&#8221;"},"content":{"rendered":"<p align=\"JUSTIFY\"><a href=\"http:\/\/www.bellunopress.it\/wp-content\/uploads\/2013\/04\/Zaia.jpg\"><img loading=\"lazy\" decoding=\"async\" class=\"alignleft size-full wp-image-48299\" src=\"http:\/\/www.bellunopress.it\/wp-content\/uploads\/2013\/04\/Zaia.jpg\" alt=\"Zaia\" width=\"192\" height=\"292\" \/><\/a>&#8220;Pu\u00f2 forse risultare retorico celebrare la festa dedicata al lavoro in un Paese dove ci sono quasi 3 milioni di persone in cerca di occupazione e dove un giovane su 10 \u00e8 senza lavoro. Ma alla vigilia di questo primo Maggio, nonostante i segni evidenti della crisi che continua a mordere anche in Veneto, colgo segnali di speranza&#8221;.<\/p>\n<p align=\"JUSTIFY\">A dirlo \u00e8 il presidente della Regione Veneto Luca Zaia.<\/p>\n<p align=\"JUSTIFY\">&#8220;In questi giorni &#8211; prosegue il governatore del Veneto &#8211;\u00a0 ho visitato un\u2019azienda rinata dalle ceneri di un fallimento, grazie all\u2019intraprendenza e al coraggio dei suoi dipendenti, che hanno assunto la sfida di diventare imprenditori di se stessi per non perdere lavoro, professionalit\u00e0 e futuro. E ho visto tagliare il traguardo un progetto di formazione, sostenuto anche dalla Regione veneto, per giovani donne in cerca di occupazione: 18 delle 35 ragazze che vi hanno aderito sono state assunte nei punti vendita dell\u2019impresa veneta dell\u2019italian style che ha accettato la sfida formativa. Sono solo due esempi delle tante testimonianze di difesa del lavoro o di creazione di nuova occupazione che incontro quotidianamente girando il Veneto\u201d.<\/p>\n<p align=\"JUSTIFY\">Con due flash ritagliati dalla cronaca, il presidente della Regione Veneto invita a guardare con occhi di speranza al Primo maggio di quest\u2019anno.<\/p>\n<p align=\"JUSTIFY\">\u201cChe il Primo maggio di domani sia una giornata speciale e non scontata \u2013 augura il governatore- perch\u00e8 la crisi non pu\u00f2 e non deve togliere valore al lavoro. Creare lavoro, non sprecare il talento dei giovani e dei meno giovani, sentirci responsabili del futuro di chi viene dopo di noi, \u00e8 una sfida che non possiamo perdere. Anzi, che possiamo vincere\u201d.<\/p>","protected":false},"excerpt":{"rendered":"<p>&#8220;Pu\u00f2 forse risultare retorico celebrare la festa dedicata al lavoro in un Paese dove ci sono quasi 3 milioni di persone in cerca di occupazione e dove un giovane su 10 \u00e8 senza lavoro. Ma alla vigilia di questo primo Maggio, nonostante i segni evidenti della crisi che continua a mordere anche in Veneto, colgo [&hellip;]<\/p>\n","protected":false},"author":2,"featured_media":0,"comment_status":"closed","ping_status":"open","sticky":false,"template":"","format":"standard","meta":{"footnotes":""},"categories":[1],"tags":[],"class_list":["post-77265","post","type-post","status-publish","format-standard","category-leo"],"yoast_head":"<!-- This site is optimized with the Yoast SEO plugin v28.4 - https:\/\/yoast.com\/product\/yoast-seo-wordpress\/ -->\n<title>Primo maggio. Zaia: &quot;Vedo segnali di speranza&quot; - Bellunopress - Dolomiti<\/title>\n<meta name=\"robots\" content=\"index, follow, max-snippet:-1, max-image-preview:large, max-video-preview:-1\" \/>\n<link rel=\"canonical\" href=\"https:\/\/www.bellunopress.it\/fr\/2016\/04\/30\/primo-maggio-zaia-vedo-segnali-speranza\/\" \/>\n<meta property=\"og:locale\" content=\"fr_FR\" \/>\n<meta property=\"og:type\" content=\"article\" \/>\n<meta property=\"og:title\" content=\"Primo maggio. Zaia: &quot;Vedo segnali di speranza&quot; - Bellunopress - Dolomiti\" \/>\n<meta property=\"og:description\" content=\"&#8220;Pu\u00f2 forse risultare retorico celebrare la festa dedicata al lavoro in un Paese dove ci sono quasi 3 milioni di persone in cerca di occupazione e dove un giovane su 10 \u00e8 senza lavoro. Ma alla vigilia di questo primo Maggio, nonostante i segni evidenti della crisi che continua a mordere anche in Veneto, colgo [&hellip;]\" \/>\n<meta property=\"og:url\" content=\"https:\/\/www.bellunopress.it\/fr\/2016\/04\/30\/primo-maggio-zaia-vedo-segnali-speranza\/\" \/>\n<meta property=\"og:site_name\" content=\"Bellunopress - Dolomiti\" \/>\n<meta property=\"article:publisher\" content=\"https:\/\/www.facebook.com\/profile.php?id=100008943462799\" \/>\n<meta property=\"article:published_time\" content=\"2016-04-30T16:31:42+00:00\" \/>\n<meta property=\"og:image\" content=\"http:\/\/www.bellunopress.it\/wp-content\/uploads\/2013\/04\/Zaia.jpg\" \/>\n<meta name=\"author\" content=\"redazione\" \/>\n<meta name=\"twitter:card\" content=\"summary_large_image\" \/>\n<meta name=\"twitter:creator\" content=\"@bellunopress\" \/>\n<meta name=\"twitter:site\" content=\"@bellunopress\" \/>\n<meta name=\"twitter:label1\" content=\"\u00c9crit par\" \/>\n\t<meta name=\"twitter:data1\" content=\"redazione\" \/>\n\t<meta name=\"twitter:label2\" content=\"Dur\u00e9e de lecture estim\u00e9e\" \/>\n\t<meta name=\"twitter:data2\" content=\"1 minute\" \/>\n<script type=\"application\/ld+json\" class=\"yoast-schema-graph\">{\"@context\":\"https:\\\/\\\/schema.org\",\"@graph\":[{\"@type\":\"Article\",\"@id\":\"https:\\\/\\\/www.bellunopress.it\\\/2016\\\/04\\\/30\\\/primo-maggio-zaia-vedo-segnali-speranza\\\/#article\",\"isPartOf\":{\"@id\":\"https:\\\/\\\/www.bellunopress.it\\\/2016\\\/04\\\/30\\\/primo-maggio-zaia-vedo-segnali-speranza\\\/\"},\"author\":{\"name\":\"redazione\",\"@id\":\"https:\\\/\\\/www.bellunopress.it\\\/#\\\/schema\\\/person\\\/79bb06722b37ece1c03d3e94beb30d73\"},\"headline\":\"Primo maggio. Zaia: &#8220;Vedo segnali di speranza&#8221;\",\"datePublished\":\"2016-04-30T16:31:42+00:00\",\"mainEntityOfPage\":{\"@id\":\"https:\\\/\\\/www.bellunopress.it\\\/2016\\\/04\\\/30\\\/primo-maggio-zaia-vedo-segnali-speranza\\\/\"},\"wordCount\":271,\"publisher\":{\"@id\":\"https:\\\/\\\/www.bellunopress.it\\\/#organization\"},\"image\":{\"@id\":\"https:\\\/\\\/www.bellunopress.it\\\/2016\\\/04\\\/30\\\/primo-maggio-zaia-vedo-segnali-speranza\\\/#primaryimage\"},\"thumbnailUrl\":\"http:\\\/\\\/www.bellunopress.it\\\/wp-content\\\/uploads\\\/2013\\\/04\\\/Zaia.jpg\",\"articleSection\":[\"Lettere Opinioni\"],\"inLanguage\":\"fr-FR\"},{\"@type\":\"WebPage\",\"@id\":\"https:\\\/\\\/www.bellunopress.it\\\/2016\\\/04\\\/30\\\/primo-maggio-zaia-vedo-segnali-speranza\\\/\",\"url\":\"https:\\\/\\\/www.bellunopress.it\\\/2016\\\/04\\\/30\\\/primo-maggio-zaia-vedo-segnali-speranza\\\/\",\"name\":\"Primo maggio. Zaia: \\\"Vedo segnali di speranza\\\" - Bellunopress - Dolomiti\",\"isPartOf\":{\"@id\":\"https:\\\/\\\/www.bellunopress.it\\\/#website\"},\"primaryImageOfPage\":{\"@id\":\"https:\\\/\\\/www.bellunopress.it\\\/2016\\\/04\\\/30\\\/primo-maggio-zaia-vedo-segnali-speranza\\\/#primaryimage\"},\"image\":{\"@id\":\"https:\\\/\\\/www.bellunopress.it\\\/2016\\\/04\\\/30\\\/primo-maggio-zaia-vedo-segnali-speranza\\\/#primaryimage\"},\"thumbnailUrl\":\"http:\\\/\\\/www.bellunopress.it\\\/wp-content\\\/uploads\\\/2013\\\/04\\\/Zaia.jpg\",\"datePublished\":\"2016-04-30T16:31:42+00:00\",\"breadcrumb\":{\"@id\":\"https:\\\/\\\/www.bellunopress.it\\\/2016\\\/04\\\/30\\\/primo-maggio-zaia-vedo-segnali-speranza\\\/#breadcrumb\"},\"inLanguage\":\"fr-FR\",\"potentialAction\":[{\"@type\":\"ReadAction\",\"target\":[\"https:\\\/\\\/www.bellunopress.it\\\/2016\\\/04\\\/30\\\/primo-maggio-zaia-vedo-segnali-speranza\\\/\"]}]},{\"@type\":\"ImageObject\",\"inLanguage\":\"fr-FR\",\"@id\":\"https:\\\/\\\/www.bellunopress.it\\\/2016\\\/04\\\/30\\\/primo-maggio-zaia-vedo-segnali-speranza\\\/#primaryimage\",\"url\":\"http:\\\/\\\/www.bellunopress.it\\\/wp-content\\\/uploads\\\/2013\\\/04\\\/Zaia.jpg\",\"contentUrl\":\"http:\\\/\\\/www.bellunopress.it\\\/wp-content\\\/uploads\\\/2013\\\/04\\\/Zaia.jpg\"},{\"@type\":\"BreadcrumbList\",\"@id\":\"https:\\\/\\\/www.bellunopress.it\\\/2016\\\/04\\\/30\\\/primo-maggio-zaia-vedo-segnali-speranza\\\/#breadcrumb\",\"itemListElement\":[{\"@type\":\"ListItem\",\"position\":1,\"name\":\"Home\",\"item\":\"https:\\\/\\\/www.bellunopress.it\\\/\"},{\"@type\":\"ListItem\",\"position\":2,\"name\":\"Primo maggio. Zaia: &#8220;Vedo segnali di speranza&#8221;\"}]},{\"@type\":\"WebSite\",\"@id\":\"https:\\\/\\\/www.bellunopress.it\\\/#website\",\"url\":\"https:\\\/\\\/www.bellunopress.it\\\/\",\"name\":\"Bellunopress - Dolomiti\",\"description\":\"e-mail: redazione@bellunopress.it\",\"publisher\":{\"@id\":\"https:\\\/\\\/www.bellunopress.it\\\/#organization\"},\"potentialAction\":[{\"@type\":\"SearchAction\",\"target\":{\"@type\":\"EntryPoint\",\"urlTemplate\":\"https:\\\/\\\/www.bellunopress.it\\\/?s={search_term_string}\"},\"query-input\":{\"@type\":\"PropertyValueSpecification\",\"valueRequired\":true,\"valueName\":\"search_term_string\"}}],\"inLanguage\":\"fr-FR\"},{\"@type\":\"Organization\",\"@id\":\"https:\\\/\\\/www.bellunopress.it\\\/#organization\",\"name\":\"Bellunopress\",\"url\":\"https:\\\/\\\/www.bellunopress.it\\\/\",\"logo\":{\"@type\":\"ImageObject\",\"inLanguage\":\"fr-FR\",\"@id\":\"https:\\\/\\\/www.bellunopress.it\\\/#\\\/schema\\\/logo\\\/image\\\/\",\"url\":\"https:\\\/\\\/www.bellunopress.it\\\/wp-content\\\/uploads\\\/2011\\\/05\\\/cropped-logo-bellunopress-.jpg\",\"contentUrl\":\"https:\\\/\\\/www.bellunopress.it\\\/wp-content\\\/uploads\\\/2011\\\/05\\\/cropped-logo-bellunopress-.jpg\",\"width\":512,\"height\":512,\"caption\":\"Bellunopress\"},\"image\":{\"@id\":\"https:\\\/\\\/www.bellunopress.it\\\/#\\\/schema\\\/logo\\\/image\\\/\"},\"sameAs\":[\"https:\\\/\\\/www.facebook.com\\\/profile.php?id=100008943462799\",\"https:\\\/\\\/x.com\\\/bellunopress\",\"https:\\\/\\\/www.linkedin.com\\\/hp\\\/?dnr=JBzUWaJfMUw8vbXJJ2tVW5-I3jZKvC4wsoxE&amp;amp;amp;amp;amp;amp;trk=nav_responsive_tab_home\",\"https:\\\/\\\/www.youtube.com\\\/channel\\\/UCxL0wu1uN0_3_7hGG0306cw\"]},{\"@type\":\"Person\",\"@id\":\"https:\\\/\\\/www.bellunopress.it\\\/#\\\/schema\\\/person\\\/79bb06722b37ece1c03d3e94beb30d73\",\"name\":\"redazione\",\"image\":{\"@type\":\"ImageObject\",\"inLanguage\":\"fr-FR\",\"@id\":\"https:\\\/\\\/secure.gravatar.com\\\/avatar\\\/37d968a2e67a6fd04c169c4bdef102d0bc5d31b2546345219e348575eb80e9a0?s=96&d=mm&r=g\",\"url\":\"https:\\\/\\\/secure.gravatar.com\\\/avatar\\\/37d968a2e67a6fd04c169c4bdef102d0bc5d31b2546345219e348575eb80e9a0?s=96&d=mm&r=g\",\"contentUrl\":\"https:\\\/\\\/secure.gravatar.com\\\/avatar\\\/37d968a2e67a6fd04c169c4bdef102d0bc5d31b2546345219e348575eb80e9a0?s=96&d=mm&r=g\",\"caption\":\"redazione\"},\"sameAs\":[\"http:\\\/\\\/www.bellunopress.it\",\"https:\\\/\\\/x.com\\\/bellunopress\"],\"url\":\"https:\\\/\\\/www.bellunopress.it\\\/fr\\\/author\\\/redazione\\\/\"}]}<\/script>\n<!-- \/ Yoast SEO plugin. -->","yoast_head_json":{"title":"Primo maggio. Zaia: \"Vedo segnali di speranza\" - Bellunopress - Dolomiti","robots":{"index":"index","follow":"follow","max-snippet":"max-snippet:-1","max-image-preview":"max-image-preview:large","max-video-preview":"max-video-preview:-1"},"canonical":"https:\/\/www.bellunopress.it\/fr\/2016\/04\/30\/primo-maggio-zaia-vedo-segnali-speranza\/","og_locale":"fr_FR","og_type":"article","og_title":"Primo maggio. Zaia: \"Vedo segnali di speranza\" - Bellunopress - Dolomiti","og_description":"&#8220;Pu\u00f2 forse risultare retorico celebrare la festa dedicata al lavoro in un Paese dove ci sono quasi 3 milioni di persone in cerca di occupazione e dove un giovane su 10 \u00e8 senza lavoro. Ma alla vigilia di questo primo Maggio, nonostante i segni evidenti della crisi che continua a mordere anche in Veneto, colgo [&hellip;]","og_url":"https:\/\/www.bellunopress.it\/fr\/2016\/04\/30\/primo-maggio-zaia-vedo-segnali-speranza\/","og_site_name":"Bellunopress - Dolomiti","article_publisher":"https:\/\/www.facebook.com\/profile.php?id=100008943462799","article_published_time":"2016-04-30T16:31:42+00:00","og_image":[{"url":"http:\/\/www.bellunopress.it\/wp-content\/uploads\/2013\/04\/Zaia.jpg","type":"","width":"","height":""}],"author":"redazione","twitter_card":"summary_large_image","twitter_creator":"@bellunopress","twitter_site":"@bellunopress","twitter_misc":{"\u00c9crit par":"redazione","Dur\u00e9e de lecture estim\u00e9e":"1 minute"},"schema":{"@context":"https:\/\/schema.org","@graph":[{"@type":"Article","@id":"https:\/\/www.bellunopress.it\/2016\/04\/30\/primo-maggio-zaia-vedo-segnali-speranza\/#article","isPartOf":{"@id":"https:\/\/www.bellunopress.it\/2016\/04\/30\/primo-maggio-zaia-vedo-segnali-speranza\/"},"author":{"name":"redazione","@id":"https:\/\/www.bellunopress.it\/#\/schema\/person\/79bb06722b37ece1c03d3e94beb30d73"},"headline":"Primo maggio. Zaia: &#8220;Vedo segnali di speranza&#8221;","datePublished":"2016-04-30T16:31:42+00:00","mainEntityOfPage":{"@id":"https:\/\/www.bellunopress.it\/2016\/04\/30\/primo-maggio-zaia-vedo-segnali-speranza\/"},"wordCount":271,"publisher":{"@id":"https:\/\/www.bellunopress.it\/#organization"},"image":{"@id":"https:\/\/www.bellunopress.it\/2016\/04\/30\/primo-maggio-zaia-vedo-segnali-speranza\/#primaryimage"},"thumbnailUrl":"http:\/\/www.bellunopress.it\/wp-content\/uploads\/2013\/04\/Zaia.jpg","articleSection":["Lettere Opinioni"],"inLanguage":"fr-FR"},{"@type":"WebPage","@id":"https:\/\/www.bellunopress.it\/2016\/04\/30\/primo-maggio-zaia-vedo-segnali-speranza\/","url":"https:\/\/www.bellunopress.it\/2016\/04\/30\/primo-maggio-zaia-vedo-segnali-speranza\/","name":"Primo maggio. Zaia: \"Vedo segnali di speranza\" - Bellunopress - Dolomiti","isPartOf":{"@id":"https:\/\/www.bellunopress.it\/#website"},"primaryImageOfPage":{"@id":"https:\/\/www.bellunopress.it\/2016\/04\/30\/primo-maggio-zaia-vedo-segnali-speranza\/#primaryimage"},"image":{"@id":"https:\/\/www.bellunopress.it\/2016\/04\/30\/primo-maggio-zaia-vedo-segnali-speranza\/#primaryimage"},"thumbnailUrl":"http:\/\/www.bellunopress.it\/wp-content\/uploads\/2013\/04\/Zaia.jpg","datePublished":"2016-04-30T16:31:42+00:00","breadcrumb":{"@id":"https:\/\/www.bellunopress.it\/2016\/04\/30\/primo-maggio-zaia-vedo-segnali-speranza\/#breadcrumb"},"inLanguage":"fr-FR","potentialAction":[{"@type":"ReadAction","target":["https:\/\/www.bellunopress.it\/2016\/04\/30\/primo-maggio-zaia-vedo-segnali-speranza\/"]}]},{"@type":"ImageObject","inLanguage":"fr-FR","@id":"https:\/\/www.bellunopress.it\/2016\/04\/30\/primo-maggio-zaia-vedo-segnali-speranza\/#primaryimage","url":"http:\/\/www.bellunopress.it\/wp-content\/uploads\/2013\/04\/Zaia.jpg","contentUrl":"http:\/\/www.bellunopress.it\/wp-content\/uploads\/2013\/04\/Zaia.jpg"},{"@type":"BreadcrumbList","@id":"https:\/\/www.bellunopress.it\/2016\/04\/30\/primo-maggio-zaia-vedo-segnali-speranza\/#breadcrumb","itemListElement":[{"@type":"ListItem","position":1,"name":"Home","item":"https:\/\/www.bellunopress.it\/"},{"@type":"ListItem","position":2,"name":"Primo maggio. Zaia: &#8220;Vedo segnali di speranza&#8221;"}]},{"@type":"WebSite","@id":"https:\/\/www.bellunopress.it\/#website","url":"https:\/\/www.bellunopress.it\/","name":"Bellunopress - Dolomiti","description":"e-mail: redazione@bellunopress.it","publisher":{"@id":"https:\/\/www.bellunopress.it\/#organization"},"potentialAction":[{"@type":"SearchAction","target":{"@type":"EntryPoint","urlTemplate":"https:\/\/www.bellunopress.it\/?s={search_term_string}"},"query-input":{"@type":"PropertyValueSpecification","valueRequired":true,"valueName":"search_term_string"}}],"inLanguage":"fr-FR"},{"@type":"Organization","@id":"https:\/\/www.bellunopress.it\/#organization","name":"Bellunopress","url":"https:\/\/www.bellunopress.it\/","logo":{"@type":"ImageObject","inLanguage":"fr-FR","@id":"https:\/\/www.bellunopress.it\/#\/schema\/logo\/image\/","url":"https:\/\/www.bellunopress.it\/wp-content\/uploads\/2011\/05\/cropped-logo-bellunopress-.jpg","contentUrl":"https:\/\/www.bellunopress.it\/wp-content\/uploads\/2011\/05\/cropped-logo-bellunopress-.jpg","width":512,"height":512,"caption":"Bellunopress"},"image":{"@id":"https:\/\/www.bellunopress.it\/#\/schema\/logo\/image\/"},"sameAs":["https:\/\/www.facebook.com\/profile.php?id=100008943462799","https:\/\/x.com\/bellunopress","https:\/\/www.linkedin.com\/hp\/?dnr=JBzUWaJfMUw8vbXJJ2tVW5-I3jZKvC4wsoxE&amp;amp;amp;amp;amp;amp;trk=nav_responsive_tab_home","https:\/\/www.youtube.com\/channel\/UCxL0wu1uN0_3_7hGG0306cw"]},{"@type":"Person","@id":"https:\/\/www.bellunopress.it\/#\/schema\/person\/79bb06722b37ece1c03d3e94beb30d73","name":"r\u00e9daction","image":{"@type":"ImageObject","inLanguage":"fr-FR","@id":"https:\/\/secure.gravatar.com\/avatar\/37d968a2e67a6fd04c169c4bdef102d0bc5d31b2546345219e348575eb80e9a0?s=96&d=mm&r=g","url":"https:\/\/secure.gravatar.com\/avatar\/37d968a2e67a6fd04c169c4bdef102d0bc5d31b2546345219e348575eb80e9a0?s=96&d=mm&r=g","contentUrl":"https:\/\/secure.gravatar.com\/avatar\/37d968a2e67a6fd04c169c4bdef102d0bc5d31b2546345219e348575eb80e9a0?s=96&d=mm&r=g","caption":"redazione"},"sameAs":["http:\/\/www.bellunopress.it","https:\/\/x.com\/bellunopress"],"url":"https:\/\/www.bellunopress.it\/fr\/author\/redazione\/"}]}},"_links":{"self":[{"href":"https:\/\/www.bellunopress.it\/fr\/wp-json\/wp\/v2\/posts\/77265","targetHints":{"allow":["GET"]}}],"collection":[{"href":"https:\/\/www.bellunopress.it\/fr\/wp-json\/wp\/v2\/posts"}],"about":[{"href":"https:\/\/www.bellunopress.it\/fr\/wp-json\/wp\/v2\/types\/post"}],"author":[{"embeddable":true,"href":"https:\/\/www.bellunopress.it\/fr\/wp-json\/wp\/v2\/users\/2"}],"replies":[{"embeddable":true,"href":"https:\/\/www.bellunopress.it\/fr\/wp-json\/wp\/v2\/comments?post=77265"}],"version-history":[{"count":1,"href":"https:\/\/www.bellunopress.it\/fr\/wp-json\/wp\/v2\/posts\/77265\/revisions"}],"predecessor-version":[{"id":77266,"href":"https:\/\/www.bellunopress.it\/fr\/wp-json\/wp\/v2\/posts\/77265\/revisions\/77266"}],"wp:attachment":[{"href":"https:\/\/www.bellunopress.it\/fr\/wp-json\/wp\/v2\/media?parent=77265"}],"wp:term":[{"taxonomy":"category","embeddable":true,"href":"https:\/\/www.bellunopress.it\/fr\/wp-json\/wp\/v2\/categories?post=77265"},{"taxonomy":"post_tag","embeddable":true,"href":"https:\/\/www.bellunopress.it\/fr\/wp-json\/wp\/v2\/tags?post=77265"}],"curies":[{"name":"wp","href":"https:\/\/api.w.org\/{rel}","templated":true}]}}