{"id":7715,"date":"2009-09-03T21:01:36","date_gmt":"2009-09-03T20:01:36","guid":{"rendered":"http:\/\/www.bellunopress.it\/?p=7715"},"modified":"2009-09-03T21:01:36","modified_gmt":"2009-09-03T20:01:36","slug":"divieto-di-esportazione-e-demolizione-per-i-veicoli-gravati-di-ganasce-fiscali","status":"publish","type":"post","link":"https:\/\/www.bellunopress.it\/fr\/2009\/09\/03\/divieto-di-esportazione-e-demolizione-per-i-veicoli-gravati-di-ganasce-fiscali\/","title":{"rendered":"Divieto di esportazione e demolizione per i veicoli gravati di ganasce fiscali"},"content":{"rendered":"<figure id=\"attachment_7717\" aria-describedby=\"caption-attachment-7717\" style=\"width: 271px\" class=\"wp-caption alignleft\"><a href=\"http:\/\/www.bellunopress.it\/wp-content\/uploads\/2009\/09\/equitalia.jpg\"><img loading=\"lazy\" decoding=\"async\" class=\"size-medium wp-image-7717\" title=\"equitalia\" src=\"http:\/\/www.bellunopress.it\/wp-content\/uploads\/2009\/09\/equitalia.jpg\" alt=\"Equitalia \" width=\"271\" height=\"270\" srcset=\"https:\/\/www.bellunopress.it\/wp-content\/uploads\/2009\/09\/equitalia.jpg 271w, https:\/\/www.bellunopress.it\/wp-content\/uploads\/2009\/09\/equitalia-150x150.jpg 150w\" sizes=\"auto, (max-width: 271px) 100vw, 271px\" \/><\/a><figcaption id=\"caption-attachment-7717\" class=\"wp-caption-text\">Equitalia <\/figcaption><\/figure>\n<p>Giro di vite dal ministero dell&#8217;Economia e delle Finanze. Non si potranno pi\u00f9 esportare o demolire i veicoli per i quali risulti iscitto un fermo amministrativo al Pubblico registro automobilistico. La direttiva \u00e8 pervenuta in questi giorni a tutti gli operatori del settore, quindi gli uffici pubblici dell&#8217;Aci e della Motorizzazione, le agenzie automobilistiche e i demolitori autorizzati. Lo spirito della norma \u00e8 quello di favorire il recupero dei crediti che la pubblica amministrazione vanta nei confronti di cittadini inadempienti proprietari di veicoli colpiti da ganasce fiscali, impedendo che venga effettuata l&#8217;esportazione all&#8217;estero e anche la demolizione.\u00a0 A far scattare l&#8217;iscrizione del fermo, sono le pendenze di qualsiasi tipo nei confronti della pubblica amministrazione. Ad esempio una multa non pagata, un bollo dimenticato, gli omessi versamenti all&#8217;Inps da parte di un&#8217;impresa, una bolletta dell&#8217;acqua o della spazzatura. Qualsiasi credito, insomma, che la pubblica amministrazione pu\u00f2 avere con il cittadino. Nella provincia di Belluno \u00e8 Equitalia (gi\u00e0 Uniriscossioni con sede in via Carrera) la concessionara della riscossione che si occupa dei fermi amministrativi. La cui iscrizione si determina dopo una serie di avvisi e raccomandate nelle quali si segnala l&#8217;inadempienza al debitore. Qualora questi avvertimenti venganoi ignorati, Equitalia procede all&#8217;iscrizione del fermo amministrativo o &#8220;ganasce fiscali&#8221; avvertendo il proprietario del veicolo che non potr\u00e0 pi\u00f9 utilizzare ne vendere il mezzo. Per eludere tale divieto, fino ad oggi c&#8217;era chi, non potendolo pi\u00f9 utilizzare, lo esportava sottraendolo al pignoramento. Ma da oggi il ministero ha detto stop.<\/p>","protected":false},"excerpt":{"rendered":"<p>Giro di vite dal ministero dell&#8217;Economia e delle Finanze. Non si potranno pi\u00f9 esportare o demolire i veicoli per i quali risulti iscitto un fermo amministrativo al Pubblico registro automobilistico. La direttiva \u00e8 pervenuta in questi giorni a tutti gli operatori del settore, quindi gli uffici pubblici dell&#8217;Aci e della Motorizzazione, le agenzie automobilistiche e [&hellip;]<\/p>\n","protected":false},"author":2,"featured_media":0,"comment_status":"closed","ping_status":"open","sticky":false,"template":"","format":"standard","meta":{"footnotes":""},"categories":[5],"tags":[139],"class_list":["post-7715","post","type-post","status-publish","format-standard","category-cronaca","tag-belluno"],"yoast_head":"<!-- This site is optimized with the Yoast SEO plugin v28.4 - https:\/\/yoast.com\/product\/yoast-seo-wordpress\/ -->\n<title>Divieto di esportazione e demolizione per i veicoli gravati di ganasce fiscali - Bellunopress - Dolomiti<\/title>\n<meta name=\"robots\" content=\"index, follow, max-snippet:-1, max-image-preview:large, max-video-preview:-1\" \/>\n<link rel=\"canonical\" href=\"https:\/\/www.bellunopress.it\/fr\/2009\/09\/03\/divieto-di-esportazione-e-demolizione-per-i-veicoli-gravati-di-ganasce-fiscali\/\" \/>\n<meta property=\"og:locale\" content=\"fr_FR\" \/>\n<meta property=\"og:type\" content=\"article\" \/>\n<meta property=\"og:title\" content=\"Divieto di esportazione e demolizione per i veicoli gravati di ganasce fiscali - Bellunopress - Dolomiti\" \/>\n<meta property=\"og:description\" content=\"Giro di vite dal ministero dell&#8217;Economia e delle Finanze. Non si potranno pi\u00f9 esportare o demolire i veicoli per i quali risulti iscitto un fermo amministrativo al Pubblico registro automobilistico. La direttiva \u00e8 pervenuta in questi giorni a tutti gli operatori del settore, quindi gli uffici pubblici dell&#8217;Aci e della Motorizzazione, le agenzie automobilistiche e [&hellip;]\" \/>\n<meta property=\"og:url\" content=\"https:\/\/www.bellunopress.it\/fr\/2009\/09\/03\/divieto-di-esportazione-e-demolizione-per-i-veicoli-gravati-di-ganasce-fiscali\/\" \/>\n<meta property=\"og:site_name\" content=\"Bellunopress - Dolomiti\" \/>\n<meta property=\"article:publisher\" content=\"https:\/\/www.facebook.com\/profile.php?id=100008943462799\" \/>\n<meta property=\"article:published_time\" content=\"2009-09-03T20:01:36+00:00\" \/>\n<meta property=\"og:image\" content=\"http:\/\/www.bellunopress.it\/wp-content\/uploads\/2009\/09\/equitalia.jpg\" \/>\n<meta name=\"author\" content=\"redazione\" \/>\n<meta name=\"twitter:card\" content=\"summary_large_image\" \/>\n<meta name=\"twitter:creator\" content=\"@bellunopress\" \/>\n<meta name=\"twitter:site\" content=\"@bellunopress\" \/>\n<meta name=\"twitter:label1\" content=\"\u00c9crit par\" \/>\n\t<meta name=\"twitter:data1\" content=\"redazione\" \/>\n\t<meta name=\"twitter:label2\" content=\"Dur\u00e9e de lecture estim\u00e9e\" \/>\n\t<meta name=\"twitter:data2\" content=\"1 minute\" \/>\n<script type=\"application\/ld+json\" class=\"yoast-schema-graph\">{\"@context\":\"https:\\\/\\\/schema.org\",\"@graph\":[{\"@type\":\"Article\",\"@id\":\"https:\\\/\\\/www.bellunopress.it\\\/2009\\\/09\\\/03\\\/divieto-di-esportazione-e-demolizione-per-i-veicoli-gravati-di-ganasce-fiscali\\\/#article\",\"isPartOf\":{\"@id\":\"https:\\\/\\\/www.bellunopress.it\\\/2009\\\/09\\\/03\\\/divieto-di-esportazione-e-demolizione-per-i-veicoli-gravati-di-ganasce-fiscali\\\/\"},\"author\":{\"name\":\"redazione\",\"@id\":\"https:\\\/\\\/www.bellunopress.it\\\/#\\\/schema\\\/person\\\/79bb06722b37ece1c03d3e94beb30d73\"},\"headline\":\"Divieto di esportazione e demolizione per i veicoli gravati di ganasce fiscali\",\"datePublished\":\"2009-09-03T20:01:36+00:00\",\"mainEntityOfPage\":{\"@id\":\"https:\\\/\\\/www.bellunopress.it\\\/2009\\\/09\\\/03\\\/divieto-di-esportazione-e-demolizione-per-i-veicoli-gravati-di-ganasce-fiscali\\\/\"},\"wordCount\":274,\"publisher\":{\"@id\":\"https:\\\/\\\/www.bellunopress.it\\\/#organization\"},\"image\":{\"@id\":\"https:\\\/\\\/www.bellunopress.it\\\/2009\\\/09\\\/03\\\/divieto-di-esportazione-e-demolizione-per-i-veicoli-gravati-di-ganasce-fiscali\\\/#primaryimage\"},\"thumbnailUrl\":\"http:\\\/\\\/www.bellunopress.it\\\/wp-content\\\/uploads\\\/2009\\\/09\\\/equitalia.jpg\",\"keywords\":[\"Belluno\"],\"articleSection\":[\"Cronaca\\\/Politica\"],\"inLanguage\":\"fr-FR\"},{\"@type\":\"WebPage\",\"@id\":\"https:\\\/\\\/www.bellunopress.it\\\/2009\\\/09\\\/03\\\/divieto-di-esportazione-e-demolizione-per-i-veicoli-gravati-di-ganasce-fiscali\\\/\",\"url\":\"https:\\\/\\\/www.bellunopress.it\\\/2009\\\/09\\\/03\\\/divieto-di-esportazione-e-demolizione-per-i-veicoli-gravati-di-ganasce-fiscali\\\/\",\"name\":\"Divieto di esportazione e demolizione per i veicoli gravati di ganasce fiscali - Bellunopress - Dolomiti\",\"isPartOf\":{\"@id\":\"https:\\\/\\\/www.bellunopress.it\\\/#website\"},\"primaryImageOfPage\":{\"@id\":\"https:\\\/\\\/www.bellunopress.it\\\/2009\\\/09\\\/03\\\/divieto-di-esportazione-e-demolizione-per-i-veicoli-gravati-di-ganasce-fiscali\\\/#primaryimage\"},\"image\":{\"@id\":\"https:\\\/\\\/www.bellunopress.it\\\/2009\\\/09\\\/03\\\/divieto-di-esportazione-e-demolizione-per-i-veicoli-gravati-di-ganasce-fiscali\\\/#primaryimage\"},\"thumbnailUrl\":\"http:\\\/\\\/www.bellunopress.it\\\/wp-content\\\/uploads\\\/2009\\\/09\\\/equitalia.jpg\",\"datePublished\":\"2009-09-03T20:01:36+00:00\",\"breadcrumb\":{\"@id\":\"https:\\\/\\\/www.bellunopress.it\\\/2009\\\/09\\\/03\\\/divieto-di-esportazione-e-demolizione-per-i-veicoli-gravati-di-ganasce-fiscali\\\/#breadcrumb\"},\"inLanguage\":\"fr-FR\",\"potentialAction\":[{\"@type\":\"ReadAction\",\"target\":[\"https:\\\/\\\/www.bellunopress.it\\\/2009\\\/09\\\/03\\\/divieto-di-esportazione-e-demolizione-per-i-veicoli-gravati-di-ganasce-fiscali\\\/\"]}]},{\"@type\":\"ImageObject\",\"inLanguage\":\"fr-FR\",\"@id\":\"https:\\\/\\\/www.bellunopress.it\\\/2009\\\/09\\\/03\\\/divieto-di-esportazione-e-demolizione-per-i-veicoli-gravati-di-ganasce-fiscali\\\/#primaryimage\",\"url\":\"http:\\\/\\\/www.bellunopress.it\\\/wp-content\\\/uploads\\\/2009\\\/09\\\/equitalia.jpg\",\"contentUrl\":\"http:\\\/\\\/www.bellunopress.it\\\/wp-content\\\/uploads\\\/2009\\\/09\\\/equitalia.jpg\"},{\"@type\":\"BreadcrumbList\",\"@id\":\"https:\\\/\\\/www.bellunopress.it\\\/2009\\\/09\\\/03\\\/divieto-di-esportazione-e-demolizione-per-i-veicoli-gravati-di-ganasce-fiscali\\\/#breadcrumb\",\"itemListElement\":[{\"@type\":\"ListItem\",\"position\":1,\"name\":\"Home\",\"item\":\"https:\\\/\\\/www.bellunopress.it\\\/\"},{\"@type\":\"ListItem\",\"position\":2,\"name\":\"Divieto di esportazione e demolizione per i veicoli gravati di ganasce fiscali\"}]},{\"@type\":\"WebSite\",\"@id\":\"https:\\\/\\\/www.bellunopress.it\\\/#website\",\"url\":\"https:\\\/\\\/www.bellunopress.it\\\/\",\"name\":\"Bellunopress - Dolomiti\",\"description\":\"e-mail: redazione@bellunopress.it\",\"publisher\":{\"@id\":\"https:\\\/\\\/www.bellunopress.it\\\/#organization\"},\"potentialAction\":[{\"@type\":\"SearchAction\",\"target\":{\"@type\":\"EntryPoint\",\"urlTemplate\":\"https:\\\/\\\/www.bellunopress.it\\\/?s={search_term_string}\"},\"query-input\":{\"@type\":\"PropertyValueSpecification\",\"valueRequired\":true,\"valueName\":\"search_term_string\"}}],\"inLanguage\":\"fr-FR\"},{\"@type\":\"Organization\",\"@id\":\"https:\\\/\\\/www.bellunopress.it\\\/#organization\",\"name\":\"Bellunopress\",\"url\":\"https:\\\/\\\/www.bellunopress.it\\\/\",\"logo\":{\"@type\":\"ImageObject\",\"inLanguage\":\"fr-FR\",\"@id\":\"https:\\\/\\\/www.bellunopress.it\\\/#\\\/schema\\\/logo\\\/image\\\/\",\"url\":\"https:\\\/\\\/www.bellunopress.it\\\/wp-content\\\/uploads\\\/2011\\\/05\\\/cropped-logo-bellunopress-.jpg\",\"contentUrl\":\"https:\\\/\\\/www.bellunopress.it\\\/wp-content\\\/uploads\\\/2011\\\/05\\\/cropped-logo-bellunopress-.jpg\",\"width\":512,\"height\":512,\"caption\":\"Bellunopress\"},\"image\":{\"@id\":\"https:\\\/\\\/www.bellunopress.it\\\/#\\\/schema\\\/logo\\\/image\\\/\"},\"sameAs\":[\"https:\\\/\\\/www.facebook.com\\\/profile.php?id=100008943462799\",\"https:\\\/\\\/x.com\\\/bellunopress\",\"https:\\\/\\\/www.linkedin.com\\\/hp\\\/?dnr=JBzUWaJfMUw8vbXJJ2tVW5-I3jZKvC4wsoxE&amp;amp;amp;amp;amp;amp;trk=nav_responsive_tab_home\",\"https:\\\/\\\/www.youtube.com\\\/channel\\\/UCxL0wu1uN0_3_7hGG0306cw\"]},{\"@type\":\"Person\",\"@id\":\"https:\\\/\\\/www.bellunopress.it\\\/#\\\/schema\\\/person\\\/79bb06722b37ece1c03d3e94beb30d73\",\"name\":\"redazione\",\"image\":{\"@type\":\"ImageObject\",\"inLanguage\":\"fr-FR\",\"@id\":\"https:\\\/\\\/secure.gravatar.com\\\/avatar\\\/37d968a2e67a6fd04c169c4bdef102d0bc5d31b2546345219e348575eb80e9a0?s=96&d=mm&r=g\",\"url\":\"https:\\\/\\\/secure.gravatar.com\\\/avatar\\\/37d968a2e67a6fd04c169c4bdef102d0bc5d31b2546345219e348575eb80e9a0?s=96&d=mm&r=g\",\"contentUrl\":\"https:\\\/\\\/secure.gravatar.com\\\/avatar\\\/37d968a2e67a6fd04c169c4bdef102d0bc5d31b2546345219e348575eb80e9a0?s=96&d=mm&r=g\",\"caption\":\"redazione\"},\"sameAs\":[\"http:\\\/\\\/www.bellunopress.it\",\"https:\\\/\\\/x.com\\\/bellunopress\"],\"url\":\"https:\\\/\\\/www.bellunopress.it\\\/fr\\\/author\\\/redazione\\\/\"}]}<\/script>\n<!-- \/ Yoast SEO plugin. -->","yoast_head_json":{"title":"Divieto di esportazione e demolizione per i veicoli gravati di ganasce fiscali - Bellunopress - Dolomiti","robots":{"index":"index","follow":"follow","max-snippet":"max-snippet:-1","max-image-preview":"max-image-preview:large","max-video-preview":"max-video-preview:-1"},"canonical":"https:\/\/www.bellunopress.it\/fr\/2009\/09\/03\/divieto-di-esportazione-e-demolizione-per-i-veicoli-gravati-di-ganasce-fiscali\/","og_locale":"fr_FR","og_type":"article","og_title":"Divieto di esportazione e demolizione per i veicoli gravati di ganasce fiscali - Bellunopress - Dolomiti","og_description":"Giro di vite dal ministero dell&#8217;Economia e delle Finanze. Non si potranno pi\u00f9 esportare o demolire i veicoli per i quali risulti iscitto un fermo amministrativo al Pubblico registro automobilistico. La direttiva \u00e8 pervenuta in questi giorni a tutti gli operatori del settore, quindi gli uffici pubblici dell&#8217;Aci e della Motorizzazione, le agenzie automobilistiche e [&hellip;]","og_url":"https:\/\/www.bellunopress.it\/fr\/2009\/09\/03\/divieto-di-esportazione-e-demolizione-per-i-veicoli-gravati-di-ganasce-fiscali\/","og_site_name":"Bellunopress - Dolomiti","article_publisher":"https:\/\/www.facebook.com\/profile.php?id=100008943462799","article_published_time":"2009-09-03T20:01:36+00:00","og_image":[{"url":"http:\/\/www.bellunopress.it\/wp-content\/uploads\/2009\/09\/equitalia.jpg","type":"","width":"","height":""}],"author":"redazione","twitter_card":"summary_large_image","twitter_creator":"@bellunopress","twitter_site":"@bellunopress","twitter_misc":{"\u00c9crit par":"redazione","Dur\u00e9e de lecture estim\u00e9e":"1 minute"},"schema":{"@context":"https:\/\/schema.org","@graph":[{"@type":"Article","@id":"https:\/\/www.bellunopress.it\/2009\/09\/03\/divieto-di-esportazione-e-demolizione-per-i-veicoli-gravati-di-ganasce-fiscali\/#article","isPartOf":{"@id":"https:\/\/www.bellunopress.it\/2009\/09\/03\/divieto-di-esportazione-e-demolizione-per-i-veicoli-gravati-di-ganasce-fiscali\/"},"author":{"name":"redazione","@id":"https:\/\/www.bellunopress.it\/#\/schema\/person\/79bb06722b37ece1c03d3e94beb30d73"},"headline":"Divieto di esportazione e demolizione per i veicoli gravati di ganasce fiscali","datePublished":"2009-09-03T20:01:36+00:00","mainEntityOfPage":{"@id":"https:\/\/www.bellunopress.it\/2009\/09\/03\/divieto-di-esportazione-e-demolizione-per-i-veicoli-gravati-di-ganasce-fiscali\/"},"wordCount":274,"publisher":{"@id":"https:\/\/www.bellunopress.it\/#organization"},"image":{"@id":"https:\/\/www.bellunopress.it\/2009\/09\/03\/divieto-di-esportazione-e-demolizione-per-i-veicoli-gravati-di-ganasce-fiscali\/#primaryimage"},"thumbnailUrl":"http:\/\/www.bellunopress.it\/wp-content\/uploads\/2009\/09\/equitalia.jpg","keywords":["Belluno"],"articleSection":["Cronaca\/Politica"],"inLanguage":"fr-FR"},{"@type":"WebPage","@id":"https:\/\/www.bellunopress.it\/2009\/09\/03\/divieto-di-esportazione-e-demolizione-per-i-veicoli-gravati-di-ganasce-fiscali\/","url":"https:\/\/www.bellunopress.it\/2009\/09\/03\/divieto-di-esportazione-e-demolizione-per-i-veicoli-gravati-di-ganasce-fiscali\/","name":"Divieto di esportazione e demolizione per i veicoli gravati di ganasce fiscali - Bellunopress - Dolomiti","isPartOf":{"@id":"https:\/\/www.bellunopress.it\/#website"},"primaryImageOfPage":{"@id":"https:\/\/www.bellunopress.it\/2009\/09\/03\/divieto-di-esportazione-e-demolizione-per-i-veicoli-gravati-di-ganasce-fiscali\/#primaryimage"},"image":{"@id":"https:\/\/www.bellunopress.it\/2009\/09\/03\/divieto-di-esportazione-e-demolizione-per-i-veicoli-gravati-di-ganasce-fiscali\/#primaryimage"},"thumbnailUrl":"http:\/\/www.bellunopress.it\/wp-content\/uploads\/2009\/09\/equitalia.jpg","datePublished":"2009-09-03T20:01:36+00:00","breadcrumb":{"@id":"https:\/\/www.bellunopress.it\/2009\/09\/03\/divieto-di-esportazione-e-demolizione-per-i-veicoli-gravati-di-ganasce-fiscali\/#breadcrumb"},"inLanguage":"fr-FR","potentialAction":[{"@type":"ReadAction","target":["https:\/\/www.bellunopress.it\/2009\/09\/03\/divieto-di-esportazione-e-demolizione-per-i-veicoli-gravati-di-ganasce-fiscali\/"]}]},{"@type":"ImageObject","inLanguage":"fr-FR","@id":"https:\/\/www.bellunopress.it\/2009\/09\/03\/divieto-di-esportazione-e-demolizione-per-i-veicoli-gravati-di-ganasce-fiscali\/#primaryimage","url":"http:\/\/www.bellunopress.it\/wp-content\/uploads\/2009\/09\/equitalia.jpg","contentUrl":"http:\/\/www.bellunopress.it\/wp-content\/uploads\/2009\/09\/equitalia.jpg"},{"@type":"BreadcrumbList","@id":"https:\/\/www.bellunopress.it\/2009\/09\/03\/divieto-di-esportazione-e-demolizione-per-i-veicoli-gravati-di-ganasce-fiscali\/#breadcrumb","itemListElement":[{"@type":"ListItem","position":1,"name":"Home","item":"https:\/\/www.bellunopress.it\/"},{"@type":"ListItem","position":2,"name":"Divieto di esportazione e demolizione per i veicoli gravati di ganasce fiscali"}]},{"@type":"WebSite","@id":"https:\/\/www.bellunopress.it\/#website","url":"https:\/\/www.bellunopress.it\/","name":"Bellunopress - Dolomiti","description":"e-mail: redazione@bellunopress.it","publisher":{"@id":"https:\/\/www.bellunopress.it\/#organization"},"potentialAction":[{"@type":"SearchAction","target":{"@type":"EntryPoint","urlTemplate":"https:\/\/www.bellunopress.it\/?s={search_term_string}"},"query-input":{"@type":"PropertyValueSpecification","valueRequired":true,"valueName":"search_term_string"}}],"inLanguage":"fr-FR"},{"@type":"Organization","@id":"https:\/\/www.bellunopress.it\/#organization","name":"Bellunopress","url":"https:\/\/www.bellunopress.it\/","logo":{"@type":"ImageObject","inLanguage":"fr-FR","@id":"https:\/\/www.bellunopress.it\/#\/schema\/logo\/image\/","url":"https:\/\/www.bellunopress.it\/wp-content\/uploads\/2011\/05\/cropped-logo-bellunopress-.jpg","contentUrl":"https:\/\/www.bellunopress.it\/wp-content\/uploads\/2011\/05\/cropped-logo-bellunopress-.jpg","width":512,"height":512,"caption":"Bellunopress"},"image":{"@id":"https:\/\/www.bellunopress.it\/#\/schema\/logo\/image\/"},"sameAs":["https:\/\/www.facebook.com\/profile.php?id=100008943462799","https:\/\/x.com\/bellunopress","https:\/\/www.linkedin.com\/hp\/?dnr=JBzUWaJfMUw8vbXJJ2tVW5-I3jZKvC4wsoxE&amp;amp;amp;amp;amp;amp;trk=nav_responsive_tab_home","https:\/\/www.youtube.com\/channel\/UCxL0wu1uN0_3_7hGG0306cw"]},{"@type":"Person","@id":"https:\/\/www.bellunopress.it\/#\/schema\/person\/79bb06722b37ece1c03d3e94beb30d73","name":"r\u00e9daction","image":{"@type":"ImageObject","inLanguage":"fr-FR","@id":"https:\/\/secure.gravatar.com\/avatar\/37d968a2e67a6fd04c169c4bdef102d0bc5d31b2546345219e348575eb80e9a0?s=96&d=mm&r=g","url":"https:\/\/secure.gravatar.com\/avatar\/37d968a2e67a6fd04c169c4bdef102d0bc5d31b2546345219e348575eb80e9a0?s=96&d=mm&r=g","contentUrl":"https:\/\/secure.gravatar.com\/avatar\/37d968a2e67a6fd04c169c4bdef102d0bc5d31b2546345219e348575eb80e9a0?s=96&d=mm&r=g","caption":"redazione"},"sameAs":["http:\/\/www.bellunopress.it","https:\/\/x.com\/bellunopress"],"url":"https:\/\/www.bellunopress.it\/fr\/author\/redazione\/"}]}},"_links":{"self":[{"href":"https:\/\/www.bellunopress.it\/fr\/wp-json\/wp\/v2\/posts\/7715","targetHints":{"allow":["GET"]}}],"collection":[{"href":"https:\/\/www.bellunopress.it\/fr\/wp-json\/wp\/v2\/posts"}],"about":[{"href":"https:\/\/www.bellunopress.it\/fr\/wp-json\/wp\/v2\/types\/post"}],"author":[{"embeddable":true,"href":"https:\/\/www.bellunopress.it\/fr\/wp-json\/wp\/v2\/users\/2"}],"replies":[{"embeddable":true,"href":"https:\/\/www.bellunopress.it\/fr\/wp-json\/wp\/v2\/comments?post=7715"}],"version-history":[{"count":1,"href":"https:\/\/www.bellunopress.it\/fr\/wp-json\/wp\/v2\/posts\/7715\/revisions"}],"predecessor-version":[{"id":7718,"href":"https:\/\/www.bellunopress.it\/fr\/wp-json\/wp\/v2\/posts\/7715\/revisions\/7718"}],"wp:attachment":[{"href":"https:\/\/www.bellunopress.it\/fr\/wp-json\/wp\/v2\/media?parent=7715"}],"wp:term":[{"taxonomy":"category","embeddable":true,"href":"https:\/\/www.bellunopress.it\/fr\/wp-json\/wp\/v2\/categories?post=7715"},{"taxonomy":"post_tag","embeddable":true,"href":"https:\/\/www.bellunopress.it\/fr\/wp-json\/wp\/v2\/tags?post=7715"}],"curies":[{"name":"wp","href":"https:\/\/api.w.org\/{rel}","templated":true}]}}