{"id":7712,"date":"2009-09-03T20:39:25","date_gmt":"2009-09-03T19:39:25","guid":{"rendered":"http:\/\/www.bellunopress.it\/?p=7712"},"modified":"2009-09-03T20:39:25","modified_gmt":"2009-09-03T19:39:25","slug":"prosegue-fino-alla-fine-di-settembre-il-mercatino-dei-libri-di-testo-per-scuole-medie-e-superiori-allo-spazio-giovani","status":"publish","type":"post","link":"https:\/\/www.bellunopress.it\/fr\/2009\/09\/03\/prosegue-fino-alla-fine-di-settembre-il-mercatino-dei-libri-di-testo-per-scuole-medie-e-superiori-allo-spazio-giovani\/","title":{"rendered":"Prosegue fino alla fine di settembre il mercatino dei libri di testo per scuole medie e superiori allo Spazio Giovani"},"content":{"rendered":"<p>Rester\u00e0 attivo ancora per tutto il mese di settembre il mercatino dei libri di testo delle Scuole secondarie di primo e secondo grado. Apertasi con la fine delle scuole, l&#8217;iniziativa \u00e8 proseguita con successo per tutta l&#8217;estate, permettendo a studenti e famiglie di scambiare, vendere o acquistare libri di testo utili per le attivit\u00e0 scolastiche prossime al via. Chi stesse ancora cercando qualcosa o potesse mettere a disposizione, per scambio o vendita, altri libri di scuola, pu\u00f2 farlo per tutto il mese, rivolgendosi allo Spazio Giovani di Borgo Pr\u00e0. La modalit\u00e0, per evitare inutili giri di testi, prevede che chi abbia dei libri compili la scheda predisposta appositamente, con il dettaglio di ciascuna edizione (autore, titolo, casa editrice, anno di edizione, ecc.), e la lasci allo Spazio Giovani, dove potr\u00e0 essere consultata e permettere a chiunque di \u201cmettersi in contatto\u201d con il libro schedato. \u201cRitengo importante questa iniziativa \u2013 commenta l&#8217;assessore Marco Da Rin Zanco \u2013 perch\u00e9 coinvolge direttamente i ragazzi e attiva il loro interesse verso un prodotto destinato a diventare compagno di viaggio degli anni pi\u00f9 significativi della vita di una persona, quelli della scuola, appunto. Inoltre, particolare non meno rilevante, questa iniziativa pu\u00f2 contribuire a contenere la spesa che le famiglie devono sostenere, senza sacrificare la qualit\u00e0 del materiale didattico\u201d. \u201cPer il prossimo anno\u00a0 \u2013 conclude l&#8217;assessore Da Rin Zanco \u2013 mi piacerebbe dare un deciso impulso all&#8217;aspetto virtuale del mercatino, per accorciare ulteriormente le distanze e ampliare la possibilit\u00e0 di usufruire del servizio in modo veloce ed efficace\u201d. Lo Spazio Giovani di via S. Antonio \u00e8 aperto il marted\u00ec, gioved\u00ec, venerd\u00ec e sabato, dalle 15 alle 19, e negli giorni e orari si svolge il mercatino dei libri. Per comunicare con lo Spazio Giovani, telefonare allo 0437 30905 o scrivere a <a href=\"mailto:spazio.giovani@tin.it\">spazio.giovani@tin.it<\/a>.<\/p>","protected":false},"excerpt":{"rendered":"<p>Rester\u00e0 attivo ancora per tutto il mese di settembre il mercatino dei libri di testo delle Scuole secondarie di primo e secondo grado. Apertasi con la fine delle scuole, l&#8217;iniziativa \u00e8 proseguita con successo per tutta l&#8217;estate, permettendo a studenti e famiglie di scambiare, vendere o acquistare libri di testo utili per le attivit\u00e0 scolastiche [&hellip;]<\/p>\n","protected":false},"author":2,"featured_media":0,"comment_status":"closed","ping_status":"open","sticky":false,"template":"","format":"standard","meta":{"footnotes":""},"categories":[26,15],"tags":[],"class_list":["post-7712","post","type-post","status-publish","format-standard","category-prima-pagina","category-scuola"],"yoast_head":"<!-- This site is optimized with the Yoast SEO plugin v28.4 - https:\/\/yoast.com\/product\/yoast-seo-wordpress\/ -->\n<title>Prosegue fino alla fine di settembre il mercatino dei libri di testo per scuole medie e superiori allo Spazio Giovani - Bellunopress - Dolomiti<\/title>\n<meta name=\"robots\" content=\"index, follow, max-snippet:-1, max-image-preview:large, max-video-preview:-1\" \/>\n<link rel=\"canonical\" href=\"https:\/\/www.bellunopress.it\/fr\/2009\/09\/03\/prosegue-fino-alla-fine-di-settembre-il-mercatino-dei-libri-di-testo-per-scuole-medie-e-superiori-allo-spazio-giovani\/\" \/>\n<meta property=\"og:locale\" content=\"fr_FR\" \/>\n<meta property=\"og:type\" content=\"article\" \/>\n<meta property=\"og:title\" content=\"Prosegue fino alla fine di settembre il mercatino dei libri di testo per scuole medie e superiori allo Spazio Giovani - Bellunopress - Dolomiti\" \/>\n<meta property=\"og:description\" content=\"Rester\u00e0 attivo ancora per tutto il mese di settembre il mercatino dei libri di testo delle Scuole secondarie di primo e secondo grado. Apertasi con la fine delle scuole, l&#8217;iniziativa \u00e8 proseguita con successo per tutta l&#8217;estate, permettendo a studenti e famiglie di scambiare, vendere o acquistare libri di testo utili per le attivit\u00e0 scolastiche [&hellip;]\" \/>\n<meta property=\"og:url\" content=\"https:\/\/www.bellunopress.it\/fr\/2009\/09\/03\/prosegue-fino-alla-fine-di-settembre-il-mercatino-dei-libri-di-testo-per-scuole-medie-e-superiori-allo-spazio-giovani\/\" \/>\n<meta property=\"og:site_name\" content=\"Bellunopress - Dolomiti\" \/>\n<meta property=\"article:publisher\" content=\"https:\/\/www.facebook.com\/profile.php?id=100008943462799\" \/>\n<meta property=\"article:published_time\" content=\"2009-09-03T19:39:25+00:00\" \/>\n<meta property=\"og:image\" content=\"http:\/\/www.bellunopress.it\/wp-content\/uploads\/2012\/07\/logo-bellunopress-250x250-2012.jpg\" \/>\n<meta name=\"author\" content=\"redazione\" \/>\n<meta name=\"twitter:card\" content=\"summary_large_image\" \/>\n<meta name=\"twitter:creator\" content=\"@bellunopress\" \/>\n<meta name=\"twitter:site\" content=\"@bellunopress\" \/>\n<meta name=\"twitter:label1\" content=\"Written by\" \/>\n\t<meta name=\"twitter:data1\" content=\"redazione\" \/>\n\t<meta name=\"twitter:label2\" content=\"Est. reading time\" \/>\n\t<meta name=\"twitter:data2\" content=\"1 minute\" \/>\n<script type=\"application\/ld+json\" class=\"yoast-schema-graph\">{\"@context\":\"https:\\\/\\\/schema.org\",\"@graph\":[{\"@type\":\"Article\",\"@id\":\"https:\\\/\\\/www.bellunopress.it\\\/2009\\\/09\\\/03\\\/prosegue-fino-alla-fine-di-settembre-il-mercatino-dei-libri-di-testo-per-scuole-medie-e-superiori-allo-spazio-giovani\\\/#article\",\"isPartOf\":{\"@id\":\"https:\\\/\\\/www.bellunopress.it\\\/2009\\\/09\\\/03\\\/prosegue-fino-alla-fine-di-settembre-il-mercatino-dei-libri-di-testo-per-scuole-medie-e-superiori-allo-spazio-giovani\\\/\"},\"author\":{\"name\":\"redazione\",\"@id\":\"https:\\\/\\\/www.bellunopress.it\\\/#\\\/schema\\\/person\\\/79bb06722b37ece1c03d3e94beb30d73\"},\"headline\":\"Prosegue fino alla fine di settembre il mercatino dei libri di testo per scuole medie e superiori allo Spazio Giovani\",\"datePublished\":\"2009-09-03T19:39:25+00:00\",\"mainEntityOfPage\":{\"@id\":\"https:\\\/\\\/www.bellunopress.it\\\/2009\\\/09\\\/03\\\/prosegue-fino-alla-fine-di-settembre-il-mercatino-dei-libri-di-testo-per-scuole-medie-e-superiori-allo-spazio-giovani\\\/\"},\"wordCount\":314,\"publisher\":{\"@id\":\"https:\\\/\\\/www.bellunopress.it\\\/#organization\"},\"articleSection\":[\"Prima Pagina\",\"Scuola\"],\"inLanguage\":\"fr-FR\"},{\"@type\":\"WebPage\",\"@id\":\"https:\\\/\\\/www.bellunopress.it\\\/2009\\\/09\\\/03\\\/prosegue-fino-alla-fine-di-settembre-il-mercatino-dei-libri-di-testo-per-scuole-medie-e-superiori-allo-spazio-giovani\\\/\",\"url\":\"https:\\\/\\\/www.bellunopress.it\\\/2009\\\/09\\\/03\\\/prosegue-fino-alla-fine-di-settembre-il-mercatino-dei-libri-di-testo-per-scuole-medie-e-superiori-allo-spazio-giovani\\\/\",\"name\":\"Prosegue fino alla fine di settembre il mercatino dei libri di testo per scuole medie e superiori allo Spazio Giovani - Bellunopress - Dolomiti\",\"isPartOf\":{\"@id\":\"https:\\\/\\\/www.bellunopress.it\\\/#website\"},\"datePublished\":\"2009-09-03T19:39:25+00:00\",\"breadcrumb\":{\"@id\":\"https:\\\/\\\/www.bellunopress.it\\\/2009\\\/09\\\/03\\\/prosegue-fino-alla-fine-di-settembre-il-mercatino-dei-libri-di-testo-per-scuole-medie-e-superiori-allo-spazio-giovani\\\/#breadcrumb\"},\"inLanguage\":\"fr-FR\",\"potentialAction\":[{\"@type\":\"ReadAction\",\"target\":[\"https:\\\/\\\/www.bellunopress.it\\\/2009\\\/09\\\/03\\\/prosegue-fino-alla-fine-di-settembre-il-mercatino-dei-libri-di-testo-per-scuole-medie-e-superiori-allo-spazio-giovani\\\/\"]}]},{\"@type\":\"BreadcrumbList\",\"@id\":\"https:\\\/\\\/www.bellunopress.it\\\/2009\\\/09\\\/03\\\/prosegue-fino-alla-fine-di-settembre-il-mercatino-dei-libri-di-testo-per-scuole-medie-e-superiori-allo-spazio-giovani\\\/#breadcrumb\",\"itemListElement\":[{\"@type\":\"ListItem\",\"position\":1,\"name\":\"Home\",\"item\":\"https:\\\/\\\/www.bellunopress.it\\\/\"},{\"@type\":\"ListItem\",\"position\":2,\"name\":\"Prosegue fino alla fine di settembre il mercatino dei libri di testo per scuole medie e superiori allo Spazio Giovani\"}]},{\"@type\":\"WebSite\",\"@id\":\"https:\\\/\\\/www.bellunopress.it\\\/#website\",\"url\":\"https:\\\/\\\/www.bellunopress.it\\\/\",\"name\":\"Bellunopress - Dolomiti\",\"description\":\"e-mail: redazione@bellunopress.it\",\"publisher\":{\"@id\":\"https:\\\/\\\/www.bellunopress.it\\\/#organization\"},\"potentialAction\":[{\"@type\":\"SearchAction\",\"target\":{\"@type\":\"EntryPoint\",\"urlTemplate\":\"https:\\\/\\\/www.bellunopress.it\\\/?s={search_term_string}\"},\"query-input\":{\"@type\":\"PropertyValueSpecification\",\"valueRequired\":true,\"valueName\":\"search_term_string\"}}],\"inLanguage\":\"fr-FR\"},{\"@type\":\"Organization\",\"@id\":\"https:\\\/\\\/www.bellunopress.it\\\/#organization\",\"name\":\"Bellunopress\",\"url\":\"https:\\\/\\\/www.bellunopress.it\\\/\",\"logo\":{\"@type\":\"ImageObject\",\"inLanguage\":\"fr-FR\",\"@id\":\"https:\\\/\\\/www.bellunopress.it\\\/#\\\/schema\\\/logo\\\/image\\\/\",\"url\":\"https:\\\/\\\/www.bellunopress.it\\\/wp-content\\\/uploads\\\/2011\\\/05\\\/cropped-logo-bellunopress-.jpg\",\"contentUrl\":\"https:\\\/\\\/www.bellunopress.it\\\/wp-content\\\/uploads\\\/2011\\\/05\\\/cropped-logo-bellunopress-.jpg\",\"width\":512,\"height\":512,\"caption\":\"Bellunopress\"},\"image\":{\"@id\":\"https:\\\/\\\/www.bellunopress.it\\\/#\\\/schema\\\/logo\\\/image\\\/\"},\"sameAs\":[\"https:\\\/\\\/www.facebook.com\\\/profile.php?id=100008943462799\",\"https:\\\/\\\/x.com\\\/bellunopress\",\"https:\\\/\\\/www.linkedin.com\\\/hp\\\/?dnr=JBzUWaJfMUw8vbXJJ2tVW5-I3jZKvC4wsoxE&amp;amp;amp;amp;amp;amp;trk=nav_responsive_tab_home\",\"https:\\\/\\\/www.youtube.com\\\/channel\\\/UCxL0wu1uN0_3_7hGG0306cw\"]},{\"@type\":\"Person\",\"@id\":\"https:\\\/\\\/www.bellunopress.it\\\/#\\\/schema\\\/person\\\/79bb06722b37ece1c03d3e94beb30d73\",\"name\":\"redazione\",\"image\":{\"@type\":\"ImageObject\",\"inLanguage\":\"fr-FR\",\"@id\":\"https:\\\/\\\/secure.gravatar.com\\\/avatar\\\/37d968a2e67a6fd04c169c4bdef102d0bc5d31b2546345219e348575eb80e9a0?s=96&d=mm&r=g\",\"url\":\"https:\\\/\\\/secure.gravatar.com\\\/avatar\\\/37d968a2e67a6fd04c169c4bdef102d0bc5d31b2546345219e348575eb80e9a0?s=96&d=mm&r=g\",\"contentUrl\":\"https:\\\/\\\/secure.gravatar.com\\\/avatar\\\/37d968a2e67a6fd04c169c4bdef102d0bc5d31b2546345219e348575eb80e9a0?s=96&d=mm&r=g\",\"caption\":\"redazione\"},\"sameAs\":[\"http:\\\/\\\/www.bellunopress.it\",\"https:\\\/\\\/x.com\\\/bellunopress\"],\"url\":\"https:\\\/\\\/www.bellunopress.it\\\/fr\\\/author\\\/redazione\\\/\"}]}<\/script>\n<!-- \/ Yoast SEO plugin. -->","yoast_head_json":{"title":"Prosegue fino alla fine di settembre il mercatino dei libri di testo per scuole medie e superiori allo Spazio Giovani - Bellunopress - Dolomiti","robots":{"index":"index","follow":"follow","max-snippet":"max-snippet:-1","max-image-preview":"max-image-preview:large","max-video-preview":"max-video-preview:-1"},"canonical":"https:\/\/www.bellunopress.it\/fr\/2009\/09\/03\/prosegue-fino-alla-fine-di-settembre-il-mercatino-dei-libri-di-testo-per-scuole-medie-e-superiori-allo-spazio-giovani\/","og_locale":"fr_FR","og_type":"article","og_title":"Prosegue fino alla fine di settembre il mercatino dei libri di testo per scuole medie e superiori allo Spazio Giovani - Bellunopress - Dolomiti","og_description":"Rester\u00e0 attivo ancora per tutto il mese di settembre il mercatino dei libri di testo delle Scuole secondarie di primo e secondo grado. Apertasi con la fine delle scuole, l&#8217;iniziativa \u00e8 proseguita con successo per tutta l&#8217;estate, permettendo a studenti e famiglie di scambiare, vendere o acquistare libri di testo utili per le attivit\u00e0 scolastiche [&hellip;]","og_url":"https:\/\/www.bellunopress.it\/fr\/2009\/09\/03\/prosegue-fino-alla-fine-di-settembre-il-mercatino-dei-libri-di-testo-per-scuole-medie-e-superiori-allo-spazio-giovani\/","og_site_name":"Bellunopress - Dolomiti","article_publisher":"https:\/\/www.facebook.com\/profile.php?id=100008943462799","article_published_time":"2009-09-03T19:39:25+00:00","og_image":[{"url":"http:\/\/www.bellunopress.it\/wp-content\/uploads\/2012\/07\/logo-bellunopress-250x250-2012.jpg","type":"","width":"","height":""}],"author":"redazione","twitter_card":"summary_large_image","twitter_creator":"@bellunopress","twitter_site":"@bellunopress","twitter_misc":{"Written by":"redazione","Est. reading time":"1 minute"},"schema":{"@context":"https:\/\/schema.org","@graph":[{"@type":"Article","@id":"https:\/\/www.bellunopress.it\/2009\/09\/03\/prosegue-fino-alla-fine-di-settembre-il-mercatino-dei-libri-di-testo-per-scuole-medie-e-superiori-allo-spazio-giovani\/#article","isPartOf":{"@id":"https:\/\/www.bellunopress.it\/2009\/09\/03\/prosegue-fino-alla-fine-di-settembre-il-mercatino-dei-libri-di-testo-per-scuole-medie-e-superiori-allo-spazio-giovani\/"},"author":{"name":"redazione","@id":"https:\/\/www.bellunopress.it\/#\/schema\/person\/79bb06722b37ece1c03d3e94beb30d73"},"headline":"Prosegue fino alla fine di settembre il mercatino dei libri di testo per scuole medie e superiori allo Spazio Giovani","datePublished":"2009-09-03T19:39:25+00:00","mainEntityOfPage":{"@id":"https:\/\/www.bellunopress.it\/2009\/09\/03\/prosegue-fino-alla-fine-di-settembre-il-mercatino-dei-libri-di-testo-per-scuole-medie-e-superiori-allo-spazio-giovani\/"},"wordCount":314,"publisher":{"@id":"https:\/\/www.bellunopress.it\/#organization"},"articleSection":["Prima Pagina","Scuola"],"inLanguage":"fr-FR"},{"@type":"WebPage","@id":"https:\/\/www.bellunopress.it\/2009\/09\/03\/prosegue-fino-alla-fine-di-settembre-il-mercatino-dei-libri-di-testo-per-scuole-medie-e-superiori-allo-spazio-giovani\/","url":"https:\/\/www.bellunopress.it\/2009\/09\/03\/prosegue-fino-alla-fine-di-settembre-il-mercatino-dei-libri-di-testo-per-scuole-medie-e-superiori-allo-spazio-giovani\/","name":"Prosegue fino alla fine di settembre il mercatino dei libri di testo per scuole medie e superiori allo Spazio Giovani - Bellunopress - Dolomiti","isPartOf":{"@id":"https:\/\/www.bellunopress.it\/#website"},"datePublished":"2009-09-03T19:39:25+00:00","breadcrumb":{"@id":"https:\/\/www.bellunopress.it\/2009\/09\/03\/prosegue-fino-alla-fine-di-settembre-il-mercatino-dei-libri-di-testo-per-scuole-medie-e-superiori-allo-spazio-giovani\/#breadcrumb"},"inLanguage":"fr-FR","potentialAction":[{"@type":"ReadAction","target":["https:\/\/www.bellunopress.it\/2009\/09\/03\/prosegue-fino-alla-fine-di-settembre-il-mercatino-dei-libri-di-testo-per-scuole-medie-e-superiori-allo-spazio-giovani\/"]}]},{"@type":"BreadcrumbList","@id":"https:\/\/www.bellunopress.it\/2009\/09\/03\/prosegue-fino-alla-fine-di-settembre-il-mercatino-dei-libri-di-testo-per-scuole-medie-e-superiori-allo-spazio-giovani\/#breadcrumb","itemListElement":[{"@type":"ListItem","position":1,"name":"Home","item":"https:\/\/www.bellunopress.it\/"},{"@type":"ListItem","position":2,"name":"Prosegue fino alla fine di settembre il mercatino dei libri di testo per scuole medie e superiori allo Spazio Giovani"}]},{"@type":"WebSite","@id":"https:\/\/www.bellunopress.it\/#website","url":"https:\/\/www.bellunopress.it\/","name":"Bellunopress - Dolomiti","description":"e-mail: redazione@bellunopress.it","publisher":{"@id":"https:\/\/www.bellunopress.it\/#organization"},"potentialAction":[{"@type":"SearchAction","target":{"@type":"EntryPoint","urlTemplate":"https:\/\/www.bellunopress.it\/?s={search_term_string}"},"query-input":{"@type":"PropertyValueSpecification","valueRequired":true,"valueName":"search_term_string"}}],"inLanguage":"fr-FR"},{"@type":"Organization","@id":"https:\/\/www.bellunopress.it\/#organization","name":"Bellunopress","url":"https:\/\/www.bellunopress.it\/","logo":{"@type":"ImageObject","inLanguage":"fr-FR","@id":"https:\/\/www.bellunopress.it\/#\/schema\/logo\/image\/","url":"https:\/\/www.bellunopress.it\/wp-content\/uploads\/2011\/05\/cropped-logo-bellunopress-.jpg","contentUrl":"https:\/\/www.bellunopress.it\/wp-content\/uploads\/2011\/05\/cropped-logo-bellunopress-.jpg","width":512,"height":512,"caption":"Bellunopress"},"image":{"@id":"https:\/\/www.bellunopress.it\/#\/schema\/logo\/image\/"},"sameAs":["https:\/\/www.facebook.com\/profile.php?id=100008943462799","https:\/\/x.com\/bellunopress","https:\/\/www.linkedin.com\/hp\/?dnr=JBzUWaJfMUw8vbXJJ2tVW5-I3jZKvC4wsoxE&amp;amp;amp;amp;amp;amp;trk=nav_responsive_tab_home","https:\/\/www.youtube.com\/channel\/UCxL0wu1uN0_3_7hGG0306cw"]},{"@type":"Person","@id":"https:\/\/www.bellunopress.it\/#\/schema\/person\/79bb06722b37ece1c03d3e94beb30d73","name":"r\u00e9daction","image":{"@type":"ImageObject","inLanguage":"fr-FR","@id":"https:\/\/secure.gravatar.com\/avatar\/37d968a2e67a6fd04c169c4bdef102d0bc5d31b2546345219e348575eb80e9a0?s=96&d=mm&r=g","url":"https:\/\/secure.gravatar.com\/avatar\/37d968a2e67a6fd04c169c4bdef102d0bc5d31b2546345219e348575eb80e9a0?s=96&d=mm&r=g","contentUrl":"https:\/\/secure.gravatar.com\/avatar\/37d968a2e67a6fd04c169c4bdef102d0bc5d31b2546345219e348575eb80e9a0?s=96&d=mm&r=g","caption":"redazione"},"sameAs":["http:\/\/www.bellunopress.it","https:\/\/x.com\/bellunopress"],"url":"https:\/\/www.bellunopress.it\/fr\/author\/redazione\/"}]}},"_links":{"self":[{"href":"https:\/\/www.bellunopress.it\/fr\/wp-json\/wp\/v2\/posts\/7712","targetHints":{"allow":["GET"]}}],"collection":[{"href":"https:\/\/www.bellunopress.it\/fr\/wp-json\/wp\/v2\/posts"}],"about":[{"href":"https:\/\/www.bellunopress.it\/fr\/wp-json\/wp\/v2\/types\/post"}],"author":[{"embeddable":true,"href":"https:\/\/www.bellunopress.it\/fr\/wp-json\/wp\/v2\/users\/2"}],"replies":[{"embeddable":true,"href":"https:\/\/www.bellunopress.it\/fr\/wp-json\/wp\/v2\/comments?post=7712"}],"version-history":[{"count":1,"href":"https:\/\/www.bellunopress.it\/fr\/wp-json\/wp\/v2\/posts\/7712\/revisions"}],"predecessor-version":[{"id":7714,"href":"https:\/\/www.bellunopress.it\/fr\/wp-json\/wp\/v2\/posts\/7712\/revisions\/7714"}],"wp:attachment":[{"href":"https:\/\/www.bellunopress.it\/fr\/wp-json\/wp\/v2\/media?parent=7712"}],"wp:term":[{"taxonomy":"category","embeddable":true,"href":"https:\/\/www.bellunopress.it\/fr\/wp-json\/wp\/v2\/categories?post=7712"},{"taxonomy":"post_tag","embeddable":true,"href":"https:\/\/www.bellunopress.it\/fr\/wp-json\/wp\/v2\/tags?post=7712"}],"curies":[{"name":"wp","href":"https:\/\/api.w.org\/{rel}","templated":true}]}}