{"id":771,"date":"2009-02-18T18:36:53","date_gmt":"2009-02-18T17:36:53","guid":{"rendered":"http:\/\/www.bellunopress.it\/?p=771"},"modified":"2009-02-18T18:36:53","modified_gmt":"2009-02-18T17:36:53","slug":"paniere-veneto-lascom-di-belluno-sta-rispettando-gli-impegni","status":"publish","type":"post","link":"https:\/\/www.bellunopress.it\/fr\/2009\/02\/18\/paniere-veneto-lascom-di-belluno-sta-rispettando-gli-impegni\/","title":{"rendered":"Paniere Veneto: l&#8217;Ascom di Belluno sta rispettando gli impegni"},"content":{"rendered":"<p><em><span style=\"font-size: small; font-family: Times New Roman;\"><a href=\"http:\/\/www.bellunopress.it\/wp-content\/uploads\/2009\/02\/pane-80x80.jpg\"><img loading=\"lazy\" decoding=\"async\" class=\"alignleft size-medium wp-image-772\" title=\"pane-80x80\" src=\"http:\/\/www.bellunopress.it\/wp-content\/uploads\/2009\/02\/pane-80x80.jpg\" alt=\"\" width=\"79\" height=\"79\" \/><\/a>&#8220;Ad oggi sono oltre 90 i negozianti associati all&#8217;Ascom bellunese che hanno aderito all&#8217;iniziativa e ricevuto il materiale stampato dalla Regione Veneto. L&#8217;elenco \u00e8 facilmente reperibile dalle associazioni dei consumatori sul sito <a href=\"http:\/\/www.ascombelluno.it\">www.ascombelluno.it<\/a> che, per testimoniare l&#8217;importanza dell&#8217;iniziativa, dedica un ampio spazio proprio sull&#8217;home page. L&#8217;elenco degli aderenti viene aggiornato continuamente&#8221;. Replica cos\u00ec Romano Battaglia, presidente del sindacato alimentaristi Ascom di Belluno all&#8217;accusa delle associazioni dei consumatori secondo cui non si riscontrerebbero ad oggi negozi aderenti all&#8217;iniziativa &#8220;Paniere Veneto&#8221; promossa dalla Regione. &#8220;Il ruolo delle associazioni dei consumatori, anzich\u00e9 essere di critica aprioristica ed infondata &#8211; prosegue Battaglia &#8211;\u00a0 dovrebbe essere, di collaborazione nel valorizzare la rete degli esercizi aderenti; perch\u00e8 quindi usare in modo generalista gli organi di informazione prima ancora di aver verificato con la nostra Associazione l&#8217;elenco degli aderenti ed aver concordato le conseguenti iniziative divulgative? In questo modo il senso di collaborazione e di condivisione su cui si basa il protocollo regionale viene travisato. Nel solo Comune di Belluno ci sono circa 15 negozi aderenti. Inoltre, ogni gruppo di acquisto, catena di distribuzione commerciale, grossista, singolo esercente ed associazione sta proponendo attraverso i propri affiliati varie iniziative di contenimento dei prezzi. E questo \u00e8 un ulteriore fattore positivo: l&#8217;obiettivo finale \u00e8 che il consumatore abbia il modo di affrontare con maggior serenit\u00e0 il mercato.<br \/>\nL&#8217;Ascom di Belluno ed il sindacato provinciale alimentaristi invitano quindi ad un confronto collaborativo e costruttivo, nell&#8217;ottica di poter sviluppare insieme iniziative e progetti che\u00a0 l&#8217;associazione ha in animo di realizzare\u201d.<\/span><\/em><\/p>","protected":false},"excerpt":{"rendered":"<p>&#8220;Ad oggi sono oltre 90 i negozianti associati all&#8217;Ascom bellunese che hanno aderito all&#8217;iniziativa e ricevuto il materiale stampato dalla Regione Veneto. L&#8217;elenco \u00e8 facilmente reperibile dalle associazioni dei consumatori sul sito www.ascombelluno.it che, per testimoniare l&#8217;importanza dell&#8217;iniziativa, dedica un ampio spazio proprio sull&#8217;home page. L&#8217;elenco degli aderenti viene aggiornato continuamente&#8221;. Replica cos\u00ec Romano Battaglia, [&hellip;]<\/p>\n","protected":false},"author":2,"featured_media":0,"comment_status":"closed","ping_status":"open","sticky":false,"template":"","format":"standard","meta":{"footnotes":""},"categories":[26],"tags":[139],"class_list":["post-771","post","type-post","status-publish","format-standard","category-prima-pagina","tag-belluno"],"yoast_head":"<!-- This site is optimized with the Yoast SEO plugin v28.4 - https:\/\/yoast.com\/product\/yoast-seo-wordpress\/ -->\n<title>Paniere Veneto: l&#039;Ascom di Belluno sta rispettando gli impegni - Bellunopress - Dolomiti<\/title>\n<meta name=\"robots\" content=\"index, follow, max-snippet:-1, max-image-preview:large, max-video-preview:-1\" \/>\n<link rel=\"canonical\" href=\"https:\/\/www.bellunopress.it\/fr\/2009\/02\/18\/paniere-veneto-lascom-di-belluno-sta-rispettando-gli-impegni\/\" \/>\n<meta property=\"og:locale\" content=\"fr_FR\" \/>\n<meta property=\"og:type\" content=\"article\" \/>\n<meta property=\"og:title\" content=\"Paniere Veneto: l&#039;Ascom di Belluno sta rispettando gli impegni - Bellunopress - Dolomiti\" \/>\n<meta property=\"og:description\" content=\"&#8220;Ad oggi sono oltre 90 i negozianti associati all&#8217;Ascom bellunese che hanno aderito all&#8217;iniziativa e ricevuto il materiale stampato dalla Regione Veneto. L&#8217;elenco \u00e8 facilmente reperibile dalle associazioni dei consumatori sul sito www.ascombelluno.it che, per testimoniare l&#8217;importanza dell&#8217;iniziativa, dedica un ampio spazio proprio sull&#8217;home page. L&#8217;elenco degli aderenti viene aggiornato continuamente&#8221;. Replica cos\u00ec Romano Battaglia, [&hellip;]\" \/>\n<meta property=\"og:url\" content=\"https:\/\/www.bellunopress.it\/fr\/2009\/02\/18\/paniere-veneto-lascom-di-belluno-sta-rispettando-gli-impegni\/\" \/>\n<meta property=\"og:site_name\" content=\"Bellunopress - Dolomiti\" \/>\n<meta property=\"article:publisher\" content=\"https:\/\/www.facebook.com\/profile.php?id=100008943462799\" \/>\n<meta property=\"article:published_time\" content=\"2009-02-18T17:36:53+00:00\" \/>\n<meta property=\"og:image\" content=\"http:\/\/www.bellunopress.it\/wp-content\/uploads\/2009\/02\/pane-80x80.jpg\" \/>\n<meta name=\"author\" content=\"redazione\" \/>\n<meta name=\"twitter:card\" content=\"summary_large_image\" \/>\n<meta name=\"twitter:creator\" content=\"@bellunopress\" \/>\n<meta name=\"twitter:site\" content=\"@bellunopress\" \/>\n<meta name=\"twitter:label1\" content=\"\u00c9crit par\" \/>\n\t<meta name=\"twitter:data1\" content=\"redazione\" \/>\n\t<meta name=\"twitter:label2\" content=\"Dur\u00e9e de lecture estim\u00e9e\" \/>\n\t<meta name=\"twitter:data2\" content=\"1 minute\" \/>\n<script type=\"application\/ld+json\" class=\"yoast-schema-graph\">{\"@context\":\"https:\\\/\\\/schema.org\",\"@graph\":[{\"@type\":\"Article\",\"@id\":\"https:\\\/\\\/www.bellunopress.it\\\/2009\\\/02\\\/18\\\/paniere-veneto-lascom-di-belluno-sta-rispettando-gli-impegni\\\/#article\",\"isPartOf\":{\"@id\":\"https:\\\/\\\/www.bellunopress.it\\\/2009\\\/02\\\/18\\\/paniere-veneto-lascom-di-belluno-sta-rispettando-gli-impegni\\\/\"},\"author\":{\"name\":\"redazione\",\"@id\":\"https:\\\/\\\/www.bellunopress.it\\\/#\\\/schema\\\/person\\\/79bb06722b37ece1c03d3e94beb30d73\"},\"headline\":\"Paniere Veneto: l&#8217;Ascom di Belluno sta rispettando gli impegni\",\"datePublished\":\"2009-02-18T17:36:53+00:00\",\"mainEntityOfPage\":{\"@id\":\"https:\\\/\\\/www.bellunopress.it\\\/2009\\\/02\\\/18\\\/paniere-veneto-lascom-di-belluno-sta-rispettando-gli-impegni\\\/\"},\"wordCount\":270,\"publisher\":{\"@id\":\"https:\\\/\\\/www.bellunopress.it\\\/#organization\"},\"image\":{\"@id\":\"https:\\\/\\\/www.bellunopress.it\\\/2009\\\/02\\\/18\\\/paniere-veneto-lascom-di-belluno-sta-rispettando-gli-impegni\\\/#primaryimage\"},\"thumbnailUrl\":\"http:\\\/\\\/www.bellunopress.it\\\/wp-content\\\/uploads\\\/2009\\\/02\\\/pane-80x80.jpg\",\"keywords\":[\"Belluno\"],\"articleSection\":[\"Prima Pagina\"],\"inLanguage\":\"fr-FR\"},{\"@type\":\"WebPage\",\"@id\":\"https:\\\/\\\/www.bellunopress.it\\\/2009\\\/02\\\/18\\\/paniere-veneto-lascom-di-belluno-sta-rispettando-gli-impegni\\\/\",\"url\":\"https:\\\/\\\/www.bellunopress.it\\\/2009\\\/02\\\/18\\\/paniere-veneto-lascom-di-belluno-sta-rispettando-gli-impegni\\\/\",\"name\":\"Paniere Veneto: l'Ascom di Belluno sta rispettando gli impegni - Bellunopress - Dolomiti\",\"isPartOf\":{\"@id\":\"https:\\\/\\\/www.bellunopress.it\\\/#website\"},\"primaryImageOfPage\":{\"@id\":\"https:\\\/\\\/www.bellunopress.it\\\/2009\\\/02\\\/18\\\/paniere-veneto-lascom-di-belluno-sta-rispettando-gli-impegni\\\/#primaryimage\"},\"image\":{\"@id\":\"https:\\\/\\\/www.bellunopress.it\\\/2009\\\/02\\\/18\\\/paniere-veneto-lascom-di-belluno-sta-rispettando-gli-impegni\\\/#primaryimage\"},\"thumbnailUrl\":\"http:\\\/\\\/www.bellunopress.it\\\/wp-content\\\/uploads\\\/2009\\\/02\\\/pane-80x80.jpg\",\"datePublished\":\"2009-02-18T17:36:53+00:00\",\"breadcrumb\":{\"@id\":\"https:\\\/\\\/www.bellunopress.it\\\/2009\\\/02\\\/18\\\/paniere-veneto-lascom-di-belluno-sta-rispettando-gli-impegni\\\/#breadcrumb\"},\"inLanguage\":\"fr-FR\",\"potentialAction\":[{\"@type\":\"ReadAction\",\"target\":[\"https:\\\/\\\/www.bellunopress.it\\\/2009\\\/02\\\/18\\\/paniere-veneto-lascom-di-belluno-sta-rispettando-gli-impegni\\\/\"]}]},{\"@type\":\"ImageObject\",\"inLanguage\":\"fr-FR\",\"@id\":\"https:\\\/\\\/www.bellunopress.it\\\/2009\\\/02\\\/18\\\/paniere-veneto-lascom-di-belluno-sta-rispettando-gli-impegni\\\/#primaryimage\",\"url\":\"http:\\\/\\\/www.bellunopress.it\\\/wp-content\\\/uploads\\\/2009\\\/02\\\/pane-80x80.jpg\",\"contentUrl\":\"http:\\\/\\\/www.bellunopress.it\\\/wp-content\\\/uploads\\\/2009\\\/02\\\/pane-80x80.jpg\"},{\"@type\":\"BreadcrumbList\",\"@id\":\"https:\\\/\\\/www.bellunopress.it\\\/2009\\\/02\\\/18\\\/paniere-veneto-lascom-di-belluno-sta-rispettando-gli-impegni\\\/#breadcrumb\",\"itemListElement\":[{\"@type\":\"ListItem\",\"position\":1,\"name\":\"Home\",\"item\":\"https:\\\/\\\/www.bellunopress.it\\\/\"},{\"@type\":\"ListItem\",\"position\":2,\"name\":\"Paniere Veneto: l&#8217;Ascom di Belluno sta rispettando gli impegni\"}]},{\"@type\":\"WebSite\",\"@id\":\"https:\\\/\\\/www.bellunopress.it\\\/#website\",\"url\":\"https:\\\/\\\/www.bellunopress.it\\\/\",\"name\":\"Bellunopress - Dolomiti\",\"description\":\"e-mail: redazione@bellunopress.it\",\"publisher\":{\"@id\":\"https:\\\/\\\/www.bellunopress.it\\\/#organization\"},\"potentialAction\":[{\"@type\":\"SearchAction\",\"target\":{\"@type\":\"EntryPoint\",\"urlTemplate\":\"https:\\\/\\\/www.bellunopress.it\\\/?s={search_term_string}\"},\"query-input\":{\"@type\":\"PropertyValueSpecification\",\"valueRequired\":true,\"valueName\":\"search_term_string\"}}],\"inLanguage\":\"fr-FR\"},{\"@type\":\"Organization\",\"@id\":\"https:\\\/\\\/www.bellunopress.it\\\/#organization\",\"name\":\"Bellunopress\",\"url\":\"https:\\\/\\\/www.bellunopress.it\\\/\",\"logo\":{\"@type\":\"ImageObject\",\"inLanguage\":\"fr-FR\",\"@id\":\"https:\\\/\\\/www.bellunopress.it\\\/#\\\/schema\\\/logo\\\/image\\\/\",\"url\":\"https:\\\/\\\/www.bellunopress.it\\\/wp-content\\\/uploads\\\/2011\\\/05\\\/cropped-logo-bellunopress-.jpg\",\"contentUrl\":\"https:\\\/\\\/www.bellunopress.it\\\/wp-content\\\/uploads\\\/2011\\\/05\\\/cropped-logo-bellunopress-.jpg\",\"width\":512,\"height\":512,\"caption\":\"Bellunopress\"},\"image\":{\"@id\":\"https:\\\/\\\/www.bellunopress.it\\\/#\\\/schema\\\/logo\\\/image\\\/\"},\"sameAs\":[\"https:\\\/\\\/www.facebook.com\\\/profile.php?id=100008943462799\",\"https:\\\/\\\/x.com\\\/bellunopress\",\"https:\\\/\\\/www.linkedin.com\\\/hp\\\/?dnr=JBzUWaJfMUw8vbXJJ2tVW5-I3jZKvC4wsoxE&amp;amp;amp;amp;amp;amp;trk=nav_responsive_tab_home\",\"https:\\\/\\\/www.youtube.com\\\/channel\\\/UCxL0wu1uN0_3_7hGG0306cw\"]},{\"@type\":\"Person\",\"@id\":\"https:\\\/\\\/www.bellunopress.it\\\/#\\\/schema\\\/person\\\/79bb06722b37ece1c03d3e94beb30d73\",\"name\":\"redazione\",\"image\":{\"@type\":\"ImageObject\",\"inLanguage\":\"fr-FR\",\"@id\":\"https:\\\/\\\/secure.gravatar.com\\\/avatar\\\/37d968a2e67a6fd04c169c4bdef102d0bc5d31b2546345219e348575eb80e9a0?s=96&d=mm&r=g\",\"url\":\"https:\\\/\\\/secure.gravatar.com\\\/avatar\\\/37d968a2e67a6fd04c169c4bdef102d0bc5d31b2546345219e348575eb80e9a0?s=96&d=mm&r=g\",\"contentUrl\":\"https:\\\/\\\/secure.gravatar.com\\\/avatar\\\/37d968a2e67a6fd04c169c4bdef102d0bc5d31b2546345219e348575eb80e9a0?s=96&d=mm&r=g\",\"caption\":\"redazione\"},\"sameAs\":[\"http:\\\/\\\/www.bellunopress.it\",\"https:\\\/\\\/x.com\\\/bellunopress\"],\"url\":\"https:\\\/\\\/www.bellunopress.it\\\/fr\\\/author\\\/redazione\\\/\"}]}<\/script>\n<!-- \/ Yoast SEO plugin. -->","yoast_head_json":{"title":"Paniere Veneto: l'Ascom di Belluno sta rispettando gli impegni - Bellunopress - Dolomiti","robots":{"index":"index","follow":"follow","max-snippet":"max-snippet:-1","max-image-preview":"max-image-preview:large","max-video-preview":"max-video-preview:-1"},"canonical":"https:\/\/www.bellunopress.it\/fr\/2009\/02\/18\/paniere-veneto-lascom-di-belluno-sta-rispettando-gli-impegni\/","og_locale":"fr_FR","og_type":"article","og_title":"Paniere Veneto: l'Ascom di Belluno sta rispettando gli impegni - Bellunopress - Dolomiti","og_description":"&#8220;Ad oggi sono oltre 90 i negozianti associati all&#8217;Ascom bellunese che hanno aderito all&#8217;iniziativa e ricevuto il materiale stampato dalla Regione Veneto. L&#8217;elenco \u00e8 facilmente reperibile dalle associazioni dei consumatori sul sito www.ascombelluno.it che, per testimoniare l&#8217;importanza dell&#8217;iniziativa, dedica un ampio spazio proprio sull&#8217;home page. L&#8217;elenco degli aderenti viene aggiornato continuamente&#8221;. Replica cos\u00ec Romano Battaglia, [&hellip;]","og_url":"https:\/\/www.bellunopress.it\/fr\/2009\/02\/18\/paniere-veneto-lascom-di-belluno-sta-rispettando-gli-impegni\/","og_site_name":"Bellunopress - Dolomiti","article_publisher":"https:\/\/www.facebook.com\/profile.php?id=100008943462799","article_published_time":"2009-02-18T17:36:53+00:00","og_image":[{"url":"http:\/\/www.bellunopress.it\/wp-content\/uploads\/2009\/02\/pane-80x80.jpg","type":"","width":"","height":""}],"author":"redazione","twitter_card":"summary_large_image","twitter_creator":"@bellunopress","twitter_site":"@bellunopress","twitter_misc":{"\u00c9crit par":"redazione","Dur\u00e9e de lecture estim\u00e9e":"1 minute"},"schema":{"@context":"https:\/\/schema.org","@graph":[{"@type":"Article","@id":"https:\/\/www.bellunopress.it\/2009\/02\/18\/paniere-veneto-lascom-di-belluno-sta-rispettando-gli-impegni\/#article","isPartOf":{"@id":"https:\/\/www.bellunopress.it\/2009\/02\/18\/paniere-veneto-lascom-di-belluno-sta-rispettando-gli-impegni\/"},"author":{"name":"redazione","@id":"https:\/\/www.bellunopress.it\/#\/schema\/person\/79bb06722b37ece1c03d3e94beb30d73"},"headline":"Paniere Veneto: l&#8217;Ascom di Belluno sta rispettando gli impegni","datePublished":"2009-02-18T17:36:53+00:00","mainEntityOfPage":{"@id":"https:\/\/www.bellunopress.it\/2009\/02\/18\/paniere-veneto-lascom-di-belluno-sta-rispettando-gli-impegni\/"},"wordCount":270,"publisher":{"@id":"https:\/\/www.bellunopress.it\/#organization"},"image":{"@id":"https:\/\/www.bellunopress.it\/2009\/02\/18\/paniere-veneto-lascom-di-belluno-sta-rispettando-gli-impegni\/#primaryimage"},"thumbnailUrl":"http:\/\/www.bellunopress.it\/wp-content\/uploads\/2009\/02\/pane-80x80.jpg","keywords":["Belluno"],"articleSection":["Prima Pagina"],"inLanguage":"fr-FR"},{"@type":"WebPage","@id":"https:\/\/www.bellunopress.it\/2009\/02\/18\/paniere-veneto-lascom-di-belluno-sta-rispettando-gli-impegni\/","url":"https:\/\/www.bellunopress.it\/2009\/02\/18\/paniere-veneto-lascom-di-belluno-sta-rispettando-gli-impegni\/","name":"Paniere Veneto: l'Ascom di Belluno sta rispettando gli impegni - Bellunopress - Dolomiti","isPartOf":{"@id":"https:\/\/www.bellunopress.it\/#website"},"primaryImageOfPage":{"@id":"https:\/\/www.bellunopress.it\/2009\/02\/18\/paniere-veneto-lascom-di-belluno-sta-rispettando-gli-impegni\/#primaryimage"},"image":{"@id":"https:\/\/www.bellunopress.it\/2009\/02\/18\/paniere-veneto-lascom-di-belluno-sta-rispettando-gli-impegni\/#primaryimage"},"thumbnailUrl":"http:\/\/www.bellunopress.it\/wp-content\/uploads\/2009\/02\/pane-80x80.jpg","datePublished":"2009-02-18T17:36:53+00:00","breadcrumb":{"@id":"https:\/\/www.bellunopress.it\/2009\/02\/18\/paniere-veneto-lascom-di-belluno-sta-rispettando-gli-impegni\/#breadcrumb"},"inLanguage":"fr-FR","potentialAction":[{"@type":"ReadAction","target":["https:\/\/www.bellunopress.it\/2009\/02\/18\/paniere-veneto-lascom-di-belluno-sta-rispettando-gli-impegni\/"]}]},{"@type":"ImageObject","inLanguage":"fr-FR","@id":"https:\/\/www.bellunopress.it\/2009\/02\/18\/paniere-veneto-lascom-di-belluno-sta-rispettando-gli-impegni\/#primaryimage","url":"http:\/\/www.bellunopress.it\/wp-content\/uploads\/2009\/02\/pane-80x80.jpg","contentUrl":"http:\/\/www.bellunopress.it\/wp-content\/uploads\/2009\/02\/pane-80x80.jpg"},{"@type":"BreadcrumbList","@id":"https:\/\/www.bellunopress.it\/2009\/02\/18\/paniere-veneto-lascom-di-belluno-sta-rispettando-gli-impegni\/#breadcrumb","itemListElement":[{"@type":"ListItem","position":1,"name":"Home","item":"https:\/\/www.bellunopress.it\/"},{"@type":"ListItem","position":2,"name":"Paniere Veneto: l&#8217;Ascom di Belluno sta rispettando gli impegni"}]},{"@type":"WebSite","@id":"https:\/\/www.bellunopress.it\/#website","url":"https:\/\/www.bellunopress.it\/","name":"Bellunopress - Dolomiti","description":"e-mail: redazione@bellunopress.it","publisher":{"@id":"https:\/\/www.bellunopress.it\/#organization"},"potentialAction":[{"@type":"SearchAction","target":{"@type":"EntryPoint","urlTemplate":"https:\/\/www.bellunopress.it\/?s={search_term_string}"},"query-input":{"@type":"PropertyValueSpecification","valueRequired":true,"valueName":"search_term_string"}}],"inLanguage":"fr-FR"},{"@type":"Organization","@id":"https:\/\/www.bellunopress.it\/#organization","name":"Bellunopress","url":"https:\/\/www.bellunopress.it\/","logo":{"@type":"ImageObject","inLanguage":"fr-FR","@id":"https:\/\/www.bellunopress.it\/#\/schema\/logo\/image\/","url":"https:\/\/www.bellunopress.it\/wp-content\/uploads\/2011\/05\/cropped-logo-bellunopress-.jpg","contentUrl":"https:\/\/www.bellunopress.it\/wp-content\/uploads\/2011\/05\/cropped-logo-bellunopress-.jpg","width":512,"height":512,"caption":"Bellunopress"},"image":{"@id":"https:\/\/www.bellunopress.it\/#\/schema\/logo\/image\/"},"sameAs":["https:\/\/www.facebook.com\/profile.php?id=100008943462799","https:\/\/x.com\/bellunopress","https:\/\/www.linkedin.com\/hp\/?dnr=JBzUWaJfMUw8vbXJJ2tVW5-I3jZKvC4wsoxE&amp;amp;amp;amp;amp;amp;trk=nav_responsive_tab_home","https:\/\/www.youtube.com\/channel\/UCxL0wu1uN0_3_7hGG0306cw"]},{"@type":"Person","@id":"https:\/\/www.bellunopress.it\/#\/schema\/person\/79bb06722b37ece1c03d3e94beb30d73","name":"r\u00e9daction","image":{"@type":"ImageObject","inLanguage":"fr-FR","@id":"https:\/\/secure.gravatar.com\/avatar\/37d968a2e67a6fd04c169c4bdef102d0bc5d31b2546345219e348575eb80e9a0?s=96&d=mm&r=g","url":"https:\/\/secure.gravatar.com\/avatar\/37d968a2e67a6fd04c169c4bdef102d0bc5d31b2546345219e348575eb80e9a0?s=96&d=mm&r=g","contentUrl":"https:\/\/secure.gravatar.com\/avatar\/37d968a2e67a6fd04c169c4bdef102d0bc5d31b2546345219e348575eb80e9a0?s=96&d=mm&r=g","caption":"redazione"},"sameAs":["http:\/\/www.bellunopress.it","https:\/\/x.com\/bellunopress"],"url":"https:\/\/www.bellunopress.it\/fr\/author\/redazione\/"}]}},"_links":{"self":[{"href":"https:\/\/www.bellunopress.it\/fr\/wp-json\/wp\/v2\/posts\/771","targetHints":{"allow":["GET"]}}],"collection":[{"href":"https:\/\/www.bellunopress.it\/fr\/wp-json\/wp\/v2\/posts"}],"about":[{"href":"https:\/\/www.bellunopress.it\/fr\/wp-json\/wp\/v2\/types\/post"}],"author":[{"embeddable":true,"href":"https:\/\/www.bellunopress.it\/fr\/wp-json\/wp\/v2\/users\/2"}],"replies":[{"embeddable":true,"href":"https:\/\/www.bellunopress.it\/fr\/wp-json\/wp\/v2\/comments?post=771"}],"version-history":[{"count":1,"href":"https:\/\/www.bellunopress.it\/fr\/wp-json\/wp\/v2\/posts\/771\/revisions"}],"predecessor-version":[{"id":773,"href":"https:\/\/www.bellunopress.it\/fr\/wp-json\/wp\/v2\/posts\/771\/revisions\/773"}],"wp:attachment":[{"href":"https:\/\/www.bellunopress.it\/fr\/wp-json\/wp\/v2\/media?parent=771"}],"wp:term":[{"taxonomy":"category","embeddable":true,"href":"https:\/\/www.bellunopress.it\/fr\/wp-json\/wp\/v2\/categories?post=771"},{"taxonomy":"post_tag","embeddable":true,"href":"https:\/\/www.bellunopress.it\/fr\/wp-json\/wp\/v2\/tags?post=771"}],"curies":[{"name":"wp","href":"https:\/\/api.w.org\/{rel}","templated":true}]}}