{"id":7708,"date":"2009-09-03T19:51:51","date_gmt":"2009-09-03T18:51:51","guid":{"rendered":"http:\/\/www.bellunopress.it\/?p=7708"},"modified":"2009-09-03T19:51:51","modified_gmt":"2009-09-03T18:51:51","slug":"spes-belluno-lancia-una-giornata-del-volley-per-coinvolgere-i-giovani-domenica-27-pomeriggio-di-test-per-selezionare-i-futuri-atleti-del-settore-agonistico","status":"publish","type":"post","link":"https:\/\/www.bellunopress.it\/fr\/2009\/09\/03\/spes-belluno-lancia-una-giornata-del-volley-per-coinvolgere-i-giovani-domenica-27-pomeriggio-di-test-per-selezionare-i-futuri-atleti-del-settore-agonistico\/","title":{"rendered":"Spes Belluno lancia una Giornata del volley per coinvolgere i giovani. Domenica 27 pomeriggio di test per selezionare i futuri atleti del settore agonistico"},"content":{"rendered":"<p>\u201cPer riuscire nello sport, come nella vita, non bastano capacit\u00e0 ed impegno, ma occorrono anche l\u2019ambiente giusto e persone che credano in te\u201d. Partendo convinta di questa massima, la nuova societ\u00e0 di pallavolo Spes Belluno lancia una sfida ai giovani bellunesi che vogliano confrontarsi, che desiderino impegnarsi e appassionarsi nello sport. \u201cTi senti una persona speciale? Allora provaci! Partecipa alla Giornata delle Ammissioni ai gruppi altamente agonistici maschile e femminile della Spes Belluno\u201d \u00e8 l\u2019invito della campagna di comunicazione che parte da oggi a Belluno e nei comuni limitrofi. Sul manifesto compare Francesca \u201cCisky\u201d Marcon, atleta nata e cresciuta sportivamente a Conegliano e protagonista dell\u2019estate azzurra: con l\u2019Italia ha conquistato la medaglia d\u2019oro ai Giochi del Mediterraneo di Pescara.<\/p>\n<figure id=\"attachment_7710\" aria-describedby=\"caption-attachment-7710\" style=\"width: 130px\" class=\"wp-caption alignleft\"><a href=\"http:\/\/www.bellunopress.it\/wp-content\/uploads\/2009\/09\/caneve-angelo-_presidente-spes-belluno.jpg\"><img loading=\"lazy\" decoding=\"async\" class=\"size-medium wp-image-7710\" title=\"caneve-angelo-_presidente-spes-belluno\" src=\"http:\/\/www.bellunopress.it\/wp-content\/uploads\/2009\/09\/caneve-angelo-_presidente-spes-belluno.jpg\" alt=\"Angelo Caneve presidente Spes\" width=\"130\" height=\"130\" \/><\/a><figcaption id=\"caption-attachment-7710\" class=\"wp-caption-text\">Angelo Caneve presidente Spes<\/figcaption><\/figure>\n<p>\u201cCisky rappresenta un modello per i nostri giovani \u2013 spiega Angelo Caneve, presidente della Spes Belluno &#8211; Vive in una cittadina simile a Belluno, Conegliano, e l\u00ec, unendo talento e impegno al giusto ambiente, ha ottenuto grandi risultati. Noi oggi a Belluno intendiamo proporre un ambiente di qualit\u00e0, a partire dall\u2019impianto che abbiamo a disposizione, la Spes Arena, per arrivare alle persone che si occuperanno di allenare e seguire i giovani nella loro crescita. Cureremo un settore giovanile, sia nel maschile che nel femminile, dalle due anime: da una parte lo sport per tutti, dall\u2019altra l\u2019agonismo per chi ha capacit\u00e0 e vuole emergere\u201d. La presentazione della societ\u00e0 e dell&#8217;evento si \u00e8 svolta stamattina nel palasport, con la partecipazione dei vicepresidenti Fabiana Bianchini (foto in prima pagina)<\/p>\n<p>\u00a0e Adriano Fistarol, del presidente della Fipav Belluno Roberto Dell&#8217;Olivo e dell&#8217;assessore allo Sport del Comune di Belluno, Michele Carbogno.<br \/>\nL\u2019appuntamento sar\u00e0 per le 15.30 di domenica 27 settembre, alla Spes Arena. Nel pomeriggio della Spes Belluno interverranno i tecnici e alcune atlete della Spes Conegliano, societ\u00e0 di A1 femminile che appoggia la nascita della nuova realt\u00e0 bellunese. Sono invitati ragazzi e ragazze tra i 10 e i 15 anni. Non serve saper gi\u00e0 giocare a pallavolo per partecipare ai test, che serviranno soprattutto a conoscere le doti e le capacit\u00e0 fisiche e atletiche. I ragazzi saranno misurati e pesati, proveranno il lancio della palla medica, il salto (misurato elettronicamente) e la velocit\u00e0. Gli atleti gi\u00e0 tesserati con altre societ\u00e0 di pallavolo potranno partecipare ai test, ma non saranno inseriti nelle squadre della Spes Belluno senza il consenso della squadra di provenienza. Per provare i test, entrare in contatto con la societ\u00e0 e ottenere informazioni sulle attivit\u00e0 e sulla Giornata delle Ammissioni sono disponibili due numeri di telefono, 339.6648855 per il settore maschile e 347.9747723 per il settore femminile, e la mail <a href=\"mailto:info@spesbelluno.it\">info@spesbelluno.it<\/a>.<\/p>","protected":false},"excerpt":{"rendered":"<p>\u201cPer riuscire nello sport, come nella vita, non bastano capacit\u00e0 ed impegno, ma occorrono anche l\u2019ambiente giusto e persone che credano in te\u201d. Partendo convinta di questa massima, la nuova societ\u00e0 di pallavolo Spes Belluno lancia una sfida ai giovani bellunesi che vogliano confrontarsi, che desiderino impegnarsi e appassionarsi nello sport. \u201cTi senti una persona [&hellip;]<\/p>\n","protected":false},"author":2,"featured_media":0,"comment_status":"closed","ping_status":"open","sticky":false,"template":"","format":"standard","meta":{"footnotes":""},"categories":[26,4],"tags":[139],"class_list":["post-7708","post","type-post","status-publish","format-standard","category-prima-pagina","category-sport","tag-belluno"],"yoast_head":"<!-- This site is optimized with the Yoast SEO plugin v28.4 - https:\/\/yoast.com\/product\/yoast-seo-wordpress\/ -->\n<title>Spes Belluno lancia una Giornata del volley per coinvolgere i giovani. Domenica 27 pomeriggio di test per selezionare i futuri atleti del settore agonistico - Bellunopress - Dolomiti<\/title>\n<meta name=\"robots\" content=\"index, follow, max-snippet:-1, max-image-preview:large, max-video-preview:-1\" \/>\n<link rel=\"canonical\" href=\"https:\/\/www.bellunopress.it\/fr\/2009\/09\/03\/spes-belluno-lancia-una-giornata-del-volley-per-coinvolgere-i-giovani-domenica-27-pomeriggio-di-test-per-selezionare-i-futuri-atleti-del-settore-agonistico\/\" \/>\n<meta property=\"og:locale\" content=\"fr_FR\" \/>\n<meta property=\"og:type\" content=\"article\" \/>\n<meta property=\"og:title\" content=\"Spes Belluno lancia una Giornata del volley per coinvolgere i giovani. Domenica 27 pomeriggio di test per selezionare i futuri atleti del settore agonistico - Bellunopress - Dolomiti\" \/>\n<meta property=\"og:description\" content=\"\u201cPer riuscire nello sport, come nella vita, non bastano capacit\u00e0 ed impegno, ma occorrono anche l\u2019ambiente giusto e persone che credano in te\u201d. Partendo convinta di questa massima, la nuova societ\u00e0 di pallavolo Spes Belluno lancia una sfida ai giovani bellunesi che vogliano confrontarsi, che desiderino impegnarsi e appassionarsi nello sport. \u201cTi senti una persona [&hellip;]\" \/>\n<meta property=\"og:url\" content=\"https:\/\/www.bellunopress.it\/fr\/2009\/09\/03\/spes-belluno-lancia-una-giornata-del-volley-per-coinvolgere-i-giovani-domenica-27-pomeriggio-di-test-per-selezionare-i-futuri-atleti-del-settore-agonistico\/\" \/>\n<meta property=\"og:site_name\" content=\"Bellunopress - Dolomiti\" \/>\n<meta property=\"article:publisher\" content=\"https:\/\/www.facebook.com\/profile.php?id=100008943462799\" \/>\n<meta property=\"article:published_time\" content=\"2009-09-03T18:51:51+00:00\" \/>\n<meta property=\"og:image\" content=\"http:\/\/www.bellunopress.it\/wp-content\/uploads\/2009\/09\/caneve-angelo-_presidente-spes-belluno.jpg\" \/>\n<meta name=\"author\" content=\"redazione\" \/>\n<meta name=\"twitter:card\" content=\"summary_large_image\" \/>\n<meta name=\"twitter:creator\" content=\"@bellunopress\" \/>\n<meta name=\"twitter:site\" content=\"@bellunopress\" \/>\n<meta name=\"twitter:label1\" content=\"\u00c9crit par\" \/>\n\t<meta name=\"twitter:data1\" content=\"redazione\" \/>\n\t<meta name=\"twitter:label2\" content=\"Dur\u00e9e de lecture estim\u00e9e\" \/>\n\t<meta name=\"twitter:data2\" content=\"2 minutes\" \/>\n<script type=\"application\/ld+json\" class=\"yoast-schema-graph\">{\"@context\":\"https:\\\/\\\/schema.org\",\"@graph\":[{\"@type\":\"Article\",\"@id\":\"https:\\\/\\\/www.bellunopress.it\\\/2009\\\/09\\\/03\\\/spes-belluno-lancia-una-giornata-del-volley-per-coinvolgere-i-giovani-domenica-27-pomeriggio-di-test-per-selezionare-i-futuri-atleti-del-settore-agonistico\\\/#article\",\"isPartOf\":{\"@id\":\"https:\\\/\\\/www.bellunopress.it\\\/2009\\\/09\\\/03\\\/spes-belluno-lancia-una-giornata-del-volley-per-coinvolgere-i-giovani-domenica-27-pomeriggio-di-test-per-selezionare-i-futuri-atleti-del-settore-agonistico\\\/\"},\"author\":{\"name\":\"redazione\",\"@id\":\"https:\\\/\\\/www.bellunopress.it\\\/#\\\/schema\\\/person\\\/79bb06722b37ece1c03d3e94beb30d73\"},\"headline\":\"Spes Belluno lancia una Giornata del volley per coinvolgere i giovani. Domenica 27 pomeriggio di test per selezionare i futuri atleti del settore agonistico\",\"datePublished\":\"2009-09-03T18:51:51+00:00\",\"mainEntityOfPage\":{\"@id\":\"https:\\\/\\\/www.bellunopress.it\\\/2009\\\/09\\\/03\\\/spes-belluno-lancia-una-giornata-del-volley-per-coinvolgere-i-giovani-domenica-27-pomeriggio-di-test-per-selezionare-i-futuri-atleti-del-settore-agonistico\\\/\"},\"wordCount\":468,\"publisher\":{\"@id\":\"https:\\\/\\\/www.bellunopress.it\\\/#organization\"},\"image\":{\"@id\":\"https:\\\/\\\/www.bellunopress.it\\\/2009\\\/09\\\/03\\\/spes-belluno-lancia-una-giornata-del-volley-per-coinvolgere-i-giovani-domenica-27-pomeriggio-di-test-per-selezionare-i-futuri-atleti-del-settore-agonistico\\\/#primaryimage\"},\"thumbnailUrl\":\"http:\\\/\\\/www.bellunopress.it\\\/wp-content\\\/uploads\\\/2009\\\/09\\\/caneve-angelo-_presidente-spes-belluno.jpg\",\"keywords\":[\"Belluno\"],\"articleSection\":[\"Prima Pagina\",\"Sport, tempo libero\"],\"inLanguage\":\"fr-FR\"},{\"@type\":\"WebPage\",\"@id\":\"https:\\\/\\\/www.bellunopress.it\\\/2009\\\/09\\\/03\\\/spes-belluno-lancia-una-giornata-del-volley-per-coinvolgere-i-giovani-domenica-27-pomeriggio-di-test-per-selezionare-i-futuri-atleti-del-settore-agonistico\\\/\",\"url\":\"https:\\\/\\\/www.bellunopress.it\\\/2009\\\/09\\\/03\\\/spes-belluno-lancia-una-giornata-del-volley-per-coinvolgere-i-giovani-domenica-27-pomeriggio-di-test-per-selezionare-i-futuri-atleti-del-settore-agonistico\\\/\",\"name\":\"Spes Belluno lancia una Giornata del volley per coinvolgere i giovani. Domenica 27 pomeriggio di test per selezionare i futuri atleti del settore agonistico - Bellunopress - Dolomiti\",\"isPartOf\":{\"@id\":\"https:\\\/\\\/www.bellunopress.it\\\/#website\"},\"primaryImageOfPage\":{\"@id\":\"https:\\\/\\\/www.bellunopress.it\\\/2009\\\/09\\\/03\\\/spes-belluno-lancia-una-giornata-del-volley-per-coinvolgere-i-giovani-domenica-27-pomeriggio-di-test-per-selezionare-i-futuri-atleti-del-settore-agonistico\\\/#primaryimage\"},\"image\":{\"@id\":\"https:\\\/\\\/www.bellunopress.it\\\/2009\\\/09\\\/03\\\/spes-belluno-lancia-una-giornata-del-volley-per-coinvolgere-i-giovani-domenica-27-pomeriggio-di-test-per-selezionare-i-futuri-atleti-del-settore-agonistico\\\/#primaryimage\"},\"thumbnailUrl\":\"http:\\\/\\\/www.bellunopress.it\\\/wp-content\\\/uploads\\\/2009\\\/09\\\/caneve-angelo-_presidente-spes-belluno.jpg\",\"datePublished\":\"2009-09-03T18:51:51+00:00\",\"breadcrumb\":{\"@id\":\"https:\\\/\\\/www.bellunopress.it\\\/2009\\\/09\\\/03\\\/spes-belluno-lancia-una-giornata-del-volley-per-coinvolgere-i-giovani-domenica-27-pomeriggio-di-test-per-selezionare-i-futuri-atleti-del-settore-agonistico\\\/#breadcrumb\"},\"inLanguage\":\"fr-FR\",\"potentialAction\":[{\"@type\":\"ReadAction\",\"target\":[\"https:\\\/\\\/www.bellunopress.it\\\/2009\\\/09\\\/03\\\/spes-belluno-lancia-una-giornata-del-volley-per-coinvolgere-i-giovani-domenica-27-pomeriggio-di-test-per-selezionare-i-futuri-atleti-del-settore-agonistico\\\/\"]}]},{\"@type\":\"ImageObject\",\"inLanguage\":\"fr-FR\",\"@id\":\"https:\\\/\\\/www.bellunopress.it\\\/2009\\\/09\\\/03\\\/spes-belluno-lancia-una-giornata-del-volley-per-coinvolgere-i-giovani-domenica-27-pomeriggio-di-test-per-selezionare-i-futuri-atleti-del-settore-agonistico\\\/#primaryimage\",\"url\":\"http:\\\/\\\/www.bellunopress.it\\\/wp-content\\\/uploads\\\/2009\\\/09\\\/caneve-angelo-_presidente-spes-belluno.jpg\",\"contentUrl\":\"http:\\\/\\\/www.bellunopress.it\\\/wp-content\\\/uploads\\\/2009\\\/09\\\/caneve-angelo-_presidente-spes-belluno.jpg\"},{\"@type\":\"BreadcrumbList\",\"@id\":\"https:\\\/\\\/www.bellunopress.it\\\/2009\\\/09\\\/03\\\/spes-belluno-lancia-una-giornata-del-volley-per-coinvolgere-i-giovani-domenica-27-pomeriggio-di-test-per-selezionare-i-futuri-atleti-del-settore-agonistico\\\/#breadcrumb\",\"itemListElement\":[{\"@type\":\"ListItem\",\"position\":1,\"name\":\"Home\",\"item\":\"https:\\\/\\\/www.bellunopress.it\\\/\"},{\"@type\":\"ListItem\",\"position\":2,\"name\":\"Spes Belluno lancia una Giornata del volley per coinvolgere i giovani. Domenica 27 pomeriggio di test per selezionare i futuri atleti del settore agonistico\"}]},{\"@type\":\"WebSite\",\"@id\":\"https:\\\/\\\/www.bellunopress.it\\\/#website\",\"url\":\"https:\\\/\\\/www.bellunopress.it\\\/\",\"name\":\"Bellunopress - Dolomiti\",\"description\":\"e-mail: redazione@bellunopress.it\",\"publisher\":{\"@id\":\"https:\\\/\\\/www.bellunopress.it\\\/#organization\"},\"potentialAction\":[{\"@type\":\"SearchAction\",\"target\":{\"@type\":\"EntryPoint\",\"urlTemplate\":\"https:\\\/\\\/www.bellunopress.it\\\/?s={search_term_string}\"},\"query-input\":{\"@type\":\"PropertyValueSpecification\",\"valueRequired\":true,\"valueName\":\"search_term_string\"}}],\"inLanguage\":\"fr-FR\"},{\"@type\":\"Organization\",\"@id\":\"https:\\\/\\\/www.bellunopress.it\\\/#organization\",\"name\":\"Bellunopress\",\"url\":\"https:\\\/\\\/www.bellunopress.it\\\/\",\"logo\":{\"@type\":\"ImageObject\",\"inLanguage\":\"fr-FR\",\"@id\":\"https:\\\/\\\/www.bellunopress.it\\\/#\\\/schema\\\/logo\\\/image\\\/\",\"url\":\"https:\\\/\\\/www.bellunopress.it\\\/wp-content\\\/uploads\\\/2011\\\/05\\\/cropped-logo-bellunopress-.jpg\",\"contentUrl\":\"https:\\\/\\\/www.bellunopress.it\\\/wp-content\\\/uploads\\\/2011\\\/05\\\/cropped-logo-bellunopress-.jpg\",\"width\":512,\"height\":512,\"caption\":\"Bellunopress\"},\"image\":{\"@id\":\"https:\\\/\\\/www.bellunopress.it\\\/#\\\/schema\\\/logo\\\/image\\\/\"},\"sameAs\":[\"https:\\\/\\\/www.facebook.com\\\/profile.php?id=100008943462799\",\"https:\\\/\\\/x.com\\\/bellunopress\",\"https:\\\/\\\/www.linkedin.com\\\/hp\\\/?dnr=JBzUWaJfMUw8vbXJJ2tVW5-I3jZKvC4wsoxE&amp;amp;amp;amp;amp;amp;trk=nav_responsive_tab_home\",\"https:\\\/\\\/www.youtube.com\\\/channel\\\/UCxL0wu1uN0_3_7hGG0306cw\"]},{\"@type\":\"Person\",\"@id\":\"https:\\\/\\\/www.bellunopress.it\\\/#\\\/schema\\\/person\\\/79bb06722b37ece1c03d3e94beb30d73\",\"name\":\"redazione\",\"image\":{\"@type\":\"ImageObject\",\"inLanguage\":\"fr-FR\",\"@id\":\"https:\\\/\\\/secure.gravatar.com\\\/avatar\\\/37d968a2e67a6fd04c169c4bdef102d0bc5d31b2546345219e348575eb80e9a0?s=96&d=mm&r=g\",\"url\":\"https:\\\/\\\/secure.gravatar.com\\\/avatar\\\/37d968a2e67a6fd04c169c4bdef102d0bc5d31b2546345219e348575eb80e9a0?s=96&d=mm&r=g\",\"contentUrl\":\"https:\\\/\\\/secure.gravatar.com\\\/avatar\\\/37d968a2e67a6fd04c169c4bdef102d0bc5d31b2546345219e348575eb80e9a0?s=96&d=mm&r=g\",\"caption\":\"redazione\"},\"sameAs\":[\"http:\\\/\\\/www.bellunopress.it\",\"https:\\\/\\\/x.com\\\/bellunopress\"],\"url\":\"https:\\\/\\\/www.bellunopress.it\\\/fr\\\/author\\\/redazione\\\/\"}]}<\/script>\n<!-- \/ Yoast SEO plugin. -->","yoast_head_json":{"title":"Spes Belluno lancia una Giornata del volley per coinvolgere i giovani. Domenica 27 pomeriggio di test per selezionare i futuri atleti del settore agonistico - Bellunopress - Dolomiti","robots":{"index":"index","follow":"follow","max-snippet":"max-snippet:-1","max-image-preview":"max-image-preview:large","max-video-preview":"max-video-preview:-1"},"canonical":"https:\/\/www.bellunopress.it\/fr\/2009\/09\/03\/spes-belluno-lancia-una-giornata-del-volley-per-coinvolgere-i-giovani-domenica-27-pomeriggio-di-test-per-selezionare-i-futuri-atleti-del-settore-agonistico\/","og_locale":"fr_FR","og_type":"article","og_title":"Spes Belluno lancia una Giornata del volley per coinvolgere i giovani. Domenica 27 pomeriggio di test per selezionare i futuri atleti del settore agonistico - Bellunopress - Dolomiti","og_description":"\u201cPer riuscire nello sport, come nella vita, non bastano capacit\u00e0 ed impegno, ma occorrono anche l\u2019ambiente giusto e persone che credano in te\u201d. Partendo convinta di questa massima, la nuova societ\u00e0 di pallavolo Spes Belluno lancia una sfida ai giovani bellunesi che vogliano confrontarsi, che desiderino impegnarsi e appassionarsi nello sport. \u201cTi senti una persona [&hellip;]","og_url":"https:\/\/www.bellunopress.it\/fr\/2009\/09\/03\/spes-belluno-lancia-una-giornata-del-volley-per-coinvolgere-i-giovani-domenica-27-pomeriggio-di-test-per-selezionare-i-futuri-atleti-del-settore-agonistico\/","og_site_name":"Bellunopress - Dolomiti","article_publisher":"https:\/\/www.facebook.com\/profile.php?id=100008943462799","article_published_time":"2009-09-03T18:51:51+00:00","og_image":[{"url":"http:\/\/www.bellunopress.it\/wp-content\/uploads\/2009\/09\/caneve-angelo-_presidente-spes-belluno.jpg","type":"","width":"","height":""}],"author":"redazione","twitter_card":"summary_large_image","twitter_creator":"@bellunopress","twitter_site":"@bellunopress","twitter_misc":{"\u00c9crit par":"redazione","Dur\u00e9e de lecture estim\u00e9e":"2 minutes"},"schema":{"@context":"https:\/\/schema.org","@graph":[{"@type":"Article","@id":"https:\/\/www.bellunopress.it\/2009\/09\/03\/spes-belluno-lancia-una-giornata-del-volley-per-coinvolgere-i-giovani-domenica-27-pomeriggio-di-test-per-selezionare-i-futuri-atleti-del-settore-agonistico\/#article","isPartOf":{"@id":"https:\/\/www.bellunopress.it\/2009\/09\/03\/spes-belluno-lancia-una-giornata-del-volley-per-coinvolgere-i-giovani-domenica-27-pomeriggio-di-test-per-selezionare-i-futuri-atleti-del-settore-agonistico\/"},"author":{"name":"redazione","@id":"https:\/\/www.bellunopress.it\/#\/schema\/person\/79bb06722b37ece1c03d3e94beb30d73"},"headline":"Spes Belluno lancia una Giornata del volley per coinvolgere i giovani. Domenica 27 pomeriggio di test per selezionare i futuri atleti del settore agonistico","datePublished":"2009-09-03T18:51:51+00:00","mainEntityOfPage":{"@id":"https:\/\/www.bellunopress.it\/2009\/09\/03\/spes-belluno-lancia-una-giornata-del-volley-per-coinvolgere-i-giovani-domenica-27-pomeriggio-di-test-per-selezionare-i-futuri-atleti-del-settore-agonistico\/"},"wordCount":468,"publisher":{"@id":"https:\/\/www.bellunopress.it\/#organization"},"image":{"@id":"https:\/\/www.bellunopress.it\/2009\/09\/03\/spes-belluno-lancia-una-giornata-del-volley-per-coinvolgere-i-giovani-domenica-27-pomeriggio-di-test-per-selezionare-i-futuri-atleti-del-settore-agonistico\/#primaryimage"},"thumbnailUrl":"http:\/\/www.bellunopress.it\/wp-content\/uploads\/2009\/09\/caneve-angelo-_presidente-spes-belluno.jpg","keywords":["Belluno"],"articleSection":["Prima Pagina","Sport, tempo libero"],"inLanguage":"fr-FR"},{"@type":"WebPage","@id":"https:\/\/www.bellunopress.it\/2009\/09\/03\/spes-belluno-lancia-una-giornata-del-volley-per-coinvolgere-i-giovani-domenica-27-pomeriggio-di-test-per-selezionare-i-futuri-atleti-del-settore-agonistico\/","url":"https:\/\/www.bellunopress.it\/2009\/09\/03\/spes-belluno-lancia-una-giornata-del-volley-per-coinvolgere-i-giovani-domenica-27-pomeriggio-di-test-per-selezionare-i-futuri-atleti-del-settore-agonistico\/","name":"Spes Belluno lancia una Giornata del volley per coinvolgere i giovani. Domenica 27 pomeriggio di test per selezionare i futuri atleti del settore agonistico - Bellunopress - Dolomiti","isPartOf":{"@id":"https:\/\/www.bellunopress.it\/#website"},"primaryImageOfPage":{"@id":"https:\/\/www.bellunopress.it\/2009\/09\/03\/spes-belluno-lancia-una-giornata-del-volley-per-coinvolgere-i-giovani-domenica-27-pomeriggio-di-test-per-selezionare-i-futuri-atleti-del-settore-agonistico\/#primaryimage"},"image":{"@id":"https:\/\/www.bellunopress.it\/2009\/09\/03\/spes-belluno-lancia-una-giornata-del-volley-per-coinvolgere-i-giovani-domenica-27-pomeriggio-di-test-per-selezionare-i-futuri-atleti-del-settore-agonistico\/#primaryimage"},"thumbnailUrl":"http:\/\/www.bellunopress.it\/wp-content\/uploads\/2009\/09\/caneve-angelo-_presidente-spes-belluno.jpg","datePublished":"2009-09-03T18:51:51+00:00","breadcrumb":{"@id":"https:\/\/www.bellunopress.it\/2009\/09\/03\/spes-belluno-lancia-una-giornata-del-volley-per-coinvolgere-i-giovani-domenica-27-pomeriggio-di-test-per-selezionare-i-futuri-atleti-del-settore-agonistico\/#breadcrumb"},"inLanguage":"fr-FR","potentialAction":[{"@type":"ReadAction","target":["https:\/\/www.bellunopress.it\/2009\/09\/03\/spes-belluno-lancia-una-giornata-del-volley-per-coinvolgere-i-giovani-domenica-27-pomeriggio-di-test-per-selezionare-i-futuri-atleti-del-settore-agonistico\/"]}]},{"@type":"ImageObject","inLanguage":"fr-FR","@id":"https:\/\/www.bellunopress.it\/2009\/09\/03\/spes-belluno-lancia-una-giornata-del-volley-per-coinvolgere-i-giovani-domenica-27-pomeriggio-di-test-per-selezionare-i-futuri-atleti-del-settore-agonistico\/#primaryimage","url":"http:\/\/www.bellunopress.it\/wp-content\/uploads\/2009\/09\/caneve-angelo-_presidente-spes-belluno.jpg","contentUrl":"http:\/\/www.bellunopress.it\/wp-content\/uploads\/2009\/09\/caneve-angelo-_presidente-spes-belluno.jpg"},{"@type":"BreadcrumbList","@id":"https:\/\/www.bellunopress.it\/2009\/09\/03\/spes-belluno-lancia-una-giornata-del-volley-per-coinvolgere-i-giovani-domenica-27-pomeriggio-di-test-per-selezionare-i-futuri-atleti-del-settore-agonistico\/#breadcrumb","itemListElement":[{"@type":"ListItem","position":1,"name":"Home","item":"https:\/\/www.bellunopress.it\/"},{"@type":"ListItem","position":2,"name":"Spes Belluno lancia una Giornata del volley per coinvolgere i giovani. Domenica 27 pomeriggio di test per selezionare i futuri atleti del settore agonistico"}]},{"@type":"WebSite","@id":"https:\/\/www.bellunopress.it\/#website","url":"https:\/\/www.bellunopress.it\/","name":"Bellunopress - Dolomiti","description":"e-mail: redazione@bellunopress.it","publisher":{"@id":"https:\/\/www.bellunopress.it\/#organization"},"potentialAction":[{"@type":"SearchAction","target":{"@type":"EntryPoint","urlTemplate":"https:\/\/www.bellunopress.it\/?s={search_term_string}"},"query-input":{"@type":"PropertyValueSpecification","valueRequired":true,"valueName":"search_term_string"}}],"inLanguage":"fr-FR"},{"@type":"Organization","@id":"https:\/\/www.bellunopress.it\/#organization","name":"Bellunopress","url":"https:\/\/www.bellunopress.it\/","logo":{"@type":"ImageObject","inLanguage":"fr-FR","@id":"https:\/\/www.bellunopress.it\/#\/schema\/logo\/image\/","url":"https:\/\/www.bellunopress.it\/wp-content\/uploads\/2011\/05\/cropped-logo-bellunopress-.jpg","contentUrl":"https:\/\/www.bellunopress.it\/wp-content\/uploads\/2011\/05\/cropped-logo-bellunopress-.jpg","width":512,"height":512,"caption":"Bellunopress"},"image":{"@id":"https:\/\/www.bellunopress.it\/#\/schema\/logo\/image\/"},"sameAs":["https:\/\/www.facebook.com\/profile.php?id=100008943462799","https:\/\/x.com\/bellunopress","https:\/\/www.linkedin.com\/hp\/?dnr=JBzUWaJfMUw8vbXJJ2tVW5-I3jZKvC4wsoxE&amp;amp;amp;amp;amp;amp;trk=nav_responsive_tab_home","https:\/\/www.youtube.com\/channel\/UCxL0wu1uN0_3_7hGG0306cw"]},{"@type":"Person","@id":"https:\/\/www.bellunopress.it\/#\/schema\/person\/79bb06722b37ece1c03d3e94beb30d73","name":"r\u00e9daction","image":{"@type":"ImageObject","inLanguage":"fr-FR","@id":"https:\/\/secure.gravatar.com\/avatar\/37d968a2e67a6fd04c169c4bdef102d0bc5d31b2546345219e348575eb80e9a0?s=96&d=mm&r=g","url":"https:\/\/secure.gravatar.com\/avatar\/37d968a2e67a6fd04c169c4bdef102d0bc5d31b2546345219e348575eb80e9a0?s=96&d=mm&r=g","contentUrl":"https:\/\/secure.gravatar.com\/avatar\/37d968a2e67a6fd04c169c4bdef102d0bc5d31b2546345219e348575eb80e9a0?s=96&d=mm&r=g","caption":"redazione"},"sameAs":["http:\/\/www.bellunopress.it","https:\/\/x.com\/bellunopress"],"url":"https:\/\/www.bellunopress.it\/fr\/author\/redazione\/"}]}},"_links":{"self":[{"href":"https:\/\/www.bellunopress.it\/fr\/wp-json\/wp\/v2\/posts\/7708","targetHints":{"allow":["GET"]}}],"collection":[{"href":"https:\/\/www.bellunopress.it\/fr\/wp-json\/wp\/v2\/posts"}],"about":[{"href":"https:\/\/www.bellunopress.it\/fr\/wp-json\/wp\/v2\/types\/post"}],"author":[{"embeddable":true,"href":"https:\/\/www.bellunopress.it\/fr\/wp-json\/wp\/v2\/users\/2"}],"replies":[{"embeddable":true,"href":"https:\/\/www.bellunopress.it\/fr\/wp-json\/wp\/v2\/comments?post=7708"}],"version-history":[{"count":1,"href":"https:\/\/www.bellunopress.it\/fr\/wp-json\/wp\/v2\/posts\/7708\/revisions"}],"predecessor-version":[{"id":7711,"href":"https:\/\/www.bellunopress.it\/fr\/wp-json\/wp\/v2\/posts\/7708\/revisions\/7711"}],"wp:attachment":[{"href":"https:\/\/www.bellunopress.it\/fr\/wp-json\/wp\/v2\/media?parent=7708"}],"wp:term":[{"taxonomy":"category","embeddable":true,"href":"https:\/\/www.bellunopress.it\/fr\/wp-json\/wp\/v2\/categories?post=7708"},{"taxonomy":"post_tag","embeddable":true,"href":"https:\/\/www.bellunopress.it\/fr\/wp-json\/wp\/v2\/tags?post=7708"}],"curies":[{"name":"wp","href":"https:\/\/api.w.org\/{rel}","templated":true}]}}