{"id":77064,"date":"2016-04-21T16:36:13","date_gmt":"2016-04-21T14:36:13","guid":{"rendered":"http:\/\/www.bellunopress.it\/?p=77064"},"modified":"2016-04-21T16:36:13","modified_gmt":"2016-04-21T14:36:13","slug":"diritto-alla-legittima-difesa-zaia-sara-nostro-muro-berlinoe-governo-continua-far-orecchi","status":"publish","type":"post","link":"https:\/\/www.bellunopress.it\/fr\/2016\/04\/21\/diritto-alla-legittima-difesa-zaia-sara-nostro-muro-berlinoe-governo-continua-far-orecchi\/","title":{"rendered":"Diritto alla legittima difesa. Zaia: &#8220;Sar\u00e0 in nostro muro di Berlino. I cittadini imporranno al governo ci\u00f2 che \u00e8 giusto e condivisibile&#8221;"},"content":{"rendered":"<p>&nbsp;<\/p>\n<p><a href=\"http:\/\/www.bellunopress.it\/wp-content\/uploads\/2013\/04\/Zaia.jpg\"><img loading=\"lazy\" decoding=\"async\" class=\"alignleft size-full wp-image-48299\" src=\"http:\/\/www.bellunopress.it\/wp-content\/uploads\/2013\/04\/Zaia.jpg\" alt=\"Zaia\" width=\"192\" height=\"292\" \/><\/a>La Lega Nord gioca la carta del diritto alla legittima difesa su modello statunitense. \u00a0\u201cIl diritto alla legittima difesa da parte di un cittadino che vede la sua casa, la sua intimit\u00e0 e la sua incolumit\u00e0 violate e messe a repentaglio \u00e8 qualcosa che non \u00e8 n\u00e9 di destra n\u00e9 di sinistra. E\u2019 qualcosa che attiene alla richiesta forte di un popolo, di fronte alla quale governo e politica non possono fare orecchie da mercante\u201d.<\/p>\n<p>Il presidente del Veneto, Luca Zaia, interviene cos\u00ec nel dibattito all\u2019interno della maggioranza di governo apertosi sulla norma che dovrebbe garantire pi\u00f9 tutela agli aggrediti dalla criminalit\u00e0.<\/p>\n<p>\u201cVolenti o nolenti, se vogliamo dirci rappresentanti del popolo non possiamo ignorare le legittime richieste che vengono dai cittadini, colpiti dalla recrudescenza di una criminalit\u00e0 alimentata anche dal senso di impunit\u00e0 che proviene dal\u00a0 miserando stato di carenza di mezzi in cui vengono lasciati gli uomini delle nostre forze dell\u2019ordine \u2013 prosegue Zaia \u2013 Nessuno vuole un paese di pistoleri. Ma nella maggioranza di governo si continua a millantare, in nome di un buonismo peloso,\u00a0 la suggestione negativa della libert\u00e0 di farsi giustizia da soli. Bisogna prendere coscienza che le leggi, al momento, tutelano pi\u00f9 l\u2019aggressore dell\u2019aggredito. Sono gli stessi magistrati a chiederci di modificare norme che li obbligano a rimettere in libert\u00e0 veri, propri e recidivi pezzi da galera\u201d.<\/p>\n<p>\u201cMa quei settori della maggioranza che ancora vivono di suggestioni che solo a parole possono dirsi garantiste, stiano sereni\u00a0 \u2013 conclude Zaia &#8211; come un pugno di ragazzi sal\u00ec nel novembre 1989 sul Muro di Berlino e in una notte ne decret\u00f2 la fine, cos\u00ec un giorno i cittadini imporranno al governo quello che a tutti sembra giusto e condivisibile. Tranne a chi non ascolta i propri elettori\u201d.<\/p>","protected":false},"excerpt":{"rendered":"<p>&nbsp; La Lega Nord gioca la carta del diritto alla legittima difesa su modello statunitense. \u00a0\u201cIl diritto alla legittima difesa da parte di un cittadino che vede la sua casa, la sua intimit\u00e0 e la sua incolumit\u00e0 violate e messe a repentaglio \u00e8 qualcosa che non \u00e8 n\u00e9 di destra n\u00e9 di sinistra. E\u2019 qualcosa [&hellip;]<\/p>\n","protected":false},"author":2,"featured_media":0,"comment_status":"closed","ping_status":"open","sticky":false,"template":"","format":"standard","meta":{"footnotes":""},"categories":[5,26],"tags":[],"class_list":["post-77064","post","type-post","status-publish","format-standard","category-cronaca","category-prima-pagina"],"yoast_head":"<!-- This site is optimized with the Yoast SEO plugin v28.4 - https:\/\/yoast.com\/product\/yoast-seo-wordpress\/ -->\n<title>Diritto alla legittima difesa. Zaia: &quot;Sar\u00e0 in nostro muro di Berlino. I cittadini imporranno al governo ci\u00f2 che \u00e8 giusto e condivisibile&quot; - Bellunopress - Dolomiti<\/title>\n<meta name=\"robots\" content=\"index, follow, max-snippet:-1, max-image-preview:large, max-video-preview:-1\" \/>\n<link rel=\"canonical\" href=\"https:\/\/www.bellunopress.it\/fr\/2016\/04\/21\/diritto-alla-legittima-difesa-zaia-sara-nostro-muro-berlinoe-governo-continua-far-orecchi\/\" \/>\n<meta property=\"og:locale\" content=\"fr_FR\" \/>\n<meta property=\"og:type\" content=\"article\" \/>\n<meta property=\"og:title\" content=\"Diritto alla legittima difesa. Zaia: &quot;Sar\u00e0 in nostro muro di Berlino. I cittadini imporranno al governo ci\u00f2 che \u00e8 giusto e condivisibile&quot; - Bellunopress - Dolomiti\" \/>\n<meta property=\"og:description\" content=\"&nbsp; La Lega Nord gioca la carta del diritto alla legittima difesa su modello statunitense. \u00a0\u201cIl diritto alla legittima difesa da parte di un cittadino che vede la sua casa, la sua intimit\u00e0 e la sua incolumit\u00e0 violate e messe a repentaglio \u00e8 qualcosa che non \u00e8 n\u00e9 di destra n\u00e9 di sinistra. E\u2019 qualcosa [&hellip;]\" \/>\n<meta property=\"og:url\" content=\"https:\/\/www.bellunopress.it\/fr\/2016\/04\/21\/diritto-alla-legittima-difesa-zaia-sara-nostro-muro-berlinoe-governo-continua-far-orecchi\/\" \/>\n<meta property=\"og:site_name\" content=\"Bellunopress - Dolomiti\" \/>\n<meta property=\"article:publisher\" content=\"https:\/\/www.facebook.com\/profile.php?id=100008943462799\" \/>\n<meta property=\"article:published_time\" content=\"2016-04-21T14:36:13+00:00\" \/>\n<meta property=\"og:image\" content=\"http:\/\/www.bellunopress.it\/wp-content\/uploads\/2013\/04\/Zaia.jpg\" \/>\n<meta name=\"author\" content=\"redazione\" \/>\n<meta name=\"twitter:card\" content=\"summary_large_image\" \/>\n<meta name=\"twitter:creator\" content=\"@bellunopress\" \/>\n<meta name=\"twitter:site\" content=\"@bellunopress\" \/>\n<meta name=\"twitter:label1\" content=\"\u00c9crit par\" \/>\n\t<meta name=\"twitter:data1\" content=\"redazione\" \/>\n\t<meta name=\"twitter:label2\" content=\"Dur\u00e9e de lecture estim\u00e9e\" \/>\n\t<meta name=\"twitter:data2\" content=\"1 minute\" \/>\n<script type=\"application\/ld+json\" class=\"yoast-schema-graph\">{\"@context\":\"https:\\\/\\\/schema.org\",\"@graph\":[{\"@type\":\"Article\",\"@id\":\"https:\\\/\\\/www.bellunopress.it\\\/2016\\\/04\\\/21\\\/diritto-alla-legittima-difesa-zaia-sara-nostro-muro-berlinoe-governo-continua-far-orecchi\\\/#article\",\"isPartOf\":{\"@id\":\"https:\\\/\\\/www.bellunopress.it\\\/2016\\\/04\\\/21\\\/diritto-alla-legittima-difesa-zaia-sara-nostro-muro-berlinoe-governo-continua-far-orecchi\\\/\"},\"author\":{\"name\":\"redazione\",\"@id\":\"https:\\\/\\\/www.bellunopress.it\\\/#\\\/schema\\\/person\\\/79bb06722b37ece1c03d3e94beb30d73\"},\"headline\":\"Diritto alla legittima difesa. Zaia: &#8220;Sar\u00e0 in nostro muro di Berlino. I cittadini imporranno al governo ci\u00f2 che \u00e8 giusto e condivisibile&#8221;\",\"datePublished\":\"2016-04-21T14:36:13+00:00\",\"mainEntityOfPage\":{\"@id\":\"https:\\\/\\\/www.bellunopress.it\\\/2016\\\/04\\\/21\\\/diritto-alla-legittima-difesa-zaia-sara-nostro-muro-berlinoe-governo-continua-far-orecchi\\\/\"},\"wordCount\":310,\"publisher\":{\"@id\":\"https:\\\/\\\/www.bellunopress.it\\\/#organization\"},\"image\":{\"@id\":\"https:\\\/\\\/www.bellunopress.it\\\/2016\\\/04\\\/21\\\/diritto-alla-legittima-difesa-zaia-sara-nostro-muro-berlinoe-governo-continua-far-orecchi\\\/#primaryimage\"},\"thumbnailUrl\":\"http:\\\/\\\/www.bellunopress.it\\\/wp-content\\\/uploads\\\/2013\\\/04\\\/Zaia.jpg\",\"articleSection\":[\"Cronaca\\\/Politica\",\"Prima Pagina\"],\"inLanguage\":\"fr-FR\"},{\"@type\":\"WebPage\",\"@id\":\"https:\\\/\\\/www.bellunopress.it\\\/2016\\\/04\\\/21\\\/diritto-alla-legittima-difesa-zaia-sara-nostro-muro-berlinoe-governo-continua-far-orecchi\\\/\",\"url\":\"https:\\\/\\\/www.bellunopress.it\\\/2016\\\/04\\\/21\\\/diritto-alla-legittima-difesa-zaia-sara-nostro-muro-berlinoe-governo-continua-far-orecchi\\\/\",\"name\":\"Diritto alla legittima difesa. Zaia: \\\"Sar\u00e0 in nostro muro di Berlino. I cittadini imporranno al governo ci\u00f2 che \u00e8 giusto e condivisibile\\\" - Bellunopress - Dolomiti\",\"isPartOf\":{\"@id\":\"https:\\\/\\\/www.bellunopress.it\\\/#website\"},\"primaryImageOfPage\":{\"@id\":\"https:\\\/\\\/www.bellunopress.it\\\/2016\\\/04\\\/21\\\/diritto-alla-legittima-difesa-zaia-sara-nostro-muro-berlinoe-governo-continua-far-orecchi\\\/#primaryimage\"},\"image\":{\"@id\":\"https:\\\/\\\/www.bellunopress.it\\\/2016\\\/04\\\/21\\\/diritto-alla-legittima-difesa-zaia-sara-nostro-muro-berlinoe-governo-continua-far-orecchi\\\/#primaryimage\"},\"thumbnailUrl\":\"http:\\\/\\\/www.bellunopress.it\\\/wp-content\\\/uploads\\\/2013\\\/04\\\/Zaia.jpg\",\"datePublished\":\"2016-04-21T14:36:13+00:00\",\"breadcrumb\":{\"@id\":\"https:\\\/\\\/www.bellunopress.it\\\/2016\\\/04\\\/21\\\/diritto-alla-legittima-difesa-zaia-sara-nostro-muro-berlinoe-governo-continua-far-orecchi\\\/#breadcrumb\"},\"inLanguage\":\"fr-FR\",\"potentialAction\":[{\"@type\":\"ReadAction\",\"target\":[\"https:\\\/\\\/www.bellunopress.it\\\/2016\\\/04\\\/21\\\/diritto-alla-legittima-difesa-zaia-sara-nostro-muro-berlinoe-governo-continua-far-orecchi\\\/\"]}]},{\"@type\":\"ImageObject\",\"inLanguage\":\"fr-FR\",\"@id\":\"https:\\\/\\\/www.bellunopress.it\\\/2016\\\/04\\\/21\\\/diritto-alla-legittima-difesa-zaia-sara-nostro-muro-berlinoe-governo-continua-far-orecchi\\\/#primaryimage\",\"url\":\"http:\\\/\\\/www.bellunopress.it\\\/wp-content\\\/uploads\\\/2013\\\/04\\\/Zaia.jpg\",\"contentUrl\":\"http:\\\/\\\/www.bellunopress.it\\\/wp-content\\\/uploads\\\/2013\\\/04\\\/Zaia.jpg\"},{\"@type\":\"BreadcrumbList\",\"@id\":\"https:\\\/\\\/www.bellunopress.it\\\/2016\\\/04\\\/21\\\/diritto-alla-legittima-difesa-zaia-sara-nostro-muro-berlinoe-governo-continua-far-orecchi\\\/#breadcrumb\",\"itemListElement\":[{\"@type\":\"ListItem\",\"position\":1,\"name\":\"Home\",\"item\":\"https:\\\/\\\/www.bellunopress.it\\\/\"},{\"@type\":\"ListItem\",\"position\":2,\"name\":\"Diritto alla legittima difesa. Zaia: &#8220;Sar\u00e0 in nostro muro di Berlino. I cittadini imporranno al governo ci\u00f2 che \u00e8 giusto e condivisibile&#8221;\"}]},{\"@type\":\"WebSite\",\"@id\":\"https:\\\/\\\/www.bellunopress.it\\\/#website\",\"url\":\"https:\\\/\\\/www.bellunopress.it\\\/\",\"name\":\"Bellunopress - Dolomiti\",\"description\":\"e-mail: redazione@bellunopress.it\",\"publisher\":{\"@id\":\"https:\\\/\\\/www.bellunopress.it\\\/#organization\"},\"potentialAction\":[{\"@type\":\"SearchAction\",\"target\":{\"@type\":\"EntryPoint\",\"urlTemplate\":\"https:\\\/\\\/www.bellunopress.it\\\/?s={search_term_string}\"},\"query-input\":{\"@type\":\"PropertyValueSpecification\",\"valueRequired\":true,\"valueName\":\"search_term_string\"}}],\"inLanguage\":\"fr-FR\"},{\"@type\":\"Organization\",\"@id\":\"https:\\\/\\\/www.bellunopress.it\\\/#organization\",\"name\":\"Bellunopress\",\"url\":\"https:\\\/\\\/www.bellunopress.it\\\/\",\"logo\":{\"@type\":\"ImageObject\",\"inLanguage\":\"fr-FR\",\"@id\":\"https:\\\/\\\/www.bellunopress.it\\\/#\\\/schema\\\/logo\\\/image\\\/\",\"url\":\"https:\\\/\\\/www.bellunopress.it\\\/wp-content\\\/uploads\\\/2011\\\/05\\\/cropped-logo-bellunopress-.jpg\",\"contentUrl\":\"https:\\\/\\\/www.bellunopress.it\\\/wp-content\\\/uploads\\\/2011\\\/05\\\/cropped-logo-bellunopress-.jpg\",\"width\":512,\"height\":512,\"caption\":\"Bellunopress\"},\"image\":{\"@id\":\"https:\\\/\\\/www.bellunopress.it\\\/#\\\/schema\\\/logo\\\/image\\\/\"},\"sameAs\":[\"https:\\\/\\\/www.facebook.com\\\/profile.php?id=100008943462799\",\"https:\\\/\\\/x.com\\\/bellunopress\",\"https:\\\/\\\/www.linkedin.com\\\/hp\\\/?dnr=JBzUWaJfMUw8vbXJJ2tVW5-I3jZKvC4wsoxE&amp;amp;amp;amp;amp;amp;trk=nav_responsive_tab_home\",\"https:\\\/\\\/www.youtube.com\\\/channel\\\/UCxL0wu1uN0_3_7hGG0306cw\"]},{\"@type\":\"Person\",\"@id\":\"https:\\\/\\\/www.bellunopress.it\\\/#\\\/schema\\\/person\\\/79bb06722b37ece1c03d3e94beb30d73\",\"name\":\"redazione\",\"image\":{\"@type\":\"ImageObject\",\"inLanguage\":\"fr-FR\",\"@id\":\"https:\\\/\\\/secure.gravatar.com\\\/avatar\\\/37d968a2e67a6fd04c169c4bdef102d0bc5d31b2546345219e348575eb80e9a0?s=96&d=mm&r=g\",\"url\":\"https:\\\/\\\/secure.gravatar.com\\\/avatar\\\/37d968a2e67a6fd04c169c4bdef102d0bc5d31b2546345219e348575eb80e9a0?s=96&d=mm&r=g\",\"contentUrl\":\"https:\\\/\\\/secure.gravatar.com\\\/avatar\\\/37d968a2e67a6fd04c169c4bdef102d0bc5d31b2546345219e348575eb80e9a0?s=96&d=mm&r=g\",\"caption\":\"redazione\"},\"sameAs\":[\"http:\\\/\\\/www.bellunopress.it\",\"https:\\\/\\\/x.com\\\/bellunopress\"],\"url\":\"https:\\\/\\\/www.bellunopress.it\\\/fr\\\/author\\\/redazione\\\/\"}]}<\/script>\n<!-- \/ Yoast SEO plugin. -->","yoast_head_json":{"title":"Diritto alla legittima difesa. Zaia: \"Sar\u00e0 in nostro muro di Berlino. I cittadini imporranno al governo ci\u00f2 che \u00e8 giusto e condivisibile\" - Bellunopress - Dolomiti","robots":{"index":"index","follow":"follow","max-snippet":"max-snippet:-1","max-image-preview":"max-image-preview:large","max-video-preview":"max-video-preview:-1"},"canonical":"https:\/\/www.bellunopress.it\/fr\/2016\/04\/21\/diritto-alla-legittima-difesa-zaia-sara-nostro-muro-berlinoe-governo-continua-far-orecchi\/","og_locale":"fr_FR","og_type":"article","og_title":"Diritto alla legittima difesa. Zaia: \"Sar\u00e0 in nostro muro di Berlino. I cittadini imporranno al governo ci\u00f2 che \u00e8 giusto e condivisibile\" - Bellunopress - Dolomiti","og_description":"&nbsp; La Lega Nord gioca la carta del diritto alla legittima difesa su modello statunitense. \u00a0\u201cIl diritto alla legittima difesa da parte di un cittadino che vede la sua casa, la sua intimit\u00e0 e la sua incolumit\u00e0 violate e messe a repentaglio \u00e8 qualcosa che non \u00e8 n\u00e9 di destra n\u00e9 di sinistra. E\u2019 qualcosa [&hellip;]","og_url":"https:\/\/www.bellunopress.it\/fr\/2016\/04\/21\/diritto-alla-legittima-difesa-zaia-sara-nostro-muro-berlinoe-governo-continua-far-orecchi\/","og_site_name":"Bellunopress - Dolomiti","article_publisher":"https:\/\/www.facebook.com\/profile.php?id=100008943462799","article_published_time":"2016-04-21T14:36:13+00:00","og_image":[{"url":"http:\/\/www.bellunopress.it\/wp-content\/uploads\/2013\/04\/Zaia.jpg","type":"","width":"","height":""}],"author":"redazione","twitter_card":"summary_large_image","twitter_creator":"@bellunopress","twitter_site":"@bellunopress","twitter_misc":{"\u00c9crit par":"redazione","Dur\u00e9e de lecture estim\u00e9e":"1 minute"},"schema":{"@context":"https:\/\/schema.org","@graph":[{"@type":"Article","@id":"https:\/\/www.bellunopress.it\/2016\/04\/21\/diritto-alla-legittima-difesa-zaia-sara-nostro-muro-berlinoe-governo-continua-far-orecchi\/#article","isPartOf":{"@id":"https:\/\/www.bellunopress.it\/2016\/04\/21\/diritto-alla-legittima-difesa-zaia-sara-nostro-muro-berlinoe-governo-continua-far-orecchi\/"},"author":{"name":"redazione","@id":"https:\/\/www.bellunopress.it\/#\/schema\/person\/79bb06722b37ece1c03d3e94beb30d73"},"headline":"Diritto alla legittima difesa. Zaia: &#8220;Sar\u00e0 in nostro muro di Berlino. I cittadini imporranno al governo ci\u00f2 che \u00e8 giusto e condivisibile&#8221;","datePublished":"2016-04-21T14:36:13+00:00","mainEntityOfPage":{"@id":"https:\/\/www.bellunopress.it\/2016\/04\/21\/diritto-alla-legittima-difesa-zaia-sara-nostro-muro-berlinoe-governo-continua-far-orecchi\/"},"wordCount":310,"publisher":{"@id":"https:\/\/www.bellunopress.it\/#organization"},"image":{"@id":"https:\/\/www.bellunopress.it\/2016\/04\/21\/diritto-alla-legittima-difesa-zaia-sara-nostro-muro-berlinoe-governo-continua-far-orecchi\/#primaryimage"},"thumbnailUrl":"http:\/\/www.bellunopress.it\/wp-content\/uploads\/2013\/04\/Zaia.jpg","articleSection":["Cronaca\/Politica","Prima Pagina"],"inLanguage":"fr-FR"},{"@type":"WebPage","@id":"https:\/\/www.bellunopress.it\/2016\/04\/21\/diritto-alla-legittima-difesa-zaia-sara-nostro-muro-berlinoe-governo-continua-far-orecchi\/","url":"https:\/\/www.bellunopress.it\/2016\/04\/21\/diritto-alla-legittima-difesa-zaia-sara-nostro-muro-berlinoe-governo-continua-far-orecchi\/","name":"Diritto alla legittima difesa. Zaia: \"Sar\u00e0 in nostro muro di Berlino. I cittadini imporranno al governo ci\u00f2 che \u00e8 giusto e condivisibile\" - Bellunopress - Dolomiti","isPartOf":{"@id":"https:\/\/www.bellunopress.it\/#website"},"primaryImageOfPage":{"@id":"https:\/\/www.bellunopress.it\/2016\/04\/21\/diritto-alla-legittima-difesa-zaia-sara-nostro-muro-berlinoe-governo-continua-far-orecchi\/#primaryimage"},"image":{"@id":"https:\/\/www.bellunopress.it\/2016\/04\/21\/diritto-alla-legittima-difesa-zaia-sara-nostro-muro-berlinoe-governo-continua-far-orecchi\/#primaryimage"},"thumbnailUrl":"http:\/\/www.bellunopress.it\/wp-content\/uploads\/2013\/04\/Zaia.jpg","datePublished":"2016-04-21T14:36:13+00:00","breadcrumb":{"@id":"https:\/\/www.bellunopress.it\/2016\/04\/21\/diritto-alla-legittima-difesa-zaia-sara-nostro-muro-berlinoe-governo-continua-far-orecchi\/#breadcrumb"},"inLanguage":"fr-FR","potentialAction":[{"@type":"ReadAction","target":["https:\/\/www.bellunopress.it\/2016\/04\/21\/diritto-alla-legittima-difesa-zaia-sara-nostro-muro-berlinoe-governo-continua-far-orecchi\/"]}]},{"@type":"ImageObject","inLanguage":"fr-FR","@id":"https:\/\/www.bellunopress.it\/2016\/04\/21\/diritto-alla-legittima-difesa-zaia-sara-nostro-muro-berlinoe-governo-continua-far-orecchi\/#primaryimage","url":"http:\/\/www.bellunopress.it\/wp-content\/uploads\/2013\/04\/Zaia.jpg","contentUrl":"http:\/\/www.bellunopress.it\/wp-content\/uploads\/2013\/04\/Zaia.jpg"},{"@type":"BreadcrumbList","@id":"https:\/\/www.bellunopress.it\/2016\/04\/21\/diritto-alla-legittima-difesa-zaia-sara-nostro-muro-berlinoe-governo-continua-far-orecchi\/#breadcrumb","itemListElement":[{"@type":"ListItem","position":1,"name":"Home","item":"https:\/\/www.bellunopress.it\/"},{"@type":"ListItem","position":2,"name":"Diritto alla legittima difesa. Zaia: &#8220;Sar\u00e0 in nostro muro di Berlino. I cittadini imporranno al governo ci\u00f2 che \u00e8 giusto e condivisibile&#8221;"}]},{"@type":"WebSite","@id":"https:\/\/www.bellunopress.it\/#website","url":"https:\/\/www.bellunopress.it\/","name":"Bellunopress - Dolomiti","description":"e-mail: redazione@bellunopress.it","publisher":{"@id":"https:\/\/www.bellunopress.it\/#organization"},"potentialAction":[{"@type":"SearchAction","target":{"@type":"EntryPoint","urlTemplate":"https:\/\/www.bellunopress.it\/?s={search_term_string}"},"query-input":{"@type":"PropertyValueSpecification","valueRequired":true,"valueName":"search_term_string"}}],"inLanguage":"fr-FR"},{"@type":"Organization","@id":"https:\/\/www.bellunopress.it\/#organization","name":"Bellunopress","url":"https:\/\/www.bellunopress.it\/","logo":{"@type":"ImageObject","inLanguage":"fr-FR","@id":"https:\/\/www.bellunopress.it\/#\/schema\/logo\/image\/","url":"https:\/\/www.bellunopress.it\/wp-content\/uploads\/2011\/05\/cropped-logo-bellunopress-.jpg","contentUrl":"https:\/\/www.bellunopress.it\/wp-content\/uploads\/2011\/05\/cropped-logo-bellunopress-.jpg","width":512,"height":512,"caption":"Bellunopress"},"image":{"@id":"https:\/\/www.bellunopress.it\/#\/schema\/logo\/image\/"},"sameAs":["https:\/\/www.facebook.com\/profile.php?id=100008943462799","https:\/\/x.com\/bellunopress","https:\/\/www.linkedin.com\/hp\/?dnr=JBzUWaJfMUw8vbXJJ2tVW5-I3jZKvC4wsoxE&amp;amp;amp;amp;amp;amp;trk=nav_responsive_tab_home","https:\/\/www.youtube.com\/channel\/UCxL0wu1uN0_3_7hGG0306cw"]},{"@type":"Person","@id":"https:\/\/www.bellunopress.it\/#\/schema\/person\/79bb06722b37ece1c03d3e94beb30d73","name":"r\u00e9daction","image":{"@type":"ImageObject","inLanguage":"fr-FR","@id":"https:\/\/secure.gravatar.com\/avatar\/37d968a2e67a6fd04c169c4bdef102d0bc5d31b2546345219e348575eb80e9a0?s=96&d=mm&r=g","url":"https:\/\/secure.gravatar.com\/avatar\/37d968a2e67a6fd04c169c4bdef102d0bc5d31b2546345219e348575eb80e9a0?s=96&d=mm&r=g","contentUrl":"https:\/\/secure.gravatar.com\/avatar\/37d968a2e67a6fd04c169c4bdef102d0bc5d31b2546345219e348575eb80e9a0?s=96&d=mm&r=g","caption":"redazione"},"sameAs":["http:\/\/www.bellunopress.it","https:\/\/x.com\/bellunopress"],"url":"https:\/\/www.bellunopress.it\/fr\/author\/redazione\/"}]}},"_links":{"self":[{"href":"https:\/\/www.bellunopress.it\/fr\/wp-json\/wp\/v2\/posts\/77064","targetHints":{"allow":["GET"]}}],"collection":[{"href":"https:\/\/www.bellunopress.it\/fr\/wp-json\/wp\/v2\/posts"}],"about":[{"href":"https:\/\/www.bellunopress.it\/fr\/wp-json\/wp\/v2\/types\/post"}],"author":[{"embeddable":true,"href":"https:\/\/www.bellunopress.it\/fr\/wp-json\/wp\/v2\/users\/2"}],"replies":[{"embeddable":true,"href":"https:\/\/www.bellunopress.it\/fr\/wp-json\/wp\/v2\/comments?post=77064"}],"version-history":[{"count":1,"href":"https:\/\/www.bellunopress.it\/fr\/wp-json\/wp\/v2\/posts\/77064\/revisions"}],"predecessor-version":[{"id":77065,"href":"https:\/\/www.bellunopress.it\/fr\/wp-json\/wp\/v2\/posts\/77064\/revisions\/77065"}],"wp:attachment":[{"href":"https:\/\/www.bellunopress.it\/fr\/wp-json\/wp\/v2\/media?parent=77064"}],"wp:term":[{"taxonomy":"category","embeddable":true,"href":"https:\/\/www.bellunopress.it\/fr\/wp-json\/wp\/v2\/categories?post=77064"},{"taxonomy":"post_tag","embeddable":true,"href":"https:\/\/www.bellunopress.it\/fr\/wp-json\/wp\/v2\/tags?post=77064"}],"curies":[{"name":"wp","href":"https:\/\/api.w.org\/{rel}","templated":true}]}}