{"id":7706,"date":"2009-09-03T19:40:43","date_gmt":"2009-09-03T18:40:43","guid":{"rendered":"http:\/\/www.bellunopress.it\/?p=7706"},"modified":"2009-09-03T19:40:43","modified_gmt":"2009-09-03T18:40:43","slug":"delocalizzazione-degli-spettacoli-voila-qui-e-la-passa-da-foen-a-lamen-ad-anzu","status":"publish","type":"post","link":"https:\/\/www.bellunopress.it\/fr\/2009\/09\/03\/delocalizzazione-degli-spettacoli-voila-qui-e-la-passa-da-foen-a-lamen-ad-anzu\/","title":{"rendered":"Delocalizzazione degli spettacoli:  Voil\u00e0 qui e l\u00e0 passa da Foen a Lamen ad Anz\u00f9"},"content":{"rendered":"<p>Dopo il successo riscosso al Casel di Foen dagli \u201cEccentrici Dadar\u00f2\u201d, con oltre trecento persone presenti, marted\u00ec 1 settembre, per lo spettacolo inaugurale di \u201cVoil\u00e0 qui e l\u00e0\u201d, la parte itinerante nelle frazioni della rassegna internazionale di arte di strada \u201cVoil\u00e0 11\u201d, analogo risultato \u00e8 stato raccolto mercoled\u00ec, al Casel di Lamen dall\u2019artista cileno \u201cEl Kote\u201d.<\/p>\n<figure id=\"attachment_6911\" aria-describedby=\"caption-attachment-6911\" style=\"width: 150px\" class=\"wp-caption alignleft\"><a href=\"http:\/\/www.bellunopress.it\/wp-content\/uploads\/2009\/08\/ennio-trento-assessore-feltre.jpg\"><img loading=\"lazy\" decoding=\"async\" class=\"size-medium wp-image-6911\" title=\"ennio-trento-assessore-feltre\" src=\"http:\/\/www.bellunopress.it\/wp-content\/uploads\/2009\/08\/ennio-trento-assessore-feltre.jpg\" alt=\"Ennio Trento\" width=\"150\" height=\"155\" \/><\/a><figcaption id=\"caption-attachment-6911\" class=\"wp-caption-text\">Ennio Trento<\/figcaption><\/figure>\n<p>Lo spettacolo \u00e8 stato introdotto dall\u2019Assessore alle Politiche della Cultura, Arch. Ennio Trento, che ha curato l\u2019iniziativa attraverso il Servizio Cultura, il quale ha ribadito la valenza e l\u2019importanza della delocalizzazione degli spettacoli e delle iniziative nei centri frazionali, fatto che gli abitanti hanno dimostrato di gradire parecchio vista ancora una volta la massiccia affluenza. El Kote, artista cileno in viaggio da 4 anni, ha sciorinato una performance di oltre un\u2019ora, con una spettacolare esplosione di energia che ha trasformato qualsiasi situazione in elemento teatrale e risata, con un forte coinvolgimento del pubblico, conquistando sia gli adulti che i bambini, tanto era eterogenea la cornice dei presenti. Al termine della serata, il Casel di Lamen ha offerto un apprezzato rinfresco agli intervenuti. Questi i prossimi appuntamenti di \u201cVoil\u00e0 qui e l\u00e0\u201d:<br \/>\n4 settembre, ore 20.30, ad Anz\u00f9, nel capannone dell\u2019U. S. San Vittore, Big Ben proporr\u00e0 I have a dream (in collaborazione con l\u2019U. S. San Vittore).<\/p>","protected":false},"excerpt":{"rendered":"<p>Dopo il successo riscosso al Casel di Foen dagli \u201cEccentrici Dadar\u00f2\u201d, con oltre trecento persone presenti, marted\u00ec 1 settembre, per lo spettacolo inaugurale di \u201cVoil\u00e0 qui e l\u00e0\u201d, la parte itinerante nelle frazioni della rassegna internazionale di arte di strada \u201cVoil\u00e0 11\u201d, analogo risultato \u00e8 stato raccolto mercoled\u00ec, al Casel di Lamen dall\u2019artista cileno \u201cEl [&hellip;]<\/p>\n","protected":false},"author":2,"featured_media":0,"comment_status":"closed","ping_status":"open","sticky":false,"template":"","format":"standard","meta":{"footnotes":""},"categories":[3,26],"tags":[139,302],"class_list":["post-7706","post","type-post","status-publish","format-standard","category-arte-cultura-spettacoli-scienza-archivi","category-prima-pagina","tag-belluno","tag-feltre"],"yoast_head":"<!-- This site is optimized with the Yoast SEO plugin v28.4 - https:\/\/yoast.com\/product\/yoast-seo-wordpress\/ -->\n<title>Delocalizzazione degli spettacoli: Voil\u00e0 qui e l\u00e0 passa da Foen a Lamen ad Anz\u00f9  - Bellunopress - Dolomiti<\/title>\n<meta name=\"robots\" content=\"index, follow, max-snippet:-1, max-image-preview:large, max-video-preview:-1\" \/>\n<link rel=\"canonical\" href=\"https:\/\/www.bellunopress.it\/fr\/2009\/09\/03\/delocalizzazione-degli-spettacoli-voila-qui-e-la-passa-da-foen-a-lamen-ad-anzu\/\" \/>\n<meta property=\"og:locale\" content=\"fr_FR\" \/>\n<meta property=\"og:type\" content=\"article\" \/>\n<meta property=\"og:title\" content=\"Delocalizzazione degli spettacoli: Voil\u00e0 qui e l\u00e0 passa da Foen a Lamen ad Anz\u00f9  - Bellunopress - Dolomiti\" \/>\n<meta property=\"og:description\" content=\"Dopo il successo riscosso al Casel di Foen dagli \u201cEccentrici Dadar\u00f2\u201d, con oltre trecento persone presenti, marted\u00ec 1 settembre, per lo spettacolo inaugurale di \u201cVoil\u00e0 qui e l\u00e0\u201d, la parte itinerante nelle frazioni della rassegna internazionale di arte di strada \u201cVoil\u00e0 11\u201d, analogo risultato \u00e8 stato raccolto mercoled\u00ec, al Casel di Lamen dall\u2019artista cileno \u201cEl [&hellip;]\" \/>\n<meta property=\"og:url\" content=\"https:\/\/www.bellunopress.it\/fr\/2009\/09\/03\/delocalizzazione-degli-spettacoli-voila-qui-e-la-passa-da-foen-a-lamen-ad-anzu\/\" \/>\n<meta property=\"og:site_name\" content=\"Bellunopress - Dolomiti\" \/>\n<meta property=\"article:publisher\" content=\"https:\/\/www.facebook.com\/profile.php?id=100008943462799\" \/>\n<meta property=\"article:published_time\" content=\"2009-09-03T18:40:43+00:00\" \/>\n<meta property=\"og:image\" content=\"http:\/\/www.bellunopress.it\/wp-content\/uploads\/2009\/08\/ennio-trento-assessore-feltre.jpg\" \/>\n<meta name=\"author\" content=\"redazione\" \/>\n<meta name=\"twitter:card\" content=\"summary_large_image\" \/>\n<meta name=\"twitter:creator\" content=\"@bellunopress\" \/>\n<meta name=\"twitter:site\" content=\"@bellunopress\" \/>\n<meta name=\"twitter:label1\" content=\"\u00c9crit par\" \/>\n\t<meta name=\"twitter:data1\" content=\"redazione\" \/>\n\t<meta name=\"twitter:label2\" content=\"Dur\u00e9e de lecture estim\u00e9e\" \/>\n\t<meta name=\"twitter:data2\" content=\"1 minute\" \/>\n<script type=\"application\/ld+json\" class=\"yoast-schema-graph\">{\"@context\":\"https:\\\/\\\/schema.org\",\"@graph\":[{\"@type\":\"Article\",\"@id\":\"https:\\\/\\\/www.bellunopress.it\\\/2009\\\/09\\\/03\\\/delocalizzazione-degli-spettacoli-voila-qui-e-la-passa-da-foen-a-lamen-ad-anzu\\\/#article\",\"isPartOf\":{\"@id\":\"https:\\\/\\\/www.bellunopress.it\\\/2009\\\/09\\\/03\\\/delocalizzazione-degli-spettacoli-voila-qui-e-la-passa-da-foen-a-lamen-ad-anzu\\\/\"},\"author\":{\"name\":\"redazione\",\"@id\":\"https:\\\/\\\/www.bellunopress.it\\\/#\\\/schema\\\/person\\\/79bb06722b37ece1c03d3e94beb30d73\"},\"headline\":\"Delocalizzazione degli spettacoli: Voil\u00e0 qui e l\u00e0 passa da Foen a Lamen ad Anz\u00f9\",\"datePublished\":\"2009-09-03T18:40:43+00:00\",\"mainEntityOfPage\":{\"@id\":\"https:\\\/\\\/www.bellunopress.it\\\/2009\\\/09\\\/03\\\/delocalizzazione-degli-spettacoli-voila-qui-e-la-passa-da-foen-a-lamen-ad-anzu\\\/\"},\"wordCount\":237,\"publisher\":{\"@id\":\"https:\\\/\\\/www.bellunopress.it\\\/#organization\"},\"image\":{\"@id\":\"https:\\\/\\\/www.bellunopress.it\\\/2009\\\/09\\\/03\\\/delocalizzazione-degli-spettacoli-voila-qui-e-la-passa-da-foen-a-lamen-ad-anzu\\\/#primaryimage\"},\"thumbnailUrl\":\"http:\\\/\\\/www.bellunopress.it\\\/wp-content\\\/uploads\\\/2009\\\/08\\\/ennio-trento-assessore-feltre.jpg\",\"keywords\":[\"Belluno\",\"Feltre\"],\"articleSection\":[\"Arte, Cultura, Spettacoli, Scienza\",\"Prima Pagina\"],\"inLanguage\":\"fr-FR\"},{\"@type\":\"WebPage\",\"@id\":\"https:\\\/\\\/www.bellunopress.it\\\/2009\\\/09\\\/03\\\/delocalizzazione-degli-spettacoli-voila-qui-e-la-passa-da-foen-a-lamen-ad-anzu\\\/\",\"url\":\"https:\\\/\\\/www.bellunopress.it\\\/2009\\\/09\\\/03\\\/delocalizzazione-degli-spettacoli-voila-qui-e-la-passa-da-foen-a-lamen-ad-anzu\\\/\",\"name\":\"Delocalizzazione degli spettacoli: Voil\u00e0 qui e l\u00e0 passa da Foen a Lamen ad Anz\u00f9 - Bellunopress - Dolomiti\",\"isPartOf\":{\"@id\":\"https:\\\/\\\/www.bellunopress.it\\\/#website\"},\"primaryImageOfPage\":{\"@id\":\"https:\\\/\\\/www.bellunopress.it\\\/2009\\\/09\\\/03\\\/delocalizzazione-degli-spettacoli-voila-qui-e-la-passa-da-foen-a-lamen-ad-anzu\\\/#primaryimage\"},\"image\":{\"@id\":\"https:\\\/\\\/www.bellunopress.it\\\/2009\\\/09\\\/03\\\/delocalizzazione-degli-spettacoli-voila-qui-e-la-passa-da-foen-a-lamen-ad-anzu\\\/#primaryimage\"},\"thumbnailUrl\":\"http:\\\/\\\/www.bellunopress.it\\\/wp-content\\\/uploads\\\/2009\\\/08\\\/ennio-trento-assessore-feltre.jpg\",\"datePublished\":\"2009-09-03T18:40:43+00:00\",\"breadcrumb\":{\"@id\":\"https:\\\/\\\/www.bellunopress.it\\\/2009\\\/09\\\/03\\\/delocalizzazione-degli-spettacoli-voila-qui-e-la-passa-da-foen-a-lamen-ad-anzu\\\/#breadcrumb\"},\"inLanguage\":\"fr-FR\",\"potentialAction\":[{\"@type\":\"ReadAction\",\"target\":[\"https:\\\/\\\/www.bellunopress.it\\\/2009\\\/09\\\/03\\\/delocalizzazione-degli-spettacoli-voila-qui-e-la-passa-da-foen-a-lamen-ad-anzu\\\/\"]}]},{\"@type\":\"ImageObject\",\"inLanguage\":\"fr-FR\",\"@id\":\"https:\\\/\\\/www.bellunopress.it\\\/2009\\\/09\\\/03\\\/delocalizzazione-degli-spettacoli-voila-qui-e-la-passa-da-foen-a-lamen-ad-anzu\\\/#primaryimage\",\"url\":\"http:\\\/\\\/www.bellunopress.it\\\/wp-content\\\/uploads\\\/2009\\\/08\\\/ennio-trento-assessore-feltre.jpg\",\"contentUrl\":\"http:\\\/\\\/www.bellunopress.it\\\/wp-content\\\/uploads\\\/2009\\\/08\\\/ennio-trento-assessore-feltre.jpg\"},{\"@type\":\"BreadcrumbList\",\"@id\":\"https:\\\/\\\/www.bellunopress.it\\\/2009\\\/09\\\/03\\\/delocalizzazione-degli-spettacoli-voila-qui-e-la-passa-da-foen-a-lamen-ad-anzu\\\/#breadcrumb\",\"itemListElement\":[{\"@type\":\"ListItem\",\"position\":1,\"name\":\"Home\",\"item\":\"https:\\\/\\\/www.bellunopress.it\\\/\"},{\"@type\":\"ListItem\",\"position\":2,\"name\":\"Delocalizzazione degli spettacoli: Voil\u00e0 qui e l\u00e0 passa da Foen a Lamen ad Anz\u00f9\"}]},{\"@type\":\"WebSite\",\"@id\":\"https:\\\/\\\/www.bellunopress.it\\\/#website\",\"url\":\"https:\\\/\\\/www.bellunopress.it\\\/\",\"name\":\"Bellunopress - Dolomiti\",\"description\":\"e-mail: redazione@bellunopress.it\",\"publisher\":{\"@id\":\"https:\\\/\\\/www.bellunopress.it\\\/#organization\"},\"potentialAction\":[{\"@type\":\"SearchAction\",\"target\":{\"@type\":\"EntryPoint\",\"urlTemplate\":\"https:\\\/\\\/www.bellunopress.it\\\/?s={search_term_string}\"},\"query-input\":{\"@type\":\"PropertyValueSpecification\",\"valueRequired\":true,\"valueName\":\"search_term_string\"}}],\"inLanguage\":\"fr-FR\"},{\"@type\":\"Organization\",\"@id\":\"https:\\\/\\\/www.bellunopress.it\\\/#organization\",\"name\":\"Bellunopress\",\"url\":\"https:\\\/\\\/www.bellunopress.it\\\/\",\"logo\":{\"@type\":\"ImageObject\",\"inLanguage\":\"fr-FR\",\"@id\":\"https:\\\/\\\/www.bellunopress.it\\\/#\\\/schema\\\/logo\\\/image\\\/\",\"url\":\"https:\\\/\\\/www.bellunopress.it\\\/wp-content\\\/uploads\\\/2011\\\/05\\\/cropped-logo-bellunopress-.jpg\",\"contentUrl\":\"https:\\\/\\\/www.bellunopress.it\\\/wp-content\\\/uploads\\\/2011\\\/05\\\/cropped-logo-bellunopress-.jpg\",\"width\":512,\"height\":512,\"caption\":\"Bellunopress\"},\"image\":{\"@id\":\"https:\\\/\\\/www.bellunopress.it\\\/#\\\/schema\\\/logo\\\/image\\\/\"},\"sameAs\":[\"https:\\\/\\\/www.facebook.com\\\/profile.php?id=100008943462799\",\"https:\\\/\\\/x.com\\\/bellunopress\",\"https:\\\/\\\/www.linkedin.com\\\/hp\\\/?dnr=JBzUWaJfMUw8vbXJJ2tVW5-I3jZKvC4wsoxE&amp;amp;amp;amp;amp;amp;trk=nav_responsive_tab_home\",\"https:\\\/\\\/www.youtube.com\\\/channel\\\/UCxL0wu1uN0_3_7hGG0306cw\"]},{\"@type\":\"Person\",\"@id\":\"https:\\\/\\\/www.bellunopress.it\\\/#\\\/schema\\\/person\\\/79bb06722b37ece1c03d3e94beb30d73\",\"name\":\"redazione\",\"image\":{\"@type\":\"ImageObject\",\"inLanguage\":\"fr-FR\",\"@id\":\"https:\\\/\\\/secure.gravatar.com\\\/avatar\\\/37d968a2e67a6fd04c169c4bdef102d0bc5d31b2546345219e348575eb80e9a0?s=96&d=mm&r=g\",\"url\":\"https:\\\/\\\/secure.gravatar.com\\\/avatar\\\/37d968a2e67a6fd04c169c4bdef102d0bc5d31b2546345219e348575eb80e9a0?s=96&d=mm&r=g\",\"contentUrl\":\"https:\\\/\\\/secure.gravatar.com\\\/avatar\\\/37d968a2e67a6fd04c169c4bdef102d0bc5d31b2546345219e348575eb80e9a0?s=96&d=mm&r=g\",\"caption\":\"redazione\"},\"sameAs\":[\"http:\\\/\\\/www.bellunopress.it\",\"https:\\\/\\\/x.com\\\/bellunopress\"],\"url\":\"https:\\\/\\\/www.bellunopress.it\\\/fr\\\/author\\\/redazione\\\/\"}]}<\/script>\n<!-- \/ Yoast SEO plugin. -->","yoast_head_json":{"title":"Delocalizzazione degli spettacoli: Voil\u00e0 qui e l\u00e0 passa da Foen a Lamen ad Anz\u00f9  - Bellunopress - Dolomiti","robots":{"index":"index","follow":"follow","max-snippet":"max-snippet:-1","max-image-preview":"max-image-preview:large","max-video-preview":"max-video-preview:-1"},"canonical":"https:\/\/www.bellunopress.it\/fr\/2009\/09\/03\/delocalizzazione-degli-spettacoli-voila-qui-e-la-passa-da-foen-a-lamen-ad-anzu\/","og_locale":"fr_FR","og_type":"article","og_title":"Delocalizzazione degli spettacoli: Voil\u00e0 qui e l\u00e0 passa da Foen a Lamen ad Anz\u00f9  - Bellunopress - Dolomiti","og_description":"Dopo il successo riscosso al Casel di Foen dagli \u201cEccentrici Dadar\u00f2\u201d, con oltre trecento persone presenti, marted\u00ec 1 settembre, per lo spettacolo inaugurale di \u201cVoil\u00e0 qui e l\u00e0\u201d, la parte itinerante nelle frazioni della rassegna internazionale di arte di strada \u201cVoil\u00e0 11\u201d, analogo risultato \u00e8 stato raccolto mercoled\u00ec, al Casel di Lamen dall\u2019artista cileno \u201cEl [&hellip;]","og_url":"https:\/\/www.bellunopress.it\/fr\/2009\/09\/03\/delocalizzazione-degli-spettacoli-voila-qui-e-la-passa-da-foen-a-lamen-ad-anzu\/","og_site_name":"Bellunopress - Dolomiti","article_publisher":"https:\/\/www.facebook.com\/profile.php?id=100008943462799","article_published_time":"2009-09-03T18:40:43+00:00","og_image":[{"url":"http:\/\/www.bellunopress.it\/wp-content\/uploads\/2009\/08\/ennio-trento-assessore-feltre.jpg","type":"","width":"","height":""}],"author":"redazione","twitter_card":"summary_large_image","twitter_creator":"@bellunopress","twitter_site":"@bellunopress","twitter_misc":{"\u00c9crit par":"redazione","Dur\u00e9e de lecture estim\u00e9e":"1 minute"},"schema":{"@context":"https:\/\/schema.org","@graph":[{"@type":"Article","@id":"https:\/\/www.bellunopress.it\/2009\/09\/03\/delocalizzazione-degli-spettacoli-voila-qui-e-la-passa-da-foen-a-lamen-ad-anzu\/#article","isPartOf":{"@id":"https:\/\/www.bellunopress.it\/2009\/09\/03\/delocalizzazione-degli-spettacoli-voila-qui-e-la-passa-da-foen-a-lamen-ad-anzu\/"},"author":{"name":"redazione","@id":"https:\/\/www.bellunopress.it\/#\/schema\/person\/79bb06722b37ece1c03d3e94beb30d73"},"headline":"Delocalizzazione degli spettacoli: Voil\u00e0 qui e l\u00e0 passa da Foen a Lamen ad Anz\u00f9","datePublished":"2009-09-03T18:40:43+00:00","mainEntityOfPage":{"@id":"https:\/\/www.bellunopress.it\/2009\/09\/03\/delocalizzazione-degli-spettacoli-voila-qui-e-la-passa-da-foen-a-lamen-ad-anzu\/"},"wordCount":237,"publisher":{"@id":"https:\/\/www.bellunopress.it\/#organization"},"image":{"@id":"https:\/\/www.bellunopress.it\/2009\/09\/03\/delocalizzazione-degli-spettacoli-voila-qui-e-la-passa-da-foen-a-lamen-ad-anzu\/#primaryimage"},"thumbnailUrl":"http:\/\/www.bellunopress.it\/wp-content\/uploads\/2009\/08\/ennio-trento-assessore-feltre.jpg","keywords":["Belluno","Feltre"],"articleSection":["Arte, Cultura, Spettacoli, Scienza","Prima Pagina"],"inLanguage":"fr-FR"},{"@type":"WebPage","@id":"https:\/\/www.bellunopress.it\/2009\/09\/03\/delocalizzazione-degli-spettacoli-voila-qui-e-la-passa-da-foen-a-lamen-ad-anzu\/","url":"https:\/\/www.bellunopress.it\/2009\/09\/03\/delocalizzazione-degli-spettacoli-voila-qui-e-la-passa-da-foen-a-lamen-ad-anzu\/","name":"Delocalizzazione degli spettacoli: Voil\u00e0 qui e l\u00e0 passa da Foen a Lamen ad Anz\u00f9 - Bellunopress - Dolomiti","isPartOf":{"@id":"https:\/\/www.bellunopress.it\/#website"},"primaryImageOfPage":{"@id":"https:\/\/www.bellunopress.it\/2009\/09\/03\/delocalizzazione-degli-spettacoli-voila-qui-e-la-passa-da-foen-a-lamen-ad-anzu\/#primaryimage"},"image":{"@id":"https:\/\/www.bellunopress.it\/2009\/09\/03\/delocalizzazione-degli-spettacoli-voila-qui-e-la-passa-da-foen-a-lamen-ad-anzu\/#primaryimage"},"thumbnailUrl":"http:\/\/www.bellunopress.it\/wp-content\/uploads\/2009\/08\/ennio-trento-assessore-feltre.jpg","datePublished":"2009-09-03T18:40:43+00:00","breadcrumb":{"@id":"https:\/\/www.bellunopress.it\/2009\/09\/03\/delocalizzazione-degli-spettacoli-voila-qui-e-la-passa-da-foen-a-lamen-ad-anzu\/#breadcrumb"},"inLanguage":"fr-FR","potentialAction":[{"@type":"ReadAction","target":["https:\/\/www.bellunopress.it\/2009\/09\/03\/delocalizzazione-degli-spettacoli-voila-qui-e-la-passa-da-foen-a-lamen-ad-anzu\/"]}]},{"@type":"ImageObject","inLanguage":"fr-FR","@id":"https:\/\/www.bellunopress.it\/2009\/09\/03\/delocalizzazione-degli-spettacoli-voila-qui-e-la-passa-da-foen-a-lamen-ad-anzu\/#primaryimage","url":"http:\/\/www.bellunopress.it\/wp-content\/uploads\/2009\/08\/ennio-trento-assessore-feltre.jpg","contentUrl":"http:\/\/www.bellunopress.it\/wp-content\/uploads\/2009\/08\/ennio-trento-assessore-feltre.jpg"},{"@type":"BreadcrumbList","@id":"https:\/\/www.bellunopress.it\/2009\/09\/03\/delocalizzazione-degli-spettacoli-voila-qui-e-la-passa-da-foen-a-lamen-ad-anzu\/#breadcrumb","itemListElement":[{"@type":"ListItem","position":1,"name":"Home","item":"https:\/\/www.bellunopress.it\/"},{"@type":"ListItem","position":2,"name":"Delocalizzazione degli spettacoli: Voil\u00e0 qui e l\u00e0 passa da Foen a Lamen ad Anz\u00f9"}]},{"@type":"WebSite","@id":"https:\/\/www.bellunopress.it\/#website","url":"https:\/\/www.bellunopress.it\/","name":"Bellunopress - Dolomiti","description":"e-mail: redazione@bellunopress.it","publisher":{"@id":"https:\/\/www.bellunopress.it\/#organization"},"potentialAction":[{"@type":"SearchAction","target":{"@type":"EntryPoint","urlTemplate":"https:\/\/www.bellunopress.it\/?s={search_term_string}"},"query-input":{"@type":"PropertyValueSpecification","valueRequired":true,"valueName":"search_term_string"}}],"inLanguage":"fr-FR"},{"@type":"Organization","@id":"https:\/\/www.bellunopress.it\/#organization","name":"Bellunopress","url":"https:\/\/www.bellunopress.it\/","logo":{"@type":"ImageObject","inLanguage":"fr-FR","@id":"https:\/\/www.bellunopress.it\/#\/schema\/logo\/image\/","url":"https:\/\/www.bellunopress.it\/wp-content\/uploads\/2011\/05\/cropped-logo-bellunopress-.jpg","contentUrl":"https:\/\/www.bellunopress.it\/wp-content\/uploads\/2011\/05\/cropped-logo-bellunopress-.jpg","width":512,"height":512,"caption":"Bellunopress"},"image":{"@id":"https:\/\/www.bellunopress.it\/#\/schema\/logo\/image\/"},"sameAs":["https:\/\/www.facebook.com\/profile.php?id=100008943462799","https:\/\/x.com\/bellunopress","https:\/\/www.linkedin.com\/hp\/?dnr=JBzUWaJfMUw8vbXJJ2tVW5-I3jZKvC4wsoxE&amp;amp;amp;amp;amp;amp;trk=nav_responsive_tab_home","https:\/\/www.youtube.com\/channel\/UCxL0wu1uN0_3_7hGG0306cw"]},{"@type":"Person","@id":"https:\/\/www.bellunopress.it\/#\/schema\/person\/79bb06722b37ece1c03d3e94beb30d73","name":"r\u00e9daction","image":{"@type":"ImageObject","inLanguage":"fr-FR","@id":"https:\/\/secure.gravatar.com\/avatar\/37d968a2e67a6fd04c169c4bdef102d0bc5d31b2546345219e348575eb80e9a0?s=96&d=mm&r=g","url":"https:\/\/secure.gravatar.com\/avatar\/37d968a2e67a6fd04c169c4bdef102d0bc5d31b2546345219e348575eb80e9a0?s=96&d=mm&r=g","contentUrl":"https:\/\/secure.gravatar.com\/avatar\/37d968a2e67a6fd04c169c4bdef102d0bc5d31b2546345219e348575eb80e9a0?s=96&d=mm&r=g","caption":"redazione"},"sameAs":["http:\/\/www.bellunopress.it","https:\/\/x.com\/bellunopress"],"url":"https:\/\/www.bellunopress.it\/fr\/author\/redazione\/"}]}},"_links":{"self":[{"href":"https:\/\/www.bellunopress.it\/fr\/wp-json\/wp\/v2\/posts\/7706","targetHints":{"allow":["GET"]}}],"collection":[{"href":"https:\/\/www.bellunopress.it\/fr\/wp-json\/wp\/v2\/posts"}],"about":[{"href":"https:\/\/www.bellunopress.it\/fr\/wp-json\/wp\/v2\/types\/post"}],"author":[{"embeddable":true,"href":"https:\/\/www.bellunopress.it\/fr\/wp-json\/wp\/v2\/users\/2"}],"replies":[{"embeddable":true,"href":"https:\/\/www.bellunopress.it\/fr\/wp-json\/wp\/v2\/comments?post=7706"}],"version-history":[{"count":1,"href":"https:\/\/www.bellunopress.it\/fr\/wp-json\/wp\/v2\/posts\/7706\/revisions"}],"predecessor-version":[{"id":7707,"href":"https:\/\/www.bellunopress.it\/fr\/wp-json\/wp\/v2\/posts\/7706\/revisions\/7707"}],"wp:attachment":[{"href":"https:\/\/www.bellunopress.it\/fr\/wp-json\/wp\/v2\/media?parent=7706"}],"wp:term":[{"taxonomy":"category","embeddable":true,"href":"https:\/\/www.bellunopress.it\/fr\/wp-json\/wp\/v2\/categories?post=7706"},{"taxonomy":"post_tag","embeddable":true,"href":"https:\/\/www.bellunopress.it\/fr\/wp-json\/wp\/v2\/tags?post=7706"}],"curies":[{"name":"wp","href":"https:\/\/api.w.org\/{rel}","templated":true}]}}