{"id":77057,"date":"2016-04-21T15:13:13","date_gmt":"2016-04-21T13:13:13","guid":{"rendered":"http:\/\/www.bellunopress.it\/?p=77057"},"modified":"2016-04-21T15:13:13","modified_gmt":"2016-04-21T13:13:13","slug":"la-mini-dxt-la-dolomiti-extreme-trail-questanno-anche-piu-piccoli","status":"publish","type":"post","link":"https:\/\/www.bellunopress.it\/fr\/2016\/04\/21\/la-mini-dxt-la-dolomiti-extreme-trail-questanno-anche-piu-piccoli\/","title":{"rendered":"Ecco la mini Dxt, la Dolomiti Extreme Trail quest&#8217;anno anche per i pi\u00f9 piccoli"},"content":{"rendered":"<p><strong>Accanto ai trail, l\u2019evento della Val di Zoldo l\u201911 giugno proporr\u00e0 anche una gara per i bambini, sulla distanza dei 2,5 chilometri, per ricordare Lino Tomea.<\/strong><\/p>\n<p><strong>Le iscrizioni alla Dxt intanto continuano a salire: superata quota 900, con 37 paesi rappresentati.<\/strong><\/p>\n<p><a href=\"http:\/\/www.bellunopress.it\/wp-content\/uploads\/2015\/06\/dolomiti-extreme-trail-2014-federica-boifava-con-alle-spalle-il-pelmo.jpg\"><img loading=\"lazy\" decoding=\"async\" class=\"alignleft size-full wp-image-69368\" src=\"http:\/\/www.bellunopress.it\/wp-content\/uploads\/2015\/06\/dolomiti-extreme-trail-2014-federica-boifava-con-alle-spalle-il-pelmo.jpg\" alt=\"dolomiti extreme trail 2014 federica boifava con alle spalle il pelmo\" width=\"300\" height=\"267\" \/><\/a>Val di Zoldo (Belluno), 21 aprile 2016 \u2013 Non solo lunghe distanze. La quarta edizione di \u201cDolomiti Extreme Trail\u201d, l\u2019evento podistico che ha come scenario la Val di Zoldo, sulle Dolomiti Bellunesi patrimonio mondiale dell\u2019umanit\u00e0 Unesco, avr\u00e0 un occhio di riguardo anche per i pi\u00f9 piccoli. Ritorna, infatti, la \u201cMini Dxt. Run&amp;Fun\u201d, manifestazione di carattere non competitivo dedicata ai bambini e ai ragazzi dai 6 ai 17 anni. L\u2019organizzazione \u00e8 a cura di Dxt in sinergia con l\u2019associazione \u201cServizio di Soccorso Ambulanza dei Donatori del sangue-Onlus\u201d che con questo evento per i giovani vuole ricordare un amico e volontario deceduto improvvisamente l&#8217;autunno scorso, Lino Tomea.<\/p>\n<p>La \u201cMini Dxt. Run&amp;Fun\u201d si svolger\u00e0, nella mattinata di sabato 11 giugno, con partenza da Campo di Zoldo e conclusione a Pieve, proprio sotto lo striscione d\u2019arrivo della gara dei grandi. Il tracciato misura 2,5 chilometri. La partecipazione sar\u00e0 gratuita e ogni concorrente ricever\u00e0 una maglietta griffata Dxt. Sar\u00e0 possibile perfezionare l\u2019iscrizione nei giorni precedenti la corsa presso l\u2019ufficio turistico di Forno di Zoldo oppure in zona partenza fino a pochi minuti prima del via.<\/p>\n<p>Tra i motivi di interesse, anche il fatto che Mini Dxt quest\u2019anno sar\u00e0 inserita nel circuito Minitrail (www.minitrail.it), l\u2019iniziativa proposta dalla rivista Spirito Trail per diffondere tra le giovani generazioni l\u2019 amore per la corsa e per la natura.<\/p>\n<p>Sul fronte Dxt, evento che si svolger\u00e0 da venerd\u00ec 10 a domenica 12 giugno e che proporr\u00e0 tre percorsi (23, 53 e 103 chilometri), le iscrizioni procedono a buon ritmo: nei giorni scorsi si \u00e8 superata quota 900. Le nazioni presenti sono salite a 37.<\/p>\n<p>Per approfondimenti: www.dolomitiextremetrail.com.<\/p>\n<p>&nbsp;<\/p>","protected":false},"excerpt":{"rendered":"<p>Accanto ai trail, l\u2019evento della Val di Zoldo l\u201911 giugno proporr\u00e0 anche una gara per i bambini, sulla distanza dei 2,5 chilometri, per ricordare Lino Tomea. Le iscrizioni alla Dxt intanto continuano a salire: superata quota 900, con 37 paesi rappresentati. Val di Zoldo (Belluno), 21 aprile 2016 \u2013 Non solo lunghe distanze. La quarta [&hellip;]<\/p>\n","protected":false},"author":2,"featured_media":0,"comment_status":"closed","ping_status":"open","sticky":false,"template":"","format":"standard","meta":{"footnotes":""},"categories":[26,4],"tags":[],"class_list":["post-77057","post","type-post","status-publish","format-standard","category-prima-pagina","category-sport"],"yoast_head":"<!-- This site is optimized with the Yoast SEO plugin v28.4 - https:\/\/yoast.com\/product\/yoast-seo-wordpress\/ -->\n<title>Ecco la mini Dxt, la Dolomiti Extreme Trail quest&#039;anno anche per i pi\u00f9 piccoli - Bellunopress - Dolomiti<\/title>\n<meta name=\"robots\" content=\"index, follow, max-snippet:-1, max-image-preview:large, max-video-preview:-1\" \/>\n<link rel=\"canonical\" href=\"https:\/\/www.bellunopress.it\/fr\/2016\/04\/21\/la-mini-dxt-la-dolomiti-extreme-trail-questanno-anche-piu-piccoli\/\" \/>\n<meta property=\"og:locale\" content=\"fr_FR\" \/>\n<meta property=\"og:type\" content=\"article\" \/>\n<meta property=\"og:title\" content=\"Ecco la mini Dxt, la Dolomiti Extreme Trail quest&#039;anno anche per i pi\u00f9 piccoli - Bellunopress - Dolomiti\" \/>\n<meta property=\"og:description\" content=\"Accanto ai trail, l\u2019evento della Val di Zoldo l\u201911 giugno proporr\u00e0 anche una gara per i bambini, sulla distanza dei 2,5 chilometri, per ricordare Lino Tomea. Le iscrizioni alla Dxt intanto continuano a salire: superata quota 900, con 37 paesi rappresentati. Val di Zoldo (Belluno), 21 aprile 2016 \u2013 Non solo lunghe distanze. La quarta [&hellip;]\" \/>\n<meta property=\"og:url\" content=\"https:\/\/www.bellunopress.it\/fr\/2016\/04\/21\/la-mini-dxt-la-dolomiti-extreme-trail-questanno-anche-piu-piccoli\/\" \/>\n<meta property=\"og:site_name\" content=\"Bellunopress - Dolomiti\" \/>\n<meta property=\"article:publisher\" content=\"https:\/\/www.facebook.com\/profile.php?id=100008943462799\" \/>\n<meta property=\"article:published_time\" content=\"2016-04-21T13:13:13+00:00\" \/>\n<meta property=\"og:image\" content=\"http:\/\/www.bellunopress.it\/wp-content\/uploads\/2015\/06\/dolomiti-extreme-trail-2014-federica-boifava-con-alle-spalle-il-pelmo.jpg\" \/>\n<meta name=\"author\" content=\"redazione\" \/>\n<meta name=\"twitter:card\" content=\"summary_large_image\" \/>\n<meta name=\"twitter:creator\" content=\"@bellunopress\" \/>\n<meta name=\"twitter:site\" content=\"@bellunopress\" \/>\n<meta name=\"twitter:label1\" content=\"\u00c9crit par\" \/>\n\t<meta name=\"twitter:data1\" content=\"redazione\" \/>\n\t<meta name=\"twitter:label2\" content=\"Dur\u00e9e de lecture estim\u00e9e\" \/>\n\t<meta name=\"twitter:data2\" content=\"2 minutes\" \/>\n<script type=\"application\/ld+json\" class=\"yoast-schema-graph\">{\"@context\":\"https:\\\/\\\/schema.org\",\"@graph\":[{\"@type\":\"Article\",\"@id\":\"https:\\\/\\\/www.bellunopress.it\\\/2016\\\/04\\\/21\\\/la-mini-dxt-la-dolomiti-extreme-trail-questanno-anche-piu-piccoli\\\/#article\",\"isPartOf\":{\"@id\":\"https:\\\/\\\/www.bellunopress.it\\\/2016\\\/04\\\/21\\\/la-mini-dxt-la-dolomiti-extreme-trail-questanno-anche-piu-piccoli\\\/\"},\"author\":{\"name\":\"redazione\",\"@id\":\"https:\\\/\\\/www.bellunopress.it\\\/#\\\/schema\\\/person\\\/79bb06722b37ece1c03d3e94beb30d73\"},\"headline\":\"Ecco la mini Dxt, la Dolomiti Extreme Trail quest&#8217;anno anche per i pi\u00f9 piccoli\",\"datePublished\":\"2016-04-21T13:13:13+00:00\",\"mainEntityOfPage\":{\"@id\":\"https:\\\/\\\/www.bellunopress.it\\\/2016\\\/04\\\/21\\\/la-mini-dxt-la-dolomiti-extreme-trail-questanno-anche-piu-piccoli\\\/\"},\"wordCount\":324,\"publisher\":{\"@id\":\"https:\\\/\\\/www.bellunopress.it\\\/#organization\"},\"image\":{\"@id\":\"https:\\\/\\\/www.bellunopress.it\\\/2016\\\/04\\\/21\\\/la-mini-dxt-la-dolomiti-extreme-trail-questanno-anche-piu-piccoli\\\/#primaryimage\"},\"thumbnailUrl\":\"http:\\\/\\\/www.bellunopress.it\\\/wp-content\\\/uploads\\\/2015\\\/06\\\/dolomiti-extreme-trail-2014-federica-boifava-con-alle-spalle-il-pelmo.jpg\",\"articleSection\":[\"Prima Pagina\",\"Sport, tempo libero\"],\"inLanguage\":\"fr-FR\"},{\"@type\":\"WebPage\",\"@id\":\"https:\\\/\\\/www.bellunopress.it\\\/2016\\\/04\\\/21\\\/la-mini-dxt-la-dolomiti-extreme-trail-questanno-anche-piu-piccoli\\\/\",\"url\":\"https:\\\/\\\/www.bellunopress.it\\\/2016\\\/04\\\/21\\\/la-mini-dxt-la-dolomiti-extreme-trail-questanno-anche-piu-piccoli\\\/\",\"name\":\"Ecco la mini Dxt, la Dolomiti Extreme Trail quest'anno anche per i pi\u00f9 piccoli - Bellunopress - Dolomiti\",\"isPartOf\":{\"@id\":\"https:\\\/\\\/www.bellunopress.it\\\/#website\"},\"primaryImageOfPage\":{\"@id\":\"https:\\\/\\\/www.bellunopress.it\\\/2016\\\/04\\\/21\\\/la-mini-dxt-la-dolomiti-extreme-trail-questanno-anche-piu-piccoli\\\/#primaryimage\"},\"image\":{\"@id\":\"https:\\\/\\\/www.bellunopress.it\\\/2016\\\/04\\\/21\\\/la-mini-dxt-la-dolomiti-extreme-trail-questanno-anche-piu-piccoli\\\/#primaryimage\"},\"thumbnailUrl\":\"http:\\\/\\\/www.bellunopress.it\\\/wp-content\\\/uploads\\\/2015\\\/06\\\/dolomiti-extreme-trail-2014-federica-boifava-con-alle-spalle-il-pelmo.jpg\",\"datePublished\":\"2016-04-21T13:13:13+00:00\",\"breadcrumb\":{\"@id\":\"https:\\\/\\\/www.bellunopress.it\\\/2016\\\/04\\\/21\\\/la-mini-dxt-la-dolomiti-extreme-trail-questanno-anche-piu-piccoli\\\/#breadcrumb\"},\"inLanguage\":\"fr-FR\",\"potentialAction\":[{\"@type\":\"ReadAction\",\"target\":[\"https:\\\/\\\/www.bellunopress.it\\\/2016\\\/04\\\/21\\\/la-mini-dxt-la-dolomiti-extreme-trail-questanno-anche-piu-piccoli\\\/\"]}]},{\"@type\":\"ImageObject\",\"inLanguage\":\"fr-FR\",\"@id\":\"https:\\\/\\\/www.bellunopress.it\\\/2016\\\/04\\\/21\\\/la-mini-dxt-la-dolomiti-extreme-trail-questanno-anche-piu-piccoli\\\/#primaryimage\",\"url\":\"http:\\\/\\\/www.bellunopress.it\\\/wp-content\\\/uploads\\\/2015\\\/06\\\/dolomiti-extreme-trail-2014-federica-boifava-con-alle-spalle-il-pelmo.jpg\",\"contentUrl\":\"http:\\\/\\\/www.bellunopress.it\\\/wp-content\\\/uploads\\\/2015\\\/06\\\/dolomiti-extreme-trail-2014-federica-boifava-con-alle-spalle-il-pelmo.jpg\"},{\"@type\":\"BreadcrumbList\",\"@id\":\"https:\\\/\\\/www.bellunopress.it\\\/2016\\\/04\\\/21\\\/la-mini-dxt-la-dolomiti-extreme-trail-questanno-anche-piu-piccoli\\\/#breadcrumb\",\"itemListElement\":[{\"@type\":\"ListItem\",\"position\":1,\"name\":\"Home\",\"item\":\"https:\\\/\\\/www.bellunopress.it\\\/\"},{\"@type\":\"ListItem\",\"position\":2,\"name\":\"Ecco la mini Dxt, la Dolomiti Extreme Trail quest&#8217;anno anche per i pi\u00f9 piccoli\"}]},{\"@type\":\"WebSite\",\"@id\":\"https:\\\/\\\/www.bellunopress.it\\\/#website\",\"url\":\"https:\\\/\\\/www.bellunopress.it\\\/\",\"name\":\"Bellunopress - Dolomiti\",\"description\":\"e-mail: redazione@bellunopress.it\",\"publisher\":{\"@id\":\"https:\\\/\\\/www.bellunopress.it\\\/#organization\"},\"potentialAction\":[{\"@type\":\"SearchAction\",\"target\":{\"@type\":\"EntryPoint\",\"urlTemplate\":\"https:\\\/\\\/www.bellunopress.it\\\/?s={search_term_string}\"},\"query-input\":{\"@type\":\"PropertyValueSpecification\",\"valueRequired\":true,\"valueName\":\"search_term_string\"}}],\"inLanguage\":\"fr-FR\"},{\"@type\":\"Organization\",\"@id\":\"https:\\\/\\\/www.bellunopress.it\\\/#organization\",\"name\":\"Bellunopress\",\"url\":\"https:\\\/\\\/www.bellunopress.it\\\/\",\"logo\":{\"@type\":\"ImageObject\",\"inLanguage\":\"fr-FR\",\"@id\":\"https:\\\/\\\/www.bellunopress.it\\\/#\\\/schema\\\/logo\\\/image\\\/\",\"url\":\"https:\\\/\\\/www.bellunopress.it\\\/wp-content\\\/uploads\\\/2011\\\/05\\\/cropped-logo-bellunopress-.jpg\",\"contentUrl\":\"https:\\\/\\\/www.bellunopress.it\\\/wp-content\\\/uploads\\\/2011\\\/05\\\/cropped-logo-bellunopress-.jpg\",\"width\":512,\"height\":512,\"caption\":\"Bellunopress\"},\"image\":{\"@id\":\"https:\\\/\\\/www.bellunopress.it\\\/#\\\/schema\\\/logo\\\/image\\\/\"},\"sameAs\":[\"https:\\\/\\\/www.facebook.com\\\/profile.php?id=100008943462799\",\"https:\\\/\\\/x.com\\\/bellunopress\",\"https:\\\/\\\/www.linkedin.com\\\/hp\\\/?dnr=JBzUWaJfMUw8vbXJJ2tVW5-I3jZKvC4wsoxE&amp;amp;amp;amp;amp;amp;trk=nav_responsive_tab_home\",\"https:\\\/\\\/www.youtube.com\\\/channel\\\/UCxL0wu1uN0_3_7hGG0306cw\"]},{\"@type\":\"Person\",\"@id\":\"https:\\\/\\\/www.bellunopress.it\\\/#\\\/schema\\\/person\\\/79bb06722b37ece1c03d3e94beb30d73\",\"name\":\"redazione\",\"image\":{\"@type\":\"ImageObject\",\"inLanguage\":\"fr-FR\",\"@id\":\"https:\\\/\\\/secure.gravatar.com\\\/avatar\\\/37d968a2e67a6fd04c169c4bdef102d0bc5d31b2546345219e348575eb80e9a0?s=96&d=mm&r=g\",\"url\":\"https:\\\/\\\/secure.gravatar.com\\\/avatar\\\/37d968a2e67a6fd04c169c4bdef102d0bc5d31b2546345219e348575eb80e9a0?s=96&d=mm&r=g\",\"contentUrl\":\"https:\\\/\\\/secure.gravatar.com\\\/avatar\\\/37d968a2e67a6fd04c169c4bdef102d0bc5d31b2546345219e348575eb80e9a0?s=96&d=mm&r=g\",\"caption\":\"redazione\"},\"sameAs\":[\"http:\\\/\\\/www.bellunopress.it\",\"https:\\\/\\\/x.com\\\/bellunopress\"],\"url\":\"https:\\\/\\\/www.bellunopress.it\\\/fr\\\/author\\\/redazione\\\/\"}]}<\/script>\n<!-- \/ Yoast SEO plugin. -->","yoast_head_json":{"title":"Ecco la mini Dxt, la Dolomiti Extreme Trail quest'anno anche per i pi\u00f9 piccoli - Bellunopress - Dolomiti","robots":{"index":"index","follow":"follow","max-snippet":"max-snippet:-1","max-image-preview":"max-image-preview:large","max-video-preview":"max-video-preview:-1"},"canonical":"https:\/\/www.bellunopress.it\/fr\/2016\/04\/21\/la-mini-dxt-la-dolomiti-extreme-trail-questanno-anche-piu-piccoli\/","og_locale":"fr_FR","og_type":"article","og_title":"Ecco la mini Dxt, la Dolomiti Extreme Trail quest'anno anche per i pi\u00f9 piccoli - Bellunopress - Dolomiti","og_description":"Accanto ai trail, l\u2019evento della Val di Zoldo l\u201911 giugno proporr\u00e0 anche una gara per i bambini, sulla distanza dei 2,5 chilometri, per ricordare Lino Tomea. Le iscrizioni alla Dxt intanto continuano a salire: superata quota 900, con 37 paesi rappresentati. Val di Zoldo (Belluno), 21 aprile 2016 \u2013 Non solo lunghe distanze. La quarta [&hellip;]","og_url":"https:\/\/www.bellunopress.it\/fr\/2016\/04\/21\/la-mini-dxt-la-dolomiti-extreme-trail-questanno-anche-piu-piccoli\/","og_site_name":"Bellunopress - Dolomiti","article_publisher":"https:\/\/www.facebook.com\/profile.php?id=100008943462799","article_published_time":"2016-04-21T13:13:13+00:00","og_image":[{"url":"http:\/\/www.bellunopress.it\/wp-content\/uploads\/2015\/06\/dolomiti-extreme-trail-2014-federica-boifava-con-alle-spalle-il-pelmo.jpg","type":"","width":"","height":""}],"author":"redazione","twitter_card":"summary_large_image","twitter_creator":"@bellunopress","twitter_site":"@bellunopress","twitter_misc":{"\u00c9crit par":"redazione","Dur\u00e9e de lecture estim\u00e9e":"2 minutes"},"schema":{"@context":"https:\/\/schema.org","@graph":[{"@type":"Article","@id":"https:\/\/www.bellunopress.it\/2016\/04\/21\/la-mini-dxt-la-dolomiti-extreme-trail-questanno-anche-piu-piccoli\/#article","isPartOf":{"@id":"https:\/\/www.bellunopress.it\/2016\/04\/21\/la-mini-dxt-la-dolomiti-extreme-trail-questanno-anche-piu-piccoli\/"},"author":{"name":"redazione","@id":"https:\/\/www.bellunopress.it\/#\/schema\/person\/79bb06722b37ece1c03d3e94beb30d73"},"headline":"Ecco la mini Dxt, la Dolomiti Extreme Trail quest&#8217;anno anche per i pi\u00f9 piccoli","datePublished":"2016-04-21T13:13:13+00:00","mainEntityOfPage":{"@id":"https:\/\/www.bellunopress.it\/2016\/04\/21\/la-mini-dxt-la-dolomiti-extreme-trail-questanno-anche-piu-piccoli\/"},"wordCount":324,"publisher":{"@id":"https:\/\/www.bellunopress.it\/#organization"},"image":{"@id":"https:\/\/www.bellunopress.it\/2016\/04\/21\/la-mini-dxt-la-dolomiti-extreme-trail-questanno-anche-piu-piccoli\/#primaryimage"},"thumbnailUrl":"http:\/\/www.bellunopress.it\/wp-content\/uploads\/2015\/06\/dolomiti-extreme-trail-2014-federica-boifava-con-alle-spalle-il-pelmo.jpg","articleSection":["Prima Pagina","Sport, tempo libero"],"inLanguage":"fr-FR"},{"@type":"WebPage","@id":"https:\/\/www.bellunopress.it\/2016\/04\/21\/la-mini-dxt-la-dolomiti-extreme-trail-questanno-anche-piu-piccoli\/","url":"https:\/\/www.bellunopress.it\/2016\/04\/21\/la-mini-dxt-la-dolomiti-extreme-trail-questanno-anche-piu-piccoli\/","name":"Ecco la mini Dxt, la Dolomiti Extreme Trail quest'anno anche per i pi\u00f9 piccoli - Bellunopress - Dolomiti","isPartOf":{"@id":"https:\/\/www.bellunopress.it\/#website"},"primaryImageOfPage":{"@id":"https:\/\/www.bellunopress.it\/2016\/04\/21\/la-mini-dxt-la-dolomiti-extreme-trail-questanno-anche-piu-piccoli\/#primaryimage"},"image":{"@id":"https:\/\/www.bellunopress.it\/2016\/04\/21\/la-mini-dxt-la-dolomiti-extreme-trail-questanno-anche-piu-piccoli\/#primaryimage"},"thumbnailUrl":"http:\/\/www.bellunopress.it\/wp-content\/uploads\/2015\/06\/dolomiti-extreme-trail-2014-federica-boifava-con-alle-spalle-il-pelmo.jpg","datePublished":"2016-04-21T13:13:13+00:00","breadcrumb":{"@id":"https:\/\/www.bellunopress.it\/2016\/04\/21\/la-mini-dxt-la-dolomiti-extreme-trail-questanno-anche-piu-piccoli\/#breadcrumb"},"inLanguage":"fr-FR","potentialAction":[{"@type":"ReadAction","target":["https:\/\/www.bellunopress.it\/2016\/04\/21\/la-mini-dxt-la-dolomiti-extreme-trail-questanno-anche-piu-piccoli\/"]}]},{"@type":"ImageObject","inLanguage":"fr-FR","@id":"https:\/\/www.bellunopress.it\/2016\/04\/21\/la-mini-dxt-la-dolomiti-extreme-trail-questanno-anche-piu-piccoli\/#primaryimage","url":"http:\/\/www.bellunopress.it\/wp-content\/uploads\/2015\/06\/dolomiti-extreme-trail-2014-federica-boifava-con-alle-spalle-il-pelmo.jpg","contentUrl":"http:\/\/www.bellunopress.it\/wp-content\/uploads\/2015\/06\/dolomiti-extreme-trail-2014-federica-boifava-con-alle-spalle-il-pelmo.jpg"},{"@type":"BreadcrumbList","@id":"https:\/\/www.bellunopress.it\/2016\/04\/21\/la-mini-dxt-la-dolomiti-extreme-trail-questanno-anche-piu-piccoli\/#breadcrumb","itemListElement":[{"@type":"ListItem","position":1,"name":"Home","item":"https:\/\/www.bellunopress.it\/"},{"@type":"ListItem","position":2,"name":"Ecco la mini Dxt, la Dolomiti Extreme Trail quest&#8217;anno anche per i pi\u00f9 piccoli"}]},{"@type":"WebSite","@id":"https:\/\/www.bellunopress.it\/#website","url":"https:\/\/www.bellunopress.it\/","name":"Bellunopress - Dolomiti","description":"e-mail: redazione@bellunopress.it","publisher":{"@id":"https:\/\/www.bellunopress.it\/#organization"},"potentialAction":[{"@type":"SearchAction","target":{"@type":"EntryPoint","urlTemplate":"https:\/\/www.bellunopress.it\/?s={search_term_string}"},"query-input":{"@type":"PropertyValueSpecification","valueRequired":true,"valueName":"search_term_string"}}],"inLanguage":"fr-FR"},{"@type":"Organization","@id":"https:\/\/www.bellunopress.it\/#organization","name":"Bellunopress","url":"https:\/\/www.bellunopress.it\/","logo":{"@type":"ImageObject","inLanguage":"fr-FR","@id":"https:\/\/www.bellunopress.it\/#\/schema\/logo\/image\/","url":"https:\/\/www.bellunopress.it\/wp-content\/uploads\/2011\/05\/cropped-logo-bellunopress-.jpg","contentUrl":"https:\/\/www.bellunopress.it\/wp-content\/uploads\/2011\/05\/cropped-logo-bellunopress-.jpg","width":512,"height":512,"caption":"Bellunopress"},"image":{"@id":"https:\/\/www.bellunopress.it\/#\/schema\/logo\/image\/"},"sameAs":["https:\/\/www.facebook.com\/profile.php?id=100008943462799","https:\/\/x.com\/bellunopress","https:\/\/www.linkedin.com\/hp\/?dnr=JBzUWaJfMUw8vbXJJ2tVW5-I3jZKvC4wsoxE&amp;amp;amp;amp;amp;amp;trk=nav_responsive_tab_home","https:\/\/www.youtube.com\/channel\/UCxL0wu1uN0_3_7hGG0306cw"]},{"@type":"Person","@id":"https:\/\/www.bellunopress.it\/#\/schema\/person\/79bb06722b37ece1c03d3e94beb30d73","name":"r\u00e9daction","image":{"@type":"ImageObject","inLanguage":"fr-FR","@id":"https:\/\/secure.gravatar.com\/avatar\/37d968a2e67a6fd04c169c4bdef102d0bc5d31b2546345219e348575eb80e9a0?s=96&d=mm&r=g","url":"https:\/\/secure.gravatar.com\/avatar\/37d968a2e67a6fd04c169c4bdef102d0bc5d31b2546345219e348575eb80e9a0?s=96&d=mm&r=g","contentUrl":"https:\/\/secure.gravatar.com\/avatar\/37d968a2e67a6fd04c169c4bdef102d0bc5d31b2546345219e348575eb80e9a0?s=96&d=mm&r=g","caption":"redazione"},"sameAs":["http:\/\/www.bellunopress.it","https:\/\/x.com\/bellunopress"],"url":"https:\/\/www.bellunopress.it\/fr\/author\/redazione\/"}]}},"_links":{"self":[{"href":"https:\/\/www.bellunopress.it\/fr\/wp-json\/wp\/v2\/posts\/77057","targetHints":{"allow":["GET"]}}],"collection":[{"href":"https:\/\/www.bellunopress.it\/fr\/wp-json\/wp\/v2\/posts"}],"about":[{"href":"https:\/\/www.bellunopress.it\/fr\/wp-json\/wp\/v2\/types\/post"}],"author":[{"embeddable":true,"href":"https:\/\/www.bellunopress.it\/fr\/wp-json\/wp\/v2\/users\/2"}],"replies":[{"embeddable":true,"href":"https:\/\/www.bellunopress.it\/fr\/wp-json\/wp\/v2\/comments?post=77057"}],"version-history":[{"count":1,"href":"https:\/\/www.bellunopress.it\/fr\/wp-json\/wp\/v2\/posts\/77057\/revisions"}],"predecessor-version":[{"id":77058,"href":"https:\/\/www.bellunopress.it\/fr\/wp-json\/wp\/v2\/posts\/77057\/revisions\/77058"}],"wp:attachment":[{"href":"https:\/\/www.bellunopress.it\/fr\/wp-json\/wp\/v2\/media?parent=77057"}],"wp:term":[{"taxonomy":"category","embeddable":true,"href":"https:\/\/www.bellunopress.it\/fr\/wp-json\/wp\/v2\/categories?post=77057"},{"taxonomy":"post_tag","embeddable":true,"href":"https:\/\/www.bellunopress.it\/fr\/wp-json\/wp\/v2\/tags?post=77057"}],"curies":[{"name":"wp","href":"https:\/\/api.w.org\/{rel}","templated":true}]}}