{"id":77055,"date":"2016-04-21T15:02:43","date_gmt":"2016-04-21T13:02:43","guid":{"rendered":"http:\/\/www.bellunopress.it\/?p=77055"},"modified":"2016-04-21T15:02:43","modified_gmt":"2016-04-21T13:02:43","slug":"legittima-difesa","status":"publish","type":"post","link":"https:\/\/www.bellunopress.it\/fr\/2016\/04\/21\/legittima-difesa\/","title":{"rendered":"Legittima difesa. Sabato ad Agordo la raccolta delle firme di Forza Nuova per promuovere la legge"},"content":{"rendered":"<p>La federazione provinciale bellunese di Forza Nuova, comunica che sar\u00e0 presente con un gazebo informativo ad Agordo, in piazza della libert\u00e0, sabato 23 aprile, dalle ore 9 alle 13. Il gazebo servir\u00e0 per invitare i cittadini Agordini a recarsi presso gli uffici comunali a firmare la proposta di legge popolare sulla legittima difesa, promossa dall\u2019Italia dei Valori.<\/p>\n<figure id=\"attachment_74447\" aria-describedby=\"caption-attachment-74447\" style=\"width: 145px\" class=\"wp-caption alignleft\"><a href=\"http:\/\/www.bellunopress.it\/wp-content\/uploads\/2016\/01\/davide-visentin.jpg\"><img loading=\"lazy\" decoding=\"async\" class=\"size-full wp-image-74447\" src=\"http:\/\/www.bellunopress.it\/wp-content\/uploads\/2016\/01\/davide-visentin.jpg\" alt=\"Davide Visentin\" width=\"145\" height=\"190\" \/><\/a><figcaption id=\"caption-attachment-74447\" class=\"wp-caption-text\">Davide Visentin<\/figcaption><\/figure>\n<p>\u201cDa dati ISTAT leggiamo che furti e rapine crescono nel 2015 del 10%, riteniamo quindi che l\u2019Italia debba adottare delle misure straordinarie per tutelare la sicurezza dei cittadini &#8211; dichiara Davide Visentin, coordinatore regionale del movimento &#8211; questo non significa che vogliamo far diventare l&#8217;Italia un far west, bens\u00ec \u00e8 la risposta obbligata di fronte alla presa di posizione ideologica di certa politica che tutela sempre e comunque chi delinque rispetto a chi si difende. Questa apparente complicit\u00e0 dello Stato si manifesta attraverso l\u2019impotenza delle forze di pubblica sicurezza, e ancor pi\u00f9 con le sentenze insensate di certa magistratura\u201d.<\/p>\n<p>\u201cDobbiamo aggiungere un\u2019altra osservazione politicamente scorretta &#8211; continua Visentin &#8211; il tasso di criminalit\u00e0 degli immigrati \u00e8 circa sei volte quello degli italiani, la radice del problema \u00e8 quindi da cercare nella gestione assurda dei fenomeni migratori, e quindi degli \u2018ospiti\u2019 oggi presenti nelle nostre comunit\u00e0. Vedendo che tutti i media snobbano questa importante raccolta firme, ci penser\u00e0 il nostro movimento ad informare i cittadini sulla possibilit\u00e0 di firmare in Comune\u201d.<\/p>\n<p>Altra questione su cui sar\u00e0 incentrato il gazebo, sar\u00e0 il fatto successo da poco nell\u2019Agordino dove un parroco Cristiano, invece di fare proselitismo per la propria Fede, invita un\u2019imam a spiegare la propria cultura alla gente, senza mettere in evidenza le contraddizioni dell\u2019Islam e la totale incompatibilit\u00e0 con la nostra cultura.<\/p>\n<p>Davide Visentin<\/p>","protected":false},"excerpt":{"rendered":"<p>La federazione provinciale bellunese di Forza Nuova, comunica che sar\u00e0 presente con un gazebo informativo ad Agordo, in piazza della libert\u00e0, sabato 23 aprile, dalle ore 9 alle 13. Il gazebo servir\u00e0 per invitare i cittadini Agordini a recarsi presso gli uffici comunali a firmare la proposta di legge popolare sulla legittima difesa, promossa dall\u2019Italia [&hellip;]<\/p>\n","protected":false},"author":2,"featured_media":0,"comment_status":"closed","ping_status":"open","sticky":false,"template":"","format":"standard","meta":{"footnotes":""},"categories":[27,26],"tags":[],"class_list":["post-77055","post","type-post","status-publish","format-standard","category-appuntamenti","category-prima-pagina"],"yoast_head":"<!-- This site is optimized with the Yoast SEO plugin v28.4 - https:\/\/yoast.com\/product\/yoast-seo-wordpress\/ -->\n<title>Legittima difesa. Sabato ad Agordo la raccolta delle firme di Forza Nuova per promuovere la legge - Bellunopress - Dolomiti<\/title>\n<meta name=\"robots\" content=\"index, follow, max-snippet:-1, max-image-preview:large, max-video-preview:-1\" \/>\n<link rel=\"canonical\" href=\"https:\/\/www.bellunopress.it\/fr\/2016\/04\/21\/legittima-difesa\/\" \/>\n<meta property=\"og:locale\" content=\"fr_FR\" \/>\n<meta property=\"og:type\" content=\"article\" \/>\n<meta property=\"og:title\" content=\"Legittima difesa. Sabato ad Agordo la raccolta delle firme di Forza Nuova per promuovere la legge - Bellunopress - Dolomiti\" \/>\n<meta property=\"og:description\" content=\"La federazione provinciale bellunese di Forza Nuova, comunica che sar\u00e0 presente con un gazebo informativo ad Agordo, in piazza della libert\u00e0, sabato 23 aprile, dalle ore 9 alle 13. Il gazebo servir\u00e0 per invitare i cittadini Agordini a recarsi presso gli uffici comunali a firmare la proposta di legge popolare sulla legittima difesa, promossa dall\u2019Italia [&hellip;]\" \/>\n<meta property=\"og:url\" content=\"https:\/\/www.bellunopress.it\/fr\/2016\/04\/21\/legittima-difesa\/\" \/>\n<meta property=\"og:site_name\" content=\"Bellunopress - Dolomiti\" \/>\n<meta property=\"article:publisher\" content=\"https:\/\/www.facebook.com\/profile.php?id=100008943462799\" \/>\n<meta property=\"article:published_time\" content=\"2016-04-21T13:02:43+00:00\" \/>\n<meta property=\"og:image\" content=\"http:\/\/www.bellunopress.it\/wp-content\/uploads\/2016\/01\/davide-visentin.jpg\" \/>\n<meta name=\"author\" content=\"redazione\" \/>\n<meta name=\"twitter:card\" content=\"summary_large_image\" \/>\n<meta name=\"twitter:creator\" content=\"@bellunopress\" \/>\n<meta name=\"twitter:site\" content=\"@bellunopress\" \/>\n<meta name=\"twitter:label1\" content=\"\u00c9crit par\" \/>\n\t<meta name=\"twitter:data1\" content=\"redazione\" \/>\n\t<meta name=\"twitter:label2\" content=\"Dur\u00e9e de lecture estim\u00e9e\" \/>\n\t<meta name=\"twitter:data2\" content=\"1 minute\" \/>\n<script type=\"application\/ld+json\" class=\"yoast-schema-graph\">{\"@context\":\"https:\\\/\\\/schema.org\",\"@graph\":[{\"@type\":\"Article\",\"@id\":\"https:\\\/\\\/www.bellunopress.it\\\/2016\\\/04\\\/21\\\/legittima-difesa\\\/#article\",\"isPartOf\":{\"@id\":\"https:\\\/\\\/www.bellunopress.it\\\/2016\\\/04\\\/21\\\/legittima-difesa\\\/\"},\"author\":{\"name\":\"redazione\",\"@id\":\"https:\\\/\\\/www.bellunopress.it\\\/#\\\/schema\\\/person\\\/79bb06722b37ece1c03d3e94beb30d73\"},\"headline\":\"Legittima difesa. Sabato ad Agordo la raccolta delle firme di Forza Nuova per promuovere la legge\",\"datePublished\":\"2016-04-21T13:02:43+00:00\",\"mainEntityOfPage\":{\"@id\":\"https:\\\/\\\/www.bellunopress.it\\\/2016\\\/04\\\/21\\\/legittima-difesa\\\/\"},\"wordCount\":305,\"publisher\":{\"@id\":\"https:\\\/\\\/www.bellunopress.it\\\/#organization\"},\"image\":{\"@id\":\"https:\\\/\\\/www.bellunopress.it\\\/2016\\\/04\\\/21\\\/legittima-difesa\\\/#primaryimage\"},\"thumbnailUrl\":\"http:\\\/\\\/www.bellunopress.it\\\/wp-content\\\/uploads\\\/2016\\\/01\\\/davide-visentin.jpg\",\"articleSection\":[\"Appuntamenti, Eventi\",\"Prima Pagina\"],\"inLanguage\":\"fr-FR\"},{\"@type\":\"WebPage\",\"@id\":\"https:\\\/\\\/www.bellunopress.it\\\/2016\\\/04\\\/21\\\/legittima-difesa\\\/\",\"url\":\"https:\\\/\\\/www.bellunopress.it\\\/2016\\\/04\\\/21\\\/legittima-difesa\\\/\",\"name\":\"Legittima difesa. Sabato ad Agordo la raccolta delle firme di Forza Nuova per promuovere la legge - Bellunopress - Dolomiti\",\"isPartOf\":{\"@id\":\"https:\\\/\\\/www.bellunopress.it\\\/#website\"},\"primaryImageOfPage\":{\"@id\":\"https:\\\/\\\/www.bellunopress.it\\\/2016\\\/04\\\/21\\\/legittima-difesa\\\/#primaryimage\"},\"image\":{\"@id\":\"https:\\\/\\\/www.bellunopress.it\\\/2016\\\/04\\\/21\\\/legittima-difesa\\\/#primaryimage\"},\"thumbnailUrl\":\"http:\\\/\\\/www.bellunopress.it\\\/wp-content\\\/uploads\\\/2016\\\/01\\\/davide-visentin.jpg\",\"datePublished\":\"2016-04-21T13:02:43+00:00\",\"breadcrumb\":{\"@id\":\"https:\\\/\\\/www.bellunopress.it\\\/2016\\\/04\\\/21\\\/legittima-difesa\\\/#breadcrumb\"},\"inLanguage\":\"fr-FR\",\"potentialAction\":[{\"@type\":\"ReadAction\",\"target\":[\"https:\\\/\\\/www.bellunopress.it\\\/2016\\\/04\\\/21\\\/legittima-difesa\\\/\"]}]},{\"@type\":\"ImageObject\",\"inLanguage\":\"fr-FR\",\"@id\":\"https:\\\/\\\/www.bellunopress.it\\\/2016\\\/04\\\/21\\\/legittima-difesa\\\/#primaryimage\",\"url\":\"http:\\\/\\\/www.bellunopress.it\\\/wp-content\\\/uploads\\\/2016\\\/01\\\/davide-visentin.jpg\",\"contentUrl\":\"http:\\\/\\\/www.bellunopress.it\\\/wp-content\\\/uploads\\\/2016\\\/01\\\/davide-visentin.jpg\"},{\"@type\":\"BreadcrumbList\",\"@id\":\"https:\\\/\\\/www.bellunopress.it\\\/2016\\\/04\\\/21\\\/legittima-difesa\\\/#breadcrumb\",\"itemListElement\":[{\"@type\":\"ListItem\",\"position\":1,\"name\":\"Home\",\"item\":\"https:\\\/\\\/www.bellunopress.it\\\/\"},{\"@type\":\"ListItem\",\"position\":2,\"name\":\"Legittima difesa. Sabato ad Agordo la raccolta delle firme di Forza Nuova per promuovere la legge\"}]},{\"@type\":\"WebSite\",\"@id\":\"https:\\\/\\\/www.bellunopress.it\\\/#website\",\"url\":\"https:\\\/\\\/www.bellunopress.it\\\/\",\"name\":\"Bellunopress - Dolomiti\",\"description\":\"e-mail: redazione@bellunopress.it\",\"publisher\":{\"@id\":\"https:\\\/\\\/www.bellunopress.it\\\/#organization\"},\"potentialAction\":[{\"@type\":\"SearchAction\",\"target\":{\"@type\":\"EntryPoint\",\"urlTemplate\":\"https:\\\/\\\/www.bellunopress.it\\\/?s={search_term_string}\"},\"query-input\":{\"@type\":\"PropertyValueSpecification\",\"valueRequired\":true,\"valueName\":\"search_term_string\"}}],\"inLanguage\":\"fr-FR\"},{\"@type\":\"Organization\",\"@id\":\"https:\\\/\\\/www.bellunopress.it\\\/#organization\",\"name\":\"Bellunopress\",\"url\":\"https:\\\/\\\/www.bellunopress.it\\\/\",\"logo\":{\"@type\":\"ImageObject\",\"inLanguage\":\"fr-FR\",\"@id\":\"https:\\\/\\\/www.bellunopress.it\\\/#\\\/schema\\\/logo\\\/image\\\/\",\"url\":\"https:\\\/\\\/www.bellunopress.it\\\/wp-content\\\/uploads\\\/2011\\\/05\\\/cropped-logo-bellunopress-.jpg\",\"contentUrl\":\"https:\\\/\\\/www.bellunopress.it\\\/wp-content\\\/uploads\\\/2011\\\/05\\\/cropped-logo-bellunopress-.jpg\",\"width\":512,\"height\":512,\"caption\":\"Bellunopress\"},\"image\":{\"@id\":\"https:\\\/\\\/www.bellunopress.it\\\/#\\\/schema\\\/logo\\\/image\\\/\"},\"sameAs\":[\"https:\\\/\\\/www.facebook.com\\\/profile.php?id=100008943462799\",\"https:\\\/\\\/x.com\\\/bellunopress\",\"https:\\\/\\\/www.linkedin.com\\\/hp\\\/?dnr=JBzUWaJfMUw8vbXJJ2tVW5-I3jZKvC4wsoxE&amp;amp;amp;amp;amp;amp;trk=nav_responsive_tab_home\",\"https:\\\/\\\/www.youtube.com\\\/channel\\\/UCxL0wu1uN0_3_7hGG0306cw\"]},{\"@type\":\"Person\",\"@id\":\"https:\\\/\\\/www.bellunopress.it\\\/#\\\/schema\\\/person\\\/79bb06722b37ece1c03d3e94beb30d73\",\"name\":\"redazione\",\"image\":{\"@type\":\"ImageObject\",\"inLanguage\":\"fr-FR\",\"@id\":\"https:\\\/\\\/secure.gravatar.com\\\/avatar\\\/37d968a2e67a6fd04c169c4bdef102d0bc5d31b2546345219e348575eb80e9a0?s=96&d=mm&r=g\",\"url\":\"https:\\\/\\\/secure.gravatar.com\\\/avatar\\\/37d968a2e67a6fd04c169c4bdef102d0bc5d31b2546345219e348575eb80e9a0?s=96&d=mm&r=g\",\"contentUrl\":\"https:\\\/\\\/secure.gravatar.com\\\/avatar\\\/37d968a2e67a6fd04c169c4bdef102d0bc5d31b2546345219e348575eb80e9a0?s=96&d=mm&r=g\",\"caption\":\"redazione\"},\"sameAs\":[\"http:\\\/\\\/www.bellunopress.it\",\"https:\\\/\\\/x.com\\\/bellunopress\"],\"url\":\"https:\\\/\\\/www.bellunopress.it\\\/fr\\\/author\\\/redazione\\\/\"}]}<\/script>\n<!-- \/ Yoast SEO plugin. -->","yoast_head_json":{"title":"Legittima difesa. Sabato ad Agordo la raccolta delle firme di Forza Nuova per promuovere la legge - Bellunopress - Dolomiti","robots":{"index":"index","follow":"follow","max-snippet":"max-snippet:-1","max-image-preview":"max-image-preview:large","max-video-preview":"max-video-preview:-1"},"canonical":"https:\/\/www.bellunopress.it\/fr\/2016\/04\/21\/legittima-difesa\/","og_locale":"fr_FR","og_type":"article","og_title":"Legittima difesa. Sabato ad Agordo la raccolta delle firme di Forza Nuova per promuovere la legge - Bellunopress - Dolomiti","og_description":"La federazione provinciale bellunese di Forza Nuova, comunica che sar\u00e0 presente con un gazebo informativo ad Agordo, in piazza della libert\u00e0, sabato 23 aprile, dalle ore 9 alle 13. Il gazebo servir\u00e0 per invitare i cittadini Agordini a recarsi presso gli uffici comunali a firmare la proposta di legge popolare sulla legittima difesa, promossa dall\u2019Italia [&hellip;]","og_url":"https:\/\/www.bellunopress.it\/fr\/2016\/04\/21\/legittima-difesa\/","og_site_name":"Bellunopress - Dolomiti","article_publisher":"https:\/\/www.facebook.com\/profile.php?id=100008943462799","article_published_time":"2016-04-21T13:02:43+00:00","og_image":[{"url":"http:\/\/www.bellunopress.it\/wp-content\/uploads\/2016\/01\/davide-visentin.jpg","type":"","width":"","height":""}],"author":"redazione","twitter_card":"summary_large_image","twitter_creator":"@bellunopress","twitter_site":"@bellunopress","twitter_misc":{"\u00c9crit par":"redazione","Dur\u00e9e de lecture estim\u00e9e":"1 minute"},"schema":{"@context":"https:\/\/schema.org","@graph":[{"@type":"Article","@id":"https:\/\/www.bellunopress.it\/2016\/04\/21\/legittima-difesa\/#article","isPartOf":{"@id":"https:\/\/www.bellunopress.it\/2016\/04\/21\/legittima-difesa\/"},"author":{"name":"redazione","@id":"https:\/\/www.bellunopress.it\/#\/schema\/person\/79bb06722b37ece1c03d3e94beb30d73"},"headline":"Legittima difesa. Sabato ad Agordo la raccolta delle firme di Forza Nuova per promuovere la legge","datePublished":"2016-04-21T13:02:43+00:00","mainEntityOfPage":{"@id":"https:\/\/www.bellunopress.it\/2016\/04\/21\/legittima-difesa\/"},"wordCount":305,"publisher":{"@id":"https:\/\/www.bellunopress.it\/#organization"},"image":{"@id":"https:\/\/www.bellunopress.it\/2016\/04\/21\/legittima-difesa\/#primaryimage"},"thumbnailUrl":"http:\/\/www.bellunopress.it\/wp-content\/uploads\/2016\/01\/davide-visentin.jpg","articleSection":["Appuntamenti, Eventi","Prima Pagina"],"inLanguage":"fr-FR"},{"@type":"WebPage","@id":"https:\/\/www.bellunopress.it\/2016\/04\/21\/legittima-difesa\/","url":"https:\/\/www.bellunopress.it\/2016\/04\/21\/legittima-difesa\/","name":"Legittima difesa. Sabato ad Agordo la raccolta delle firme di Forza Nuova per promuovere la legge - Bellunopress - Dolomiti","isPartOf":{"@id":"https:\/\/www.bellunopress.it\/#website"},"primaryImageOfPage":{"@id":"https:\/\/www.bellunopress.it\/2016\/04\/21\/legittima-difesa\/#primaryimage"},"image":{"@id":"https:\/\/www.bellunopress.it\/2016\/04\/21\/legittima-difesa\/#primaryimage"},"thumbnailUrl":"http:\/\/www.bellunopress.it\/wp-content\/uploads\/2016\/01\/davide-visentin.jpg","datePublished":"2016-04-21T13:02:43+00:00","breadcrumb":{"@id":"https:\/\/www.bellunopress.it\/2016\/04\/21\/legittima-difesa\/#breadcrumb"},"inLanguage":"fr-FR","potentialAction":[{"@type":"ReadAction","target":["https:\/\/www.bellunopress.it\/2016\/04\/21\/legittima-difesa\/"]}]},{"@type":"ImageObject","inLanguage":"fr-FR","@id":"https:\/\/www.bellunopress.it\/2016\/04\/21\/legittima-difesa\/#primaryimage","url":"http:\/\/www.bellunopress.it\/wp-content\/uploads\/2016\/01\/davide-visentin.jpg","contentUrl":"http:\/\/www.bellunopress.it\/wp-content\/uploads\/2016\/01\/davide-visentin.jpg"},{"@type":"BreadcrumbList","@id":"https:\/\/www.bellunopress.it\/2016\/04\/21\/legittima-difesa\/#breadcrumb","itemListElement":[{"@type":"ListItem","position":1,"name":"Home","item":"https:\/\/www.bellunopress.it\/"},{"@type":"ListItem","position":2,"name":"Legittima difesa. Sabato ad Agordo la raccolta delle firme di Forza Nuova per promuovere la legge"}]},{"@type":"WebSite","@id":"https:\/\/www.bellunopress.it\/#website","url":"https:\/\/www.bellunopress.it\/","name":"Bellunopress - Dolomiti","description":"e-mail: redazione@bellunopress.it","publisher":{"@id":"https:\/\/www.bellunopress.it\/#organization"},"potentialAction":[{"@type":"SearchAction","target":{"@type":"EntryPoint","urlTemplate":"https:\/\/www.bellunopress.it\/?s={search_term_string}"},"query-input":{"@type":"PropertyValueSpecification","valueRequired":true,"valueName":"search_term_string"}}],"inLanguage":"fr-FR"},{"@type":"Organization","@id":"https:\/\/www.bellunopress.it\/#organization","name":"Bellunopress","url":"https:\/\/www.bellunopress.it\/","logo":{"@type":"ImageObject","inLanguage":"fr-FR","@id":"https:\/\/www.bellunopress.it\/#\/schema\/logo\/image\/","url":"https:\/\/www.bellunopress.it\/wp-content\/uploads\/2011\/05\/cropped-logo-bellunopress-.jpg","contentUrl":"https:\/\/www.bellunopress.it\/wp-content\/uploads\/2011\/05\/cropped-logo-bellunopress-.jpg","width":512,"height":512,"caption":"Bellunopress"},"image":{"@id":"https:\/\/www.bellunopress.it\/#\/schema\/logo\/image\/"},"sameAs":["https:\/\/www.facebook.com\/profile.php?id=100008943462799","https:\/\/x.com\/bellunopress","https:\/\/www.linkedin.com\/hp\/?dnr=JBzUWaJfMUw8vbXJJ2tVW5-I3jZKvC4wsoxE&amp;amp;amp;amp;amp;amp;trk=nav_responsive_tab_home","https:\/\/www.youtube.com\/channel\/UCxL0wu1uN0_3_7hGG0306cw"]},{"@type":"Person","@id":"https:\/\/www.bellunopress.it\/#\/schema\/person\/79bb06722b37ece1c03d3e94beb30d73","name":"r\u00e9daction","image":{"@type":"ImageObject","inLanguage":"fr-FR","@id":"https:\/\/secure.gravatar.com\/avatar\/37d968a2e67a6fd04c169c4bdef102d0bc5d31b2546345219e348575eb80e9a0?s=96&d=mm&r=g","url":"https:\/\/secure.gravatar.com\/avatar\/37d968a2e67a6fd04c169c4bdef102d0bc5d31b2546345219e348575eb80e9a0?s=96&d=mm&r=g","contentUrl":"https:\/\/secure.gravatar.com\/avatar\/37d968a2e67a6fd04c169c4bdef102d0bc5d31b2546345219e348575eb80e9a0?s=96&d=mm&r=g","caption":"redazione"},"sameAs":["http:\/\/www.bellunopress.it","https:\/\/x.com\/bellunopress"],"url":"https:\/\/www.bellunopress.it\/fr\/author\/redazione\/"}]}},"_links":{"self":[{"href":"https:\/\/www.bellunopress.it\/fr\/wp-json\/wp\/v2\/posts\/77055","targetHints":{"allow":["GET"]}}],"collection":[{"href":"https:\/\/www.bellunopress.it\/fr\/wp-json\/wp\/v2\/posts"}],"about":[{"href":"https:\/\/www.bellunopress.it\/fr\/wp-json\/wp\/v2\/types\/post"}],"author":[{"embeddable":true,"href":"https:\/\/www.bellunopress.it\/fr\/wp-json\/wp\/v2\/users\/2"}],"replies":[{"embeddable":true,"href":"https:\/\/www.bellunopress.it\/fr\/wp-json\/wp\/v2\/comments?post=77055"}],"version-history":[{"count":1,"href":"https:\/\/www.bellunopress.it\/fr\/wp-json\/wp\/v2\/posts\/77055\/revisions"}],"predecessor-version":[{"id":77056,"href":"https:\/\/www.bellunopress.it\/fr\/wp-json\/wp\/v2\/posts\/77055\/revisions\/77056"}],"wp:attachment":[{"href":"https:\/\/www.bellunopress.it\/fr\/wp-json\/wp\/v2\/media?parent=77055"}],"wp:term":[{"taxonomy":"category","embeddable":true,"href":"https:\/\/www.bellunopress.it\/fr\/wp-json\/wp\/v2\/categories?post=77055"},{"taxonomy":"post_tag","embeddable":true,"href":"https:\/\/www.bellunopress.it\/fr\/wp-json\/wp\/v2\/tags?post=77055"}],"curies":[{"name":"wp","href":"https:\/\/api.w.org\/{rel}","templated":true}]}}