{"id":77053,"date":"2016-04-21T14:57:59","date_gmt":"2016-04-21T12:57:59","guid":{"rendered":"http:\/\/www.bellunopress.it\/?p=77053"},"modified":"2016-04-21T14:57:59","modified_gmt":"2016-04-21T12:57:59","slug":"giro-ditalia-alpago-partito-conto-alla-rovescia-la-14ma-tappa-alpago-corvara","status":"publish","type":"post","link":"https:\/\/www.bellunopress.it\/fr\/2016\/04\/21\/giro-ditalia-alpago-partito-conto-alla-rovescia-la-14ma-tappa-alpago-corvara\/","title":{"rendered":"Giro d&#8217;Italia. In Alpago \u00e8 partito il conto alla rovescia con la 14ma tappa Alpago-Corvara"},"content":{"rendered":"<p><a href=\"http:\/\/www.bellunopress.it\/wp-content\/uploads\/2013\/05\/polizia-stradale-giro-ditalia.jpg\"><img loading=\"lazy\" decoding=\"async\" class=\"alignleft size-full wp-image-49268\" src=\"http:\/\/www.bellunopress.it\/wp-content\/uploads\/2013\/05\/polizia-stradale-giro-ditalia.jpg\" alt=\"polizia stradale giro d'italia\" width=\"269\" height=\"230\" \/><\/a>Si avvicina l\u2019appuntamento con il Giro d\u2019Italia. Oggi, gioved\u00ec 21 aprile, manca un mese esatto al gran giorno dell\u2019evento che tinger\u00e0 di rosa tutto l\u2019Alpago. Sabato 21 maggio ci sar\u00e0 la partenza della 14ma tappa del Giro d\u2019Italia, la Alpago (Farra) \u2013 Corvara. Sar\u00e0 il tappone dolomitico del Giro 2016. 210 km dal Veneto all\u2019Alto Adige con i corridori che affronteranno 6 gran premi della montagna di altissimo livello, nomi altisonanti che hanno scritto la storia del ciclismo: Pordoi, Sella, Gardena, Campolongo, Giau (il gigante di 10,1 km per una pendenza media del 9,1% e massima del 14% che pu\u00f2 essere giudice della tappa e del Giro) e infine Falzarego\/Valparola.<\/p>\n<p>Giro d\u2019Italia 2016 che scatter\u00e0 venerd\u00ec 6 maggio con una cronometro individuale da Apeldoorn in Olanda, quindi per la dodicesima volta nella sua storia dall\u2019estero, per concludersi a Torino dopo un totale di 3803 km e tre settimane di corsa.<\/p>\n<p>\u201cI giorni, come i ciclisti, corrono veloci. Ormai manca davvero poco all\u2019appuntamento rosa. Il nostro comitato di tappa si sta dando da fare ogni giorno per presentarci pronti al gran giorno. Comunque tutto sta andando per il meglio, i rapporti con le istituzioni e RCS Sport, che \u00e8 la direzione del Giro, sono pressoch\u00e9 quotidiani, per definire tutto sulla logistica della partenza e il percorso. I nostri volontari sono straordinari, per quello che stanno facendo e che faranno. Il territorio e la popolazione sembrano avere accolto con entusiasmo questo evento che ripeto per l\u2019Alpago \u00e8 un\u2019opportunit\u00e0 in termini di visibilit\u00e0, crescita e sviluppo\u201d sottolinea il presidente del Comitato Tappa Alpago Giro d\u2019Italia Floriano De Pra.<\/p>\n<p>\u201cIl Giro non \u00e8 solo la tappa, stiamo portando avanti numerose attivit\u00e0 collegate all\u2019evento rosa: gli appuntamenti del \u201cMese del Libro al Giro d\u2019Italia\u201d che fino ad ora hanno riscontrato tanto successo, la giornata ecologica con le attivit\u00e0 di pulizia e bonifica attorno al lago, la proposta del balcone fiorito e molto altro anora sono solo un esempio. Tra pochi giorni, sabato 30 aprile, sar\u00e0 inaugurata la mostra \u201cVico Calabr\u00f2, le scuole e il Giro\u201d, inoltre una nostra delegazione sar\u00e0 presente in Olanda, che \u00e8 un taget turistico importante per il lago, per fare promozione al via della corsa rosa. E poi ancora ci sar\u00e0 la grande festa della Notte Rosa prima della tappa, la Pedalata Rosa aperta a tutti da Belluno al Lago di Santa Croce il giorno seguente alla tappa. Insomma le occasioni per vivere a pieno l\u2019evento del Giro d\u2019Italia qui sul territorio sono varie e molteplici\u201d dice il coordinatore del Comitato Tappa Fulvio Basso.<\/p>\n<p>&nbsp;<\/p>","protected":false},"excerpt":{"rendered":"<p>Si avvicina l\u2019appuntamento con il Giro d\u2019Italia. Oggi, gioved\u00ec 21 aprile, manca un mese esatto al gran giorno dell\u2019evento che tinger\u00e0 di rosa tutto l\u2019Alpago. Sabato 21 maggio ci sar\u00e0 la partenza della 14ma tappa del Giro d\u2019Italia, la Alpago (Farra) \u2013 Corvara. Sar\u00e0 il tappone dolomitico del Giro 2016. 210 km dal Veneto all\u2019Alto [&hellip;]<\/p>\n","protected":false},"author":2,"featured_media":0,"comment_status":"closed","ping_status":"open","sticky":false,"template":"","format":"standard","meta":{"footnotes":""},"categories":[1],"tags":[],"class_list":["post-77053","post","type-post","status-publish","format-standard","category-leo"],"yoast_head":"<!-- This site is optimized with the Yoast SEO plugin v28.4 - https:\/\/yoast.com\/product\/yoast-seo-wordpress\/ -->\n<title>Giro d&#039;Italia. In Alpago \u00e8 partito il conto alla rovescia con la 14ma tappa Alpago-Corvara - Bellunopress - Dolomiti<\/title>\n<meta name=\"robots\" content=\"index, follow, max-snippet:-1, max-image-preview:large, max-video-preview:-1\" \/>\n<link rel=\"canonical\" href=\"https:\/\/www.bellunopress.it\/fr\/2016\/04\/21\/giro-ditalia-alpago-partito-conto-alla-rovescia-la-14ma-tappa-alpago-corvara\/\" \/>\n<meta property=\"og:locale\" content=\"fr_FR\" \/>\n<meta property=\"og:type\" content=\"article\" \/>\n<meta property=\"og:title\" content=\"Giro d&#039;Italia. In Alpago \u00e8 partito il conto alla rovescia con la 14ma tappa Alpago-Corvara - Bellunopress - Dolomiti\" \/>\n<meta property=\"og:description\" content=\"Si avvicina l\u2019appuntamento con il Giro d\u2019Italia. Oggi, gioved\u00ec 21 aprile, manca un mese esatto al gran giorno dell\u2019evento che tinger\u00e0 di rosa tutto l\u2019Alpago. Sabato 21 maggio ci sar\u00e0 la partenza della 14ma tappa del Giro d\u2019Italia, la Alpago (Farra) \u2013 Corvara. Sar\u00e0 il tappone dolomitico del Giro 2016. 210 km dal Veneto all\u2019Alto [&hellip;]\" \/>\n<meta property=\"og:url\" content=\"https:\/\/www.bellunopress.it\/fr\/2016\/04\/21\/giro-ditalia-alpago-partito-conto-alla-rovescia-la-14ma-tappa-alpago-corvara\/\" \/>\n<meta property=\"og:site_name\" content=\"Bellunopress - Dolomiti\" \/>\n<meta property=\"article:publisher\" content=\"https:\/\/www.facebook.com\/profile.php?id=100008943462799\" \/>\n<meta property=\"article:published_time\" content=\"2016-04-21T12:57:59+00:00\" \/>\n<meta property=\"og:image\" content=\"http:\/\/www.bellunopress.it\/wp-content\/uploads\/2013\/05\/polizia-stradale-giro-ditalia.jpg\" \/>\n<meta name=\"author\" content=\"redazione\" \/>\n<meta name=\"twitter:card\" content=\"summary_large_image\" \/>\n<meta name=\"twitter:creator\" content=\"@bellunopress\" \/>\n<meta name=\"twitter:site\" content=\"@bellunopress\" \/>\n<meta name=\"twitter:label1\" content=\"\u00c9crit par\" \/>\n\t<meta name=\"twitter:data1\" content=\"redazione\" \/>\n\t<meta name=\"twitter:label2\" content=\"Dur\u00e9e de lecture estim\u00e9e\" \/>\n\t<meta name=\"twitter:data2\" content=\"2 minutes\" \/>\n<script type=\"application\/ld+json\" class=\"yoast-schema-graph\">{\"@context\":\"https:\\\/\\\/schema.org\",\"@graph\":[{\"@type\":\"Article\",\"@id\":\"https:\\\/\\\/www.bellunopress.it\\\/2016\\\/04\\\/21\\\/giro-ditalia-alpago-partito-conto-alla-rovescia-la-14ma-tappa-alpago-corvara\\\/#article\",\"isPartOf\":{\"@id\":\"https:\\\/\\\/www.bellunopress.it\\\/2016\\\/04\\\/21\\\/giro-ditalia-alpago-partito-conto-alla-rovescia-la-14ma-tappa-alpago-corvara\\\/\"},\"author\":{\"name\":\"redazione\",\"@id\":\"https:\\\/\\\/www.bellunopress.it\\\/#\\\/schema\\\/person\\\/79bb06722b37ece1c03d3e94beb30d73\"},\"headline\":\"Giro d&#8217;Italia. In Alpago \u00e8 partito il conto alla rovescia con la 14ma tappa Alpago-Corvara\",\"datePublished\":\"2016-04-21T12:57:59+00:00\",\"mainEntityOfPage\":{\"@id\":\"https:\\\/\\\/www.bellunopress.it\\\/2016\\\/04\\\/21\\\/giro-ditalia-alpago-partito-conto-alla-rovescia-la-14ma-tappa-alpago-corvara\\\/\"},\"wordCount\":439,\"publisher\":{\"@id\":\"https:\\\/\\\/www.bellunopress.it\\\/#organization\"},\"image\":{\"@id\":\"https:\\\/\\\/www.bellunopress.it\\\/2016\\\/04\\\/21\\\/giro-ditalia-alpago-partito-conto-alla-rovescia-la-14ma-tappa-alpago-corvara\\\/#primaryimage\"},\"thumbnailUrl\":\"http:\\\/\\\/www.bellunopress.it\\\/wp-content\\\/uploads\\\/2013\\\/05\\\/polizia-stradale-giro-ditalia.jpg\",\"articleSection\":[\"Lettere Opinioni\"],\"inLanguage\":\"fr-FR\"},{\"@type\":\"WebPage\",\"@id\":\"https:\\\/\\\/www.bellunopress.it\\\/2016\\\/04\\\/21\\\/giro-ditalia-alpago-partito-conto-alla-rovescia-la-14ma-tappa-alpago-corvara\\\/\",\"url\":\"https:\\\/\\\/www.bellunopress.it\\\/2016\\\/04\\\/21\\\/giro-ditalia-alpago-partito-conto-alla-rovescia-la-14ma-tappa-alpago-corvara\\\/\",\"name\":\"Giro d'Italia. In Alpago \u00e8 partito il conto alla rovescia con la 14ma tappa Alpago-Corvara - Bellunopress - Dolomiti\",\"isPartOf\":{\"@id\":\"https:\\\/\\\/www.bellunopress.it\\\/#website\"},\"primaryImageOfPage\":{\"@id\":\"https:\\\/\\\/www.bellunopress.it\\\/2016\\\/04\\\/21\\\/giro-ditalia-alpago-partito-conto-alla-rovescia-la-14ma-tappa-alpago-corvara\\\/#primaryimage\"},\"image\":{\"@id\":\"https:\\\/\\\/www.bellunopress.it\\\/2016\\\/04\\\/21\\\/giro-ditalia-alpago-partito-conto-alla-rovescia-la-14ma-tappa-alpago-corvara\\\/#primaryimage\"},\"thumbnailUrl\":\"http:\\\/\\\/www.bellunopress.it\\\/wp-content\\\/uploads\\\/2013\\\/05\\\/polizia-stradale-giro-ditalia.jpg\",\"datePublished\":\"2016-04-21T12:57:59+00:00\",\"breadcrumb\":{\"@id\":\"https:\\\/\\\/www.bellunopress.it\\\/2016\\\/04\\\/21\\\/giro-ditalia-alpago-partito-conto-alla-rovescia-la-14ma-tappa-alpago-corvara\\\/#breadcrumb\"},\"inLanguage\":\"fr-FR\",\"potentialAction\":[{\"@type\":\"ReadAction\",\"target\":[\"https:\\\/\\\/www.bellunopress.it\\\/2016\\\/04\\\/21\\\/giro-ditalia-alpago-partito-conto-alla-rovescia-la-14ma-tappa-alpago-corvara\\\/\"]}]},{\"@type\":\"ImageObject\",\"inLanguage\":\"fr-FR\",\"@id\":\"https:\\\/\\\/www.bellunopress.it\\\/2016\\\/04\\\/21\\\/giro-ditalia-alpago-partito-conto-alla-rovescia-la-14ma-tappa-alpago-corvara\\\/#primaryimage\",\"url\":\"http:\\\/\\\/www.bellunopress.it\\\/wp-content\\\/uploads\\\/2013\\\/05\\\/polizia-stradale-giro-ditalia.jpg\",\"contentUrl\":\"http:\\\/\\\/www.bellunopress.it\\\/wp-content\\\/uploads\\\/2013\\\/05\\\/polizia-stradale-giro-ditalia.jpg\"},{\"@type\":\"BreadcrumbList\",\"@id\":\"https:\\\/\\\/www.bellunopress.it\\\/2016\\\/04\\\/21\\\/giro-ditalia-alpago-partito-conto-alla-rovescia-la-14ma-tappa-alpago-corvara\\\/#breadcrumb\",\"itemListElement\":[{\"@type\":\"ListItem\",\"position\":1,\"name\":\"Home\",\"item\":\"https:\\\/\\\/www.bellunopress.it\\\/\"},{\"@type\":\"ListItem\",\"position\":2,\"name\":\"Giro d&#8217;Italia. In Alpago \u00e8 partito il conto alla rovescia con la 14ma tappa Alpago-Corvara\"}]},{\"@type\":\"WebSite\",\"@id\":\"https:\\\/\\\/www.bellunopress.it\\\/#website\",\"url\":\"https:\\\/\\\/www.bellunopress.it\\\/\",\"name\":\"Bellunopress - Dolomiti\",\"description\":\"e-mail: redazione@bellunopress.it\",\"publisher\":{\"@id\":\"https:\\\/\\\/www.bellunopress.it\\\/#organization\"},\"potentialAction\":[{\"@type\":\"SearchAction\",\"target\":{\"@type\":\"EntryPoint\",\"urlTemplate\":\"https:\\\/\\\/www.bellunopress.it\\\/?s={search_term_string}\"},\"query-input\":{\"@type\":\"PropertyValueSpecification\",\"valueRequired\":true,\"valueName\":\"search_term_string\"}}],\"inLanguage\":\"fr-FR\"},{\"@type\":\"Organization\",\"@id\":\"https:\\\/\\\/www.bellunopress.it\\\/#organization\",\"name\":\"Bellunopress\",\"url\":\"https:\\\/\\\/www.bellunopress.it\\\/\",\"logo\":{\"@type\":\"ImageObject\",\"inLanguage\":\"fr-FR\",\"@id\":\"https:\\\/\\\/www.bellunopress.it\\\/#\\\/schema\\\/logo\\\/image\\\/\",\"url\":\"https:\\\/\\\/www.bellunopress.it\\\/wp-content\\\/uploads\\\/2011\\\/05\\\/cropped-logo-bellunopress-.jpg\",\"contentUrl\":\"https:\\\/\\\/www.bellunopress.it\\\/wp-content\\\/uploads\\\/2011\\\/05\\\/cropped-logo-bellunopress-.jpg\",\"width\":512,\"height\":512,\"caption\":\"Bellunopress\"},\"image\":{\"@id\":\"https:\\\/\\\/www.bellunopress.it\\\/#\\\/schema\\\/logo\\\/image\\\/\"},\"sameAs\":[\"https:\\\/\\\/www.facebook.com\\\/profile.php?id=100008943462799\",\"https:\\\/\\\/x.com\\\/bellunopress\",\"https:\\\/\\\/www.linkedin.com\\\/hp\\\/?dnr=JBzUWaJfMUw8vbXJJ2tVW5-I3jZKvC4wsoxE&amp;amp;amp;amp;amp;amp;trk=nav_responsive_tab_home\",\"https:\\\/\\\/www.youtube.com\\\/channel\\\/UCxL0wu1uN0_3_7hGG0306cw\"]},{\"@type\":\"Person\",\"@id\":\"https:\\\/\\\/www.bellunopress.it\\\/#\\\/schema\\\/person\\\/79bb06722b37ece1c03d3e94beb30d73\",\"name\":\"redazione\",\"image\":{\"@type\":\"ImageObject\",\"inLanguage\":\"fr-FR\",\"@id\":\"https:\\\/\\\/secure.gravatar.com\\\/avatar\\\/37d968a2e67a6fd04c169c4bdef102d0bc5d31b2546345219e348575eb80e9a0?s=96&d=mm&r=g\",\"url\":\"https:\\\/\\\/secure.gravatar.com\\\/avatar\\\/37d968a2e67a6fd04c169c4bdef102d0bc5d31b2546345219e348575eb80e9a0?s=96&d=mm&r=g\",\"contentUrl\":\"https:\\\/\\\/secure.gravatar.com\\\/avatar\\\/37d968a2e67a6fd04c169c4bdef102d0bc5d31b2546345219e348575eb80e9a0?s=96&d=mm&r=g\",\"caption\":\"redazione\"},\"sameAs\":[\"http:\\\/\\\/www.bellunopress.it\",\"https:\\\/\\\/x.com\\\/bellunopress\"],\"url\":\"https:\\\/\\\/www.bellunopress.it\\\/fr\\\/author\\\/redazione\\\/\"}]}<\/script>\n<!-- \/ Yoast SEO plugin. -->","yoast_head_json":{"title":"Giro d'Italia. In Alpago \u00e8 partito il conto alla rovescia con la 14ma tappa Alpago-Corvara - Bellunopress - Dolomiti","robots":{"index":"index","follow":"follow","max-snippet":"max-snippet:-1","max-image-preview":"max-image-preview:large","max-video-preview":"max-video-preview:-1"},"canonical":"https:\/\/www.bellunopress.it\/fr\/2016\/04\/21\/giro-ditalia-alpago-partito-conto-alla-rovescia-la-14ma-tappa-alpago-corvara\/","og_locale":"fr_FR","og_type":"article","og_title":"Giro d'Italia. In Alpago \u00e8 partito il conto alla rovescia con la 14ma tappa Alpago-Corvara - Bellunopress - Dolomiti","og_description":"Si avvicina l\u2019appuntamento con il Giro d\u2019Italia. Oggi, gioved\u00ec 21 aprile, manca un mese esatto al gran giorno dell\u2019evento che tinger\u00e0 di rosa tutto l\u2019Alpago. Sabato 21 maggio ci sar\u00e0 la partenza della 14ma tappa del Giro d\u2019Italia, la Alpago (Farra) \u2013 Corvara. Sar\u00e0 il tappone dolomitico del Giro 2016. 210 km dal Veneto all\u2019Alto [&hellip;]","og_url":"https:\/\/www.bellunopress.it\/fr\/2016\/04\/21\/giro-ditalia-alpago-partito-conto-alla-rovescia-la-14ma-tappa-alpago-corvara\/","og_site_name":"Bellunopress - Dolomiti","article_publisher":"https:\/\/www.facebook.com\/profile.php?id=100008943462799","article_published_time":"2016-04-21T12:57:59+00:00","og_image":[{"url":"http:\/\/www.bellunopress.it\/wp-content\/uploads\/2013\/05\/polizia-stradale-giro-ditalia.jpg","type":"","width":"","height":""}],"author":"redazione","twitter_card":"summary_large_image","twitter_creator":"@bellunopress","twitter_site":"@bellunopress","twitter_misc":{"\u00c9crit par":"redazione","Dur\u00e9e de lecture estim\u00e9e":"2 minutes"},"schema":{"@context":"https:\/\/schema.org","@graph":[{"@type":"Article","@id":"https:\/\/www.bellunopress.it\/2016\/04\/21\/giro-ditalia-alpago-partito-conto-alla-rovescia-la-14ma-tappa-alpago-corvara\/#article","isPartOf":{"@id":"https:\/\/www.bellunopress.it\/2016\/04\/21\/giro-ditalia-alpago-partito-conto-alla-rovescia-la-14ma-tappa-alpago-corvara\/"},"author":{"name":"redazione","@id":"https:\/\/www.bellunopress.it\/#\/schema\/person\/79bb06722b37ece1c03d3e94beb30d73"},"headline":"Giro d&#8217;Italia. In Alpago \u00e8 partito il conto alla rovescia con la 14ma tappa Alpago-Corvara","datePublished":"2016-04-21T12:57:59+00:00","mainEntityOfPage":{"@id":"https:\/\/www.bellunopress.it\/2016\/04\/21\/giro-ditalia-alpago-partito-conto-alla-rovescia-la-14ma-tappa-alpago-corvara\/"},"wordCount":439,"publisher":{"@id":"https:\/\/www.bellunopress.it\/#organization"},"image":{"@id":"https:\/\/www.bellunopress.it\/2016\/04\/21\/giro-ditalia-alpago-partito-conto-alla-rovescia-la-14ma-tappa-alpago-corvara\/#primaryimage"},"thumbnailUrl":"http:\/\/www.bellunopress.it\/wp-content\/uploads\/2013\/05\/polizia-stradale-giro-ditalia.jpg","articleSection":["Lettere Opinioni"],"inLanguage":"fr-FR"},{"@type":"WebPage","@id":"https:\/\/www.bellunopress.it\/2016\/04\/21\/giro-ditalia-alpago-partito-conto-alla-rovescia-la-14ma-tappa-alpago-corvara\/","url":"https:\/\/www.bellunopress.it\/2016\/04\/21\/giro-ditalia-alpago-partito-conto-alla-rovescia-la-14ma-tappa-alpago-corvara\/","name":"Giro d'Italia. In Alpago \u00e8 partito il conto alla rovescia con la 14ma tappa Alpago-Corvara - Bellunopress - Dolomiti","isPartOf":{"@id":"https:\/\/www.bellunopress.it\/#website"},"primaryImageOfPage":{"@id":"https:\/\/www.bellunopress.it\/2016\/04\/21\/giro-ditalia-alpago-partito-conto-alla-rovescia-la-14ma-tappa-alpago-corvara\/#primaryimage"},"image":{"@id":"https:\/\/www.bellunopress.it\/2016\/04\/21\/giro-ditalia-alpago-partito-conto-alla-rovescia-la-14ma-tappa-alpago-corvara\/#primaryimage"},"thumbnailUrl":"http:\/\/www.bellunopress.it\/wp-content\/uploads\/2013\/05\/polizia-stradale-giro-ditalia.jpg","datePublished":"2016-04-21T12:57:59+00:00","breadcrumb":{"@id":"https:\/\/www.bellunopress.it\/2016\/04\/21\/giro-ditalia-alpago-partito-conto-alla-rovescia-la-14ma-tappa-alpago-corvara\/#breadcrumb"},"inLanguage":"fr-FR","potentialAction":[{"@type":"ReadAction","target":["https:\/\/www.bellunopress.it\/2016\/04\/21\/giro-ditalia-alpago-partito-conto-alla-rovescia-la-14ma-tappa-alpago-corvara\/"]}]},{"@type":"ImageObject","inLanguage":"fr-FR","@id":"https:\/\/www.bellunopress.it\/2016\/04\/21\/giro-ditalia-alpago-partito-conto-alla-rovescia-la-14ma-tappa-alpago-corvara\/#primaryimage","url":"http:\/\/www.bellunopress.it\/wp-content\/uploads\/2013\/05\/polizia-stradale-giro-ditalia.jpg","contentUrl":"http:\/\/www.bellunopress.it\/wp-content\/uploads\/2013\/05\/polizia-stradale-giro-ditalia.jpg"},{"@type":"BreadcrumbList","@id":"https:\/\/www.bellunopress.it\/2016\/04\/21\/giro-ditalia-alpago-partito-conto-alla-rovescia-la-14ma-tappa-alpago-corvara\/#breadcrumb","itemListElement":[{"@type":"ListItem","position":1,"name":"Home","item":"https:\/\/www.bellunopress.it\/"},{"@type":"ListItem","position":2,"name":"Giro d&#8217;Italia. In Alpago \u00e8 partito il conto alla rovescia con la 14ma tappa Alpago-Corvara"}]},{"@type":"WebSite","@id":"https:\/\/www.bellunopress.it\/#website","url":"https:\/\/www.bellunopress.it\/","name":"Bellunopress - Dolomiti","description":"e-mail: redazione@bellunopress.it","publisher":{"@id":"https:\/\/www.bellunopress.it\/#organization"},"potentialAction":[{"@type":"SearchAction","target":{"@type":"EntryPoint","urlTemplate":"https:\/\/www.bellunopress.it\/?s={search_term_string}"},"query-input":{"@type":"PropertyValueSpecification","valueRequired":true,"valueName":"search_term_string"}}],"inLanguage":"fr-FR"},{"@type":"Organization","@id":"https:\/\/www.bellunopress.it\/#organization","name":"Bellunopress","url":"https:\/\/www.bellunopress.it\/","logo":{"@type":"ImageObject","inLanguage":"fr-FR","@id":"https:\/\/www.bellunopress.it\/#\/schema\/logo\/image\/","url":"https:\/\/www.bellunopress.it\/wp-content\/uploads\/2011\/05\/cropped-logo-bellunopress-.jpg","contentUrl":"https:\/\/www.bellunopress.it\/wp-content\/uploads\/2011\/05\/cropped-logo-bellunopress-.jpg","width":512,"height":512,"caption":"Bellunopress"},"image":{"@id":"https:\/\/www.bellunopress.it\/#\/schema\/logo\/image\/"},"sameAs":["https:\/\/www.facebook.com\/profile.php?id=100008943462799","https:\/\/x.com\/bellunopress","https:\/\/www.linkedin.com\/hp\/?dnr=JBzUWaJfMUw8vbXJJ2tVW5-I3jZKvC4wsoxE&amp;amp;amp;amp;amp;amp;trk=nav_responsive_tab_home","https:\/\/www.youtube.com\/channel\/UCxL0wu1uN0_3_7hGG0306cw"]},{"@type":"Person","@id":"https:\/\/www.bellunopress.it\/#\/schema\/person\/79bb06722b37ece1c03d3e94beb30d73","name":"r\u00e9daction","image":{"@type":"ImageObject","inLanguage":"fr-FR","@id":"https:\/\/secure.gravatar.com\/avatar\/37d968a2e67a6fd04c169c4bdef102d0bc5d31b2546345219e348575eb80e9a0?s=96&d=mm&r=g","url":"https:\/\/secure.gravatar.com\/avatar\/37d968a2e67a6fd04c169c4bdef102d0bc5d31b2546345219e348575eb80e9a0?s=96&d=mm&r=g","contentUrl":"https:\/\/secure.gravatar.com\/avatar\/37d968a2e67a6fd04c169c4bdef102d0bc5d31b2546345219e348575eb80e9a0?s=96&d=mm&r=g","caption":"redazione"},"sameAs":["http:\/\/www.bellunopress.it","https:\/\/x.com\/bellunopress"],"url":"https:\/\/www.bellunopress.it\/fr\/author\/redazione\/"}]}},"_links":{"self":[{"href":"https:\/\/www.bellunopress.it\/fr\/wp-json\/wp\/v2\/posts\/77053","targetHints":{"allow":["GET"]}}],"collection":[{"href":"https:\/\/www.bellunopress.it\/fr\/wp-json\/wp\/v2\/posts"}],"about":[{"href":"https:\/\/www.bellunopress.it\/fr\/wp-json\/wp\/v2\/types\/post"}],"author":[{"embeddable":true,"href":"https:\/\/www.bellunopress.it\/fr\/wp-json\/wp\/v2\/users\/2"}],"replies":[{"embeddable":true,"href":"https:\/\/www.bellunopress.it\/fr\/wp-json\/wp\/v2\/comments?post=77053"}],"version-history":[{"count":1,"href":"https:\/\/www.bellunopress.it\/fr\/wp-json\/wp\/v2\/posts\/77053\/revisions"}],"predecessor-version":[{"id":77054,"href":"https:\/\/www.bellunopress.it\/fr\/wp-json\/wp\/v2\/posts\/77053\/revisions\/77054"}],"wp:attachment":[{"href":"https:\/\/www.bellunopress.it\/fr\/wp-json\/wp\/v2\/media?parent=77053"}],"wp:term":[{"taxonomy":"category","embeddable":true,"href":"https:\/\/www.bellunopress.it\/fr\/wp-json\/wp\/v2\/categories?post=77053"},{"taxonomy":"post_tag","embeddable":true,"href":"https:\/\/www.bellunopress.it\/fr\/wp-json\/wp\/v2\/tags?post=77053"}],"curies":[{"name":"wp","href":"https:\/\/api.w.org\/{rel}","templated":true}]}}