{"id":77051,"date":"2016-04-21T13:27:26","date_gmt":"2016-04-21T11:27:26","guid":{"rendered":"http:\/\/www.bellunopress.it\/?p=77051"},"modified":"2016-04-21T13:27:26","modified_gmt":"2016-04-21T11:27:26","slug":"pd-confusione-bard-diano-risposte-chiare","status":"publish","type":"post","link":"https:\/\/www.bellunopress.it\/fr\/2016\/04\/21\/pd-confusione-bard-diano-risposte-chiare\/","title":{"rendered":"Pd in confusione. Bard: &#8220;Diano risposte chiare&#8221;"},"content":{"rendered":"<figure id=\"attachment_20159\" aria-describedby=\"caption-attachment-20159\" style=\"width: 280px\" class=\"wp-caption alignleft\"><a href=\"http:\/\/www.bellunopress.it\/wp-content\/uploads\/2010\/10\/belluno-provincia-autonoma.jpg\"><img loading=\"lazy\" decoding=\"async\" class=\"size-full wp-image-20159\" src=\"http:\/\/www.bellunopress.it\/wp-content\/uploads\/2010\/10\/belluno-provincia-autonoma.jpg\" alt=\"Movimento Belluno autonoma Regione Dolomiti\" width=\"280\" height=\"199\" \/><\/a><figcaption id=\"caption-attachment-20159\" class=\"wp-caption-text\">Movimento Belluno autonoma Regione Dolomiti<\/figcaption><\/figure>\n<p>\u201cSul caso Sappada il Partito Democratico sta andando in confusione: basta con gli appelli e le promesse, diano una risposta chiara e unitaria\u201d. Il movimento Belluno Autonoma Regione Dolomiti torna alla carica, dopo le notizie che nelle ultime ore hanno interessato la comunit\u00e0 sappadina.<br \/>\n\u201cMarted\u00ec la Presidente del Friuli Venezia Giulia ha rilanciato il passaggio di regione di Sappada, &#8211; commentano dal Bard \u2013 mentre nemmeno 24 ore dopo i suoi colleghi a Roma hanno bocciato la richiesta della senatrice Raffaela Bellot di portare in aula la discussione sul tema. Che idee hanno? Cosa vogliono fare? Quale \u00e8 il loro progetto, non solo per Sappada, ma per la provincia bellunese?\u201d<br \/>\n\u201cNel corso della nostra assemblea, abbiamo potuto ospitare i referendari sappadini. &#8211; continuano dal movimento \u2013 Una frase ci ha colpiti: la derubricazione in Senato del caso Sappada \u00e8 sintomo del disinteresse verso il caso Belluno e il caso montagna. E&#8217; ora di finire di dire a Belluno una cosa, a Udine un&#8217;altra, a Venezia una terza ancora e a Roma non dire nulla, per mantenere lo status quo\u201d.<br \/>\n\u201cQuesto caos \u00e8 opera di quelle che abbiamo definito \u201cforze di governo reazionarie e conservatrici\u201d, che non intendono concedere autonomia, poteri e democrazia ai territori periferici, accentrando competenze e decisioni\u201d.<br \/>\n\u201cSiamo d&#8217;accordo col senatore Piccoli nel chiedere al Pd finalmente una risposta chiara ai bisogni di Sappada e di Belluno. &#8211; concludono dal Bard \u2013 Ma per noi la risposta non pu\u00f2 essere l&#8217;ennesimo fondo di confine, che fa pagare alle autonomie locali le mancanze dello Stato centrale; serve una provincia forte, elettiva, rappresentativa, autonoma, ente che la legge Delrio non ci concede, nonostante i proclami. Per questo lanciamo un appello ai politici bellunesi: appoggiate le nostre battaglie per l&#8217;elettivit\u00e0, per ridare a questo territorio un ente \u2013 che si chiami provincia o comunit\u00e0 dolomitica non ci interessa \u2013 che sia in grado di rappresentare i suoi abitanti, che possa governare e dirigere questo momento di forti cambiamenti. Il nostro accordo per il ripristino dell&#8217;elettivit\u00e0 \u00e8 uno strumento, ma tante altre \u2013 dalla revisione della legge Delrio fino al referendum costituzionale di ottobre &#8211; possono essere le vie per raggiungere l&#8217;obbiettivo e siamo pronti a condividere questo impegno con chi vuole seriamente impegnarsi nel raggiungerlo\u201d.<\/p>","protected":false},"excerpt":{"rendered":"<p>\u201cSul caso Sappada il Partito Democratico sta andando in confusione: basta con gli appelli e le promesse, diano una risposta chiara e unitaria\u201d. Il movimento Belluno Autonoma Regione Dolomiti torna alla carica, dopo le notizie che nelle ultime ore hanno interessato la comunit\u00e0 sappadina. \u201cMarted\u00ec la Presidente del Friuli Venezia Giulia ha rilanciato il passaggio [&hellip;]<\/p>\n","protected":false},"author":2,"featured_media":0,"comment_status":"closed","ping_status":"open","sticky":false,"template":"","format":"standard","meta":{"footnotes":""},"categories":[5,26],"tags":[],"class_list":["post-77051","post","type-post","status-publish","format-standard","category-cronaca","category-prima-pagina"],"yoast_head":"<!-- This site is optimized with the Yoast SEO plugin v28.4 - https:\/\/yoast.com\/product\/yoast-seo-wordpress\/ -->\n<title>Pd in confusione. Bard: &quot;Diano risposte chiare&quot; - Bellunopress - Dolomiti<\/title>\n<meta name=\"robots\" content=\"index, follow, max-snippet:-1, max-image-preview:large, max-video-preview:-1\" \/>\n<link rel=\"canonical\" href=\"https:\/\/www.bellunopress.it\/fr\/2016\/04\/21\/pd-confusione-bard-diano-risposte-chiare\/\" \/>\n<meta property=\"og:locale\" content=\"fr_FR\" \/>\n<meta property=\"og:type\" content=\"article\" \/>\n<meta property=\"og:title\" content=\"Pd in confusione. Bard: &quot;Diano risposte chiare&quot; - Bellunopress - Dolomiti\" \/>\n<meta property=\"og:description\" content=\"\u201cSul caso Sappada il Partito Democratico sta andando in confusione: basta con gli appelli e le promesse, diano una risposta chiara e unitaria\u201d. Il movimento Belluno Autonoma Regione Dolomiti torna alla carica, dopo le notizie che nelle ultime ore hanno interessato la comunit\u00e0 sappadina. \u201cMarted\u00ec la Presidente del Friuli Venezia Giulia ha rilanciato il passaggio [&hellip;]\" \/>\n<meta property=\"og:url\" content=\"https:\/\/www.bellunopress.it\/fr\/2016\/04\/21\/pd-confusione-bard-diano-risposte-chiare\/\" \/>\n<meta property=\"og:site_name\" content=\"Bellunopress - Dolomiti\" \/>\n<meta property=\"article:publisher\" content=\"https:\/\/www.facebook.com\/profile.php?id=100008943462799\" \/>\n<meta property=\"article:published_time\" content=\"2016-04-21T11:27:26+00:00\" \/>\n<meta property=\"og:image\" content=\"http:\/\/www.bellunopress.it\/wp-content\/uploads\/2010\/10\/belluno-provincia-autonoma.jpg\" \/>\n<meta name=\"author\" content=\"redazione\" \/>\n<meta name=\"twitter:card\" content=\"summary_large_image\" \/>\n<meta name=\"twitter:creator\" content=\"@bellunopress\" \/>\n<meta name=\"twitter:site\" content=\"@bellunopress\" \/>\n<meta name=\"twitter:label1\" content=\"\u00c9crit par\" \/>\n\t<meta name=\"twitter:data1\" content=\"redazione\" \/>\n\t<meta name=\"twitter:label2\" content=\"Dur\u00e9e de lecture estim\u00e9e\" \/>\n\t<meta name=\"twitter:data2\" content=\"2 minutes\" \/>\n<script type=\"application\/ld+json\" class=\"yoast-schema-graph\">{\"@context\":\"https:\\\/\\\/schema.org\",\"@graph\":[{\"@type\":\"Article\",\"@id\":\"https:\\\/\\\/www.bellunopress.it\\\/2016\\\/04\\\/21\\\/pd-confusione-bard-diano-risposte-chiare\\\/#article\",\"isPartOf\":{\"@id\":\"https:\\\/\\\/www.bellunopress.it\\\/2016\\\/04\\\/21\\\/pd-confusione-bard-diano-risposte-chiare\\\/\"},\"author\":{\"name\":\"redazione\",\"@id\":\"https:\\\/\\\/www.bellunopress.it\\\/#\\\/schema\\\/person\\\/79bb06722b37ece1c03d3e94beb30d73\"},\"headline\":\"Pd in confusione. Bard: &#8220;Diano risposte chiare&#8221;\",\"datePublished\":\"2016-04-21T11:27:26+00:00\",\"mainEntityOfPage\":{\"@id\":\"https:\\\/\\\/www.bellunopress.it\\\/2016\\\/04\\\/21\\\/pd-confusione-bard-diano-risposte-chiare\\\/\"},\"wordCount\":388,\"publisher\":{\"@id\":\"https:\\\/\\\/www.bellunopress.it\\\/#organization\"},\"image\":{\"@id\":\"https:\\\/\\\/www.bellunopress.it\\\/2016\\\/04\\\/21\\\/pd-confusione-bard-diano-risposte-chiare\\\/#primaryimage\"},\"thumbnailUrl\":\"http:\\\/\\\/www.bellunopress.it\\\/wp-content\\\/uploads\\\/2010\\\/10\\\/belluno-provincia-autonoma.jpg\",\"articleSection\":[\"Cronaca\\\/Politica\",\"Prima Pagina\"],\"inLanguage\":\"fr-FR\"},{\"@type\":\"WebPage\",\"@id\":\"https:\\\/\\\/www.bellunopress.it\\\/2016\\\/04\\\/21\\\/pd-confusione-bard-diano-risposte-chiare\\\/\",\"url\":\"https:\\\/\\\/www.bellunopress.it\\\/2016\\\/04\\\/21\\\/pd-confusione-bard-diano-risposte-chiare\\\/\",\"name\":\"Pd in confusione. Bard: \\\"Diano risposte chiare\\\" - Bellunopress - Dolomiti\",\"isPartOf\":{\"@id\":\"https:\\\/\\\/www.bellunopress.it\\\/#website\"},\"primaryImageOfPage\":{\"@id\":\"https:\\\/\\\/www.bellunopress.it\\\/2016\\\/04\\\/21\\\/pd-confusione-bard-diano-risposte-chiare\\\/#primaryimage\"},\"image\":{\"@id\":\"https:\\\/\\\/www.bellunopress.it\\\/2016\\\/04\\\/21\\\/pd-confusione-bard-diano-risposte-chiare\\\/#primaryimage\"},\"thumbnailUrl\":\"http:\\\/\\\/www.bellunopress.it\\\/wp-content\\\/uploads\\\/2010\\\/10\\\/belluno-provincia-autonoma.jpg\",\"datePublished\":\"2016-04-21T11:27:26+00:00\",\"breadcrumb\":{\"@id\":\"https:\\\/\\\/www.bellunopress.it\\\/2016\\\/04\\\/21\\\/pd-confusione-bard-diano-risposte-chiare\\\/#breadcrumb\"},\"inLanguage\":\"fr-FR\",\"potentialAction\":[{\"@type\":\"ReadAction\",\"target\":[\"https:\\\/\\\/www.bellunopress.it\\\/2016\\\/04\\\/21\\\/pd-confusione-bard-diano-risposte-chiare\\\/\"]}]},{\"@type\":\"ImageObject\",\"inLanguage\":\"fr-FR\",\"@id\":\"https:\\\/\\\/www.bellunopress.it\\\/2016\\\/04\\\/21\\\/pd-confusione-bard-diano-risposte-chiare\\\/#primaryimage\",\"url\":\"http:\\\/\\\/www.bellunopress.it\\\/wp-content\\\/uploads\\\/2010\\\/10\\\/belluno-provincia-autonoma.jpg\",\"contentUrl\":\"http:\\\/\\\/www.bellunopress.it\\\/wp-content\\\/uploads\\\/2010\\\/10\\\/belluno-provincia-autonoma.jpg\"},{\"@type\":\"BreadcrumbList\",\"@id\":\"https:\\\/\\\/www.bellunopress.it\\\/2016\\\/04\\\/21\\\/pd-confusione-bard-diano-risposte-chiare\\\/#breadcrumb\",\"itemListElement\":[{\"@type\":\"ListItem\",\"position\":1,\"name\":\"Home\",\"item\":\"https:\\\/\\\/www.bellunopress.it\\\/\"},{\"@type\":\"ListItem\",\"position\":2,\"name\":\"Pd in confusione. Bard: &#8220;Diano risposte chiare&#8221;\"}]},{\"@type\":\"WebSite\",\"@id\":\"https:\\\/\\\/www.bellunopress.it\\\/#website\",\"url\":\"https:\\\/\\\/www.bellunopress.it\\\/\",\"name\":\"Bellunopress - Dolomiti\",\"description\":\"e-mail: redazione@bellunopress.it\",\"publisher\":{\"@id\":\"https:\\\/\\\/www.bellunopress.it\\\/#organization\"},\"potentialAction\":[{\"@type\":\"SearchAction\",\"target\":{\"@type\":\"EntryPoint\",\"urlTemplate\":\"https:\\\/\\\/www.bellunopress.it\\\/?s={search_term_string}\"},\"query-input\":{\"@type\":\"PropertyValueSpecification\",\"valueRequired\":true,\"valueName\":\"search_term_string\"}}],\"inLanguage\":\"fr-FR\"},{\"@type\":\"Organization\",\"@id\":\"https:\\\/\\\/www.bellunopress.it\\\/#organization\",\"name\":\"Bellunopress\",\"url\":\"https:\\\/\\\/www.bellunopress.it\\\/\",\"logo\":{\"@type\":\"ImageObject\",\"inLanguage\":\"fr-FR\",\"@id\":\"https:\\\/\\\/www.bellunopress.it\\\/#\\\/schema\\\/logo\\\/image\\\/\",\"url\":\"https:\\\/\\\/www.bellunopress.it\\\/wp-content\\\/uploads\\\/2011\\\/05\\\/cropped-logo-bellunopress-.jpg\",\"contentUrl\":\"https:\\\/\\\/www.bellunopress.it\\\/wp-content\\\/uploads\\\/2011\\\/05\\\/cropped-logo-bellunopress-.jpg\",\"width\":512,\"height\":512,\"caption\":\"Bellunopress\"},\"image\":{\"@id\":\"https:\\\/\\\/www.bellunopress.it\\\/#\\\/schema\\\/logo\\\/image\\\/\"},\"sameAs\":[\"https:\\\/\\\/www.facebook.com\\\/profile.php?id=100008943462799\",\"https:\\\/\\\/x.com\\\/bellunopress\",\"https:\\\/\\\/www.linkedin.com\\\/hp\\\/?dnr=JBzUWaJfMUw8vbXJJ2tVW5-I3jZKvC4wsoxE&amp;amp;amp;amp;amp;amp;trk=nav_responsive_tab_home\",\"https:\\\/\\\/www.youtube.com\\\/channel\\\/UCxL0wu1uN0_3_7hGG0306cw\"]},{\"@type\":\"Person\",\"@id\":\"https:\\\/\\\/www.bellunopress.it\\\/#\\\/schema\\\/person\\\/79bb06722b37ece1c03d3e94beb30d73\",\"name\":\"redazione\",\"image\":{\"@type\":\"ImageObject\",\"inLanguage\":\"fr-FR\",\"@id\":\"https:\\\/\\\/secure.gravatar.com\\\/avatar\\\/37d968a2e67a6fd04c169c4bdef102d0bc5d31b2546345219e348575eb80e9a0?s=96&d=mm&r=g\",\"url\":\"https:\\\/\\\/secure.gravatar.com\\\/avatar\\\/37d968a2e67a6fd04c169c4bdef102d0bc5d31b2546345219e348575eb80e9a0?s=96&d=mm&r=g\",\"contentUrl\":\"https:\\\/\\\/secure.gravatar.com\\\/avatar\\\/37d968a2e67a6fd04c169c4bdef102d0bc5d31b2546345219e348575eb80e9a0?s=96&d=mm&r=g\",\"caption\":\"redazione\"},\"sameAs\":[\"http:\\\/\\\/www.bellunopress.it\",\"https:\\\/\\\/x.com\\\/bellunopress\"],\"url\":\"https:\\\/\\\/www.bellunopress.it\\\/fr\\\/author\\\/redazione\\\/\"}]}<\/script>\n<!-- \/ Yoast SEO plugin. -->","yoast_head_json":{"title":"Pd in confusione. Bard: \"Diano risposte chiare\" - Bellunopress - Dolomiti","robots":{"index":"index","follow":"follow","max-snippet":"max-snippet:-1","max-image-preview":"max-image-preview:large","max-video-preview":"max-video-preview:-1"},"canonical":"https:\/\/www.bellunopress.it\/fr\/2016\/04\/21\/pd-confusione-bard-diano-risposte-chiare\/","og_locale":"fr_FR","og_type":"article","og_title":"Pd in confusione. Bard: \"Diano risposte chiare\" - Bellunopress - Dolomiti","og_description":"\u201cSul caso Sappada il Partito Democratico sta andando in confusione: basta con gli appelli e le promesse, diano una risposta chiara e unitaria\u201d. Il movimento Belluno Autonoma Regione Dolomiti torna alla carica, dopo le notizie che nelle ultime ore hanno interessato la comunit\u00e0 sappadina. \u201cMarted\u00ec la Presidente del Friuli Venezia Giulia ha rilanciato il passaggio [&hellip;]","og_url":"https:\/\/www.bellunopress.it\/fr\/2016\/04\/21\/pd-confusione-bard-diano-risposte-chiare\/","og_site_name":"Bellunopress - Dolomiti","article_publisher":"https:\/\/www.facebook.com\/profile.php?id=100008943462799","article_published_time":"2016-04-21T11:27:26+00:00","og_image":[{"url":"http:\/\/www.bellunopress.it\/wp-content\/uploads\/2010\/10\/belluno-provincia-autonoma.jpg","type":"","width":"","height":""}],"author":"redazione","twitter_card":"summary_large_image","twitter_creator":"@bellunopress","twitter_site":"@bellunopress","twitter_misc":{"\u00c9crit par":"redazione","Dur\u00e9e de lecture estim\u00e9e":"2 minutes"},"schema":{"@context":"https:\/\/schema.org","@graph":[{"@type":"Article","@id":"https:\/\/www.bellunopress.it\/2016\/04\/21\/pd-confusione-bard-diano-risposte-chiare\/#article","isPartOf":{"@id":"https:\/\/www.bellunopress.it\/2016\/04\/21\/pd-confusione-bard-diano-risposte-chiare\/"},"author":{"name":"redazione","@id":"https:\/\/www.bellunopress.it\/#\/schema\/person\/79bb06722b37ece1c03d3e94beb30d73"},"headline":"Pd in confusione. Bard: &#8220;Diano risposte chiare&#8221;","datePublished":"2016-04-21T11:27:26+00:00","mainEntityOfPage":{"@id":"https:\/\/www.bellunopress.it\/2016\/04\/21\/pd-confusione-bard-diano-risposte-chiare\/"},"wordCount":388,"publisher":{"@id":"https:\/\/www.bellunopress.it\/#organization"},"image":{"@id":"https:\/\/www.bellunopress.it\/2016\/04\/21\/pd-confusione-bard-diano-risposte-chiare\/#primaryimage"},"thumbnailUrl":"http:\/\/www.bellunopress.it\/wp-content\/uploads\/2010\/10\/belluno-provincia-autonoma.jpg","articleSection":["Cronaca\/Politica","Prima Pagina"],"inLanguage":"fr-FR"},{"@type":"WebPage","@id":"https:\/\/www.bellunopress.it\/2016\/04\/21\/pd-confusione-bard-diano-risposte-chiare\/","url":"https:\/\/www.bellunopress.it\/2016\/04\/21\/pd-confusione-bard-diano-risposte-chiare\/","name":"Pd in confusione. Bard: \"Diano risposte chiare\" - Bellunopress - Dolomiti","isPartOf":{"@id":"https:\/\/www.bellunopress.it\/#website"},"primaryImageOfPage":{"@id":"https:\/\/www.bellunopress.it\/2016\/04\/21\/pd-confusione-bard-diano-risposte-chiare\/#primaryimage"},"image":{"@id":"https:\/\/www.bellunopress.it\/2016\/04\/21\/pd-confusione-bard-diano-risposte-chiare\/#primaryimage"},"thumbnailUrl":"http:\/\/www.bellunopress.it\/wp-content\/uploads\/2010\/10\/belluno-provincia-autonoma.jpg","datePublished":"2016-04-21T11:27:26+00:00","breadcrumb":{"@id":"https:\/\/www.bellunopress.it\/2016\/04\/21\/pd-confusione-bard-diano-risposte-chiare\/#breadcrumb"},"inLanguage":"fr-FR","potentialAction":[{"@type":"ReadAction","target":["https:\/\/www.bellunopress.it\/2016\/04\/21\/pd-confusione-bard-diano-risposte-chiare\/"]}]},{"@type":"ImageObject","inLanguage":"fr-FR","@id":"https:\/\/www.bellunopress.it\/2016\/04\/21\/pd-confusione-bard-diano-risposte-chiare\/#primaryimage","url":"http:\/\/www.bellunopress.it\/wp-content\/uploads\/2010\/10\/belluno-provincia-autonoma.jpg","contentUrl":"http:\/\/www.bellunopress.it\/wp-content\/uploads\/2010\/10\/belluno-provincia-autonoma.jpg"},{"@type":"BreadcrumbList","@id":"https:\/\/www.bellunopress.it\/2016\/04\/21\/pd-confusione-bard-diano-risposte-chiare\/#breadcrumb","itemListElement":[{"@type":"ListItem","position":1,"name":"Home","item":"https:\/\/www.bellunopress.it\/"},{"@type":"ListItem","position":2,"name":"Pd in confusione. Bard: &#8220;Diano risposte chiare&#8221;"}]},{"@type":"WebSite","@id":"https:\/\/www.bellunopress.it\/#website","url":"https:\/\/www.bellunopress.it\/","name":"Bellunopress - Dolomiti","description":"e-mail: redazione@bellunopress.it","publisher":{"@id":"https:\/\/www.bellunopress.it\/#organization"},"potentialAction":[{"@type":"SearchAction","target":{"@type":"EntryPoint","urlTemplate":"https:\/\/www.bellunopress.it\/?s={search_term_string}"},"query-input":{"@type":"PropertyValueSpecification","valueRequired":true,"valueName":"search_term_string"}}],"inLanguage":"fr-FR"},{"@type":"Organization","@id":"https:\/\/www.bellunopress.it\/#organization","name":"Bellunopress","url":"https:\/\/www.bellunopress.it\/","logo":{"@type":"ImageObject","inLanguage":"fr-FR","@id":"https:\/\/www.bellunopress.it\/#\/schema\/logo\/image\/","url":"https:\/\/www.bellunopress.it\/wp-content\/uploads\/2011\/05\/cropped-logo-bellunopress-.jpg","contentUrl":"https:\/\/www.bellunopress.it\/wp-content\/uploads\/2011\/05\/cropped-logo-bellunopress-.jpg","width":512,"height":512,"caption":"Bellunopress"},"image":{"@id":"https:\/\/www.bellunopress.it\/#\/schema\/logo\/image\/"},"sameAs":["https:\/\/www.facebook.com\/profile.php?id=100008943462799","https:\/\/x.com\/bellunopress","https:\/\/www.linkedin.com\/hp\/?dnr=JBzUWaJfMUw8vbXJJ2tVW5-I3jZKvC4wsoxE&amp;amp;amp;amp;amp;amp;trk=nav_responsive_tab_home","https:\/\/www.youtube.com\/channel\/UCxL0wu1uN0_3_7hGG0306cw"]},{"@type":"Person","@id":"https:\/\/www.bellunopress.it\/#\/schema\/person\/79bb06722b37ece1c03d3e94beb30d73","name":"r\u00e9daction","image":{"@type":"ImageObject","inLanguage":"fr-FR","@id":"https:\/\/secure.gravatar.com\/avatar\/37d968a2e67a6fd04c169c4bdef102d0bc5d31b2546345219e348575eb80e9a0?s=96&d=mm&r=g","url":"https:\/\/secure.gravatar.com\/avatar\/37d968a2e67a6fd04c169c4bdef102d0bc5d31b2546345219e348575eb80e9a0?s=96&d=mm&r=g","contentUrl":"https:\/\/secure.gravatar.com\/avatar\/37d968a2e67a6fd04c169c4bdef102d0bc5d31b2546345219e348575eb80e9a0?s=96&d=mm&r=g","caption":"redazione"},"sameAs":["http:\/\/www.bellunopress.it","https:\/\/x.com\/bellunopress"],"url":"https:\/\/www.bellunopress.it\/fr\/author\/redazione\/"}]}},"_links":{"self":[{"href":"https:\/\/www.bellunopress.it\/fr\/wp-json\/wp\/v2\/posts\/77051","targetHints":{"allow":["GET"]}}],"collection":[{"href":"https:\/\/www.bellunopress.it\/fr\/wp-json\/wp\/v2\/posts"}],"about":[{"href":"https:\/\/www.bellunopress.it\/fr\/wp-json\/wp\/v2\/types\/post"}],"author":[{"embeddable":true,"href":"https:\/\/www.bellunopress.it\/fr\/wp-json\/wp\/v2\/users\/2"}],"replies":[{"embeddable":true,"href":"https:\/\/www.bellunopress.it\/fr\/wp-json\/wp\/v2\/comments?post=77051"}],"version-history":[{"count":1,"href":"https:\/\/www.bellunopress.it\/fr\/wp-json\/wp\/v2\/posts\/77051\/revisions"}],"predecessor-version":[{"id":77052,"href":"https:\/\/www.bellunopress.it\/fr\/wp-json\/wp\/v2\/posts\/77051\/revisions\/77052"}],"wp:attachment":[{"href":"https:\/\/www.bellunopress.it\/fr\/wp-json\/wp\/v2\/media?parent=77051"}],"wp:term":[{"taxonomy":"category","embeddable":true,"href":"https:\/\/www.bellunopress.it\/fr\/wp-json\/wp\/v2\/categories?post=77051"},{"taxonomy":"post_tag","embeddable":true,"href":"https:\/\/www.bellunopress.it\/fr\/wp-json\/wp\/v2\/tags?post=77051"}],"curies":[{"name":"wp","href":"https:\/\/api.w.org\/{rel}","templated":true}]}}