{"id":77047,"date":"2016-04-20T23:41:51","date_gmt":"2016-04-20T21:41:51","guid":{"rendered":"http:\/\/www.bellunopress.it\/?p=77047"},"modified":"2016-04-20T23:41:51","modified_gmt":"2016-04-20T21:41:51","slug":"77047","status":"publish","type":"post","link":"https:\/\/www.bellunopress.it\/fr\/2016\/04\/20\/77047\/","title":{"rendered":"Welfare di territorio. Firmato a Belluno un protocollo d&#8217;intesa tra organizzazioni sindacali, associazioni di categoria, Consorzio dei Comuni, Provincia, sindaci e Ulss"},"content":{"rendered":"<p><a href=\"http:\/\/www.bellunopress.it\/wp-content\/uploads\/2016\/04\/Welfare-di-territorio.jpg\"><img loading=\"lazy\" decoding=\"async\" class=\"alignleft size-full wp-image-77048\" src=\"http:\/\/www.bellunopress.it\/wp-content\/uploads\/2016\/04\/Welfare-di-territorio.jpg\" alt=\"Welfare di territorio\" width=\"350\" height=\"159\" \/><\/a>Mercoled\u00ec mattina, nella sede del Consorzio dei Comuni Bim Piave a Belluno, \u00e8 stato sottoscritto il protocollo d&#8217;intesa \u201cPer un Welfare di territorio\u201d per la costituzione di un tavolo di lavoro sul tema del welfare. Il documento \u00e8 stato firmato dai segretari generali delle tre organizzazioni sindacali territoriali Cgil, Cisl e Uil, rispettivamente Ludovico Bellini, Anna Orsini e Mario Ragno, da Umberto Soccal, presidente del Consorzio dei Comuni, Daniela Larese Filon, presidente della Provincia, Antonio Barattin, presidente del Centro Studi bellunese, Jacopo Massaro, presidente della conferenza dei Sindaci dell&#8217;ULSS n.1, Paolo Perenzin, presidente della Conferenza dei Sindaci ULSS n.2, dai direttori del Sociale delle due ULSS, Gian Antonio Dei Tos e Mario Modolo, da Luca Barbini, presidente di Confindustria, Giacomo Deon, presidente di Confartigianato, Maurizio Ranon, direttore di Appia CNA Maurizio Ranon, e dal vicepresidente di Ascom ConfCommercio Marilisa Michieletto.<\/p>\n<p>Obiettivi condivisi, progettualit\u00e0 comune, coordinamento e potenziamento delle diverse azioni che si possono mettere in campo per affrontare le situazioni di difficolt\u00e0 che ancora permangono nella comunit\u00e0 bellunese, fortemente provata dai lunghi anni di crisi. Sono questi gli obiettivi dichiarati nel documento firmato questa mattina che porter\u00e0 alla costituzione di un tavolo di confronto e di lavoro sul delicato tema del welfare territoriale. I soggetti che due anni e mezzo fa hanno dato vita al Fondo di Solidariet\u00e0 Bellunese &#8211; il fondo per aiutare singoli e famiglie in difficolt\u00e0 costituito dal Consorzio dei Comuni del bacino Imbrifero Montano del Piave appartenenti alla provincia di Belluno (Consorzio BIM Piave Belluno), insieme a Cgil, Cisl e Uil, Confindustria Belluno Dolomiti, APPIA, Confartigianato e Confcommercio di Belluno &#8211; oggi fanno dunque un ulteriore passo in avanti, mettendo a frutto una forte sensibilit\u00e0 maturata dalla collaborazione fra le organizzazioni sindacali e le categorie economiche-produttive, con il sostegno istituzionale ed economico offerto dal Consorzio dei Comuni BIM Piave.<\/p>\n<p>\u201cIl tema sociale e della promozione di azioni positive in favore dei cittadini con difficolt\u00e0 economiche e sociali &#8211; afferma Umberto Soccal, presidente del Consorzio dei Comuni BIM Piave &#8211; merita di essere ripreso e assunto in spirito di solidariet\u00e0 e responsabilit\u00e0 da tutti i soggetti che operano per sostenere i lavoratori, i pensionati e le loro famiglie. Il Consorzio da anni \u00e8 sensibile a questa tematica e impegnato attivamente per dare risposte concrete, mettendo in campo importanti iniziative: per questo motivo abbiamo aderito da subito alla richiesta di essere un punto di riferimento per il confronto sul tema del welfare di territorio\u201d.<\/p>\n<p>Molte infatti sono le opportunit\u00e0 offerte dagli interventi del Consorzio Bim Piave e dalla Provincia, insieme alle iniziative autonomamente gestite dai singoli Comuni, dalle Ulss e dall\u2019associazionismo locale, dagli enti bilaterali e dalla contrattazione aziendale. Il protocollo firmato questa mattina da tutte le categorie economiche e di rappresentanza e la imminente costituzione di un tavolo di lavoro sul tema del welfare territoriale ha l&#8217;obiettivo di migliorare il dialogo fra i diversi attori, per analizzare da prospettive diverse i problemi e le situazioni critiche e per facilitare un lavoro di coordinamento e potenziamento delle diverse azioni.<\/p>\n<p>I sottoscrittori del documento, sia i rappresentanti istituzionali del territorio che delle due ULSS insieme ai rappresentanti delle categorie economiche, sono concordi nell\u2019affermare la necessit\u00e0 di adottare una strategia condivisa per far fronte ai nuovi bisogni. Ma la riflessione non si deve fermare solo alla costruzione di protezioni sociali adeguate, deve estendersi anche a ragionare sullo sviluppo economico del territorio, unica condizione per dare un futuro alla comunit\u00e0 e prevenire disagio e marginalit\u00e0 sociale.<\/p>\n<p>\u201cSiamo molto soddisfatti &#8211; dichiara Anna Orsini, segretario generale aggiunto della Cisl Belluno Treviso &#8211; di essere riusciti a raggiungere questo risultato per il quale stavamo lavorando da tempo. Temi delicati come quello del welfare stanno alla base della coesione sociale e vanno affrontati dai soggetti istituzionali in maniera sinergica su progetti comuni in grado di far maturare un sentimento di responsabilit\u00e0 condivisa. E&#8217; solo attraverso questo tipo di progettualit\u00e0 che sar\u00e0 possibile costruire modelli di partecipazione e condivisione fondamentali per superare la frammentazione ancora presente nel territorio e contribuire a realizzare un vero e proprio sistema territoriale efficiente orientato a dare risposte concrete a tutta la comunit\u00e0\u201d.<\/p>","protected":false},"excerpt":{"rendered":"<p>Mercoled\u00ec mattina, nella sede del Consorzio dei Comuni Bim Piave a Belluno, \u00e8 stato sottoscritto il protocollo d&#8217;intesa \u201cPer un Welfare di territorio\u201d per la costituzione di un tavolo di lavoro sul tema del welfare. Il documento \u00e8 stato firmato dai segretari generali delle tre organizzazioni sindacali territoriali Cgil, Cisl e Uil, rispettivamente Ludovico Bellini, [&hellip;]<\/p>\n","protected":false},"author":2,"featured_media":0,"comment_status":"closed","ping_status":"open","sticky":false,"template":"","format":"standard","meta":{"footnotes":""},"categories":[1],"tags":[],"class_list":["post-77047","post","type-post","status-publish","format-standard","category-leo"],"yoast_head":"<!-- This site is optimized with the Yoast SEO plugin v28.4 - https:\/\/yoast.com\/product\/yoast-seo-wordpress\/ -->\n<title>Welfare di territorio. Firmato a Belluno un protocollo d&#039;intesa tra organizzazioni sindacali, associazioni di categoria, Consorzio dei Comuni, Provincia, sindaci e Ulss - Bellunopress - Dolomiti<\/title>\n<meta name=\"robots\" content=\"index, follow, max-snippet:-1, max-image-preview:large, max-video-preview:-1\" \/>\n<link rel=\"canonical\" href=\"https:\/\/www.bellunopress.it\/fr\/2016\/04\/20\/77047\/\" \/>\n<meta property=\"og:locale\" content=\"fr_FR\" \/>\n<meta property=\"og:type\" content=\"article\" \/>\n<meta property=\"og:title\" content=\"Welfare di territorio. Firmato a Belluno un protocollo d&#039;intesa tra organizzazioni sindacali, associazioni di categoria, Consorzio dei Comuni, Provincia, sindaci e Ulss - Bellunopress - Dolomiti\" \/>\n<meta property=\"og:description\" content=\"Mercoled\u00ec mattina, nella sede del Consorzio dei Comuni Bim Piave a Belluno, \u00e8 stato sottoscritto il protocollo d&#8217;intesa \u201cPer un Welfare di territorio\u201d per la costituzione di un tavolo di lavoro sul tema del welfare. Il documento \u00e8 stato firmato dai segretari generali delle tre organizzazioni sindacali territoriali Cgil, Cisl e Uil, rispettivamente Ludovico Bellini, [&hellip;]\" \/>\n<meta property=\"og:url\" content=\"https:\/\/www.bellunopress.it\/fr\/2016\/04\/20\/77047\/\" \/>\n<meta property=\"og:site_name\" content=\"Bellunopress - Dolomiti\" \/>\n<meta property=\"article:publisher\" content=\"https:\/\/www.facebook.com\/profile.php?id=100008943462799\" \/>\n<meta property=\"article:published_time\" content=\"2016-04-20T21:41:51+00:00\" \/>\n<meta property=\"og:image\" content=\"http:\/\/www.bellunopress.it\/wp-content\/uploads\/2016\/04\/Welfare-di-territorio.jpg\" \/>\n<meta name=\"author\" content=\"redazione\" \/>\n<meta name=\"twitter:card\" content=\"summary_large_image\" \/>\n<meta name=\"twitter:creator\" content=\"@bellunopress\" \/>\n<meta name=\"twitter:site\" content=\"@bellunopress\" \/>\n<meta name=\"twitter:label1\" content=\"\u00c9crit par\" \/>\n\t<meta name=\"twitter:data1\" content=\"redazione\" \/>\n\t<meta name=\"twitter:label2\" content=\"Dur\u00e9e de lecture estim\u00e9e\" \/>\n\t<meta name=\"twitter:data2\" content=\"3 minutes\" \/>\n<script type=\"application\/ld+json\" class=\"yoast-schema-graph\">{\"@context\":\"https:\\\/\\\/schema.org\",\"@graph\":[{\"@type\":\"Article\",\"@id\":\"https:\\\/\\\/www.bellunopress.it\\\/2016\\\/04\\\/20\\\/77047\\\/#article\",\"isPartOf\":{\"@id\":\"https:\\\/\\\/www.bellunopress.it\\\/2016\\\/04\\\/20\\\/77047\\\/\"},\"author\":{\"name\":\"redazione\",\"@id\":\"https:\\\/\\\/www.bellunopress.it\\\/#\\\/schema\\\/person\\\/79bb06722b37ece1c03d3e94beb30d73\"},\"headline\":\"Welfare di territorio. Firmato a Belluno un protocollo d&#8217;intesa tra organizzazioni sindacali, associazioni di categoria, Consorzio dei Comuni, Provincia, sindaci e Ulss\",\"datePublished\":\"2016-04-20T21:41:51+00:00\",\"mainEntityOfPage\":{\"@id\":\"https:\\\/\\\/www.bellunopress.it\\\/2016\\\/04\\\/20\\\/77047\\\/\"},\"wordCount\":708,\"publisher\":{\"@id\":\"https:\\\/\\\/www.bellunopress.it\\\/#organization\"},\"image\":{\"@id\":\"https:\\\/\\\/www.bellunopress.it\\\/2016\\\/04\\\/20\\\/77047\\\/#primaryimage\"},\"thumbnailUrl\":\"http:\\\/\\\/www.bellunopress.it\\\/wp-content\\\/uploads\\\/2016\\\/04\\\/Welfare-di-territorio.jpg\",\"articleSection\":[\"Lettere Opinioni\"],\"inLanguage\":\"fr-FR\"},{\"@type\":\"WebPage\",\"@id\":\"https:\\\/\\\/www.bellunopress.it\\\/2016\\\/04\\\/20\\\/77047\\\/\",\"url\":\"https:\\\/\\\/www.bellunopress.it\\\/2016\\\/04\\\/20\\\/77047\\\/\",\"name\":\"Welfare di territorio. Firmato a Belluno un protocollo d'intesa tra organizzazioni sindacali, associazioni di categoria, Consorzio dei Comuni, Provincia, sindaci e Ulss - Bellunopress - Dolomiti\",\"isPartOf\":{\"@id\":\"https:\\\/\\\/www.bellunopress.it\\\/#website\"},\"primaryImageOfPage\":{\"@id\":\"https:\\\/\\\/www.bellunopress.it\\\/2016\\\/04\\\/20\\\/77047\\\/#primaryimage\"},\"image\":{\"@id\":\"https:\\\/\\\/www.bellunopress.it\\\/2016\\\/04\\\/20\\\/77047\\\/#primaryimage\"},\"thumbnailUrl\":\"http:\\\/\\\/www.bellunopress.it\\\/wp-content\\\/uploads\\\/2016\\\/04\\\/Welfare-di-territorio.jpg\",\"datePublished\":\"2016-04-20T21:41:51+00:00\",\"breadcrumb\":{\"@id\":\"https:\\\/\\\/www.bellunopress.it\\\/2016\\\/04\\\/20\\\/77047\\\/#breadcrumb\"},\"inLanguage\":\"fr-FR\",\"potentialAction\":[{\"@type\":\"ReadAction\",\"target\":[\"https:\\\/\\\/www.bellunopress.it\\\/2016\\\/04\\\/20\\\/77047\\\/\"]}]},{\"@type\":\"ImageObject\",\"inLanguage\":\"fr-FR\",\"@id\":\"https:\\\/\\\/www.bellunopress.it\\\/2016\\\/04\\\/20\\\/77047\\\/#primaryimage\",\"url\":\"http:\\\/\\\/www.bellunopress.it\\\/wp-content\\\/uploads\\\/2016\\\/04\\\/Welfare-di-territorio.jpg\",\"contentUrl\":\"http:\\\/\\\/www.bellunopress.it\\\/wp-content\\\/uploads\\\/2016\\\/04\\\/Welfare-di-territorio.jpg\"},{\"@type\":\"BreadcrumbList\",\"@id\":\"https:\\\/\\\/www.bellunopress.it\\\/2016\\\/04\\\/20\\\/77047\\\/#breadcrumb\",\"itemListElement\":[{\"@type\":\"ListItem\",\"position\":1,\"name\":\"Home\",\"item\":\"https:\\\/\\\/www.bellunopress.it\\\/\"},{\"@type\":\"ListItem\",\"position\":2,\"name\":\"Welfare di territorio. Firmato a Belluno un protocollo d&#8217;intesa tra organizzazioni sindacali, associazioni di categoria, Consorzio dei Comuni, Provincia, sindaci e Ulss\"}]},{\"@type\":\"WebSite\",\"@id\":\"https:\\\/\\\/www.bellunopress.it\\\/#website\",\"url\":\"https:\\\/\\\/www.bellunopress.it\\\/\",\"name\":\"Bellunopress - Dolomiti\",\"description\":\"e-mail: redazione@bellunopress.it\",\"publisher\":{\"@id\":\"https:\\\/\\\/www.bellunopress.it\\\/#organization\"},\"potentialAction\":[{\"@type\":\"SearchAction\",\"target\":{\"@type\":\"EntryPoint\",\"urlTemplate\":\"https:\\\/\\\/www.bellunopress.it\\\/?s={search_term_string}\"},\"query-input\":{\"@type\":\"PropertyValueSpecification\",\"valueRequired\":true,\"valueName\":\"search_term_string\"}}],\"inLanguage\":\"fr-FR\"},{\"@type\":\"Organization\",\"@id\":\"https:\\\/\\\/www.bellunopress.it\\\/#organization\",\"name\":\"Bellunopress\",\"url\":\"https:\\\/\\\/www.bellunopress.it\\\/\",\"logo\":{\"@type\":\"ImageObject\",\"inLanguage\":\"fr-FR\",\"@id\":\"https:\\\/\\\/www.bellunopress.it\\\/#\\\/schema\\\/logo\\\/image\\\/\",\"url\":\"https:\\\/\\\/www.bellunopress.it\\\/wp-content\\\/uploads\\\/2011\\\/05\\\/cropped-logo-bellunopress-.jpg\",\"contentUrl\":\"https:\\\/\\\/www.bellunopress.it\\\/wp-content\\\/uploads\\\/2011\\\/05\\\/cropped-logo-bellunopress-.jpg\",\"width\":512,\"height\":512,\"caption\":\"Bellunopress\"},\"image\":{\"@id\":\"https:\\\/\\\/www.bellunopress.it\\\/#\\\/schema\\\/logo\\\/image\\\/\"},\"sameAs\":[\"https:\\\/\\\/www.facebook.com\\\/profile.php?id=100008943462799\",\"https:\\\/\\\/x.com\\\/bellunopress\",\"https:\\\/\\\/www.linkedin.com\\\/hp\\\/?dnr=JBzUWaJfMUw8vbXJJ2tVW5-I3jZKvC4wsoxE&amp;amp;amp;amp;amp;amp;trk=nav_responsive_tab_home\",\"https:\\\/\\\/www.youtube.com\\\/channel\\\/UCxL0wu1uN0_3_7hGG0306cw\"]},{\"@type\":\"Person\",\"@id\":\"https:\\\/\\\/www.bellunopress.it\\\/#\\\/schema\\\/person\\\/79bb06722b37ece1c03d3e94beb30d73\",\"name\":\"redazione\",\"image\":{\"@type\":\"ImageObject\",\"inLanguage\":\"fr-FR\",\"@id\":\"https:\\\/\\\/secure.gravatar.com\\\/avatar\\\/37d968a2e67a6fd04c169c4bdef102d0bc5d31b2546345219e348575eb80e9a0?s=96&d=mm&r=g\",\"url\":\"https:\\\/\\\/secure.gravatar.com\\\/avatar\\\/37d968a2e67a6fd04c169c4bdef102d0bc5d31b2546345219e348575eb80e9a0?s=96&d=mm&r=g\",\"contentUrl\":\"https:\\\/\\\/secure.gravatar.com\\\/avatar\\\/37d968a2e67a6fd04c169c4bdef102d0bc5d31b2546345219e348575eb80e9a0?s=96&d=mm&r=g\",\"caption\":\"redazione\"},\"sameAs\":[\"http:\\\/\\\/www.bellunopress.it\",\"https:\\\/\\\/x.com\\\/bellunopress\"],\"url\":\"https:\\\/\\\/www.bellunopress.it\\\/fr\\\/author\\\/redazione\\\/\"}]}<\/script>\n<!-- \/ Yoast SEO plugin. -->","yoast_head_json":{"title":"Welfare di territorio. Firmato a Belluno un protocollo d'intesa tra organizzazioni sindacali, associazioni di categoria, Consorzio dei Comuni, Provincia, sindaci e Ulss - Bellunopress - Dolomiti","robots":{"index":"index","follow":"follow","max-snippet":"max-snippet:-1","max-image-preview":"max-image-preview:large","max-video-preview":"max-video-preview:-1"},"canonical":"https:\/\/www.bellunopress.it\/fr\/2016\/04\/20\/77047\/","og_locale":"fr_FR","og_type":"article","og_title":"Welfare di territorio. Firmato a Belluno un protocollo d'intesa tra organizzazioni sindacali, associazioni di categoria, Consorzio dei Comuni, Provincia, sindaci e Ulss - Bellunopress - Dolomiti","og_description":"Mercoled\u00ec mattina, nella sede del Consorzio dei Comuni Bim Piave a Belluno, \u00e8 stato sottoscritto il protocollo d&#8217;intesa \u201cPer un Welfare di territorio\u201d per la costituzione di un tavolo di lavoro sul tema del welfare. Il documento \u00e8 stato firmato dai segretari generali delle tre organizzazioni sindacali territoriali Cgil, Cisl e Uil, rispettivamente Ludovico Bellini, [&hellip;]","og_url":"https:\/\/www.bellunopress.it\/fr\/2016\/04\/20\/77047\/","og_site_name":"Bellunopress - Dolomiti","article_publisher":"https:\/\/www.facebook.com\/profile.php?id=100008943462799","article_published_time":"2016-04-20T21:41:51+00:00","og_image":[{"url":"http:\/\/www.bellunopress.it\/wp-content\/uploads\/2016\/04\/Welfare-di-territorio.jpg","type":"","width":"","height":""}],"author":"redazione","twitter_card":"summary_large_image","twitter_creator":"@bellunopress","twitter_site":"@bellunopress","twitter_misc":{"\u00c9crit par":"redazione","Dur\u00e9e de lecture estim\u00e9e":"3 minutes"},"schema":{"@context":"https:\/\/schema.org","@graph":[{"@type":"Article","@id":"https:\/\/www.bellunopress.it\/2016\/04\/20\/77047\/#article","isPartOf":{"@id":"https:\/\/www.bellunopress.it\/2016\/04\/20\/77047\/"},"author":{"name":"redazione","@id":"https:\/\/www.bellunopress.it\/#\/schema\/person\/79bb06722b37ece1c03d3e94beb30d73"},"headline":"Welfare di territorio. Firmato a Belluno un protocollo d&#8217;intesa tra organizzazioni sindacali, associazioni di categoria, Consorzio dei Comuni, Provincia, sindaci e Ulss","datePublished":"2016-04-20T21:41:51+00:00","mainEntityOfPage":{"@id":"https:\/\/www.bellunopress.it\/2016\/04\/20\/77047\/"},"wordCount":708,"publisher":{"@id":"https:\/\/www.bellunopress.it\/#organization"},"image":{"@id":"https:\/\/www.bellunopress.it\/2016\/04\/20\/77047\/#primaryimage"},"thumbnailUrl":"http:\/\/www.bellunopress.it\/wp-content\/uploads\/2016\/04\/Welfare-di-territorio.jpg","articleSection":["Lettere Opinioni"],"inLanguage":"fr-FR"},{"@type":"WebPage","@id":"https:\/\/www.bellunopress.it\/2016\/04\/20\/77047\/","url":"https:\/\/www.bellunopress.it\/2016\/04\/20\/77047\/","name":"Welfare di territorio. Firmato a Belluno un protocollo d'intesa tra organizzazioni sindacali, associazioni di categoria, Consorzio dei Comuni, Provincia, sindaci e Ulss - Bellunopress - Dolomiti","isPartOf":{"@id":"https:\/\/www.bellunopress.it\/#website"},"primaryImageOfPage":{"@id":"https:\/\/www.bellunopress.it\/2016\/04\/20\/77047\/#primaryimage"},"image":{"@id":"https:\/\/www.bellunopress.it\/2016\/04\/20\/77047\/#primaryimage"},"thumbnailUrl":"http:\/\/www.bellunopress.it\/wp-content\/uploads\/2016\/04\/Welfare-di-territorio.jpg","datePublished":"2016-04-20T21:41:51+00:00","breadcrumb":{"@id":"https:\/\/www.bellunopress.it\/2016\/04\/20\/77047\/#breadcrumb"},"inLanguage":"fr-FR","potentialAction":[{"@type":"ReadAction","target":["https:\/\/www.bellunopress.it\/2016\/04\/20\/77047\/"]}]},{"@type":"ImageObject","inLanguage":"fr-FR","@id":"https:\/\/www.bellunopress.it\/2016\/04\/20\/77047\/#primaryimage","url":"http:\/\/www.bellunopress.it\/wp-content\/uploads\/2016\/04\/Welfare-di-territorio.jpg","contentUrl":"http:\/\/www.bellunopress.it\/wp-content\/uploads\/2016\/04\/Welfare-di-territorio.jpg"},{"@type":"BreadcrumbList","@id":"https:\/\/www.bellunopress.it\/2016\/04\/20\/77047\/#breadcrumb","itemListElement":[{"@type":"ListItem","position":1,"name":"Home","item":"https:\/\/www.bellunopress.it\/"},{"@type":"ListItem","position":2,"name":"Welfare di territorio. Firmato a Belluno un protocollo d&#8217;intesa tra organizzazioni sindacali, associazioni di categoria, Consorzio dei Comuni, Provincia, sindaci e Ulss"}]},{"@type":"WebSite","@id":"https:\/\/www.bellunopress.it\/#website","url":"https:\/\/www.bellunopress.it\/","name":"Bellunopress - Dolomiti","description":"e-mail: redazione@bellunopress.it","publisher":{"@id":"https:\/\/www.bellunopress.it\/#organization"},"potentialAction":[{"@type":"SearchAction","target":{"@type":"EntryPoint","urlTemplate":"https:\/\/www.bellunopress.it\/?s={search_term_string}"},"query-input":{"@type":"PropertyValueSpecification","valueRequired":true,"valueName":"search_term_string"}}],"inLanguage":"fr-FR"},{"@type":"Organization","@id":"https:\/\/www.bellunopress.it\/#organization","name":"Bellunopress","url":"https:\/\/www.bellunopress.it\/","logo":{"@type":"ImageObject","inLanguage":"fr-FR","@id":"https:\/\/www.bellunopress.it\/#\/schema\/logo\/image\/","url":"https:\/\/www.bellunopress.it\/wp-content\/uploads\/2011\/05\/cropped-logo-bellunopress-.jpg","contentUrl":"https:\/\/www.bellunopress.it\/wp-content\/uploads\/2011\/05\/cropped-logo-bellunopress-.jpg","width":512,"height":512,"caption":"Bellunopress"},"image":{"@id":"https:\/\/www.bellunopress.it\/#\/schema\/logo\/image\/"},"sameAs":["https:\/\/www.facebook.com\/profile.php?id=100008943462799","https:\/\/x.com\/bellunopress","https:\/\/www.linkedin.com\/hp\/?dnr=JBzUWaJfMUw8vbXJJ2tVW5-I3jZKvC4wsoxE&amp;amp;amp;amp;amp;amp;trk=nav_responsive_tab_home","https:\/\/www.youtube.com\/channel\/UCxL0wu1uN0_3_7hGG0306cw"]},{"@type":"Person","@id":"https:\/\/www.bellunopress.it\/#\/schema\/person\/79bb06722b37ece1c03d3e94beb30d73","name":"r\u00e9daction","image":{"@type":"ImageObject","inLanguage":"fr-FR","@id":"https:\/\/secure.gravatar.com\/avatar\/37d968a2e67a6fd04c169c4bdef102d0bc5d31b2546345219e348575eb80e9a0?s=96&d=mm&r=g","url":"https:\/\/secure.gravatar.com\/avatar\/37d968a2e67a6fd04c169c4bdef102d0bc5d31b2546345219e348575eb80e9a0?s=96&d=mm&r=g","contentUrl":"https:\/\/secure.gravatar.com\/avatar\/37d968a2e67a6fd04c169c4bdef102d0bc5d31b2546345219e348575eb80e9a0?s=96&d=mm&r=g","caption":"redazione"},"sameAs":["http:\/\/www.bellunopress.it","https:\/\/x.com\/bellunopress"],"url":"https:\/\/www.bellunopress.it\/fr\/author\/redazione\/"}]}},"_links":{"self":[{"href":"https:\/\/www.bellunopress.it\/fr\/wp-json\/wp\/v2\/posts\/77047","targetHints":{"allow":["GET"]}}],"collection":[{"href":"https:\/\/www.bellunopress.it\/fr\/wp-json\/wp\/v2\/posts"}],"about":[{"href":"https:\/\/www.bellunopress.it\/fr\/wp-json\/wp\/v2\/types\/post"}],"author":[{"embeddable":true,"href":"https:\/\/www.bellunopress.it\/fr\/wp-json\/wp\/v2\/users\/2"}],"replies":[{"embeddable":true,"href":"https:\/\/www.bellunopress.it\/fr\/wp-json\/wp\/v2\/comments?post=77047"}],"version-history":[{"count":1,"href":"https:\/\/www.bellunopress.it\/fr\/wp-json\/wp\/v2\/posts\/77047\/revisions"}],"predecessor-version":[{"id":77049,"href":"https:\/\/www.bellunopress.it\/fr\/wp-json\/wp\/v2\/posts\/77047\/revisions\/77049"}],"wp:attachment":[{"href":"https:\/\/www.bellunopress.it\/fr\/wp-json\/wp\/v2\/media?parent=77047"}],"wp:term":[{"taxonomy":"category","embeddable":true,"href":"https:\/\/www.bellunopress.it\/fr\/wp-json\/wp\/v2\/categories?post=77047"},{"taxonomy":"post_tag","embeddable":true,"href":"https:\/\/www.bellunopress.it\/fr\/wp-json\/wp\/v2\/tags?post=77047"}],"curies":[{"name":"wp","href":"https:\/\/api.w.org\/{rel}","templated":true}]}}