{"id":7704,"date":"2009-09-03T19:35:52","date_gmt":"2009-09-03T18:35:52","guid":{"rendered":"http:\/\/www.bellunopress.it\/?p=7704"},"modified":"2009-09-03T19:35:52","modified_gmt":"2009-09-03T18:35:52","slug":"volontariato-cadorino-quasi-un-migliaio-di-persone-e-quasi-400-pasti-serviti-al-tendone-di-calalzo","status":"publish","type":"post","link":"https:\/\/www.bellunopress.it\/fr\/2009\/09\/03\/volontariato-cadorino-quasi-un-migliaio-di-persone-e-quasi-400-pasti-serviti-al-tendone-di-calalzo\/","title":{"rendered":"Volontariato cadorino: quasi un migliaio di persone e quasi 400 pasti serviti al tendone di Calalzo."},"content":{"rendered":"<p>Quasi un migliaio di persone hanno\u00a0 partecipato sabato scorso, 29 agosto, alla seconda edizione della Festa del volontariato Cadorino organizzata dall\u2019associazione per i diritti degli anziani \u201cAda Cadore\u201d di Calalzo, in collaborazione con il Consorzio Pro Loco Centro Cadore e il Gruppo Alpini A.N.A. di Calalzo. La festa, che aveva anche il patrocinio dell\u2019Amministrazione Comunale di Calalzo\u00a0 e del Centro di servizio per il Volontariato di Belluno, ha calamitato un pubblico numeroso di associazioni e cittadini presso il grande tendone allestito nella zona parcheggi della stazione ferroviaria.\u00a0 La festa \u00e8 cominciata nel pomeriggio di sabato con l\u2019esposizione degli automezzi in dotazione alle realt\u00e0 associative del Cadore, seguita dalla celebrazione, molto partecipata, della Messa nella chiesa parrocchiale di Calalzo. Ad animare la funzione religiosa, celebrata dall\u2019arcidiacono del Cadore monsignor Renzo Marinello, la corale Santa Cecilia di Sappada diretta da Benedetto Fiori. Quasi 400 i pasti consumati nello stand\u00a0 gastronomico al tendone, con una grande variet\u00e0 di pietanze: pastasciutta, carni allo spiedo e contorni. La festa si \u00e8 conclusa con il ballo e la musica di \u201cSante\u201d e la sua orchestra. Nel corso della serata sono state presentate al pubblico le associazioni di Volontariato del Cadore che hanno aderito alla manifestazione e sono stati sorteggiati i premi a favore di tre associazioni che verranno usufruiti per fini societari o di assistenza. A ricevere il premio la Caritas di Valle di Cadore-Gruppo parrocchiale Lilia Marinello, il Gruppo Vip, Volontari in pensione di Calalzo e l\u2019Ada Cadore.\u00a0 Pi\u00f9 che soddisfatto il presidente dell\u2019Ada Sergio Zorzetto, anima della festa. \u201cDevo per prima cosa ringraziare i molti volontari che con il loro lavoro hanno permesso la realizzazione della manifestazione. In particolare gli Alpini: se fossero della Marina \u2013 ha scherzato Zorzetto \u2013 li definirei inaffondabili\u201d. Zorzetto ha anche proposto una sottoscrizione per l\u2019acquisto di un sollevatore per carrozzelle da dedicare alle quattro vittime dell\u2019incidente occorso all\u2019elicottero del Suem di Pieve di Cadore. Alla festa del volontariato cadorino hanno partecipato anche il sindaco di Calalzo Luca De Carlo, il consigliere regionale Dario Bond, l\u2019assessore provinciale Matteo Toscani, l\u2019assessore del Comune di Pieve di Cadore Maria Giovanna Coletti e il presidente del Comitato d\u2019Intesa Giorgio Zampieri con il direttore del Csv di Belluno Nevio Meneguz.<\/p>","protected":false},"excerpt":{"rendered":"<p>Quasi un migliaio di persone hanno\u00a0 partecipato sabato scorso, 29 agosto, alla seconda edizione della Festa del volontariato Cadorino organizzata dall\u2019associazione per i diritti degli anziani \u201cAda Cadore\u201d di Calalzo, in collaborazione con il Consorzio Pro Loco Centro Cadore e il Gruppo Alpini A.N.A. di Calalzo. La festa, che aveva anche il patrocinio dell\u2019Amministrazione Comunale [&hellip;]<\/p>\n","protected":false},"author":2,"featured_media":0,"comment_status":"closed","ping_status":"open","sticky":false,"template":"","format":"standard","meta":{"footnotes":""},"categories":[1],"tags":[139,151],"class_list":["post-7704","post","type-post","status-publish","format-standard","category-leo","tag-belluno","tag-cadore"],"yoast_head":"<!-- This site is optimized with the Yoast SEO plugin v28.4 - https:\/\/yoast.com\/product\/yoast-seo-wordpress\/ -->\n<title>Volontariato cadorino: quasi un migliaio di persone e quasi 400 pasti serviti al tendone di Calalzo. - Bellunopress - Dolomiti<\/title>\n<meta name=\"robots\" content=\"index, follow, max-snippet:-1, max-image-preview:large, max-video-preview:-1\" \/>\n<link rel=\"canonical\" href=\"https:\/\/www.bellunopress.it\/fr\/2009\/09\/03\/volontariato-cadorino-quasi-un-migliaio-di-persone-e-quasi-400-pasti-serviti-al-tendone-di-calalzo\/\" \/>\n<meta property=\"og:locale\" content=\"fr_FR\" \/>\n<meta property=\"og:type\" content=\"article\" \/>\n<meta property=\"og:title\" content=\"Volontariato cadorino: quasi un migliaio di persone e quasi 400 pasti serviti al tendone di Calalzo. - Bellunopress - Dolomiti\" \/>\n<meta property=\"og:description\" content=\"Quasi un migliaio di persone hanno\u00a0 partecipato sabato scorso, 29 agosto, alla seconda edizione della Festa del volontariato Cadorino organizzata dall\u2019associazione per i diritti degli anziani \u201cAda Cadore\u201d di Calalzo, in collaborazione con il Consorzio Pro Loco Centro Cadore e il Gruppo Alpini A.N.A. di Calalzo. La festa, che aveva anche il patrocinio dell\u2019Amministrazione Comunale [&hellip;]\" \/>\n<meta property=\"og:url\" content=\"https:\/\/www.bellunopress.it\/fr\/2009\/09\/03\/volontariato-cadorino-quasi-un-migliaio-di-persone-e-quasi-400-pasti-serviti-al-tendone-di-calalzo\/\" \/>\n<meta property=\"og:site_name\" content=\"Bellunopress - Dolomiti\" \/>\n<meta property=\"article:publisher\" content=\"https:\/\/www.facebook.com\/profile.php?id=100008943462799\" \/>\n<meta property=\"article:published_time\" content=\"2009-09-03T18:35:52+00:00\" \/>\n<meta property=\"og:image\" content=\"http:\/\/www.bellunopress.it\/wp-content\/uploads\/2012\/07\/logo-bellunopress-250x250-2012.jpg\" \/>\n<meta name=\"author\" content=\"redazione\" \/>\n<meta name=\"twitter:card\" content=\"summary_large_image\" \/>\n<meta name=\"twitter:creator\" content=\"@bellunopress\" \/>\n<meta name=\"twitter:site\" content=\"@bellunopress\" \/>\n<meta name=\"twitter:label1\" content=\"\u00c9crit par\" \/>\n\t<meta name=\"twitter:data1\" content=\"redazione\" \/>\n\t<meta name=\"twitter:label2\" content=\"Dur\u00e9e de lecture estim\u00e9e\" \/>\n\t<meta name=\"twitter:data2\" content=\"2 minutes\" \/>\n<script type=\"application\/ld+json\" class=\"yoast-schema-graph\">{\"@context\":\"https:\\\/\\\/schema.org\",\"@graph\":[{\"@type\":\"Article\",\"@id\":\"https:\\\/\\\/www.bellunopress.it\\\/2009\\\/09\\\/03\\\/volontariato-cadorino-quasi-un-migliaio-di-persone-e-quasi-400-pasti-serviti-al-tendone-di-calalzo\\\/#article\",\"isPartOf\":{\"@id\":\"https:\\\/\\\/www.bellunopress.it\\\/2009\\\/09\\\/03\\\/volontariato-cadorino-quasi-un-migliaio-di-persone-e-quasi-400-pasti-serviti-al-tendone-di-calalzo\\\/\"},\"author\":{\"name\":\"redazione\",\"@id\":\"https:\\\/\\\/www.bellunopress.it\\\/#\\\/schema\\\/person\\\/79bb06722b37ece1c03d3e94beb30d73\"},\"headline\":\"Volontariato cadorino: quasi un migliaio di persone e quasi 400 pasti serviti al tendone di Calalzo.\",\"datePublished\":\"2009-09-03T18:35:52+00:00\",\"mainEntityOfPage\":{\"@id\":\"https:\\\/\\\/www.bellunopress.it\\\/2009\\\/09\\\/03\\\/volontariato-cadorino-quasi-un-migliaio-di-persone-e-quasi-400-pasti-serviti-al-tendone-di-calalzo\\\/\"},\"wordCount\":390,\"publisher\":{\"@id\":\"https:\\\/\\\/www.bellunopress.it\\\/#organization\"},\"keywords\":[\"Belluno\",\"Cadore\"],\"articleSection\":[\"Lettere Opinioni\"],\"inLanguage\":\"fr-FR\"},{\"@type\":\"WebPage\",\"@id\":\"https:\\\/\\\/www.bellunopress.it\\\/2009\\\/09\\\/03\\\/volontariato-cadorino-quasi-un-migliaio-di-persone-e-quasi-400-pasti-serviti-al-tendone-di-calalzo\\\/\",\"url\":\"https:\\\/\\\/www.bellunopress.it\\\/2009\\\/09\\\/03\\\/volontariato-cadorino-quasi-un-migliaio-di-persone-e-quasi-400-pasti-serviti-al-tendone-di-calalzo\\\/\",\"name\":\"Volontariato cadorino: quasi un migliaio di persone e quasi 400 pasti serviti al tendone di Calalzo. - Bellunopress - Dolomiti\",\"isPartOf\":{\"@id\":\"https:\\\/\\\/www.bellunopress.it\\\/#website\"},\"datePublished\":\"2009-09-03T18:35:52+00:00\",\"breadcrumb\":{\"@id\":\"https:\\\/\\\/www.bellunopress.it\\\/2009\\\/09\\\/03\\\/volontariato-cadorino-quasi-un-migliaio-di-persone-e-quasi-400-pasti-serviti-al-tendone-di-calalzo\\\/#breadcrumb\"},\"inLanguage\":\"fr-FR\",\"potentialAction\":[{\"@type\":\"ReadAction\",\"target\":[\"https:\\\/\\\/www.bellunopress.it\\\/2009\\\/09\\\/03\\\/volontariato-cadorino-quasi-un-migliaio-di-persone-e-quasi-400-pasti-serviti-al-tendone-di-calalzo\\\/\"]}]},{\"@type\":\"BreadcrumbList\",\"@id\":\"https:\\\/\\\/www.bellunopress.it\\\/2009\\\/09\\\/03\\\/volontariato-cadorino-quasi-un-migliaio-di-persone-e-quasi-400-pasti-serviti-al-tendone-di-calalzo\\\/#breadcrumb\",\"itemListElement\":[{\"@type\":\"ListItem\",\"position\":1,\"name\":\"Home\",\"item\":\"https:\\\/\\\/www.bellunopress.it\\\/\"},{\"@type\":\"ListItem\",\"position\":2,\"name\":\"Volontariato cadorino: quasi un migliaio di persone e quasi 400 pasti serviti al tendone di Calalzo.\"}]},{\"@type\":\"WebSite\",\"@id\":\"https:\\\/\\\/www.bellunopress.it\\\/#website\",\"url\":\"https:\\\/\\\/www.bellunopress.it\\\/\",\"name\":\"Bellunopress - Dolomiti\",\"description\":\"e-mail: redazione@bellunopress.it\",\"publisher\":{\"@id\":\"https:\\\/\\\/www.bellunopress.it\\\/#organization\"},\"potentialAction\":[{\"@type\":\"SearchAction\",\"target\":{\"@type\":\"EntryPoint\",\"urlTemplate\":\"https:\\\/\\\/www.bellunopress.it\\\/?s={search_term_string}\"},\"query-input\":{\"@type\":\"PropertyValueSpecification\",\"valueRequired\":true,\"valueName\":\"search_term_string\"}}],\"inLanguage\":\"fr-FR\"},{\"@type\":\"Organization\",\"@id\":\"https:\\\/\\\/www.bellunopress.it\\\/#organization\",\"name\":\"Bellunopress\",\"url\":\"https:\\\/\\\/www.bellunopress.it\\\/\",\"logo\":{\"@type\":\"ImageObject\",\"inLanguage\":\"fr-FR\",\"@id\":\"https:\\\/\\\/www.bellunopress.it\\\/#\\\/schema\\\/logo\\\/image\\\/\",\"url\":\"https:\\\/\\\/www.bellunopress.it\\\/wp-content\\\/uploads\\\/2011\\\/05\\\/cropped-logo-bellunopress-.jpg\",\"contentUrl\":\"https:\\\/\\\/www.bellunopress.it\\\/wp-content\\\/uploads\\\/2011\\\/05\\\/cropped-logo-bellunopress-.jpg\",\"width\":512,\"height\":512,\"caption\":\"Bellunopress\"},\"image\":{\"@id\":\"https:\\\/\\\/www.bellunopress.it\\\/#\\\/schema\\\/logo\\\/image\\\/\"},\"sameAs\":[\"https:\\\/\\\/www.facebook.com\\\/profile.php?id=100008943462799\",\"https:\\\/\\\/x.com\\\/bellunopress\",\"https:\\\/\\\/www.linkedin.com\\\/hp\\\/?dnr=JBzUWaJfMUw8vbXJJ2tVW5-I3jZKvC4wsoxE&amp;amp;amp;amp;amp;amp;trk=nav_responsive_tab_home\",\"https:\\\/\\\/www.youtube.com\\\/channel\\\/UCxL0wu1uN0_3_7hGG0306cw\"]},{\"@type\":\"Person\",\"@id\":\"https:\\\/\\\/www.bellunopress.it\\\/#\\\/schema\\\/person\\\/79bb06722b37ece1c03d3e94beb30d73\",\"name\":\"redazione\",\"image\":{\"@type\":\"ImageObject\",\"inLanguage\":\"fr-FR\",\"@id\":\"https:\\\/\\\/secure.gravatar.com\\\/avatar\\\/37d968a2e67a6fd04c169c4bdef102d0bc5d31b2546345219e348575eb80e9a0?s=96&d=mm&r=g\",\"url\":\"https:\\\/\\\/secure.gravatar.com\\\/avatar\\\/37d968a2e67a6fd04c169c4bdef102d0bc5d31b2546345219e348575eb80e9a0?s=96&d=mm&r=g\",\"contentUrl\":\"https:\\\/\\\/secure.gravatar.com\\\/avatar\\\/37d968a2e67a6fd04c169c4bdef102d0bc5d31b2546345219e348575eb80e9a0?s=96&d=mm&r=g\",\"caption\":\"redazione\"},\"sameAs\":[\"http:\\\/\\\/www.bellunopress.it\",\"https:\\\/\\\/x.com\\\/bellunopress\"],\"url\":\"https:\\\/\\\/www.bellunopress.it\\\/fr\\\/author\\\/redazione\\\/\"}]}<\/script>\n<!-- \/ Yoast SEO plugin. -->","yoast_head_json":{"title":"Volontariato cadorino: quasi un migliaio di persone e quasi 400 pasti serviti al tendone di Calalzo. - Bellunopress - Dolomiti","robots":{"index":"index","follow":"follow","max-snippet":"max-snippet:-1","max-image-preview":"max-image-preview:large","max-video-preview":"max-video-preview:-1"},"canonical":"https:\/\/www.bellunopress.it\/fr\/2009\/09\/03\/volontariato-cadorino-quasi-un-migliaio-di-persone-e-quasi-400-pasti-serviti-al-tendone-di-calalzo\/","og_locale":"fr_FR","og_type":"article","og_title":"Volontariato cadorino: quasi un migliaio di persone e quasi 400 pasti serviti al tendone di Calalzo. - Bellunopress - Dolomiti","og_description":"Quasi un migliaio di persone hanno\u00a0 partecipato sabato scorso, 29 agosto, alla seconda edizione della Festa del volontariato Cadorino organizzata dall\u2019associazione per i diritti degli anziani \u201cAda Cadore\u201d di Calalzo, in collaborazione con il Consorzio Pro Loco Centro Cadore e il Gruppo Alpini A.N.A. di Calalzo. La festa, che aveva anche il patrocinio dell\u2019Amministrazione Comunale [&hellip;]","og_url":"https:\/\/www.bellunopress.it\/fr\/2009\/09\/03\/volontariato-cadorino-quasi-un-migliaio-di-persone-e-quasi-400-pasti-serviti-al-tendone-di-calalzo\/","og_site_name":"Bellunopress - Dolomiti","article_publisher":"https:\/\/www.facebook.com\/profile.php?id=100008943462799","article_published_time":"2009-09-03T18:35:52+00:00","og_image":[{"url":"http:\/\/www.bellunopress.it\/wp-content\/uploads\/2012\/07\/logo-bellunopress-250x250-2012.jpg","type":"","width":"","height":""}],"author":"redazione","twitter_card":"summary_large_image","twitter_creator":"@bellunopress","twitter_site":"@bellunopress","twitter_misc":{"\u00c9crit par":"redazione","Dur\u00e9e de lecture estim\u00e9e":"2 minutes"},"schema":{"@context":"https:\/\/schema.org","@graph":[{"@type":"Article","@id":"https:\/\/www.bellunopress.it\/2009\/09\/03\/volontariato-cadorino-quasi-un-migliaio-di-persone-e-quasi-400-pasti-serviti-al-tendone-di-calalzo\/#article","isPartOf":{"@id":"https:\/\/www.bellunopress.it\/2009\/09\/03\/volontariato-cadorino-quasi-un-migliaio-di-persone-e-quasi-400-pasti-serviti-al-tendone-di-calalzo\/"},"author":{"name":"redazione","@id":"https:\/\/www.bellunopress.it\/#\/schema\/person\/79bb06722b37ece1c03d3e94beb30d73"},"headline":"Volontariato cadorino: quasi un migliaio di persone e quasi 400 pasti serviti al tendone di Calalzo.","datePublished":"2009-09-03T18:35:52+00:00","mainEntityOfPage":{"@id":"https:\/\/www.bellunopress.it\/2009\/09\/03\/volontariato-cadorino-quasi-un-migliaio-di-persone-e-quasi-400-pasti-serviti-al-tendone-di-calalzo\/"},"wordCount":390,"publisher":{"@id":"https:\/\/www.bellunopress.it\/#organization"},"keywords":["Belluno","Cadore"],"articleSection":["Lettere Opinioni"],"inLanguage":"fr-FR"},{"@type":"WebPage","@id":"https:\/\/www.bellunopress.it\/2009\/09\/03\/volontariato-cadorino-quasi-un-migliaio-di-persone-e-quasi-400-pasti-serviti-al-tendone-di-calalzo\/","url":"https:\/\/www.bellunopress.it\/2009\/09\/03\/volontariato-cadorino-quasi-un-migliaio-di-persone-e-quasi-400-pasti-serviti-al-tendone-di-calalzo\/","name":"Volontariato cadorino: quasi un migliaio di persone e quasi 400 pasti serviti al tendone di Calalzo. - Bellunopress - Dolomiti","isPartOf":{"@id":"https:\/\/www.bellunopress.it\/#website"},"datePublished":"2009-09-03T18:35:52+00:00","breadcrumb":{"@id":"https:\/\/www.bellunopress.it\/2009\/09\/03\/volontariato-cadorino-quasi-un-migliaio-di-persone-e-quasi-400-pasti-serviti-al-tendone-di-calalzo\/#breadcrumb"},"inLanguage":"fr-FR","potentialAction":[{"@type":"ReadAction","target":["https:\/\/www.bellunopress.it\/2009\/09\/03\/volontariato-cadorino-quasi-un-migliaio-di-persone-e-quasi-400-pasti-serviti-al-tendone-di-calalzo\/"]}]},{"@type":"BreadcrumbList","@id":"https:\/\/www.bellunopress.it\/2009\/09\/03\/volontariato-cadorino-quasi-un-migliaio-di-persone-e-quasi-400-pasti-serviti-al-tendone-di-calalzo\/#breadcrumb","itemListElement":[{"@type":"ListItem","position":1,"name":"Home","item":"https:\/\/www.bellunopress.it\/"},{"@type":"ListItem","position":2,"name":"Volontariato cadorino: quasi un migliaio di persone e quasi 400 pasti serviti al tendone di Calalzo."}]},{"@type":"WebSite","@id":"https:\/\/www.bellunopress.it\/#website","url":"https:\/\/www.bellunopress.it\/","name":"Bellunopress - Dolomiti","description":"e-mail: redazione@bellunopress.it","publisher":{"@id":"https:\/\/www.bellunopress.it\/#organization"},"potentialAction":[{"@type":"SearchAction","target":{"@type":"EntryPoint","urlTemplate":"https:\/\/www.bellunopress.it\/?s={search_term_string}"},"query-input":{"@type":"PropertyValueSpecification","valueRequired":true,"valueName":"search_term_string"}}],"inLanguage":"fr-FR"},{"@type":"Organization","@id":"https:\/\/www.bellunopress.it\/#organization","name":"Bellunopress","url":"https:\/\/www.bellunopress.it\/","logo":{"@type":"ImageObject","inLanguage":"fr-FR","@id":"https:\/\/www.bellunopress.it\/#\/schema\/logo\/image\/","url":"https:\/\/www.bellunopress.it\/wp-content\/uploads\/2011\/05\/cropped-logo-bellunopress-.jpg","contentUrl":"https:\/\/www.bellunopress.it\/wp-content\/uploads\/2011\/05\/cropped-logo-bellunopress-.jpg","width":512,"height":512,"caption":"Bellunopress"},"image":{"@id":"https:\/\/www.bellunopress.it\/#\/schema\/logo\/image\/"},"sameAs":["https:\/\/www.facebook.com\/profile.php?id=100008943462799","https:\/\/x.com\/bellunopress","https:\/\/www.linkedin.com\/hp\/?dnr=JBzUWaJfMUw8vbXJJ2tVW5-I3jZKvC4wsoxE&amp;amp;amp;amp;amp;amp;trk=nav_responsive_tab_home","https:\/\/www.youtube.com\/channel\/UCxL0wu1uN0_3_7hGG0306cw"]},{"@type":"Person","@id":"https:\/\/www.bellunopress.it\/#\/schema\/person\/79bb06722b37ece1c03d3e94beb30d73","name":"r\u00e9daction","image":{"@type":"ImageObject","inLanguage":"fr-FR","@id":"https:\/\/secure.gravatar.com\/avatar\/37d968a2e67a6fd04c169c4bdef102d0bc5d31b2546345219e348575eb80e9a0?s=96&d=mm&r=g","url":"https:\/\/secure.gravatar.com\/avatar\/37d968a2e67a6fd04c169c4bdef102d0bc5d31b2546345219e348575eb80e9a0?s=96&d=mm&r=g","contentUrl":"https:\/\/secure.gravatar.com\/avatar\/37d968a2e67a6fd04c169c4bdef102d0bc5d31b2546345219e348575eb80e9a0?s=96&d=mm&r=g","caption":"redazione"},"sameAs":["http:\/\/www.bellunopress.it","https:\/\/x.com\/bellunopress"],"url":"https:\/\/www.bellunopress.it\/fr\/author\/redazione\/"}]}},"_links":{"self":[{"href":"https:\/\/www.bellunopress.it\/fr\/wp-json\/wp\/v2\/posts\/7704","targetHints":{"allow":["GET"]}}],"collection":[{"href":"https:\/\/www.bellunopress.it\/fr\/wp-json\/wp\/v2\/posts"}],"about":[{"href":"https:\/\/www.bellunopress.it\/fr\/wp-json\/wp\/v2\/types\/post"}],"author":[{"embeddable":true,"href":"https:\/\/www.bellunopress.it\/fr\/wp-json\/wp\/v2\/users\/2"}],"replies":[{"embeddable":true,"href":"https:\/\/www.bellunopress.it\/fr\/wp-json\/wp\/v2\/comments?post=7704"}],"version-history":[{"count":1,"href":"https:\/\/www.bellunopress.it\/fr\/wp-json\/wp\/v2\/posts\/7704\/revisions"}],"predecessor-version":[{"id":7705,"href":"https:\/\/www.bellunopress.it\/fr\/wp-json\/wp\/v2\/posts\/7704\/revisions\/7705"}],"wp:attachment":[{"href":"https:\/\/www.bellunopress.it\/fr\/wp-json\/wp\/v2\/media?parent=7704"}],"wp:term":[{"taxonomy":"category","embeddable":true,"href":"https:\/\/www.bellunopress.it\/fr\/wp-json\/wp\/v2\/categories?post=7704"},{"taxonomy":"post_tag","embeddable":true,"href":"https:\/\/www.bellunopress.it\/fr\/wp-json\/wp\/v2\/tags?post=7704"}],"curies":[{"name":"wp","href":"https:\/\/api.w.org\/{rel}","templated":true}]}}