{"id":7700,"date":"2009-09-03T19:32:41","date_gmt":"2009-09-03T18:32:41","guid":{"rendered":"http:\/\/www.bellunopress.it\/?p=7700"},"modified":"2009-09-03T19:32:41","modified_gmt":"2009-09-03T18:32:41","slug":"sei-nuove-leve-nel-progetto-di-servizio-civile-del-comitato-dintesa","status":"publish","type":"post","link":"https:\/\/www.bellunopress.it\/fr\/2009\/09\/03\/sei-nuove-leve-nel-progetto-di-servizio-civile-del-comitato-dintesa\/","title":{"rendered":"Sei nuove leve nel progetto di servizio civile del Comitato d&#8217;Intesa"},"content":{"rendered":"<p><a href=\"http:\/\/www.bellunopress.it\/wp-content\/uploads\/2009\/09\/volontari-comitato-dintesa.jpg\"><img loading=\"lazy\" decoding=\"async\" class=\"alignleft size-medium wp-image-7701\" title=\"volontari-comitato-dintesa\" src=\"http:\/\/www.bellunopress.it\/wp-content\/uploads\/2009\/09\/volontari-comitato-dintesa-300x225.jpg\" alt=\"\" width=\"300\" height=\"225\" \/><\/a>E\u2019partito lo scorso primo settembre il progetto di servizio civile regionale del Comitato d\u2019Intesa \u201cPromotori di solidariet\u00e0 nella provincia di Belluno\u201d. Sei i giovani volontari che hanno iniziato la loro esperienza presso la Casa del volontariato di Belluno e le sedi operative dei distinti progetti a Belluno, in Alpago, Valbelluna e Feltre. Il progetto si sviluppa in due ambiti e tre azioni. Nell\u2019ambito dell\u2019assistenza e servizio sociale una prima azione si concretizza nella Conca dell\u2019Alpago e si intitola \u201cAlpago: Anziani giovani, giovani e anziani -AGGA\u201d. Partner dell\u2019iniziativa sono l\u2019Associazione Gruppo volontari Ceno Barattin, i cinque Comuni dell\u2019Alpago, la Comunit\u00e0 Montana, la Consulta giovani dell\u2019Alpago e il Gruppo Alpini di Chies d\u2019Alpago. L\u2019obiettivo \u00e8 di rafforzare il concetto di domiciliariet\u00e0, considerando l\u2019alta percentuale di persone anziane che vivono nel territorio dell\u2019Alpago. Nell\u2019ambito della promozione e organizzazione di attivit\u00e0 educative e culturali, ci sono due azioni. Una \u00e8 stata chiamata \u201cInquadrati &#8211; dare visibilit\u00e0 alla solidariet\u00e0\u201d, e riguarda l\u2019area dell\u2019intera provincia di Belluno. Lo scopo \u00e8 di rendere visibile l\u2019impegno delle associazioni e di altre forme di aggregazione a favore della propria comunit\u00e0, dando voce al volontariato e alla solidariet\u00e0. L\u2019ultima azione, denominata \u201cAttivatori di economia solidale, educazione multiculturale\u201d, \u00e8 distribuita soprattutto in Valbelluna presso i centri della Onlus Samarcanda. Lo scopo \u00e8 di favorire il consolidamento dei rapporti tra le diverse associazioni, lo scambio di esperienze e la costruzione di progettualit\u00e0 comuni, favorendo tra i giovani lo sviluppo di un approccio critico e positivo alle tematiche dell\u2019economia solidale, consumo critico, sviluppo sostenibile, pace, diritti umani. Partner sono l\u2019Ufficio scolastico provinciale di Belluno, Samarcanda, Insieme si pu\u00f2, Comitato Pollicino. I sei giovani selezionati per portare avanti le tre azioni\u00a0 sono: Riccardo Chiesura e Jessica Barat per il progetto \u201cAlpago: Agga\u201d, Giorgio Dell\u2019Osta Uzzel e Cristiana Isabel Bratti per il progetto \u201cInquadrati\u201d, e Silvia Don\u00e0 e Paola Da Ros per il progetto \u201cAttivatori\u201d. I civilini resteranno in servizio per un anno presso le sedi del progetto, dopo una fase iniziale di formazione generale alla Casa del volontariato di Belluno, in via del Piave , seguita da una formazione specifica che consenta ai giovani volontari di attuare la propria collaborazione nei rispettivi ambiti di lavoro.<\/p>","protected":false},"excerpt":{"rendered":"<p>E\u2019partito lo scorso primo settembre il progetto di servizio civile regionale del Comitato d\u2019Intesa \u201cPromotori di solidariet\u00e0 nella provincia di Belluno\u201d. Sei i giovani volontari che hanno iniziato la loro esperienza presso la Casa del volontariato di Belluno e le sedi operative dei distinti progetti a Belluno, in Alpago, Valbelluna e Feltre. Il progetto si [&hellip;]<\/p>\n","protected":false},"author":2,"featured_media":0,"comment_status":"closed","ping_status":"open","sticky":false,"template":"","format":"standard","meta":{"footnotes":""},"categories":[5,26],"tags":[139,302],"class_list":["post-7700","post","type-post","status-publish","format-standard","category-cronaca","category-prima-pagina","tag-belluno","tag-feltre"],"yoast_head":"<!-- This site is optimized with the Yoast SEO plugin v28.4 - https:\/\/yoast.com\/product\/yoast-seo-wordpress\/ -->\n<title>Sei nuove leve nel progetto di servizio civile del Comitato d&#039;Intesa  - Bellunopress - Dolomiti<\/title>\n<meta name=\"robots\" content=\"index, follow, max-snippet:-1, max-image-preview:large, max-video-preview:-1\" \/>\n<link rel=\"canonical\" href=\"https:\/\/www.bellunopress.it\/fr\/2009\/09\/03\/sei-nuove-leve-nel-progetto-di-servizio-civile-del-comitato-dintesa\/\" \/>\n<meta property=\"og:locale\" content=\"fr_FR\" \/>\n<meta property=\"og:type\" content=\"article\" \/>\n<meta property=\"og:title\" content=\"Sei nuove leve nel progetto di servizio civile del Comitato d&#039;Intesa  - Bellunopress - Dolomiti\" \/>\n<meta property=\"og:description\" content=\"E\u2019partito lo scorso primo settembre il progetto di servizio civile regionale del Comitato d\u2019Intesa \u201cPromotori di solidariet\u00e0 nella provincia di Belluno\u201d. Sei i giovani volontari che hanno iniziato la loro esperienza presso la Casa del volontariato di Belluno e le sedi operative dei distinti progetti a Belluno, in Alpago, Valbelluna e Feltre. Il progetto si [&hellip;]\" \/>\n<meta property=\"og:url\" content=\"https:\/\/www.bellunopress.it\/fr\/2009\/09\/03\/sei-nuove-leve-nel-progetto-di-servizio-civile-del-comitato-dintesa\/\" \/>\n<meta property=\"og:site_name\" content=\"Bellunopress - Dolomiti\" \/>\n<meta property=\"article:publisher\" content=\"https:\/\/www.facebook.com\/profile.php?id=100008943462799\" \/>\n<meta property=\"article:published_time\" content=\"2009-09-03T18:32:41+00:00\" \/>\n<meta property=\"og:image\" content=\"http:\/\/www.bellunopress.it\/wp-content\/uploads\/2009\/09\/volontari-comitato-dintesa-300x225.jpg\" \/>\n<meta name=\"author\" content=\"redazione\" \/>\n<meta name=\"twitter:card\" content=\"summary_large_image\" \/>\n<meta name=\"twitter:creator\" content=\"@bellunopress\" \/>\n<meta name=\"twitter:site\" content=\"@bellunopress\" \/>\n<meta name=\"twitter:label1\" content=\"\u00c9crit par\" \/>\n\t<meta name=\"twitter:data1\" content=\"redazione\" \/>\n\t<meta name=\"twitter:label2\" content=\"Dur\u00e9e de lecture estim\u00e9e\" \/>\n\t<meta name=\"twitter:data2\" content=\"2 minutes\" \/>\n<script type=\"application\/ld+json\" class=\"yoast-schema-graph\">{\"@context\":\"https:\\\/\\\/schema.org\",\"@graph\":[{\"@type\":\"Article\",\"@id\":\"https:\\\/\\\/www.bellunopress.it\\\/2009\\\/09\\\/03\\\/sei-nuove-leve-nel-progetto-di-servizio-civile-del-comitato-dintesa\\\/#article\",\"isPartOf\":{\"@id\":\"https:\\\/\\\/www.bellunopress.it\\\/2009\\\/09\\\/03\\\/sei-nuove-leve-nel-progetto-di-servizio-civile-del-comitato-dintesa\\\/\"},\"author\":{\"name\":\"redazione\",\"@id\":\"https:\\\/\\\/www.bellunopress.it\\\/#\\\/schema\\\/person\\\/79bb06722b37ece1c03d3e94beb30d73\"},\"headline\":\"Sei nuove leve nel progetto di servizio civile del Comitato d&#8217;Intesa\",\"datePublished\":\"2009-09-03T18:32:41+00:00\",\"mainEntityOfPage\":{\"@id\":\"https:\\\/\\\/www.bellunopress.it\\\/2009\\\/09\\\/03\\\/sei-nuove-leve-nel-progetto-di-servizio-civile-del-comitato-dintesa\\\/\"},\"wordCount\":388,\"publisher\":{\"@id\":\"https:\\\/\\\/www.bellunopress.it\\\/#organization\"},\"image\":{\"@id\":\"https:\\\/\\\/www.bellunopress.it\\\/2009\\\/09\\\/03\\\/sei-nuove-leve-nel-progetto-di-servizio-civile-del-comitato-dintesa\\\/#primaryimage\"},\"thumbnailUrl\":\"http:\\\/\\\/www.bellunopress.it\\\/wp-content\\\/uploads\\\/2009\\\/09\\\/volontari-comitato-dintesa-300x225.jpg\",\"keywords\":[\"Belluno\",\"Feltre\"],\"articleSection\":[\"Cronaca\\\/Politica\",\"Prima Pagina\"],\"inLanguage\":\"fr-FR\"},{\"@type\":\"WebPage\",\"@id\":\"https:\\\/\\\/www.bellunopress.it\\\/2009\\\/09\\\/03\\\/sei-nuove-leve-nel-progetto-di-servizio-civile-del-comitato-dintesa\\\/\",\"url\":\"https:\\\/\\\/www.bellunopress.it\\\/2009\\\/09\\\/03\\\/sei-nuove-leve-nel-progetto-di-servizio-civile-del-comitato-dintesa\\\/\",\"name\":\"Sei nuove leve nel progetto di servizio civile del Comitato d'Intesa - Bellunopress - Dolomiti\",\"isPartOf\":{\"@id\":\"https:\\\/\\\/www.bellunopress.it\\\/#website\"},\"primaryImageOfPage\":{\"@id\":\"https:\\\/\\\/www.bellunopress.it\\\/2009\\\/09\\\/03\\\/sei-nuove-leve-nel-progetto-di-servizio-civile-del-comitato-dintesa\\\/#primaryimage\"},\"image\":{\"@id\":\"https:\\\/\\\/www.bellunopress.it\\\/2009\\\/09\\\/03\\\/sei-nuove-leve-nel-progetto-di-servizio-civile-del-comitato-dintesa\\\/#primaryimage\"},\"thumbnailUrl\":\"http:\\\/\\\/www.bellunopress.it\\\/wp-content\\\/uploads\\\/2009\\\/09\\\/volontari-comitato-dintesa-300x225.jpg\",\"datePublished\":\"2009-09-03T18:32:41+00:00\",\"breadcrumb\":{\"@id\":\"https:\\\/\\\/www.bellunopress.it\\\/2009\\\/09\\\/03\\\/sei-nuove-leve-nel-progetto-di-servizio-civile-del-comitato-dintesa\\\/#breadcrumb\"},\"inLanguage\":\"fr-FR\",\"potentialAction\":[{\"@type\":\"ReadAction\",\"target\":[\"https:\\\/\\\/www.bellunopress.it\\\/2009\\\/09\\\/03\\\/sei-nuove-leve-nel-progetto-di-servizio-civile-del-comitato-dintesa\\\/\"]}]},{\"@type\":\"ImageObject\",\"inLanguage\":\"fr-FR\",\"@id\":\"https:\\\/\\\/www.bellunopress.it\\\/2009\\\/09\\\/03\\\/sei-nuove-leve-nel-progetto-di-servizio-civile-del-comitato-dintesa\\\/#primaryimage\",\"url\":\"http:\\\/\\\/www.bellunopress.it\\\/wp-content\\\/uploads\\\/2009\\\/09\\\/volontari-comitato-dintesa-300x225.jpg\",\"contentUrl\":\"http:\\\/\\\/www.bellunopress.it\\\/wp-content\\\/uploads\\\/2009\\\/09\\\/volontari-comitato-dintesa-300x225.jpg\"},{\"@type\":\"BreadcrumbList\",\"@id\":\"https:\\\/\\\/www.bellunopress.it\\\/2009\\\/09\\\/03\\\/sei-nuove-leve-nel-progetto-di-servizio-civile-del-comitato-dintesa\\\/#breadcrumb\",\"itemListElement\":[{\"@type\":\"ListItem\",\"position\":1,\"name\":\"Home\",\"item\":\"https:\\\/\\\/www.bellunopress.it\\\/\"},{\"@type\":\"ListItem\",\"position\":2,\"name\":\"Sei nuove leve nel progetto di servizio civile del Comitato d&#8217;Intesa\"}]},{\"@type\":\"WebSite\",\"@id\":\"https:\\\/\\\/www.bellunopress.it\\\/#website\",\"url\":\"https:\\\/\\\/www.bellunopress.it\\\/\",\"name\":\"Bellunopress - Dolomiti\",\"description\":\"e-mail: redazione@bellunopress.it\",\"publisher\":{\"@id\":\"https:\\\/\\\/www.bellunopress.it\\\/#organization\"},\"potentialAction\":[{\"@type\":\"SearchAction\",\"target\":{\"@type\":\"EntryPoint\",\"urlTemplate\":\"https:\\\/\\\/www.bellunopress.it\\\/?s={search_term_string}\"},\"query-input\":{\"@type\":\"PropertyValueSpecification\",\"valueRequired\":true,\"valueName\":\"search_term_string\"}}],\"inLanguage\":\"fr-FR\"},{\"@type\":\"Organization\",\"@id\":\"https:\\\/\\\/www.bellunopress.it\\\/#organization\",\"name\":\"Bellunopress\",\"url\":\"https:\\\/\\\/www.bellunopress.it\\\/\",\"logo\":{\"@type\":\"ImageObject\",\"inLanguage\":\"fr-FR\",\"@id\":\"https:\\\/\\\/www.bellunopress.it\\\/#\\\/schema\\\/logo\\\/image\\\/\",\"url\":\"https:\\\/\\\/www.bellunopress.it\\\/wp-content\\\/uploads\\\/2011\\\/05\\\/cropped-logo-bellunopress-.jpg\",\"contentUrl\":\"https:\\\/\\\/www.bellunopress.it\\\/wp-content\\\/uploads\\\/2011\\\/05\\\/cropped-logo-bellunopress-.jpg\",\"width\":512,\"height\":512,\"caption\":\"Bellunopress\"},\"image\":{\"@id\":\"https:\\\/\\\/www.bellunopress.it\\\/#\\\/schema\\\/logo\\\/image\\\/\"},\"sameAs\":[\"https:\\\/\\\/www.facebook.com\\\/profile.php?id=100008943462799\",\"https:\\\/\\\/x.com\\\/bellunopress\",\"https:\\\/\\\/www.linkedin.com\\\/hp\\\/?dnr=JBzUWaJfMUw8vbXJJ2tVW5-I3jZKvC4wsoxE&amp;amp;amp;amp;amp;amp;trk=nav_responsive_tab_home\",\"https:\\\/\\\/www.youtube.com\\\/channel\\\/UCxL0wu1uN0_3_7hGG0306cw\"]},{\"@type\":\"Person\",\"@id\":\"https:\\\/\\\/www.bellunopress.it\\\/#\\\/schema\\\/person\\\/79bb06722b37ece1c03d3e94beb30d73\",\"name\":\"redazione\",\"image\":{\"@type\":\"ImageObject\",\"inLanguage\":\"fr-FR\",\"@id\":\"https:\\\/\\\/secure.gravatar.com\\\/avatar\\\/37d968a2e67a6fd04c169c4bdef102d0bc5d31b2546345219e348575eb80e9a0?s=96&d=mm&r=g\",\"url\":\"https:\\\/\\\/secure.gravatar.com\\\/avatar\\\/37d968a2e67a6fd04c169c4bdef102d0bc5d31b2546345219e348575eb80e9a0?s=96&d=mm&r=g\",\"contentUrl\":\"https:\\\/\\\/secure.gravatar.com\\\/avatar\\\/37d968a2e67a6fd04c169c4bdef102d0bc5d31b2546345219e348575eb80e9a0?s=96&d=mm&r=g\",\"caption\":\"redazione\"},\"sameAs\":[\"http:\\\/\\\/www.bellunopress.it\",\"https:\\\/\\\/x.com\\\/bellunopress\"],\"url\":\"https:\\\/\\\/www.bellunopress.it\\\/fr\\\/author\\\/redazione\\\/\"}]}<\/script>\n<!-- \/ Yoast SEO plugin. -->","yoast_head_json":{"title":"Sei nuove leve nel progetto di servizio civile del Comitato d'Intesa  - Bellunopress - Dolomiti","robots":{"index":"index","follow":"follow","max-snippet":"max-snippet:-1","max-image-preview":"max-image-preview:large","max-video-preview":"max-video-preview:-1"},"canonical":"https:\/\/www.bellunopress.it\/fr\/2009\/09\/03\/sei-nuove-leve-nel-progetto-di-servizio-civile-del-comitato-dintesa\/","og_locale":"fr_FR","og_type":"article","og_title":"Sei nuove leve nel progetto di servizio civile del Comitato d'Intesa  - Bellunopress - Dolomiti","og_description":"E\u2019partito lo scorso primo settembre il progetto di servizio civile regionale del Comitato d\u2019Intesa \u201cPromotori di solidariet\u00e0 nella provincia di Belluno\u201d. Sei i giovani volontari che hanno iniziato la loro esperienza presso la Casa del volontariato di Belluno e le sedi operative dei distinti progetti a Belluno, in Alpago, Valbelluna e Feltre. Il progetto si [&hellip;]","og_url":"https:\/\/www.bellunopress.it\/fr\/2009\/09\/03\/sei-nuove-leve-nel-progetto-di-servizio-civile-del-comitato-dintesa\/","og_site_name":"Bellunopress - Dolomiti","article_publisher":"https:\/\/www.facebook.com\/profile.php?id=100008943462799","article_published_time":"2009-09-03T18:32:41+00:00","og_image":[{"url":"http:\/\/www.bellunopress.it\/wp-content\/uploads\/2009\/09\/volontari-comitato-dintesa-300x225.jpg","type":"","width":"","height":""}],"author":"redazione","twitter_card":"summary_large_image","twitter_creator":"@bellunopress","twitter_site":"@bellunopress","twitter_misc":{"\u00c9crit par":"redazione","Dur\u00e9e de lecture estim\u00e9e":"2 minutes"},"schema":{"@context":"https:\/\/schema.org","@graph":[{"@type":"Article","@id":"https:\/\/www.bellunopress.it\/2009\/09\/03\/sei-nuove-leve-nel-progetto-di-servizio-civile-del-comitato-dintesa\/#article","isPartOf":{"@id":"https:\/\/www.bellunopress.it\/2009\/09\/03\/sei-nuove-leve-nel-progetto-di-servizio-civile-del-comitato-dintesa\/"},"author":{"name":"redazione","@id":"https:\/\/www.bellunopress.it\/#\/schema\/person\/79bb06722b37ece1c03d3e94beb30d73"},"headline":"Sei nuove leve nel progetto di servizio civile del Comitato d&#8217;Intesa","datePublished":"2009-09-03T18:32:41+00:00","mainEntityOfPage":{"@id":"https:\/\/www.bellunopress.it\/2009\/09\/03\/sei-nuove-leve-nel-progetto-di-servizio-civile-del-comitato-dintesa\/"},"wordCount":388,"publisher":{"@id":"https:\/\/www.bellunopress.it\/#organization"},"image":{"@id":"https:\/\/www.bellunopress.it\/2009\/09\/03\/sei-nuove-leve-nel-progetto-di-servizio-civile-del-comitato-dintesa\/#primaryimage"},"thumbnailUrl":"http:\/\/www.bellunopress.it\/wp-content\/uploads\/2009\/09\/volontari-comitato-dintesa-300x225.jpg","keywords":["Belluno","Feltre"],"articleSection":["Cronaca\/Politica","Prima Pagina"],"inLanguage":"fr-FR"},{"@type":"WebPage","@id":"https:\/\/www.bellunopress.it\/2009\/09\/03\/sei-nuove-leve-nel-progetto-di-servizio-civile-del-comitato-dintesa\/","url":"https:\/\/www.bellunopress.it\/2009\/09\/03\/sei-nuove-leve-nel-progetto-di-servizio-civile-del-comitato-dintesa\/","name":"Sei nuove leve nel progetto di servizio civile del Comitato d'Intesa - Bellunopress - Dolomiti","isPartOf":{"@id":"https:\/\/www.bellunopress.it\/#website"},"primaryImageOfPage":{"@id":"https:\/\/www.bellunopress.it\/2009\/09\/03\/sei-nuove-leve-nel-progetto-di-servizio-civile-del-comitato-dintesa\/#primaryimage"},"image":{"@id":"https:\/\/www.bellunopress.it\/2009\/09\/03\/sei-nuove-leve-nel-progetto-di-servizio-civile-del-comitato-dintesa\/#primaryimage"},"thumbnailUrl":"http:\/\/www.bellunopress.it\/wp-content\/uploads\/2009\/09\/volontari-comitato-dintesa-300x225.jpg","datePublished":"2009-09-03T18:32:41+00:00","breadcrumb":{"@id":"https:\/\/www.bellunopress.it\/2009\/09\/03\/sei-nuove-leve-nel-progetto-di-servizio-civile-del-comitato-dintesa\/#breadcrumb"},"inLanguage":"fr-FR","potentialAction":[{"@type":"ReadAction","target":["https:\/\/www.bellunopress.it\/2009\/09\/03\/sei-nuove-leve-nel-progetto-di-servizio-civile-del-comitato-dintesa\/"]}]},{"@type":"ImageObject","inLanguage":"fr-FR","@id":"https:\/\/www.bellunopress.it\/2009\/09\/03\/sei-nuove-leve-nel-progetto-di-servizio-civile-del-comitato-dintesa\/#primaryimage","url":"http:\/\/www.bellunopress.it\/wp-content\/uploads\/2009\/09\/volontari-comitato-dintesa-300x225.jpg","contentUrl":"http:\/\/www.bellunopress.it\/wp-content\/uploads\/2009\/09\/volontari-comitato-dintesa-300x225.jpg"},{"@type":"BreadcrumbList","@id":"https:\/\/www.bellunopress.it\/2009\/09\/03\/sei-nuove-leve-nel-progetto-di-servizio-civile-del-comitato-dintesa\/#breadcrumb","itemListElement":[{"@type":"ListItem","position":1,"name":"Home","item":"https:\/\/www.bellunopress.it\/"},{"@type":"ListItem","position":2,"name":"Sei nuove leve nel progetto di servizio civile del Comitato d&#8217;Intesa"}]},{"@type":"WebSite","@id":"https:\/\/www.bellunopress.it\/#website","url":"https:\/\/www.bellunopress.it\/","name":"Bellunopress - Dolomiti","description":"e-mail: redazione@bellunopress.it","publisher":{"@id":"https:\/\/www.bellunopress.it\/#organization"},"potentialAction":[{"@type":"SearchAction","target":{"@type":"EntryPoint","urlTemplate":"https:\/\/www.bellunopress.it\/?s={search_term_string}"},"query-input":{"@type":"PropertyValueSpecification","valueRequired":true,"valueName":"search_term_string"}}],"inLanguage":"fr-FR"},{"@type":"Organization","@id":"https:\/\/www.bellunopress.it\/#organization","name":"Bellunopress","url":"https:\/\/www.bellunopress.it\/","logo":{"@type":"ImageObject","inLanguage":"fr-FR","@id":"https:\/\/www.bellunopress.it\/#\/schema\/logo\/image\/","url":"https:\/\/www.bellunopress.it\/wp-content\/uploads\/2011\/05\/cropped-logo-bellunopress-.jpg","contentUrl":"https:\/\/www.bellunopress.it\/wp-content\/uploads\/2011\/05\/cropped-logo-bellunopress-.jpg","width":512,"height":512,"caption":"Bellunopress"},"image":{"@id":"https:\/\/www.bellunopress.it\/#\/schema\/logo\/image\/"},"sameAs":["https:\/\/www.facebook.com\/profile.php?id=100008943462799","https:\/\/x.com\/bellunopress","https:\/\/www.linkedin.com\/hp\/?dnr=JBzUWaJfMUw8vbXJJ2tVW5-I3jZKvC4wsoxE&amp;amp;amp;amp;amp;amp;trk=nav_responsive_tab_home","https:\/\/www.youtube.com\/channel\/UCxL0wu1uN0_3_7hGG0306cw"]},{"@type":"Person","@id":"https:\/\/www.bellunopress.it\/#\/schema\/person\/79bb06722b37ece1c03d3e94beb30d73","name":"r\u00e9daction","image":{"@type":"ImageObject","inLanguage":"fr-FR","@id":"https:\/\/secure.gravatar.com\/avatar\/37d968a2e67a6fd04c169c4bdef102d0bc5d31b2546345219e348575eb80e9a0?s=96&d=mm&r=g","url":"https:\/\/secure.gravatar.com\/avatar\/37d968a2e67a6fd04c169c4bdef102d0bc5d31b2546345219e348575eb80e9a0?s=96&d=mm&r=g","contentUrl":"https:\/\/secure.gravatar.com\/avatar\/37d968a2e67a6fd04c169c4bdef102d0bc5d31b2546345219e348575eb80e9a0?s=96&d=mm&r=g","caption":"redazione"},"sameAs":["http:\/\/www.bellunopress.it","https:\/\/x.com\/bellunopress"],"url":"https:\/\/www.bellunopress.it\/fr\/author\/redazione\/"}]}},"_links":{"self":[{"href":"https:\/\/www.bellunopress.it\/fr\/wp-json\/wp\/v2\/posts\/7700","targetHints":{"allow":["GET"]}}],"collection":[{"href":"https:\/\/www.bellunopress.it\/fr\/wp-json\/wp\/v2\/posts"}],"about":[{"href":"https:\/\/www.bellunopress.it\/fr\/wp-json\/wp\/v2\/types\/post"}],"author":[{"embeddable":true,"href":"https:\/\/www.bellunopress.it\/fr\/wp-json\/wp\/v2\/users\/2"}],"replies":[{"embeddable":true,"href":"https:\/\/www.bellunopress.it\/fr\/wp-json\/wp\/v2\/comments?post=7700"}],"version-history":[{"count":1,"href":"https:\/\/www.bellunopress.it\/fr\/wp-json\/wp\/v2\/posts\/7700\/revisions"}],"predecessor-version":[{"id":7703,"href":"https:\/\/www.bellunopress.it\/fr\/wp-json\/wp\/v2\/posts\/7700\/revisions\/7703"}],"wp:attachment":[{"href":"https:\/\/www.bellunopress.it\/fr\/wp-json\/wp\/v2\/media?parent=7700"}],"wp:term":[{"taxonomy":"category","embeddable":true,"href":"https:\/\/www.bellunopress.it\/fr\/wp-json\/wp\/v2\/categories?post=7700"},{"taxonomy":"post_tag","embeddable":true,"href":"https:\/\/www.bellunopress.it\/fr\/wp-json\/wp\/v2\/tags?post=7700"}],"curies":[{"name":"wp","href":"https:\/\/api.w.org\/{rel}","templated":true}]}}