{"id":76973,"date":"2016-04-18T07:59:58","date_gmt":"2016-04-18T05:59:58","guid":{"rendered":"http:\/\/www.bellunopress.it\/?p=76973"},"modified":"2016-04-18T17:05:19","modified_gmt":"2016-04-18T15:05:19","slug":"ciak-junior-arrivato-alla-27-edizione","status":"publish","type":"post","link":"https:\/\/www.bellunopress.it\/fr\/2016\/04\/18\/ciak-junior-arrivato-alla-27-edizione\/","title":{"rendered":"Ciak Junior \u00e8 arrivato alla 27\u00b0 edizione"},"content":{"rendered":"<p>La societ\u00e0 odierna \u00e8 poco improntata verso il benessere dei ragazzi. Un mondo, quello dei bambini e degli adolescenti, troppo spesso sottovalutato e delegato a figure quali nonni e tate. Il perch\u00e9 \u00e8 di facile intuizione dato che i genitori sono sempre pi\u00f9 impegnati nel lavoro. Le donne poi vengono praticamente poste con le spalle al muro: o la carriera o i figli. Eppure, in questa societ\u00e0 cos\u00ec poco child friendly, per fortuna esistono ancora realt\u00e0 di grande valore, che danno ascolto ai ragazzi e diverse possibilit\u00e0 e momenti dedicati all&#8217;apprendimento.<\/p>\n<p><a href=\"http:\/\/www.bellunopress.it\/wp-content\/uploads\/2013\/01\/cinema.jpg\"><img loading=\"lazy\" decoding=\"async\" class=\"alignleft size-full wp-image-45616\" src=\"http:\/\/www.bellunopress.it\/wp-content\/uploads\/2013\/01\/cinema.jpg\" alt=\"cinema\" width=\"126\" height=\"150\" \/><\/a>Uno di questi \u00e8 un appuntamento che ormai si ripete da diversi anni, al punto che \u00e8 arrivato alla sua 27\u00b0 edizione: Ciak Junior. Si tratta di un progetto ideato nell&#8217;ormai lontano 1989 dal gruppo &#8220;Alcuni&#8221; e che ha come scopo quello di far capire e conoscere ai ragazzi come nasce un prodotto audiovisivo, in questo caso un cortometraggio. Il mondo del cinema \u00e8 davvero affascinante ed \u00e8 fatto di tante piccole e grandi sfaccettature, non ci si deve fermare solo a quello che \u00e8 il risultato finale e che tutti noi vediamo sul grande schermo. Ciak Junior coinvolge i ragazzi dalla scrittura della sceneggiatura fino all&#8217;allestimento delle location e infine delle riprese vere e proprie, senza dimenticare le fasi di montaggio. Ovviamente tutte le operazioni sono illustrate da professionisti del settore.<\/p>\n<p>Quest&#8217;anno l&#8217;evento si terr\u00e0 proprio a Cortina dal 27 al 28 di maggio. Un&#8217;occasione unica e, almeno per una volta, totalmente gratuita per le famiglie che non dovranno mettere mano al loro conto corrente arancio (dettagli su <a href=\"http:\/\/www.migliorcontocorrente.org\/contocorrente-arancio.htm\">http:\/\/www.migliorcontocorrente.org\/contocorrente-arancio.htm<\/a>). Infatti, l&#8217;Amministrazione si impegna a sostenere una buona parte dei costi di quest&#8217;operazione, stanziando un fondo di 32 mila euro. Il personale tecnico e la fornitura di materiali, invece, verranno curati direttamente dall&#8217;associazione &#8220;Gli Alcuni&#8221;.<\/p>\n<p>Per i ragazzi si tratta di una possibilit\u00e0, di un&#8217;esperienza davvero interessante che probabilmente non dar\u00e0 loro un futuro in questo ambiente, ma che servir\u00e0 senza dubbio ad aprire la mente di quelli che saranno la nuova forza lavoro di domani. Ma non solo per i ragazzi, infatti l&#8217;evento \u00e8 una grande occasione anche per Cortina che avr\u00e0, tra gli altri vantaggi, anche quello di dare ulteriore visibilit\u00e0 e rilancio della localit\u00e0 in un momento in cui la ripresa del turismo sta iniziando a farsi sentire.<\/p>","protected":false},"excerpt":{"rendered":"<p>La societ\u00e0 odierna \u00e8 poco improntata verso il benessere dei ragazzi. Un mondo, quello dei bambini e degli adolescenti, troppo spesso sottovalutato e delegato a figure quali nonni e tate. Il perch\u00e9 \u00e8 di facile intuizione dato che i genitori sono sempre pi\u00f9 impegnati nel lavoro. Le donne poi vengono praticamente poste con le spalle [&hellip;]<\/p>\n","protected":false},"author":2,"featured_media":0,"comment_status":"closed","ping_status":"open","sticky":false,"template":"","format":"standard","meta":{"footnotes":""},"categories":[3,25],"tags":[],"class_list":["post-76973","post","type-post","status-publish","format-standard","category-arte-cultura-spettacoli-scienza-archivi","category-pausa-caffe"],"yoast_head":"<!-- This site is optimized with the Yoast SEO plugin v28.4 - https:\/\/yoast.com\/product\/yoast-seo-wordpress\/ -->\n<title>Ciak Junior \u00e8 arrivato alla 27\u00b0 edizione - Bellunopress - Dolomiti<\/title>\n<meta name=\"robots\" content=\"index, follow, max-snippet:-1, max-image-preview:large, max-video-preview:-1\" \/>\n<link rel=\"canonical\" href=\"https:\/\/www.bellunopress.it\/fr\/2016\/04\/18\/ciak-junior-arrivato-alla-27-edizione\/\" \/>\n<meta property=\"og:locale\" content=\"fr_FR\" \/>\n<meta property=\"og:type\" content=\"article\" \/>\n<meta property=\"og:title\" content=\"Ciak Junior \u00e8 arrivato alla 27\u00b0 edizione - Bellunopress - Dolomiti\" \/>\n<meta property=\"og:description\" content=\"La societ\u00e0 odierna \u00e8 poco improntata verso il benessere dei ragazzi. Un mondo, quello dei bambini e degli adolescenti, troppo spesso sottovalutato e delegato a figure quali nonni e tate. Il perch\u00e9 \u00e8 di facile intuizione dato che i genitori sono sempre pi\u00f9 impegnati nel lavoro. Le donne poi vengono praticamente poste con le spalle [&hellip;]\" \/>\n<meta property=\"og:url\" content=\"https:\/\/www.bellunopress.it\/fr\/2016\/04\/18\/ciak-junior-arrivato-alla-27-edizione\/\" \/>\n<meta property=\"og:site_name\" content=\"Bellunopress - Dolomiti\" \/>\n<meta property=\"article:publisher\" content=\"https:\/\/www.facebook.com\/profile.php?id=100008943462799\" \/>\n<meta property=\"article:published_time\" content=\"2016-04-18T05:59:58+00:00\" \/>\n<meta property=\"article:modified_time\" content=\"2016-04-18T15:05:19+00:00\" \/>\n<meta property=\"og:image\" content=\"http:\/\/www.bellunopress.it\/wp-content\/uploads\/2013\/01\/cinema.jpg\" \/>\n<meta name=\"author\" content=\"redazione\" \/>\n<meta name=\"twitter:card\" content=\"summary_large_image\" \/>\n<meta name=\"twitter:creator\" content=\"@bellunopress\" \/>\n<meta name=\"twitter:site\" content=\"@bellunopress\" \/>\n<meta name=\"twitter:label1\" content=\"\u00c9crit par\" \/>\n\t<meta name=\"twitter:data1\" content=\"redazione\" \/>\n\t<meta name=\"twitter:label2\" content=\"Dur\u00e9e de lecture estim\u00e9e\" \/>\n\t<meta name=\"twitter:data2\" content=\"2 minutes\" \/>\n<script type=\"application\/ld+json\" class=\"yoast-schema-graph\">{\"@context\":\"https:\\\/\\\/schema.org\",\"@graph\":[{\"@type\":\"Article\",\"@id\":\"https:\\\/\\\/www.bellunopress.it\\\/2016\\\/04\\\/18\\\/ciak-junior-arrivato-alla-27-edizione\\\/#article\",\"isPartOf\":{\"@id\":\"https:\\\/\\\/www.bellunopress.it\\\/2016\\\/04\\\/18\\\/ciak-junior-arrivato-alla-27-edizione\\\/\"},\"author\":{\"name\":\"redazione\",\"@id\":\"https:\\\/\\\/www.bellunopress.it\\\/#\\\/schema\\\/person\\\/79bb06722b37ece1c03d3e94beb30d73\"},\"headline\":\"Ciak Junior \u00e8 arrivato alla 27\u00b0 edizione\",\"datePublished\":\"2016-04-18T05:59:58+00:00\",\"dateModified\":\"2016-04-18T15:05:19+00:00\",\"mainEntityOfPage\":{\"@id\":\"https:\\\/\\\/www.bellunopress.it\\\/2016\\\/04\\\/18\\\/ciak-junior-arrivato-alla-27-edizione\\\/\"},\"wordCount\":390,\"publisher\":{\"@id\":\"https:\\\/\\\/www.bellunopress.it\\\/#organization\"},\"image\":{\"@id\":\"https:\\\/\\\/www.bellunopress.it\\\/2016\\\/04\\\/18\\\/ciak-junior-arrivato-alla-27-edizione\\\/#primaryimage\"},\"thumbnailUrl\":\"http:\\\/\\\/www.bellunopress.it\\\/wp-content\\\/uploads\\\/2013\\\/01\\\/cinema.jpg\",\"articleSection\":[\"Arte, Cultura, Spettacoli, Scienza\",\"Pausa Caff\u00e8\"],\"inLanguage\":\"fr-FR\"},{\"@type\":\"WebPage\",\"@id\":\"https:\\\/\\\/www.bellunopress.it\\\/2016\\\/04\\\/18\\\/ciak-junior-arrivato-alla-27-edizione\\\/\",\"url\":\"https:\\\/\\\/www.bellunopress.it\\\/2016\\\/04\\\/18\\\/ciak-junior-arrivato-alla-27-edizione\\\/\",\"name\":\"Ciak Junior \u00e8 arrivato alla 27\u00b0 edizione - Bellunopress - Dolomiti\",\"isPartOf\":{\"@id\":\"https:\\\/\\\/www.bellunopress.it\\\/#website\"},\"primaryImageOfPage\":{\"@id\":\"https:\\\/\\\/www.bellunopress.it\\\/2016\\\/04\\\/18\\\/ciak-junior-arrivato-alla-27-edizione\\\/#primaryimage\"},\"image\":{\"@id\":\"https:\\\/\\\/www.bellunopress.it\\\/2016\\\/04\\\/18\\\/ciak-junior-arrivato-alla-27-edizione\\\/#primaryimage\"},\"thumbnailUrl\":\"http:\\\/\\\/www.bellunopress.it\\\/wp-content\\\/uploads\\\/2013\\\/01\\\/cinema.jpg\",\"datePublished\":\"2016-04-18T05:59:58+00:00\",\"dateModified\":\"2016-04-18T15:05:19+00:00\",\"breadcrumb\":{\"@id\":\"https:\\\/\\\/www.bellunopress.it\\\/2016\\\/04\\\/18\\\/ciak-junior-arrivato-alla-27-edizione\\\/#breadcrumb\"},\"inLanguage\":\"fr-FR\",\"potentialAction\":[{\"@type\":\"ReadAction\",\"target\":[\"https:\\\/\\\/www.bellunopress.it\\\/2016\\\/04\\\/18\\\/ciak-junior-arrivato-alla-27-edizione\\\/\"]}]},{\"@type\":\"ImageObject\",\"inLanguage\":\"fr-FR\",\"@id\":\"https:\\\/\\\/www.bellunopress.it\\\/2016\\\/04\\\/18\\\/ciak-junior-arrivato-alla-27-edizione\\\/#primaryimage\",\"url\":\"http:\\\/\\\/www.bellunopress.it\\\/wp-content\\\/uploads\\\/2013\\\/01\\\/cinema.jpg\",\"contentUrl\":\"http:\\\/\\\/www.bellunopress.it\\\/wp-content\\\/uploads\\\/2013\\\/01\\\/cinema.jpg\"},{\"@type\":\"BreadcrumbList\",\"@id\":\"https:\\\/\\\/www.bellunopress.it\\\/2016\\\/04\\\/18\\\/ciak-junior-arrivato-alla-27-edizione\\\/#breadcrumb\",\"itemListElement\":[{\"@type\":\"ListItem\",\"position\":1,\"name\":\"Home\",\"item\":\"https:\\\/\\\/www.bellunopress.it\\\/\"},{\"@type\":\"ListItem\",\"position\":2,\"name\":\"Ciak Junior \u00e8 arrivato alla 27\u00b0 edizione\"}]},{\"@type\":\"WebSite\",\"@id\":\"https:\\\/\\\/www.bellunopress.it\\\/#website\",\"url\":\"https:\\\/\\\/www.bellunopress.it\\\/\",\"name\":\"Bellunopress - Dolomiti\",\"description\":\"e-mail: redazione@bellunopress.it\",\"publisher\":{\"@id\":\"https:\\\/\\\/www.bellunopress.it\\\/#organization\"},\"potentialAction\":[{\"@type\":\"SearchAction\",\"target\":{\"@type\":\"EntryPoint\",\"urlTemplate\":\"https:\\\/\\\/www.bellunopress.it\\\/?s={search_term_string}\"},\"query-input\":{\"@type\":\"PropertyValueSpecification\",\"valueRequired\":true,\"valueName\":\"search_term_string\"}}],\"inLanguage\":\"fr-FR\"},{\"@type\":\"Organization\",\"@id\":\"https:\\\/\\\/www.bellunopress.it\\\/#organization\",\"name\":\"Bellunopress\",\"url\":\"https:\\\/\\\/www.bellunopress.it\\\/\",\"logo\":{\"@type\":\"ImageObject\",\"inLanguage\":\"fr-FR\",\"@id\":\"https:\\\/\\\/www.bellunopress.it\\\/#\\\/schema\\\/logo\\\/image\\\/\",\"url\":\"https:\\\/\\\/www.bellunopress.it\\\/wp-content\\\/uploads\\\/2011\\\/05\\\/cropped-logo-bellunopress-.jpg\",\"contentUrl\":\"https:\\\/\\\/www.bellunopress.it\\\/wp-content\\\/uploads\\\/2011\\\/05\\\/cropped-logo-bellunopress-.jpg\",\"width\":512,\"height\":512,\"caption\":\"Bellunopress\"},\"image\":{\"@id\":\"https:\\\/\\\/www.bellunopress.it\\\/#\\\/schema\\\/logo\\\/image\\\/\"},\"sameAs\":[\"https:\\\/\\\/www.facebook.com\\\/profile.php?id=100008943462799\",\"https:\\\/\\\/x.com\\\/bellunopress\",\"https:\\\/\\\/www.linkedin.com\\\/hp\\\/?dnr=JBzUWaJfMUw8vbXJJ2tVW5-I3jZKvC4wsoxE&amp;amp;amp;amp;amp;amp;trk=nav_responsive_tab_home\",\"https:\\\/\\\/www.youtube.com\\\/channel\\\/UCxL0wu1uN0_3_7hGG0306cw\"]},{\"@type\":\"Person\",\"@id\":\"https:\\\/\\\/www.bellunopress.it\\\/#\\\/schema\\\/person\\\/79bb06722b37ece1c03d3e94beb30d73\",\"name\":\"redazione\",\"image\":{\"@type\":\"ImageObject\",\"inLanguage\":\"fr-FR\",\"@id\":\"https:\\\/\\\/secure.gravatar.com\\\/avatar\\\/37d968a2e67a6fd04c169c4bdef102d0bc5d31b2546345219e348575eb80e9a0?s=96&d=mm&r=g\",\"url\":\"https:\\\/\\\/secure.gravatar.com\\\/avatar\\\/37d968a2e67a6fd04c169c4bdef102d0bc5d31b2546345219e348575eb80e9a0?s=96&d=mm&r=g\",\"contentUrl\":\"https:\\\/\\\/secure.gravatar.com\\\/avatar\\\/37d968a2e67a6fd04c169c4bdef102d0bc5d31b2546345219e348575eb80e9a0?s=96&d=mm&r=g\",\"caption\":\"redazione\"},\"sameAs\":[\"http:\\\/\\\/www.bellunopress.it\",\"https:\\\/\\\/x.com\\\/bellunopress\"],\"url\":\"https:\\\/\\\/www.bellunopress.it\\\/fr\\\/author\\\/redazione\\\/\"}]}<\/script>\n<!-- \/ Yoast SEO plugin. -->","yoast_head_json":{"title":"Ciak Junior \u00e8 arrivato alla 27\u00b0 edizione - Bellunopress - Dolomiti","robots":{"index":"index","follow":"follow","max-snippet":"max-snippet:-1","max-image-preview":"max-image-preview:large","max-video-preview":"max-video-preview:-1"},"canonical":"https:\/\/www.bellunopress.it\/fr\/2016\/04\/18\/ciak-junior-arrivato-alla-27-edizione\/","og_locale":"fr_FR","og_type":"article","og_title":"Ciak Junior \u00e8 arrivato alla 27\u00b0 edizione - Bellunopress - Dolomiti","og_description":"La societ\u00e0 odierna \u00e8 poco improntata verso il benessere dei ragazzi. Un mondo, quello dei bambini e degli adolescenti, troppo spesso sottovalutato e delegato a figure quali nonni e tate. Il perch\u00e9 \u00e8 di facile intuizione dato che i genitori sono sempre pi\u00f9 impegnati nel lavoro. Le donne poi vengono praticamente poste con le spalle [&hellip;]","og_url":"https:\/\/www.bellunopress.it\/fr\/2016\/04\/18\/ciak-junior-arrivato-alla-27-edizione\/","og_site_name":"Bellunopress - Dolomiti","article_publisher":"https:\/\/www.facebook.com\/profile.php?id=100008943462799","article_published_time":"2016-04-18T05:59:58+00:00","article_modified_time":"2016-04-18T15:05:19+00:00","og_image":[{"url":"http:\/\/www.bellunopress.it\/wp-content\/uploads\/2013\/01\/cinema.jpg","type":"","width":"","height":""}],"author":"redazione","twitter_card":"summary_large_image","twitter_creator":"@bellunopress","twitter_site":"@bellunopress","twitter_misc":{"\u00c9crit par":"redazione","Dur\u00e9e de lecture estim\u00e9e":"2 minutes"},"schema":{"@context":"https:\/\/schema.org","@graph":[{"@type":"Article","@id":"https:\/\/www.bellunopress.it\/2016\/04\/18\/ciak-junior-arrivato-alla-27-edizione\/#article","isPartOf":{"@id":"https:\/\/www.bellunopress.it\/2016\/04\/18\/ciak-junior-arrivato-alla-27-edizione\/"},"author":{"name":"redazione","@id":"https:\/\/www.bellunopress.it\/#\/schema\/person\/79bb06722b37ece1c03d3e94beb30d73"},"headline":"Ciak Junior \u00e8 arrivato alla 27\u00b0 edizione","datePublished":"2016-04-18T05:59:58+00:00","dateModified":"2016-04-18T15:05:19+00:00","mainEntityOfPage":{"@id":"https:\/\/www.bellunopress.it\/2016\/04\/18\/ciak-junior-arrivato-alla-27-edizione\/"},"wordCount":390,"publisher":{"@id":"https:\/\/www.bellunopress.it\/#organization"},"image":{"@id":"https:\/\/www.bellunopress.it\/2016\/04\/18\/ciak-junior-arrivato-alla-27-edizione\/#primaryimage"},"thumbnailUrl":"http:\/\/www.bellunopress.it\/wp-content\/uploads\/2013\/01\/cinema.jpg","articleSection":["Arte, Cultura, Spettacoli, Scienza","Pausa Caff\u00e8"],"inLanguage":"fr-FR"},{"@type":"WebPage","@id":"https:\/\/www.bellunopress.it\/2016\/04\/18\/ciak-junior-arrivato-alla-27-edizione\/","url":"https:\/\/www.bellunopress.it\/2016\/04\/18\/ciak-junior-arrivato-alla-27-edizione\/","name":"Ciak Junior \u00e8 arrivato alla 27\u00b0 edizione - Bellunopress - Dolomiti","isPartOf":{"@id":"https:\/\/www.bellunopress.it\/#website"},"primaryImageOfPage":{"@id":"https:\/\/www.bellunopress.it\/2016\/04\/18\/ciak-junior-arrivato-alla-27-edizione\/#primaryimage"},"image":{"@id":"https:\/\/www.bellunopress.it\/2016\/04\/18\/ciak-junior-arrivato-alla-27-edizione\/#primaryimage"},"thumbnailUrl":"http:\/\/www.bellunopress.it\/wp-content\/uploads\/2013\/01\/cinema.jpg","datePublished":"2016-04-18T05:59:58+00:00","dateModified":"2016-04-18T15:05:19+00:00","breadcrumb":{"@id":"https:\/\/www.bellunopress.it\/2016\/04\/18\/ciak-junior-arrivato-alla-27-edizione\/#breadcrumb"},"inLanguage":"fr-FR","potentialAction":[{"@type":"ReadAction","target":["https:\/\/www.bellunopress.it\/2016\/04\/18\/ciak-junior-arrivato-alla-27-edizione\/"]}]},{"@type":"ImageObject","inLanguage":"fr-FR","@id":"https:\/\/www.bellunopress.it\/2016\/04\/18\/ciak-junior-arrivato-alla-27-edizione\/#primaryimage","url":"http:\/\/www.bellunopress.it\/wp-content\/uploads\/2013\/01\/cinema.jpg","contentUrl":"http:\/\/www.bellunopress.it\/wp-content\/uploads\/2013\/01\/cinema.jpg"},{"@type":"BreadcrumbList","@id":"https:\/\/www.bellunopress.it\/2016\/04\/18\/ciak-junior-arrivato-alla-27-edizione\/#breadcrumb","itemListElement":[{"@type":"ListItem","position":1,"name":"Home","item":"https:\/\/www.bellunopress.it\/"},{"@type":"ListItem","position":2,"name":"Ciak Junior \u00e8 arrivato alla 27\u00b0 edizione"}]},{"@type":"WebSite","@id":"https:\/\/www.bellunopress.it\/#website","url":"https:\/\/www.bellunopress.it\/","name":"Bellunopress - Dolomiti","description":"e-mail: redazione@bellunopress.it","publisher":{"@id":"https:\/\/www.bellunopress.it\/#organization"},"potentialAction":[{"@type":"SearchAction","target":{"@type":"EntryPoint","urlTemplate":"https:\/\/www.bellunopress.it\/?s={search_term_string}"},"query-input":{"@type":"PropertyValueSpecification","valueRequired":true,"valueName":"search_term_string"}}],"inLanguage":"fr-FR"},{"@type":"Organization","@id":"https:\/\/www.bellunopress.it\/#organization","name":"Bellunopress","url":"https:\/\/www.bellunopress.it\/","logo":{"@type":"ImageObject","inLanguage":"fr-FR","@id":"https:\/\/www.bellunopress.it\/#\/schema\/logo\/image\/","url":"https:\/\/www.bellunopress.it\/wp-content\/uploads\/2011\/05\/cropped-logo-bellunopress-.jpg","contentUrl":"https:\/\/www.bellunopress.it\/wp-content\/uploads\/2011\/05\/cropped-logo-bellunopress-.jpg","width":512,"height":512,"caption":"Bellunopress"},"image":{"@id":"https:\/\/www.bellunopress.it\/#\/schema\/logo\/image\/"},"sameAs":["https:\/\/www.facebook.com\/profile.php?id=100008943462799","https:\/\/x.com\/bellunopress","https:\/\/www.linkedin.com\/hp\/?dnr=JBzUWaJfMUw8vbXJJ2tVW5-I3jZKvC4wsoxE&amp;amp;amp;amp;amp;amp;trk=nav_responsive_tab_home","https:\/\/www.youtube.com\/channel\/UCxL0wu1uN0_3_7hGG0306cw"]},{"@type":"Person","@id":"https:\/\/www.bellunopress.it\/#\/schema\/person\/79bb06722b37ece1c03d3e94beb30d73","name":"r\u00e9daction","image":{"@type":"ImageObject","inLanguage":"fr-FR","@id":"https:\/\/secure.gravatar.com\/avatar\/37d968a2e67a6fd04c169c4bdef102d0bc5d31b2546345219e348575eb80e9a0?s=96&d=mm&r=g","url":"https:\/\/secure.gravatar.com\/avatar\/37d968a2e67a6fd04c169c4bdef102d0bc5d31b2546345219e348575eb80e9a0?s=96&d=mm&r=g","contentUrl":"https:\/\/secure.gravatar.com\/avatar\/37d968a2e67a6fd04c169c4bdef102d0bc5d31b2546345219e348575eb80e9a0?s=96&d=mm&r=g","caption":"redazione"},"sameAs":["http:\/\/www.bellunopress.it","https:\/\/x.com\/bellunopress"],"url":"https:\/\/www.bellunopress.it\/fr\/author\/redazione\/"}]}},"_links":{"self":[{"href":"https:\/\/www.bellunopress.it\/fr\/wp-json\/wp\/v2\/posts\/76973","targetHints":{"allow":["GET"]}}],"collection":[{"href":"https:\/\/www.bellunopress.it\/fr\/wp-json\/wp\/v2\/posts"}],"about":[{"href":"https:\/\/www.bellunopress.it\/fr\/wp-json\/wp\/v2\/types\/post"}],"author":[{"embeddable":true,"href":"https:\/\/www.bellunopress.it\/fr\/wp-json\/wp\/v2\/users\/2"}],"replies":[{"embeddable":true,"href":"https:\/\/www.bellunopress.it\/fr\/wp-json\/wp\/v2\/comments?post=76973"}],"version-history":[{"count":1,"href":"https:\/\/www.bellunopress.it\/fr\/wp-json\/wp\/v2\/posts\/76973\/revisions"}],"predecessor-version":[{"id":76974,"href":"https:\/\/www.bellunopress.it\/fr\/wp-json\/wp\/v2\/posts\/76973\/revisions\/76974"}],"wp:attachment":[{"href":"https:\/\/www.bellunopress.it\/fr\/wp-json\/wp\/v2\/media?parent=76973"}],"wp:term":[{"taxonomy":"category","embeddable":true,"href":"https:\/\/www.bellunopress.it\/fr\/wp-json\/wp\/v2\/categories?post=76973"},{"taxonomy":"post_tag","embeddable":true,"href":"https:\/\/www.bellunopress.it\/fr\/wp-json\/wp\/v2\/tags?post=76973"}],"curies":[{"name":"wp","href":"https:\/\/api.w.org\/{rel}","templated":true}]}}