{"id":76964,"date":"2016-04-18T11:45:07","date_gmt":"2016-04-18T09:45:07","guid":{"rendered":"http:\/\/www.bellunopress.it\/?p=76964"},"modified":"2016-04-18T11:45:07","modified_gmt":"2016-04-18T09:45:07","slug":"aperte-le-iscrizioni-alla-seconda-edizione-del-corso-affresco-ad-arsie-ponte-nelle-alpi","status":"publish","type":"post","link":"https:\/\/www.bellunopress.it\/fr\/2016\/04\/18\/aperte-le-iscrizioni-alla-seconda-edizione-del-corso-affresco-ad-arsie-ponte-nelle-alpi\/","title":{"rendered":"Aperte le iscrizioni alla seconda edizione del corso di affresco ad Arsi\u00e8 di Ponte nelle Alpi"},"content":{"rendered":"<p><a href=\"http:\/\/www.bellunopress.it\/wp-content\/uploads\/2015\/07\/vico-calabr\u00f2-corso-Arsi\u00e9.jpg\"><img loading=\"lazy\" decoding=\"async\" class=\"alignleft size-full wp-image-69933\" src=\"http:\/\/www.bellunopress.it\/wp-content\/uploads\/2015\/07\/vico-calabr\u00f2-corso-Arsi\u00e9.jpg\" alt=\"vico calabr\u00f2 corso Arsi\u00e9\" width=\"270\" height=\"197\" \/><\/a>Sono aperte le iscrizioni alla seconda edizione del corso di affresco organizzato ad Arsi\u00e8 dal\u201cCircolo Artistico Mario Morales\u201d, in collaborazione con il Comune di Ponte nelle Alpi e il delegato del FAI, Diego Rizzo. Un\u2019iniziativa nata lo scorso anno con 8 allievi, guidati dal maestro Vico Calabr\u00f2, che hanno rappresentato la Pace nel Centenario della Prima guerra mondiale. Un\u2019idea ispirata dall\u2019opera svolta da un\u2019allieva del maestro frescante feltrino, la quale aveva realizzato gli affreschi della vecchia liscivera della frazione pontalpina. Ad Arsi\u00e8 \u201cPaese dell\u2019Affresco\u201d affiliato Sita, per questa seconda edizione del corso, la maestra sar\u00e0 Manuela Prestileo. \u00c8 previsto un numero massimo di 6 allievi. Il corso avr\u00e0 inizio luned\u00ec 20 aprile e si concluder\u00e0 domenica 26 giugno. Orario: dalle 8 alle 17. con intervallo di un\u2019ora per il pranzo. Per informazioni e iscrizioni: diego176@virgilio.it.<\/p>","protected":false},"excerpt":{"rendered":"<p>Sono aperte le iscrizioni alla seconda edizione del corso di affresco organizzato ad Arsi\u00e8 dal\u201cCircolo Artistico Mario Morales\u201d, in collaborazione con il Comune di Ponte nelle Alpi e il delegato del FAI, Diego Rizzo. Un\u2019iniziativa nata lo scorso anno con 8 allievi, guidati dal maestro Vico Calabr\u00f2, che hanno rappresentato la Pace nel Centenario della [&hellip;]<\/p>\n","protected":false},"author":2,"featured_media":0,"comment_status":"closed","ping_status":"open","sticky":false,"template":"","format":"standard","meta":{"footnotes":""},"categories":[27,3,25],"tags":[],"class_list":["post-76964","post","type-post","status-publish","format-standard","category-appuntamenti","category-arte-cultura-spettacoli-scienza-archivi","category-pausa-caffe"],"yoast_head":"<!-- This site is optimized with the Yoast SEO plugin v28.4 - https:\/\/yoast.com\/product\/yoast-seo-wordpress\/ -->\n<title>Aperte le iscrizioni alla seconda edizione del corso di affresco ad Arsi\u00e8 di Ponte nelle Alpi - Bellunopress - Dolomiti<\/title>\n<meta name=\"robots\" content=\"index, follow, max-snippet:-1, max-image-preview:large, max-video-preview:-1\" \/>\n<link rel=\"canonical\" href=\"https:\/\/www.bellunopress.it\/fr\/2016\/04\/18\/aperte-le-iscrizioni-alla-seconda-edizione-del-corso-affresco-ad-arsie-ponte-nelle-alpi\/\" \/>\n<meta property=\"og:locale\" content=\"fr_FR\" \/>\n<meta property=\"og:type\" content=\"article\" \/>\n<meta property=\"og:title\" content=\"Aperte le iscrizioni alla seconda edizione del corso di affresco ad Arsi\u00e8 di Ponte nelle Alpi - Bellunopress - Dolomiti\" \/>\n<meta property=\"og:description\" content=\"Sono aperte le iscrizioni alla seconda edizione del corso di affresco organizzato ad Arsi\u00e8 dal\u201cCircolo Artistico Mario Morales\u201d, in collaborazione con il Comune di Ponte nelle Alpi e il delegato del FAI, Diego Rizzo. Un\u2019iniziativa nata lo scorso anno con 8 allievi, guidati dal maestro Vico Calabr\u00f2, che hanno rappresentato la Pace nel Centenario della [&hellip;]\" \/>\n<meta property=\"og:url\" content=\"https:\/\/www.bellunopress.it\/fr\/2016\/04\/18\/aperte-le-iscrizioni-alla-seconda-edizione-del-corso-affresco-ad-arsie-ponte-nelle-alpi\/\" \/>\n<meta property=\"og:site_name\" content=\"Bellunopress - Dolomiti\" \/>\n<meta property=\"article:publisher\" content=\"https:\/\/www.facebook.com\/profile.php?id=100008943462799\" \/>\n<meta property=\"article:published_time\" content=\"2016-04-18T09:45:07+00:00\" \/>\n<meta property=\"og:image\" content=\"http:\/\/www.bellunopress.it\/wp-content\/uploads\/2015\/07\/vico-calabr\u00f2-corso-Arsi\u00e9.jpg\" \/>\n<meta name=\"author\" content=\"redazione\" \/>\n<meta name=\"twitter:card\" content=\"summary_large_image\" \/>\n<meta name=\"twitter:creator\" content=\"@bellunopress\" \/>\n<meta name=\"twitter:site\" content=\"@bellunopress\" \/>\n<meta name=\"twitter:label1\" content=\"\u00c9crit par\" \/>\n\t<meta name=\"twitter:data1\" content=\"redazione\" \/>\n\t<meta name=\"twitter:label2\" content=\"Dur\u00e9e de lecture estim\u00e9e\" \/>\n\t<meta name=\"twitter:data2\" content=\"1 minute\" \/>\n<script type=\"application\/ld+json\" class=\"yoast-schema-graph\">{\"@context\":\"https:\\\/\\\/schema.org\",\"@graph\":[{\"@type\":\"Article\",\"@id\":\"https:\\\/\\\/www.bellunopress.it\\\/2016\\\/04\\\/18\\\/aperte-le-iscrizioni-alla-seconda-edizione-del-corso-affresco-ad-arsie-ponte-nelle-alpi\\\/#article\",\"isPartOf\":{\"@id\":\"https:\\\/\\\/www.bellunopress.it\\\/2016\\\/04\\\/18\\\/aperte-le-iscrizioni-alla-seconda-edizione-del-corso-affresco-ad-arsie-ponte-nelle-alpi\\\/\"},\"author\":{\"name\":\"redazione\",\"@id\":\"https:\\\/\\\/www.bellunopress.it\\\/#\\\/schema\\\/person\\\/79bb06722b37ece1c03d3e94beb30d73\"},\"headline\":\"Aperte le iscrizioni alla seconda edizione del corso di affresco ad Arsi\u00e8 di Ponte nelle Alpi\",\"datePublished\":\"2016-04-18T09:45:07+00:00\",\"mainEntityOfPage\":{\"@id\":\"https:\\\/\\\/www.bellunopress.it\\\/2016\\\/04\\\/18\\\/aperte-le-iscrizioni-alla-seconda-edizione-del-corso-affresco-ad-arsie-ponte-nelle-alpi\\\/\"},\"wordCount\":153,\"publisher\":{\"@id\":\"https:\\\/\\\/www.bellunopress.it\\\/#organization\"},\"articleSection\":[\"Appuntamenti, Eventi\",\"Arte, Cultura, Spettacoli, Scienza\",\"Pausa Caff\u00e8\"],\"inLanguage\":\"fr-FR\"},{\"@type\":\"WebPage\",\"@id\":\"https:\\\/\\\/www.bellunopress.it\\\/2016\\\/04\\\/18\\\/aperte-le-iscrizioni-alla-seconda-edizione-del-corso-affresco-ad-arsie-ponte-nelle-alpi\\\/\",\"url\":\"https:\\\/\\\/www.bellunopress.it\\\/2016\\\/04\\\/18\\\/aperte-le-iscrizioni-alla-seconda-edizione-del-corso-affresco-ad-arsie-ponte-nelle-alpi\\\/\",\"name\":\"Aperte le iscrizioni alla seconda edizione del corso di affresco ad Arsi\u00e8 di Ponte nelle Alpi - Bellunopress - Dolomiti\",\"isPartOf\":{\"@id\":\"https:\\\/\\\/www.bellunopress.it\\\/#website\"},\"datePublished\":\"2016-04-18T09:45:07+00:00\",\"breadcrumb\":{\"@id\":\"https:\\\/\\\/www.bellunopress.it\\\/2016\\\/04\\\/18\\\/aperte-le-iscrizioni-alla-seconda-edizione-del-corso-affresco-ad-arsie-ponte-nelle-alpi\\\/#breadcrumb\"},\"inLanguage\":\"fr-FR\",\"potentialAction\":[{\"@type\":\"ReadAction\",\"target\":[\"https:\\\/\\\/www.bellunopress.it\\\/2016\\\/04\\\/18\\\/aperte-le-iscrizioni-alla-seconda-edizione-del-corso-affresco-ad-arsie-ponte-nelle-alpi\\\/\"]}]},{\"@type\":\"BreadcrumbList\",\"@id\":\"https:\\\/\\\/www.bellunopress.it\\\/2016\\\/04\\\/18\\\/aperte-le-iscrizioni-alla-seconda-edizione-del-corso-affresco-ad-arsie-ponte-nelle-alpi\\\/#breadcrumb\",\"itemListElement\":[{\"@type\":\"ListItem\",\"position\":1,\"name\":\"Home\",\"item\":\"https:\\\/\\\/www.bellunopress.it\\\/\"},{\"@type\":\"ListItem\",\"position\":2,\"name\":\"Aperte le iscrizioni alla seconda edizione del corso di affresco ad Arsi\u00e8 di Ponte nelle Alpi\"}]},{\"@type\":\"WebSite\",\"@id\":\"https:\\\/\\\/www.bellunopress.it\\\/#website\",\"url\":\"https:\\\/\\\/www.bellunopress.it\\\/\",\"name\":\"Bellunopress - Dolomiti\",\"description\":\"e-mail: redazione@bellunopress.it\",\"publisher\":{\"@id\":\"https:\\\/\\\/www.bellunopress.it\\\/#organization\"},\"potentialAction\":[{\"@type\":\"SearchAction\",\"target\":{\"@type\":\"EntryPoint\",\"urlTemplate\":\"https:\\\/\\\/www.bellunopress.it\\\/?s={search_term_string}\"},\"query-input\":{\"@type\":\"PropertyValueSpecification\",\"valueRequired\":true,\"valueName\":\"search_term_string\"}}],\"inLanguage\":\"fr-FR\"},{\"@type\":\"Organization\",\"@id\":\"https:\\\/\\\/www.bellunopress.it\\\/#organization\",\"name\":\"Bellunopress\",\"url\":\"https:\\\/\\\/www.bellunopress.it\\\/\",\"logo\":{\"@type\":\"ImageObject\",\"inLanguage\":\"fr-FR\",\"@id\":\"https:\\\/\\\/www.bellunopress.it\\\/#\\\/schema\\\/logo\\\/image\\\/\",\"url\":\"https:\\\/\\\/www.bellunopress.it\\\/wp-content\\\/uploads\\\/2011\\\/05\\\/cropped-logo-bellunopress-.jpg\",\"contentUrl\":\"https:\\\/\\\/www.bellunopress.it\\\/wp-content\\\/uploads\\\/2011\\\/05\\\/cropped-logo-bellunopress-.jpg\",\"width\":512,\"height\":512,\"caption\":\"Bellunopress\"},\"image\":{\"@id\":\"https:\\\/\\\/www.bellunopress.it\\\/#\\\/schema\\\/logo\\\/image\\\/\"},\"sameAs\":[\"https:\\\/\\\/www.facebook.com\\\/profile.php?id=100008943462799\",\"https:\\\/\\\/x.com\\\/bellunopress\",\"https:\\\/\\\/www.linkedin.com\\\/hp\\\/?dnr=JBzUWaJfMUw8vbXJJ2tVW5-I3jZKvC4wsoxE&amp;amp;amp;amp;amp;amp;trk=nav_responsive_tab_home\",\"https:\\\/\\\/www.youtube.com\\\/channel\\\/UCxL0wu1uN0_3_7hGG0306cw\"]},{\"@type\":\"Person\",\"@id\":\"https:\\\/\\\/www.bellunopress.it\\\/#\\\/schema\\\/person\\\/79bb06722b37ece1c03d3e94beb30d73\",\"name\":\"redazione\",\"image\":{\"@type\":\"ImageObject\",\"inLanguage\":\"fr-FR\",\"@id\":\"https:\\\/\\\/secure.gravatar.com\\\/avatar\\\/37d968a2e67a6fd04c169c4bdef102d0bc5d31b2546345219e348575eb80e9a0?s=96&d=mm&r=g\",\"url\":\"https:\\\/\\\/secure.gravatar.com\\\/avatar\\\/37d968a2e67a6fd04c169c4bdef102d0bc5d31b2546345219e348575eb80e9a0?s=96&d=mm&r=g\",\"contentUrl\":\"https:\\\/\\\/secure.gravatar.com\\\/avatar\\\/37d968a2e67a6fd04c169c4bdef102d0bc5d31b2546345219e348575eb80e9a0?s=96&d=mm&r=g\",\"caption\":\"redazione\"},\"sameAs\":[\"http:\\\/\\\/www.bellunopress.it\",\"https:\\\/\\\/x.com\\\/bellunopress\"],\"url\":\"https:\\\/\\\/www.bellunopress.it\\\/fr\\\/author\\\/redazione\\\/\"}]}<\/script>\n<!-- \/ Yoast SEO plugin. -->","yoast_head_json":{"title":"Aperte le iscrizioni alla seconda edizione del corso di affresco ad Arsi\u00e8 di Ponte nelle Alpi - Bellunopress - Dolomiti","robots":{"index":"index","follow":"follow","max-snippet":"max-snippet:-1","max-image-preview":"max-image-preview:large","max-video-preview":"max-video-preview:-1"},"canonical":"https:\/\/www.bellunopress.it\/fr\/2016\/04\/18\/aperte-le-iscrizioni-alla-seconda-edizione-del-corso-affresco-ad-arsie-ponte-nelle-alpi\/","og_locale":"fr_FR","og_type":"article","og_title":"Aperte le iscrizioni alla seconda edizione del corso di affresco ad Arsi\u00e8 di Ponte nelle Alpi - Bellunopress - Dolomiti","og_description":"Sono aperte le iscrizioni alla seconda edizione del corso di affresco organizzato ad Arsi\u00e8 dal\u201cCircolo Artistico Mario Morales\u201d, in collaborazione con il Comune di Ponte nelle Alpi e il delegato del FAI, Diego Rizzo. Un\u2019iniziativa nata lo scorso anno con 8 allievi, guidati dal maestro Vico Calabr\u00f2, che hanno rappresentato la Pace nel Centenario della [&hellip;]","og_url":"https:\/\/www.bellunopress.it\/fr\/2016\/04\/18\/aperte-le-iscrizioni-alla-seconda-edizione-del-corso-affresco-ad-arsie-ponte-nelle-alpi\/","og_site_name":"Bellunopress - Dolomiti","article_publisher":"https:\/\/www.facebook.com\/profile.php?id=100008943462799","article_published_time":"2016-04-18T09:45:07+00:00","og_image":[{"url":"http:\/\/www.bellunopress.it\/wp-content\/uploads\/2015\/07\/vico-calabr\u00f2-corso-Arsi\u00e9.jpg","type":"","width":"","height":""}],"author":"redazione","twitter_card":"summary_large_image","twitter_creator":"@bellunopress","twitter_site":"@bellunopress","twitter_misc":{"\u00c9crit par":"redazione","Dur\u00e9e de lecture estim\u00e9e":"1 minute"},"schema":{"@context":"https:\/\/schema.org","@graph":[{"@type":"Article","@id":"https:\/\/www.bellunopress.it\/2016\/04\/18\/aperte-le-iscrizioni-alla-seconda-edizione-del-corso-affresco-ad-arsie-ponte-nelle-alpi\/#article","isPartOf":{"@id":"https:\/\/www.bellunopress.it\/2016\/04\/18\/aperte-le-iscrizioni-alla-seconda-edizione-del-corso-affresco-ad-arsie-ponte-nelle-alpi\/"},"author":{"name":"redazione","@id":"https:\/\/www.bellunopress.it\/#\/schema\/person\/79bb06722b37ece1c03d3e94beb30d73"},"headline":"Aperte le iscrizioni alla seconda edizione del corso di affresco ad Arsi\u00e8 di Ponte nelle Alpi","datePublished":"2016-04-18T09:45:07+00:00","mainEntityOfPage":{"@id":"https:\/\/www.bellunopress.it\/2016\/04\/18\/aperte-le-iscrizioni-alla-seconda-edizione-del-corso-affresco-ad-arsie-ponte-nelle-alpi\/"},"wordCount":153,"publisher":{"@id":"https:\/\/www.bellunopress.it\/#organization"},"articleSection":["Appuntamenti, Eventi","Arte, Cultura, Spettacoli, Scienza","Pausa Caff\u00e8"],"inLanguage":"fr-FR"},{"@type":"WebPage","@id":"https:\/\/www.bellunopress.it\/2016\/04\/18\/aperte-le-iscrizioni-alla-seconda-edizione-del-corso-affresco-ad-arsie-ponte-nelle-alpi\/","url":"https:\/\/www.bellunopress.it\/2016\/04\/18\/aperte-le-iscrizioni-alla-seconda-edizione-del-corso-affresco-ad-arsie-ponte-nelle-alpi\/","name":"Aperte le iscrizioni alla seconda edizione del corso di affresco ad Arsi\u00e8 di Ponte nelle Alpi - Bellunopress - Dolomiti","isPartOf":{"@id":"https:\/\/www.bellunopress.it\/#website"},"datePublished":"2016-04-18T09:45:07+00:00","breadcrumb":{"@id":"https:\/\/www.bellunopress.it\/2016\/04\/18\/aperte-le-iscrizioni-alla-seconda-edizione-del-corso-affresco-ad-arsie-ponte-nelle-alpi\/#breadcrumb"},"inLanguage":"fr-FR","potentialAction":[{"@type":"ReadAction","target":["https:\/\/www.bellunopress.it\/2016\/04\/18\/aperte-le-iscrizioni-alla-seconda-edizione-del-corso-affresco-ad-arsie-ponte-nelle-alpi\/"]}]},{"@type":"BreadcrumbList","@id":"https:\/\/www.bellunopress.it\/2016\/04\/18\/aperte-le-iscrizioni-alla-seconda-edizione-del-corso-affresco-ad-arsie-ponte-nelle-alpi\/#breadcrumb","itemListElement":[{"@type":"ListItem","position":1,"name":"Home","item":"https:\/\/www.bellunopress.it\/"},{"@type":"ListItem","position":2,"name":"Aperte le iscrizioni alla seconda edizione del corso di affresco ad Arsi\u00e8 di Ponte nelle Alpi"}]},{"@type":"WebSite","@id":"https:\/\/www.bellunopress.it\/#website","url":"https:\/\/www.bellunopress.it\/","name":"Bellunopress - Dolomiti","description":"e-mail: redazione@bellunopress.it","publisher":{"@id":"https:\/\/www.bellunopress.it\/#organization"},"potentialAction":[{"@type":"SearchAction","target":{"@type":"EntryPoint","urlTemplate":"https:\/\/www.bellunopress.it\/?s={search_term_string}"},"query-input":{"@type":"PropertyValueSpecification","valueRequired":true,"valueName":"search_term_string"}}],"inLanguage":"fr-FR"},{"@type":"Organization","@id":"https:\/\/www.bellunopress.it\/#organization","name":"Bellunopress","url":"https:\/\/www.bellunopress.it\/","logo":{"@type":"ImageObject","inLanguage":"fr-FR","@id":"https:\/\/www.bellunopress.it\/#\/schema\/logo\/image\/","url":"https:\/\/www.bellunopress.it\/wp-content\/uploads\/2011\/05\/cropped-logo-bellunopress-.jpg","contentUrl":"https:\/\/www.bellunopress.it\/wp-content\/uploads\/2011\/05\/cropped-logo-bellunopress-.jpg","width":512,"height":512,"caption":"Bellunopress"},"image":{"@id":"https:\/\/www.bellunopress.it\/#\/schema\/logo\/image\/"},"sameAs":["https:\/\/www.facebook.com\/profile.php?id=100008943462799","https:\/\/x.com\/bellunopress","https:\/\/www.linkedin.com\/hp\/?dnr=JBzUWaJfMUw8vbXJJ2tVW5-I3jZKvC4wsoxE&amp;amp;amp;amp;amp;amp;trk=nav_responsive_tab_home","https:\/\/www.youtube.com\/channel\/UCxL0wu1uN0_3_7hGG0306cw"]},{"@type":"Person","@id":"https:\/\/www.bellunopress.it\/#\/schema\/person\/79bb06722b37ece1c03d3e94beb30d73","name":"r\u00e9daction","image":{"@type":"ImageObject","inLanguage":"fr-FR","@id":"https:\/\/secure.gravatar.com\/avatar\/37d968a2e67a6fd04c169c4bdef102d0bc5d31b2546345219e348575eb80e9a0?s=96&d=mm&r=g","url":"https:\/\/secure.gravatar.com\/avatar\/37d968a2e67a6fd04c169c4bdef102d0bc5d31b2546345219e348575eb80e9a0?s=96&d=mm&r=g","contentUrl":"https:\/\/secure.gravatar.com\/avatar\/37d968a2e67a6fd04c169c4bdef102d0bc5d31b2546345219e348575eb80e9a0?s=96&d=mm&r=g","caption":"redazione"},"sameAs":["http:\/\/www.bellunopress.it","https:\/\/x.com\/bellunopress"],"url":"https:\/\/www.bellunopress.it\/fr\/author\/redazione\/"}]}},"_links":{"self":[{"href":"https:\/\/www.bellunopress.it\/fr\/wp-json\/wp\/v2\/posts\/76964","targetHints":{"allow":["GET"]}}],"collection":[{"href":"https:\/\/www.bellunopress.it\/fr\/wp-json\/wp\/v2\/posts"}],"about":[{"href":"https:\/\/www.bellunopress.it\/fr\/wp-json\/wp\/v2\/types\/post"}],"author":[{"embeddable":true,"href":"https:\/\/www.bellunopress.it\/fr\/wp-json\/wp\/v2\/users\/2"}],"replies":[{"embeddable":true,"href":"https:\/\/www.bellunopress.it\/fr\/wp-json\/wp\/v2\/comments?post=76964"}],"version-history":[{"count":1,"href":"https:\/\/www.bellunopress.it\/fr\/wp-json\/wp\/v2\/posts\/76964\/revisions"}],"predecessor-version":[{"id":76965,"href":"https:\/\/www.bellunopress.it\/fr\/wp-json\/wp\/v2\/posts\/76964\/revisions\/76965"}],"wp:attachment":[{"href":"https:\/\/www.bellunopress.it\/fr\/wp-json\/wp\/v2\/media?parent=76964"}],"wp:term":[{"taxonomy":"category","embeddable":true,"href":"https:\/\/www.bellunopress.it\/fr\/wp-json\/wp\/v2\/categories?post=76964"},{"taxonomy":"post_tag","embeddable":true,"href":"https:\/\/www.bellunopress.it\/fr\/wp-json\/wp\/v2\/tags?post=76964"}],"curies":[{"name":"wp","href":"https:\/\/api.w.org\/{rel}","templated":true}]}}