{"id":7696,"date":"2009-09-03T19:18:55","date_gmt":"2009-09-03T18:18:55","guid":{"rendered":"http:\/\/www.bellunopress.it\/?p=7696"},"modified":"2009-09-03T19:18:55","modified_gmt":"2009-09-03T18:18:55","slug":"rode-che-gira%e2%80%9ddomenica-da-sedico-a-valmorel-con-auto-e-moto-depoca","status":"publish","type":"post","link":"https:\/\/www.bellunopress.it\/fr\/2009\/09\/03\/rode-che-gira%e2%80%9ddomenica-da-sedico-a-valmorel-con-auto-e-moto-depoca\/","title":{"rendered":"&#8220;Rode che Gira\u201ddomenica da Sedico a Valmorel con auto e moto d&#8217;epoca"},"content":{"rendered":"<p><a href=\"http:\/\/www.bellunopress.it\/wp-content\/uploads\/2009\/09\/rode-che-gira.jpg\"><img loading=\"lazy\" decoding=\"async\" class=\"alignleft size-medium wp-image-7698\" title=\"rode-che-gira\" src=\"http:\/\/www.bellunopress.it\/wp-content\/uploads\/2009\/09\/rode-che-gira.jpg\" alt=\"\" width=\"198\" height=\"280\" \/><\/a>A zonzo con mezzi d&#8217;epoca, sulle prealpi bellunesi. Domenica prossima, 6 settembre, l&#8217;appuntamento da non perdere \u00e8 \u201cRode che gira\u201d, il raduno di auto e moto d&#8217;epoca all&#8217;insegna\u00a0 del gusto e del divertimento. Si parte da Sedico, si arriva a Valmorel, tana di Stefano Trevisson (e della sua \u201cOsteria dei miracoli\u201d) che con il patrocinio del Comune di Limana ha avuto l&#8217;idea di radunare appassionati di motori, di musica e di cucina in un unico evento che si snoder\u00e0 lungo tutta la Valbelluna. L&#8217;appuntamento \u00e8 alle 9 e mezza, al \u201cbar dei fiori\u201d di Sedico, per la \u201cpunzonatura\u201d dei mezzi e dei partecipanti. In sella, in macchina, e via, attraverso la valle del Piave verso il Castello di Zumelle, punto di ristoro per uomini e mezzi. Una sosta, una visita allo splendido maniero, il rinfresco (quanto mai gradito) e poi via, di nuovo in viaggio attraverso i \u201cColli mancini\u201d, con un percorso a sospresa che permetter\u00e0 di scoprirne i punti pi\u00f9 belli e magari poco conosciuti. Un percorso che stimoler\u00e0 l&#8217;appetito e che far\u00e0 gustare con piacere il Finger food party che l&#8217;Osteria dei miracoli proporr\u00e0 ai partecipanti. Piatti gustosi e allegri, da assaggiare con le mani prima ancora che con la bocca. Ma la festa a questo punto sar\u00e0 solo iniziata. Il pomeriggio si snoder\u00e0 tra balli e canti, al ritmo della \u201cmusica vinilica\u201d proveniente da una ricca collezione di 45 giri. Ci si potr\u00e0 scatenare fino a sera, ballando successi musicali che, forse colpevolmente, avevamo dimenticato. L&#8217;iscrizione a \u201cRode che gira\u201d, comprensiva di tour, rinfresco e finger food party costa 18 euro. Sono escluse solo le bevande. Per informazioni si pu\u00f2 contattare Stefano Trevisson ai numeri 3403033788 &#8211; 0437908258<\/p>","protected":false},"excerpt":{"rendered":"<p>A zonzo con mezzi d&#8217;epoca, sulle prealpi bellunesi. Domenica prossima, 6 settembre, l&#8217;appuntamento da non perdere \u00e8 \u201cRode che gira\u201d, il raduno di auto e moto d&#8217;epoca all&#8217;insegna\u00a0 del gusto e del divertimento. Si parte da Sedico, si arriva a Valmorel, tana di Stefano Trevisson (e della sua \u201cOsteria dei miracoli\u201d) che con il patrocinio [&hellip;]<\/p>\n","protected":false},"author":2,"featured_media":0,"comment_status":"closed","ping_status":"open","sticky":false,"template":"","format":"standard","meta":{"footnotes":""},"categories":[27,26],"tags":[139],"class_list":["post-7696","post","type-post","status-publish","format-standard","category-appuntamenti","category-prima-pagina","tag-belluno"],"yoast_head":"<!-- This site is optimized with the Yoast SEO plugin v28.4 - https:\/\/yoast.com\/product\/yoast-seo-wordpress\/ -->\n<title>&quot;Rode che Gira\u201ddomenica da Sedico a Valmorel con auto e moto d&#039;epoca  - Bellunopress - Dolomiti<\/title>\n<meta name=\"robots\" content=\"index, follow, max-snippet:-1, max-image-preview:large, max-video-preview:-1\" \/>\n<link rel=\"canonical\" href=\"https:\/\/www.bellunopress.it\/fr\/2009\/09\/03\/rode-che-gira\u201ddomenica-da-sedico-a-valmorel-con-auto-e-moto-depoca\/\" \/>\n<meta property=\"og:locale\" content=\"fr_FR\" \/>\n<meta property=\"og:type\" content=\"article\" \/>\n<meta property=\"og:title\" content=\"&quot;Rode che Gira\u201ddomenica da Sedico a Valmorel con auto e moto d&#039;epoca  - Bellunopress - Dolomiti\" \/>\n<meta property=\"og:description\" content=\"A zonzo con mezzi d&#8217;epoca, sulle prealpi bellunesi. Domenica prossima, 6 settembre, l&#8217;appuntamento da non perdere \u00e8 \u201cRode che gira\u201d, il raduno di auto e moto d&#8217;epoca all&#8217;insegna\u00a0 del gusto e del divertimento. Si parte da Sedico, si arriva a Valmorel, tana di Stefano Trevisson (e della sua \u201cOsteria dei miracoli\u201d) che con il patrocinio [&hellip;]\" \/>\n<meta property=\"og:url\" content=\"https:\/\/www.bellunopress.it\/fr\/2009\/09\/03\/rode-che-gira\u201ddomenica-da-sedico-a-valmorel-con-auto-e-moto-depoca\/\" \/>\n<meta property=\"og:site_name\" content=\"Bellunopress - Dolomiti\" \/>\n<meta property=\"article:publisher\" content=\"https:\/\/www.facebook.com\/profile.php?id=100008943462799\" \/>\n<meta property=\"article:published_time\" content=\"2009-09-03T18:18:55+00:00\" \/>\n<meta property=\"og:image\" content=\"http:\/\/www.bellunopress.it\/wp-content\/uploads\/2009\/09\/rode-che-gira.jpg\" \/>\n<meta name=\"author\" content=\"redazione\" \/>\n<meta name=\"twitter:card\" content=\"summary_large_image\" \/>\n<meta name=\"twitter:creator\" content=\"@bellunopress\" \/>\n<meta name=\"twitter:site\" content=\"@bellunopress\" \/>\n<meta name=\"twitter:label1\" content=\"\u00c9crit par\" \/>\n\t<meta name=\"twitter:data1\" content=\"redazione\" \/>\n\t<meta name=\"twitter:label2\" content=\"Dur\u00e9e de lecture estim\u00e9e\" \/>\n\t<meta name=\"twitter:data2\" content=\"1 minute\" \/>\n<script type=\"application\/ld+json\" class=\"yoast-schema-graph\">{\"@context\":\"https:\\\/\\\/schema.org\",\"@graph\":[{\"@type\":\"Article\",\"@id\":\"https:\\\/\\\/www.bellunopress.it\\\/2009\\\/09\\\/03\\\/rode-che-gira%e2%80%9ddomenica-da-sedico-a-valmorel-con-auto-e-moto-depoca\\\/#article\",\"isPartOf\":{\"@id\":\"https:\\\/\\\/www.bellunopress.it\\\/2009\\\/09\\\/03\\\/rode-che-gira%e2%80%9ddomenica-da-sedico-a-valmorel-con-auto-e-moto-depoca\\\/\"},\"author\":{\"name\":\"redazione\",\"@id\":\"https:\\\/\\\/www.bellunopress.it\\\/#\\\/schema\\\/person\\\/79bb06722b37ece1c03d3e94beb30d73\"},\"headline\":\"&#8220;Rode che Gira\u201ddomenica da Sedico a Valmorel con auto e moto d&#8217;epoca\",\"datePublished\":\"2009-09-03T18:18:55+00:00\",\"mainEntityOfPage\":{\"@id\":\"https:\\\/\\\/www.bellunopress.it\\\/2009\\\/09\\\/03\\\/rode-che-gira%e2%80%9ddomenica-da-sedico-a-valmorel-con-auto-e-moto-depoca\\\/\"},\"wordCount\":296,\"publisher\":{\"@id\":\"https:\\\/\\\/www.bellunopress.it\\\/#organization\"},\"image\":{\"@id\":\"https:\\\/\\\/www.bellunopress.it\\\/2009\\\/09\\\/03\\\/rode-che-gira%e2%80%9ddomenica-da-sedico-a-valmorel-con-auto-e-moto-depoca\\\/#primaryimage\"},\"thumbnailUrl\":\"http:\\\/\\\/www.bellunopress.it\\\/wp-content\\\/uploads\\\/2009\\\/09\\\/rode-che-gira.jpg\",\"keywords\":[\"Belluno\"],\"articleSection\":[\"Appuntamenti, Eventi\",\"Prima Pagina\"],\"inLanguage\":\"fr-FR\"},{\"@type\":\"WebPage\",\"@id\":\"https:\\\/\\\/www.bellunopress.it\\\/2009\\\/09\\\/03\\\/rode-che-gira%e2%80%9ddomenica-da-sedico-a-valmorel-con-auto-e-moto-depoca\\\/\",\"url\":\"https:\\\/\\\/www.bellunopress.it\\\/2009\\\/09\\\/03\\\/rode-che-gira%e2%80%9ddomenica-da-sedico-a-valmorel-con-auto-e-moto-depoca\\\/\",\"name\":\"\\\"Rode che Gira\u201ddomenica da Sedico a Valmorel con auto e moto d'epoca - Bellunopress - Dolomiti\",\"isPartOf\":{\"@id\":\"https:\\\/\\\/www.bellunopress.it\\\/#website\"},\"primaryImageOfPage\":{\"@id\":\"https:\\\/\\\/www.bellunopress.it\\\/2009\\\/09\\\/03\\\/rode-che-gira%e2%80%9ddomenica-da-sedico-a-valmorel-con-auto-e-moto-depoca\\\/#primaryimage\"},\"image\":{\"@id\":\"https:\\\/\\\/www.bellunopress.it\\\/2009\\\/09\\\/03\\\/rode-che-gira%e2%80%9ddomenica-da-sedico-a-valmorel-con-auto-e-moto-depoca\\\/#primaryimage\"},\"thumbnailUrl\":\"http:\\\/\\\/www.bellunopress.it\\\/wp-content\\\/uploads\\\/2009\\\/09\\\/rode-che-gira.jpg\",\"datePublished\":\"2009-09-03T18:18:55+00:00\",\"breadcrumb\":{\"@id\":\"https:\\\/\\\/www.bellunopress.it\\\/2009\\\/09\\\/03\\\/rode-che-gira%e2%80%9ddomenica-da-sedico-a-valmorel-con-auto-e-moto-depoca\\\/#breadcrumb\"},\"inLanguage\":\"fr-FR\",\"potentialAction\":[{\"@type\":\"ReadAction\",\"target\":[\"https:\\\/\\\/www.bellunopress.it\\\/2009\\\/09\\\/03\\\/rode-che-gira%e2%80%9ddomenica-da-sedico-a-valmorel-con-auto-e-moto-depoca\\\/\"]}]},{\"@type\":\"ImageObject\",\"inLanguage\":\"fr-FR\",\"@id\":\"https:\\\/\\\/www.bellunopress.it\\\/2009\\\/09\\\/03\\\/rode-che-gira%e2%80%9ddomenica-da-sedico-a-valmorel-con-auto-e-moto-depoca\\\/#primaryimage\",\"url\":\"http:\\\/\\\/www.bellunopress.it\\\/wp-content\\\/uploads\\\/2009\\\/09\\\/rode-che-gira.jpg\",\"contentUrl\":\"http:\\\/\\\/www.bellunopress.it\\\/wp-content\\\/uploads\\\/2009\\\/09\\\/rode-che-gira.jpg\"},{\"@type\":\"BreadcrumbList\",\"@id\":\"https:\\\/\\\/www.bellunopress.it\\\/2009\\\/09\\\/03\\\/rode-che-gira%e2%80%9ddomenica-da-sedico-a-valmorel-con-auto-e-moto-depoca\\\/#breadcrumb\",\"itemListElement\":[{\"@type\":\"ListItem\",\"position\":1,\"name\":\"Home\",\"item\":\"https:\\\/\\\/www.bellunopress.it\\\/\"},{\"@type\":\"ListItem\",\"position\":2,\"name\":\"&#8220;Rode che Gira\u201ddomenica da Sedico a Valmorel con auto e moto d&#8217;epoca\"}]},{\"@type\":\"WebSite\",\"@id\":\"https:\\\/\\\/www.bellunopress.it\\\/#website\",\"url\":\"https:\\\/\\\/www.bellunopress.it\\\/\",\"name\":\"Bellunopress - Dolomiti\",\"description\":\"e-mail: redazione@bellunopress.it\",\"publisher\":{\"@id\":\"https:\\\/\\\/www.bellunopress.it\\\/#organization\"},\"potentialAction\":[{\"@type\":\"SearchAction\",\"target\":{\"@type\":\"EntryPoint\",\"urlTemplate\":\"https:\\\/\\\/www.bellunopress.it\\\/?s={search_term_string}\"},\"query-input\":{\"@type\":\"PropertyValueSpecification\",\"valueRequired\":true,\"valueName\":\"search_term_string\"}}],\"inLanguage\":\"fr-FR\"},{\"@type\":\"Organization\",\"@id\":\"https:\\\/\\\/www.bellunopress.it\\\/#organization\",\"name\":\"Bellunopress\",\"url\":\"https:\\\/\\\/www.bellunopress.it\\\/\",\"logo\":{\"@type\":\"ImageObject\",\"inLanguage\":\"fr-FR\",\"@id\":\"https:\\\/\\\/www.bellunopress.it\\\/#\\\/schema\\\/logo\\\/image\\\/\",\"url\":\"https:\\\/\\\/www.bellunopress.it\\\/wp-content\\\/uploads\\\/2011\\\/05\\\/cropped-logo-bellunopress-.jpg\",\"contentUrl\":\"https:\\\/\\\/www.bellunopress.it\\\/wp-content\\\/uploads\\\/2011\\\/05\\\/cropped-logo-bellunopress-.jpg\",\"width\":512,\"height\":512,\"caption\":\"Bellunopress\"},\"image\":{\"@id\":\"https:\\\/\\\/www.bellunopress.it\\\/#\\\/schema\\\/logo\\\/image\\\/\"},\"sameAs\":[\"https:\\\/\\\/www.facebook.com\\\/profile.php?id=100008943462799\",\"https:\\\/\\\/x.com\\\/bellunopress\",\"https:\\\/\\\/www.linkedin.com\\\/hp\\\/?dnr=JBzUWaJfMUw8vbXJJ2tVW5-I3jZKvC4wsoxE&amp;amp;amp;amp;amp;amp;trk=nav_responsive_tab_home\",\"https:\\\/\\\/www.youtube.com\\\/channel\\\/UCxL0wu1uN0_3_7hGG0306cw\"]},{\"@type\":\"Person\",\"@id\":\"https:\\\/\\\/www.bellunopress.it\\\/#\\\/schema\\\/person\\\/79bb06722b37ece1c03d3e94beb30d73\",\"name\":\"redazione\",\"image\":{\"@type\":\"ImageObject\",\"inLanguage\":\"fr-FR\",\"@id\":\"https:\\\/\\\/secure.gravatar.com\\\/avatar\\\/37d968a2e67a6fd04c169c4bdef102d0bc5d31b2546345219e348575eb80e9a0?s=96&d=mm&r=g\",\"url\":\"https:\\\/\\\/secure.gravatar.com\\\/avatar\\\/37d968a2e67a6fd04c169c4bdef102d0bc5d31b2546345219e348575eb80e9a0?s=96&d=mm&r=g\",\"contentUrl\":\"https:\\\/\\\/secure.gravatar.com\\\/avatar\\\/37d968a2e67a6fd04c169c4bdef102d0bc5d31b2546345219e348575eb80e9a0?s=96&d=mm&r=g\",\"caption\":\"redazione\"},\"sameAs\":[\"http:\\\/\\\/www.bellunopress.it\",\"https:\\\/\\\/x.com\\\/bellunopress\"],\"url\":\"https:\\\/\\\/www.bellunopress.it\\\/fr\\\/author\\\/redazione\\\/\"}]}<\/script>\n<!-- \/ Yoast SEO plugin. -->","yoast_head_json":{"title":"\"Rode che Gira\u201ddomenica da Sedico a Valmorel con auto e moto d'epoca  - Bellunopress - Dolomiti","robots":{"index":"index","follow":"follow","max-snippet":"max-snippet:-1","max-image-preview":"max-image-preview:large","max-video-preview":"max-video-preview:-1"},"canonical":"https:\/\/www.bellunopress.it\/fr\/2009\/09\/03\/rode-che-gira\u201ddomenica-da-sedico-a-valmorel-con-auto-e-moto-depoca\/","og_locale":"fr_FR","og_type":"article","og_title":"\"Rode che Gira\u201ddomenica da Sedico a Valmorel con auto e moto d'epoca  - Bellunopress - Dolomiti","og_description":"A zonzo con mezzi d&#8217;epoca, sulle prealpi bellunesi. Domenica prossima, 6 settembre, l&#8217;appuntamento da non perdere \u00e8 \u201cRode che gira\u201d, il raduno di auto e moto d&#8217;epoca all&#8217;insegna\u00a0 del gusto e del divertimento. Si parte da Sedico, si arriva a Valmorel, tana di Stefano Trevisson (e della sua \u201cOsteria dei miracoli\u201d) che con il patrocinio [&hellip;]","og_url":"https:\/\/www.bellunopress.it\/fr\/2009\/09\/03\/rode-che-gira\u201ddomenica-da-sedico-a-valmorel-con-auto-e-moto-depoca\/","og_site_name":"Bellunopress - Dolomiti","article_publisher":"https:\/\/www.facebook.com\/profile.php?id=100008943462799","article_published_time":"2009-09-03T18:18:55+00:00","og_image":[{"url":"http:\/\/www.bellunopress.it\/wp-content\/uploads\/2009\/09\/rode-che-gira.jpg","type":"","width":"","height":""}],"author":"redazione","twitter_card":"summary_large_image","twitter_creator":"@bellunopress","twitter_site":"@bellunopress","twitter_misc":{"\u00c9crit par":"redazione","Dur\u00e9e de lecture estim\u00e9e":"1 minute"},"schema":{"@context":"https:\/\/schema.org","@graph":[{"@type":"Article","@id":"https:\/\/www.bellunopress.it\/2009\/09\/03\/rode-che-gira%e2%80%9ddomenica-da-sedico-a-valmorel-con-auto-e-moto-depoca\/#article","isPartOf":{"@id":"https:\/\/www.bellunopress.it\/2009\/09\/03\/rode-che-gira%e2%80%9ddomenica-da-sedico-a-valmorel-con-auto-e-moto-depoca\/"},"author":{"name":"redazione","@id":"https:\/\/www.bellunopress.it\/#\/schema\/person\/79bb06722b37ece1c03d3e94beb30d73"},"headline":"&#8220;Rode che Gira\u201ddomenica da Sedico a Valmorel con auto e moto d&#8217;epoca","datePublished":"2009-09-03T18:18:55+00:00","mainEntityOfPage":{"@id":"https:\/\/www.bellunopress.it\/2009\/09\/03\/rode-che-gira%e2%80%9ddomenica-da-sedico-a-valmorel-con-auto-e-moto-depoca\/"},"wordCount":296,"publisher":{"@id":"https:\/\/www.bellunopress.it\/#organization"},"image":{"@id":"https:\/\/www.bellunopress.it\/2009\/09\/03\/rode-che-gira%e2%80%9ddomenica-da-sedico-a-valmorel-con-auto-e-moto-depoca\/#primaryimage"},"thumbnailUrl":"http:\/\/www.bellunopress.it\/wp-content\/uploads\/2009\/09\/rode-che-gira.jpg","keywords":["Belluno"],"articleSection":["Appuntamenti, Eventi","Prima Pagina"],"inLanguage":"fr-FR"},{"@type":"WebPage","@id":"https:\/\/www.bellunopress.it\/2009\/09\/03\/rode-che-gira%e2%80%9ddomenica-da-sedico-a-valmorel-con-auto-e-moto-depoca\/","url":"https:\/\/www.bellunopress.it\/2009\/09\/03\/rode-che-gira%e2%80%9ddomenica-da-sedico-a-valmorel-con-auto-e-moto-depoca\/","name":"\"Rode che Gira\u201ddomenica da Sedico a Valmorel con auto e moto d'epoca - Bellunopress - Dolomiti","isPartOf":{"@id":"https:\/\/www.bellunopress.it\/#website"},"primaryImageOfPage":{"@id":"https:\/\/www.bellunopress.it\/2009\/09\/03\/rode-che-gira%e2%80%9ddomenica-da-sedico-a-valmorel-con-auto-e-moto-depoca\/#primaryimage"},"image":{"@id":"https:\/\/www.bellunopress.it\/2009\/09\/03\/rode-che-gira%e2%80%9ddomenica-da-sedico-a-valmorel-con-auto-e-moto-depoca\/#primaryimage"},"thumbnailUrl":"http:\/\/www.bellunopress.it\/wp-content\/uploads\/2009\/09\/rode-che-gira.jpg","datePublished":"2009-09-03T18:18:55+00:00","breadcrumb":{"@id":"https:\/\/www.bellunopress.it\/2009\/09\/03\/rode-che-gira%e2%80%9ddomenica-da-sedico-a-valmorel-con-auto-e-moto-depoca\/#breadcrumb"},"inLanguage":"fr-FR","potentialAction":[{"@type":"ReadAction","target":["https:\/\/www.bellunopress.it\/2009\/09\/03\/rode-che-gira%e2%80%9ddomenica-da-sedico-a-valmorel-con-auto-e-moto-depoca\/"]}]},{"@type":"ImageObject","inLanguage":"fr-FR","@id":"https:\/\/www.bellunopress.it\/2009\/09\/03\/rode-che-gira%e2%80%9ddomenica-da-sedico-a-valmorel-con-auto-e-moto-depoca\/#primaryimage","url":"http:\/\/www.bellunopress.it\/wp-content\/uploads\/2009\/09\/rode-che-gira.jpg","contentUrl":"http:\/\/www.bellunopress.it\/wp-content\/uploads\/2009\/09\/rode-che-gira.jpg"},{"@type":"BreadcrumbList","@id":"https:\/\/www.bellunopress.it\/2009\/09\/03\/rode-che-gira%e2%80%9ddomenica-da-sedico-a-valmorel-con-auto-e-moto-depoca\/#breadcrumb","itemListElement":[{"@type":"ListItem","position":1,"name":"Home","item":"https:\/\/www.bellunopress.it\/"},{"@type":"ListItem","position":2,"name":"&#8220;Rode che Gira\u201ddomenica da Sedico a Valmorel con auto e moto d&#8217;epoca"}]},{"@type":"WebSite","@id":"https:\/\/www.bellunopress.it\/#website","url":"https:\/\/www.bellunopress.it\/","name":"Bellunopress - Dolomiti","description":"e-mail: redazione@bellunopress.it","publisher":{"@id":"https:\/\/www.bellunopress.it\/#organization"},"potentialAction":[{"@type":"SearchAction","target":{"@type":"EntryPoint","urlTemplate":"https:\/\/www.bellunopress.it\/?s={search_term_string}"},"query-input":{"@type":"PropertyValueSpecification","valueRequired":true,"valueName":"search_term_string"}}],"inLanguage":"fr-FR"},{"@type":"Organization","@id":"https:\/\/www.bellunopress.it\/#organization","name":"Bellunopress","url":"https:\/\/www.bellunopress.it\/","logo":{"@type":"ImageObject","inLanguage":"fr-FR","@id":"https:\/\/www.bellunopress.it\/#\/schema\/logo\/image\/","url":"https:\/\/www.bellunopress.it\/wp-content\/uploads\/2011\/05\/cropped-logo-bellunopress-.jpg","contentUrl":"https:\/\/www.bellunopress.it\/wp-content\/uploads\/2011\/05\/cropped-logo-bellunopress-.jpg","width":512,"height":512,"caption":"Bellunopress"},"image":{"@id":"https:\/\/www.bellunopress.it\/#\/schema\/logo\/image\/"},"sameAs":["https:\/\/www.facebook.com\/profile.php?id=100008943462799","https:\/\/x.com\/bellunopress","https:\/\/www.linkedin.com\/hp\/?dnr=JBzUWaJfMUw8vbXJJ2tVW5-I3jZKvC4wsoxE&amp;amp;amp;amp;amp;amp;trk=nav_responsive_tab_home","https:\/\/www.youtube.com\/channel\/UCxL0wu1uN0_3_7hGG0306cw"]},{"@type":"Person","@id":"https:\/\/www.bellunopress.it\/#\/schema\/person\/79bb06722b37ece1c03d3e94beb30d73","name":"r\u00e9daction","image":{"@type":"ImageObject","inLanguage":"fr-FR","@id":"https:\/\/secure.gravatar.com\/avatar\/37d968a2e67a6fd04c169c4bdef102d0bc5d31b2546345219e348575eb80e9a0?s=96&d=mm&r=g","url":"https:\/\/secure.gravatar.com\/avatar\/37d968a2e67a6fd04c169c4bdef102d0bc5d31b2546345219e348575eb80e9a0?s=96&d=mm&r=g","contentUrl":"https:\/\/secure.gravatar.com\/avatar\/37d968a2e67a6fd04c169c4bdef102d0bc5d31b2546345219e348575eb80e9a0?s=96&d=mm&r=g","caption":"redazione"},"sameAs":["http:\/\/www.bellunopress.it","https:\/\/x.com\/bellunopress"],"url":"https:\/\/www.bellunopress.it\/fr\/author\/redazione\/"}]}},"_links":{"self":[{"href":"https:\/\/www.bellunopress.it\/fr\/wp-json\/wp\/v2\/posts\/7696","targetHints":{"allow":["GET"]}}],"collection":[{"href":"https:\/\/www.bellunopress.it\/fr\/wp-json\/wp\/v2\/posts"}],"about":[{"href":"https:\/\/www.bellunopress.it\/fr\/wp-json\/wp\/v2\/types\/post"}],"author":[{"embeddable":true,"href":"https:\/\/www.bellunopress.it\/fr\/wp-json\/wp\/v2\/users\/2"}],"replies":[{"embeddable":true,"href":"https:\/\/www.bellunopress.it\/fr\/wp-json\/wp\/v2\/comments?post=7696"}],"version-history":[{"count":1,"href":"https:\/\/www.bellunopress.it\/fr\/wp-json\/wp\/v2\/posts\/7696\/revisions"}],"predecessor-version":[{"id":7699,"href":"https:\/\/www.bellunopress.it\/fr\/wp-json\/wp\/v2\/posts\/7696\/revisions\/7699"}],"wp:attachment":[{"href":"https:\/\/www.bellunopress.it\/fr\/wp-json\/wp\/v2\/media?parent=7696"}],"wp:term":[{"taxonomy":"category","embeddable":true,"href":"https:\/\/www.bellunopress.it\/fr\/wp-json\/wp\/v2\/categories?post=7696"},{"taxonomy":"post_tag","embeddable":true,"href":"https:\/\/www.bellunopress.it\/fr\/wp-json\/wp\/v2\/tags?post=7696"}],"curies":[{"name":"wp","href":"https:\/\/api.w.org\/{rel}","templated":true}]}}