{"id":76947,"date":"2016-04-17T17:12:08","date_gmt":"2016-04-17T15:12:08","guid":{"rendered":"http:\/\/www.bellunopress.it\/?p=76947"},"modified":"2016-04-17T17:14:53","modified_gmt":"2016-04-17T15:14:53","slug":"quella-volta-frank-sinatra-sul-set-de-colonnello-ryan-licenzia-le-comparse-perarolo-prendere-quelle-pieve-cadore","status":"publish","type":"post","link":"https:\/\/www.bellunopress.it\/fr\/2016\/04\/17\/quella-volta-frank-sinatra-sul-set-de-colonnello-ryan-licenzia-le-comparse-perarolo-prendere-quelle-pieve-cadore\/","title":{"rendered":"Quella volta che Frank Sinatra sul set de &#8220;Il colonnello Ryan&#8221; licenzia le comparse di Perarolo per prendere quelle di Pieve di Cadore"},"content":{"rendered":"<p><del><a href=\"http:\/\/www.bellunopress.it\/wp-content\/uploads\/2016\/04\/raffaela-carr\u00e0-a-perarolo-film-von-ryan.jpg\"><img loading=\"lazy\" decoding=\"async\" class=\"alignleft size-full wp-image-76948\" src=\"http:\/\/www.bellunopress.it\/wp-content\/uploads\/2016\/04\/raffaela-carr\u00e0-a-perarolo-film-von-ryan.jpg\" alt=\"raffaela carr\u00e0 a perarolo film von ryan\" width=\"300\" height=\"281\" \/><\/a><\/del>Siamo nel settembre del 1964. A Perarolo di Cadore Frank Sinatra allora 50enne sta girando alcuni esterni del film Il colonnello Von Ryan (Von Ryan&#8217;s Express) diretto dal regista Mark Robson, tratto dal romanzo di David Westheimer ambientato nella II Guerra mondiale, che uscir\u00e0 nelle sale l&#8217;anno successivo. Tra il cast di attori c&#8217;\u00e8 anche Raffaella Carr\u00e0, nome d&#8217;arte della 21enne Raffaella Maria Roberta Pelloni.<\/p>\n<p>Nel film, Frank Sinatra impersona il colonnello dell&#8217;aviazione statunitense Ryan, che ha il compito di organizzare azioni di sabotaggio per impedire ai nazisti di trasportare nei campi di concentramento i prigionieri inglesi con i convogli ferroviari. Le scene sulla linea ferroviaria verso la Svizzera vengono girate sulla Belluno &#8211; Calalzo nella tratta fra Castellavazzo e Sottocastello. C&#8217;\u00e8 anche una battaglia tra gli anglo-americani di Ryan e i tedeschi, che viene girata all&#8217;interno della galleria Cidolo, vicino al ponte sul torrente Boite. Per poter realizzare le scene, la direzione generale delle Ferrovie dello Stato aveva concesso alla Fox la disponibilit\u00e0 per una intera mattinata fino alle prime ore del pomeriggio della linea ferroviaria, cancellando tutte le corse Perarolo &#8211; Calalzo. La decisione, tra l&#8217;altro, aveva infastidito non poco gli albergatori del Cadore e le aziende di soggiorno, che fecero immediatamente notare come queste interruzioni del servizio si sarebbero inevitabilmente ripercosse provocando danni economici.<\/p>\n<p><a href=\"http:\/\/www.bellunopress.it\/wp-content\/uploads\/2016\/04\/frank-sinatra-rafaella-carra-.jpg\"><img loading=\"lazy\" decoding=\"async\" class=\"alignleft size-full wp-image-76949\" src=\"http:\/\/www.bellunopress.it\/wp-content\/uploads\/2016\/04\/frank-sinatra-rafaella-carra-.jpg\" alt=\"frank-sinatra--rafaella-carra-\" width=\"190\" height=\"160\" \/><\/a>A creare ulteriore malcontento ci si mette pure Frank Sinatra. Che all&#8217;ultimo momento decide di reclutare le comparse a Pieve di Cadore lasciando a casa i giovani di Perarolo precedentemente scelti per vestire i panni dei soldati inglesi e tedeschi. Inevitabile la protesta degli esclusi, che pretendevano un equo indennizzo dalla casa produttrice, dal momento che avevano pattuito di\u00a0 tenersi a disposizione, e molti di loro avevano lasciato temporaneamente il lavoro, attirati dai compensi che erano stati promessi.<\/p>\n<p>Non basta.<\/p>\n<p>Il 23 settembre 1964 si verifica anche un incidente all&#8217;aeroporto di Belluno. Uno dei tre aerei impiegati nel corso delle riprese, che tra l&#8217;altro avevano partecipato alle azioni di appoggio allo sbarco in Normandia, precipita in fase di atterraggio. Si tratta di un Noth B1002 biposto utilizzato per la sua assomiglianza con i caccia tedeschi.<\/p>\n<p>L&#8217;aereo di propriet\u00e0 del francese Alexandre Renault stava per rientrare. Ai comandi c&#8217;era l&#8217;ex pilota francese dell&#8217;aeronautica militare, il 37enne Paul Canal, rimasto miracolosamente incolume, dopo che il velivolo tocca il terreno con un&#8217;ala cadendo.<\/p>\n<p>(rdn)<\/p>\n<p>Fonte: Corriere della Sera<\/p>\n<p>&nbsp;<\/p>","protected":false},"excerpt":{"rendered":"<p>Siamo nel settembre del 1964. A Perarolo di Cadore Frank Sinatra allora 50enne sta girando alcuni esterni del film Il colonnello Von Ryan (Von Ryan&#8217;s Express) diretto dal regista Mark Robson, tratto dal romanzo di David Westheimer ambientato nella II Guerra mondiale, che uscir\u00e0 nelle sale l&#8217;anno successivo. Tra il cast di attori c&#8217;\u00e8 anche [&hellip;]<\/p>\n","protected":false},"author":2,"featured_media":0,"comment_status":"closed","ping_status":"open","sticky":false,"template":"","format":"standard","meta":{"footnotes":""},"categories":[3,26],"tags":[],"class_list":["post-76947","post","type-post","status-publish","format-standard","category-arte-cultura-spettacoli-scienza-archivi","category-prima-pagina"],"yoast_head":"<!-- This site is optimized with the Yoast SEO plugin v28.4 - https:\/\/yoast.com\/product\/yoast-seo-wordpress\/ -->\n<title>Quella volta che Frank Sinatra sul set de &quot;Il colonnello Ryan&quot; licenzia le comparse di Perarolo per prendere quelle di Pieve di Cadore - Bellunopress - Dolomiti<\/title>\n<meta name=\"robots\" content=\"index, follow, max-snippet:-1, max-image-preview:large, max-video-preview:-1\" \/>\n<link rel=\"canonical\" href=\"https:\/\/www.bellunopress.it\/fr\/2016\/04\/17\/quella-volta-frank-sinatra-sul-set-de-colonnello-ryan-licenzia-le-comparse-perarolo-prendere-quelle-pieve-cadore\/\" \/>\n<meta property=\"og:locale\" content=\"fr_FR\" \/>\n<meta property=\"og:type\" content=\"article\" \/>\n<meta property=\"og:title\" content=\"Quella volta che Frank Sinatra sul set de &quot;Il colonnello Ryan&quot; licenzia le comparse di Perarolo per prendere quelle di Pieve di Cadore - Bellunopress - Dolomiti\" \/>\n<meta property=\"og:description\" content=\"Siamo nel settembre del 1964. A Perarolo di Cadore Frank Sinatra allora 50enne sta girando alcuni esterni del film Il colonnello Von Ryan (Von Ryan&#8217;s Express) diretto dal regista Mark Robson, tratto dal romanzo di David Westheimer ambientato nella II Guerra mondiale, che uscir\u00e0 nelle sale l&#8217;anno successivo. Tra il cast di attori c&#8217;\u00e8 anche [&hellip;]\" \/>\n<meta property=\"og:url\" content=\"https:\/\/www.bellunopress.it\/fr\/2016\/04\/17\/quella-volta-frank-sinatra-sul-set-de-colonnello-ryan-licenzia-le-comparse-perarolo-prendere-quelle-pieve-cadore\/\" \/>\n<meta property=\"og:site_name\" content=\"Bellunopress - Dolomiti\" \/>\n<meta property=\"article:publisher\" content=\"https:\/\/www.facebook.com\/profile.php?id=100008943462799\" \/>\n<meta property=\"article:published_time\" content=\"2016-04-17T15:12:08+00:00\" \/>\n<meta property=\"article:modified_time\" content=\"2016-04-17T15:14:53+00:00\" \/>\n<meta property=\"og:image\" content=\"http:\/\/www.bellunopress.it\/wp-content\/uploads\/2016\/04\/raffaela-carr\u00e0-a-perarolo-film-von-ryan.jpg\" \/>\n<meta name=\"author\" content=\"redazione\" \/>\n<meta name=\"twitter:card\" content=\"summary_large_image\" \/>\n<meta name=\"twitter:creator\" content=\"@bellunopress\" \/>\n<meta name=\"twitter:site\" content=\"@bellunopress\" \/>\n<meta name=\"twitter:label1\" content=\"Written by\" \/>\n\t<meta name=\"twitter:data1\" content=\"redazione\" \/>\n\t<meta name=\"twitter:label2\" content=\"Est. reading time\" \/>\n\t<meta name=\"twitter:data2\" content=\"2 minutes\" \/>\n<script type=\"application\/ld+json\" class=\"yoast-schema-graph\">{\"@context\":\"https:\\\/\\\/schema.org\",\"@graph\":[{\"@type\":\"Article\",\"@id\":\"https:\\\/\\\/www.bellunopress.it\\\/2016\\\/04\\\/17\\\/quella-volta-frank-sinatra-sul-set-de-colonnello-ryan-licenzia-le-comparse-perarolo-prendere-quelle-pieve-cadore\\\/#article\",\"isPartOf\":{\"@id\":\"https:\\\/\\\/www.bellunopress.it\\\/2016\\\/04\\\/17\\\/quella-volta-frank-sinatra-sul-set-de-colonnello-ryan-licenzia-le-comparse-perarolo-prendere-quelle-pieve-cadore\\\/\"},\"author\":{\"name\":\"redazione\",\"@id\":\"https:\\\/\\\/www.bellunopress.it\\\/#\\\/schema\\\/person\\\/79bb06722b37ece1c03d3e94beb30d73\"},\"headline\":\"Quella volta che Frank Sinatra sul set de &#8220;Il colonnello Ryan&#8221; licenzia le comparse di Perarolo per prendere quelle di Pieve di Cadore\",\"datePublished\":\"2016-04-17T15:12:08+00:00\",\"dateModified\":\"2016-04-17T15:14:53+00:00\",\"mainEntityOfPage\":{\"@id\":\"https:\\\/\\\/www.bellunopress.it\\\/2016\\\/04\\\/17\\\/quella-volta-frank-sinatra-sul-set-de-colonnello-ryan-licenzia-le-comparse-perarolo-prendere-quelle-pieve-cadore\\\/\"},\"wordCount\":427,\"publisher\":{\"@id\":\"https:\\\/\\\/www.bellunopress.it\\\/#organization\"},\"image\":{\"@id\":\"https:\\\/\\\/www.bellunopress.it\\\/2016\\\/04\\\/17\\\/quella-volta-frank-sinatra-sul-set-de-colonnello-ryan-licenzia-le-comparse-perarolo-prendere-quelle-pieve-cadore\\\/#primaryimage\"},\"thumbnailUrl\":\"http:\\\/\\\/www.bellunopress.it\\\/wp-content\\\/uploads\\\/2016\\\/04\\\/frank-sinatra-rafaella-carra-.jpg\",\"articleSection\":[\"Arte, Cultura, Spettacoli, Scienza\",\"Prima Pagina\"],\"inLanguage\":\"fr-FR\"},{\"@type\":\"WebPage\",\"@id\":\"https:\\\/\\\/www.bellunopress.it\\\/2016\\\/04\\\/17\\\/quella-volta-frank-sinatra-sul-set-de-colonnello-ryan-licenzia-le-comparse-perarolo-prendere-quelle-pieve-cadore\\\/\",\"url\":\"https:\\\/\\\/www.bellunopress.it\\\/2016\\\/04\\\/17\\\/quella-volta-frank-sinatra-sul-set-de-colonnello-ryan-licenzia-le-comparse-perarolo-prendere-quelle-pieve-cadore\\\/\",\"name\":\"Quella volta che Frank Sinatra sul set de \\\"Il colonnello Ryan\\\" licenzia le comparse di Perarolo per prendere quelle di Pieve di Cadore - Bellunopress - Dolomiti\",\"isPartOf\":{\"@id\":\"https:\\\/\\\/www.bellunopress.it\\\/#website\"},\"primaryImageOfPage\":{\"@id\":\"https:\\\/\\\/www.bellunopress.it\\\/2016\\\/04\\\/17\\\/quella-volta-frank-sinatra-sul-set-de-colonnello-ryan-licenzia-le-comparse-perarolo-prendere-quelle-pieve-cadore\\\/#primaryimage\"},\"image\":{\"@id\":\"https:\\\/\\\/www.bellunopress.it\\\/2016\\\/04\\\/17\\\/quella-volta-frank-sinatra-sul-set-de-colonnello-ryan-licenzia-le-comparse-perarolo-prendere-quelle-pieve-cadore\\\/#primaryimage\"},\"thumbnailUrl\":\"http:\\\/\\\/www.bellunopress.it\\\/wp-content\\\/uploads\\\/2016\\\/04\\\/frank-sinatra-rafaella-carra-.jpg\",\"datePublished\":\"2016-04-17T15:12:08+00:00\",\"dateModified\":\"2016-04-17T15:14:53+00:00\",\"breadcrumb\":{\"@id\":\"https:\\\/\\\/www.bellunopress.it\\\/2016\\\/04\\\/17\\\/quella-volta-frank-sinatra-sul-set-de-colonnello-ryan-licenzia-le-comparse-perarolo-prendere-quelle-pieve-cadore\\\/#breadcrumb\"},\"inLanguage\":\"fr-FR\",\"potentialAction\":[{\"@type\":\"ReadAction\",\"target\":[\"https:\\\/\\\/www.bellunopress.it\\\/2016\\\/04\\\/17\\\/quella-volta-frank-sinatra-sul-set-de-colonnello-ryan-licenzia-le-comparse-perarolo-prendere-quelle-pieve-cadore\\\/\"]}]},{\"@type\":\"ImageObject\",\"inLanguage\":\"fr-FR\",\"@id\":\"https:\\\/\\\/www.bellunopress.it\\\/2016\\\/04\\\/17\\\/quella-volta-frank-sinatra-sul-set-de-colonnello-ryan-licenzia-le-comparse-perarolo-prendere-quelle-pieve-cadore\\\/#primaryimage\",\"url\":\"http:\\\/\\\/www.bellunopress.it\\\/wp-content\\\/uploads\\\/2016\\\/04\\\/frank-sinatra-rafaella-carra-.jpg\",\"contentUrl\":\"http:\\\/\\\/www.bellunopress.it\\\/wp-content\\\/uploads\\\/2016\\\/04\\\/frank-sinatra-rafaella-carra-.jpg\"},{\"@type\":\"BreadcrumbList\",\"@id\":\"https:\\\/\\\/www.bellunopress.it\\\/2016\\\/04\\\/17\\\/quella-volta-frank-sinatra-sul-set-de-colonnello-ryan-licenzia-le-comparse-perarolo-prendere-quelle-pieve-cadore\\\/#breadcrumb\",\"itemListElement\":[{\"@type\":\"ListItem\",\"position\":1,\"name\":\"Home\",\"item\":\"https:\\\/\\\/www.bellunopress.it\\\/\"},{\"@type\":\"ListItem\",\"position\":2,\"name\":\"Quella volta che Frank Sinatra sul set de &#8220;Il colonnello Ryan&#8221; licenzia le comparse di Perarolo per prendere quelle di Pieve di Cadore\"}]},{\"@type\":\"WebSite\",\"@id\":\"https:\\\/\\\/www.bellunopress.it\\\/#website\",\"url\":\"https:\\\/\\\/www.bellunopress.it\\\/\",\"name\":\"Bellunopress - Dolomiti\",\"description\":\"e-mail: redazione@bellunopress.it\",\"publisher\":{\"@id\":\"https:\\\/\\\/www.bellunopress.it\\\/#organization\"},\"potentialAction\":[{\"@type\":\"SearchAction\",\"target\":{\"@type\":\"EntryPoint\",\"urlTemplate\":\"https:\\\/\\\/www.bellunopress.it\\\/?s={search_term_string}\"},\"query-input\":{\"@type\":\"PropertyValueSpecification\",\"valueRequired\":true,\"valueName\":\"search_term_string\"}}],\"inLanguage\":\"fr-FR\"},{\"@type\":\"Organization\",\"@id\":\"https:\\\/\\\/www.bellunopress.it\\\/#organization\",\"name\":\"Bellunopress\",\"url\":\"https:\\\/\\\/www.bellunopress.it\\\/\",\"logo\":{\"@type\":\"ImageObject\",\"inLanguage\":\"fr-FR\",\"@id\":\"https:\\\/\\\/www.bellunopress.it\\\/#\\\/schema\\\/logo\\\/image\\\/\",\"url\":\"https:\\\/\\\/www.bellunopress.it\\\/wp-content\\\/uploads\\\/2011\\\/05\\\/cropped-logo-bellunopress-.jpg\",\"contentUrl\":\"https:\\\/\\\/www.bellunopress.it\\\/wp-content\\\/uploads\\\/2011\\\/05\\\/cropped-logo-bellunopress-.jpg\",\"width\":512,\"height\":512,\"caption\":\"Bellunopress\"},\"image\":{\"@id\":\"https:\\\/\\\/www.bellunopress.it\\\/#\\\/schema\\\/logo\\\/image\\\/\"},\"sameAs\":[\"https:\\\/\\\/www.facebook.com\\\/profile.php?id=100008943462799\",\"https:\\\/\\\/x.com\\\/bellunopress\",\"https:\\\/\\\/www.linkedin.com\\\/hp\\\/?dnr=JBzUWaJfMUw8vbXJJ2tVW5-I3jZKvC4wsoxE&amp;amp;amp;amp;amp;amp;trk=nav_responsive_tab_home\",\"https:\\\/\\\/www.youtube.com\\\/channel\\\/UCxL0wu1uN0_3_7hGG0306cw\"]},{\"@type\":\"Person\",\"@id\":\"https:\\\/\\\/www.bellunopress.it\\\/#\\\/schema\\\/person\\\/79bb06722b37ece1c03d3e94beb30d73\",\"name\":\"redazione\",\"image\":{\"@type\":\"ImageObject\",\"inLanguage\":\"fr-FR\",\"@id\":\"https:\\\/\\\/secure.gravatar.com\\\/avatar\\\/37d968a2e67a6fd04c169c4bdef102d0bc5d31b2546345219e348575eb80e9a0?s=96&d=mm&r=g\",\"url\":\"https:\\\/\\\/secure.gravatar.com\\\/avatar\\\/37d968a2e67a6fd04c169c4bdef102d0bc5d31b2546345219e348575eb80e9a0?s=96&d=mm&r=g\",\"contentUrl\":\"https:\\\/\\\/secure.gravatar.com\\\/avatar\\\/37d968a2e67a6fd04c169c4bdef102d0bc5d31b2546345219e348575eb80e9a0?s=96&d=mm&r=g\",\"caption\":\"redazione\"},\"sameAs\":[\"http:\\\/\\\/www.bellunopress.it\",\"https:\\\/\\\/x.com\\\/bellunopress\"],\"url\":\"https:\\\/\\\/www.bellunopress.it\\\/fr\\\/author\\\/redazione\\\/\"}]}<\/script>\n<!-- \/ Yoast SEO plugin. -->","yoast_head_json":{"title":"Quella volta che Frank Sinatra sul set de \"Il colonnello Ryan\" licenzia le comparse di Perarolo per prendere quelle di Pieve di Cadore - Bellunopress - Dolomiti","robots":{"index":"index","follow":"follow","max-snippet":"max-snippet:-1","max-image-preview":"max-image-preview:large","max-video-preview":"max-video-preview:-1"},"canonical":"https:\/\/www.bellunopress.it\/fr\/2016\/04\/17\/quella-volta-frank-sinatra-sul-set-de-colonnello-ryan-licenzia-le-comparse-perarolo-prendere-quelle-pieve-cadore\/","og_locale":"fr_FR","og_type":"article","og_title":"Quella volta che Frank Sinatra sul set de \"Il colonnello Ryan\" licenzia le comparse di Perarolo per prendere quelle di Pieve di Cadore - Bellunopress - Dolomiti","og_description":"Siamo nel settembre del 1964. A Perarolo di Cadore Frank Sinatra allora 50enne sta girando alcuni esterni del film Il colonnello Von Ryan (Von Ryan&#8217;s Express) diretto dal regista Mark Robson, tratto dal romanzo di David Westheimer ambientato nella II Guerra mondiale, che uscir\u00e0 nelle sale l&#8217;anno successivo. Tra il cast di attori c&#8217;\u00e8 anche [&hellip;]","og_url":"https:\/\/www.bellunopress.it\/fr\/2016\/04\/17\/quella-volta-frank-sinatra-sul-set-de-colonnello-ryan-licenzia-le-comparse-perarolo-prendere-quelle-pieve-cadore\/","og_site_name":"Bellunopress - Dolomiti","article_publisher":"https:\/\/www.facebook.com\/profile.php?id=100008943462799","article_published_time":"2016-04-17T15:12:08+00:00","article_modified_time":"2016-04-17T15:14:53+00:00","og_image":[{"url":"http:\/\/www.bellunopress.it\/wp-content\/uploads\/2016\/04\/raffaela-carr\u00e0-a-perarolo-film-von-ryan.jpg","type":"","width":"","height":""}],"author":"redazione","twitter_card":"summary_large_image","twitter_creator":"@bellunopress","twitter_site":"@bellunopress","twitter_misc":{"Written by":"redazione","Est. reading time":"2 minutes"},"schema":{"@context":"https:\/\/schema.org","@graph":[{"@type":"Article","@id":"https:\/\/www.bellunopress.it\/2016\/04\/17\/quella-volta-frank-sinatra-sul-set-de-colonnello-ryan-licenzia-le-comparse-perarolo-prendere-quelle-pieve-cadore\/#article","isPartOf":{"@id":"https:\/\/www.bellunopress.it\/2016\/04\/17\/quella-volta-frank-sinatra-sul-set-de-colonnello-ryan-licenzia-le-comparse-perarolo-prendere-quelle-pieve-cadore\/"},"author":{"name":"redazione","@id":"https:\/\/www.bellunopress.it\/#\/schema\/person\/79bb06722b37ece1c03d3e94beb30d73"},"headline":"Quella volta che Frank Sinatra sul set de &#8220;Il colonnello Ryan&#8221; licenzia le comparse di Perarolo per prendere quelle di Pieve di Cadore","datePublished":"2016-04-17T15:12:08+00:00","dateModified":"2016-04-17T15:14:53+00:00","mainEntityOfPage":{"@id":"https:\/\/www.bellunopress.it\/2016\/04\/17\/quella-volta-frank-sinatra-sul-set-de-colonnello-ryan-licenzia-le-comparse-perarolo-prendere-quelle-pieve-cadore\/"},"wordCount":427,"publisher":{"@id":"https:\/\/www.bellunopress.it\/#organization"},"image":{"@id":"https:\/\/www.bellunopress.it\/2016\/04\/17\/quella-volta-frank-sinatra-sul-set-de-colonnello-ryan-licenzia-le-comparse-perarolo-prendere-quelle-pieve-cadore\/#primaryimage"},"thumbnailUrl":"http:\/\/www.bellunopress.it\/wp-content\/uploads\/2016\/04\/frank-sinatra-rafaella-carra-.jpg","articleSection":["Arte, Cultura, Spettacoli, Scienza","Prima Pagina"],"inLanguage":"fr-FR"},{"@type":"WebPage","@id":"https:\/\/www.bellunopress.it\/2016\/04\/17\/quella-volta-frank-sinatra-sul-set-de-colonnello-ryan-licenzia-le-comparse-perarolo-prendere-quelle-pieve-cadore\/","url":"https:\/\/www.bellunopress.it\/2016\/04\/17\/quella-volta-frank-sinatra-sul-set-de-colonnello-ryan-licenzia-le-comparse-perarolo-prendere-quelle-pieve-cadore\/","name":"Quella volta che Frank Sinatra sul set de \"Il colonnello Ryan\" licenzia le comparse di Perarolo per prendere quelle di Pieve di Cadore - Bellunopress - Dolomiti","isPartOf":{"@id":"https:\/\/www.bellunopress.it\/#website"},"primaryImageOfPage":{"@id":"https:\/\/www.bellunopress.it\/2016\/04\/17\/quella-volta-frank-sinatra-sul-set-de-colonnello-ryan-licenzia-le-comparse-perarolo-prendere-quelle-pieve-cadore\/#primaryimage"},"image":{"@id":"https:\/\/www.bellunopress.it\/2016\/04\/17\/quella-volta-frank-sinatra-sul-set-de-colonnello-ryan-licenzia-le-comparse-perarolo-prendere-quelle-pieve-cadore\/#primaryimage"},"thumbnailUrl":"http:\/\/www.bellunopress.it\/wp-content\/uploads\/2016\/04\/frank-sinatra-rafaella-carra-.jpg","datePublished":"2016-04-17T15:12:08+00:00","dateModified":"2016-04-17T15:14:53+00:00","breadcrumb":{"@id":"https:\/\/www.bellunopress.it\/2016\/04\/17\/quella-volta-frank-sinatra-sul-set-de-colonnello-ryan-licenzia-le-comparse-perarolo-prendere-quelle-pieve-cadore\/#breadcrumb"},"inLanguage":"fr-FR","potentialAction":[{"@type":"ReadAction","target":["https:\/\/www.bellunopress.it\/2016\/04\/17\/quella-volta-frank-sinatra-sul-set-de-colonnello-ryan-licenzia-le-comparse-perarolo-prendere-quelle-pieve-cadore\/"]}]},{"@type":"ImageObject","inLanguage":"fr-FR","@id":"https:\/\/www.bellunopress.it\/2016\/04\/17\/quella-volta-frank-sinatra-sul-set-de-colonnello-ryan-licenzia-le-comparse-perarolo-prendere-quelle-pieve-cadore\/#primaryimage","url":"http:\/\/www.bellunopress.it\/wp-content\/uploads\/2016\/04\/frank-sinatra-rafaella-carra-.jpg","contentUrl":"http:\/\/www.bellunopress.it\/wp-content\/uploads\/2016\/04\/frank-sinatra-rafaella-carra-.jpg"},{"@type":"BreadcrumbList","@id":"https:\/\/www.bellunopress.it\/2016\/04\/17\/quella-volta-frank-sinatra-sul-set-de-colonnello-ryan-licenzia-le-comparse-perarolo-prendere-quelle-pieve-cadore\/#breadcrumb","itemListElement":[{"@type":"ListItem","position":1,"name":"Home","item":"https:\/\/www.bellunopress.it\/"},{"@type":"ListItem","position":2,"name":"Quella volta che Frank Sinatra sul set de &#8220;Il colonnello Ryan&#8221; licenzia le comparse di Perarolo per prendere quelle di Pieve di Cadore"}]},{"@type":"WebSite","@id":"https:\/\/www.bellunopress.it\/#website","url":"https:\/\/www.bellunopress.it\/","name":"Bellunopress - Dolomiti","description":"e-mail: redazione@bellunopress.it","publisher":{"@id":"https:\/\/www.bellunopress.it\/#organization"},"potentialAction":[{"@type":"SearchAction","target":{"@type":"EntryPoint","urlTemplate":"https:\/\/www.bellunopress.it\/?s={search_term_string}"},"query-input":{"@type":"PropertyValueSpecification","valueRequired":true,"valueName":"search_term_string"}}],"inLanguage":"fr-FR"},{"@type":"Organization","@id":"https:\/\/www.bellunopress.it\/#organization","name":"Bellunopress","url":"https:\/\/www.bellunopress.it\/","logo":{"@type":"ImageObject","inLanguage":"fr-FR","@id":"https:\/\/www.bellunopress.it\/#\/schema\/logo\/image\/","url":"https:\/\/www.bellunopress.it\/wp-content\/uploads\/2011\/05\/cropped-logo-bellunopress-.jpg","contentUrl":"https:\/\/www.bellunopress.it\/wp-content\/uploads\/2011\/05\/cropped-logo-bellunopress-.jpg","width":512,"height":512,"caption":"Bellunopress"},"image":{"@id":"https:\/\/www.bellunopress.it\/#\/schema\/logo\/image\/"},"sameAs":["https:\/\/www.facebook.com\/profile.php?id=100008943462799","https:\/\/x.com\/bellunopress","https:\/\/www.linkedin.com\/hp\/?dnr=JBzUWaJfMUw8vbXJJ2tVW5-I3jZKvC4wsoxE&amp;amp;amp;amp;amp;amp;trk=nav_responsive_tab_home","https:\/\/www.youtube.com\/channel\/UCxL0wu1uN0_3_7hGG0306cw"]},{"@type":"Person","@id":"https:\/\/www.bellunopress.it\/#\/schema\/person\/79bb06722b37ece1c03d3e94beb30d73","name":"r\u00e9daction","image":{"@type":"ImageObject","inLanguage":"fr-FR","@id":"https:\/\/secure.gravatar.com\/avatar\/37d968a2e67a6fd04c169c4bdef102d0bc5d31b2546345219e348575eb80e9a0?s=96&d=mm&r=g","url":"https:\/\/secure.gravatar.com\/avatar\/37d968a2e67a6fd04c169c4bdef102d0bc5d31b2546345219e348575eb80e9a0?s=96&d=mm&r=g","contentUrl":"https:\/\/secure.gravatar.com\/avatar\/37d968a2e67a6fd04c169c4bdef102d0bc5d31b2546345219e348575eb80e9a0?s=96&d=mm&r=g","caption":"redazione"},"sameAs":["http:\/\/www.bellunopress.it","https:\/\/x.com\/bellunopress"],"url":"https:\/\/www.bellunopress.it\/fr\/author\/redazione\/"}]}},"_links":{"self":[{"href":"https:\/\/www.bellunopress.it\/fr\/wp-json\/wp\/v2\/posts\/76947","targetHints":{"allow":["GET"]}}],"collection":[{"href":"https:\/\/www.bellunopress.it\/fr\/wp-json\/wp\/v2\/posts"}],"about":[{"href":"https:\/\/www.bellunopress.it\/fr\/wp-json\/wp\/v2\/types\/post"}],"author":[{"embeddable":true,"href":"https:\/\/www.bellunopress.it\/fr\/wp-json\/wp\/v2\/users\/2"}],"replies":[{"embeddable":true,"href":"https:\/\/www.bellunopress.it\/fr\/wp-json\/wp\/v2\/comments?post=76947"}],"version-history":[{"count":2,"href":"https:\/\/www.bellunopress.it\/fr\/wp-json\/wp\/v2\/posts\/76947\/revisions"}],"predecessor-version":[{"id":76951,"href":"https:\/\/www.bellunopress.it\/fr\/wp-json\/wp\/v2\/posts\/76947\/revisions\/76951"}],"wp:attachment":[{"href":"https:\/\/www.bellunopress.it\/fr\/wp-json\/wp\/v2\/media?parent=76947"}],"wp:term":[{"taxonomy":"category","embeddable":true,"href":"https:\/\/www.bellunopress.it\/fr\/wp-json\/wp\/v2\/categories?post=76947"},{"taxonomy":"post_tag","embeddable":true,"href":"https:\/\/www.bellunopress.it\/fr\/wp-json\/wp\/v2\/tags?post=76947"}],"curies":[{"name":"wp","href":"https:\/\/api.w.org\/{rel}","templated":true}]}}