{"id":7691,"date":"2009-09-03T18:44:33","date_gmt":"2009-09-03T17:44:33","guid":{"rendered":"http:\/\/www.bellunopress.it\/?p=7691"},"modified":"2009-09-04T11:32:28","modified_gmt":"2009-09-04T10:32:28","slug":"feltre-musei-gratuiti-le-domeniche-fino-a-dicembre","status":"publish","type":"post","link":"https:\/\/www.bellunopress.it\/fr\/2009\/09\/03\/feltre-musei-gratuiti-le-domeniche-fino-a-dicembre\/","title":{"rendered":"Feltre: musei gratuiti le domeniche fino a dicembre"},"content":{"rendered":"<div class=\"mceTemp\">\n<dl id=\"attachment_5482\" class=\"wp-caption alignleft\" style=\"width: 280px;\">\n<dt class=\"wp-caption-dt\"><a href=\"http:\/\/www.bellunopress.it\/wp-content\/uploads\/2009\/06\/galleria-darte-moderna-carlo-rizzarda-feltre.jpg\"><img loading=\"lazy\" decoding=\"async\" class=\"size-medium wp-image-5482\" title=\"galleria-darte-moderna-carlo-rizzarda-feltre\" src=\"http:\/\/www.bellunopress.it\/wp-content\/uploads\/2009\/06\/galleria-darte-moderna-carlo-rizzarda-feltre.jpg\" alt=\"Galleria Rizzarda Feltre\" width=\"270\" height=\"180\" \/><\/a><\/dt>\n<\/dl>\n<\/div>\n<p>L&#8217;assessore alle politiche della Cultura del Comune di Feltre, architetto Ennio Trento, nell&#8217;ottica di una costante valorizzazione dei Musei civici di Feltre e sull&#8217;onda del successo riscosso dall&#8217;iniziativa nel 2007, propone anche per il 2009 l&#8217;ingresso gratuito nella Galleria d&#8217;arte moderna Carlo Rizzarda e\u00a0 nel Museo civico per alcune domeniche dei mesi di settembre, ottobre, novembre e dicembre. Lo scopo \u00e8 quello di far apprezzare ancor pi\u00f9 i gioielli contenuti nei due istituti museali incentivando l&#8217;accesso dei visitatori. Sar\u00e0 l&#8217;occasione, tra l&#8217;altro, per ammirare cinque sale allestite di fresco nella Galleria d&#8217;arte moderna Carlo Rizzarda, inaugurate lo scorso 8 agosto e dedicate al fondo Silvio Guarnieri, alla collezione Liana Bortolon, agli artisti feltrini del &#8216;900, al deposito visitabile della collezione Carlo Rizzarda e alle immagini fotografiche degli artisti del &#8216;900 nell&#8217;obiettivo di Giovanni Frescura, mentre al Museo Civico sono presenti le opere in chiaroscuro donate dal Centro Internazionale del Libro Parlato \u201cA. Sernaggiotto\u201d.\u00a0 Dalle 16.30 alle 17.30 la visita sar\u00e0 allietata da piacevoli\u00a0 intermezzi musicali a cura della scuola di musica F. Sandi e della Banda Citt\u00e0 di Feltre. Il primo appuntamento \u00e8 fissato per domenica 6 settembre quando si esibiranno in entrambi i Musei due formazioni della Banda Citt\u00e0 di Feltre: il gruppo\u00a0 Eight4sax composto da Gianluca De Gol sax alto e soprano, Giulia Zatta sax alto, Francesca Gabrielli sax tenore, Giorgio Callegaro sax baritono e l&#8217;Ensamble \u201cA perdifiato\u201d costituito da Alberto Opalio clarinetto, Paola Schenardi clarinetto e Giorgia Reolon flauto. I successivi appuntamenti sono fissati per le domeniche 4 ottobre, 8 novembre e 6 dicembre. Per informazioni: Ufficio Musei tel. 0439\/885242 (dal luned\u00ec al gioved\u00ec dalle 8.30 alle 13.00 e dalle 15.00 alle 18.00, venerd\u00ec dalle 8.30 alle 13.00) e portinerie della Galleria Rizzarda 0439\/885234 e del Museo Civico tel. 0439\/885241, oppure scrivendo a <a href=\"mailto:museo@comune.feltre.bl.it\">museo@comune.feltre.bl.it<\/a>.<\/p>","protected":false},"excerpt":{"rendered":"<p>L&#8217;assessore alle politiche della Cultura del Comune di Feltre, architetto Ennio Trento, nell&#8217;ottica di una costante valorizzazione dei Musei civici di Feltre e sull&#8217;onda del successo riscosso dall&#8217;iniziativa nel 2007, propone anche per il 2009 l&#8217;ingresso gratuito nella Galleria d&#8217;arte moderna Carlo Rizzarda e\u00a0 nel Museo civico per alcune domeniche dei mesi di settembre, ottobre, [&hellip;]<\/p>\n","protected":false},"author":2,"featured_media":0,"comment_status":"closed","ping_status":"open","sticky":false,"template":"","format":"standard","meta":{"footnotes":""},"categories":[3,25],"tags":[139,302],"class_list":["post-7691","post","type-post","status-publish","format-standard","category-arte-cultura-spettacoli-scienza-archivi","category-pausa-caffe","tag-belluno","tag-feltre"],"yoast_head":"<!-- This site is optimized with the Yoast SEO plugin v28.4 - https:\/\/yoast.com\/product\/yoast-seo-wordpress\/ -->\n<title>Feltre: musei gratuiti le domeniche fino a dicembre - Bellunopress - Dolomiti<\/title>\n<meta name=\"robots\" content=\"index, follow, max-snippet:-1, max-image-preview:large, max-video-preview:-1\" \/>\n<link rel=\"canonical\" href=\"https:\/\/www.bellunopress.it\/fr\/2009\/09\/03\/feltre-musei-gratuiti-le-domeniche-fino-a-dicembre\/\" \/>\n<meta property=\"og:locale\" content=\"fr_FR\" \/>\n<meta property=\"og:type\" content=\"article\" \/>\n<meta property=\"og:title\" content=\"Feltre: musei gratuiti le domeniche fino a dicembre - Bellunopress - Dolomiti\" \/>\n<meta property=\"og:description\" content=\"L&#8217;assessore alle politiche della Cultura del Comune di Feltre, architetto Ennio Trento, nell&#8217;ottica di una costante valorizzazione dei Musei civici di Feltre e sull&#8217;onda del successo riscosso dall&#8217;iniziativa nel 2007, propone anche per il 2009 l&#8217;ingresso gratuito nella Galleria d&#8217;arte moderna Carlo Rizzarda e\u00a0 nel Museo civico per alcune domeniche dei mesi di settembre, ottobre, [&hellip;]\" \/>\n<meta property=\"og:url\" content=\"https:\/\/www.bellunopress.it\/fr\/2009\/09\/03\/feltre-musei-gratuiti-le-domeniche-fino-a-dicembre\/\" \/>\n<meta property=\"og:site_name\" content=\"Bellunopress - Dolomiti\" \/>\n<meta property=\"article:publisher\" content=\"https:\/\/www.facebook.com\/profile.php?id=100008943462799\" \/>\n<meta property=\"article:published_time\" content=\"2009-09-03T17:44:33+00:00\" \/>\n<meta property=\"article:modified_time\" content=\"2009-09-04T10:32:28+00:00\" \/>\n<meta property=\"og:image\" content=\"http:\/\/www.bellunopress.it\/wp-content\/uploads\/2009\/06\/galleria-darte-moderna-carlo-rizzarda-feltre.jpg\" \/>\n<meta name=\"author\" content=\"redazione\" \/>\n<meta name=\"twitter:card\" content=\"summary_large_image\" \/>\n<meta name=\"twitter:creator\" content=\"@bellunopress\" \/>\n<meta name=\"twitter:site\" content=\"@bellunopress\" \/>\n<meta name=\"twitter:label1\" content=\"\u00c9crit par\" \/>\n\t<meta name=\"twitter:data1\" content=\"redazione\" \/>\n\t<meta name=\"twitter:label2\" content=\"Dur\u00e9e de lecture estim\u00e9e\" \/>\n\t<meta name=\"twitter:data2\" content=\"1 minute\" \/>\n<script type=\"application\/ld+json\" class=\"yoast-schema-graph\">{\"@context\":\"https:\\\/\\\/schema.org\",\"@graph\":[{\"@type\":\"Article\",\"@id\":\"https:\\\/\\\/www.bellunopress.it\\\/2009\\\/09\\\/03\\\/feltre-musei-gratuiti-le-domeniche-fino-a-dicembre\\\/#article\",\"isPartOf\":{\"@id\":\"https:\\\/\\\/www.bellunopress.it\\\/2009\\\/09\\\/03\\\/feltre-musei-gratuiti-le-domeniche-fino-a-dicembre\\\/\"},\"author\":{\"name\":\"redazione\",\"@id\":\"https:\\\/\\\/www.bellunopress.it\\\/#\\\/schema\\\/person\\\/79bb06722b37ece1c03d3e94beb30d73\"},\"headline\":\"Feltre: musei gratuiti le domeniche fino a dicembre\",\"datePublished\":\"2009-09-03T17:44:33+00:00\",\"dateModified\":\"2009-09-04T10:32:28+00:00\",\"mainEntityOfPage\":{\"@id\":\"https:\\\/\\\/www.bellunopress.it\\\/2009\\\/09\\\/03\\\/feltre-musei-gratuiti-le-domeniche-fino-a-dicembre\\\/\"},\"wordCount\":300,\"publisher\":{\"@id\":\"https:\\\/\\\/www.bellunopress.it\\\/#organization\"},\"image\":{\"@id\":\"https:\\\/\\\/www.bellunopress.it\\\/2009\\\/09\\\/03\\\/feltre-musei-gratuiti-le-domeniche-fino-a-dicembre\\\/#primaryimage\"},\"thumbnailUrl\":\"http:\\\/\\\/www.bellunopress.it\\\/wp-content\\\/uploads\\\/2009\\\/06\\\/galleria-darte-moderna-carlo-rizzarda-feltre.jpg\",\"keywords\":[\"Belluno\",\"Feltre\"],\"articleSection\":[\"Arte, Cultura, Spettacoli, Scienza\",\"Pausa Caff\u00e8\"],\"inLanguage\":\"fr-FR\"},{\"@type\":\"WebPage\",\"@id\":\"https:\\\/\\\/www.bellunopress.it\\\/2009\\\/09\\\/03\\\/feltre-musei-gratuiti-le-domeniche-fino-a-dicembre\\\/\",\"url\":\"https:\\\/\\\/www.bellunopress.it\\\/2009\\\/09\\\/03\\\/feltre-musei-gratuiti-le-domeniche-fino-a-dicembre\\\/\",\"name\":\"Feltre: musei gratuiti le domeniche fino a dicembre - Bellunopress - Dolomiti\",\"isPartOf\":{\"@id\":\"https:\\\/\\\/www.bellunopress.it\\\/#website\"},\"primaryImageOfPage\":{\"@id\":\"https:\\\/\\\/www.bellunopress.it\\\/2009\\\/09\\\/03\\\/feltre-musei-gratuiti-le-domeniche-fino-a-dicembre\\\/#primaryimage\"},\"image\":{\"@id\":\"https:\\\/\\\/www.bellunopress.it\\\/2009\\\/09\\\/03\\\/feltre-musei-gratuiti-le-domeniche-fino-a-dicembre\\\/#primaryimage\"},\"thumbnailUrl\":\"http:\\\/\\\/www.bellunopress.it\\\/wp-content\\\/uploads\\\/2009\\\/06\\\/galleria-darte-moderna-carlo-rizzarda-feltre.jpg\",\"datePublished\":\"2009-09-03T17:44:33+00:00\",\"dateModified\":\"2009-09-04T10:32:28+00:00\",\"breadcrumb\":{\"@id\":\"https:\\\/\\\/www.bellunopress.it\\\/2009\\\/09\\\/03\\\/feltre-musei-gratuiti-le-domeniche-fino-a-dicembre\\\/#breadcrumb\"},\"inLanguage\":\"fr-FR\",\"potentialAction\":[{\"@type\":\"ReadAction\",\"target\":[\"https:\\\/\\\/www.bellunopress.it\\\/2009\\\/09\\\/03\\\/feltre-musei-gratuiti-le-domeniche-fino-a-dicembre\\\/\"]}]},{\"@type\":\"ImageObject\",\"inLanguage\":\"fr-FR\",\"@id\":\"https:\\\/\\\/www.bellunopress.it\\\/2009\\\/09\\\/03\\\/feltre-musei-gratuiti-le-domeniche-fino-a-dicembre\\\/#primaryimage\",\"url\":\"http:\\\/\\\/www.bellunopress.it\\\/wp-content\\\/uploads\\\/2009\\\/06\\\/galleria-darte-moderna-carlo-rizzarda-feltre.jpg\",\"contentUrl\":\"http:\\\/\\\/www.bellunopress.it\\\/wp-content\\\/uploads\\\/2009\\\/06\\\/galleria-darte-moderna-carlo-rizzarda-feltre.jpg\"},{\"@type\":\"BreadcrumbList\",\"@id\":\"https:\\\/\\\/www.bellunopress.it\\\/2009\\\/09\\\/03\\\/feltre-musei-gratuiti-le-domeniche-fino-a-dicembre\\\/#breadcrumb\",\"itemListElement\":[{\"@type\":\"ListItem\",\"position\":1,\"name\":\"Home\",\"item\":\"https:\\\/\\\/www.bellunopress.it\\\/\"},{\"@type\":\"ListItem\",\"position\":2,\"name\":\"Feltre: musei gratuiti le domeniche fino a dicembre\"}]},{\"@type\":\"WebSite\",\"@id\":\"https:\\\/\\\/www.bellunopress.it\\\/#website\",\"url\":\"https:\\\/\\\/www.bellunopress.it\\\/\",\"name\":\"Bellunopress - Dolomiti\",\"description\":\"e-mail: redazione@bellunopress.it\",\"publisher\":{\"@id\":\"https:\\\/\\\/www.bellunopress.it\\\/#organization\"},\"potentialAction\":[{\"@type\":\"SearchAction\",\"target\":{\"@type\":\"EntryPoint\",\"urlTemplate\":\"https:\\\/\\\/www.bellunopress.it\\\/?s={search_term_string}\"},\"query-input\":{\"@type\":\"PropertyValueSpecification\",\"valueRequired\":true,\"valueName\":\"search_term_string\"}}],\"inLanguage\":\"fr-FR\"},{\"@type\":\"Organization\",\"@id\":\"https:\\\/\\\/www.bellunopress.it\\\/#organization\",\"name\":\"Bellunopress\",\"url\":\"https:\\\/\\\/www.bellunopress.it\\\/\",\"logo\":{\"@type\":\"ImageObject\",\"inLanguage\":\"fr-FR\",\"@id\":\"https:\\\/\\\/www.bellunopress.it\\\/#\\\/schema\\\/logo\\\/image\\\/\",\"url\":\"https:\\\/\\\/www.bellunopress.it\\\/wp-content\\\/uploads\\\/2011\\\/05\\\/cropped-logo-bellunopress-.jpg\",\"contentUrl\":\"https:\\\/\\\/www.bellunopress.it\\\/wp-content\\\/uploads\\\/2011\\\/05\\\/cropped-logo-bellunopress-.jpg\",\"width\":512,\"height\":512,\"caption\":\"Bellunopress\"},\"image\":{\"@id\":\"https:\\\/\\\/www.bellunopress.it\\\/#\\\/schema\\\/logo\\\/image\\\/\"},\"sameAs\":[\"https:\\\/\\\/www.facebook.com\\\/profile.php?id=100008943462799\",\"https:\\\/\\\/x.com\\\/bellunopress\",\"https:\\\/\\\/www.linkedin.com\\\/hp\\\/?dnr=JBzUWaJfMUw8vbXJJ2tVW5-I3jZKvC4wsoxE&amp;amp;amp;amp;amp;amp;trk=nav_responsive_tab_home\",\"https:\\\/\\\/www.youtube.com\\\/channel\\\/UCxL0wu1uN0_3_7hGG0306cw\"]},{\"@type\":\"Person\",\"@id\":\"https:\\\/\\\/www.bellunopress.it\\\/#\\\/schema\\\/person\\\/79bb06722b37ece1c03d3e94beb30d73\",\"name\":\"redazione\",\"image\":{\"@type\":\"ImageObject\",\"inLanguage\":\"fr-FR\",\"@id\":\"https:\\\/\\\/secure.gravatar.com\\\/avatar\\\/37d968a2e67a6fd04c169c4bdef102d0bc5d31b2546345219e348575eb80e9a0?s=96&d=mm&r=g\",\"url\":\"https:\\\/\\\/secure.gravatar.com\\\/avatar\\\/37d968a2e67a6fd04c169c4bdef102d0bc5d31b2546345219e348575eb80e9a0?s=96&d=mm&r=g\",\"contentUrl\":\"https:\\\/\\\/secure.gravatar.com\\\/avatar\\\/37d968a2e67a6fd04c169c4bdef102d0bc5d31b2546345219e348575eb80e9a0?s=96&d=mm&r=g\",\"caption\":\"redazione\"},\"sameAs\":[\"http:\\\/\\\/www.bellunopress.it\",\"https:\\\/\\\/x.com\\\/bellunopress\"],\"url\":\"https:\\\/\\\/www.bellunopress.it\\\/fr\\\/author\\\/redazione\\\/\"}]}<\/script>\n<!-- \/ Yoast SEO plugin. -->","yoast_head_json":{"title":"Feltre: musei gratuiti le domeniche fino a dicembre - Bellunopress - Dolomiti","robots":{"index":"index","follow":"follow","max-snippet":"max-snippet:-1","max-image-preview":"max-image-preview:large","max-video-preview":"max-video-preview:-1"},"canonical":"https:\/\/www.bellunopress.it\/fr\/2009\/09\/03\/feltre-musei-gratuiti-le-domeniche-fino-a-dicembre\/","og_locale":"fr_FR","og_type":"article","og_title":"Feltre: musei gratuiti le domeniche fino a dicembre - Bellunopress - Dolomiti","og_description":"L&#8217;assessore alle politiche della Cultura del Comune di Feltre, architetto Ennio Trento, nell&#8217;ottica di una costante valorizzazione dei Musei civici di Feltre e sull&#8217;onda del successo riscosso dall&#8217;iniziativa nel 2007, propone anche per il 2009 l&#8217;ingresso gratuito nella Galleria d&#8217;arte moderna Carlo Rizzarda e\u00a0 nel Museo civico per alcune domeniche dei mesi di settembre, ottobre, [&hellip;]","og_url":"https:\/\/www.bellunopress.it\/fr\/2009\/09\/03\/feltre-musei-gratuiti-le-domeniche-fino-a-dicembre\/","og_site_name":"Bellunopress - Dolomiti","article_publisher":"https:\/\/www.facebook.com\/profile.php?id=100008943462799","article_published_time":"2009-09-03T17:44:33+00:00","article_modified_time":"2009-09-04T10:32:28+00:00","og_image":[{"url":"http:\/\/www.bellunopress.it\/wp-content\/uploads\/2009\/06\/galleria-darte-moderna-carlo-rizzarda-feltre.jpg","type":"","width":"","height":""}],"author":"redazione","twitter_card":"summary_large_image","twitter_creator":"@bellunopress","twitter_site":"@bellunopress","twitter_misc":{"\u00c9crit par":"redazione","Dur\u00e9e de lecture estim\u00e9e":"1 minute"},"schema":{"@context":"https:\/\/schema.org","@graph":[{"@type":"Article","@id":"https:\/\/www.bellunopress.it\/2009\/09\/03\/feltre-musei-gratuiti-le-domeniche-fino-a-dicembre\/#article","isPartOf":{"@id":"https:\/\/www.bellunopress.it\/2009\/09\/03\/feltre-musei-gratuiti-le-domeniche-fino-a-dicembre\/"},"author":{"name":"redazione","@id":"https:\/\/www.bellunopress.it\/#\/schema\/person\/79bb06722b37ece1c03d3e94beb30d73"},"headline":"Feltre: musei gratuiti le domeniche fino a dicembre","datePublished":"2009-09-03T17:44:33+00:00","dateModified":"2009-09-04T10:32:28+00:00","mainEntityOfPage":{"@id":"https:\/\/www.bellunopress.it\/2009\/09\/03\/feltre-musei-gratuiti-le-domeniche-fino-a-dicembre\/"},"wordCount":300,"publisher":{"@id":"https:\/\/www.bellunopress.it\/#organization"},"image":{"@id":"https:\/\/www.bellunopress.it\/2009\/09\/03\/feltre-musei-gratuiti-le-domeniche-fino-a-dicembre\/#primaryimage"},"thumbnailUrl":"http:\/\/www.bellunopress.it\/wp-content\/uploads\/2009\/06\/galleria-darte-moderna-carlo-rizzarda-feltre.jpg","keywords":["Belluno","Feltre"],"articleSection":["Arte, Cultura, Spettacoli, Scienza","Pausa Caff\u00e8"],"inLanguage":"fr-FR"},{"@type":"WebPage","@id":"https:\/\/www.bellunopress.it\/2009\/09\/03\/feltre-musei-gratuiti-le-domeniche-fino-a-dicembre\/","url":"https:\/\/www.bellunopress.it\/2009\/09\/03\/feltre-musei-gratuiti-le-domeniche-fino-a-dicembre\/","name":"Feltre: musei gratuiti le domeniche fino a dicembre - Bellunopress - Dolomiti","isPartOf":{"@id":"https:\/\/www.bellunopress.it\/#website"},"primaryImageOfPage":{"@id":"https:\/\/www.bellunopress.it\/2009\/09\/03\/feltre-musei-gratuiti-le-domeniche-fino-a-dicembre\/#primaryimage"},"image":{"@id":"https:\/\/www.bellunopress.it\/2009\/09\/03\/feltre-musei-gratuiti-le-domeniche-fino-a-dicembre\/#primaryimage"},"thumbnailUrl":"http:\/\/www.bellunopress.it\/wp-content\/uploads\/2009\/06\/galleria-darte-moderna-carlo-rizzarda-feltre.jpg","datePublished":"2009-09-03T17:44:33+00:00","dateModified":"2009-09-04T10:32:28+00:00","breadcrumb":{"@id":"https:\/\/www.bellunopress.it\/2009\/09\/03\/feltre-musei-gratuiti-le-domeniche-fino-a-dicembre\/#breadcrumb"},"inLanguage":"fr-FR","potentialAction":[{"@type":"ReadAction","target":["https:\/\/www.bellunopress.it\/2009\/09\/03\/feltre-musei-gratuiti-le-domeniche-fino-a-dicembre\/"]}]},{"@type":"ImageObject","inLanguage":"fr-FR","@id":"https:\/\/www.bellunopress.it\/2009\/09\/03\/feltre-musei-gratuiti-le-domeniche-fino-a-dicembre\/#primaryimage","url":"http:\/\/www.bellunopress.it\/wp-content\/uploads\/2009\/06\/galleria-darte-moderna-carlo-rizzarda-feltre.jpg","contentUrl":"http:\/\/www.bellunopress.it\/wp-content\/uploads\/2009\/06\/galleria-darte-moderna-carlo-rizzarda-feltre.jpg"},{"@type":"BreadcrumbList","@id":"https:\/\/www.bellunopress.it\/2009\/09\/03\/feltre-musei-gratuiti-le-domeniche-fino-a-dicembre\/#breadcrumb","itemListElement":[{"@type":"ListItem","position":1,"name":"Home","item":"https:\/\/www.bellunopress.it\/"},{"@type":"ListItem","position":2,"name":"Feltre: musei gratuiti le domeniche fino a dicembre"}]},{"@type":"WebSite","@id":"https:\/\/www.bellunopress.it\/#website","url":"https:\/\/www.bellunopress.it\/","name":"Bellunopress - Dolomiti","description":"e-mail: redazione@bellunopress.it","publisher":{"@id":"https:\/\/www.bellunopress.it\/#organization"},"potentialAction":[{"@type":"SearchAction","target":{"@type":"EntryPoint","urlTemplate":"https:\/\/www.bellunopress.it\/?s={search_term_string}"},"query-input":{"@type":"PropertyValueSpecification","valueRequired":true,"valueName":"search_term_string"}}],"inLanguage":"fr-FR"},{"@type":"Organization","@id":"https:\/\/www.bellunopress.it\/#organization","name":"Bellunopress","url":"https:\/\/www.bellunopress.it\/","logo":{"@type":"ImageObject","inLanguage":"fr-FR","@id":"https:\/\/www.bellunopress.it\/#\/schema\/logo\/image\/","url":"https:\/\/www.bellunopress.it\/wp-content\/uploads\/2011\/05\/cropped-logo-bellunopress-.jpg","contentUrl":"https:\/\/www.bellunopress.it\/wp-content\/uploads\/2011\/05\/cropped-logo-bellunopress-.jpg","width":512,"height":512,"caption":"Bellunopress"},"image":{"@id":"https:\/\/www.bellunopress.it\/#\/schema\/logo\/image\/"},"sameAs":["https:\/\/www.facebook.com\/profile.php?id=100008943462799","https:\/\/x.com\/bellunopress","https:\/\/www.linkedin.com\/hp\/?dnr=JBzUWaJfMUw8vbXJJ2tVW5-I3jZKvC4wsoxE&amp;amp;amp;amp;amp;amp;trk=nav_responsive_tab_home","https:\/\/www.youtube.com\/channel\/UCxL0wu1uN0_3_7hGG0306cw"]},{"@type":"Person","@id":"https:\/\/www.bellunopress.it\/#\/schema\/person\/79bb06722b37ece1c03d3e94beb30d73","name":"r\u00e9daction","image":{"@type":"ImageObject","inLanguage":"fr-FR","@id":"https:\/\/secure.gravatar.com\/avatar\/37d968a2e67a6fd04c169c4bdef102d0bc5d31b2546345219e348575eb80e9a0?s=96&d=mm&r=g","url":"https:\/\/secure.gravatar.com\/avatar\/37d968a2e67a6fd04c169c4bdef102d0bc5d31b2546345219e348575eb80e9a0?s=96&d=mm&r=g","contentUrl":"https:\/\/secure.gravatar.com\/avatar\/37d968a2e67a6fd04c169c4bdef102d0bc5d31b2546345219e348575eb80e9a0?s=96&d=mm&r=g","caption":"redazione"},"sameAs":["http:\/\/www.bellunopress.it","https:\/\/x.com\/bellunopress"],"url":"https:\/\/www.bellunopress.it\/fr\/author\/redazione\/"}]}},"_links":{"self":[{"href":"https:\/\/www.bellunopress.it\/fr\/wp-json\/wp\/v2\/posts\/7691","targetHints":{"allow":["GET"]}}],"collection":[{"href":"https:\/\/www.bellunopress.it\/fr\/wp-json\/wp\/v2\/posts"}],"about":[{"href":"https:\/\/www.bellunopress.it\/fr\/wp-json\/wp\/v2\/types\/post"}],"author":[{"embeddable":true,"href":"https:\/\/www.bellunopress.it\/fr\/wp-json\/wp\/v2\/users\/2"}],"replies":[{"embeddable":true,"href":"https:\/\/www.bellunopress.it\/fr\/wp-json\/wp\/v2\/comments?post=7691"}],"version-history":[{"count":2,"href":"https:\/\/www.bellunopress.it\/fr\/wp-json\/wp\/v2\/posts\/7691\/revisions"}],"predecessor-version":[{"id":7719,"href":"https:\/\/www.bellunopress.it\/fr\/wp-json\/wp\/v2\/posts\/7691\/revisions\/7719"}],"wp:attachment":[{"href":"https:\/\/www.bellunopress.it\/fr\/wp-json\/wp\/v2\/media?parent=7691"}],"wp:term":[{"taxonomy":"category","embeddable":true,"href":"https:\/\/www.bellunopress.it\/fr\/wp-json\/wp\/v2\/categories?post=7691"},{"taxonomy":"post_tag","embeddable":true,"href":"https:\/\/www.bellunopress.it\/fr\/wp-json\/wp\/v2\/tags?post=7691"}],"curies":[{"name":"wp","href":"https:\/\/api.w.org\/{rel}","templated":true}]}}