{"id":7688,"date":"2009-09-03T17:42:18","date_gmt":"2009-09-03T16:42:18","guid":{"rendered":"http:\/\/www.bellunopress.it\/?p=7688"},"modified":"2009-09-04T12:40:25","modified_gmt":"2009-09-04T11:40:25","slug":"il-cantante-al-bano-venerdi-sera-a-col-cumano","status":"publish","type":"post","link":"https:\/\/www.bellunopress.it\/fr\/2009\/09\/03\/il-cantante-al-bano-venerdi-sera-a-col-cumano\/","title":{"rendered":"Il cantante Al Bano venerd\u00ec sera a Col Cumano"},"content":{"rendered":"<p><a href=\"http:\/\/www.bellunopress.it\/wp-content\/uploads\/2009\/09\/al-bano.jpg\"><img loading=\"lazy\" decoding=\"async\" class=\"alignleft size-medium wp-image-7689\" title=\"al-bano\" src=\"http:\/\/www.bellunopress.it\/wp-content\/uploads\/2009\/09\/al-bano.jpg\" alt=\"\" width=\"246\" height=\"270\" \/><\/a>La nuova rassegna degli incontri culturali 2009-2010, ideati e organizzati da Michelangelo De Don\u00e0 ormai da 16 anni presso il Centro Papa Luciani di Santa Giustina (Belluno), riparte alla grande venerd\u00ec 4 settembre alle 20.30 presso l&#8217;anfiteatro del Centro Papa Luciani di Santa Giustina. Ospite d&#8217;eccezione Al Bano Carrisi che presenter\u00e0 il suo libro \u201cCon la musica nel cuore\u201d, edito da Mondadori. Nel corso della serata, a ingresso libero\u00a0 gratuito, Al Bano proporr\u00e0 alcune delle sue canzoni accompagnato al pianoforte dal maestro Alterisio Paoletti e da due coriste. Ma ci sar\u00e0 anche un momento particolare con un breve dialogo sulla fede e il rapporto con Dio tra Al Bano e mons. Charles Vella, assistente spirituale dell&#8217;Istituto San Raffaele di Milano. Proprio per questa struttura sanitaria Al Bano ha scritto l&#8217;inno. In caso di maltempo la manifestazione si terr\u00e0 nelle due per circa 350-400 posti.<\/p>\n<p><strong>Il libro<\/strong><br \/>\n&#8220;Quante canzoni ho scritto? Non lo so esattamente. Moltissime, comunque. E la maggior parte non sono mai uscite. Le conservo in una stanza, a migliaia, incise su nastro. Sono i dialoghi del mio cuore con le vicende della vita. Sono i miei diari segreti. Sono la mia filosofia, la mia fede, i miei amori. &#8220;Questo libro \u00e8 dedicato alle mie canzoni. All&#8217;Al Bano autore. Alle storie che sono nate nel mio cuore e che ho raccontato a milioni di persone. Credo che per i miei ammiratori questo sia il libro pi\u00f9 importante che potessi scrivere.&#8221; Pi\u00f9 di tante interviste, pi\u00f9 di troppe considerazioni, supposizioni, insinuazioni, per un artista parlano le sue opere. Sono queste, infatti, a dare voce alle emozioni. Parole in musica che diventano sfoghi, appelli entusiasti o disperati al mondo, e poi sogni che diventano favole, passioni che diventano inni. In questo libro Al Bano riesce a scendere nel suo mondo interiore come mai gli era riuscito finora e, trascinato dalle sue canzoni, racconta un se stesso ancora pi\u00f9 insolito, pi\u00f9 affascinante, pi\u00f9 vero. Siccome poi Al Bano ama sorprendere, ha deciso di fare un regalo ai suoi lettori: un CD con 15 canzoni. Alcune famose, altre da riscoprire, comunque per lui le pi\u00f9 importanti, quelle che pi\u00f9 di tutte hanno scandito le diverse fasi della sua vita.<\/p>\n<p><strong>Chi \u00e8&#8217;<br \/>\n<\/strong>Al Bano Carrisi \u00e8 nato a Cellino San Marco (Brindisi) in Puglia, il 20 maggio del 1943. \u00c8 una star internazionale della musica leggera tra le pi\u00f9 popolari e amate. Nel corso della sua carriera, che dura da oltre quarant&#8217;anni, ha interpretato centinaia di canzoni di successo, delle quali \u00e8 in gran parte anche autore. Ha partecipato a undici Festival di Sanremo con una vittoria, un secondo e due terzi posti. Ha visto ventisei dischi d&#8217;oro, otto di platino e ha ricevuto prestigiosi riconoscimenti per la sua attivit\u00e0 in tutto il mondo. Dal 1997 \u00e8 ambasciatore dell&#8217;ONU per la lotta alla droga e, dal 1999, ambasciatore della FAO. Nel 2006 ha pubblicato \u201c\u00c8 la mia vita\u201d (Mondadori).<\/p>","protected":false},"excerpt":{"rendered":"<p>La nuova rassegna degli incontri culturali 2009-2010, ideati e organizzati da Michelangelo De Don\u00e0 ormai da 16 anni presso il Centro Papa Luciani di Santa Giustina (Belluno), riparte alla grande venerd\u00ec 4 settembre alle 20.30 presso l&#8217;anfiteatro del Centro Papa Luciani di Santa Giustina. Ospite d&#8217;eccezione Al Bano Carrisi che presenter\u00e0 il suo libro \u201cCon [&hellip;]<\/p>\n","protected":false},"author":2,"featured_media":0,"comment_status":"closed","ping_status":"open","sticky":false,"template":"","format":"standard","meta":{"footnotes":""},"categories":[3],"tags":[139],"class_list":["post-7688","post","type-post","status-publish","format-standard","category-arte-cultura-spettacoli-scienza-archivi","tag-belluno"],"yoast_head":"<!-- This site is optimized with the Yoast SEO plugin v28.4 - https:\/\/yoast.com\/product\/yoast-seo-wordpress\/ -->\n<title>Il cantante Al Bano venerd\u00ec sera a Col Cumano - Bellunopress - Dolomiti<\/title>\n<meta name=\"robots\" content=\"index, follow, max-snippet:-1, max-image-preview:large, max-video-preview:-1\" \/>\n<link rel=\"canonical\" href=\"https:\/\/www.bellunopress.it\/fr\/2009\/09\/03\/il-cantante-al-bano-venerdi-sera-a-col-cumano\/\" \/>\n<meta property=\"og:locale\" content=\"fr_FR\" \/>\n<meta property=\"og:type\" content=\"article\" \/>\n<meta property=\"og:title\" content=\"Il cantante Al Bano venerd\u00ec sera a Col Cumano - Bellunopress - Dolomiti\" \/>\n<meta property=\"og:description\" content=\"La nuova rassegna degli incontri culturali 2009-2010, ideati e organizzati da Michelangelo De Don\u00e0 ormai da 16 anni presso il Centro Papa Luciani di Santa Giustina (Belluno), riparte alla grande venerd\u00ec 4 settembre alle 20.30 presso l&#8217;anfiteatro del Centro Papa Luciani di Santa Giustina. Ospite d&#8217;eccezione Al Bano Carrisi che presenter\u00e0 il suo libro \u201cCon [&hellip;]\" \/>\n<meta property=\"og:url\" content=\"https:\/\/www.bellunopress.it\/fr\/2009\/09\/03\/il-cantante-al-bano-venerdi-sera-a-col-cumano\/\" \/>\n<meta property=\"og:site_name\" content=\"Bellunopress - Dolomiti\" \/>\n<meta property=\"article:publisher\" content=\"https:\/\/www.facebook.com\/profile.php?id=100008943462799\" \/>\n<meta property=\"article:published_time\" content=\"2009-09-03T16:42:18+00:00\" \/>\n<meta property=\"article:modified_time\" content=\"2009-09-04T11:40:25+00:00\" \/>\n<meta property=\"og:image\" content=\"http:\/\/www.bellunopress.it\/wp-content\/uploads\/2009\/09\/al-bano.jpg\" \/>\n<meta name=\"author\" content=\"redazione\" \/>\n<meta name=\"twitter:card\" content=\"summary_large_image\" \/>\n<meta name=\"twitter:creator\" content=\"@bellunopress\" \/>\n<meta name=\"twitter:site\" content=\"@bellunopress\" \/>\n<meta name=\"twitter:label1\" content=\"\u00c9crit par\" \/>\n\t<meta name=\"twitter:data1\" content=\"redazione\" \/>\n\t<meta name=\"twitter:label2\" content=\"Dur\u00e9e de lecture estim\u00e9e\" \/>\n\t<meta name=\"twitter:data2\" content=\"2 minutes\" \/>\n<script type=\"application\/ld+json\" class=\"yoast-schema-graph\">{\"@context\":\"https:\\\/\\\/schema.org\",\"@graph\":[{\"@type\":\"Article\",\"@id\":\"https:\\\/\\\/www.bellunopress.it\\\/2009\\\/09\\\/03\\\/il-cantante-al-bano-venerdi-sera-a-col-cumano\\\/#article\",\"isPartOf\":{\"@id\":\"https:\\\/\\\/www.bellunopress.it\\\/2009\\\/09\\\/03\\\/il-cantante-al-bano-venerdi-sera-a-col-cumano\\\/\"},\"author\":{\"name\":\"redazione\",\"@id\":\"https:\\\/\\\/www.bellunopress.it\\\/#\\\/schema\\\/person\\\/79bb06722b37ece1c03d3e94beb30d73\"},\"headline\":\"Il cantante Al Bano venerd\u00ec sera a Col Cumano\",\"datePublished\":\"2009-09-03T16:42:18+00:00\",\"dateModified\":\"2009-09-04T11:40:25+00:00\",\"mainEntityOfPage\":{\"@id\":\"https:\\\/\\\/www.bellunopress.it\\\/2009\\\/09\\\/03\\\/il-cantante-al-bano-venerdi-sera-a-col-cumano\\\/\"},\"wordCount\":486,\"publisher\":{\"@id\":\"https:\\\/\\\/www.bellunopress.it\\\/#organization\"},\"image\":{\"@id\":\"https:\\\/\\\/www.bellunopress.it\\\/2009\\\/09\\\/03\\\/il-cantante-al-bano-venerdi-sera-a-col-cumano\\\/#primaryimage\"},\"thumbnailUrl\":\"http:\\\/\\\/www.bellunopress.it\\\/wp-content\\\/uploads\\\/2009\\\/09\\\/al-bano.jpg\",\"keywords\":[\"Belluno\"],\"articleSection\":[\"Arte, Cultura, Spettacoli, Scienza\"],\"inLanguage\":\"fr-FR\"},{\"@type\":\"WebPage\",\"@id\":\"https:\\\/\\\/www.bellunopress.it\\\/2009\\\/09\\\/03\\\/il-cantante-al-bano-venerdi-sera-a-col-cumano\\\/\",\"url\":\"https:\\\/\\\/www.bellunopress.it\\\/2009\\\/09\\\/03\\\/il-cantante-al-bano-venerdi-sera-a-col-cumano\\\/\",\"name\":\"Il cantante Al Bano venerd\u00ec sera a Col Cumano - Bellunopress - Dolomiti\",\"isPartOf\":{\"@id\":\"https:\\\/\\\/www.bellunopress.it\\\/#website\"},\"primaryImageOfPage\":{\"@id\":\"https:\\\/\\\/www.bellunopress.it\\\/2009\\\/09\\\/03\\\/il-cantante-al-bano-venerdi-sera-a-col-cumano\\\/#primaryimage\"},\"image\":{\"@id\":\"https:\\\/\\\/www.bellunopress.it\\\/2009\\\/09\\\/03\\\/il-cantante-al-bano-venerdi-sera-a-col-cumano\\\/#primaryimage\"},\"thumbnailUrl\":\"http:\\\/\\\/www.bellunopress.it\\\/wp-content\\\/uploads\\\/2009\\\/09\\\/al-bano.jpg\",\"datePublished\":\"2009-09-03T16:42:18+00:00\",\"dateModified\":\"2009-09-04T11:40:25+00:00\",\"breadcrumb\":{\"@id\":\"https:\\\/\\\/www.bellunopress.it\\\/2009\\\/09\\\/03\\\/il-cantante-al-bano-venerdi-sera-a-col-cumano\\\/#breadcrumb\"},\"inLanguage\":\"fr-FR\",\"potentialAction\":[{\"@type\":\"ReadAction\",\"target\":[\"https:\\\/\\\/www.bellunopress.it\\\/2009\\\/09\\\/03\\\/il-cantante-al-bano-venerdi-sera-a-col-cumano\\\/\"]}]},{\"@type\":\"ImageObject\",\"inLanguage\":\"fr-FR\",\"@id\":\"https:\\\/\\\/www.bellunopress.it\\\/2009\\\/09\\\/03\\\/il-cantante-al-bano-venerdi-sera-a-col-cumano\\\/#primaryimage\",\"url\":\"http:\\\/\\\/www.bellunopress.it\\\/wp-content\\\/uploads\\\/2009\\\/09\\\/al-bano.jpg\",\"contentUrl\":\"http:\\\/\\\/www.bellunopress.it\\\/wp-content\\\/uploads\\\/2009\\\/09\\\/al-bano.jpg\"},{\"@type\":\"BreadcrumbList\",\"@id\":\"https:\\\/\\\/www.bellunopress.it\\\/2009\\\/09\\\/03\\\/il-cantante-al-bano-venerdi-sera-a-col-cumano\\\/#breadcrumb\",\"itemListElement\":[{\"@type\":\"ListItem\",\"position\":1,\"name\":\"Home\",\"item\":\"https:\\\/\\\/www.bellunopress.it\\\/\"},{\"@type\":\"ListItem\",\"position\":2,\"name\":\"Il cantante Al Bano venerd\u00ec sera a Col Cumano\"}]},{\"@type\":\"WebSite\",\"@id\":\"https:\\\/\\\/www.bellunopress.it\\\/#website\",\"url\":\"https:\\\/\\\/www.bellunopress.it\\\/\",\"name\":\"Bellunopress - Dolomiti\",\"description\":\"e-mail: redazione@bellunopress.it\",\"publisher\":{\"@id\":\"https:\\\/\\\/www.bellunopress.it\\\/#organization\"},\"potentialAction\":[{\"@type\":\"SearchAction\",\"target\":{\"@type\":\"EntryPoint\",\"urlTemplate\":\"https:\\\/\\\/www.bellunopress.it\\\/?s={search_term_string}\"},\"query-input\":{\"@type\":\"PropertyValueSpecification\",\"valueRequired\":true,\"valueName\":\"search_term_string\"}}],\"inLanguage\":\"fr-FR\"},{\"@type\":\"Organization\",\"@id\":\"https:\\\/\\\/www.bellunopress.it\\\/#organization\",\"name\":\"Bellunopress\",\"url\":\"https:\\\/\\\/www.bellunopress.it\\\/\",\"logo\":{\"@type\":\"ImageObject\",\"inLanguage\":\"fr-FR\",\"@id\":\"https:\\\/\\\/www.bellunopress.it\\\/#\\\/schema\\\/logo\\\/image\\\/\",\"url\":\"https:\\\/\\\/www.bellunopress.it\\\/wp-content\\\/uploads\\\/2011\\\/05\\\/cropped-logo-bellunopress-.jpg\",\"contentUrl\":\"https:\\\/\\\/www.bellunopress.it\\\/wp-content\\\/uploads\\\/2011\\\/05\\\/cropped-logo-bellunopress-.jpg\",\"width\":512,\"height\":512,\"caption\":\"Bellunopress\"},\"image\":{\"@id\":\"https:\\\/\\\/www.bellunopress.it\\\/#\\\/schema\\\/logo\\\/image\\\/\"},\"sameAs\":[\"https:\\\/\\\/www.facebook.com\\\/profile.php?id=100008943462799\",\"https:\\\/\\\/x.com\\\/bellunopress\",\"https:\\\/\\\/www.linkedin.com\\\/hp\\\/?dnr=JBzUWaJfMUw8vbXJJ2tVW5-I3jZKvC4wsoxE&amp;amp;amp;amp;amp;amp;trk=nav_responsive_tab_home\",\"https:\\\/\\\/www.youtube.com\\\/channel\\\/UCxL0wu1uN0_3_7hGG0306cw\"]},{\"@type\":\"Person\",\"@id\":\"https:\\\/\\\/www.bellunopress.it\\\/#\\\/schema\\\/person\\\/79bb06722b37ece1c03d3e94beb30d73\",\"name\":\"redazione\",\"image\":{\"@type\":\"ImageObject\",\"inLanguage\":\"fr-FR\",\"@id\":\"https:\\\/\\\/secure.gravatar.com\\\/avatar\\\/37d968a2e67a6fd04c169c4bdef102d0bc5d31b2546345219e348575eb80e9a0?s=96&d=mm&r=g\",\"url\":\"https:\\\/\\\/secure.gravatar.com\\\/avatar\\\/37d968a2e67a6fd04c169c4bdef102d0bc5d31b2546345219e348575eb80e9a0?s=96&d=mm&r=g\",\"contentUrl\":\"https:\\\/\\\/secure.gravatar.com\\\/avatar\\\/37d968a2e67a6fd04c169c4bdef102d0bc5d31b2546345219e348575eb80e9a0?s=96&d=mm&r=g\",\"caption\":\"redazione\"},\"sameAs\":[\"http:\\\/\\\/www.bellunopress.it\",\"https:\\\/\\\/x.com\\\/bellunopress\"],\"url\":\"https:\\\/\\\/www.bellunopress.it\\\/fr\\\/author\\\/redazione\\\/\"}]}<\/script>\n<!-- \/ Yoast SEO plugin. -->","yoast_head_json":{"title":"Il cantante Al Bano venerd\u00ec sera a Col Cumano - Bellunopress - Dolomiti","robots":{"index":"index","follow":"follow","max-snippet":"max-snippet:-1","max-image-preview":"max-image-preview:large","max-video-preview":"max-video-preview:-1"},"canonical":"https:\/\/www.bellunopress.it\/fr\/2009\/09\/03\/il-cantante-al-bano-venerdi-sera-a-col-cumano\/","og_locale":"fr_FR","og_type":"article","og_title":"Il cantante Al Bano venerd\u00ec sera a Col Cumano - Bellunopress - Dolomiti","og_description":"La nuova rassegna degli incontri culturali 2009-2010, ideati e organizzati da Michelangelo De Don\u00e0 ormai da 16 anni presso il Centro Papa Luciani di Santa Giustina (Belluno), riparte alla grande venerd\u00ec 4 settembre alle 20.30 presso l&#8217;anfiteatro del Centro Papa Luciani di Santa Giustina. Ospite d&#8217;eccezione Al Bano Carrisi che presenter\u00e0 il suo libro \u201cCon [&hellip;]","og_url":"https:\/\/www.bellunopress.it\/fr\/2009\/09\/03\/il-cantante-al-bano-venerdi-sera-a-col-cumano\/","og_site_name":"Bellunopress - Dolomiti","article_publisher":"https:\/\/www.facebook.com\/profile.php?id=100008943462799","article_published_time":"2009-09-03T16:42:18+00:00","article_modified_time":"2009-09-04T11:40:25+00:00","og_image":[{"url":"http:\/\/www.bellunopress.it\/wp-content\/uploads\/2009\/09\/al-bano.jpg","type":"","width":"","height":""}],"author":"redazione","twitter_card":"summary_large_image","twitter_creator":"@bellunopress","twitter_site":"@bellunopress","twitter_misc":{"\u00c9crit par":"redazione","Dur\u00e9e de lecture estim\u00e9e":"2 minutes"},"schema":{"@context":"https:\/\/schema.org","@graph":[{"@type":"Article","@id":"https:\/\/www.bellunopress.it\/2009\/09\/03\/il-cantante-al-bano-venerdi-sera-a-col-cumano\/#article","isPartOf":{"@id":"https:\/\/www.bellunopress.it\/2009\/09\/03\/il-cantante-al-bano-venerdi-sera-a-col-cumano\/"},"author":{"name":"redazione","@id":"https:\/\/www.bellunopress.it\/#\/schema\/person\/79bb06722b37ece1c03d3e94beb30d73"},"headline":"Il cantante Al Bano venerd\u00ec sera a Col Cumano","datePublished":"2009-09-03T16:42:18+00:00","dateModified":"2009-09-04T11:40:25+00:00","mainEntityOfPage":{"@id":"https:\/\/www.bellunopress.it\/2009\/09\/03\/il-cantante-al-bano-venerdi-sera-a-col-cumano\/"},"wordCount":486,"publisher":{"@id":"https:\/\/www.bellunopress.it\/#organization"},"image":{"@id":"https:\/\/www.bellunopress.it\/2009\/09\/03\/il-cantante-al-bano-venerdi-sera-a-col-cumano\/#primaryimage"},"thumbnailUrl":"http:\/\/www.bellunopress.it\/wp-content\/uploads\/2009\/09\/al-bano.jpg","keywords":["Belluno"],"articleSection":["Arte, Cultura, Spettacoli, Scienza"],"inLanguage":"fr-FR"},{"@type":"WebPage","@id":"https:\/\/www.bellunopress.it\/2009\/09\/03\/il-cantante-al-bano-venerdi-sera-a-col-cumano\/","url":"https:\/\/www.bellunopress.it\/2009\/09\/03\/il-cantante-al-bano-venerdi-sera-a-col-cumano\/","name":"Il cantante Al Bano venerd\u00ec sera a Col Cumano - Bellunopress - Dolomiti","isPartOf":{"@id":"https:\/\/www.bellunopress.it\/#website"},"primaryImageOfPage":{"@id":"https:\/\/www.bellunopress.it\/2009\/09\/03\/il-cantante-al-bano-venerdi-sera-a-col-cumano\/#primaryimage"},"image":{"@id":"https:\/\/www.bellunopress.it\/2009\/09\/03\/il-cantante-al-bano-venerdi-sera-a-col-cumano\/#primaryimage"},"thumbnailUrl":"http:\/\/www.bellunopress.it\/wp-content\/uploads\/2009\/09\/al-bano.jpg","datePublished":"2009-09-03T16:42:18+00:00","dateModified":"2009-09-04T11:40:25+00:00","breadcrumb":{"@id":"https:\/\/www.bellunopress.it\/2009\/09\/03\/il-cantante-al-bano-venerdi-sera-a-col-cumano\/#breadcrumb"},"inLanguage":"fr-FR","potentialAction":[{"@type":"ReadAction","target":["https:\/\/www.bellunopress.it\/2009\/09\/03\/il-cantante-al-bano-venerdi-sera-a-col-cumano\/"]}]},{"@type":"ImageObject","inLanguage":"fr-FR","@id":"https:\/\/www.bellunopress.it\/2009\/09\/03\/il-cantante-al-bano-venerdi-sera-a-col-cumano\/#primaryimage","url":"http:\/\/www.bellunopress.it\/wp-content\/uploads\/2009\/09\/al-bano.jpg","contentUrl":"http:\/\/www.bellunopress.it\/wp-content\/uploads\/2009\/09\/al-bano.jpg"},{"@type":"BreadcrumbList","@id":"https:\/\/www.bellunopress.it\/2009\/09\/03\/il-cantante-al-bano-venerdi-sera-a-col-cumano\/#breadcrumb","itemListElement":[{"@type":"ListItem","position":1,"name":"Home","item":"https:\/\/www.bellunopress.it\/"},{"@type":"ListItem","position":2,"name":"Il cantante Al Bano venerd\u00ec sera a Col Cumano"}]},{"@type":"WebSite","@id":"https:\/\/www.bellunopress.it\/#website","url":"https:\/\/www.bellunopress.it\/","name":"Bellunopress - Dolomiti","description":"e-mail: redazione@bellunopress.it","publisher":{"@id":"https:\/\/www.bellunopress.it\/#organization"},"potentialAction":[{"@type":"SearchAction","target":{"@type":"EntryPoint","urlTemplate":"https:\/\/www.bellunopress.it\/?s={search_term_string}"},"query-input":{"@type":"PropertyValueSpecification","valueRequired":true,"valueName":"search_term_string"}}],"inLanguage":"fr-FR"},{"@type":"Organization","@id":"https:\/\/www.bellunopress.it\/#organization","name":"Bellunopress","url":"https:\/\/www.bellunopress.it\/","logo":{"@type":"ImageObject","inLanguage":"fr-FR","@id":"https:\/\/www.bellunopress.it\/#\/schema\/logo\/image\/","url":"https:\/\/www.bellunopress.it\/wp-content\/uploads\/2011\/05\/cropped-logo-bellunopress-.jpg","contentUrl":"https:\/\/www.bellunopress.it\/wp-content\/uploads\/2011\/05\/cropped-logo-bellunopress-.jpg","width":512,"height":512,"caption":"Bellunopress"},"image":{"@id":"https:\/\/www.bellunopress.it\/#\/schema\/logo\/image\/"},"sameAs":["https:\/\/www.facebook.com\/profile.php?id=100008943462799","https:\/\/x.com\/bellunopress","https:\/\/www.linkedin.com\/hp\/?dnr=JBzUWaJfMUw8vbXJJ2tVW5-I3jZKvC4wsoxE&amp;amp;amp;amp;amp;amp;trk=nav_responsive_tab_home","https:\/\/www.youtube.com\/channel\/UCxL0wu1uN0_3_7hGG0306cw"]},{"@type":"Person","@id":"https:\/\/www.bellunopress.it\/#\/schema\/person\/79bb06722b37ece1c03d3e94beb30d73","name":"r\u00e9daction","image":{"@type":"ImageObject","inLanguage":"fr-FR","@id":"https:\/\/secure.gravatar.com\/avatar\/37d968a2e67a6fd04c169c4bdef102d0bc5d31b2546345219e348575eb80e9a0?s=96&d=mm&r=g","url":"https:\/\/secure.gravatar.com\/avatar\/37d968a2e67a6fd04c169c4bdef102d0bc5d31b2546345219e348575eb80e9a0?s=96&d=mm&r=g","contentUrl":"https:\/\/secure.gravatar.com\/avatar\/37d968a2e67a6fd04c169c4bdef102d0bc5d31b2546345219e348575eb80e9a0?s=96&d=mm&r=g","caption":"redazione"},"sameAs":["http:\/\/www.bellunopress.it","https:\/\/x.com\/bellunopress"],"url":"https:\/\/www.bellunopress.it\/fr\/author\/redazione\/"}]}},"_links":{"self":[{"href":"https:\/\/www.bellunopress.it\/fr\/wp-json\/wp\/v2\/posts\/7688","targetHints":{"allow":["GET"]}}],"collection":[{"href":"https:\/\/www.bellunopress.it\/fr\/wp-json\/wp\/v2\/posts"}],"about":[{"href":"https:\/\/www.bellunopress.it\/fr\/wp-json\/wp\/v2\/types\/post"}],"author":[{"embeddable":true,"href":"https:\/\/www.bellunopress.it\/fr\/wp-json\/wp\/v2\/users\/2"}],"replies":[{"embeddable":true,"href":"https:\/\/www.bellunopress.it\/fr\/wp-json\/wp\/v2\/comments?post=7688"}],"version-history":[{"count":2,"href":"https:\/\/www.bellunopress.it\/fr\/wp-json\/wp\/v2\/posts\/7688\/revisions"}],"predecessor-version":[{"id":7731,"href":"https:\/\/www.bellunopress.it\/fr\/wp-json\/wp\/v2\/posts\/7688\/revisions\/7731"}],"wp:attachment":[{"href":"https:\/\/www.bellunopress.it\/fr\/wp-json\/wp\/v2\/media?parent=7688"}],"wp:term":[{"taxonomy":"category","embeddable":true,"href":"https:\/\/www.bellunopress.it\/fr\/wp-json\/wp\/v2\/categories?post=7688"},{"taxonomy":"post_tag","embeddable":true,"href":"https:\/\/www.bellunopress.it\/fr\/wp-json\/wp\/v2\/tags?post=7688"}],"curies":[{"name":"wp","href":"https:\/\/api.w.org\/{rel}","templated":true}]}}