{"id":7681,"date":"2009-09-03T10:05:50","date_gmt":"2009-09-03T09:05:50","guid":{"rendered":"http:\/\/www.bellunopress.it\/?p=7681"},"modified":"2009-09-03T10:09:24","modified_gmt":"2009-09-03T09:09:24","slug":"premio-speciale-cortina-car-club-alla-coppa-doro-delle-dolomiti","status":"publish","type":"post","link":"https:\/\/www.bellunopress.it\/fr\/2009\/09\/03\/premio-speciale-cortina-car-club-alla-coppa-doro-delle-dolomiti\/","title":{"rendered":"Premio speciale Cortina car club alla Coppa d&#8217;Oro delle Dolomiti"},"content":{"rendered":"<p><a href=\"http:\/\/www.bellunopress.it\/wp-content\/uploads\/2009\/09\/cortina-car-club.jpg\"><img loading=\"lazy\" decoding=\"async\" class=\"alignleft size-medium wp-image-7682\" title=\"cortina-car-club\" src=\"http:\/\/www.bellunopress.it\/wp-content\/uploads\/2009\/09\/cortina-car-club-300x296.jpg\" alt=\"\" width=\"300\" height=\"296\" srcset=\"https:\/\/www.bellunopress.it\/wp-content\/uploads\/2009\/09\/cortina-car-club-300x296.jpg 300w, https:\/\/www.bellunopress.it\/wp-content\/uploads\/2009\/09\/cortina-car-club.jpg 418w\" sizes=\"auto, (max-width: 300px) 100vw, 300px\" \/><\/a>Il Cortina car club partecipa alla Coppa d\u2019Oro delle Dolomiti con la sua scuderia e un premio all\u2019auto che meglio rappresenta lo speciale rapporto che a Cortina lega il mondo automobilistico alla montagna. Il prestigioso riconoscimento sar\u00e0 consegnato il 6 settembre durante le premiazioni ufficiali dal presidente del club, il conte Umberto Marzotto. Dallo scorso marzo, quando ufficialmente si \u00e8 presentato, ad oggi, sono gi\u00e0 sessanta i soci \u2013 i pi\u00f9 importanti collezionisti italiani &#8211; del Cortina car club, felice sintesi del legame privilegiato che a Cortina d\u2019Ampezzo corre tra territorio, mondo e storia delle autovetture e, di riflesso, sviluppo turistico. Un viaggio che diventa incontro, il raduno che diventa vacanza, riuscendo a muovere persone lontane ma vicine per passione e per il piacere di stare insieme. La passione per le auto storiche nella magica cornice di una Cortina che quest\u2019anno ospita la nuova edizione della Coppa d\u2019Oro delle Dolomiti, si conferma un binomio vincente. Il Cortina car club \u00e8 nato puntando proprio ad avvalorare il binomio auto-montagna, le passioni che animano i soci del circolo e che desiderano sviluppare all\u2019insegna della qualit\u00e0 e dell\u2019internazionalit\u00e0. Basti dire che il presidente del Club \u00e8 il conte Umberto Marzotto, un ruolo che nessuno meglio di lui potrebbe ricoprire per l\u2019esperienza e il profondo legame affettivo che lo lega tanto alle auto quanto a Cortina. Concentrarsi sulla qualit\u00e0 delle auto, il primo punto focale del progetto. Perch\u00e9 di club in Italia ne esistono tantissimi e questo \u00e8 nato per distinguersi per finalit\u00e0 e modus operandi: riunire collezionisti capaci di portare a Cortina esemplari veramente unici, organizzare eventi sul territorio che possano divulgare la cultura e la conoscenza dell\u2019auto, promuovendo Cortina, il luogo dove la cultura del bello e la bellezza della natura si fondono. E ancora, abbracciare progetti di tipo culturale: pensiamo all\u2019arte o alla creazione di partnership con i grandi eventi di Cortina, un altro obiettivo. Concetto base che ha siglato un naturale collegamento alla Coppa d\u2019Oro delle Dolomiti, proprio per essere manifestazione storica di punta della Regina delle Dolomiti. Tra le novit\u00e0 di questa nuova edizione della Coppa d\u2019Oro delle Dolomiti il premio speciale Valtempo orologi\/Cortina car club che l\u2019esclusivo circolo di appassionati di auto d\u2019epoca assegner\u00e0 alla vettura che meglio rappresenta lo speciale rapporto che a Cortina lega il mondo automobilistico alla montagna. Il premio, in oro, \u00e8 un prezioso orologio a pendolo da tavolo, alto 45 centimetri, denominato la \u201cTorre\u201d, ed \u00e8 la riproduzione in scala dell\u2019omonima \u201cPendola\u201d Valtempo, design p.\u00e8n. lab. Il Cortina Car Club assieme al\u00a0 Comune di Cortina d\u2019Ampezzo e Cortina turismo in collaborazione con Arabba Fodon Turismo e l&#8217;azienda per il turismo Val di Fassa, con il patrocinio dell\u2019Aci, della Provincia di Belluno e dei Comuni di Bolzano, Vigo di Fassa, Canazei e Livinallongo del Col di Lana sar\u00e0 poi promotore nel fine settimana successivo alla Coppa d\u2019Oro delle Dolomiti, dei festeggiamenti del Centenario della Strada delle Dolomiti<\/p>\n<p><strong>100 anni di strada delle Dolomiti: 13 settembre 1909-13 settembre 2009<\/strong><\/p>\n<p>\u00a0Una Grande Strada apre le Dolomiti al Mondo. Un viaggio nella storia delle montagne appena entrate nella lista dei paesaggi pi\u00f9 belli al mondo, elette dall\u2019UNESCO Patrimonio Naturale dell\u2019Umanit\u00e0.<br \/>\nUn\u2019occasione per ri-scoprire i luoghi che hanno costruito l&#8217;autentica cultura alpina.\u00a0 Assaporare le tradizioni che vengono tramandate di generazione in generazione dagli abitanti delle vallate tra Bolzano e Cortina d\u2019Ampezzo.<br \/>\nDall&#8217;11 al 13 settembre le tappe della Strada delle Dolomiti non saranno pi\u00f9 soltanto dei nomi su una carta stradale, ma colori, odori e sapori da imprimere nella memoria.\u00a0 \u201cIl vero viaggio di scoperta non consiste nel cercare nuove terre, ma nell&#8217;avere nuovi occhi&#8221;. Non potremmo immaginare un pensiero migliore di quello di Proust per descrivere l\u2019essenza della grande rievocazione storica che dall\u201911 al 13 settembre festegger\u00e0 il Centenario della Strada delle Dolomiti. 110 chilometri in tre giorni e una carovana di auto rappresentative delle diverse epoche, con al seguito un antico postale del 1938, a percorrere paesi e vallate che proprio grazie a questa ciclopica opera furono collegate per la prima volta, gli ingredienti della manifestazione. E la recente proclamazione delle Dolomiti a Patrimonio Naturale dell&#8217;Umanit\u00e0 Unesco non fa altro che rendere ancora pi\u00f9 unico e speciale questa celebrazione. Oggi come allora, al turista verr\u00e0 offerto un itinerario mozzafiato, con panorami inebrianti da lasciare a bocca aperta per la generosit\u00e0 delle bellezze naturali prospettate ad ogni curva. Da Bolzano a Cortina, su e gi\u00f9 per i passi \u2013 Costalunga, Pordoi e Falzarego \u2013 si snoder\u00e0 il percorso reale e simbolico, a ritroso tra le tappe dello sviluppo del turismo moderno e del boom automobilistico, attraverso la storia della strada, dei nuovi costumi introdotti dagli scambi culturali, dell&#8217;affermazione delle stazioni montane collocate lungo l&#8217;importante arteria. Per immergersi ancora di pi\u00f9 nella storia del turismo su strada alcuni equipaggi indosseranno i vestiti d&#8217;epoca dell&#8217;anno di costruzione dell&#8217;auto, con tanto di valigie e necessaire da viaggio coordinati. Motivo in pi\u00f9 per coinvolgere i turisti che, oltre a poter vivere in presa diretta il Centenario momento per momento, potranno premiare l&#8217;allestimento per loro pi\u00f9 fedele e rappresentativo.<\/p>","protected":false},"excerpt":{"rendered":"<p>Il Cortina car club partecipa alla Coppa d\u2019Oro delle Dolomiti con la sua scuderia e un premio all\u2019auto che meglio rappresenta lo speciale rapporto che a Cortina lega il mondo automobilistico alla montagna. Il prestigioso riconoscimento sar\u00e0 consegnato il 6 settembre durante le premiazioni ufficiali dal presidente del club, il conte Umberto Marzotto. Dallo scorso [&hellip;]<\/p>\n","protected":false},"author":2,"featured_media":0,"comment_status":"closed","ping_status":"open","sticky":false,"template":"","format":"standard","meta":{"footnotes":""},"categories":[26,4],"tags":[139,63],"class_list":["post-7681","post","type-post","status-publish","format-standard","category-prima-pagina","category-sport","tag-belluno","tag-dolomiti"],"yoast_head":"<!-- This site is optimized with the Yoast SEO plugin v28.4 - https:\/\/yoast.com\/product\/yoast-seo-wordpress\/ -->\n<title>Premio speciale Cortina car club alla Coppa d&#039;Oro delle Dolomiti - Bellunopress - Dolomiti<\/title>\n<meta name=\"robots\" content=\"index, follow, max-snippet:-1, max-image-preview:large, max-video-preview:-1\" \/>\n<link rel=\"canonical\" href=\"https:\/\/www.bellunopress.it\/fr\/2009\/09\/03\/premio-speciale-cortina-car-club-alla-coppa-doro-delle-dolomiti\/\" \/>\n<meta property=\"og:locale\" content=\"fr_FR\" \/>\n<meta property=\"og:type\" content=\"article\" \/>\n<meta property=\"og:title\" content=\"Premio speciale Cortina car club alla Coppa d&#039;Oro delle Dolomiti - Bellunopress - Dolomiti\" \/>\n<meta property=\"og:description\" content=\"Il Cortina car club partecipa alla Coppa d\u2019Oro delle Dolomiti con la sua scuderia e un premio all\u2019auto che meglio rappresenta lo speciale rapporto che a Cortina lega il mondo automobilistico alla montagna. Il prestigioso riconoscimento sar\u00e0 consegnato il 6 settembre durante le premiazioni ufficiali dal presidente del club, il conte Umberto Marzotto. Dallo scorso [&hellip;]\" \/>\n<meta property=\"og:url\" content=\"https:\/\/www.bellunopress.it\/fr\/2009\/09\/03\/premio-speciale-cortina-car-club-alla-coppa-doro-delle-dolomiti\/\" \/>\n<meta property=\"og:site_name\" content=\"Bellunopress - Dolomiti\" \/>\n<meta property=\"article:publisher\" content=\"https:\/\/www.facebook.com\/profile.php?id=100008943462799\" \/>\n<meta property=\"article:published_time\" content=\"2009-09-03T09:05:50+00:00\" \/>\n<meta property=\"article:modified_time\" content=\"2009-09-03T09:09:24+00:00\" \/>\n<meta property=\"og:image\" content=\"http:\/\/www.bellunopress.it\/wp-content\/uploads\/2009\/09\/cortina-car-club-300x296.jpg\" \/>\n<meta name=\"author\" content=\"redazione\" \/>\n<meta name=\"twitter:card\" content=\"summary_large_image\" \/>\n<meta name=\"twitter:creator\" content=\"@bellunopress\" \/>\n<meta name=\"twitter:site\" content=\"@bellunopress\" \/>\n<meta name=\"twitter:label1\" content=\"\u00c9crit par\" \/>\n\t<meta name=\"twitter:data1\" content=\"redazione\" \/>\n\t<meta name=\"twitter:label2\" content=\"Dur\u00e9e de lecture estim\u00e9e\" \/>\n\t<meta name=\"twitter:data2\" content=\"4 minutes\" \/>\n<script type=\"application\/ld+json\" class=\"yoast-schema-graph\">{\"@context\":\"https:\\\/\\\/schema.org\",\"@graph\":[{\"@type\":\"Article\",\"@id\":\"https:\\\/\\\/www.bellunopress.it\\\/2009\\\/09\\\/03\\\/premio-speciale-cortina-car-club-alla-coppa-doro-delle-dolomiti\\\/#article\",\"isPartOf\":{\"@id\":\"https:\\\/\\\/www.bellunopress.it\\\/2009\\\/09\\\/03\\\/premio-speciale-cortina-car-club-alla-coppa-doro-delle-dolomiti\\\/\"},\"author\":{\"name\":\"redazione\",\"@id\":\"https:\\\/\\\/www.bellunopress.it\\\/#\\\/schema\\\/person\\\/79bb06722b37ece1c03d3e94beb30d73\"},\"headline\":\"Premio speciale Cortina car club alla Coppa d&#8217;Oro delle Dolomiti\",\"datePublished\":\"2009-09-03T09:05:50+00:00\",\"dateModified\":\"2009-09-03T09:09:24+00:00\",\"mainEntityOfPage\":{\"@id\":\"https:\\\/\\\/www.bellunopress.it\\\/2009\\\/09\\\/03\\\/premio-speciale-cortina-car-club-alla-coppa-doro-delle-dolomiti\\\/\"},\"wordCount\":865,\"publisher\":{\"@id\":\"https:\\\/\\\/www.bellunopress.it\\\/#organization\"},\"image\":{\"@id\":\"https:\\\/\\\/www.bellunopress.it\\\/2009\\\/09\\\/03\\\/premio-speciale-cortina-car-club-alla-coppa-doro-delle-dolomiti\\\/#primaryimage\"},\"thumbnailUrl\":\"http:\\\/\\\/www.bellunopress.it\\\/wp-content\\\/uploads\\\/2009\\\/09\\\/cortina-car-club-300x296.jpg\",\"keywords\":[\"Belluno\",\"Dolomiti\"],\"articleSection\":[\"Prima Pagina\",\"Sport, tempo libero\"],\"inLanguage\":\"fr-FR\"},{\"@type\":\"WebPage\",\"@id\":\"https:\\\/\\\/www.bellunopress.it\\\/2009\\\/09\\\/03\\\/premio-speciale-cortina-car-club-alla-coppa-doro-delle-dolomiti\\\/\",\"url\":\"https:\\\/\\\/www.bellunopress.it\\\/2009\\\/09\\\/03\\\/premio-speciale-cortina-car-club-alla-coppa-doro-delle-dolomiti\\\/\",\"name\":\"Premio speciale Cortina car club alla Coppa d'Oro delle Dolomiti - Bellunopress - Dolomiti\",\"isPartOf\":{\"@id\":\"https:\\\/\\\/www.bellunopress.it\\\/#website\"},\"primaryImageOfPage\":{\"@id\":\"https:\\\/\\\/www.bellunopress.it\\\/2009\\\/09\\\/03\\\/premio-speciale-cortina-car-club-alla-coppa-doro-delle-dolomiti\\\/#primaryimage\"},\"image\":{\"@id\":\"https:\\\/\\\/www.bellunopress.it\\\/2009\\\/09\\\/03\\\/premio-speciale-cortina-car-club-alla-coppa-doro-delle-dolomiti\\\/#primaryimage\"},\"thumbnailUrl\":\"http:\\\/\\\/www.bellunopress.it\\\/wp-content\\\/uploads\\\/2009\\\/09\\\/cortina-car-club-300x296.jpg\",\"datePublished\":\"2009-09-03T09:05:50+00:00\",\"dateModified\":\"2009-09-03T09:09:24+00:00\",\"breadcrumb\":{\"@id\":\"https:\\\/\\\/www.bellunopress.it\\\/2009\\\/09\\\/03\\\/premio-speciale-cortina-car-club-alla-coppa-doro-delle-dolomiti\\\/#breadcrumb\"},\"inLanguage\":\"fr-FR\",\"potentialAction\":[{\"@type\":\"ReadAction\",\"target\":[\"https:\\\/\\\/www.bellunopress.it\\\/2009\\\/09\\\/03\\\/premio-speciale-cortina-car-club-alla-coppa-doro-delle-dolomiti\\\/\"]}]},{\"@type\":\"ImageObject\",\"inLanguage\":\"fr-FR\",\"@id\":\"https:\\\/\\\/www.bellunopress.it\\\/2009\\\/09\\\/03\\\/premio-speciale-cortina-car-club-alla-coppa-doro-delle-dolomiti\\\/#primaryimage\",\"url\":\"http:\\\/\\\/www.bellunopress.it\\\/wp-content\\\/uploads\\\/2009\\\/09\\\/cortina-car-club-300x296.jpg\",\"contentUrl\":\"http:\\\/\\\/www.bellunopress.it\\\/wp-content\\\/uploads\\\/2009\\\/09\\\/cortina-car-club-300x296.jpg\"},{\"@type\":\"BreadcrumbList\",\"@id\":\"https:\\\/\\\/www.bellunopress.it\\\/2009\\\/09\\\/03\\\/premio-speciale-cortina-car-club-alla-coppa-doro-delle-dolomiti\\\/#breadcrumb\",\"itemListElement\":[{\"@type\":\"ListItem\",\"position\":1,\"name\":\"Home\",\"item\":\"https:\\\/\\\/www.bellunopress.it\\\/\"},{\"@type\":\"ListItem\",\"position\":2,\"name\":\"Premio speciale Cortina car club alla Coppa d&#8217;Oro delle Dolomiti\"}]},{\"@type\":\"WebSite\",\"@id\":\"https:\\\/\\\/www.bellunopress.it\\\/#website\",\"url\":\"https:\\\/\\\/www.bellunopress.it\\\/\",\"name\":\"Bellunopress - Dolomiti\",\"description\":\"e-mail: redazione@bellunopress.it\",\"publisher\":{\"@id\":\"https:\\\/\\\/www.bellunopress.it\\\/#organization\"},\"potentialAction\":[{\"@type\":\"SearchAction\",\"target\":{\"@type\":\"EntryPoint\",\"urlTemplate\":\"https:\\\/\\\/www.bellunopress.it\\\/?s={search_term_string}\"},\"query-input\":{\"@type\":\"PropertyValueSpecification\",\"valueRequired\":true,\"valueName\":\"search_term_string\"}}],\"inLanguage\":\"fr-FR\"},{\"@type\":\"Organization\",\"@id\":\"https:\\\/\\\/www.bellunopress.it\\\/#organization\",\"name\":\"Bellunopress\",\"url\":\"https:\\\/\\\/www.bellunopress.it\\\/\",\"logo\":{\"@type\":\"ImageObject\",\"inLanguage\":\"fr-FR\",\"@id\":\"https:\\\/\\\/www.bellunopress.it\\\/#\\\/schema\\\/logo\\\/image\\\/\",\"url\":\"https:\\\/\\\/www.bellunopress.it\\\/wp-content\\\/uploads\\\/2011\\\/05\\\/cropped-logo-bellunopress-.jpg\",\"contentUrl\":\"https:\\\/\\\/www.bellunopress.it\\\/wp-content\\\/uploads\\\/2011\\\/05\\\/cropped-logo-bellunopress-.jpg\",\"width\":512,\"height\":512,\"caption\":\"Bellunopress\"},\"image\":{\"@id\":\"https:\\\/\\\/www.bellunopress.it\\\/#\\\/schema\\\/logo\\\/image\\\/\"},\"sameAs\":[\"https:\\\/\\\/www.facebook.com\\\/profile.php?id=100008943462799\",\"https:\\\/\\\/x.com\\\/bellunopress\",\"https:\\\/\\\/www.linkedin.com\\\/hp\\\/?dnr=JBzUWaJfMUw8vbXJJ2tVW5-I3jZKvC4wsoxE&amp;amp;amp;amp;amp;amp;trk=nav_responsive_tab_home\",\"https:\\\/\\\/www.youtube.com\\\/channel\\\/UCxL0wu1uN0_3_7hGG0306cw\"]},{\"@type\":\"Person\",\"@id\":\"https:\\\/\\\/www.bellunopress.it\\\/#\\\/schema\\\/person\\\/79bb06722b37ece1c03d3e94beb30d73\",\"name\":\"redazione\",\"image\":{\"@type\":\"ImageObject\",\"inLanguage\":\"fr-FR\",\"@id\":\"https:\\\/\\\/secure.gravatar.com\\\/avatar\\\/37d968a2e67a6fd04c169c4bdef102d0bc5d31b2546345219e348575eb80e9a0?s=96&d=mm&r=g\",\"url\":\"https:\\\/\\\/secure.gravatar.com\\\/avatar\\\/37d968a2e67a6fd04c169c4bdef102d0bc5d31b2546345219e348575eb80e9a0?s=96&d=mm&r=g\",\"contentUrl\":\"https:\\\/\\\/secure.gravatar.com\\\/avatar\\\/37d968a2e67a6fd04c169c4bdef102d0bc5d31b2546345219e348575eb80e9a0?s=96&d=mm&r=g\",\"caption\":\"redazione\"},\"sameAs\":[\"http:\\\/\\\/www.bellunopress.it\",\"https:\\\/\\\/x.com\\\/bellunopress\"],\"url\":\"https:\\\/\\\/www.bellunopress.it\\\/fr\\\/author\\\/redazione\\\/\"}]}<\/script>\n<!-- \/ Yoast SEO plugin. -->","yoast_head_json":{"title":"Premio speciale Cortina car club alla Coppa d'Oro delle Dolomiti - Bellunopress - Dolomiti","robots":{"index":"index","follow":"follow","max-snippet":"max-snippet:-1","max-image-preview":"max-image-preview:large","max-video-preview":"max-video-preview:-1"},"canonical":"https:\/\/www.bellunopress.it\/fr\/2009\/09\/03\/premio-speciale-cortina-car-club-alla-coppa-doro-delle-dolomiti\/","og_locale":"fr_FR","og_type":"article","og_title":"Premio speciale Cortina car club alla Coppa d'Oro delle Dolomiti - Bellunopress - Dolomiti","og_description":"Il Cortina car club partecipa alla Coppa d\u2019Oro delle Dolomiti con la sua scuderia e un premio all\u2019auto che meglio rappresenta lo speciale rapporto che a Cortina lega il mondo automobilistico alla montagna. Il prestigioso riconoscimento sar\u00e0 consegnato il 6 settembre durante le premiazioni ufficiali dal presidente del club, il conte Umberto Marzotto. Dallo scorso [&hellip;]","og_url":"https:\/\/www.bellunopress.it\/fr\/2009\/09\/03\/premio-speciale-cortina-car-club-alla-coppa-doro-delle-dolomiti\/","og_site_name":"Bellunopress - Dolomiti","article_publisher":"https:\/\/www.facebook.com\/profile.php?id=100008943462799","article_published_time":"2009-09-03T09:05:50+00:00","article_modified_time":"2009-09-03T09:09:24+00:00","og_image":[{"url":"http:\/\/www.bellunopress.it\/wp-content\/uploads\/2009\/09\/cortina-car-club-300x296.jpg","type":"","width":"","height":""}],"author":"redazione","twitter_card":"summary_large_image","twitter_creator":"@bellunopress","twitter_site":"@bellunopress","twitter_misc":{"\u00c9crit par":"redazione","Dur\u00e9e de lecture estim\u00e9e":"4 minutes"},"schema":{"@context":"https:\/\/schema.org","@graph":[{"@type":"Article","@id":"https:\/\/www.bellunopress.it\/2009\/09\/03\/premio-speciale-cortina-car-club-alla-coppa-doro-delle-dolomiti\/#article","isPartOf":{"@id":"https:\/\/www.bellunopress.it\/2009\/09\/03\/premio-speciale-cortina-car-club-alla-coppa-doro-delle-dolomiti\/"},"author":{"name":"redazione","@id":"https:\/\/www.bellunopress.it\/#\/schema\/person\/79bb06722b37ece1c03d3e94beb30d73"},"headline":"Premio speciale Cortina car club alla Coppa d&#8217;Oro delle Dolomiti","datePublished":"2009-09-03T09:05:50+00:00","dateModified":"2009-09-03T09:09:24+00:00","mainEntityOfPage":{"@id":"https:\/\/www.bellunopress.it\/2009\/09\/03\/premio-speciale-cortina-car-club-alla-coppa-doro-delle-dolomiti\/"},"wordCount":865,"publisher":{"@id":"https:\/\/www.bellunopress.it\/#organization"},"image":{"@id":"https:\/\/www.bellunopress.it\/2009\/09\/03\/premio-speciale-cortina-car-club-alla-coppa-doro-delle-dolomiti\/#primaryimage"},"thumbnailUrl":"http:\/\/www.bellunopress.it\/wp-content\/uploads\/2009\/09\/cortina-car-club-300x296.jpg","keywords":["Belluno","Dolomiti"],"articleSection":["Prima Pagina","Sport, tempo libero"],"inLanguage":"fr-FR"},{"@type":"WebPage","@id":"https:\/\/www.bellunopress.it\/2009\/09\/03\/premio-speciale-cortina-car-club-alla-coppa-doro-delle-dolomiti\/","url":"https:\/\/www.bellunopress.it\/2009\/09\/03\/premio-speciale-cortina-car-club-alla-coppa-doro-delle-dolomiti\/","name":"Premio speciale Cortina car club alla Coppa d'Oro delle Dolomiti - Bellunopress - Dolomiti","isPartOf":{"@id":"https:\/\/www.bellunopress.it\/#website"},"primaryImageOfPage":{"@id":"https:\/\/www.bellunopress.it\/2009\/09\/03\/premio-speciale-cortina-car-club-alla-coppa-doro-delle-dolomiti\/#primaryimage"},"image":{"@id":"https:\/\/www.bellunopress.it\/2009\/09\/03\/premio-speciale-cortina-car-club-alla-coppa-doro-delle-dolomiti\/#primaryimage"},"thumbnailUrl":"http:\/\/www.bellunopress.it\/wp-content\/uploads\/2009\/09\/cortina-car-club-300x296.jpg","datePublished":"2009-09-03T09:05:50+00:00","dateModified":"2009-09-03T09:09:24+00:00","breadcrumb":{"@id":"https:\/\/www.bellunopress.it\/2009\/09\/03\/premio-speciale-cortina-car-club-alla-coppa-doro-delle-dolomiti\/#breadcrumb"},"inLanguage":"fr-FR","potentialAction":[{"@type":"ReadAction","target":["https:\/\/www.bellunopress.it\/2009\/09\/03\/premio-speciale-cortina-car-club-alla-coppa-doro-delle-dolomiti\/"]}]},{"@type":"ImageObject","inLanguage":"fr-FR","@id":"https:\/\/www.bellunopress.it\/2009\/09\/03\/premio-speciale-cortina-car-club-alla-coppa-doro-delle-dolomiti\/#primaryimage","url":"http:\/\/www.bellunopress.it\/wp-content\/uploads\/2009\/09\/cortina-car-club-300x296.jpg","contentUrl":"http:\/\/www.bellunopress.it\/wp-content\/uploads\/2009\/09\/cortina-car-club-300x296.jpg"},{"@type":"BreadcrumbList","@id":"https:\/\/www.bellunopress.it\/2009\/09\/03\/premio-speciale-cortina-car-club-alla-coppa-doro-delle-dolomiti\/#breadcrumb","itemListElement":[{"@type":"ListItem","position":1,"name":"Home","item":"https:\/\/www.bellunopress.it\/"},{"@type":"ListItem","position":2,"name":"Premio speciale Cortina car club alla Coppa d&#8217;Oro delle Dolomiti"}]},{"@type":"WebSite","@id":"https:\/\/www.bellunopress.it\/#website","url":"https:\/\/www.bellunopress.it\/","name":"Bellunopress - Dolomiti","description":"e-mail: redazione@bellunopress.it","publisher":{"@id":"https:\/\/www.bellunopress.it\/#organization"},"potentialAction":[{"@type":"SearchAction","target":{"@type":"EntryPoint","urlTemplate":"https:\/\/www.bellunopress.it\/?s={search_term_string}"},"query-input":{"@type":"PropertyValueSpecification","valueRequired":true,"valueName":"search_term_string"}}],"inLanguage":"fr-FR"},{"@type":"Organization","@id":"https:\/\/www.bellunopress.it\/#organization","name":"Bellunopress","url":"https:\/\/www.bellunopress.it\/","logo":{"@type":"ImageObject","inLanguage":"fr-FR","@id":"https:\/\/www.bellunopress.it\/#\/schema\/logo\/image\/","url":"https:\/\/www.bellunopress.it\/wp-content\/uploads\/2011\/05\/cropped-logo-bellunopress-.jpg","contentUrl":"https:\/\/www.bellunopress.it\/wp-content\/uploads\/2011\/05\/cropped-logo-bellunopress-.jpg","width":512,"height":512,"caption":"Bellunopress"},"image":{"@id":"https:\/\/www.bellunopress.it\/#\/schema\/logo\/image\/"},"sameAs":["https:\/\/www.facebook.com\/profile.php?id=100008943462799","https:\/\/x.com\/bellunopress","https:\/\/www.linkedin.com\/hp\/?dnr=JBzUWaJfMUw8vbXJJ2tVW5-I3jZKvC4wsoxE&amp;amp;amp;amp;amp;amp;trk=nav_responsive_tab_home","https:\/\/www.youtube.com\/channel\/UCxL0wu1uN0_3_7hGG0306cw"]},{"@type":"Person","@id":"https:\/\/www.bellunopress.it\/#\/schema\/person\/79bb06722b37ece1c03d3e94beb30d73","name":"r\u00e9daction","image":{"@type":"ImageObject","inLanguage":"fr-FR","@id":"https:\/\/secure.gravatar.com\/avatar\/37d968a2e67a6fd04c169c4bdef102d0bc5d31b2546345219e348575eb80e9a0?s=96&d=mm&r=g","url":"https:\/\/secure.gravatar.com\/avatar\/37d968a2e67a6fd04c169c4bdef102d0bc5d31b2546345219e348575eb80e9a0?s=96&d=mm&r=g","contentUrl":"https:\/\/secure.gravatar.com\/avatar\/37d968a2e67a6fd04c169c4bdef102d0bc5d31b2546345219e348575eb80e9a0?s=96&d=mm&r=g","caption":"redazione"},"sameAs":["http:\/\/www.bellunopress.it","https:\/\/x.com\/bellunopress"],"url":"https:\/\/www.bellunopress.it\/fr\/author\/redazione\/"}]}},"_links":{"self":[{"href":"https:\/\/www.bellunopress.it\/fr\/wp-json\/wp\/v2\/posts\/7681","targetHints":{"allow":["GET"]}}],"collection":[{"href":"https:\/\/www.bellunopress.it\/fr\/wp-json\/wp\/v2\/posts"}],"about":[{"href":"https:\/\/www.bellunopress.it\/fr\/wp-json\/wp\/v2\/types\/post"}],"author":[{"embeddable":true,"href":"https:\/\/www.bellunopress.it\/fr\/wp-json\/wp\/v2\/users\/2"}],"replies":[{"embeddable":true,"href":"https:\/\/www.bellunopress.it\/fr\/wp-json\/wp\/v2\/comments?post=7681"}],"version-history":[{"count":3,"href":"https:\/\/www.bellunopress.it\/fr\/wp-json\/wp\/v2\/posts\/7681\/revisions"}],"predecessor-version":[{"id":7685,"href":"https:\/\/www.bellunopress.it\/fr\/wp-json\/wp\/v2\/posts\/7681\/revisions\/7685"}],"wp:attachment":[{"href":"https:\/\/www.bellunopress.it\/fr\/wp-json\/wp\/v2\/media?parent=7681"}],"wp:term":[{"taxonomy":"category","embeddable":true,"href":"https:\/\/www.bellunopress.it\/fr\/wp-json\/wp\/v2\/categories?post=7681"},{"taxonomy":"post_tag","embeddable":true,"href":"https:\/\/www.bellunopress.it\/fr\/wp-json\/wp\/v2\/tags?post=7681"}],"curies":[{"name":"wp","href":"https:\/\/api.w.org\/{rel}","templated":true}]}}