{"id":76806,"date":"2016-04-11T22:28:03","date_gmt":"2016-04-11T20:28:03","guid":{"rendered":"http:\/\/www.bellunopress.it\/?p=76806"},"modified":"2016-04-11T22:28:03","modified_gmt":"2016-04-11T20:28:03","slug":"pat-cesiomaggiore","status":"publish","type":"post","link":"https:\/\/www.bellunopress.it\/fr\/2016\/04\/11\/pat-cesiomaggiore\/","title":{"rendered":"Pat Cesiomaggiore verso la completa operativit\u00e0"},"content":{"rendered":"<figure id=\"attachment_31530\" aria-describedby=\"caption-attachment-31530\" style=\"width: 150px\" class=\"wp-caption alignleft\"><a href=\"http:\/\/www.bellunopress.it\/wp-content\/uploads\/2011\/10\/gianni-de-bastiani.jpg\" rel=\"attachment wp-att-31530\"><img loading=\"lazy\" decoding=\"async\" class=\"size-full wp-image-31530\" src=\"http:\/\/www.bellunopress.it\/wp-content\/uploads\/2011\/10\/gianni-de-bastiani.jpg\" alt=\"Gianni De Bastiani \" width=\"150\" height=\"200\" \/><\/a><figcaption id=\"caption-attachment-31530\" class=\"wp-caption-text\">Gianni De Bastiani<\/figcaption><\/figure>\n<p>Marted\u00ec scorso, 5 aprile, il Consiglio Provinciale ha\u00a0<span lang=\"it-IT\">ratificato l&#8217;approvazione del Piano di Assetto del Territorio <\/span><span lang=\"it-IT\">del Comune di Cesiomaggiore. Dopo la pubblicazione sul BUR della deliberazione del Consiglio provinciale il PAT diventer\u00e0 a tutti gli effetti operativo.<\/span><\/p>\n<p><span lang=\"it-IT\">Lo comunica il consigliere delegato Gianni De Bastiani<br \/>\n<\/span><\/p>\n<p><span lang=\"it-IT\">Ora il Comune di Cesiomaggiore potr\u00e0 valutare con il Piano degli Interventi le priorit\u00e0 su come attuare i principi e le previsioni contenute nel Piano che si incentreranno su alcuni principi condivisi anche in fase di confronto con il territorio, ovvero\u00a0<\/span><span lang=\"it-IT\">favorire: le prime case di abitazione, il recupero degli edifici esistenti, la\u00a0<\/span>ricettivit\u00e0 complementare ed il piccolo commercio, gli interventi di interesse pubblico anche in cooperazione con i privati, il consolidamento delle aree urbane, il miglioramento della viabilit\u00e0 anche di quella ciclo-pedonale.<\/p>\n<div>La prossima tappa sar\u00e0 l&#8217;approvazione del documento programmatico del Piano degli Interventi, documento che verr\u00e0 gestito dal Comune in piena autonomia.<\/p>\n<p><strong>Quando e come nasce il PAT di Cesiomaggiore<\/strong><br \/>\nl\u2019iter \u00e8 partito a fine 2007 e si \u00e8 sviluppato fin dall\u2019inizio con un forte approccio partecipativo. Infatti<br \/>\nsi \u00e8 deciso, prima di redigere il documento preliminare, di acquisire dalla popolazione le<br \/>\nmanifestazioni di interesse e le osservazioni per il miglior uso e disciplina del bene comune per<br \/>\neccellenza, ovvero il territorio ed l\u2019ambiente in cui vive la comunit\u00e0.<br \/>\nIl Sindaco Balen, dato che si tratta di formalizzare un lavoro gi\u00e0 fatto dalla precedente<br \/>\namministrazione, mi ha assegnato il compito di portare a termine il lavoro curando i vari<br \/>\npassaggi procedurali fino all\u2019adozione del PAT da parte del Consiglio comunale. Dopo la sua<br \/>\nadozione, nei successivi 30 giorni decorrenti dalla data di pubblicazione sul sito web e sull&#8217;Albo<br \/>\nPretorio on Line del Comune, i cittadini hanno tempo per promuovere eventuali osservazioni.<br \/>\nDopo l\u2019acquisizione delle osservazioni, il PAT, insieme alle osservazioni e alle controdeduzioni<br \/>\ndel Consiglio comunale, viene trasmesso alla Provincia per la sua approvazione.<br \/>\ncome si \u00e8 realizzata la partecipazione dei cittadini alla stesura del PAT<br \/>\nSono stati effettuati incontri pubblici prima della stesura del PAT in cui sono stati esposti alla<br \/>\ncittadinanza i principi ordinatori della pianificazione e le modalit\u00e0 con cui interagire con<br \/>\nl\u2019amministrazione e dopo la sua stesura per illustare i contenuti prima dell\u2019approvazione. Sono<br \/>\nstati illustrati modalit\u00e0, principi ed obiettivi del nuovo strumento urbanistico attraverso due articoli<br \/>\npubblicati sul notiziario comunale, inviato a tutte le famiglie del Comune. E\u2019 stato attivato lo<br \/>\n\u201csportello informativo\u201d del P.A.T. svolto nel corso della redazione del PAT, in cui i cittadini hanno<br \/>\npotuto interagire individualmente ed in modo diretto con l\u2019Amministrazione ed il progettista del<br \/>\nPiano sia per tematiche di carattere generale sia, come \u00e8 successo in massima parte,<br \/>\nrelativamente a problematiche di carattere puntuale e personale connesse al nuovo Sono state<br \/>\nraccolte richieste e contributi scritti per tutta la durata del processo di Piano. La partecipazione<br \/>\nistituzionale ha interessato i comuni contermini e la Provincia di Belluno per poter interagire sulle<br \/>\ntematiche comuni individuate dal Piano territoriale provinciale.<\/p>\n<p><strong>Quali sono i principali obiettivi del PAT<\/strong><br \/>\nfavorire il mantenimento e lo sviluppo delle coltivazioni e delle attivit\u00e0 agricole esistenti<br \/>\nfinalizzate alle produzioni di tipo tradizionale e le attivit\u00e0 connesse al fine di valorizzare l\u2019intera<br \/>\nfiliera di produzione\u037e<br \/>\ntutelare l\u2019occupazione del territorio da parte degli insediamenti produttivi circoscrivendola ad<br \/>\nattivit\u00e0 di servizio alla popolazione e di mantenimento o di trasformazione di prodotti locali\u037e<br \/>\nsviluppare forme di ricettivit\u00e0 turistica diffusa a bassa intensit\u00e0 che coinvolgano l\u2019intero territorio<br \/>\ncomunale, sviluppando eventualmente forme differenziate di offerta in funzioni delle diverse<br \/>\nrealt\u00e0 ambientali\u037e<br \/>\nconsentire a residenti e turisti una fruizione ricreativa e turistica pi\u00f9 estesa delle realt\u00e0 esistenti<br \/>\nanche attraverso nuove possibili iniziative di valorizzazione dell\u2019ambiente, sia a scopo ricreativo<br \/>\nche sportivo ed escursionistico\u037e<br \/>\nvalorizzare il patrimonio edilizio tradizionale attraverso il recupero dei centri storici e degli<br \/>\nelementi ed oggetti di peculiare valore storicoarchitettonico, culturale e della tradizione locale<br \/>\nsparsi sul territorio comunale, favorendo la consapevolezza delle qualit\u00e0 del proprio territorio da<br \/>\nparte della popolazione residente, la sua promozione e conoscenza presso un\u2019utenza pi\u00f9 vasta<br \/>\ne forme anche innovative di recupero e riutilizzo\u037e<br \/>\nmantenere e rafforzare gli attuali standard di qualit\u00e0 della vita per residenti determinati dalla<br \/>\ntranquillit\u00e0 ambientale e sociale dei luoghi, nonch\u00e9 dalla preservazione delle esistenti e peculiari<br \/>\nrisorse ambientali e paesaggistiche del territorio.<\/p>\n<p><strong>cosa fa il PAT per la prevenzione dai rischi e dalle calamit\u00e0 naturali?<\/strong><br \/>\nHa individuato le aree esondabili ed a maggiore pericolosit\u00e0 idraulica, le aree interessate da<br \/>\npericolosit\u00e0 geologica, le aree soggette a pericolosit\u00e0 per rischio di fenomeni valanghivi, le<br \/>\niniziative relative al rischio sismico. E\u2019 stata in particolare verificata con apposita relazione<br \/>\nidraulica la compatibilit\u00e0 delle previsioni di piano con la sicurezza idraulica del territorio,<br \/>\nsubordinando, ove necessario, l\u2019attuazione di talune previsioni ad adeguati interventi di<br \/>\nmitigazione e riduzione del rischio idraulico.<\/p>\n<p><strong>come viene tutelato il paesaggio di interesse storicoculturale ed agrario<\/strong><br \/>\nHa fatto la ricognizione delle caratteristiche e tipologie dei vari tipi di paesaggio ed ha introdotto<br \/>\nnorme per la salvaguardia delle attivit\u00e0 agrosilvopastorali<br \/>\nambientalmente sostenibili e dei<br \/>\nterreni a vocazione rurale. Sono state introdotte apposite tutele per la salvaguardia dei valori<br \/>\nantropologici, archeologici, storici e architettonici presenti nel territorio. Tutti gli elementi<br \/>\nsignificativi del paesaggio di interesse storico e gli immobili da tutelare sono stati individuati e<br \/>\nschedati con appropriate normative.<\/p>\n<p><strong>cosa prevede per i fabbricati rurali<\/strong><br \/>\nConsente il riutilizzo dei fabbricati rurali non pi\u00f9 funzionali all\u2019attivit\u00e0 agricola e di quelli<br \/>\nabbandonati, incentivandone il recupero con usi e modalit\u00e0 sostenibili e soprattutto rispettosi<br \/>\ndelle qualit\u00e0 architettoniche originali e tipiche. Si privilegia il recupero dei fabbricati dismessi<br \/>\nverso un utilizzo rivolto al segmento del turismo di visitazione, enogastronomico,<br \/>\nconnesso ai percorsi ciclabili esistenti ed in genere ad un turismo diffuso su tutto il territorio comunale e ad<br \/>\nalta sostenibilit\u00e0. Viene facilitata la realizzazione di accessori agricoli di taglio ridotto per la cura e<br \/>\nmanutenzione delle aree prative e boschive, con particolare interesse per quelle di<br \/>\npeggiore accessibilit\u00e0 rispetto ai centri abitati.<br \/>\nSono state individuate e delimitate come aree di urbanizzazione consolidata diffusa gli<br \/>\nagglomerati edilizi presenti in zona agricola definendo per essi, nel rispetto della legislazione<br \/>\nvigente, specifiche normative di tutela ed intervento.<br \/>\nLe nuove attivit\u00e0 agricole, in particolare da parte dei giovani imprenditori, sono favorite con la<br \/>\ndefinizione di criteri e modalit\u00e0 per la realizzazione di nuove unit\u00e0 edilizie abitative e di servizio<br \/>\nstrettamente destinate all\u2019attivit\u00e0 agricola, favorendo quelle rivolte alla coltivazione e<br \/>\ntrasformazione dei prodotti tradizionali con modalit\u00e0 sostenibili o biologiche.<\/p>\n<p><strong>come vengono valorizzate le tante frazioni e centri minori di Cesiomaggiore<\/strong><br \/>\nI centri storici minori rappresentano una rete insediativa di particolare importanza dal punto di<br \/>\nvista storicoarchitettonico e paesaggistico. Tale rete \u00e8 costituita, oltre al nucleo principale di<br \/>\nCesiomaggiore, dai centri di Fianema, Soranzen, Toschian, Can, Cullogne, Cesiominore, Pullir,<br \/>\nMenin, Marsiai, Calliol, Anzaven e Pez.<br \/>\nIn tutti vi \u00e8 l\u2019esigenza di adeguate politiche urbanistiche di sostegno e privilegio ai recuperi edilizi<br \/>\nper risolvere i problemi connessi all\u2019elevato frazionamento fondiario e dalla necessit\u00e0 di servizi di<br \/>\nbase (piazzette, aree di sosta, attivit\u00e0 commerciali minori, ecc.). L\u2019elevata disponibilit\u00e0 di aree di<br \/>\nnuova edificazione nella strumentazione urbanistica comunale ha consentito alla domanda di<br \/>\nrivolgersi in gran parte al nuovo edificato che garantiva meglio gli standard qualitativi richiesti dal<br \/>\nmercato.<br \/>\nL\u2019inversione di questa dinamica rappresenta una priorit\u00e0 fondamentale del PAT. Occorre infatti<br \/>\npreservare un prezioso patrimonio di valore storicoarchitettonico, ma nel contempo anche un<br \/>\npatrimonio sociale non ricostruibile.<br \/>\nSu questo punto vengono individuati alcune linee di intervento cos\u00ec riassumibili: forte iniziativa<br \/>\npubblica che anche con strumenti urbanistici attuativi favorisca l\u2019intervento dei residenti nel<br \/>\nrecupero dei volumi esistenti\u037e interventi pubblici di dotazione di servizi e di arredo urbano e<br \/>\niniziative per favorire la realizzazione di autorimesse plurime interrate\u037e integrazione delle aree di<br \/>\ncompletamento con l\u2019area di centro storico per la creazione di nuove identit\u00e0 urbane\u037e<br \/>\nsubordinazione della nuova edificazione nei nuclei in oggetto al recupero dei relativi centri storici,<br \/>\nanche con meccanismi perequativi.<br \/>\nPer ogni aggregato storico sono disciplinati la gamma degli interventi possibili (gradi di<br \/>\nprotezione), quelli comunque necessari alla tutela degli elementi di pregio (norme puntuali),<br \/>\nnonch\u00e9 le condizioni per le possibili variazioni al grado di protezione.<br \/>\nSono anche definite norme ed indirizzi per la soluzione dei problemi della circolazione nonch\u00e9<br \/>\ndegli spazi di sosta e di parcheggio per gli autoveicoli, da realizzarsi preferibilmente al di fuori del<br \/>\ncontesto del centro storico individuando, ove del caso, le nuove viabilit\u00e0.<br \/>\nL\u2019esperienza in questi anni di amministrazione suggerisce di puntare anche al mantenimento ed<br \/>\nal recupero dei percorsi storici sia pubblici che privati, anche al fine di valorizzare gli usi<br \/>\neconomici dei centri e la riappropriazione pedonale degli stessi, con particolare attenzione agli<br \/>\nspazi collettivi quali piazzette, aree verdi minori, ecc..<\/p>\n<p><strong>come vengono coinvolti i privati per il recupero dei centri storici<\/strong><br \/>\nAttraverso l\u2019utilizzo di accordi di tipo pubblico\/privato\u037e la perequazione ed i crediti edilizi da<br \/>\nconcretizzare in aree di espansione a fronte dell\u2019impegno dei privati di intervenire per il recupero<br \/>\ndel patrimonio storico, per la demolizione di volumi incongrui, per la mitigazione e\/o riduzione di<br \/>\nvolumetrie acquisite e per la contemporanea realizzazione di opere, servizi e spazi di rilevante<br \/>\ninteresse pubblico.<\/p>\n<p><strong>come viene valorizzato il sistema produttivo e turistico del Comune<\/strong><br \/>\nSi punta molto su territorio, tradizione, qualit\u00e0 dell\u2019offerta enogastronomica per attrarre un target<br \/>\nturistico in costante crescita. Questo sistema consente di mantenere il senso della comunit\u00e0,<br \/>\ndelle tradizioni, del mantenimento dei luoghi, contrastando i fenomeni di omologazione<br \/>\ninnescatisi negli ultimi decenni.<br \/>\nVengono privilegiati interventi per adeguare la viabilit\u00e0 e la dotazione di idonei spazi a parcheggio<br \/>\ne dei necessari servizi per rafforzare le strutture esistenti e facilitare l\u2019accessibilit\u00e0 e la fruizione<br \/>\nda parte dei minori e dei giovani, delle famiglie, degli anziani ed in genere degli utenti<br \/>\nsvantaggiati. Sono ritenuti importanti anche nuovi itinerari minori che consentano di mettere in<br \/>\nrete l\u2019intera offerta di attivit\u00e0 ed iniziative di attrattiva turistica finalizzata anche al coinvolgimento<br \/>\ndell\u2019offerta prodotti locali e delle attivit\u00e0 commerciali esistenti.<br \/>\ncome sono affrontati i problemi delle attivit\u00e0 artigianali e produttive<br \/>\nVengono confermati i necessari adeguamenti alle zone artigianali di Busche, Pez e<br \/>\nCesiomaggiore, finalizzate essenzialmente alla disponibilit\u00e0 diaree per attivit\u00e0 a carattere<br \/>\nartigianale di servizio, e comunque in stretta coerenza con il principio dello \u201csviluppo sostenibile\u201d,<br \/>\nsenza prevedere nuove ulteriori aree.<br \/>\nVengono comunque favoriti:<br \/>\nnecessari ampliamenti ed interventi sulle attivit\u00e0 esistenti, finalizzati anche ad un<br \/>\nadeguamento complessivo rispetto alle tematiche del risparmio energetico, della sicurezza,<br \/>\ndella riduzione dell\u2019impatto ambientale e paesaggistico\u037e<br \/>\ngli insediamenti di attivit\u00e0 connesse alla lavorazione, trasformazione, commercializzazione dei<br \/>\nprodotti locali\u037e<br \/>\ngli insediamenti di attivit\u00e0 artigianali di servizio ai residenti e di manutenzione del patrimonio<br \/>\nedilizio.<br \/>\nPer il commercio non vengono previste ulteriori necessit\u00e0 rispetto alla dotazione esistente per<br \/>\nquanto concerne le medie strutture, per le quali la domanda dovr\u00e0 essere soddisfatta nell\u2019ambito<br \/>\ndei attivit\u00e0 esistenti.<br \/>\nIl PAT considera come strategica la valorizzazione della rete commerciale minore sia in<br \/>\nfunzione del mantenimento del sistema residenziale esistente e per il ruolo polifunzionale nei<br \/>\ncentri minori.<br \/>\n<strong>quali sono le scelte pi\u00f9 importanti per la viabilit\u00e0 e trasporti<\/strong><br \/>\nIl PAT prende in considerazione anche il sistema stradale e dei trasporti prevedendo in<br \/>\nparticolare:<br \/>\na) la modifica della viabilit\u00e0 principale connessa al superamento della frazione di Busche<br \/>\nrecependo il tracciato della futura strada a scorrimento veloce della Valbelluna\u037e<br \/>\nb) l\u2019adeguamento e la messa in sicurezza della strada provinciale n.12 (pedemontana) in<br \/>\nparticolare in corrispondenza dei numerosi centri attraversati, quali Cesiomaggiore e Can\u037e<br \/>\nc) la modifica della strada provinciale n.36 in corrispondenza degli abitati di Pez (prevedendo un<br \/>\nnuovo asse principale verso la strada Val Cornera) e di Dorgnan (con lo svincolo della frazione)\u037e<br \/>\nd) l\u2019adeguamento e la messa in sicurezza della viabilit\u00e0 di maggior transito turistico \u2013 quali la<br \/>\nviabilit\u00e0 per Val Canzoi con la previsione di adeguate attrezzature di supporto ed interscambio<br \/>\n(parcheggi, piazzole di scambio ed inversione, ecc.).<br \/>\nf) l\u2019adeguamento delle viabilit\u00e0 minori, in particolare per quanto concerne gli incroci con le strade<br \/>\nprovinciali e statali e per le aree a parcheggio\u037e<br \/>\ng) l\u2019adeguamentosistemazionemanutenzione della rete secondaria di accesso ai centri minori<br \/>\ne le necessarie strutture di supporto (parcheggi secondari, zone di scambio ed inversione, ecc.).<br \/>\nNon da ultimo alcune per la valorizzazione del sistema ferroviario, sia in rapporto alla funzione di<br \/>\nfutura metropolitana di superficie per utilizzo prioritario da parte dei residenti, sia in funzione<br \/>\nturistica connessa anche al cicloturismo: si prevede infatti il potenziamento della stazione di<br \/>\nBusche e la previsione di una fermata aggiuntiva a Pez, anche attraverso la realizzazione delle<br \/>\nnecessarie attrezzature di interscambio, il tutto ovviamente in sinergia e coordinamento con gli<br \/>\nenti competenti in materia.<\/p>\n<\/div>\n<div><span style=\"color: #000000;\"><span style=\"font-family: arial,helvetica,sans-serif; font-size: small;\"><span lang=\"it-IT\">\u00a0<\/span><\/span><\/span><\/div>","protected":false},"excerpt":{"rendered":"<p>Marted\u00ec scorso, 5 aprile, il Consiglio Provinciale ha\u00a0ratificato l&#8217;approvazione del Piano di Assetto del Territorio del Comune di Cesiomaggiore. Dopo la pubblicazione sul BUR della deliberazione del Consiglio provinciale il PAT diventer\u00e0 a tutti gli effetti operativo. Lo comunica il consigliere delegato Gianni De Bastiani Ora il Comune di Cesiomaggiore potr\u00e0 valutare con il Piano [&hellip;]<\/p>\n","protected":false},"author":2,"featured_media":0,"comment_status":"closed","ping_status":"open","sticky":false,"template":"","format":"standard","meta":{"footnotes":""},"categories":[5,26],"tags":[],"class_list":["post-76806","post","type-post","status-publish","format-standard","category-cronaca","category-prima-pagina"],"yoast_head":"<!-- This site is optimized with the Yoast SEO plugin v28.4 - https:\/\/yoast.com\/product\/yoast-seo-wordpress\/ -->\n<title>Pat Cesiomaggiore verso la completa operativit\u00e0 - Bellunopress - Dolomiti<\/title>\n<meta name=\"robots\" content=\"index, follow, max-snippet:-1, max-image-preview:large, max-video-preview:-1\" \/>\n<link rel=\"canonical\" href=\"https:\/\/www.bellunopress.it\/fr\/2016\/04\/11\/pat-cesiomaggiore\/\" \/>\n<meta property=\"og:locale\" content=\"fr_FR\" \/>\n<meta property=\"og:type\" content=\"article\" \/>\n<meta property=\"og:title\" content=\"Pat Cesiomaggiore verso la completa operativit\u00e0 - Bellunopress - Dolomiti\" \/>\n<meta property=\"og:description\" content=\"Marted\u00ec scorso, 5 aprile, il Consiglio Provinciale ha\u00a0ratificato l&#8217;approvazione del Piano di Assetto del Territorio del Comune di Cesiomaggiore. Dopo la pubblicazione sul BUR della deliberazione del Consiglio provinciale il PAT diventer\u00e0 a tutti gli effetti operativo. Lo comunica il consigliere delegato Gianni De Bastiani Ora il Comune di Cesiomaggiore potr\u00e0 valutare con il Piano [&hellip;]\" \/>\n<meta property=\"og:url\" content=\"https:\/\/www.bellunopress.it\/fr\/2016\/04\/11\/pat-cesiomaggiore\/\" \/>\n<meta property=\"og:site_name\" content=\"Bellunopress - Dolomiti\" \/>\n<meta property=\"article:publisher\" content=\"https:\/\/www.facebook.com\/profile.php?id=100008943462799\" \/>\n<meta property=\"article:published_time\" content=\"2016-04-11T20:28:03+00:00\" \/>\n<meta property=\"og:image\" content=\"http:\/\/www.bellunopress.it\/wp-content\/uploads\/2011\/10\/gianni-de-bastiani.jpg\" \/>\n<meta name=\"author\" content=\"redazione\" \/>\n<meta name=\"twitter:card\" content=\"summary_large_image\" \/>\n<meta name=\"twitter:creator\" content=\"@bellunopress\" \/>\n<meta name=\"twitter:site\" content=\"@bellunopress\" \/>\n<meta name=\"twitter:label1\" content=\"\u00c9crit par\" \/>\n\t<meta name=\"twitter:data1\" content=\"redazione\" \/>\n\t<meta name=\"twitter:label2\" content=\"Dur\u00e9e de lecture estim\u00e9e\" \/>\n\t<meta name=\"twitter:data2\" content=\"10 minutes\" \/>\n<script type=\"application\/ld+json\" class=\"yoast-schema-graph\">{\"@context\":\"https:\\\/\\\/schema.org\",\"@graph\":[{\"@type\":\"Article\",\"@id\":\"https:\\\/\\\/www.bellunopress.it\\\/2016\\\/04\\\/11\\\/pat-cesiomaggiore\\\/#article\",\"isPartOf\":{\"@id\":\"https:\\\/\\\/www.bellunopress.it\\\/2016\\\/04\\\/11\\\/pat-cesiomaggiore\\\/\"},\"author\":{\"name\":\"redazione\",\"@id\":\"https:\\\/\\\/www.bellunopress.it\\\/#\\\/schema\\\/person\\\/79bb06722b37ece1c03d3e94beb30d73\"},\"headline\":\"Pat Cesiomaggiore verso la completa operativit\u00e0\",\"datePublished\":\"2016-04-11T20:28:03+00:00\",\"mainEntityOfPage\":{\"@id\":\"https:\\\/\\\/www.bellunopress.it\\\/2016\\\/04\\\/11\\\/pat-cesiomaggiore\\\/\"},\"wordCount\":2101,\"publisher\":{\"@id\":\"https:\\\/\\\/www.bellunopress.it\\\/#organization\"},\"image\":{\"@id\":\"https:\\\/\\\/www.bellunopress.it\\\/2016\\\/04\\\/11\\\/pat-cesiomaggiore\\\/#primaryimage\"},\"thumbnailUrl\":\"http:\\\/\\\/www.bellunopress.it\\\/wp-content\\\/uploads\\\/2011\\\/10\\\/gianni-de-bastiani.jpg\",\"articleSection\":[\"Cronaca\\\/Politica\",\"Prima Pagina\"],\"inLanguage\":\"fr-FR\"},{\"@type\":\"WebPage\",\"@id\":\"https:\\\/\\\/www.bellunopress.it\\\/2016\\\/04\\\/11\\\/pat-cesiomaggiore\\\/\",\"url\":\"https:\\\/\\\/www.bellunopress.it\\\/2016\\\/04\\\/11\\\/pat-cesiomaggiore\\\/\",\"name\":\"Pat Cesiomaggiore verso la completa operativit\u00e0 - Bellunopress - Dolomiti\",\"isPartOf\":{\"@id\":\"https:\\\/\\\/www.bellunopress.it\\\/#website\"},\"primaryImageOfPage\":{\"@id\":\"https:\\\/\\\/www.bellunopress.it\\\/2016\\\/04\\\/11\\\/pat-cesiomaggiore\\\/#primaryimage\"},\"image\":{\"@id\":\"https:\\\/\\\/www.bellunopress.it\\\/2016\\\/04\\\/11\\\/pat-cesiomaggiore\\\/#primaryimage\"},\"thumbnailUrl\":\"http:\\\/\\\/www.bellunopress.it\\\/wp-content\\\/uploads\\\/2011\\\/10\\\/gianni-de-bastiani.jpg\",\"datePublished\":\"2016-04-11T20:28:03+00:00\",\"breadcrumb\":{\"@id\":\"https:\\\/\\\/www.bellunopress.it\\\/2016\\\/04\\\/11\\\/pat-cesiomaggiore\\\/#breadcrumb\"},\"inLanguage\":\"fr-FR\",\"potentialAction\":[{\"@type\":\"ReadAction\",\"target\":[\"https:\\\/\\\/www.bellunopress.it\\\/2016\\\/04\\\/11\\\/pat-cesiomaggiore\\\/\"]}]},{\"@type\":\"ImageObject\",\"inLanguage\":\"fr-FR\",\"@id\":\"https:\\\/\\\/www.bellunopress.it\\\/2016\\\/04\\\/11\\\/pat-cesiomaggiore\\\/#primaryimage\",\"url\":\"http:\\\/\\\/www.bellunopress.it\\\/wp-content\\\/uploads\\\/2011\\\/10\\\/gianni-de-bastiani.jpg\",\"contentUrl\":\"http:\\\/\\\/www.bellunopress.it\\\/wp-content\\\/uploads\\\/2011\\\/10\\\/gianni-de-bastiani.jpg\"},{\"@type\":\"BreadcrumbList\",\"@id\":\"https:\\\/\\\/www.bellunopress.it\\\/2016\\\/04\\\/11\\\/pat-cesiomaggiore\\\/#breadcrumb\",\"itemListElement\":[{\"@type\":\"ListItem\",\"position\":1,\"name\":\"Home\",\"item\":\"https:\\\/\\\/www.bellunopress.it\\\/\"},{\"@type\":\"ListItem\",\"position\":2,\"name\":\"Pat Cesiomaggiore verso la completa operativit\u00e0\"}]},{\"@type\":\"WebSite\",\"@id\":\"https:\\\/\\\/www.bellunopress.it\\\/#website\",\"url\":\"https:\\\/\\\/www.bellunopress.it\\\/\",\"name\":\"Bellunopress - Dolomiti\",\"description\":\"e-mail: redazione@bellunopress.it\",\"publisher\":{\"@id\":\"https:\\\/\\\/www.bellunopress.it\\\/#organization\"},\"potentialAction\":[{\"@type\":\"SearchAction\",\"target\":{\"@type\":\"EntryPoint\",\"urlTemplate\":\"https:\\\/\\\/www.bellunopress.it\\\/?s={search_term_string}\"},\"query-input\":{\"@type\":\"PropertyValueSpecification\",\"valueRequired\":true,\"valueName\":\"search_term_string\"}}],\"inLanguage\":\"fr-FR\"},{\"@type\":\"Organization\",\"@id\":\"https:\\\/\\\/www.bellunopress.it\\\/#organization\",\"name\":\"Bellunopress\",\"url\":\"https:\\\/\\\/www.bellunopress.it\\\/\",\"logo\":{\"@type\":\"ImageObject\",\"inLanguage\":\"fr-FR\",\"@id\":\"https:\\\/\\\/www.bellunopress.it\\\/#\\\/schema\\\/logo\\\/image\\\/\",\"url\":\"https:\\\/\\\/www.bellunopress.it\\\/wp-content\\\/uploads\\\/2011\\\/05\\\/cropped-logo-bellunopress-.jpg\",\"contentUrl\":\"https:\\\/\\\/www.bellunopress.it\\\/wp-content\\\/uploads\\\/2011\\\/05\\\/cropped-logo-bellunopress-.jpg\",\"width\":512,\"height\":512,\"caption\":\"Bellunopress\"},\"image\":{\"@id\":\"https:\\\/\\\/www.bellunopress.it\\\/#\\\/schema\\\/logo\\\/image\\\/\"},\"sameAs\":[\"https:\\\/\\\/www.facebook.com\\\/profile.php?id=100008943462799\",\"https:\\\/\\\/x.com\\\/bellunopress\",\"https:\\\/\\\/www.linkedin.com\\\/hp\\\/?dnr=JBzUWaJfMUw8vbXJJ2tVW5-I3jZKvC4wsoxE&amp;amp;amp;amp;amp;amp;trk=nav_responsive_tab_home\",\"https:\\\/\\\/www.youtube.com\\\/channel\\\/UCxL0wu1uN0_3_7hGG0306cw\"]},{\"@type\":\"Person\",\"@id\":\"https:\\\/\\\/www.bellunopress.it\\\/#\\\/schema\\\/person\\\/79bb06722b37ece1c03d3e94beb30d73\",\"name\":\"redazione\",\"image\":{\"@type\":\"ImageObject\",\"inLanguage\":\"fr-FR\",\"@id\":\"https:\\\/\\\/secure.gravatar.com\\\/avatar\\\/37d968a2e67a6fd04c169c4bdef102d0bc5d31b2546345219e348575eb80e9a0?s=96&d=mm&r=g\",\"url\":\"https:\\\/\\\/secure.gravatar.com\\\/avatar\\\/37d968a2e67a6fd04c169c4bdef102d0bc5d31b2546345219e348575eb80e9a0?s=96&d=mm&r=g\",\"contentUrl\":\"https:\\\/\\\/secure.gravatar.com\\\/avatar\\\/37d968a2e67a6fd04c169c4bdef102d0bc5d31b2546345219e348575eb80e9a0?s=96&d=mm&r=g\",\"caption\":\"redazione\"},\"sameAs\":[\"http:\\\/\\\/www.bellunopress.it\",\"https:\\\/\\\/x.com\\\/bellunopress\"],\"url\":\"https:\\\/\\\/www.bellunopress.it\\\/fr\\\/author\\\/redazione\\\/\"}]}<\/script>\n<!-- \/ Yoast SEO plugin. -->","yoast_head_json":{"title":"Pat Cesiomaggiore verso la completa operativit\u00e0 - Bellunopress - Dolomiti","robots":{"index":"index","follow":"follow","max-snippet":"max-snippet:-1","max-image-preview":"max-image-preview:large","max-video-preview":"max-video-preview:-1"},"canonical":"https:\/\/www.bellunopress.it\/fr\/2016\/04\/11\/pat-cesiomaggiore\/","og_locale":"fr_FR","og_type":"article","og_title":"Pat Cesiomaggiore verso la completa operativit\u00e0 - Bellunopress - Dolomiti","og_description":"Marted\u00ec scorso, 5 aprile, il Consiglio Provinciale ha\u00a0ratificato l&#8217;approvazione del Piano di Assetto del Territorio del Comune di Cesiomaggiore. Dopo la pubblicazione sul BUR della deliberazione del Consiglio provinciale il PAT diventer\u00e0 a tutti gli effetti operativo. Lo comunica il consigliere delegato Gianni De Bastiani Ora il Comune di Cesiomaggiore potr\u00e0 valutare con il Piano [&hellip;]","og_url":"https:\/\/www.bellunopress.it\/fr\/2016\/04\/11\/pat-cesiomaggiore\/","og_site_name":"Bellunopress - Dolomiti","article_publisher":"https:\/\/www.facebook.com\/profile.php?id=100008943462799","article_published_time":"2016-04-11T20:28:03+00:00","og_image":[{"url":"http:\/\/www.bellunopress.it\/wp-content\/uploads\/2011\/10\/gianni-de-bastiani.jpg","type":"","width":"","height":""}],"author":"redazione","twitter_card":"summary_large_image","twitter_creator":"@bellunopress","twitter_site":"@bellunopress","twitter_misc":{"\u00c9crit par":"redazione","Dur\u00e9e de lecture estim\u00e9e":"10 minutes"},"schema":{"@context":"https:\/\/schema.org","@graph":[{"@type":"Article","@id":"https:\/\/www.bellunopress.it\/2016\/04\/11\/pat-cesiomaggiore\/#article","isPartOf":{"@id":"https:\/\/www.bellunopress.it\/2016\/04\/11\/pat-cesiomaggiore\/"},"author":{"name":"redazione","@id":"https:\/\/www.bellunopress.it\/#\/schema\/person\/79bb06722b37ece1c03d3e94beb30d73"},"headline":"Pat Cesiomaggiore verso la completa operativit\u00e0","datePublished":"2016-04-11T20:28:03+00:00","mainEntityOfPage":{"@id":"https:\/\/www.bellunopress.it\/2016\/04\/11\/pat-cesiomaggiore\/"},"wordCount":2101,"publisher":{"@id":"https:\/\/www.bellunopress.it\/#organization"},"image":{"@id":"https:\/\/www.bellunopress.it\/2016\/04\/11\/pat-cesiomaggiore\/#primaryimage"},"thumbnailUrl":"http:\/\/www.bellunopress.it\/wp-content\/uploads\/2011\/10\/gianni-de-bastiani.jpg","articleSection":["Cronaca\/Politica","Prima Pagina"],"inLanguage":"fr-FR"},{"@type":"WebPage","@id":"https:\/\/www.bellunopress.it\/2016\/04\/11\/pat-cesiomaggiore\/","url":"https:\/\/www.bellunopress.it\/2016\/04\/11\/pat-cesiomaggiore\/","name":"Pat Cesiomaggiore verso la completa operativit\u00e0 - Bellunopress - Dolomiti","isPartOf":{"@id":"https:\/\/www.bellunopress.it\/#website"},"primaryImageOfPage":{"@id":"https:\/\/www.bellunopress.it\/2016\/04\/11\/pat-cesiomaggiore\/#primaryimage"},"image":{"@id":"https:\/\/www.bellunopress.it\/2016\/04\/11\/pat-cesiomaggiore\/#primaryimage"},"thumbnailUrl":"http:\/\/www.bellunopress.it\/wp-content\/uploads\/2011\/10\/gianni-de-bastiani.jpg","datePublished":"2016-04-11T20:28:03+00:00","breadcrumb":{"@id":"https:\/\/www.bellunopress.it\/2016\/04\/11\/pat-cesiomaggiore\/#breadcrumb"},"inLanguage":"fr-FR","potentialAction":[{"@type":"ReadAction","target":["https:\/\/www.bellunopress.it\/2016\/04\/11\/pat-cesiomaggiore\/"]}]},{"@type":"ImageObject","inLanguage":"fr-FR","@id":"https:\/\/www.bellunopress.it\/2016\/04\/11\/pat-cesiomaggiore\/#primaryimage","url":"http:\/\/www.bellunopress.it\/wp-content\/uploads\/2011\/10\/gianni-de-bastiani.jpg","contentUrl":"http:\/\/www.bellunopress.it\/wp-content\/uploads\/2011\/10\/gianni-de-bastiani.jpg"},{"@type":"BreadcrumbList","@id":"https:\/\/www.bellunopress.it\/2016\/04\/11\/pat-cesiomaggiore\/#breadcrumb","itemListElement":[{"@type":"ListItem","position":1,"name":"Home","item":"https:\/\/www.bellunopress.it\/"},{"@type":"ListItem","position":2,"name":"Pat Cesiomaggiore verso la completa operativit\u00e0"}]},{"@type":"WebSite","@id":"https:\/\/www.bellunopress.it\/#website","url":"https:\/\/www.bellunopress.it\/","name":"Bellunopress - Dolomiti","description":"e-mail: redazione@bellunopress.it","publisher":{"@id":"https:\/\/www.bellunopress.it\/#organization"},"potentialAction":[{"@type":"SearchAction","target":{"@type":"EntryPoint","urlTemplate":"https:\/\/www.bellunopress.it\/?s={search_term_string}"},"query-input":{"@type":"PropertyValueSpecification","valueRequired":true,"valueName":"search_term_string"}}],"inLanguage":"fr-FR"},{"@type":"Organization","@id":"https:\/\/www.bellunopress.it\/#organization","name":"Bellunopress","url":"https:\/\/www.bellunopress.it\/","logo":{"@type":"ImageObject","inLanguage":"fr-FR","@id":"https:\/\/www.bellunopress.it\/#\/schema\/logo\/image\/","url":"https:\/\/www.bellunopress.it\/wp-content\/uploads\/2011\/05\/cropped-logo-bellunopress-.jpg","contentUrl":"https:\/\/www.bellunopress.it\/wp-content\/uploads\/2011\/05\/cropped-logo-bellunopress-.jpg","width":512,"height":512,"caption":"Bellunopress"},"image":{"@id":"https:\/\/www.bellunopress.it\/#\/schema\/logo\/image\/"},"sameAs":["https:\/\/www.facebook.com\/profile.php?id=100008943462799","https:\/\/x.com\/bellunopress","https:\/\/www.linkedin.com\/hp\/?dnr=JBzUWaJfMUw8vbXJJ2tVW5-I3jZKvC4wsoxE&amp;amp;amp;amp;amp;amp;trk=nav_responsive_tab_home","https:\/\/www.youtube.com\/channel\/UCxL0wu1uN0_3_7hGG0306cw"]},{"@type":"Person","@id":"https:\/\/www.bellunopress.it\/#\/schema\/person\/79bb06722b37ece1c03d3e94beb30d73","name":"r\u00e9daction","image":{"@type":"ImageObject","inLanguage":"fr-FR","@id":"https:\/\/secure.gravatar.com\/avatar\/37d968a2e67a6fd04c169c4bdef102d0bc5d31b2546345219e348575eb80e9a0?s=96&d=mm&r=g","url":"https:\/\/secure.gravatar.com\/avatar\/37d968a2e67a6fd04c169c4bdef102d0bc5d31b2546345219e348575eb80e9a0?s=96&d=mm&r=g","contentUrl":"https:\/\/secure.gravatar.com\/avatar\/37d968a2e67a6fd04c169c4bdef102d0bc5d31b2546345219e348575eb80e9a0?s=96&d=mm&r=g","caption":"redazione"},"sameAs":["http:\/\/www.bellunopress.it","https:\/\/x.com\/bellunopress"],"url":"https:\/\/www.bellunopress.it\/fr\/author\/redazione\/"}]}},"_links":{"self":[{"href":"https:\/\/www.bellunopress.it\/fr\/wp-json\/wp\/v2\/posts\/76806","targetHints":{"allow":["GET"]}}],"collection":[{"href":"https:\/\/www.bellunopress.it\/fr\/wp-json\/wp\/v2\/posts"}],"about":[{"href":"https:\/\/www.bellunopress.it\/fr\/wp-json\/wp\/v2\/types\/post"}],"author":[{"embeddable":true,"href":"https:\/\/www.bellunopress.it\/fr\/wp-json\/wp\/v2\/users\/2"}],"replies":[{"embeddable":true,"href":"https:\/\/www.bellunopress.it\/fr\/wp-json\/wp\/v2\/comments?post=76806"}],"version-history":[{"count":1,"href":"https:\/\/www.bellunopress.it\/fr\/wp-json\/wp\/v2\/posts\/76806\/revisions"}],"predecessor-version":[{"id":76807,"href":"https:\/\/www.bellunopress.it\/fr\/wp-json\/wp\/v2\/posts\/76806\/revisions\/76807"}],"wp:attachment":[{"href":"https:\/\/www.bellunopress.it\/fr\/wp-json\/wp\/v2\/media?parent=76806"}],"wp:term":[{"taxonomy":"category","embeddable":true,"href":"https:\/\/www.bellunopress.it\/fr\/wp-json\/wp\/v2\/categories?post=76806"},{"taxonomy":"post_tag","embeddable":true,"href":"https:\/\/www.bellunopress.it\/fr\/wp-json\/wp\/v2\/tags?post=76806"}],"curies":[{"name":"wp","href":"https:\/\/api.w.org\/{rel}","templated":true}]}}