{"id":7670,"date":"2009-09-03T08:45:08","date_gmt":"2009-09-03T07:45:08","guid":{"rendered":"http:\/\/www.bellunopress.it\/?p=7670"},"modified":"2009-09-04T14:25:45","modified_gmt":"2009-09-04T13:25:45","slug":"sabato-ce-la-festa-del-cai-di-zoldo-a-casera-bosconero","status":"publish","type":"post","link":"https:\/\/www.bellunopress.it\/fr\/2009\/09\/03\/sabato-ce-la-festa-del-cai-di-zoldo-a-casera-bosconero\/","title":{"rendered":"Sabato c&#8217;\u00e8 la festa del Cai di Zoldo a casera Bosconero"},"content":{"rendered":"<p>La Sezione di Zoldo invita tutti gli interessati alla festa che si terr\u00e0 sabato 5 settembre (inizio alle ore 11.00) presso il Rifugio Cas\u00e8ra Bosconero. Oltre a festeggiare i 25 anni di gestione di Monica Campo Bagatin, saranno illustrati i lavori di ammodernamento della struttura e l\u2019innovativo progetto sperimentale di bio-energia realizzato in collaborazione con l\u2019Universit\u00e0 di Padova e la Fondazione Giovanni Angelini.<br \/>\nRitrovo: ore 08.30 presso il parcheggio al lago Pontesiei (Zoldo) e successiva salita al Rifugio Bosconero lungo i sentieri CAI 490 &#8211; 495<\/p>\n<p>DOMENICA 6 SETTEMBRE\u2013 LA GIORNATA DELL\u2019AMICIZIA A CASERA FRAMONT (AGORDO) .<\/p>\n<p>La Sezione Agordina del C.A.I., il Gruppo Alpini Agordo, il Coro Agordo e Agordo Musica in collaborazione con l\u2019Amministrazione Comunale di Agordo, la Famiglia Frigimelica (malghesi) e l\u2019Associazione Danza Agordina, vi invitano all\u2019ormai tradizionale appuntamento &#8211; riservato alla prima domenica di settembre alla Cas\u00e8ra Framont &#8211; in programma il prossimo 6 settembre.<\/p>\n<p>Ore 10.00\u00a0\u00a0\u00a0\u00a0\u00a0\u00a0\u00a0\u00a0 Raduno sul piazzale della Cas\u00e8ra. Saluto ai convenuti.<br \/>\nOre 11.30\u00a0\u00a0\u00a0\u00a0\u00a0\u00a0\u00a0\u00a0 S.Messa accompagnata dal Coro Agordo<br \/>\nOre 12.00\u00a0\u00a0\u00a0\u00a0\u00a0\u00a0\u00a0\u00a0 Ristoro a cura del Gruppo Alpini Agordo<br \/>\nOre 13.00\u00a0\u00a0\u00a0\u00a0\u00a0\u00a0\u00a0\u00a0 \u201cConcerto a Malga Framont\u201d \u2013 passeggiate musicali con la partecipazione di \u201cUp\u00e0 da le Strighe\u201d<\/p>\n<p>L\u2019ESCURSIONE DI DUE GIORNI NEL GRUPPO DEL BRENTA DELLO SCORSO FINE SETTIMANA<\/p>\n<p><a href=\"http:\/\/www.bellunopress.it\/wp-content\/uploads\/2009\/09\/brenta-3-leggera.jpg\"><img loading=\"lazy\" decoding=\"async\" class=\"alignleft size-medium wp-image-7671\" title=\"brenta-3-leggera\" src=\"http:\/\/www.bellunopress.it\/wp-content\/uploads\/2009\/09\/brenta-3-leggera.jpg\" alt=\"\" width=\"270\" height=\"203\" \/><\/a>A lungo richiesta, quest\u2019anno finalmente siamo riusciti a mettere in calendario una \u201cdue giorni\u201d nel Gruppo delle Dolomiti di Brenta. L\u2019attesa uscita che ha visto impegnati ben 38 partecipanti &#8211; successivamente divisi in due gruppi &#8211; ha avuto inizio sabato alle ore 04.30 del mattino con la partenza in pullman da Agordo. Giunti a Madonna di Campiglio in perfetto orario per l\u2019apertura degli impianti di risalita che portano al Rifugio Stoppani al Grost\u00e8 (m. 2442) il gruppo si \u00e8 diviso seguendo i due itinerari proposti: il primo, pi\u00f9 numeroso e tecnicamente preparato, ha percorso il Sentiero attrezzato Benini sino alla bocca del Tuckett e poi &#8211; attraverso il sentiero attrezzato delle Bocchette Alte &#8211; ha raggiunto il Rif. Alimonta (m. 2580) dove \u00e8 giunto alle ore 17.30 per la cena e il pernotto. Il secondo gruppo, percorrendo un itinerario meno difficoltoso, ha raggiunto dapprima il Rif. Tuckett (m. 2272) a seguire il Rif. Brentei (m. 2182) e infine il Rif. Pedrotti (m. 2491) dove era gi\u00e0 prevista la cena ed il pernotto. Qualche rovescio, durante le ore centrali della giornata, non ha pregiudicato lo svolgimento delle escursioni. In entrambi i Rifugi, la cordialit\u00e0 e la cena sono state \u201cesemplari\u201d e, grazie anche al nostro affiatamento, ci hanno lasciato degli ottimi ricordi. Domenica mattina sveglia alle 06.30, colazione e partenza&#8230; I \u201cferratisti\u201d lungo i percorsi attrezzati delle Bocchette Centrali che si snodano lungo vertiginose cenge sulla Torre di Brenta e ai piedi del famosissimo Campanile Basso, nonch\u00e8 alla Cima di Brenta Alta per raggiungere &#8211; attraverso la Bocca di Brenta &#8211; il Rif. Pedrotti (dove aveva pernottato il gruppo \u201cescursionistico\u201d). Poi lungo la Val Massodi al Rif. Selvata (m. 1630) e quindi al Rif. Croz Dell\u2019Altissimo (m. 1430) dove i due gruppi si sono ritrovati. Giornata impegnativa anche per il gruppo \u201cescursionistico\u201d che di buon\u2019ora si \u00e8 avviato lungo il \u201cSentiero Osvaldo Orsi\u201d sotto alle belle pareti della Brenta Alta e dei Campanili Alto e Basso. Successivamente per ghiaioni &#8211; e talvolta su aeree cenge &#8211; sino alla base dell\u2019imponente parete della Cima Brenta e della Bocca del Tuckett per scendere infine lungo la Val Perse sino al Rif. Croz Dell\u2019Altissimo. Atteso e davvero piacevole l\u2019incontro fra i due gruppi che, riunitisi, sono scesi sino a Molveno dove li attendeva il pullman per il rientro ad Agordo&#8230; non prima per\u00f2 di un improvvisato e piacevole ristoro a base di pane, salame, dolci vari e buon vino\u2026<br \/>\nUn elogio a tutti i partecipanti che si sono dimostrati bravi e preparati nell\u2019affrontare questa esperienza nel Gruppo del Brenta. Un grazie anche agli accompagnatori\u00a0 senza i quali non sarebbe stato possibile garantire il necessario supporto di sicurezza che l\u2019escursione richiedeva.<\/p>","protected":false},"excerpt":{"rendered":"<p>La Sezione di Zoldo invita tutti gli interessati alla festa che si terr\u00e0 sabato 5 settembre (inizio alle ore 11.00) presso il Rifugio Cas\u00e8ra Bosconero. Oltre a festeggiare i 25 anni di gestione di Monica Campo Bagatin, saranno illustrati i lavori di ammodernamento della struttura e l\u2019innovativo progetto sperimentale di bio-energia realizzato in collaborazione con [&hellip;]<\/p>\n","protected":false},"author":2,"featured_media":0,"comment_status":"closed","ping_status":"open","sticky":false,"template":"","format":"standard","meta":{"footnotes":""},"categories":[27,38],"tags":[139,63,2262],"class_list":["post-7670","post","type-post","status-publish","format-standard","category-appuntamenti","category-natura-ambiente","tag-belluno","tag-dolomiti","tag-zoldo"],"yoast_head":"<!-- This site is optimized with the Yoast SEO plugin v28.4 - https:\/\/yoast.com\/product\/yoast-seo-wordpress\/ -->\n<title>Sabato c&#039;\u00e8 la festa del Cai di Zoldo a casera Bosconero - Bellunopress - Dolomiti<\/title>\n<meta name=\"robots\" content=\"index, follow, max-snippet:-1, max-image-preview:large, max-video-preview:-1\" \/>\n<link rel=\"canonical\" href=\"https:\/\/www.bellunopress.it\/fr\/2009\/09\/03\/sabato-ce-la-festa-del-cai-di-zoldo-a-casera-bosconero\/\" \/>\n<meta property=\"og:locale\" content=\"fr_FR\" \/>\n<meta property=\"og:type\" content=\"article\" \/>\n<meta property=\"og:title\" content=\"Sabato c&#039;\u00e8 la festa del Cai di Zoldo a casera Bosconero - Bellunopress - Dolomiti\" \/>\n<meta property=\"og:description\" content=\"La Sezione di Zoldo invita tutti gli interessati alla festa che si terr\u00e0 sabato 5 settembre (inizio alle ore 11.00) presso il Rifugio Cas\u00e8ra Bosconero. Oltre a festeggiare i 25 anni di gestione di Monica Campo Bagatin, saranno illustrati i lavori di ammodernamento della struttura e l\u2019innovativo progetto sperimentale di bio-energia realizzato in collaborazione con [&hellip;]\" \/>\n<meta property=\"og:url\" content=\"https:\/\/www.bellunopress.it\/fr\/2009\/09\/03\/sabato-ce-la-festa-del-cai-di-zoldo-a-casera-bosconero\/\" \/>\n<meta property=\"og:site_name\" content=\"Bellunopress - Dolomiti\" \/>\n<meta property=\"article:publisher\" content=\"https:\/\/www.facebook.com\/profile.php?id=100008943462799\" \/>\n<meta property=\"article:published_time\" content=\"2009-09-03T07:45:08+00:00\" \/>\n<meta property=\"article:modified_time\" content=\"2009-09-04T13:25:45+00:00\" \/>\n<meta property=\"og:image\" content=\"http:\/\/www.bellunopress.it\/wp-content\/uploads\/2009\/09\/brenta-3-leggera.jpg\" \/>\n<meta name=\"author\" content=\"redazione\" \/>\n<meta name=\"twitter:card\" content=\"summary_large_image\" \/>\n<meta name=\"twitter:creator\" content=\"@bellunopress\" \/>\n<meta name=\"twitter:site\" content=\"@bellunopress\" \/>\n<meta name=\"twitter:label1\" content=\"\u00c9crit par\" \/>\n\t<meta name=\"twitter:data1\" content=\"redazione\" \/>\n\t<meta name=\"twitter:label2\" content=\"Dur\u00e9e de lecture estim\u00e9e\" \/>\n\t<meta name=\"twitter:data2\" content=\"3 minutes\" \/>\n<script type=\"application\/ld+json\" class=\"yoast-schema-graph\">{\"@context\":\"https:\\\/\\\/schema.org\",\"@graph\":[{\"@type\":\"Article\",\"@id\":\"https:\\\/\\\/www.bellunopress.it\\\/2009\\\/09\\\/03\\\/sabato-ce-la-festa-del-cai-di-zoldo-a-casera-bosconero\\\/#article\",\"isPartOf\":{\"@id\":\"https:\\\/\\\/www.bellunopress.it\\\/2009\\\/09\\\/03\\\/sabato-ce-la-festa-del-cai-di-zoldo-a-casera-bosconero\\\/\"},\"author\":{\"name\":\"redazione\",\"@id\":\"https:\\\/\\\/www.bellunopress.it\\\/#\\\/schema\\\/person\\\/79bb06722b37ece1c03d3e94beb30d73\"},\"headline\":\"Sabato c&#8217;\u00e8 la festa del Cai di Zoldo a casera Bosconero\",\"datePublished\":\"2009-09-03T07:45:08+00:00\",\"dateModified\":\"2009-09-04T13:25:45+00:00\",\"mainEntityOfPage\":{\"@id\":\"https:\\\/\\\/www.bellunopress.it\\\/2009\\\/09\\\/03\\\/sabato-ce-la-festa-del-cai-di-zoldo-a-casera-bosconero\\\/\"},\"wordCount\":656,\"publisher\":{\"@id\":\"https:\\\/\\\/www.bellunopress.it\\\/#organization\"},\"image\":{\"@id\":\"https:\\\/\\\/www.bellunopress.it\\\/2009\\\/09\\\/03\\\/sabato-ce-la-festa-del-cai-di-zoldo-a-casera-bosconero\\\/#primaryimage\"},\"thumbnailUrl\":\"http:\\\/\\\/www.bellunopress.it\\\/wp-content\\\/uploads\\\/2009\\\/09\\\/brenta-3-leggera.jpg\",\"keywords\":[\"Belluno\",\"Dolomiti\",\"zoldo\"],\"articleSection\":[\"Appuntamenti, Eventi\",\"Meteo, natura, ambiente, animali\"],\"inLanguage\":\"fr-FR\"},{\"@type\":\"WebPage\",\"@id\":\"https:\\\/\\\/www.bellunopress.it\\\/2009\\\/09\\\/03\\\/sabato-ce-la-festa-del-cai-di-zoldo-a-casera-bosconero\\\/\",\"url\":\"https:\\\/\\\/www.bellunopress.it\\\/2009\\\/09\\\/03\\\/sabato-ce-la-festa-del-cai-di-zoldo-a-casera-bosconero\\\/\",\"name\":\"Sabato c'\u00e8 la festa del Cai di Zoldo a casera Bosconero - Bellunopress - Dolomiti\",\"isPartOf\":{\"@id\":\"https:\\\/\\\/www.bellunopress.it\\\/#website\"},\"primaryImageOfPage\":{\"@id\":\"https:\\\/\\\/www.bellunopress.it\\\/2009\\\/09\\\/03\\\/sabato-ce-la-festa-del-cai-di-zoldo-a-casera-bosconero\\\/#primaryimage\"},\"image\":{\"@id\":\"https:\\\/\\\/www.bellunopress.it\\\/2009\\\/09\\\/03\\\/sabato-ce-la-festa-del-cai-di-zoldo-a-casera-bosconero\\\/#primaryimage\"},\"thumbnailUrl\":\"http:\\\/\\\/www.bellunopress.it\\\/wp-content\\\/uploads\\\/2009\\\/09\\\/brenta-3-leggera.jpg\",\"datePublished\":\"2009-09-03T07:45:08+00:00\",\"dateModified\":\"2009-09-04T13:25:45+00:00\",\"breadcrumb\":{\"@id\":\"https:\\\/\\\/www.bellunopress.it\\\/2009\\\/09\\\/03\\\/sabato-ce-la-festa-del-cai-di-zoldo-a-casera-bosconero\\\/#breadcrumb\"},\"inLanguage\":\"fr-FR\",\"potentialAction\":[{\"@type\":\"ReadAction\",\"target\":[\"https:\\\/\\\/www.bellunopress.it\\\/2009\\\/09\\\/03\\\/sabato-ce-la-festa-del-cai-di-zoldo-a-casera-bosconero\\\/\"]}]},{\"@type\":\"ImageObject\",\"inLanguage\":\"fr-FR\",\"@id\":\"https:\\\/\\\/www.bellunopress.it\\\/2009\\\/09\\\/03\\\/sabato-ce-la-festa-del-cai-di-zoldo-a-casera-bosconero\\\/#primaryimage\",\"url\":\"http:\\\/\\\/www.bellunopress.it\\\/wp-content\\\/uploads\\\/2009\\\/09\\\/brenta-3-leggera.jpg\",\"contentUrl\":\"http:\\\/\\\/www.bellunopress.it\\\/wp-content\\\/uploads\\\/2009\\\/09\\\/brenta-3-leggera.jpg\"},{\"@type\":\"BreadcrumbList\",\"@id\":\"https:\\\/\\\/www.bellunopress.it\\\/2009\\\/09\\\/03\\\/sabato-ce-la-festa-del-cai-di-zoldo-a-casera-bosconero\\\/#breadcrumb\",\"itemListElement\":[{\"@type\":\"ListItem\",\"position\":1,\"name\":\"Home\",\"item\":\"https:\\\/\\\/www.bellunopress.it\\\/\"},{\"@type\":\"ListItem\",\"position\":2,\"name\":\"Sabato c&#8217;\u00e8 la festa del Cai di Zoldo a casera Bosconero\"}]},{\"@type\":\"WebSite\",\"@id\":\"https:\\\/\\\/www.bellunopress.it\\\/#website\",\"url\":\"https:\\\/\\\/www.bellunopress.it\\\/\",\"name\":\"Bellunopress - Dolomiti\",\"description\":\"e-mail: redazione@bellunopress.it\",\"publisher\":{\"@id\":\"https:\\\/\\\/www.bellunopress.it\\\/#organization\"},\"potentialAction\":[{\"@type\":\"SearchAction\",\"target\":{\"@type\":\"EntryPoint\",\"urlTemplate\":\"https:\\\/\\\/www.bellunopress.it\\\/?s={search_term_string}\"},\"query-input\":{\"@type\":\"PropertyValueSpecification\",\"valueRequired\":true,\"valueName\":\"search_term_string\"}}],\"inLanguage\":\"fr-FR\"},{\"@type\":\"Organization\",\"@id\":\"https:\\\/\\\/www.bellunopress.it\\\/#organization\",\"name\":\"Bellunopress\",\"url\":\"https:\\\/\\\/www.bellunopress.it\\\/\",\"logo\":{\"@type\":\"ImageObject\",\"inLanguage\":\"fr-FR\",\"@id\":\"https:\\\/\\\/www.bellunopress.it\\\/#\\\/schema\\\/logo\\\/image\\\/\",\"url\":\"https:\\\/\\\/www.bellunopress.it\\\/wp-content\\\/uploads\\\/2011\\\/05\\\/cropped-logo-bellunopress-.jpg\",\"contentUrl\":\"https:\\\/\\\/www.bellunopress.it\\\/wp-content\\\/uploads\\\/2011\\\/05\\\/cropped-logo-bellunopress-.jpg\",\"width\":512,\"height\":512,\"caption\":\"Bellunopress\"},\"image\":{\"@id\":\"https:\\\/\\\/www.bellunopress.it\\\/#\\\/schema\\\/logo\\\/image\\\/\"},\"sameAs\":[\"https:\\\/\\\/www.facebook.com\\\/profile.php?id=100008943462799\",\"https:\\\/\\\/x.com\\\/bellunopress\",\"https:\\\/\\\/www.linkedin.com\\\/hp\\\/?dnr=JBzUWaJfMUw8vbXJJ2tVW5-I3jZKvC4wsoxE&amp;amp;amp;amp;amp;amp;trk=nav_responsive_tab_home\",\"https:\\\/\\\/www.youtube.com\\\/channel\\\/UCxL0wu1uN0_3_7hGG0306cw\"]},{\"@type\":\"Person\",\"@id\":\"https:\\\/\\\/www.bellunopress.it\\\/#\\\/schema\\\/person\\\/79bb06722b37ece1c03d3e94beb30d73\",\"name\":\"redazione\",\"image\":{\"@type\":\"ImageObject\",\"inLanguage\":\"fr-FR\",\"@id\":\"https:\\\/\\\/secure.gravatar.com\\\/avatar\\\/37d968a2e67a6fd04c169c4bdef102d0bc5d31b2546345219e348575eb80e9a0?s=96&d=mm&r=g\",\"url\":\"https:\\\/\\\/secure.gravatar.com\\\/avatar\\\/37d968a2e67a6fd04c169c4bdef102d0bc5d31b2546345219e348575eb80e9a0?s=96&d=mm&r=g\",\"contentUrl\":\"https:\\\/\\\/secure.gravatar.com\\\/avatar\\\/37d968a2e67a6fd04c169c4bdef102d0bc5d31b2546345219e348575eb80e9a0?s=96&d=mm&r=g\",\"caption\":\"redazione\"},\"sameAs\":[\"http:\\\/\\\/www.bellunopress.it\",\"https:\\\/\\\/x.com\\\/bellunopress\"],\"url\":\"https:\\\/\\\/www.bellunopress.it\\\/fr\\\/author\\\/redazione\\\/\"}]}<\/script>\n<!-- \/ Yoast SEO plugin. -->","yoast_head_json":{"title":"Sabato c'\u00e8 la festa del Cai di Zoldo a casera Bosconero - Bellunopress - Dolomiti","robots":{"index":"index","follow":"follow","max-snippet":"max-snippet:-1","max-image-preview":"max-image-preview:large","max-video-preview":"max-video-preview:-1"},"canonical":"https:\/\/www.bellunopress.it\/fr\/2009\/09\/03\/sabato-ce-la-festa-del-cai-di-zoldo-a-casera-bosconero\/","og_locale":"fr_FR","og_type":"article","og_title":"Sabato c'\u00e8 la festa del Cai di Zoldo a casera Bosconero - Bellunopress - Dolomiti","og_description":"La Sezione di Zoldo invita tutti gli interessati alla festa che si terr\u00e0 sabato 5 settembre (inizio alle ore 11.00) presso il Rifugio Cas\u00e8ra Bosconero. Oltre a festeggiare i 25 anni di gestione di Monica Campo Bagatin, saranno illustrati i lavori di ammodernamento della struttura e l\u2019innovativo progetto sperimentale di bio-energia realizzato in collaborazione con [&hellip;]","og_url":"https:\/\/www.bellunopress.it\/fr\/2009\/09\/03\/sabato-ce-la-festa-del-cai-di-zoldo-a-casera-bosconero\/","og_site_name":"Bellunopress - Dolomiti","article_publisher":"https:\/\/www.facebook.com\/profile.php?id=100008943462799","article_published_time":"2009-09-03T07:45:08+00:00","article_modified_time":"2009-09-04T13:25:45+00:00","og_image":[{"url":"http:\/\/www.bellunopress.it\/wp-content\/uploads\/2009\/09\/brenta-3-leggera.jpg","type":"","width":"","height":""}],"author":"redazione","twitter_card":"summary_large_image","twitter_creator":"@bellunopress","twitter_site":"@bellunopress","twitter_misc":{"\u00c9crit par":"redazione","Dur\u00e9e de lecture estim\u00e9e":"3 minutes"},"schema":{"@context":"https:\/\/schema.org","@graph":[{"@type":"Article","@id":"https:\/\/www.bellunopress.it\/2009\/09\/03\/sabato-ce-la-festa-del-cai-di-zoldo-a-casera-bosconero\/#article","isPartOf":{"@id":"https:\/\/www.bellunopress.it\/2009\/09\/03\/sabato-ce-la-festa-del-cai-di-zoldo-a-casera-bosconero\/"},"author":{"name":"redazione","@id":"https:\/\/www.bellunopress.it\/#\/schema\/person\/79bb06722b37ece1c03d3e94beb30d73"},"headline":"Sabato c&#8217;\u00e8 la festa del Cai di Zoldo a casera Bosconero","datePublished":"2009-09-03T07:45:08+00:00","dateModified":"2009-09-04T13:25:45+00:00","mainEntityOfPage":{"@id":"https:\/\/www.bellunopress.it\/2009\/09\/03\/sabato-ce-la-festa-del-cai-di-zoldo-a-casera-bosconero\/"},"wordCount":656,"publisher":{"@id":"https:\/\/www.bellunopress.it\/#organization"},"image":{"@id":"https:\/\/www.bellunopress.it\/2009\/09\/03\/sabato-ce-la-festa-del-cai-di-zoldo-a-casera-bosconero\/#primaryimage"},"thumbnailUrl":"http:\/\/www.bellunopress.it\/wp-content\/uploads\/2009\/09\/brenta-3-leggera.jpg","keywords":["Belluno","Dolomiti","zoldo"],"articleSection":["Appuntamenti, Eventi","Meteo, natura, ambiente, animali"],"inLanguage":"fr-FR"},{"@type":"WebPage","@id":"https:\/\/www.bellunopress.it\/2009\/09\/03\/sabato-ce-la-festa-del-cai-di-zoldo-a-casera-bosconero\/","url":"https:\/\/www.bellunopress.it\/2009\/09\/03\/sabato-ce-la-festa-del-cai-di-zoldo-a-casera-bosconero\/","name":"Sabato c'\u00e8 la festa del Cai di Zoldo a casera Bosconero - Bellunopress - Dolomiti","isPartOf":{"@id":"https:\/\/www.bellunopress.it\/#website"},"primaryImageOfPage":{"@id":"https:\/\/www.bellunopress.it\/2009\/09\/03\/sabato-ce-la-festa-del-cai-di-zoldo-a-casera-bosconero\/#primaryimage"},"image":{"@id":"https:\/\/www.bellunopress.it\/2009\/09\/03\/sabato-ce-la-festa-del-cai-di-zoldo-a-casera-bosconero\/#primaryimage"},"thumbnailUrl":"http:\/\/www.bellunopress.it\/wp-content\/uploads\/2009\/09\/brenta-3-leggera.jpg","datePublished":"2009-09-03T07:45:08+00:00","dateModified":"2009-09-04T13:25:45+00:00","breadcrumb":{"@id":"https:\/\/www.bellunopress.it\/2009\/09\/03\/sabato-ce-la-festa-del-cai-di-zoldo-a-casera-bosconero\/#breadcrumb"},"inLanguage":"fr-FR","potentialAction":[{"@type":"ReadAction","target":["https:\/\/www.bellunopress.it\/2009\/09\/03\/sabato-ce-la-festa-del-cai-di-zoldo-a-casera-bosconero\/"]}]},{"@type":"ImageObject","inLanguage":"fr-FR","@id":"https:\/\/www.bellunopress.it\/2009\/09\/03\/sabato-ce-la-festa-del-cai-di-zoldo-a-casera-bosconero\/#primaryimage","url":"http:\/\/www.bellunopress.it\/wp-content\/uploads\/2009\/09\/brenta-3-leggera.jpg","contentUrl":"http:\/\/www.bellunopress.it\/wp-content\/uploads\/2009\/09\/brenta-3-leggera.jpg"},{"@type":"BreadcrumbList","@id":"https:\/\/www.bellunopress.it\/2009\/09\/03\/sabato-ce-la-festa-del-cai-di-zoldo-a-casera-bosconero\/#breadcrumb","itemListElement":[{"@type":"ListItem","position":1,"name":"Home","item":"https:\/\/www.bellunopress.it\/"},{"@type":"ListItem","position":2,"name":"Sabato c&#8217;\u00e8 la festa del Cai di Zoldo a casera Bosconero"}]},{"@type":"WebSite","@id":"https:\/\/www.bellunopress.it\/#website","url":"https:\/\/www.bellunopress.it\/","name":"Bellunopress - Dolomiti","description":"e-mail: redazione@bellunopress.it","publisher":{"@id":"https:\/\/www.bellunopress.it\/#organization"},"potentialAction":[{"@type":"SearchAction","target":{"@type":"EntryPoint","urlTemplate":"https:\/\/www.bellunopress.it\/?s={search_term_string}"},"query-input":{"@type":"PropertyValueSpecification","valueRequired":true,"valueName":"search_term_string"}}],"inLanguage":"fr-FR"},{"@type":"Organization","@id":"https:\/\/www.bellunopress.it\/#organization","name":"Bellunopress","url":"https:\/\/www.bellunopress.it\/","logo":{"@type":"ImageObject","inLanguage":"fr-FR","@id":"https:\/\/www.bellunopress.it\/#\/schema\/logo\/image\/","url":"https:\/\/www.bellunopress.it\/wp-content\/uploads\/2011\/05\/cropped-logo-bellunopress-.jpg","contentUrl":"https:\/\/www.bellunopress.it\/wp-content\/uploads\/2011\/05\/cropped-logo-bellunopress-.jpg","width":512,"height":512,"caption":"Bellunopress"},"image":{"@id":"https:\/\/www.bellunopress.it\/#\/schema\/logo\/image\/"},"sameAs":["https:\/\/www.facebook.com\/profile.php?id=100008943462799","https:\/\/x.com\/bellunopress","https:\/\/www.linkedin.com\/hp\/?dnr=JBzUWaJfMUw8vbXJJ2tVW5-I3jZKvC4wsoxE&amp;amp;amp;amp;amp;amp;trk=nav_responsive_tab_home","https:\/\/www.youtube.com\/channel\/UCxL0wu1uN0_3_7hGG0306cw"]},{"@type":"Person","@id":"https:\/\/www.bellunopress.it\/#\/schema\/person\/79bb06722b37ece1c03d3e94beb30d73","name":"r\u00e9daction","image":{"@type":"ImageObject","inLanguage":"fr-FR","@id":"https:\/\/secure.gravatar.com\/avatar\/37d968a2e67a6fd04c169c4bdef102d0bc5d31b2546345219e348575eb80e9a0?s=96&d=mm&r=g","url":"https:\/\/secure.gravatar.com\/avatar\/37d968a2e67a6fd04c169c4bdef102d0bc5d31b2546345219e348575eb80e9a0?s=96&d=mm&r=g","contentUrl":"https:\/\/secure.gravatar.com\/avatar\/37d968a2e67a6fd04c169c4bdef102d0bc5d31b2546345219e348575eb80e9a0?s=96&d=mm&r=g","caption":"redazione"},"sameAs":["http:\/\/www.bellunopress.it","https:\/\/x.com\/bellunopress"],"url":"https:\/\/www.bellunopress.it\/fr\/author\/redazione\/"}]}},"_links":{"self":[{"href":"https:\/\/www.bellunopress.it\/fr\/wp-json\/wp\/v2\/posts\/7670","targetHints":{"allow":["GET"]}}],"collection":[{"href":"https:\/\/www.bellunopress.it\/fr\/wp-json\/wp\/v2\/posts"}],"about":[{"href":"https:\/\/www.bellunopress.it\/fr\/wp-json\/wp\/v2\/types\/post"}],"author":[{"embeddable":true,"href":"https:\/\/www.bellunopress.it\/fr\/wp-json\/wp\/v2\/users\/2"}],"replies":[{"embeddable":true,"href":"https:\/\/www.bellunopress.it\/fr\/wp-json\/wp\/v2\/comments?post=7670"}],"version-history":[{"count":2,"href":"https:\/\/www.bellunopress.it\/fr\/wp-json\/wp\/v2\/posts\/7670\/revisions"}],"predecessor-version":[{"id":7737,"href":"https:\/\/www.bellunopress.it\/fr\/wp-json\/wp\/v2\/posts\/7670\/revisions\/7737"}],"wp:attachment":[{"href":"https:\/\/www.bellunopress.it\/fr\/wp-json\/wp\/v2\/media?parent=7670"}],"wp:term":[{"taxonomy":"category","embeddable":true,"href":"https:\/\/www.bellunopress.it\/fr\/wp-json\/wp\/v2\/categories?post=7670"},{"taxonomy":"post_tag","embeddable":true,"href":"https:\/\/www.bellunopress.it\/fr\/wp-json\/wp\/v2\/tags?post=7670"}],"curies":[{"name":"wp","href":"https:\/\/api.w.org\/{rel}","templated":true}]}}