{"id":76554,"date":"2016-03-31T17:59:26","date_gmt":"2016-03-31T15:59:26","guid":{"rendered":"http:\/\/www.bellunopress.it\/?p=76554"},"modified":"2016-03-31T18:02:45","modified_gmt":"2016-03-31T16:02:45","slug":"favole-al-balcone-domenica-3-aprile-caso-pioggia-10-aprile","status":"publish","type":"post","link":"https:\/\/www.bellunopress.it\/fr\/2016\/03\/31\/favole-al-balcone-domenica-3-aprile-caso-pioggia-10-aprile\/","title":{"rendered":"Favole al balcone. Domenica 3 aprile, in caso di pioggia il 10 aprile"},"content":{"rendered":"<p>Una citt\u00e0, una folla di bambini che si ritrova ogni anno puntuale a Belluno Citt\u00e0 dei Bambini, tante fiabe, cinque cantastorie pronte a recitarle, ed ecco pronta l\u2019ottava edizione di Favole al Balcone.<\/p>\n<p><a href=\"http:\/\/www.bellunopress.it\/wp-content\/uploads\/2016\/03\/favole-al-balcone-Francesco-Marchi.jpg\" rel=\"attachment wp-att-76555\"><img loading=\"lazy\" decoding=\"async\" class=\"alignleft size-full wp-image-76555\" src=\"http:\/\/www.bellunopress.it\/wp-content\/uploads\/2016\/03\/favole-al-balcone-Francesco-Marchi.jpg\" alt=\"favole al balcone Francesco Marchi\" width=\"300\" height=\"294\" \/><\/a>Finestre spalancate e magici racconti che incanteranno bambini piccoli e grandi che si trover\u00e0 ai piedi di palazzi con gli occhi rivolti verso l\u2019alto.<\/p>\n<p>Nell\u2019edizione 2016, che vedr\u00e0 anche la partecipazione degli scrittori in carne ed ossa, ascolteremo:<\/p>\n<p>La storia di un povero ragazzo che si innamora perdutamente della figlia del Re,<\/p>\n<p>La storia dell\u2019incredibile bambino mangia libri,<\/p>\n<p>Una storia piccola piccola che diventer\u00e0 grande come l\u2019universo intero,<\/p>\n<p>La storie di uno strano uomo che s\u2019intrufola in una citt\u00e0 caotica per vendere pezzi di cielo,<\/p>\n<p>Storie di lupi gentili e lumache affrettate\u2026<\/p>\n<p>Riconfermato anche il sodalizio con gli sbandieratori di Feltre che, in abiti rigorosamente medioevali, guideranno la folla con tamburini e figuranti.<\/p>\n<p>Anche quest\u2019anno, come da tradizione, l\u2019Associazione Pomi d\u2019Ottone attende tutte le famiglie per una favolosa giornata all\u2019insegna della fiaba e dello stupore.<\/p>\n<p>L\u2019appuntamento per tutti \u00e8 domenica 3 aprile alle ore 14.55 (in caso di pioggia la domenica successiva 10 aprile)\u00a0 in Piazza dei Martiri a Belluno per un percorso da balcone in balcone lungo le vie del centro storico.<\/p>\n<p>La sequenza dei balconi sar\u00e0 la seguente: Palazzo Cappellari Della Colomba, sede Automobil Club Belluno (Piazza Martiri), Palazzo Assicurazioni Generali (Piazza Santo Stefano), Loggia dei Ghibellini abitazione privata fam. Grasselli (Piazza delle Erbe), Palazzo Dalmas sede Confindustria (via del Piave), Palazzo Piloni sede Provincia (Piazza Duomo).<\/p>\n<p>A tutti i bambini verr\u00e0 regalato un libro illustrato e la mappa illustrata della citt\u00e0 di Belluno scritta da Marco Perale e a tutti i genitori un romanzo fantasy.<\/p>\n<p>Al termine della manifestazione verr\u00e0 offerta a tutti la merenda.<\/p>\n<p><a name=\"_GoBack\"><\/a>Molti gli appuntamenti ancora in calendario segnati sull\u2019agenda ddell\u2019Associazione Pomi d\u2019Ottone: Belluno Balocchi che si terr\u00e0 il 15 maggio, Dolomiti in Fiaba il 21 di Agosto, e poi due progetti continuativi: \u201cIl vocabolario dei Bambini\u201d e \u201cSotto la Pila\u201d. Per maggiori info <a href=\"http:\/\/www.bellunobambini.it\">www.bellunobambini.it<\/a><\/p>","protected":false},"excerpt":{"rendered":"<p>Una citt\u00e0, una folla di bambini che si ritrova ogni anno puntuale a Belluno Citt\u00e0 dei Bambini, tante fiabe, cinque cantastorie pronte a recitarle, ed ecco pronta l\u2019ottava edizione di Favole al Balcone. Finestre spalancate e magici racconti che incanteranno bambini piccoli e grandi che si trover\u00e0 ai piedi di palazzi con gli occhi rivolti [&hellip;]<\/p>\n","protected":false},"author":2,"featured_media":0,"comment_status":"closed","ping_status":"open","sticky":false,"template":"","format":"standard","meta":{"footnotes":""},"categories":[27,3,25],"tags":[],"class_list":["post-76554","post","type-post","status-publish","format-standard","category-appuntamenti","category-arte-cultura-spettacoli-scienza-archivi","category-pausa-caffe"],"yoast_head":"<!-- This site is optimized with the Yoast SEO plugin v28.4 - https:\/\/yoast.com\/product\/yoast-seo-wordpress\/ -->\n<title>Favole al balcone. Domenica 3 aprile, in caso di pioggia il 10 aprile - Bellunopress - Dolomiti<\/title>\n<meta name=\"robots\" content=\"index, follow, max-snippet:-1, max-image-preview:large, max-video-preview:-1\" \/>\n<link rel=\"canonical\" href=\"https:\/\/www.bellunopress.it\/fr\/2016\/03\/31\/favole-al-balcone-domenica-3-aprile-caso-pioggia-10-aprile\/\" \/>\n<meta property=\"og:locale\" content=\"fr_FR\" \/>\n<meta property=\"og:type\" content=\"article\" \/>\n<meta property=\"og:title\" content=\"Favole al balcone. Domenica 3 aprile, in caso di pioggia il 10 aprile - Bellunopress - Dolomiti\" \/>\n<meta property=\"og:description\" content=\"Una citt\u00e0, una folla di bambini che si ritrova ogni anno puntuale a Belluno Citt\u00e0 dei Bambini, tante fiabe, cinque cantastorie pronte a recitarle, ed ecco pronta l\u2019ottava edizione di Favole al Balcone. Finestre spalancate e magici racconti che incanteranno bambini piccoli e grandi che si trover\u00e0 ai piedi di palazzi con gli occhi rivolti [&hellip;]\" \/>\n<meta property=\"og:url\" content=\"https:\/\/www.bellunopress.it\/fr\/2016\/03\/31\/favole-al-balcone-domenica-3-aprile-caso-pioggia-10-aprile\/\" \/>\n<meta property=\"og:site_name\" content=\"Bellunopress - Dolomiti\" \/>\n<meta property=\"article:publisher\" content=\"https:\/\/www.facebook.com\/profile.php?id=100008943462799\" \/>\n<meta property=\"article:published_time\" content=\"2016-03-31T15:59:26+00:00\" \/>\n<meta property=\"article:modified_time\" content=\"2016-03-31T16:02:45+00:00\" \/>\n<meta property=\"og:image\" content=\"http:\/\/www.bellunopress.it\/wp-content\/uploads\/2016\/03\/favole-al-balcone-Francesco-Marchi.jpg\" \/>\n<meta name=\"author\" content=\"redazione\" \/>\n<meta name=\"twitter:card\" content=\"summary_large_image\" \/>\n<meta name=\"twitter:creator\" content=\"@bellunopress\" \/>\n<meta name=\"twitter:site\" content=\"@bellunopress\" \/>\n<meta name=\"twitter:label1\" content=\"\u00c9crit par\" \/>\n\t<meta name=\"twitter:data1\" content=\"redazione\" \/>\n\t<meta name=\"twitter:label2\" content=\"Dur\u00e9e de lecture estim\u00e9e\" \/>\n\t<meta name=\"twitter:data2\" content=\"2 minutes\" \/>\n<script type=\"application\/ld+json\" class=\"yoast-schema-graph\">{\"@context\":\"https:\\\/\\\/schema.org\",\"@graph\":[{\"@type\":\"Article\",\"@id\":\"https:\\\/\\\/www.bellunopress.it\\\/2016\\\/03\\\/31\\\/favole-al-balcone-domenica-3-aprile-caso-pioggia-10-aprile\\\/#article\",\"isPartOf\":{\"@id\":\"https:\\\/\\\/www.bellunopress.it\\\/2016\\\/03\\\/31\\\/favole-al-balcone-domenica-3-aprile-caso-pioggia-10-aprile\\\/\"},\"author\":{\"name\":\"redazione\",\"@id\":\"https:\\\/\\\/www.bellunopress.it\\\/#\\\/schema\\\/person\\\/79bb06722b37ece1c03d3e94beb30d73\"},\"headline\":\"Favole al balcone. Domenica 3 aprile, in caso di pioggia il 10 aprile\",\"datePublished\":\"2016-03-31T15:59:26+00:00\",\"dateModified\":\"2016-03-31T16:02:45+00:00\",\"mainEntityOfPage\":{\"@id\":\"https:\\\/\\\/www.bellunopress.it\\\/2016\\\/03\\\/31\\\/favole-al-balcone-domenica-3-aprile-caso-pioggia-10-aprile\\\/\"},\"wordCount\":354,\"publisher\":{\"@id\":\"https:\\\/\\\/www.bellunopress.it\\\/#organization\"},\"image\":{\"@id\":\"https:\\\/\\\/www.bellunopress.it\\\/2016\\\/03\\\/31\\\/favole-al-balcone-domenica-3-aprile-caso-pioggia-10-aprile\\\/#primaryimage\"},\"thumbnailUrl\":\"http:\\\/\\\/www.bellunopress.it\\\/wp-content\\\/uploads\\\/2016\\\/03\\\/favole-al-balcone-Francesco-Marchi.jpg\",\"articleSection\":[\"Appuntamenti, Eventi\",\"Arte, Cultura, Spettacoli, Scienza\",\"Pausa Caff\u00e8\"],\"inLanguage\":\"fr-FR\"},{\"@type\":\"WebPage\",\"@id\":\"https:\\\/\\\/www.bellunopress.it\\\/2016\\\/03\\\/31\\\/favole-al-balcone-domenica-3-aprile-caso-pioggia-10-aprile\\\/\",\"url\":\"https:\\\/\\\/www.bellunopress.it\\\/2016\\\/03\\\/31\\\/favole-al-balcone-domenica-3-aprile-caso-pioggia-10-aprile\\\/\",\"name\":\"Favole al balcone. Domenica 3 aprile, in caso di pioggia il 10 aprile - Bellunopress - Dolomiti\",\"isPartOf\":{\"@id\":\"https:\\\/\\\/www.bellunopress.it\\\/#website\"},\"primaryImageOfPage\":{\"@id\":\"https:\\\/\\\/www.bellunopress.it\\\/2016\\\/03\\\/31\\\/favole-al-balcone-domenica-3-aprile-caso-pioggia-10-aprile\\\/#primaryimage\"},\"image\":{\"@id\":\"https:\\\/\\\/www.bellunopress.it\\\/2016\\\/03\\\/31\\\/favole-al-balcone-domenica-3-aprile-caso-pioggia-10-aprile\\\/#primaryimage\"},\"thumbnailUrl\":\"http:\\\/\\\/www.bellunopress.it\\\/wp-content\\\/uploads\\\/2016\\\/03\\\/favole-al-balcone-Francesco-Marchi.jpg\",\"datePublished\":\"2016-03-31T15:59:26+00:00\",\"dateModified\":\"2016-03-31T16:02:45+00:00\",\"breadcrumb\":{\"@id\":\"https:\\\/\\\/www.bellunopress.it\\\/2016\\\/03\\\/31\\\/favole-al-balcone-domenica-3-aprile-caso-pioggia-10-aprile\\\/#breadcrumb\"},\"inLanguage\":\"fr-FR\",\"potentialAction\":[{\"@type\":\"ReadAction\",\"target\":[\"https:\\\/\\\/www.bellunopress.it\\\/2016\\\/03\\\/31\\\/favole-al-balcone-domenica-3-aprile-caso-pioggia-10-aprile\\\/\"]}]},{\"@type\":\"ImageObject\",\"inLanguage\":\"fr-FR\",\"@id\":\"https:\\\/\\\/www.bellunopress.it\\\/2016\\\/03\\\/31\\\/favole-al-balcone-domenica-3-aprile-caso-pioggia-10-aprile\\\/#primaryimage\",\"url\":\"http:\\\/\\\/www.bellunopress.it\\\/wp-content\\\/uploads\\\/2016\\\/03\\\/favole-al-balcone-Francesco-Marchi.jpg\",\"contentUrl\":\"http:\\\/\\\/www.bellunopress.it\\\/wp-content\\\/uploads\\\/2016\\\/03\\\/favole-al-balcone-Francesco-Marchi.jpg\"},{\"@type\":\"BreadcrumbList\",\"@id\":\"https:\\\/\\\/www.bellunopress.it\\\/2016\\\/03\\\/31\\\/favole-al-balcone-domenica-3-aprile-caso-pioggia-10-aprile\\\/#breadcrumb\",\"itemListElement\":[{\"@type\":\"ListItem\",\"position\":1,\"name\":\"Home\",\"item\":\"https:\\\/\\\/www.bellunopress.it\\\/\"},{\"@type\":\"ListItem\",\"position\":2,\"name\":\"Favole al balcone. Domenica 3 aprile, in caso di pioggia il 10 aprile\"}]},{\"@type\":\"WebSite\",\"@id\":\"https:\\\/\\\/www.bellunopress.it\\\/#website\",\"url\":\"https:\\\/\\\/www.bellunopress.it\\\/\",\"name\":\"Bellunopress - Dolomiti\",\"description\":\"e-mail: redazione@bellunopress.it\",\"publisher\":{\"@id\":\"https:\\\/\\\/www.bellunopress.it\\\/#organization\"},\"potentialAction\":[{\"@type\":\"SearchAction\",\"target\":{\"@type\":\"EntryPoint\",\"urlTemplate\":\"https:\\\/\\\/www.bellunopress.it\\\/?s={search_term_string}\"},\"query-input\":{\"@type\":\"PropertyValueSpecification\",\"valueRequired\":true,\"valueName\":\"search_term_string\"}}],\"inLanguage\":\"fr-FR\"},{\"@type\":\"Organization\",\"@id\":\"https:\\\/\\\/www.bellunopress.it\\\/#organization\",\"name\":\"Bellunopress\",\"url\":\"https:\\\/\\\/www.bellunopress.it\\\/\",\"logo\":{\"@type\":\"ImageObject\",\"inLanguage\":\"fr-FR\",\"@id\":\"https:\\\/\\\/www.bellunopress.it\\\/#\\\/schema\\\/logo\\\/image\\\/\",\"url\":\"https:\\\/\\\/www.bellunopress.it\\\/wp-content\\\/uploads\\\/2011\\\/05\\\/cropped-logo-bellunopress-.jpg\",\"contentUrl\":\"https:\\\/\\\/www.bellunopress.it\\\/wp-content\\\/uploads\\\/2011\\\/05\\\/cropped-logo-bellunopress-.jpg\",\"width\":512,\"height\":512,\"caption\":\"Bellunopress\"},\"image\":{\"@id\":\"https:\\\/\\\/www.bellunopress.it\\\/#\\\/schema\\\/logo\\\/image\\\/\"},\"sameAs\":[\"https:\\\/\\\/www.facebook.com\\\/profile.php?id=100008943462799\",\"https:\\\/\\\/x.com\\\/bellunopress\",\"https:\\\/\\\/www.linkedin.com\\\/hp\\\/?dnr=JBzUWaJfMUw8vbXJJ2tVW5-I3jZKvC4wsoxE&amp;amp;amp;amp;amp;amp;trk=nav_responsive_tab_home\",\"https:\\\/\\\/www.youtube.com\\\/channel\\\/UCxL0wu1uN0_3_7hGG0306cw\"]},{\"@type\":\"Person\",\"@id\":\"https:\\\/\\\/www.bellunopress.it\\\/#\\\/schema\\\/person\\\/79bb06722b37ece1c03d3e94beb30d73\",\"name\":\"redazione\",\"image\":{\"@type\":\"ImageObject\",\"inLanguage\":\"fr-FR\",\"@id\":\"https:\\\/\\\/secure.gravatar.com\\\/avatar\\\/37d968a2e67a6fd04c169c4bdef102d0bc5d31b2546345219e348575eb80e9a0?s=96&d=mm&r=g\",\"url\":\"https:\\\/\\\/secure.gravatar.com\\\/avatar\\\/37d968a2e67a6fd04c169c4bdef102d0bc5d31b2546345219e348575eb80e9a0?s=96&d=mm&r=g\",\"contentUrl\":\"https:\\\/\\\/secure.gravatar.com\\\/avatar\\\/37d968a2e67a6fd04c169c4bdef102d0bc5d31b2546345219e348575eb80e9a0?s=96&d=mm&r=g\",\"caption\":\"redazione\"},\"sameAs\":[\"http:\\\/\\\/www.bellunopress.it\",\"https:\\\/\\\/x.com\\\/bellunopress\"],\"url\":\"https:\\\/\\\/www.bellunopress.it\\\/fr\\\/author\\\/redazione\\\/\"}]}<\/script>\n<!-- \/ Yoast SEO plugin. -->","yoast_head_json":{"title":"Favole al balcone. Domenica 3 aprile, in caso di pioggia il 10 aprile - Bellunopress - Dolomiti","robots":{"index":"index","follow":"follow","max-snippet":"max-snippet:-1","max-image-preview":"max-image-preview:large","max-video-preview":"max-video-preview:-1"},"canonical":"https:\/\/www.bellunopress.it\/fr\/2016\/03\/31\/favole-al-balcone-domenica-3-aprile-caso-pioggia-10-aprile\/","og_locale":"fr_FR","og_type":"article","og_title":"Favole al balcone. Domenica 3 aprile, in caso di pioggia il 10 aprile - Bellunopress - Dolomiti","og_description":"Una citt\u00e0, una folla di bambini che si ritrova ogni anno puntuale a Belluno Citt\u00e0 dei Bambini, tante fiabe, cinque cantastorie pronte a recitarle, ed ecco pronta l\u2019ottava edizione di Favole al Balcone. Finestre spalancate e magici racconti che incanteranno bambini piccoli e grandi che si trover\u00e0 ai piedi di palazzi con gli occhi rivolti [&hellip;]","og_url":"https:\/\/www.bellunopress.it\/fr\/2016\/03\/31\/favole-al-balcone-domenica-3-aprile-caso-pioggia-10-aprile\/","og_site_name":"Bellunopress - Dolomiti","article_publisher":"https:\/\/www.facebook.com\/profile.php?id=100008943462799","article_published_time":"2016-03-31T15:59:26+00:00","article_modified_time":"2016-03-31T16:02:45+00:00","og_image":[{"url":"http:\/\/www.bellunopress.it\/wp-content\/uploads\/2016\/03\/favole-al-balcone-Francesco-Marchi.jpg","type":"","width":"","height":""}],"author":"redazione","twitter_card":"summary_large_image","twitter_creator":"@bellunopress","twitter_site":"@bellunopress","twitter_misc":{"\u00c9crit par":"redazione","Dur\u00e9e de lecture estim\u00e9e":"2 minutes"},"schema":{"@context":"https:\/\/schema.org","@graph":[{"@type":"Article","@id":"https:\/\/www.bellunopress.it\/2016\/03\/31\/favole-al-balcone-domenica-3-aprile-caso-pioggia-10-aprile\/#article","isPartOf":{"@id":"https:\/\/www.bellunopress.it\/2016\/03\/31\/favole-al-balcone-domenica-3-aprile-caso-pioggia-10-aprile\/"},"author":{"name":"redazione","@id":"https:\/\/www.bellunopress.it\/#\/schema\/person\/79bb06722b37ece1c03d3e94beb30d73"},"headline":"Favole al balcone. Domenica 3 aprile, in caso di pioggia il 10 aprile","datePublished":"2016-03-31T15:59:26+00:00","dateModified":"2016-03-31T16:02:45+00:00","mainEntityOfPage":{"@id":"https:\/\/www.bellunopress.it\/2016\/03\/31\/favole-al-balcone-domenica-3-aprile-caso-pioggia-10-aprile\/"},"wordCount":354,"publisher":{"@id":"https:\/\/www.bellunopress.it\/#organization"},"image":{"@id":"https:\/\/www.bellunopress.it\/2016\/03\/31\/favole-al-balcone-domenica-3-aprile-caso-pioggia-10-aprile\/#primaryimage"},"thumbnailUrl":"http:\/\/www.bellunopress.it\/wp-content\/uploads\/2016\/03\/favole-al-balcone-Francesco-Marchi.jpg","articleSection":["Appuntamenti, Eventi","Arte, Cultura, Spettacoli, Scienza","Pausa Caff\u00e8"],"inLanguage":"fr-FR"},{"@type":"WebPage","@id":"https:\/\/www.bellunopress.it\/2016\/03\/31\/favole-al-balcone-domenica-3-aprile-caso-pioggia-10-aprile\/","url":"https:\/\/www.bellunopress.it\/2016\/03\/31\/favole-al-balcone-domenica-3-aprile-caso-pioggia-10-aprile\/","name":"Favole al balcone. Domenica 3 aprile, in caso di pioggia il 10 aprile - Bellunopress - Dolomiti","isPartOf":{"@id":"https:\/\/www.bellunopress.it\/#website"},"primaryImageOfPage":{"@id":"https:\/\/www.bellunopress.it\/2016\/03\/31\/favole-al-balcone-domenica-3-aprile-caso-pioggia-10-aprile\/#primaryimage"},"image":{"@id":"https:\/\/www.bellunopress.it\/2016\/03\/31\/favole-al-balcone-domenica-3-aprile-caso-pioggia-10-aprile\/#primaryimage"},"thumbnailUrl":"http:\/\/www.bellunopress.it\/wp-content\/uploads\/2016\/03\/favole-al-balcone-Francesco-Marchi.jpg","datePublished":"2016-03-31T15:59:26+00:00","dateModified":"2016-03-31T16:02:45+00:00","breadcrumb":{"@id":"https:\/\/www.bellunopress.it\/2016\/03\/31\/favole-al-balcone-domenica-3-aprile-caso-pioggia-10-aprile\/#breadcrumb"},"inLanguage":"fr-FR","potentialAction":[{"@type":"ReadAction","target":["https:\/\/www.bellunopress.it\/2016\/03\/31\/favole-al-balcone-domenica-3-aprile-caso-pioggia-10-aprile\/"]}]},{"@type":"ImageObject","inLanguage":"fr-FR","@id":"https:\/\/www.bellunopress.it\/2016\/03\/31\/favole-al-balcone-domenica-3-aprile-caso-pioggia-10-aprile\/#primaryimage","url":"http:\/\/www.bellunopress.it\/wp-content\/uploads\/2016\/03\/favole-al-balcone-Francesco-Marchi.jpg","contentUrl":"http:\/\/www.bellunopress.it\/wp-content\/uploads\/2016\/03\/favole-al-balcone-Francesco-Marchi.jpg"},{"@type":"BreadcrumbList","@id":"https:\/\/www.bellunopress.it\/2016\/03\/31\/favole-al-balcone-domenica-3-aprile-caso-pioggia-10-aprile\/#breadcrumb","itemListElement":[{"@type":"ListItem","position":1,"name":"Home","item":"https:\/\/www.bellunopress.it\/"},{"@type":"ListItem","position":2,"name":"Favole al balcone. Domenica 3 aprile, in caso di pioggia il 10 aprile"}]},{"@type":"WebSite","@id":"https:\/\/www.bellunopress.it\/#website","url":"https:\/\/www.bellunopress.it\/","name":"Bellunopress - Dolomiti","description":"e-mail: redazione@bellunopress.it","publisher":{"@id":"https:\/\/www.bellunopress.it\/#organization"},"potentialAction":[{"@type":"SearchAction","target":{"@type":"EntryPoint","urlTemplate":"https:\/\/www.bellunopress.it\/?s={search_term_string}"},"query-input":{"@type":"PropertyValueSpecification","valueRequired":true,"valueName":"search_term_string"}}],"inLanguage":"fr-FR"},{"@type":"Organization","@id":"https:\/\/www.bellunopress.it\/#organization","name":"Bellunopress","url":"https:\/\/www.bellunopress.it\/","logo":{"@type":"ImageObject","inLanguage":"fr-FR","@id":"https:\/\/www.bellunopress.it\/#\/schema\/logo\/image\/","url":"https:\/\/www.bellunopress.it\/wp-content\/uploads\/2011\/05\/cropped-logo-bellunopress-.jpg","contentUrl":"https:\/\/www.bellunopress.it\/wp-content\/uploads\/2011\/05\/cropped-logo-bellunopress-.jpg","width":512,"height":512,"caption":"Bellunopress"},"image":{"@id":"https:\/\/www.bellunopress.it\/#\/schema\/logo\/image\/"},"sameAs":["https:\/\/www.facebook.com\/profile.php?id=100008943462799","https:\/\/x.com\/bellunopress","https:\/\/www.linkedin.com\/hp\/?dnr=JBzUWaJfMUw8vbXJJ2tVW5-I3jZKvC4wsoxE&amp;amp;amp;amp;amp;amp;trk=nav_responsive_tab_home","https:\/\/www.youtube.com\/channel\/UCxL0wu1uN0_3_7hGG0306cw"]},{"@type":"Person","@id":"https:\/\/www.bellunopress.it\/#\/schema\/person\/79bb06722b37ece1c03d3e94beb30d73","name":"r\u00e9daction","image":{"@type":"ImageObject","inLanguage":"fr-FR","@id":"https:\/\/secure.gravatar.com\/avatar\/37d968a2e67a6fd04c169c4bdef102d0bc5d31b2546345219e348575eb80e9a0?s=96&d=mm&r=g","url":"https:\/\/secure.gravatar.com\/avatar\/37d968a2e67a6fd04c169c4bdef102d0bc5d31b2546345219e348575eb80e9a0?s=96&d=mm&r=g","contentUrl":"https:\/\/secure.gravatar.com\/avatar\/37d968a2e67a6fd04c169c4bdef102d0bc5d31b2546345219e348575eb80e9a0?s=96&d=mm&r=g","caption":"redazione"},"sameAs":["http:\/\/www.bellunopress.it","https:\/\/x.com\/bellunopress"],"url":"https:\/\/www.bellunopress.it\/fr\/author\/redazione\/"}]}},"_links":{"self":[{"href":"https:\/\/www.bellunopress.it\/fr\/wp-json\/wp\/v2\/posts\/76554","targetHints":{"allow":["GET"]}}],"collection":[{"href":"https:\/\/www.bellunopress.it\/fr\/wp-json\/wp\/v2\/posts"}],"about":[{"href":"https:\/\/www.bellunopress.it\/fr\/wp-json\/wp\/v2\/types\/post"}],"author":[{"embeddable":true,"href":"https:\/\/www.bellunopress.it\/fr\/wp-json\/wp\/v2\/users\/2"}],"replies":[{"embeddable":true,"href":"https:\/\/www.bellunopress.it\/fr\/wp-json\/wp\/v2\/comments?post=76554"}],"version-history":[{"count":2,"href":"https:\/\/www.bellunopress.it\/fr\/wp-json\/wp\/v2\/posts\/76554\/revisions"}],"predecessor-version":[{"id":76558,"href":"https:\/\/www.bellunopress.it\/fr\/wp-json\/wp\/v2\/posts\/76554\/revisions\/76558"}],"wp:attachment":[{"href":"https:\/\/www.bellunopress.it\/fr\/wp-json\/wp\/v2\/media?parent=76554"}],"wp:term":[{"taxonomy":"category","embeddable":true,"href":"https:\/\/www.bellunopress.it\/fr\/wp-json\/wp\/v2\/categories?post=76554"},{"taxonomy":"post_tag","embeddable":true,"href":"https:\/\/www.bellunopress.it\/fr\/wp-json\/wp\/v2\/tags?post=76554"}],"curies":[{"name":"wp","href":"https:\/\/api.w.org\/{rel}","templated":true}]}}