{"id":76550,"date":"2016-03-31T17:44:03","date_gmt":"2016-03-31T15:44:03","guid":{"rendered":"http:\/\/www.bellunopress.it\/?p=76550"},"modified":"2016-03-31T18:04:08","modified_gmt":"2016-03-31T16:04:08","slug":"76550","status":"publish","type":"post","link":"https:\/\/www.bellunopress.it\/fr\/2016\/03\/31\/76550\/","title":{"rendered":"Le lumache corrono veloci, domenica in Piazza dei Martiri nelle Favole al balcone"},"content":{"rendered":"<p align=\"JUSTIFY\"><span style=\"font-family: Times New Roman,serif;\"><span style=\"font-size: x-large;\"><a href=\"http:\/\/www.bellunopress.it\/wp-content\/uploads\/2014\/04\/bambini-favole-al-balcone.jpg\" rel=\"attachment wp-att-57668\"><img loading=\"lazy\" decoding=\"async\" class=\"alignleft size-full wp-image-57668\" src=\"http:\/\/www.bellunopress.it\/wp-content\/uploads\/2014\/04\/bambini-favole-al-balcone.jpg\" alt=\"bambini favole al balcone\" width=\"160\" height=\"163\" \/><\/a><\/span><\/span>Per il prossimo week end, \u00e8 sicuro, si andr\u00e0 nelle amate montagne del bellunese, dai soliti amici, col solito gruppo, al solito bar. Nient\u2019affatto! Sabato e domenica sar\u00f2 stanziale a Belluno, voglio godermi l\u2019evento programmato per domenica 3 aprile. Ci saranno cantastorie, folletti, gnomi e attori grandi e piccoli, professionisti e neofiti, tutti in costume medievale.<\/p>\n<p align=\"JUSTIFY\">Mi son sempre piaciute queste feste popolari che paiono inventate per soli ragazzi e bambini, ma poi coinvolgono tutte le famiglie e, certamente, piacciono anche ai grandi. Un ritorno all\u2019antico che per chi \u00e8 abituato all\u2019asfalto della citt\u00e0, allo smog di pianura, al clacson delle auto, significa un po\u2019 di pace e di quiete. Il massimo del \u201crumore\u201d (si fa per dire) sar\u00e0 quello di qualche menestrello che strimpella un mandolino o di una dama che canta una melodia.<\/p>\n<p align=\"JUSTIFY\">\u201cFavole al balcone\u201d si chiama questo evento.<\/p>\n<figure id=\"attachment_31727\" aria-describedby=\"caption-attachment-31727\" style=\"width: 300px\" class=\"wp-caption alignleft\"><a href=\"http:\/\/www.bellunopress.it\/wp-content\/uploads\/2011\/10\/piazza-martiri.jpg\" rel=\"attachment wp-att-31727\"><img loading=\"lazy\" decoding=\"async\" class=\"size-full wp-image-31727\" src=\"http:\/\/www.bellunopress.it\/wp-content\/uploads\/2011\/10\/piazza-martiri.jpg\" alt=\"Piazza dei Martiri - Belluno\" width=\"300\" height=\"200\" \/><\/a><figcaption id=\"caption-attachment-31727\" class=\"wp-caption-text\">Piazza dei Martiri &#8211; Belluno<\/figcaption><\/figure>\n<p align=\"JUSTIFY\">Ma a quale balcone? Ho chiesto alla mia amica quando mi ha avvisato al telefono, annunciandomi che mi avrebbe invitato a soggiornare da lei. Quello di piazza dei Martiri. E a che ora? Chiedo io, preoccupata di dover far ritorno presto in citt\u00e0 per i soliti impegni di lavoro, anche di domenica. Nel primissimo pomeriggio \u2013 mi risponde \u2013 verso le 14.30.<\/p>\n<p align=\"JUSTIFY\">Bene! Mi rendo conto che la parola mi \u00e8 uscita con gioia e dentro di me son felice di fare un fine settimana di relax, senza scarpinate e nell\u2019inattivit\u00e0 di una panchina, tra un gelato e due passi lenti lenti.<\/p>\n<p align=\"JUSTIFY\">Ma se dovesse piovere? Chiedo preoccupata pi\u00f9 per i figli della mia amica che per me. Si sposta al 10 aprile, alla domenica seguente.<\/p>\n<p align=\"JUSTIFY\">Bene! Me ne sfugge un altro e rischio di palesare sin troppo la mia vena infantile. Ma trovo dentro di me in tutta fretta una giustificazione per la mia gioia e esclamo: in fondo \u00e8 anche una manifestazione letteraria. Si tratta di letture ad alta voce fatte dai balconi e per le strade della citt\u00e0.<\/p>\n<p align=\"JUSTIFY\">Forse leggeranno le solite favole \u2013 dice con un pizzico di amarezza la mia amica. Ma speriamo che ci siano delle novit\u00e0. E infatti, dopo poco guardo un paio di siti a tema e noto che ci saranno storie di lumache che corrono veloci, di bimbi che mangiano libri, di un tipo strano che vende pezzetti di cielo. Staremo a vedere.<\/p>\n<p align=\"JUSTIFY\">Intanto torno alle solite incombenze del pomeriggio e aspetto che arrivi veloce il prossimo sabato.<\/p>\n<p align=\"JUSTIFY\">Bruna Mozzi<span style=\"font-family: Times New Roman,serif;\"><span style=\"font-size: x-large;\"><br \/>\n<\/span><\/span><\/p>","protected":false},"excerpt":{"rendered":"<p>Per il prossimo week end, \u00e8 sicuro, si andr\u00e0 nelle amate montagne del bellunese, dai soliti amici, col solito gruppo, al solito bar. Nient\u2019affatto! Sabato e domenica sar\u00f2 stanziale a Belluno, voglio godermi l\u2019evento programmato per domenica 3 aprile. Ci saranno cantastorie, folletti, gnomi e attori grandi e piccoli, professionisti e neofiti, tutti in costume [&hellip;]<\/p>\n","protected":false},"author":2,"featured_media":0,"comment_status":"closed","ping_status":"open","sticky":false,"template":"","format":"standard","meta":{"footnotes":""},"categories":[27,26],"tags":[],"class_list":["post-76550","post","type-post","status-publish","format-standard","category-appuntamenti","category-prima-pagina"],"yoast_head":"<!-- This site is optimized with the Yoast SEO plugin v28.4 - https:\/\/yoast.com\/product\/yoast-seo-wordpress\/ -->\n<title>Le lumache corrono veloci, domenica in Piazza dei Martiri nelle Favole al balcone - Bellunopress - Dolomiti<\/title>\n<meta name=\"robots\" content=\"index, follow, max-snippet:-1, max-image-preview:large, max-video-preview:-1\" \/>\n<link rel=\"canonical\" href=\"https:\/\/www.bellunopress.it\/fr\/2016\/03\/31\/76550\/\" \/>\n<meta property=\"og:locale\" content=\"fr_FR\" \/>\n<meta property=\"og:type\" content=\"article\" \/>\n<meta property=\"og:title\" content=\"Le lumache corrono veloci, domenica in Piazza dei Martiri nelle Favole al balcone - Bellunopress - Dolomiti\" \/>\n<meta property=\"og:description\" content=\"Per il prossimo week end, \u00e8 sicuro, si andr\u00e0 nelle amate montagne del bellunese, dai soliti amici, col solito gruppo, al solito bar. Nient\u2019affatto! Sabato e domenica sar\u00f2 stanziale a Belluno, voglio godermi l\u2019evento programmato per domenica 3 aprile. Ci saranno cantastorie, folletti, gnomi e attori grandi e piccoli, professionisti e neofiti, tutti in costume [&hellip;]\" \/>\n<meta property=\"og:url\" content=\"https:\/\/www.bellunopress.it\/fr\/2016\/03\/31\/76550\/\" \/>\n<meta property=\"og:site_name\" content=\"Bellunopress - Dolomiti\" \/>\n<meta property=\"article:publisher\" content=\"https:\/\/www.facebook.com\/profile.php?id=100008943462799\" \/>\n<meta property=\"article:published_time\" content=\"2016-03-31T15:44:03+00:00\" \/>\n<meta property=\"article:modified_time\" content=\"2016-03-31T16:04:08+00:00\" \/>\n<meta property=\"og:image\" content=\"http:\/\/www.bellunopress.it\/wp-content\/uploads\/2014\/04\/bambini-favole-al-balcone.jpg\" \/>\n<meta name=\"author\" content=\"redazione\" \/>\n<meta name=\"twitter:card\" content=\"summary_large_image\" \/>\n<meta name=\"twitter:creator\" content=\"@bellunopress\" \/>\n<meta name=\"twitter:site\" content=\"@bellunopress\" \/>\n<meta name=\"twitter:label1\" content=\"\u00c9crit par\" \/>\n\t<meta name=\"twitter:data1\" content=\"redazione\" \/>\n\t<meta name=\"twitter:label2\" content=\"Dur\u00e9e de lecture estim\u00e9e\" \/>\n\t<meta name=\"twitter:data2\" content=\"2 minutes\" \/>\n<script type=\"application\/ld+json\" class=\"yoast-schema-graph\">{\"@context\":\"https:\\\/\\\/schema.org\",\"@graph\":[{\"@type\":\"Article\",\"@id\":\"https:\\\/\\\/www.bellunopress.it\\\/2016\\\/03\\\/31\\\/76550\\\/#article\",\"isPartOf\":{\"@id\":\"https:\\\/\\\/www.bellunopress.it\\\/2016\\\/03\\\/31\\\/76550\\\/\"},\"author\":{\"name\":\"redazione\",\"@id\":\"https:\\\/\\\/www.bellunopress.it\\\/#\\\/schema\\\/person\\\/79bb06722b37ece1c03d3e94beb30d73\"},\"headline\":\"Le lumache corrono veloci, domenica in Piazza dei Martiri nelle Favole al balcone\",\"datePublished\":\"2016-03-31T15:44:03+00:00\",\"dateModified\":\"2016-03-31T16:04:08+00:00\",\"mainEntityOfPage\":{\"@id\":\"https:\\\/\\\/www.bellunopress.it\\\/2016\\\/03\\\/31\\\/76550\\\/\"},\"wordCount\":421,\"publisher\":{\"@id\":\"https:\\\/\\\/www.bellunopress.it\\\/#organization\"},\"image\":{\"@id\":\"https:\\\/\\\/www.bellunopress.it\\\/2016\\\/03\\\/31\\\/76550\\\/#primaryimage\"},\"thumbnailUrl\":\"http:\\\/\\\/www.bellunopress.it\\\/wp-content\\\/uploads\\\/2014\\\/04\\\/bambini-favole-al-balcone.jpg\",\"articleSection\":[\"Appuntamenti, Eventi\",\"Prima Pagina\"],\"inLanguage\":\"fr-FR\"},{\"@type\":\"WebPage\",\"@id\":\"https:\\\/\\\/www.bellunopress.it\\\/2016\\\/03\\\/31\\\/76550\\\/\",\"url\":\"https:\\\/\\\/www.bellunopress.it\\\/2016\\\/03\\\/31\\\/76550\\\/\",\"name\":\"Le lumache corrono veloci, domenica in Piazza dei Martiri nelle Favole al balcone - Bellunopress - Dolomiti\",\"isPartOf\":{\"@id\":\"https:\\\/\\\/www.bellunopress.it\\\/#website\"},\"primaryImageOfPage\":{\"@id\":\"https:\\\/\\\/www.bellunopress.it\\\/2016\\\/03\\\/31\\\/76550\\\/#primaryimage\"},\"image\":{\"@id\":\"https:\\\/\\\/www.bellunopress.it\\\/2016\\\/03\\\/31\\\/76550\\\/#primaryimage\"},\"thumbnailUrl\":\"http:\\\/\\\/www.bellunopress.it\\\/wp-content\\\/uploads\\\/2014\\\/04\\\/bambini-favole-al-balcone.jpg\",\"datePublished\":\"2016-03-31T15:44:03+00:00\",\"dateModified\":\"2016-03-31T16:04:08+00:00\",\"breadcrumb\":{\"@id\":\"https:\\\/\\\/www.bellunopress.it\\\/2016\\\/03\\\/31\\\/76550\\\/#breadcrumb\"},\"inLanguage\":\"fr-FR\",\"potentialAction\":[{\"@type\":\"ReadAction\",\"target\":[\"https:\\\/\\\/www.bellunopress.it\\\/2016\\\/03\\\/31\\\/76550\\\/\"]}]},{\"@type\":\"ImageObject\",\"inLanguage\":\"fr-FR\",\"@id\":\"https:\\\/\\\/www.bellunopress.it\\\/2016\\\/03\\\/31\\\/76550\\\/#primaryimage\",\"url\":\"http:\\\/\\\/www.bellunopress.it\\\/wp-content\\\/uploads\\\/2014\\\/04\\\/bambini-favole-al-balcone.jpg\",\"contentUrl\":\"http:\\\/\\\/www.bellunopress.it\\\/wp-content\\\/uploads\\\/2014\\\/04\\\/bambini-favole-al-balcone.jpg\"},{\"@type\":\"BreadcrumbList\",\"@id\":\"https:\\\/\\\/www.bellunopress.it\\\/2016\\\/03\\\/31\\\/76550\\\/#breadcrumb\",\"itemListElement\":[{\"@type\":\"ListItem\",\"position\":1,\"name\":\"Home\",\"item\":\"https:\\\/\\\/www.bellunopress.it\\\/\"},{\"@type\":\"ListItem\",\"position\":2,\"name\":\"Le lumache corrono veloci, domenica in Piazza dei Martiri nelle Favole al balcone\"}]},{\"@type\":\"WebSite\",\"@id\":\"https:\\\/\\\/www.bellunopress.it\\\/#website\",\"url\":\"https:\\\/\\\/www.bellunopress.it\\\/\",\"name\":\"Bellunopress - Dolomiti\",\"description\":\"e-mail: redazione@bellunopress.it\",\"publisher\":{\"@id\":\"https:\\\/\\\/www.bellunopress.it\\\/#organization\"},\"potentialAction\":[{\"@type\":\"SearchAction\",\"target\":{\"@type\":\"EntryPoint\",\"urlTemplate\":\"https:\\\/\\\/www.bellunopress.it\\\/?s={search_term_string}\"},\"query-input\":{\"@type\":\"PropertyValueSpecification\",\"valueRequired\":true,\"valueName\":\"search_term_string\"}}],\"inLanguage\":\"fr-FR\"},{\"@type\":\"Organization\",\"@id\":\"https:\\\/\\\/www.bellunopress.it\\\/#organization\",\"name\":\"Bellunopress\",\"url\":\"https:\\\/\\\/www.bellunopress.it\\\/\",\"logo\":{\"@type\":\"ImageObject\",\"inLanguage\":\"fr-FR\",\"@id\":\"https:\\\/\\\/www.bellunopress.it\\\/#\\\/schema\\\/logo\\\/image\\\/\",\"url\":\"https:\\\/\\\/www.bellunopress.it\\\/wp-content\\\/uploads\\\/2011\\\/05\\\/cropped-logo-bellunopress-.jpg\",\"contentUrl\":\"https:\\\/\\\/www.bellunopress.it\\\/wp-content\\\/uploads\\\/2011\\\/05\\\/cropped-logo-bellunopress-.jpg\",\"width\":512,\"height\":512,\"caption\":\"Bellunopress\"},\"image\":{\"@id\":\"https:\\\/\\\/www.bellunopress.it\\\/#\\\/schema\\\/logo\\\/image\\\/\"},\"sameAs\":[\"https:\\\/\\\/www.facebook.com\\\/profile.php?id=100008943462799\",\"https:\\\/\\\/x.com\\\/bellunopress\",\"https:\\\/\\\/www.linkedin.com\\\/hp\\\/?dnr=JBzUWaJfMUw8vbXJJ2tVW5-I3jZKvC4wsoxE&amp;amp;amp;amp;amp;amp;trk=nav_responsive_tab_home\",\"https:\\\/\\\/www.youtube.com\\\/channel\\\/UCxL0wu1uN0_3_7hGG0306cw\"]},{\"@type\":\"Person\",\"@id\":\"https:\\\/\\\/www.bellunopress.it\\\/#\\\/schema\\\/person\\\/79bb06722b37ece1c03d3e94beb30d73\",\"name\":\"redazione\",\"image\":{\"@type\":\"ImageObject\",\"inLanguage\":\"fr-FR\",\"@id\":\"https:\\\/\\\/secure.gravatar.com\\\/avatar\\\/37d968a2e67a6fd04c169c4bdef102d0bc5d31b2546345219e348575eb80e9a0?s=96&d=mm&r=g\",\"url\":\"https:\\\/\\\/secure.gravatar.com\\\/avatar\\\/37d968a2e67a6fd04c169c4bdef102d0bc5d31b2546345219e348575eb80e9a0?s=96&d=mm&r=g\",\"contentUrl\":\"https:\\\/\\\/secure.gravatar.com\\\/avatar\\\/37d968a2e67a6fd04c169c4bdef102d0bc5d31b2546345219e348575eb80e9a0?s=96&d=mm&r=g\",\"caption\":\"redazione\"},\"sameAs\":[\"http:\\\/\\\/www.bellunopress.it\",\"https:\\\/\\\/x.com\\\/bellunopress\"],\"url\":\"https:\\\/\\\/www.bellunopress.it\\\/fr\\\/author\\\/redazione\\\/\"}]}<\/script>\n<!-- \/ Yoast SEO plugin. -->","yoast_head_json":{"title":"Le lumache corrono veloci, domenica in Piazza dei Martiri nelle Favole al balcone - Bellunopress - Dolomiti","robots":{"index":"index","follow":"follow","max-snippet":"max-snippet:-1","max-image-preview":"max-image-preview:large","max-video-preview":"max-video-preview:-1"},"canonical":"https:\/\/www.bellunopress.it\/fr\/2016\/03\/31\/76550\/","og_locale":"fr_FR","og_type":"article","og_title":"Le lumache corrono veloci, domenica in Piazza dei Martiri nelle Favole al balcone - Bellunopress - Dolomiti","og_description":"Per il prossimo week end, \u00e8 sicuro, si andr\u00e0 nelle amate montagne del bellunese, dai soliti amici, col solito gruppo, al solito bar. Nient\u2019affatto! Sabato e domenica sar\u00f2 stanziale a Belluno, voglio godermi l\u2019evento programmato per domenica 3 aprile. Ci saranno cantastorie, folletti, gnomi e attori grandi e piccoli, professionisti e neofiti, tutti in costume [&hellip;]","og_url":"https:\/\/www.bellunopress.it\/fr\/2016\/03\/31\/76550\/","og_site_name":"Bellunopress - Dolomiti","article_publisher":"https:\/\/www.facebook.com\/profile.php?id=100008943462799","article_published_time":"2016-03-31T15:44:03+00:00","article_modified_time":"2016-03-31T16:04:08+00:00","og_image":[{"url":"http:\/\/www.bellunopress.it\/wp-content\/uploads\/2014\/04\/bambini-favole-al-balcone.jpg","type":"","width":"","height":""}],"author":"redazione","twitter_card":"summary_large_image","twitter_creator":"@bellunopress","twitter_site":"@bellunopress","twitter_misc":{"\u00c9crit par":"redazione","Dur\u00e9e de lecture estim\u00e9e":"2 minutes"},"schema":{"@context":"https:\/\/schema.org","@graph":[{"@type":"Article","@id":"https:\/\/www.bellunopress.it\/2016\/03\/31\/76550\/#article","isPartOf":{"@id":"https:\/\/www.bellunopress.it\/2016\/03\/31\/76550\/"},"author":{"name":"redazione","@id":"https:\/\/www.bellunopress.it\/#\/schema\/person\/79bb06722b37ece1c03d3e94beb30d73"},"headline":"Le lumache corrono veloci, domenica in Piazza dei Martiri nelle Favole al balcone","datePublished":"2016-03-31T15:44:03+00:00","dateModified":"2016-03-31T16:04:08+00:00","mainEntityOfPage":{"@id":"https:\/\/www.bellunopress.it\/2016\/03\/31\/76550\/"},"wordCount":421,"publisher":{"@id":"https:\/\/www.bellunopress.it\/#organization"},"image":{"@id":"https:\/\/www.bellunopress.it\/2016\/03\/31\/76550\/#primaryimage"},"thumbnailUrl":"http:\/\/www.bellunopress.it\/wp-content\/uploads\/2014\/04\/bambini-favole-al-balcone.jpg","articleSection":["Appuntamenti, Eventi","Prima Pagina"],"inLanguage":"fr-FR"},{"@type":"WebPage","@id":"https:\/\/www.bellunopress.it\/2016\/03\/31\/76550\/","url":"https:\/\/www.bellunopress.it\/2016\/03\/31\/76550\/","name":"Le lumache corrono veloci, domenica in Piazza dei Martiri nelle Favole al balcone - Bellunopress - Dolomiti","isPartOf":{"@id":"https:\/\/www.bellunopress.it\/#website"},"primaryImageOfPage":{"@id":"https:\/\/www.bellunopress.it\/2016\/03\/31\/76550\/#primaryimage"},"image":{"@id":"https:\/\/www.bellunopress.it\/2016\/03\/31\/76550\/#primaryimage"},"thumbnailUrl":"http:\/\/www.bellunopress.it\/wp-content\/uploads\/2014\/04\/bambini-favole-al-balcone.jpg","datePublished":"2016-03-31T15:44:03+00:00","dateModified":"2016-03-31T16:04:08+00:00","breadcrumb":{"@id":"https:\/\/www.bellunopress.it\/2016\/03\/31\/76550\/#breadcrumb"},"inLanguage":"fr-FR","potentialAction":[{"@type":"ReadAction","target":["https:\/\/www.bellunopress.it\/2016\/03\/31\/76550\/"]}]},{"@type":"ImageObject","inLanguage":"fr-FR","@id":"https:\/\/www.bellunopress.it\/2016\/03\/31\/76550\/#primaryimage","url":"http:\/\/www.bellunopress.it\/wp-content\/uploads\/2014\/04\/bambini-favole-al-balcone.jpg","contentUrl":"http:\/\/www.bellunopress.it\/wp-content\/uploads\/2014\/04\/bambini-favole-al-balcone.jpg"},{"@type":"BreadcrumbList","@id":"https:\/\/www.bellunopress.it\/2016\/03\/31\/76550\/#breadcrumb","itemListElement":[{"@type":"ListItem","position":1,"name":"Home","item":"https:\/\/www.bellunopress.it\/"},{"@type":"ListItem","position":2,"name":"Le lumache corrono veloci, domenica in Piazza dei Martiri nelle Favole al balcone"}]},{"@type":"WebSite","@id":"https:\/\/www.bellunopress.it\/#website","url":"https:\/\/www.bellunopress.it\/","name":"Bellunopress - Dolomiti","description":"e-mail: redazione@bellunopress.it","publisher":{"@id":"https:\/\/www.bellunopress.it\/#organization"},"potentialAction":[{"@type":"SearchAction","target":{"@type":"EntryPoint","urlTemplate":"https:\/\/www.bellunopress.it\/?s={search_term_string}"},"query-input":{"@type":"PropertyValueSpecification","valueRequired":true,"valueName":"search_term_string"}}],"inLanguage":"fr-FR"},{"@type":"Organization","@id":"https:\/\/www.bellunopress.it\/#organization","name":"Bellunopress","url":"https:\/\/www.bellunopress.it\/","logo":{"@type":"ImageObject","inLanguage":"fr-FR","@id":"https:\/\/www.bellunopress.it\/#\/schema\/logo\/image\/","url":"https:\/\/www.bellunopress.it\/wp-content\/uploads\/2011\/05\/cropped-logo-bellunopress-.jpg","contentUrl":"https:\/\/www.bellunopress.it\/wp-content\/uploads\/2011\/05\/cropped-logo-bellunopress-.jpg","width":512,"height":512,"caption":"Bellunopress"},"image":{"@id":"https:\/\/www.bellunopress.it\/#\/schema\/logo\/image\/"},"sameAs":["https:\/\/www.facebook.com\/profile.php?id=100008943462799","https:\/\/x.com\/bellunopress","https:\/\/www.linkedin.com\/hp\/?dnr=JBzUWaJfMUw8vbXJJ2tVW5-I3jZKvC4wsoxE&amp;amp;amp;amp;amp;amp;trk=nav_responsive_tab_home","https:\/\/www.youtube.com\/channel\/UCxL0wu1uN0_3_7hGG0306cw"]},{"@type":"Person","@id":"https:\/\/www.bellunopress.it\/#\/schema\/person\/79bb06722b37ece1c03d3e94beb30d73","name":"r\u00e9daction","image":{"@type":"ImageObject","inLanguage":"fr-FR","@id":"https:\/\/secure.gravatar.com\/avatar\/37d968a2e67a6fd04c169c4bdef102d0bc5d31b2546345219e348575eb80e9a0?s=96&d=mm&r=g","url":"https:\/\/secure.gravatar.com\/avatar\/37d968a2e67a6fd04c169c4bdef102d0bc5d31b2546345219e348575eb80e9a0?s=96&d=mm&r=g","contentUrl":"https:\/\/secure.gravatar.com\/avatar\/37d968a2e67a6fd04c169c4bdef102d0bc5d31b2546345219e348575eb80e9a0?s=96&d=mm&r=g","caption":"redazione"},"sameAs":["http:\/\/www.bellunopress.it","https:\/\/x.com\/bellunopress"],"url":"https:\/\/www.bellunopress.it\/fr\/author\/redazione\/"}]}},"_links":{"self":[{"href":"https:\/\/www.bellunopress.it\/fr\/wp-json\/wp\/v2\/posts\/76550","targetHints":{"allow":["GET"]}}],"collection":[{"href":"https:\/\/www.bellunopress.it\/fr\/wp-json\/wp\/v2\/posts"}],"about":[{"href":"https:\/\/www.bellunopress.it\/fr\/wp-json\/wp\/v2\/types\/post"}],"author":[{"embeddable":true,"href":"https:\/\/www.bellunopress.it\/fr\/wp-json\/wp\/v2\/users\/2"}],"replies":[{"embeddable":true,"href":"https:\/\/www.bellunopress.it\/fr\/wp-json\/wp\/v2\/comments?post=76550"}],"version-history":[{"count":5,"href":"https:\/\/www.bellunopress.it\/fr\/wp-json\/wp\/v2\/posts\/76550\/revisions"}],"predecessor-version":[{"id":76559,"href":"https:\/\/www.bellunopress.it\/fr\/wp-json\/wp\/v2\/posts\/76550\/revisions\/76559"}],"wp:attachment":[{"href":"https:\/\/www.bellunopress.it\/fr\/wp-json\/wp\/v2\/media?parent=76550"}],"wp:term":[{"taxonomy":"category","embeddable":true,"href":"https:\/\/www.bellunopress.it\/fr\/wp-json\/wp\/v2\/categories?post=76550"},{"taxonomy":"post_tag","embeddable":true,"href":"https:\/\/www.bellunopress.it\/fr\/wp-json\/wp\/v2\/tags?post=76550"}],"curies":[{"name":"wp","href":"https:\/\/api.w.org\/{rel}","templated":true}]}}