{"id":76544,"date":"2016-03-31T14:06:25","date_gmt":"2016-03-31T12:06:25","guid":{"rendered":"http:\/\/www.bellunopress.it\/?p=76544"},"modified":"2016-03-31T14:06:25","modified_gmt":"2016-03-31T12:06:25","slug":"raccolta-rifiuti-porta-porta-sedico-la-replica-agli-attacchi-sui-social-network-della-lega-nord","status":"publish","type":"post","link":"https:\/\/www.bellunopress.it\/fr\/2016\/03\/31\/raccolta-rifiuti-porta-porta-sedico-la-replica-agli-attacchi-sui-social-network-della-lega-nord\/","title":{"rendered":"Raccolta rifiuti porta a porta a Sedico: la replica agli attacchi su Facebook della segretaria della Lega Nord di Sedico"},"content":{"rendered":"<p><span style=\"line-height: 1.5;\"><a href=\"http:\/\/www.bellunopress.it\/wp-content\/uploads\/2015\/08\/lettera-1.jpg\" rel=\"attachment wp-att-70515\"><img loading=\"lazy\" decoding=\"async\" class=\"alignleft size-full wp-image-70515\" src=\"http:\/\/www.bellunopress.it\/wp-content\/uploads\/2015\/08\/lettera-1.jpg\" alt=\"lettera 1\" width=\"153\" height=\"180\" \/><\/a>Nelle Ultime settimane ci \u00e8 stata fatta notare da molti cittadini la campagna aggressiva di opposizione alla nuova raccolta differenziata spinta che inizier\u00e0 a Sedico il 1 aprile 2016, da parte sia dei gruppi di opposizione, che da parte di movimenti politici esterni. In particolar modo ci sono state evidenziate alcune frasi riportate mediante \u201csocial networks\u201d dalla signorina Dal Mas Annalisa, esponente di un gruppo politico di Sedico. Leggendo alcune sue affermazioni che riporteremo di seguito, non abbiamo potuto che rimanere basiti dalle cose scritte, che presentano numerosi errori di grave entit\u00e0. E\u2019 possibile ipotizzare che, se capita una volta, l\u2019errore sia dovuto ad una svista e se capita una seconda volta, sia ancora una svista, seppur dettata da poca attenzione; ma se le false e sbagliate informazioni vengono diffuse pi\u00f9 volte, si potrebbe sospettare che possano essere dettate da malafede per perseguire i propri obiettivi politici anche a costo di non dire la verit\u00e0 alle persone che le leggono o che se le sentonoraccontare.<\/span><\/p>\n<p>A dover di cronaca riportiamo alcuni tra i casi segnalatici:<\/p>\n<p>Dal profilo facebook della signorina Annalisa Dal Mas: \u201cera gi\u00e0 stato deliberato il porta a porta del secco che sarebbe dovuto partire a settembre 2014. La nuova amministrazione ha bloccato tutto per partorire questa trovata\u201d<\/p>\n<p>\u201c La Nuova Amministrazione \u201c informa che non ha affatto bloccato quanto deliberato dalla precedente Amministrazione in quanto mai nulla, la precedente Amministrazione, aveva deliberato. In Comune, e chiunque pu\u00f2 prenderne visione, esiste solo una lettera inviata dall\u2019allora Vice Sindaco all\u2019 Unione Montana Val Belluna, nella quale veniva richiesto un \u201c preventivo urgente per avvio raccolta rifiuto secco porta a porta \u201c. La cosa davvero singolare \u00e8 che la lettera riporta la data del 2 aprile 2014 ovvero un mese e mezzo prime delle ultime elezioni poi perse dalla Lista guidata dall\u2019allora Vice Sindaco e di cui faceva parte anche il Partito della sig.ra Dal Mas. Curioso che una Amministrazione che aveva visto dimettersi il proprio Sindaco e quindi era stata chiamata a svolgere solo atti di normale amministrazione abbia fatto un passo cos\u00ec importante e non certo di normale amministrazione. Passo che \u00e8 stato intrapreso 45 gg prima delle Elezioni, dopo ben 10 anni di governo spalmati su due legislature.<\/p>\n<p>\u201cLa Nuova Amministrazione\u201d ha promesso ai propri elettori che avrebbe introdotto la raccolta porta a porta spinta: pu\u00f2 sembrare strano ma dopo poco meno di due anni ha semplicemente mantenuto la promessa.<\/p>\n<p>La signorina Dal Mas scrive \u201cera gi\u00e0 stato deliberato \u201c quindi si riferisce ad almeno una delibera del 2014 (si immagina ovviamente di giunta) che doveva far si che il progetto potesse prendere il via ad opera dall\u2019amministrazione allora in essere\u2026<\/p>\n<p>\u2026abbiamo cercato e ricercato non solo tra le delibere del 2014 ma anche tra quelle 2013 per capire di cosa stesse parlando ma sembra non ci sia proprio nulla agli atti!<\/p>\n<p>Dato che le delibere sono pubbliche, se la sig.ra Dal Mas \u00e8 in possesso della delibera che, come dice, contiene la data di avvio della raccolta del rifiuto secco porta a porta a partire da settembre 2014 da parte dell\u2019allora Amministrazione, la posti su FB dove attualmente posta un sacco di inesattezze; avr\u00e0 cos\u00ec modo di dimostrare che quanto asserisce \u00e8 vero e non \u00e8 solo propaganda politica o peggio ancora disinformazione.<\/p>\n<p>Crediamo che come autorevole rappresentante politico lo far\u00e0, perch\u00e9 chiarezza e trasparenza pagano sempre. Poich\u00e8 in giunta a queltempo erano presenti esponenti del suo partito non le sar\u00e0 di certo difficile verificare e fornire tale documentazione. Arriver\u00e0 questa delibera? Aspetteremo con pazienza e con gentilezza lo richiederemo finche non verr\u00e0 pubblicata.<\/p>\n<p>Se lo far\u00e0 su FB sar\u00e0 per noi comunque impossibile leggerlo in quanto da qualche giorno praticamente tutti i componenti della attuale Amministrazione sono stati bloccati e quindi impossibilitati a leggere quanto scrive. Non certo una mossa orientata al confronto.<\/p>\n<p>Prima di bannarci abbiamo letto che la sig.ra Dal Mas affermava che: \u201csi segnalano inoltre ancora incongruenze tra tariffe esposte durante le serateinformative e le reali applicate, a cui pare non siano state mostrate con iricarichi effettivi di iva e imposte\u201d. Evidenziamo che le tariffe esposte sono sempre state esposte in modo corretto e sono veritiere, sono state fatte vedere con e senza Iva, con o senza Tributo Provinciale. Forse d\u00e0 fastidio che mediamente, per le famiglie da 2 a pi\u00f9 componenti il risparmio rispetto all\u2019anno precedente si avviciner\u00e0 all\u2019incirca al 20%.<\/p>\n<p>Tutto ci\u00f2 ad onore di verit\u00e0 consapevoli che i cittadini di Sedico sapranno valutare il cambiamento senza essere condizionati da informazioni fuorvianti e strumentali diffuse non certo per fare chiarezza ma per disorientare le persone.<\/p>\n<p>Angelo Mis<\/p>\n<p>Alessandro Buzzatti<\/p>\n<p>&nbsp;<\/p>","protected":false},"excerpt":{"rendered":"<p>Nelle Ultime settimane ci \u00e8 stata fatta notare da molti cittadini la campagna aggressiva di opposizione alla nuova raccolta differenziata spinta che inizier\u00e0 a Sedico il 1 aprile 2016, da parte sia dei gruppi di opposizione, che da parte di movimenti politici esterni. In particolar modo ci sono state evidenziate alcune frasi riportate mediante \u201csocial [&hellip;]<\/p>\n","protected":false},"author":2,"featured_media":0,"comment_status":"closed","ping_status":"open","sticky":false,"template":"","format":"standard","meta":{"footnotes":""},"categories":[5,1,26],"tags":[],"class_list":["post-76544","post","type-post","status-publish","format-standard","category-cronaca","category-leo","category-prima-pagina"],"yoast_head":"<!-- This site is optimized with the Yoast SEO plugin v28.4 - https:\/\/yoast.com\/product\/yoast-seo-wordpress\/ -->\n<title>Raccolta rifiuti porta a porta a Sedico: la replica agli attacchi su Facebook della segretaria della Lega Nord di Sedico - Bellunopress - Dolomiti<\/title>\n<meta name=\"robots\" content=\"index, follow, max-snippet:-1, max-image-preview:large, max-video-preview:-1\" \/>\n<link rel=\"canonical\" href=\"https:\/\/www.bellunopress.it\/fr\/2016\/03\/31\/raccolta-rifiuti-porta-porta-sedico-la-replica-agli-attacchi-sui-social-network-della-lega-nord\/\" \/>\n<meta property=\"og:locale\" content=\"fr_FR\" \/>\n<meta property=\"og:type\" content=\"article\" \/>\n<meta property=\"og:title\" content=\"Raccolta rifiuti porta a porta a Sedico: la replica agli attacchi su Facebook della segretaria della Lega Nord di Sedico - Bellunopress - Dolomiti\" \/>\n<meta property=\"og:description\" content=\"Nelle Ultime settimane ci \u00e8 stata fatta notare da molti cittadini la campagna aggressiva di opposizione alla nuova raccolta differenziata spinta che inizier\u00e0 a Sedico il 1 aprile 2016, da parte sia dei gruppi di opposizione, che da parte di movimenti politici esterni. In particolar modo ci sono state evidenziate alcune frasi riportate mediante \u201csocial [&hellip;]\" \/>\n<meta property=\"og:url\" content=\"https:\/\/www.bellunopress.it\/fr\/2016\/03\/31\/raccolta-rifiuti-porta-porta-sedico-la-replica-agli-attacchi-sui-social-network-della-lega-nord\/\" \/>\n<meta property=\"og:site_name\" content=\"Bellunopress - Dolomiti\" \/>\n<meta property=\"article:publisher\" content=\"https:\/\/www.facebook.com\/profile.php?id=100008943462799\" \/>\n<meta property=\"article:published_time\" content=\"2016-03-31T12:06:25+00:00\" \/>\n<meta property=\"og:image\" content=\"http:\/\/www.bellunopress.it\/wp-content\/uploads\/2015\/08\/lettera-1.jpg\" \/>\n<meta name=\"author\" content=\"redazione\" \/>\n<meta name=\"twitter:card\" content=\"summary_large_image\" \/>\n<meta name=\"twitter:creator\" content=\"@bellunopress\" \/>\n<meta name=\"twitter:site\" content=\"@bellunopress\" \/>\n<meta name=\"twitter:label1\" content=\"\u00c9crit par\" \/>\n\t<meta name=\"twitter:data1\" content=\"redazione\" \/>\n\t<meta name=\"twitter:label2\" content=\"Dur\u00e9e de lecture estim\u00e9e\" \/>\n\t<meta name=\"twitter:data2\" content=\"4 minutes\" \/>\n<script type=\"application\/ld+json\" class=\"yoast-schema-graph\">{\"@context\":\"https:\\\/\\\/schema.org\",\"@graph\":[{\"@type\":\"Article\",\"@id\":\"https:\\\/\\\/www.bellunopress.it\\\/2016\\\/03\\\/31\\\/raccolta-rifiuti-porta-porta-sedico-la-replica-agli-attacchi-sui-social-network-della-lega-nord\\\/#article\",\"isPartOf\":{\"@id\":\"https:\\\/\\\/www.bellunopress.it\\\/2016\\\/03\\\/31\\\/raccolta-rifiuti-porta-porta-sedico-la-replica-agli-attacchi-sui-social-network-della-lega-nord\\\/\"},\"author\":{\"name\":\"redazione\",\"@id\":\"https:\\\/\\\/www.bellunopress.it\\\/#\\\/schema\\\/person\\\/79bb06722b37ece1c03d3e94beb30d73\"},\"headline\":\"Raccolta rifiuti porta a porta a Sedico: la replica agli attacchi su Facebook della segretaria della Lega Nord di Sedico\",\"datePublished\":\"2016-03-31T12:06:25+00:00\",\"mainEntityOfPage\":{\"@id\":\"https:\\\/\\\/www.bellunopress.it\\\/2016\\\/03\\\/31\\\/raccolta-rifiuti-porta-porta-sedico-la-replica-agli-attacchi-sui-social-network-della-lega-nord\\\/\"},\"wordCount\":776,\"publisher\":{\"@id\":\"https:\\\/\\\/www.bellunopress.it\\\/#organization\"},\"image\":{\"@id\":\"https:\\\/\\\/www.bellunopress.it\\\/2016\\\/03\\\/31\\\/raccolta-rifiuti-porta-porta-sedico-la-replica-agli-attacchi-sui-social-network-della-lega-nord\\\/#primaryimage\"},\"thumbnailUrl\":\"http:\\\/\\\/www.bellunopress.it\\\/wp-content\\\/uploads\\\/2015\\\/08\\\/lettera-1.jpg\",\"articleSection\":[\"Cronaca\\\/Politica\",\"Lettere Opinioni\",\"Prima Pagina\"],\"inLanguage\":\"fr-FR\"},{\"@type\":\"WebPage\",\"@id\":\"https:\\\/\\\/www.bellunopress.it\\\/2016\\\/03\\\/31\\\/raccolta-rifiuti-porta-porta-sedico-la-replica-agli-attacchi-sui-social-network-della-lega-nord\\\/\",\"url\":\"https:\\\/\\\/www.bellunopress.it\\\/2016\\\/03\\\/31\\\/raccolta-rifiuti-porta-porta-sedico-la-replica-agli-attacchi-sui-social-network-della-lega-nord\\\/\",\"name\":\"Raccolta rifiuti porta a porta a Sedico: la replica agli attacchi su Facebook della segretaria della Lega Nord di Sedico - Bellunopress - Dolomiti\",\"isPartOf\":{\"@id\":\"https:\\\/\\\/www.bellunopress.it\\\/#website\"},\"primaryImageOfPage\":{\"@id\":\"https:\\\/\\\/www.bellunopress.it\\\/2016\\\/03\\\/31\\\/raccolta-rifiuti-porta-porta-sedico-la-replica-agli-attacchi-sui-social-network-della-lega-nord\\\/#primaryimage\"},\"image\":{\"@id\":\"https:\\\/\\\/www.bellunopress.it\\\/2016\\\/03\\\/31\\\/raccolta-rifiuti-porta-porta-sedico-la-replica-agli-attacchi-sui-social-network-della-lega-nord\\\/#primaryimage\"},\"thumbnailUrl\":\"http:\\\/\\\/www.bellunopress.it\\\/wp-content\\\/uploads\\\/2015\\\/08\\\/lettera-1.jpg\",\"datePublished\":\"2016-03-31T12:06:25+00:00\",\"breadcrumb\":{\"@id\":\"https:\\\/\\\/www.bellunopress.it\\\/2016\\\/03\\\/31\\\/raccolta-rifiuti-porta-porta-sedico-la-replica-agli-attacchi-sui-social-network-della-lega-nord\\\/#breadcrumb\"},\"inLanguage\":\"fr-FR\",\"potentialAction\":[{\"@type\":\"ReadAction\",\"target\":[\"https:\\\/\\\/www.bellunopress.it\\\/2016\\\/03\\\/31\\\/raccolta-rifiuti-porta-porta-sedico-la-replica-agli-attacchi-sui-social-network-della-lega-nord\\\/\"]}]},{\"@type\":\"ImageObject\",\"inLanguage\":\"fr-FR\",\"@id\":\"https:\\\/\\\/www.bellunopress.it\\\/2016\\\/03\\\/31\\\/raccolta-rifiuti-porta-porta-sedico-la-replica-agli-attacchi-sui-social-network-della-lega-nord\\\/#primaryimage\",\"url\":\"http:\\\/\\\/www.bellunopress.it\\\/wp-content\\\/uploads\\\/2015\\\/08\\\/lettera-1.jpg\",\"contentUrl\":\"http:\\\/\\\/www.bellunopress.it\\\/wp-content\\\/uploads\\\/2015\\\/08\\\/lettera-1.jpg\"},{\"@type\":\"BreadcrumbList\",\"@id\":\"https:\\\/\\\/www.bellunopress.it\\\/2016\\\/03\\\/31\\\/raccolta-rifiuti-porta-porta-sedico-la-replica-agli-attacchi-sui-social-network-della-lega-nord\\\/#breadcrumb\",\"itemListElement\":[{\"@type\":\"ListItem\",\"position\":1,\"name\":\"Home\",\"item\":\"https:\\\/\\\/www.bellunopress.it\\\/\"},{\"@type\":\"ListItem\",\"position\":2,\"name\":\"Raccolta rifiuti porta a porta a Sedico: la replica agli attacchi su Facebook della segretaria della Lega Nord di Sedico\"}]},{\"@type\":\"WebSite\",\"@id\":\"https:\\\/\\\/www.bellunopress.it\\\/#website\",\"url\":\"https:\\\/\\\/www.bellunopress.it\\\/\",\"name\":\"Bellunopress - Dolomiti\",\"description\":\"e-mail: redazione@bellunopress.it\",\"publisher\":{\"@id\":\"https:\\\/\\\/www.bellunopress.it\\\/#organization\"},\"potentialAction\":[{\"@type\":\"SearchAction\",\"target\":{\"@type\":\"EntryPoint\",\"urlTemplate\":\"https:\\\/\\\/www.bellunopress.it\\\/?s={search_term_string}\"},\"query-input\":{\"@type\":\"PropertyValueSpecification\",\"valueRequired\":true,\"valueName\":\"search_term_string\"}}],\"inLanguage\":\"fr-FR\"},{\"@type\":\"Organization\",\"@id\":\"https:\\\/\\\/www.bellunopress.it\\\/#organization\",\"name\":\"Bellunopress\",\"url\":\"https:\\\/\\\/www.bellunopress.it\\\/\",\"logo\":{\"@type\":\"ImageObject\",\"inLanguage\":\"fr-FR\",\"@id\":\"https:\\\/\\\/www.bellunopress.it\\\/#\\\/schema\\\/logo\\\/image\\\/\",\"url\":\"https:\\\/\\\/www.bellunopress.it\\\/wp-content\\\/uploads\\\/2011\\\/05\\\/cropped-logo-bellunopress-.jpg\",\"contentUrl\":\"https:\\\/\\\/www.bellunopress.it\\\/wp-content\\\/uploads\\\/2011\\\/05\\\/cropped-logo-bellunopress-.jpg\",\"width\":512,\"height\":512,\"caption\":\"Bellunopress\"},\"image\":{\"@id\":\"https:\\\/\\\/www.bellunopress.it\\\/#\\\/schema\\\/logo\\\/image\\\/\"},\"sameAs\":[\"https:\\\/\\\/www.facebook.com\\\/profile.php?id=100008943462799\",\"https:\\\/\\\/x.com\\\/bellunopress\",\"https:\\\/\\\/www.linkedin.com\\\/hp\\\/?dnr=JBzUWaJfMUw8vbXJJ2tVW5-I3jZKvC4wsoxE&amp;amp;amp;amp;amp;amp;trk=nav_responsive_tab_home\",\"https:\\\/\\\/www.youtube.com\\\/channel\\\/UCxL0wu1uN0_3_7hGG0306cw\"]},{\"@type\":\"Person\",\"@id\":\"https:\\\/\\\/www.bellunopress.it\\\/#\\\/schema\\\/person\\\/79bb06722b37ece1c03d3e94beb30d73\",\"name\":\"redazione\",\"image\":{\"@type\":\"ImageObject\",\"inLanguage\":\"fr-FR\",\"@id\":\"https:\\\/\\\/secure.gravatar.com\\\/avatar\\\/37d968a2e67a6fd04c169c4bdef102d0bc5d31b2546345219e348575eb80e9a0?s=96&d=mm&r=g\",\"url\":\"https:\\\/\\\/secure.gravatar.com\\\/avatar\\\/37d968a2e67a6fd04c169c4bdef102d0bc5d31b2546345219e348575eb80e9a0?s=96&d=mm&r=g\",\"contentUrl\":\"https:\\\/\\\/secure.gravatar.com\\\/avatar\\\/37d968a2e67a6fd04c169c4bdef102d0bc5d31b2546345219e348575eb80e9a0?s=96&d=mm&r=g\",\"caption\":\"redazione\"},\"sameAs\":[\"http:\\\/\\\/www.bellunopress.it\",\"https:\\\/\\\/x.com\\\/bellunopress\"],\"url\":\"https:\\\/\\\/www.bellunopress.it\\\/fr\\\/author\\\/redazione\\\/\"}]}<\/script>\n<!-- \/ Yoast SEO plugin. -->","yoast_head_json":{"title":"Raccolta rifiuti porta a porta a Sedico: la replica agli attacchi su Facebook della segretaria della Lega Nord di Sedico - Bellunopress - Dolomiti","robots":{"index":"index","follow":"follow","max-snippet":"max-snippet:-1","max-image-preview":"max-image-preview:large","max-video-preview":"max-video-preview:-1"},"canonical":"https:\/\/www.bellunopress.it\/fr\/2016\/03\/31\/raccolta-rifiuti-porta-porta-sedico-la-replica-agli-attacchi-sui-social-network-della-lega-nord\/","og_locale":"fr_FR","og_type":"article","og_title":"Raccolta rifiuti porta a porta a Sedico: la replica agli attacchi su Facebook della segretaria della Lega Nord di Sedico - Bellunopress - Dolomiti","og_description":"Nelle Ultime settimane ci \u00e8 stata fatta notare da molti cittadini la campagna aggressiva di opposizione alla nuova raccolta differenziata spinta che inizier\u00e0 a Sedico il 1 aprile 2016, da parte sia dei gruppi di opposizione, che da parte di movimenti politici esterni. In particolar modo ci sono state evidenziate alcune frasi riportate mediante \u201csocial [&hellip;]","og_url":"https:\/\/www.bellunopress.it\/fr\/2016\/03\/31\/raccolta-rifiuti-porta-porta-sedico-la-replica-agli-attacchi-sui-social-network-della-lega-nord\/","og_site_name":"Bellunopress - Dolomiti","article_publisher":"https:\/\/www.facebook.com\/profile.php?id=100008943462799","article_published_time":"2016-03-31T12:06:25+00:00","og_image":[{"url":"http:\/\/www.bellunopress.it\/wp-content\/uploads\/2015\/08\/lettera-1.jpg","type":"","width":"","height":""}],"author":"redazione","twitter_card":"summary_large_image","twitter_creator":"@bellunopress","twitter_site":"@bellunopress","twitter_misc":{"\u00c9crit par":"redazione","Dur\u00e9e de lecture estim\u00e9e":"4 minutes"},"schema":{"@context":"https:\/\/schema.org","@graph":[{"@type":"Article","@id":"https:\/\/www.bellunopress.it\/2016\/03\/31\/raccolta-rifiuti-porta-porta-sedico-la-replica-agli-attacchi-sui-social-network-della-lega-nord\/#article","isPartOf":{"@id":"https:\/\/www.bellunopress.it\/2016\/03\/31\/raccolta-rifiuti-porta-porta-sedico-la-replica-agli-attacchi-sui-social-network-della-lega-nord\/"},"author":{"name":"redazione","@id":"https:\/\/www.bellunopress.it\/#\/schema\/person\/79bb06722b37ece1c03d3e94beb30d73"},"headline":"Raccolta rifiuti porta a porta a Sedico: la replica agli attacchi su Facebook della segretaria della Lega Nord di Sedico","datePublished":"2016-03-31T12:06:25+00:00","mainEntityOfPage":{"@id":"https:\/\/www.bellunopress.it\/2016\/03\/31\/raccolta-rifiuti-porta-porta-sedico-la-replica-agli-attacchi-sui-social-network-della-lega-nord\/"},"wordCount":776,"publisher":{"@id":"https:\/\/www.bellunopress.it\/#organization"},"image":{"@id":"https:\/\/www.bellunopress.it\/2016\/03\/31\/raccolta-rifiuti-porta-porta-sedico-la-replica-agli-attacchi-sui-social-network-della-lega-nord\/#primaryimage"},"thumbnailUrl":"http:\/\/www.bellunopress.it\/wp-content\/uploads\/2015\/08\/lettera-1.jpg","articleSection":["Cronaca\/Politica","Lettere Opinioni","Prima Pagina"],"inLanguage":"fr-FR"},{"@type":"WebPage","@id":"https:\/\/www.bellunopress.it\/2016\/03\/31\/raccolta-rifiuti-porta-porta-sedico-la-replica-agli-attacchi-sui-social-network-della-lega-nord\/","url":"https:\/\/www.bellunopress.it\/2016\/03\/31\/raccolta-rifiuti-porta-porta-sedico-la-replica-agli-attacchi-sui-social-network-della-lega-nord\/","name":"Raccolta rifiuti porta a porta a Sedico: la replica agli attacchi su Facebook della segretaria della Lega Nord di Sedico - Bellunopress - Dolomiti","isPartOf":{"@id":"https:\/\/www.bellunopress.it\/#website"},"primaryImageOfPage":{"@id":"https:\/\/www.bellunopress.it\/2016\/03\/31\/raccolta-rifiuti-porta-porta-sedico-la-replica-agli-attacchi-sui-social-network-della-lega-nord\/#primaryimage"},"image":{"@id":"https:\/\/www.bellunopress.it\/2016\/03\/31\/raccolta-rifiuti-porta-porta-sedico-la-replica-agli-attacchi-sui-social-network-della-lega-nord\/#primaryimage"},"thumbnailUrl":"http:\/\/www.bellunopress.it\/wp-content\/uploads\/2015\/08\/lettera-1.jpg","datePublished":"2016-03-31T12:06:25+00:00","breadcrumb":{"@id":"https:\/\/www.bellunopress.it\/2016\/03\/31\/raccolta-rifiuti-porta-porta-sedico-la-replica-agli-attacchi-sui-social-network-della-lega-nord\/#breadcrumb"},"inLanguage":"fr-FR","potentialAction":[{"@type":"ReadAction","target":["https:\/\/www.bellunopress.it\/2016\/03\/31\/raccolta-rifiuti-porta-porta-sedico-la-replica-agli-attacchi-sui-social-network-della-lega-nord\/"]}]},{"@type":"ImageObject","inLanguage":"fr-FR","@id":"https:\/\/www.bellunopress.it\/2016\/03\/31\/raccolta-rifiuti-porta-porta-sedico-la-replica-agli-attacchi-sui-social-network-della-lega-nord\/#primaryimage","url":"http:\/\/www.bellunopress.it\/wp-content\/uploads\/2015\/08\/lettera-1.jpg","contentUrl":"http:\/\/www.bellunopress.it\/wp-content\/uploads\/2015\/08\/lettera-1.jpg"},{"@type":"BreadcrumbList","@id":"https:\/\/www.bellunopress.it\/2016\/03\/31\/raccolta-rifiuti-porta-porta-sedico-la-replica-agli-attacchi-sui-social-network-della-lega-nord\/#breadcrumb","itemListElement":[{"@type":"ListItem","position":1,"name":"Home","item":"https:\/\/www.bellunopress.it\/"},{"@type":"ListItem","position":2,"name":"Raccolta rifiuti porta a porta a Sedico: la replica agli attacchi su Facebook della segretaria della Lega Nord di Sedico"}]},{"@type":"WebSite","@id":"https:\/\/www.bellunopress.it\/#website","url":"https:\/\/www.bellunopress.it\/","name":"Bellunopress - Dolomiti","description":"e-mail: redazione@bellunopress.it","publisher":{"@id":"https:\/\/www.bellunopress.it\/#organization"},"potentialAction":[{"@type":"SearchAction","target":{"@type":"EntryPoint","urlTemplate":"https:\/\/www.bellunopress.it\/?s={search_term_string}"},"query-input":{"@type":"PropertyValueSpecification","valueRequired":true,"valueName":"search_term_string"}}],"inLanguage":"fr-FR"},{"@type":"Organization","@id":"https:\/\/www.bellunopress.it\/#organization","name":"Bellunopress","url":"https:\/\/www.bellunopress.it\/","logo":{"@type":"ImageObject","inLanguage":"fr-FR","@id":"https:\/\/www.bellunopress.it\/#\/schema\/logo\/image\/","url":"https:\/\/www.bellunopress.it\/wp-content\/uploads\/2011\/05\/cropped-logo-bellunopress-.jpg","contentUrl":"https:\/\/www.bellunopress.it\/wp-content\/uploads\/2011\/05\/cropped-logo-bellunopress-.jpg","width":512,"height":512,"caption":"Bellunopress"},"image":{"@id":"https:\/\/www.bellunopress.it\/#\/schema\/logo\/image\/"},"sameAs":["https:\/\/www.facebook.com\/profile.php?id=100008943462799","https:\/\/x.com\/bellunopress","https:\/\/www.linkedin.com\/hp\/?dnr=JBzUWaJfMUw8vbXJJ2tVW5-I3jZKvC4wsoxE&amp;amp;amp;amp;amp;amp;trk=nav_responsive_tab_home","https:\/\/www.youtube.com\/channel\/UCxL0wu1uN0_3_7hGG0306cw"]},{"@type":"Person","@id":"https:\/\/www.bellunopress.it\/#\/schema\/person\/79bb06722b37ece1c03d3e94beb30d73","name":"r\u00e9daction","image":{"@type":"ImageObject","inLanguage":"fr-FR","@id":"https:\/\/secure.gravatar.com\/avatar\/37d968a2e67a6fd04c169c4bdef102d0bc5d31b2546345219e348575eb80e9a0?s=96&d=mm&r=g","url":"https:\/\/secure.gravatar.com\/avatar\/37d968a2e67a6fd04c169c4bdef102d0bc5d31b2546345219e348575eb80e9a0?s=96&d=mm&r=g","contentUrl":"https:\/\/secure.gravatar.com\/avatar\/37d968a2e67a6fd04c169c4bdef102d0bc5d31b2546345219e348575eb80e9a0?s=96&d=mm&r=g","caption":"redazione"},"sameAs":["http:\/\/www.bellunopress.it","https:\/\/x.com\/bellunopress"],"url":"https:\/\/www.bellunopress.it\/fr\/author\/redazione\/"}]}},"_links":{"self":[{"href":"https:\/\/www.bellunopress.it\/fr\/wp-json\/wp\/v2\/posts\/76544","targetHints":{"allow":["GET"]}}],"collection":[{"href":"https:\/\/www.bellunopress.it\/fr\/wp-json\/wp\/v2\/posts"}],"about":[{"href":"https:\/\/www.bellunopress.it\/fr\/wp-json\/wp\/v2\/types\/post"}],"author":[{"embeddable":true,"href":"https:\/\/www.bellunopress.it\/fr\/wp-json\/wp\/v2\/users\/2"}],"replies":[{"embeddable":true,"href":"https:\/\/www.bellunopress.it\/fr\/wp-json\/wp\/v2\/comments?post=76544"}],"version-history":[{"count":1,"href":"https:\/\/www.bellunopress.it\/fr\/wp-json\/wp\/v2\/posts\/76544\/revisions"}],"predecessor-version":[{"id":76545,"href":"https:\/\/www.bellunopress.it\/fr\/wp-json\/wp\/v2\/posts\/76544\/revisions\/76545"}],"wp:attachment":[{"href":"https:\/\/www.bellunopress.it\/fr\/wp-json\/wp\/v2\/media?parent=76544"}],"wp:term":[{"taxonomy":"category","embeddable":true,"href":"https:\/\/www.bellunopress.it\/fr\/wp-json\/wp\/v2\/categories?post=76544"},{"taxonomy":"post_tag","embeddable":true,"href":"https:\/\/www.bellunopress.it\/fr\/wp-json\/wp\/v2\/tags?post=76544"}],"curies":[{"name":"wp","href":"https:\/\/api.w.org\/{rel}","templated":true}]}}