{"id":7643,"date":"2009-09-02T19:33:14","date_gmt":"2009-09-02T18:33:14","guid":{"rendered":"http:\/\/www.bellunopress.it\/?p=7643"},"modified":"2009-09-02T19:33:14","modified_gmt":"2009-09-02T18:33:14","slug":"pubblicata-la-bozza-del-piano-di-gestione-%e2%80%9cdolomiti-feltrine-e-bellunesi%e2%80%9d-c%e2%80%99e-tempo-fino-al-15-ottobre-per-presentare-le-osservazioni","status":"publish","type":"post","link":"https:\/\/www.bellunopress.it\/fr\/2009\/09\/02\/pubblicata-la-bozza-del-piano-di-gestione-%e2%80%9cdolomiti-feltrine-e-bellunesi%e2%80%9d-c%e2%80%99e-tempo-fino-al-15-ottobre-per-presentare-le-osservazioni\/","title":{"rendered":"Pubblicata la bozza del Piano di Gestione \u201cDolomiti Feltrine e Bellunesi\u201d C\u2019\u00e8 tempo fino al 15 ottobre per presentare le osservazioni"},"content":{"rendered":"<p>Rete Natura 2000 \u00e8 lo strumento nato per salvaguardare gli ambienti naturali e le specie vegetali e animali presenti nel territorio dell\u2019Unione Europea. La Rete \u00e8 costituita dalle Zone di Protezione Speciale (ZPS), previste dalla Direttiva &#8220;Uccelli&#8221; e dai Siti di Importanza Comunitaria (SIC) previsti dalla direttiva &#8220;Habitat&#8221;. In Italia Rete Natura 2000 \u00e8 costituita da oltre duemilaquattrocento SIC e pi\u00f9 di mille ZPS.\u00a0 Il Parco Nazionale Dolomiti Bellunesi \u00e8 sia un SIC che una ZPS, individuata dal codice IT 3230083 e dal nome \u201cDolomiti Feltrine e Bellunesi\u201d. La normativa prevede che per ciascuna area della rete Natura 2000 venga redatto un \u201cPiano di gestione\u201d: lo strumento di pianificazione del territorio che ha come obiettivo fondamentale la salvaguardia della struttura e della funzione degli habitat e la conservazione a lungo termine delle specie, tenendo al contempo in adeguata considerazione i fattori socio-economici che insistono in ambito locale. I Piani di gestione hanno un preciso obbligo di risultato, quello cio\u00e8 di mantenere, migliorare o ripristinare il buono stato di conservazione degli ambienti naturali e delle specie che li popolano. In questi giorni il Parco Nazionale Dolomiti Bellunesi ha ultimato la stesura della prima bozza del Piano di Gestione, che \u00e8 consultabile e scaricabile dal sito del Parco all\u2019indirizzo <a href=\"http:\/\/www.dolomitipark.it\">www.dolomitipark.it<\/a>. Nella preparazione del Piano di Gestione l\u2019Unione Europea prevede il coinvolgimento di tutti i \u201cportatori di interesse\u201d: i gruppi che esercitano attivit\u00e0 sul territorio, le associazioni, le organizzazioni ambientaliste e i soggetti pubblici che a vario titolo hanno competenze nell\u2019area interessata.<br \/>\n\u00a0Con loro (CAI, associazioni ambientaliste, associazioni dei cacciatori, sindacati degli agricoltori, enti pubblici, \u2026) vengono concordate e definite le scelte del piano.\u00a0 Il prossimo 16 settembre si terr\u00e0 un tavolo di confronto per raccogliere utili indicazioni per la redazione della bozza finale del Piano di Gestione. Su questa bozza finale, che sar\u00e0 pubblicata sul sito internet del Parco, si raccoglieranno ulteriori osservazioni, che vanno presentate utilizzando lo specifico modulo scaricabile dal sito web del Parco.<br \/>\nIl termine ultimo per presentare le osservazioni al Piano di Gestione scade il 15 ottobre prossimo. Quello delle Dolomiti Bellunesi \u00e8 il primo Piano di Gestione a vedere la luce nella Regione del Veneto che, attualmente, comprende 128 siti di rete Natura 2000, con 67 ZPS e 102 SIC, variamente sovrapposti. La superficie complessiva dei siti Natura 200 in Veneto \u00e8 di 414.675 ettari (pari al 22,5% del territorio regionale) con un\u2019estensione delle ZPS di 359.882 ettari e quella dei SIC di 369.882 ettari.<br \/>\nIl Piano di Gestione del SIC-ZPS, una volta approvato, diventer\u00e0 parte del nuovo \u201cMaster plan\u201d del Parco: il documento che integrer\u00e0 il nuovo Piano del Parco, il Piano Pluriennale per lo Sviluppo Economico e Sociale e il Piano Paesaggistico.<\/p>","protected":false},"excerpt":{"rendered":"<p>Rete Natura 2000 \u00e8 lo strumento nato per salvaguardare gli ambienti naturali e le specie vegetali e animali presenti nel territorio dell\u2019Unione Europea. La Rete \u00e8 costituita dalle Zone di Protezione Speciale (ZPS), previste dalla Direttiva &#8220;Uccelli&#8221; e dai Siti di Importanza Comunitaria (SIC) previsti dalla direttiva &#8220;Habitat&#8221;. In Italia Rete Natura 2000 \u00e8 costituita [&hellip;]<\/p>\n","protected":false},"author":2,"featured_media":0,"comment_status":"closed","ping_status":"open","sticky":false,"template":"","format":"standard","meta":{"footnotes":""},"categories":[38,26],"tags":[63],"class_list":["post-7643","post","type-post","status-publish","format-standard","category-natura-ambiente","category-prima-pagina","tag-dolomiti"],"yoast_head":"<!-- This site is optimized with the Yoast SEO plugin v28.4 - https:\/\/yoast.com\/product\/yoast-seo-wordpress\/ -->\n<title>Pubblicata la bozza del Piano di Gestione \u201cDolomiti Feltrine e Bellunesi\u201d C\u2019\u00e8 tempo fino al 15 ottobre per presentare le osservazioni - Bellunopress - Dolomiti<\/title>\n<meta name=\"robots\" content=\"index, follow, max-snippet:-1, max-image-preview:large, max-video-preview:-1\" \/>\n<link rel=\"canonical\" href=\"https:\/\/www.bellunopress.it\/fr\/2009\/09\/02\/pubblicata-la-bozza-del-piano-di-gestione-\u201cdolomiti-feltrine-e-bellunesi\u201d-c\u2019e-tempo-fino-al-15-ottobre-per-presentare-le-osservazioni\/\" \/>\n<meta property=\"og:locale\" content=\"fr_FR\" \/>\n<meta property=\"og:type\" content=\"article\" \/>\n<meta property=\"og:title\" content=\"Pubblicata la bozza del Piano di Gestione \u201cDolomiti Feltrine e Bellunesi\u201d C\u2019\u00e8 tempo fino al 15 ottobre per presentare le osservazioni - Bellunopress - Dolomiti\" \/>\n<meta property=\"og:description\" content=\"Rete Natura 2000 \u00e8 lo strumento nato per salvaguardare gli ambienti naturali e le specie vegetali e animali presenti nel territorio dell\u2019Unione Europea. La Rete \u00e8 costituita dalle Zone di Protezione Speciale (ZPS), previste dalla Direttiva &#8220;Uccelli&#8221; e dai Siti di Importanza Comunitaria (SIC) previsti dalla direttiva &#8220;Habitat&#8221;. In Italia Rete Natura 2000 \u00e8 costituita [&hellip;]\" \/>\n<meta property=\"og:url\" content=\"https:\/\/www.bellunopress.it\/fr\/2009\/09\/02\/pubblicata-la-bozza-del-piano-di-gestione-\u201cdolomiti-feltrine-e-bellunesi\u201d-c\u2019e-tempo-fino-al-15-ottobre-per-presentare-le-osservazioni\/\" \/>\n<meta property=\"og:site_name\" content=\"Bellunopress - Dolomiti\" \/>\n<meta property=\"article:publisher\" content=\"https:\/\/www.facebook.com\/profile.php?id=100008943462799\" \/>\n<meta property=\"article:published_time\" content=\"2009-09-02T18:33:14+00:00\" \/>\n<meta property=\"og:image\" content=\"http:\/\/www.bellunopress.it\/wp-content\/uploads\/2012\/07\/logo-bellunopress-250x250-2012.jpg\" \/>\n<meta name=\"author\" content=\"redazione\" \/>\n<meta name=\"twitter:card\" content=\"summary_large_image\" \/>\n<meta name=\"twitter:creator\" content=\"@bellunopress\" \/>\n<meta name=\"twitter:site\" content=\"@bellunopress\" \/>\n<meta name=\"twitter:label1\" content=\"\u00c9crit par\" \/>\n\t<meta name=\"twitter:data1\" content=\"redazione\" \/>\n\t<meta name=\"twitter:label2\" content=\"Dur\u00e9e de lecture estim\u00e9e\" \/>\n\t<meta name=\"twitter:data2\" content=\"2 minutes\" \/>\n<script type=\"application\/ld+json\" class=\"yoast-schema-graph\">{\"@context\":\"https:\\\/\\\/schema.org\",\"@graph\":[{\"@type\":\"Article\",\"@id\":\"https:\\\/\\\/www.bellunopress.it\\\/2009\\\/09\\\/02\\\/pubblicata-la-bozza-del-piano-di-gestione-%e2%80%9cdolomiti-feltrine-e-bellunesi%e2%80%9d-c%e2%80%99e-tempo-fino-al-15-ottobre-per-presentare-le-osservazioni\\\/#article\",\"isPartOf\":{\"@id\":\"https:\\\/\\\/www.bellunopress.it\\\/2009\\\/09\\\/02\\\/pubblicata-la-bozza-del-piano-di-gestione-%e2%80%9cdolomiti-feltrine-e-bellunesi%e2%80%9d-c%e2%80%99e-tempo-fino-al-15-ottobre-per-presentare-le-osservazioni\\\/\"},\"author\":{\"name\":\"redazione\",\"@id\":\"https:\\\/\\\/www.bellunopress.it\\\/#\\\/schema\\\/person\\\/79bb06722b37ece1c03d3e94beb30d73\"},\"headline\":\"Pubblicata la bozza del Piano di Gestione \u201cDolomiti Feltrine e Bellunesi\u201d C\u2019\u00e8 tempo fino al 15 ottobre per presentare le osservazioni\",\"datePublished\":\"2009-09-02T18:33:14+00:00\",\"mainEntityOfPage\":{\"@id\":\"https:\\\/\\\/www.bellunopress.it\\\/2009\\\/09\\\/02\\\/pubblicata-la-bozza-del-piano-di-gestione-%e2%80%9cdolomiti-feltrine-e-bellunesi%e2%80%9d-c%e2%80%99e-tempo-fino-al-15-ottobre-per-presentare-le-osservazioni\\\/\"},\"wordCount\":451,\"publisher\":{\"@id\":\"https:\\\/\\\/www.bellunopress.it\\\/#organization\"},\"keywords\":[\"Dolomiti\"],\"articleSection\":[\"Meteo, natura, ambiente, animali\",\"Prima Pagina\"],\"inLanguage\":\"fr-FR\"},{\"@type\":\"WebPage\",\"@id\":\"https:\\\/\\\/www.bellunopress.it\\\/2009\\\/09\\\/02\\\/pubblicata-la-bozza-del-piano-di-gestione-%e2%80%9cdolomiti-feltrine-e-bellunesi%e2%80%9d-c%e2%80%99e-tempo-fino-al-15-ottobre-per-presentare-le-osservazioni\\\/\",\"url\":\"https:\\\/\\\/www.bellunopress.it\\\/2009\\\/09\\\/02\\\/pubblicata-la-bozza-del-piano-di-gestione-%e2%80%9cdolomiti-feltrine-e-bellunesi%e2%80%9d-c%e2%80%99e-tempo-fino-al-15-ottobre-per-presentare-le-osservazioni\\\/\",\"name\":\"Pubblicata la bozza del Piano di Gestione \u201cDolomiti Feltrine e Bellunesi\u201d C\u2019\u00e8 tempo fino al 15 ottobre per presentare le osservazioni - Bellunopress - Dolomiti\",\"isPartOf\":{\"@id\":\"https:\\\/\\\/www.bellunopress.it\\\/#website\"},\"datePublished\":\"2009-09-02T18:33:14+00:00\",\"breadcrumb\":{\"@id\":\"https:\\\/\\\/www.bellunopress.it\\\/2009\\\/09\\\/02\\\/pubblicata-la-bozza-del-piano-di-gestione-%e2%80%9cdolomiti-feltrine-e-bellunesi%e2%80%9d-c%e2%80%99e-tempo-fino-al-15-ottobre-per-presentare-le-osservazioni\\\/#breadcrumb\"},\"inLanguage\":\"fr-FR\",\"potentialAction\":[{\"@type\":\"ReadAction\",\"target\":[\"https:\\\/\\\/www.bellunopress.it\\\/2009\\\/09\\\/02\\\/pubblicata-la-bozza-del-piano-di-gestione-%e2%80%9cdolomiti-feltrine-e-bellunesi%e2%80%9d-c%e2%80%99e-tempo-fino-al-15-ottobre-per-presentare-le-osservazioni\\\/\"]}]},{\"@type\":\"BreadcrumbList\",\"@id\":\"https:\\\/\\\/www.bellunopress.it\\\/2009\\\/09\\\/02\\\/pubblicata-la-bozza-del-piano-di-gestione-%e2%80%9cdolomiti-feltrine-e-bellunesi%e2%80%9d-c%e2%80%99e-tempo-fino-al-15-ottobre-per-presentare-le-osservazioni\\\/#breadcrumb\",\"itemListElement\":[{\"@type\":\"ListItem\",\"position\":1,\"name\":\"Home\",\"item\":\"https:\\\/\\\/www.bellunopress.it\\\/\"},{\"@type\":\"ListItem\",\"position\":2,\"name\":\"Pubblicata la bozza del Piano di Gestione \u201cDolomiti Feltrine e Bellunesi\u201d C\u2019\u00e8 tempo fino al 15 ottobre per presentare le osservazioni\"}]},{\"@type\":\"WebSite\",\"@id\":\"https:\\\/\\\/www.bellunopress.it\\\/#website\",\"url\":\"https:\\\/\\\/www.bellunopress.it\\\/\",\"name\":\"Bellunopress - Dolomiti\",\"description\":\"e-mail: redazione@bellunopress.it\",\"publisher\":{\"@id\":\"https:\\\/\\\/www.bellunopress.it\\\/#organization\"},\"potentialAction\":[{\"@type\":\"SearchAction\",\"target\":{\"@type\":\"EntryPoint\",\"urlTemplate\":\"https:\\\/\\\/www.bellunopress.it\\\/?s={search_term_string}\"},\"query-input\":{\"@type\":\"PropertyValueSpecification\",\"valueRequired\":true,\"valueName\":\"search_term_string\"}}],\"inLanguage\":\"fr-FR\"},{\"@type\":\"Organization\",\"@id\":\"https:\\\/\\\/www.bellunopress.it\\\/#organization\",\"name\":\"Bellunopress\",\"url\":\"https:\\\/\\\/www.bellunopress.it\\\/\",\"logo\":{\"@type\":\"ImageObject\",\"inLanguage\":\"fr-FR\",\"@id\":\"https:\\\/\\\/www.bellunopress.it\\\/#\\\/schema\\\/logo\\\/image\\\/\",\"url\":\"https:\\\/\\\/www.bellunopress.it\\\/wp-content\\\/uploads\\\/2011\\\/05\\\/cropped-logo-bellunopress-.jpg\",\"contentUrl\":\"https:\\\/\\\/www.bellunopress.it\\\/wp-content\\\/uploads\\\/2011\\\/05\\\/cropped-logo-bellunopress-.jpg\",\"width\":512,\"height\":512,\"caption\":\"Bellunopress\"},\"image\":{\"@id\":\"https:\\\/\\\/www.bellunopress.it\\\/#\\\/schema\\\/logo\\\/image\\\/\"},\"sameAs\":[\"https:\\\/\\\/www.facebook.com\\\/profile.php?id=100008943462799\",\"https:\\\/\\\/x.com\\\/bellunopress\",\"https:\\\/\\\/www.linkedin.com\\\/hp\\\/?dnr=JBzUWaJfMUw8vbXJJ2tVW5-I3jZKvC4wsoxE&amp;amp;amp;amp;amp;amp;trk=nav_responsive_tab_home\",\"https:\\\/\\\/www.youtube.com\\\/channel\\\/UCxL0wu1uN0_3_7hGG0306cw\"]},{\"@type\":\"Person\",\"@id\":\"https:\\\/\\\/www.bellunopress.it\\\/#\\\/schema\\\/person\\\/79bb06722b37ece1c03d3e94beb30d73\",\"name\":\"redazione\",\"image\":{\"@type\":\"ImageObject\",\"inLanguage\":\"fr-FR\",\"@id\":\"https:\\\/\\\/secure.gravatar.com\\\/avatar\\\/37d968a2e67a6fd04c169c4bdef102d0bc5d31b2546345219e348575eb80e9a0?s=96&d=mm&r=g\",\"url\":\"https:\\\/\\\/secure.gravatar.com\\\/avatar\\\/37d968a2e67a6fd04c169c4bdef102d0bc5d31b2546345219e348575eb80e9a0?s=96&d=mm&r=g\",\"contentUrl\":\"https:\\\/\\\/secure.gravatar.com\\\/avatar\\\/37d968a2e67a6fd04c169c4bdef102d0bc5d31b2546345219e348575eb80e9a0?s=96&d=mm&r=g\",\"caption\":\"redazione\"},\"sameAs\":[\"http:\\\/\\\/www.bellunopress.it\",\"https:\\\/\\\/x.com\\\/bellunopress\"],\"url\":\"https:\\\/\\\/www.bellunopress.it\\\/fr\\\/author\\\/redazione\\\/\"}]}<\/script>\n<!-- \/ Yoast SEO plugin. -->","yoast_head_json":{"title":"Pubblicata la bozza del Piano di Gestione \u201cDolomiti Feltrine e Bellunesi\u201d C\u2019\u00e8 tempo fino al 15 ottobre per presentare le osservazioni - Bellunopress - Dolomiti","robots":{"index":"index","follow":"follow","max-snippet":"max-snippet:-1","max-image-preview":"max-image-preview:large","max-video-preview":"max-video-preview:-1"},"canonical":"https:\/\/www.bellunopress.it\/fr\/2009\/09\/02\/pubblicata-la-bozza-del-piano-di-gestione-\u201cdolomiti-feltrine-e-bellunesi\u201d-c\u2019e-tempo-fino-al-15-ottobre-per-presentare-le-osservazioni\/","og_locale":"fr_FR","og_type":"article","og_title":"Pubblicata la bozza del Piano di Gestione \u201cDolomiti Feltrine e Bellunesi\u201d C\u2019\u00e8 tempo fino al 15 ottobre per presentare le osservazioni - Bellunopress - Dolomiti","og_description":"Rete Natura 2000 \u00e8 lo strumento nato per salvaguardare gli ambienti naturali e le specie vegetali e animali presenti nel territorio dell\u2019Unione Europea. La Rete \u00e8 costituita dalle Zone di Protezione Speciale (ZPS), previste dalla Direttiva &#8220;Uccelli&#8221; e dai Siti di Importanza Comunitaria (SIC) previsti dalla direttiva &#8220;Habitat&#8221;. In Italia Rete Natura 2000 \u00e8 costituita [&hellip;]","og_url":"https:\/\/www.bellunopress.it\/fr\/2009\/09\/02\/pubblicata-la-bozza-del-piano-di-gestione-\u201cdolomiti-feltrine-e-bellunesi\u201d-c\u2019e-tempo-fino-al-15-ottobre-per-presentare-le-osservazioni\/","og_site_name":"Bellunopress - Dolomiti","article_publisher":"https:\/\/www.facebook.com\/profile.php?id=100008943462799","article_published_time":"2009-09-02T18:33:14+00:00","og_image":[{"url":"http:\/\/www.bellunopress.it\/wp-content\/uploads\/2012\/07\/logo-bellunopress-250x250-2012.jpg","type":"","width":"","height":""}],"author":"redazione","twitter_card":"summary_large_image","twitter_creator":"@bellunopress","twitter_site":"@bellunopress","twitter_misc":{"\u00c9crit par":"redazione","Dur\u00e9e de lecture estim\u00e9e":"2 minutes"},"schema":{"@context":"https:\/\/schema.org","@graph":[{"@type":"Article","@id":"https:\/\/www.bellunopress.it\/2009\/09\/02\/pubblicata-la-bozza-del-piano-di-gestione-%e2%80%9cdolomiti-feltrine-e-bellunesi%e2%80%9d-c%e2%80%99e-tempo-fino-al-15-ottobre-per-presentare-le-osservazioni\/#article","isPartOf":{"@id":"https:\/\/www.bellunopress.it\/2009\/09\/02\/pubblicata-la-bozza-del-piano-di-gestione-%e2%80%9cdolomiti-feltrine-e-bellunesi%e2%80%9d-c%e2%80%99e-tempo-fino-al-15-ottobre-per-presentare-le-osservazioni\/"},"author":{"name":"redazione","@id":"https:\/\/www.bellunopress.it\/#\/schema\/person\/79bb06722b37ece1c03d3e94beb30d73"},"headline":"Pubblicata la bozza del Piano di Gestione \u201cDolomiti Feltrine e Bellunesi\u201d C\u2019\u00e8 tempo fino al 15 ottobre per presentare le osservazioni","datePublished":"2009-09-02T18:33:14+00:00","mainEntityOfPage":{"@id":"https:\/\/www.bellunopress.it\/2009\/09\/02\/pubblicata-la-bozza-del-piano-di-gestione-%e2%80%9cdolomiti-feltrine-e-bellunesi%e2%80%9d-c%e2%80%99e-tempo-fino-al-15-ottobre-per-presentare-le-osservazioni\/"},"wordCount":451,"publisher":{"@id":"https:\/\/www.bellunopress.it\/#organization"},"keywords":["Dolomiti"],"articleSection":["Meteo, natura, ambiente, animali","Prima Pagina"],"inLanguage":"fr-FR"},{"@type":"WebPage","@id":"https:\/\/www.bellunopress.it\/2009\/09\/02\/pubblicata-la-bozza-del-piano-di-gestione-%e2%80%9cdolomiti-feltrine-e-bellunesi%e2%80%9d-c%e2%80%99e-tempo-fino-al-15-ottobre-per-presentare-le-osservazioni\/","url":"https:\/\/www.bellunopress.it\/2009\/09\/02\/pubblicata-la-bozza-del-piano-di-gestione-%e2%80%9cdolomiti-feltrine-e-bellunesi%e2%80%9d-c%e2%80%99e-tempo-fino-al-15-ottobre-per-presentare-le-osservazioni\/","name":"Pubblicata la bozza del Piano di Gestione \u201cDolomiti Feltrine e Bellunesi\u201d C\u2019\u00e8 tempo fino al 15 ottobre per presentare le osservazioni - Bellunopress - Dolomiti","isPartOf":{"@id":"https:\/\/www.bellunopress.it\/#website"},"datePublished":"2009-09-02T18:33:14+00:00","breadcrumb":{"@id":"https:\/\/www.bellunopress.it\/2009\/09\/02\/pubblicata-la-bozza-del-piano-di-gestione-%e2%80%9cdolomiti-feltrine-e-bellunesi%e2%80%9d-c%e2%80%99e-tempo-fino-al-15-ottobre-per-presentare-le-osservazioni\/#breadcrumb"},"inLanguage":"fr-FR","potentialAction":[{"@type":"ReadAction","target":["https:\/\/www.bellunopress.it\/2009\/09\/02\/pubblicata-la-bozza-del-piano-di-gestione-%e2%80%9cdolomiti-feltrine-e-bellunesi%e2%80%9d-c%e2%80%99e-tempo-fino-al-15-ottobre-per-presentare-le-osservazioni\/"]}]},{"@type":"BreadcrumbList","@id":"https:\/\/www.bellunopress.it\/2009\/09\/02\/pubblicata-la-bozza-del-piano-di-gestione-%e2%80%9cdolomiti-feltrine-e-bellunesi%e2%80%9d-c%e2%80%99e-tempo-fino-al-15-ottobre-per-presentare-le-osservazioni\/#breadcrumb","itemListElement":[{"@type":"ListItem","position":1,"name":"Home","item":"https:\/\/www.bellunopress.it\/"},{"@type":"ListItem","position":2,"name":"Pubblicata la bozza del Piano di Gestione \u201cDolomiti Feltrine e Bellunesi\u201d C\u2019\u00e8 tempo fino al 15 ottobre per presentare le osservazioni"}]},{"@type":"WebSite","@id":"https:\/\/www.bellunopress.it\/#website","url":"https:\/\/www.bellunopress.it\/","name":"Bellunopress - Dolomiti","description":"e-mail: redazione@bellunopress.it","publisher":{"@id":"https:\/\/www.bellunopress.it\/#organization"},"potentialAction":[{"@type":"SearchAction","target":{"@type":"EntryPoint","urlTemplate":"https:\/\/www.bellunopress.it\/?s={search_term_string}"},"query-input":{"@type":"PropertyValueSpecification","valueRequired":true,"valueName":"search_term_string"}}],"inLanguage":"fr-FR"},{"@type":"Organization","@id":"https:\/\/www.bellunopress.it\/#organization","name":"Bellunopress","url":"https:\/\/www.bellunopress.it\/","logo":{"@type":"ImageObject","inLanguage":"fr-FR","@id":"https:\/\/www.bellunopress.it\/#\/schema\/logo\/image\/","url":"https:\/\/www.bellunopress.it\/wp-content\/uploads\/2011\/05\/cropped-logo-bellunopress-.jpg","contentUrl":"https:\/\/www.bellunopress.it\/wp-content\/uploads\/2011\/05\/cropped-logo-bellunopress-.jpg","width":512,"height":512,"caption":"Bellunopress"},"image":{"@id":"https:\/\/www.bellunopress.it\/#\/schema\/logo\/image\/"},"sameAs":["https:\/\/www.facebook.com\/profile.php?id=100008943462799","https:\/\/x.com\/bellunopress","https:\/\/www.linkedin.com\/hp\/?dnr=JBzUWaJfMUw8vbXJJ2tVW5-I3jZKvC4wsoxE&amp;amp;amp;amp;amp;amp;trk=nav_responsive_tab_home","https:\/\/www.youtube.com\/channel\/UCxL0wu1uN0_3_7hGG0306cw"]},{"@type":"Person","@id":"https:\/\/www.bellunopress.it\/#\/schema\/person\/79bb06722b37ece1c03d3e94beb30d73","name":"r\u00e9daction","image":{"@type":"ImageObject","inLanguage":"fr-FR","@id":"https:\/\/secure.gravatar.com\/avatar\/37d968a2e67a6fd04c169c4bdef102d0bc5d31b2546345219e348575eb80e9a0?s=96&d=mm&r=g","url":"https:\/\/secure.gravatar.com\/avatar\/37d968a2e67a6fd04c169c4bdef102d0bc5d31b2546345219e348575eb80e9a0?s=96&d=mm&r=g","contentUrl":"https:\/\/secure.gravatar.com\/avatar\/37d968a2e67a6fd04c169c4bdef102d0bc5d31b2546345219e348575eb80e9a0?s=96&d=mm&r=g","caption":"redazione"},"sameAs":["http:\/\/www.bellunopress.it","https:\/\/x.com\/bellunopress"],"url":"https:\/\/www.bellunopress.it\/fr\/author\/redazione\/"}]}},"_links":{"self":[{"href":"https:\/\/www.bellunopress.it\/fr\/wp-json\/wp\/v2\/posts\/7643","targetHints":{"allow":["GET"]}}],"collection":[{"href":"https:\/\/www.bellunopress.it\/fr\/wp-json\/wp\/v2\/posts"}],"about":[{"href":"https:\/\/www.bellunopress.it\/fr\/wp-json\/wp\/v2\/types\/post"}],"author":[{"embeddable":true,"href":"https:\/\/www.bellunopress.it\/fr\/wp-json\/wp\/v2\/users\/2"}],"replies":[{"embeddable":true,"href":"https:\/\/www.bellunopress.it\/fr\/wp-json\/wp\/v2\/comments?post=7643"}],"version-history":[{"count":1,"href":"https:\/\/www.bellunopress.it\/fr\/wp-json\/wp\/v2\/posts\/7643\/revisions"}],"predecessor-version":[{"id":7644,"href":"https:\/\/www.bellunopress.it\/fr\/wp-json\/wp\/v2\/posts\/7643\/revisions\/7644"}],"wp:attachment":[{"href":"https:\/\/www.bellunopress.it\/fr\/wp-json\/wp\/v2\/media?parent=7643"}],"wp:term":[{"taxonomy":"category","embeddable":true,"href":"https:\/\/www.bellunopress.it\/fr\/wp-json\/wp\/v2\/categories?post=7643"},{"taxonomy":"post_tag","embeddable":true,"href":"https:\/\/www.bellunopress.it\/fr\/wp-json\/wp\/v2\/tags?post=7643"}],"curies":[{"name":"wp","href":"https:\/\/api.w.org\/{rel}","templated":true}]}}