{"id":7622,"date":"2009-09-02T18:08:45","date_gmt":"2009-09-02T17:08:45","guid":{"rendered":"http:\/\/www.bellunopress.it\/?p=7622"},"modified":"2009-09-02T18:08:45","modified_gmt":"2009-09-02T17:08:45","slug":"assegnato-alla-ulss-n1-di-belluno-il-progetto-interreg-iv-italia-austria-disagio-giovanile-e-problemi-alcol-correlati","status":"publish","type":"post","link":"https:\/\/www.bellunopress.it\/fr\/2009\/09\/02\/assegnato-alla-ulss-n1-di-belluno-il-progetto-interreg-iv-italia-austria-disagio-giovanile-e-problemi-alcol-correlati\/","title":{"rendered":"Assegnato alla Ulss n.1 di Belluno il progetto Interreg IV Italia-Austria &#8220;Disagio giovanile e problemi alcol correlati&#8221;"},"content":{"rendered":"<figure id=\"attachment_7623\" aria-describedby=\"caption-attachment-7623\" style=\"width: 133px\" class=\"wp-caption alignleft\"><a href=\"http:\/\/www.bellunopress.it\/wp-content\/uploads\/2009\/09\/stefano-valdegamberi-assessore.jpg\"><img loading=\"lazy\" decoding=\"async\" class=\"size-medium wp-image-7623\" title=\"stefano-valdegamberi-assessore\" src=\"http:\/\/www.bellunopress.it\/wp-content\/uploads\/2009\/09\/stefano-valdegamberi-assessore.jpg\" alt=\"Stefano Valdegamberi\" width=\"133\" height=\"139\" \/><\/a><figcaption id=\"caption-attachment-7623\" class=\"wp-caption-text\">Stefano Valdegamberi<\/figcaption><\/figure>\n<p>La Giunta regionale del Veneto, su proposta dell\u2019Assessore regionale alle politiche sociali Stefano Valdegamberi, ha affidato all\u2019Azienda Ulss n.1 di Belluno la gestione e l\u2019attuazione del progetto\u201cDisagio giovanile e problemi alcolcorrelati: conoscenza, innovazione e sperimentazioni\u201d, approvato a livello europeo ai sensi del Programma operativo transfrontaliero \u201cInterreg IV Italia \u2013 Austria\u201d per il periodo 2007-2013. Ne d\u00e0 notizia lo stesso Valdegamberi il quale spiega che il progetto vede come soggetto partner per il Veneto, la Regione Friuli e la Regione austriaca della Carinzia. \u201cE\u2019 importante che la collaborazione internazionale si sviluppi su questo tema &#8211; afferma l\u2019Assessore &#8211; perch\u00e9 solo la realizzazione di buone prassi comuni pu\u00f2 combattere l\u2019abuso di sostanze alcoliche che sta mettendo a rischio molti giovani e anche giovanissimi\u201d.\u00a0<\/p>\n<figure id=\"attachment_7624\" aria-describedby=\"caption-attachment-7624\" style=\"width: 241px\" class=\"wp-caption alignleft\"><a href=\"http:\/\/www.bellunopress.it\/wp-content\/uploads\/2009\/09\/ospedale-san-martino-1.jpg\"><img loading=\"lazy\" decoding=\"async\" class=\"size-medium wp-image-7624\" title=\"ospedale-san-martino-1\" src=\"http:\/\/www.bellunopress.it\/wp-content\/uploads\/2009\/09\/ospedale-san-martino-1.jpg\" alt=\"Ospedale San Martino Belluno\" width=\"241\" height=\"181\" \/><\/a><figcaption id=\"caption-attachment-7624\" class=\"wp-caption-text\">Ospedale San Martino Belluno<\/figcaption><\/figure>\n<p>\u00a0La proposta progettuale organizza il piano di attivit\u00e0 in \u2018workpackage\u2019, che esprimono nel dettaglio le attivit\u00e0 necessarie alla realizzazione di ciascun obiettivo specifico e cio\u00e8 il policy maker, le reti locali dei servizi e degli operatori pubblici e privati del territorio, le azioni pilota rivolte direttamente ai giovani in alcune realt\u00e0 specifiche. Il progetto ha avuto avvio nel mese di ottobre 2008 e si concluder\u00e0 il 30 settembre 2010, salvo proroga. Le risorse finanziarie assegnate all\u2019Ulss n.1 sono di complessivi \u20ac 280.415. La Regione del Veneto \u2013 Direzione Regionale per i Servizi Sociali \u2013 coordiner\u00e0 le azioni di promozione e divulgazione delle conoscenze acquisite nell\u2019ambito del progetto, promuovendone la loro visibilit\u00e0 e trasferibilit\u00e0 a livello transfrontaliero. \u201cIn considerazione della specifica competenza e professionalit\u00e0 acquisite, la deliberazione regionale \u2013 spiega Valdegamberi \u2013 ha individuato nell\u2019Azienda U.L.S.S. n. 1 di Belluno, per il tramite del Progetto \u201cUnit\u00e0 Mobile\u201d dell\u2019Unit\u00e0 Operativa Ser.T. di Belluno, il soggetto cui affidare la gestione operativa delle iniziative indicate nella proposta progettuale e nel relativo piano di finanziamento\u201d.<\/p>","protected":false},"excerpt":{"rendered":"<p>La Giunta regionale del Veneto, su proposta dell\u2019Assessore regionale alle politiche sociali Stefano Valdegamberi, ha affidato all\u2019Azienda Ulss n.1 di Belluno la gestione e l\u2019attuazione del progetto\u201cDisagio giovanile e problemi alcolcorrelati: conoscenza, innovazione e sperimentazioni\u201d, approvato a livello europeo ai sensi del Programma operativo transfrontaliero \u201cInterreg IV Italia \u2013 Austria\u201d per il periodo 2007-2013. Ne [&hellip;]<\/p>\n","protected":false},"author":2,"featured_media":0,"comment_status":"closed","ping_status":"open","sticky":false,"template":"","format":"standard","meta":{"footnotes":""},"categories":[5,17],"tags":[3050],"class_list":["post-7622","post","type-post","status-publish","format-standard","category-cronaca","category-sanita","tag-sanita"],"yoast_head":"<!-- This site is optimized with the Yoast SEO plugin v28.4 - https:\/\/yoast.com\/product\/yoast-seo-wordpress\/ -->\n<title>Assegnato alla Ulss n.1 di Belluno il progetto Interreg IV Italia-Austria &quot;Disagio giovanile e problemi alcol correlati&quot; - Bellunopress - Dolomiti<\/title>\n<meta name=\"robots\" content=\"index, follow, max-snippet:-1, max-image-preview:large, max-video-preview:-1\" \/>\n<link rel=\"canonical\" href=\"https:\/\/www.bellunopress.it\/fr\/2009\/09\/02\/assegnato-alla-ulss-n1-di-belluno-il-progetto-interreg-iv-italia-austria-disagio-giovanile-e-problemi-alcol-correlati\/\" \/>\n<meta property=\"og:locale\" content=\"fr_FR\" \/>\n<meta property=\"og:type\" content=\"article\" \/>\n<meta property=\"og:title\" content=\"Assegnato alla Ulss n.1 di Belluno il progetto Interreg IV Italia-Austria &quot;Disagio giovanile e problemi alcol correlati&quot; - Bellunopress - Dolomiti\" \/>\n<meta property=\"og:description\" content=\"La Giunta regionale del Veneto, su proposta dell\u2019Assessore regionale alle politiche sociali Stefano Valdegamberi, ha affidato all\u2019Azienda Ulss n.1 di Belluno la gestione e l\u2019attuazione del progetto\u201cDisagio giovanile e problemi alcolcorrelati: conoscenza, innovazione e sperimentazioni\u201d, approvato a livello europeo ai sensi del Programma operativo transfrontaliero \u201cInterreg IV Italia \u2013 Austria\u201d per il periodo 2007-2013. Ne [&hellip;]\" \/>\n<meta property=\"og:url\" content=\"https:\/\/www.bellunopress.it\/fr\/2009\/09\/02\/assegnato-alla-ulss-n1-di-belluno-il-progetto-interreg-iv-italia-austria-disagio-giovanile-e-problemi-alcol-correlati\/\" \/>\n<meta property=\"og:site_name\" content=\"Bellunopress - Dolomiti\" \/>\n<meta property=\"article:publisher\" content=\"https:\/\/www.facebook.com\/profile.php?id=100008943462799\" \/>\n<meta property=\"article:published_time\" content=\"2009-09-02T17:08:45+00:00\" \/>\n<meta property=\"og:image\" content=\"http:\/\/www.bellunopress.it\/wp-content\/uploads\/2009\/09\/stefano-valdegamberi-assessore.jpg\" \/>\n<meta name=\"author\" content=\"redazione\" \/>\n<meta name=\"twitter:card\" content=\"summary_large_image\" \/>\n<meta name=\"twitter:creator\" content=\"@bellunopress\" \/>\n<meta name=\"twitter:site\" content=\"@bellunopress\" \/>\n<meta name=\"twitter:label1\" content=\"\u00c9crit par\" \/>\n\t<meta name=\"twitter:data1\" content=\"redazione\" \/>\n\t<meta name=\"twitter:label2\" content=\"Dur\u00e9e de lecture estim\u00e9e\" \/>\n\t<meta name=\"twitter:data2\" content=\"2 minutes\" \/>\n<script type=\"application\/ld+json\" class=\"yoast-schema-graph\">{\"@context\":\"https:\\\/\\\/schema.org\",\"@graph\":[{\"@type\":\"Article\",\"@id\":\"https:\\\/\\\/www.bellunopress.it\\\/2009\\\/09\\\/02\\\/assegnato-alla-ulss-n1-di-belluno-il-progetto-interreg-iv-italia-austria-disagio-giovanile-e-problemi-alcol-correlati\\\/#article\",\"isPartOf\":{\"@id\":\"https:\\\/\\\/www.bellunopress.it\\\/2009\\\/09\\\/02\\\/assegnato-alla-ulss-n1-di-belluno-il-progetto-interreg-iv-italia-austria-disagio-giovanile-e-problemi-alcol-correlati\\\/\"},\"author\":{\"name\":\"redazione\",\"@id\":\"https:\\\/\\\/www.bellunopress.it\\\/#\\\/schema\\\/person\\\/79bb06722b37ece1c03d3e94beb30d73\"},\"headline\":\"Assegnato alla Ulss n.1 di Belluno il progetto Interreg IV Italia-Austria &#8220;Disagio giovanile e problemi alcol correlati&#8221;\",\"datePublished\":\"2009-09-02T17:08:45+00:00\",\"mainEntityOfPage\":{\"@id\":\"https:\\\/\\\/www.bellunopress.it\\\/2009\\\/09\\\/02\\\/assegnato-alla-ulss-n1-di-belluno-il-progetto-interreg-iv-italia-austria-disagio-giovanile-e-problemi-alcol-correlati\\\/\"},\"wordCount\":333,\"publisher\":{\"@id\":\"https:\\\/\\\/www.bellunopress.it\\\/#organization\"},\"image\":{\"@id\":\"https:\\\/\\\/www.bellunopress.it\\\/2009\\\/09\\\/02\\\/assegnato-alla-ulss-n1-di-belluno-il-progetto-interreg-iv-italia-austria-disagio-giovanile-e-problemi-alcol-correlati\\\/#primaryimage\"},\"thumbnailUrl\":\"http:\\\/\\\/www.bellunopress.it\\\/wp-content\\\/uploads\\\/2009\\\/09\\\/stefano-valdegamberi-assessore.jpg\",\"keywords\":[\"Sanit\u00e0\"],\"articleSection\":[\"Cronaca\\\/Politica\",\"Sanit\u00e0 Medicina\"],\"inLanguage\":\"fr-FR\"},{\"@type\":\"WebPage\",\"@id\":\"https:\\\/\\\/www.bellunopress.it\\\/2009\\\/09\\\/02\\\/assegnato-alla-ulss-n1-di-belluno-il-progetto-interreg-iv-italia-austria-disagio-giovanile-e-problemi-alcol-correlati\\\/\",\"url\":\"https:\\\/\\\/www.bellunopress.it\\\/2009\\\/09\\\/02\\\/assegnato-alla-ulss-n1-di-belluno-il-progetto-interreg-iv-italia-austria-disagio-giovanile-e-problemi-alcol-correlati\\\/\",\"name\":\"Assegnato alla Ulss n.1 di Belluno il progetto Interreg IV Italia-Austria \\\"Disagio giovanile e problemi alcol correlati\\\" - Bellunopress - Dolomiti\",\"isPartOf\":{\"@id\":\"https:\\\/\\\/www.bellunopress.it\\\/#website\"},\"primaryImageOfPage\":{\"@id\":\"https:\\\/\\\/www.bellunopress.it\\\/2009\\\/09\\\/02\\\/assegnato-alla-ulss-n1-di-belluno-il-progetto-interreg-iv-italia-austria-disagio-giovanile-e-problemi-alcol-correlati\\\/#primaryimage\"},\"image\":{\"@id\":\"https:\\\/\\\/www.bellunopress.it\\\/2009\\\/09\\\/02\\\/assegnato-alla-ulss-n1-di-belluno-il-progetto-interreg-iv-italia-austria-disagio-giovanile-e-problemi-alcol-correlati\\\/#primaryimage\"},\"thumbnailUrl\":\"http:\\\/\\\/www.bellunopress.it\\\/wp-content\\\/uploads\\\/2009\\\/09\\\/stefano-valdegamberi-assessore.jpg\",\"datePublished\":\"2009-09-02T17:08:45+00:00\",\"breadcrumb\":{\"@id\":\"https:\\\/\\\/www.bellunopress.it\\\/2009\\\/09\\\/02\\\/assegnato-alla-ulss-n1-di-belluno-il-progetto-interreg-iv-italia-austria-disagio-giovanile-e-problemi-alcol-correlati\\\/#breadcrumb\"},\"inLanguage\":\"fr-FR\",\"potentialAction\":[{\"@type\":\"ReadAction\",\"target\":[\"https:\\\/\\\/www.bellunopress.it\\\/2009\\\/09\\\/02\\\/assegnato-alla-ulss-n1-di-belluno-il-progetto-interreg-iv-italia-austria-disagio-giovanile-e-problemi-alcol-correlati\\\/\"]}]},{\"@type\":\"ImageObject\",\"inLanguage\":\"fr-FR\",\"@id\":\"https:\\\/\\\/www.bellunopress.it\\\/2009\\\/09\\\/02\\\/assegnato-alla-ulss-n1-di-belluno-il-progetto-interreg-iv-italia-austria-disagio-giovanile-e-problemi-alcol-correlati\\\/#primaryimage\",\"url\":\"http:\\\/\\\/www.bellunopress.it\\\/wp-content\\\/uploads\\\/2009\\\/09\\\/stefano-valdegamberi-assessore.jpg\",\"contentUrl\":\"http:\\\/\\\/www.bellunopress.it\\\/wp-content\\\/uploads\\\/2009\\\/09\\\/stefano-valdegamberi-assessore.jpg\"},{\"@type\":\"BreadcrumbList\",\"@id\":\"https:\\\/\\\/www.bellunopress.it\\\/2009\\\/09\\\/02\\\/assegnato-alla-ulss-n1-di-belluno-il-progetto-interreg-iv-italia-austria-disagio-giovanile-e-problemi-alcol-correlati\\\/#breadcrumb\",\"itemListElement\":[{\"@type\":\"ListItem\",\"position\":1,\"name\":\"Home\",\"item\":\"https:\\\/\\\/www.bellunopress.it\\\/\"},{\"@type\":\"ListItem\",\"position\":2,\"name\":\"Assegnato alla Ulss n.1 di Belluno il progetto Interreg IV Italia-Austria &#8220;Disagio giovanile e problemi alcol correlati&#8221;\"}]},{\"@type\":\"WebSite\",\"@id\":\"https:\\\/\\\/www.bellunopress.it\\\/#website\",\"url\":\"https:\\\/\\\/www.bellunopress.it\\\/\",\"name\":\"Bellunopress - Dolomiti\",\"description\":\"e-mail: redazione@bellunopress.it\",\"publisher\":{\"@id\":\"https:\\\/\\\/www.bellunopress.it\\\/#organization\"},\"potentialAction\":[{\"@type\":\"SearchAction\",\"target\":{\"@type\":\"EntryPoint\",\"urlTemplate\":\"https:\\\/\\\/www.bellunopress.it\\\/?s={search_term_string}\"},\"query-input\":{\"@type\":\"PropertyValueSpecification\",\"valueRequired\":true,\"valueName\":\"search_term_string\"}}],\"inLanguage\":\"fr-FR\"},{\"@type\":\"Organization\",\"@id\":\"https:\\\/\\\/www.bellunopress.it\\\/#organization\",\"name\":\"Bellunopress\",\"url\":\"https:\\\/\\\/www.bellunopress.it\\\/\",\"logo\":{\"@type\":\"ImageObject\",\"inLanguage\":\"fr-FR\",\"@id\":\"https:\\\/\\\/www.bellunopress.it\\\/#\\\/schema\\\/logo\\\/image\\\/\",\"url\":\"https:\\\/\\\/www.bellunopress.it\\\/wp-content\\\/uploads\\\/2011\\\/05\\\/cropped-logo-bellunopress-.jpg\",\"contentUrl\":\"https:\\\/\\\/www.bellunopress.it\\\/wp-content\\\/uploads\\\/2011\\\/05\\\/cropped-logo-bellunopress-.jpg\",\"width\":512,\"height\":512,\"caption\":\"Bellunopress\"},\"image\":{\"@id\":\"https:\\\/\\\/www.bellunopress.it\\\/#\\\/schema\\\/logo\\\/image\\\/\"},\"sameAs\":[\"https:\\\/\\\/www.facebook.com\\\/profile.php?id=100008943462799\",\"https:\\\/\\\/x.com\\\/bellunopress\",\"https:\\\/\\\/www.linkedin.com\\\/hp\\\/?dnr=JBzUWaJfMUw8vbXJJ2tVW5-I3jZKvC4wsoxE&amp;amp;amp;amp;amp;amp;trk=nav_responsive_tab_home\",\"https:\\\/\\\/www.youtube.com\\\/channel\\\/UCxL0wu1uN0_3_7hGG0306cw\"]},{\"@type\":\"Person\",\"@id\":\"https:\\\/\\\/www.bellunopress.it\\\/#\\\/schema\\\/person\\\/79bb06722b37ece1c03d3e94beb30d73\",\"name\":\"redazione\",\"image\":{\"@type\":\"ImageObject\",\"inLanguage\":\"fr-FR\",\"@id\":\"https:\\\/\\\/secure.gravatar.com\\\/avatar\\\/37d968a2e67a6fd04c169c4bdef102d0bc5d31b2546345219e348575eb80e9a0?s=96&d=mm&r=g\",\"url\":\"https:\\\/\\\/secure.gravatar.com\\\/avatar\\\/37d968a2e67a6fd04c169c4bdef102d0bc5d31b2546345219e348575eb80e9a0?s=96&d=mm&r=g\",\"contentUrl\":\"https:\\\/\\\/secure.gravatar.com\\\/avatar\\\/37d968a2e67a6fd04c169c4bdef102d0bc5d31b2546345219e348575eb80e9a0?s=96&d=mm&r=g\",\"caption\":\"redazione\"},\"sameAs\":[\"http:\\\/\\\/www.bellunopress.it\",\"https:\\\/\\\/x.com\\\/bellunopress\"],\"url\":\"https:\\\/\\\/www.bellunopress.it\\\/fr\\\/author\\\/redazione\\\/\"}]}<\/script>\n<!-- \/ Yoast SEO plugin. -->","yoast_head_json":{"title":"Assegnato alla Ulss n.1 di Belluno il progetto Interreg IV Italia-Austria \"Disagio giovanile e problemi alcol correlati\" - Bellunopress - Dolomiti","robots":{"index":"index","follow":"follow","max-snippet":"max-snippet:-1","max-image-preview":"max-image-preview:large","max-video-preview":"max-video-preview:-1"},"canonical":"https:\/\/www.bellunopress.it\/fr\/2009\/09\/02\/assegnato-alla-ulss-n1-di-belluno-il-progetto-interreg-iv-italia-austria-disagio-giovanile-e-problemi-alcol-correlati\/","og_locale":"fr_FR","og_type":"article","og_title":"Assegnato alla Ulss n.1 di Belluno il progetto Interreg IV Italia-Austria \"Disagio giovanile e problemi alcol correlati\" - Bellunopress - Dolomiti","og_description":"La Giunta regionale del Veneto, su proposta dell\u2019Assessore regionale alle politiche sociali Stefano Valdegamberi, ha affidato all\u2019Azienda Ulss n.1 di Belluno la gestione e l\u2019attuazione del progetto\u201cDisagio giovanile e problemi alcolcorrelati: conoscenza, innovazione e sperimentazioni\u201d, approvato a livello europeo ai sensi del Programma operativo transfrontaliero \u201cInterreg IV Italia \u2013 Austria\u201d per il periodo 2007-2013. Ne [&hellip;]","og_url":"https:\/\/www.bellunopress.it\/fr\/2009\/09\/02\/assegnato-alla-ulss-n1-di-belluno-il-progetto-interreg-iv-italia-austria-disagio-giovanile-e-problemi-alcol-correlati\/","og_site_name":"Bellunopress - Dolomiti","article_publisher":"https:\/\/www.facebook.com\/profile.php?id=100008943462799","article_published_time":"2009-09-02T17:08:45+00:00","og_image":[{"url":"http:\/\/www.bellunopress.it\/wp-content\/uploads\/2009\/09\/stefano-valdegamberi-assessore.jpg","type":"","width":"","height":""}],"author":"redazione","twitter_card":"summary_large_image","twitter_creator":"@bellunopress","twitter_site":"@bellunopress","twitter_misc":{"\u00c9crit par":"redazione","Dur\u00e9e de lecture estim\u00e9e":"2 minutes"},"schema":{"@context":"https:\/\/schema.org","@graph":[{"@type":"Article","@id":"https:\/\/www.bellunopress.it\/2009\/09\/02\/assegnato-alla-ulss-n1-di-belluno-il-progetto-interreg-iv-italia-austria-disagio-giovanile-e-problemi-alcol-correlati\/#article","isPartOf":{"@id":"https:\/\/www.bellunopress.it\/2009\/09\/02\/assegnato-alla-ulss-n1-di-belluno-il-progetto-interreg-iv-italia-austria-disagio-giovanile-e-problemi-alcol-correlati\/"},"author":{"name":"redazione","@id":"https:\/\/www.bellunopress.it\/#\/schema\/person\/79bb06722b37ece1c03d3e94beb30d73"},"headline":"Assegnato alla Ulss n.1 di Belluno il progetto Interreg IV Italia-Austria &#8220;Disagio giovanile e problemi alcol correlati&#8221;","datePublished":"2009-09-02T17:08:45+00:00","mainEntityOfPage":{"@id":"https:\/\/www.bellunopress.it\/2009\/09\/02\/assegnato-alla-ulss-n1-di-belluno-il-progetto-interreg-iv-italia-austria-disagio-giovanile-e-problemi-alcol-correlati\/"},"wordCount":333,"publisher":{"@id":"https:\/\/www.bellunopress.it\/#organization"},"image":{"@id":"https:\/\/www.bellunopress.it\/2009\/09\/02\/assegnato-alla-ulss-n1-di-belluno-il-progetto-interreg-iv-italia-austria-disagio-giovanile-e-problemi-alcol-correlati\/#primaryimage"},"thumbnailUrl":"http:\/\/www.bellunopress.it\/wp-content\/uploads\/2009\/09\/stefano-valdegamberi-assessore.jpg","keywords":["Sanit\u00e0"],"articleSection":["Cronaca\/Politica","Sanit\u00e0 Medicina"],"inLanguage":"fr-FR"},{"@type":"WebPage","@id":"https:\/\/www.bellunopress.it\/2009\/09\/02\/assegnato-alla-ulss-n1-di-belluno-il-progetto-interreg-iv-italia-austria-disagio-giovanile-e-problemi-alcol-correlati\/","url":"https:\/\/www.bellunopress.it\/2009\/09\/02\/assegnato-alla-ulss-n1-di-belluno-il-progetto-interreg-iv-italia-austria-disagio-giovanile-e-problemi-alcol-correlati\/","name":"Assegnato alla Ulss n.1 di Belluno il progetto Interreg IV Italia-Austria \"Disagio giovanile e problemi alcol correlati\" - Bellunopress - Dolomiti","isPartOf":{"@id":"https:\/\/www.bellunopress.it\/#website"},"primaryImageOfPage":{"@id":"https:\/\/www.bellunopress.it\/2009\/09\/02\/assegnato-alla-ulss-n1-di-belluno-il-progetto-interreg-iv-italia-austria-disagio-giovanile-e-problemi-alcol-correlati\/#primaryimage"},"image":{"@id":"https:\/\/www.bellunopress.it\/2009\/09\/02\/assegnato-alla-ulss-n1-di-belluno-il-progetto-interreg-iv-italia-austria-disagio-giovanile-e-problemi-alcol-correlati\/#primaryimage"},"thumbnailUrl":"http:\/\/www.bellunopress.it\/wp-content\/uploads\/2009\/09\/stefano-valdegamberi-assessore.jpg","datePublished":"2009-09-02T17:08:45+00:00","breadcrumb":{"@id":"https:\/\/www.bellunopress.it\/2009\/09\/02\/assegnato-alla-ulss-n1-di-belluno-il-progetto-interreg-iv-italia-austria-disagio-giovanile-e-problemi-alcol-correlati\/#breadcrumb"},"inLanguage":"fr-FR","potentialAction":[{"@type":"ReadAction","target":["https:\/\/www.bellunopress.it\/2009\/09\/02\/assegnato-alla-ulss-n1-di-belluno-il-progetto-interreg-iv-italia-austria-disagio-giovanile-e-problemi-alcol-correlati\/"]}]},{"@type":"ImageObject","inLanguage":"fr-FR","@id":"https:\/\/www.bellunopress.it\/2009\/09\/02\/assegnato-alla-ulss-n1-di-belluno-il-progetto-interreg-iv-italia-austria-disagio-giovanile-e-problemi-alcol-correlati\/#primaryimage","url":"http:\/\/www.bellunopress.it\/wp-content\/uploads\/2009\/09\/stefano-valdegamberi-assessore.jpg","contentUrl":"http:\/\/www.bellunopress.it\/wp-content\/uploads\/2009\/09\/stefano-valdegamberi-assessore.jpg"},{"@type":"BreadcrumbList","@id":"https:\/\/www.bellunopress.it\/2009\/09\/02\/assegnato-alla-ulss-n1-di-belluno-il-progetto-interreg-iv-italia-austria-disagio-giovanile-e-problemi-alcol-correlati\/#breadcrumb","itemListElement":[{"@type":"ListItem","position":1,"name":"Home","item":"https:\/\/www.bellunopress.it\/"},{"@type":"ListItem","position":2,"name":"Assegnato alla Ulss n.1 di Belluno il progetto Interreg IV Italia-Austria &#8220;Disagio giovanile e problemi alcol correlati&#8221;"}]},{"@type":"WebSite","@id":"https:\/\/www.bellunopress.it\/#website","url":"https:\/\/www.bellunopress.it\/","name":"Bellunopress - Dolomiti","description":"e-mail: redazione@bellunopress.it","publisher":{"@id":"https:\/\/www.bellunopress.it\/#organization"},"potentialAction":[{"@type":"SearchAction","target":{"@type":"EntryPoint","urlTemplate":"https:\/\/www.bellunopress.it\/?s={search_term_string}"},"query-input":{"@type":"PropertyValueSpecification","valueRequired":true,"valueName":"search_term_string"}}],"inLanguage":"fr-FR"},{"@type":"Organization","@id":"https:\/\/www.bellunopress.it\/#organization","name":"Bellunopress","url":"https:\/\/www.bellunopress.it\/","logo":{"@type":"ImageObject","inLanguage":"fr-FR","@id":"https:\/\/www.bellunopress.it\/#\/schema\/logo\/image\/","url":"https:\/\/www.bellunopress.it\/wp-content\/uploads\/2011\/05\/cropped-logo-bellunopress-.jpg","contentUrl":"https:\/\/www.bellunopress.it\/wp-content\/uploads\/2011\/05\/cropped-logo-bellunopress-.jpg","width":512,"height":512,"caption":"Bellunopress"},"image":{"@id":"https:\/\/www.bellunopress.it\/#\/schema\/logo\/image\/"},"sameAs":["https:\/\/www.facebook.com\/profile.php?id=100008943462799","https:\/\/x.com\/bellunopress","https:\/\/www.linkedin.com\/hp\/?dnr=JBzUWaJfMUw8vbXJJ2tVW5-I3jZKvC4wsoxE&amp;amp;amp;amp;amp;amp;trk=nav_responsive_tab_home","https:\/\/www.youtube.com\/channel\/UCxL0wu1uN0_3_7hGG0306cw"]},{"@type":"Person","@id":"https:\/\/www.bellunopress.it\/#\/schema\/person\/79bb06722b37ece1c03d3e94beb30d73","name":"r\u00e9daction","image":{"@type":"ImageObject","inLanguage":"fr-FR","@id":"https:\/\/secure.gravatar.com\/avatar\/37d968a2e67a6fd04c169c4bdef102d0bc5d31b2546345219e348575eb80e9a0?s=96&d=mm&r=g","url":"https:\/\/secure.gravatar.com\/avatar\/37d968a2e67a6fd04c169c4bdef102d0bc5d31b2546345219e348575eb80e9a0?s=96&d=mm&r=g","contentUrl":"https:\/\/secure.gravatar.com\/avatar\/37d968a2e67a6fd04c169c4bdef102d0bc5d31b2546345219e348575eb80e9a0?s=96&d=mm&r=g","caption":"redazione"},"sameAs":["http:\/\/www.bellunopress.it","https:\/\/x.com\/bellunopress"],"url":"https:\/\/www.bellunopress.it\/fr\/author\/redazione\/"}]}},"_links":{"self":[{"href":"https:\/\/www.bellunopress.it\/fr\/wp-json\/wp\/v2\/posts\/7622","targetHints":{"allow":["GET"]}}],"collection":[{"href":"https:\/\/www.bellunopress.it\/fr\/wp-json\/wp\/v2\/posts"}],"about":[{"href":"https:\/\/www.bellunopress.it\/fr\/wp-json\/wp\/v2\/types\/post"}],"author":[{"embeddable":true,"href":"https:\/\/www.bellunopress.it\/fr\/wp-json\/wp\/v2\/users\/2"}],"replies":[{"embeddable":true,"href":"https:\/\/www.bellunopress.it\/fr\/wp-json\/wp\/v2\/comments?post=7622"}],"version-history":[{"count":1,"href":"https:\/\/www.bellunopress.it\/fr\/wp-json\/wp\/v2\/posts\/7622\/revisions"}],"predecessor-version":[{"id":7625,"href":"https:\/\/www.bellunopress.it\/fr\/wp-json\/wp\/v2\/posts\/7622\/revisions\/7625"}],"wp:attachment":[{"href":"https:\/\/www.bellunopress.it\/fr\/wp-json\/wp\/v2\/media?parent=7622"}],"wp:term":[{"taxonomy":"category","embeddable":true,"href":"https:\/\/www.bellunopress.it\/fr\/wp-json\/wp\/v2\/categories?post=7622"},{"taxonomy":"post_tag","embeddable":true,"href":"https:\/\/www.bellunopress.it\/fr\/wp-json\/wp\/v2\/tags?post=7622"}],"curies":[{"name":"wp","href":"https:\/\/api.w.org\/{rel}","templated":true}]}}