{"id":7610,"date":"2009-09-01T19:36:28","date_gmt":"2009-09-01T18:36:28","guid":{"rendered":"http:\/\/www.bellunopress.it\/?p=7610"},"modified":"2009-09-01T20:01:32","modified_gmt":"2009-09-01T19:01:32","slug":"da-lunedi-ce-il-nuovo-prefetto-carlo-boffi","status":"publish","type":"post","link":"https:\/\/www.bellunopress.it\/fr\/2009\/09\/01\/da-lunedi-ce-il-nuovo-prefetto-carlo-boffi\/","title":{"rendered":"Da luned\u00ec c&#8217;\u00e8 il nuovo prefetto Carlo Boffi"},"content":{"rendered":"<figure id=\"attachment_7611\" aria-describedby=\"caption-attachment-7611\" style=\"width: 216px\" class=\"wp-caption alignleft\"><a href=\"http:\/\/www.bellunopress.it\/wp-content\/uploads\/2009\/09\/carlo-boffi-prefetto.jpg\"><img loading=\"lazy\" decoding=\"async\" class=\"size-medium wp-image-7611\" title=\"carlo-boffi-prefetto\" src=\"http:\/\/www.bellunopress.it\/wp-content\/uploads\/2009\/09\/carlo-boffi-prefetto.jpg\" alt=\"il prefetto Carlo Boffi\" width=\"216\" height=\"270\" \/><\/a><figcaption id=\"caption-attachment-7611\" class=\"wp-caption-text\">il prefetto Carlo Boffi<\/figcaption><\/figure>\n<p>Carlo Boffi \u00e8 il nuovo prefetto di Belluno. L&#8217;insediamento ufficiale in Prefettura \u00e8 avvenuto luned\u00ec e oggi (marted\u00ec 1 settembre) si \u00e8 tenuta la conferenza di presentazione alla stampa. Il primo atto ufficiale del dottor Boffi sar\u00e0 quello di visitare il cimitero delle Vittime del Vajont.\u00a0Boffi, nel ricordare il recente riconoscimento dell&#8217;Unesco alle Dolomiti patrimonio dell&#8217;Umanit\u00e0, ha sottolineato come sia difficile migliorare la qualit\u00e0 della vita nel Bellunese, un luogo dove lo standard \u00e8 gi\u00e0 elevato. &#8220;La citt\u00e0 e il panorama sono splendidi &#8211; ha detto &#8211; non conoscevo la citt\u00e0 di Belluno, pur avendo frequentato questa Provincia&#8221;.\u00a0 Uno dei nonni, infatti, era di Verona\u00a0 e con i genitori, amanti della montagna, ha trascorso molte giornate ad Auronzo di Cadore&#8221;.\u00a0 Carlo Boffi ha iniziato la sua carriera\u00a0 nella Divisione della Protezione civile, poi ha prestato servizio per il Dipartimento della pubblica sicurezza, autore anche di un manuale di Polizia ferroviaria, \u00e8 stato Direttore responsabile della Polizia Stradale, ha trascorso due anni nelle Relazioni sindacali ed \u00e8 stato capo della triade di commissari che nel dicembre 2007 ha retto il Comune di Casalnuovo (Napoli), sciolto dal Consiglio dei ministri per collusione con la malavita.<\/p>","protected":false},"excerpt":{"rendered":"<p>Carlo Boffi \u00e8 il nuovo prefetto di Belluno. L&#8217;insediamento ufficiale in Prefettura \u00e8 avvenuto luned\u00ec e oggi (marted\u00ec 1 settembre) si \u00e8 tenuta la conferenza di presentazione alla stampa. Il primo atto ufficiale del dottor Boffi sar\u00e0 quello di visitare il cimitero delle Vittime del Vajont.\u00a0Boffi, nel ricordare il recente riconoscimento dell&#8217;Unesco alle Dolomiti patrimonio [&hellip;]<\/p>\n","protected":false},"author":2,"featured_media":0,"comment_status":"closed","ping_status":"open","sticky":false,"template":"","format":"standard","meta":{"footnotes":""},"categories":[5],"tags":[139,151,63],"class_list":["post-7610","post","type-post","status-publish","format-standard","category-cronaca","tag-belluno","tag-cadore","tag-dolomiti"],"yoast_head":"<!-- This site is optimized with the Yoast SEO plugin v28.4 - https:\/\/yoast.com\/product\/yoast-seo-wordpress\/ -->\n<title>Da luned\u00ec c&#039;\u00e8 il nuovo prefetto Carlo Boffi  - Bellunopress - Dolomiti<\/title>\n<meta name=\"robots\" content=\"index, follow, max-snippet:-1, max-image-preview:large, max-video-preview:-1\" \/>\n<link rel=\"canonical\" href=\"https:\/\/www.bellunopress.it\/fr\/2009\/09\/01\/da-lunedi-ce-il-nuovo-prefetto-carlo-boffi\/\" \/>\n<meta property=\"og:locale\" content=\"fr_FR\" \/>\n<meta property=\"og:type\" content=\"article\" \/>\n<meta property=\"og:title\" content=\"Da luned\u00ec c&#039;\u00e8 il nuovo prefetto Carlo Boffi  - Bellunopress - Dolomiti\" \/>\n<meta property=\"og:description\" content=\"Carlo Boffi \u00e8 il nuovo prefetto di Belluno. L&#8217;insediamento ufficiale in Prefettura \u00e8 avvenuto luned\u00ec e oggi (marted\u00ec 1 settembre) si \u00e8 tenuta la conferenza di presentazione alla stampa. Il primo atto ufficiale del dottor Boffi sar\u00e0 quello di visitare il cimitero delle Vittime del Vajont.\u00a0Boffi, nel ricordare il recente riconoscimento dell&#8217;Unesco alle Dolomiti patrimonio [&hellip;]\" \/>\n<meta property=\"og:url\" content=\"https:\/\/www.bellunopress.it\/fr\/2009\/09\/01\/da-lunedi-ce-il-nuovo-prefetto-carlo-boffi\/\" \/>\n<meta property=\"og:site_name\" content=\"Bellunopress - Dolomiti\" \/>\n<meta property=\"article:publisher\" content=\"https:\/\/www.facebook.com\/profile.php?id=100008943462799\" \/>\n<meta property=\"article:published_time\" content=\"2009-09-01T18:36:28+00:00\" \/>\n<meta property=\"article:modified_time\" content=\"2009-09-01T19:01:32+00:00\" \/>\n<meta property=\"og:image\" content=\"http:\/\/www.bellunopress.it\/wp-content\/uploads\/2009\/09\/carlo-boffi-prefetto.jpg\" \/>\n<meta name=\"author\" content=\"redazione\" \/>\n<meta name=\"twitter:card\" content=\"summary_large_image\" \/>\n<meta name=\"twitter:creator\" content=\"@bellunopress\" \/>\n<meta name=\"twitter:site\" content=\"@bellunopress\" \/>\n<meta name=\"twitter:label1\" content=\"\u00c9crit par\" \/>\n\t<meta name=\"twitter:data1\" content=\"redazione\" \/>\n\t<meta name=\"twitter:label2\" content=\"Dur\u00e9e de lecture estim\u00e9e\" \/>\n\t<meta name=\"twitter:data2\" content=\"1 minute\" \/>\n<script type=\"application\/ld+json\" class=\"yoast-schema-graph\">{\"@context\":\"https:\\\/\\\/schema.org\",\"@graph\":[{\"@type\":\"Article\",\"@id\":\"https:\\\/\\\/www.bellunopress.it\\\/2009\\\/09\\\/01\\\/da-lunedi-ce-il-nuovo-prefetto-carlo-boffi\\\/#article\",\"isPartOf\":{\"@id\":\"https:\\\/\\\/www.bellunopress.it\\\/2009\\\/09\\\/01\\\/da-lunedi-ce-il-nuovo-prefetto-carlo-boffi\\\/\"},\"author\":{\"name\":\"redazione\",\"@id\":\"https:\\\/\\\/www.bellunopress.it\\\/#\\\/schema\\\/person\\\/79bb06722b37ece1c03d3e94beb30d73\"},\"headline\":\"Da luned\u00ec c&#8217;\u00e8 il nuovo prefetto Carlo Boffi\",\"datePublished\":\"2009-09-01T18:36:28+00:00\",\"dateModified\":\"2009-09-01T19:01:32+00:00\",\"mainEntityOfPage\":{\"@id\":\"https:\\\/\\\/www.bellunopress.it\\\/2009\\\/09\\\/01\\\/da-lunedi-ce-il-nuovo-prefetto-carlo-boffi\\\/\"},\"wordCount\":209,\"publisher\":{\"@id\":\"https:\\\/\\\/www.bellunopress.it\\\/#organization\"},\"image\":{\"@id\":\"https:\\\/\\\/www.bellunopress.it\\\/2009\\\/09\\\/01\\\/da-lunedi-ce-il-nuovo-prefetto-carlo-boffi\\\/#primaryimage\"},\"thumbnailUrl\":\"http:\\\/\\\/www.bellunopress.it\\\/wp-content\\\/uploads\\\/2009\\\/09\\\/carlo-boffi-prefetto.jpg\",\"keywords\":[\"Belluno\",\"Cadore\",\"Dolomiti\"],\"articleSection\":[\"Cronaca\\\/Politica\"],\"inLanguage\":\"fr-FR\"},{\"@type\":\"WebPage\",\"@id\":\"https:\\\/\\\/www.bellunopress.it\\\/2009\\\/09\\\/01\\\/da-lunedi-ce-il-nuovo-prefetto-carlo-boffi\\\/\",\"url\":\"https:\\\/\\\/www.bellunopress.it\\\/2009\\\/09\\\/01\\\/da-lunedi-ce-il-nuovo-prefetto-carlo-boffi\\\/\",\"name\":\"Da luned\u00ec c'\u00e8 il nuovo prefetto Carlo Boffi - Bellunopress - Dolomiti\",\"isPartOf\":{\"@id\":\"https:\\\/\\\/www.bellunopress.it\\\/#website\"},\"primaryImageOfPage\":{\"@id\":\"https:\\\/\\\/www.bellunopress.it\\\/2009\\\/09\\\/01\\\/da-lunedi-ce-il-nuovo-prefetto-carlo-boffi\\\/#primaryimage\"},\"image\":{\"@id\":\"https:\\\/\\\/www.bellunopress.it\\\/2009\\\/09\\\/01\\\/da-lunedi-ce-il-nuovo-prefetto-carlo-boffi\\\/#primaryimage\"},\"thumbnailUrl\":\"http:\\\/\\\/www.bellunopress.it\\\/wp-content\\\/uploads\\\/2009\\\/09\\\/carlo-boffi-prefetto.jpg\",\"datePublished\":\"2009-09-01T18:36:28+00:00\",\"dateModified\":\"2009-09-01T19:01:32+00:00\",\"breadcrumb\":{\"@id\":\"https:\\\/\\\/www.bellunopress.it\\\/2009\\\/09\\\/01\\\/da-lunedi-ce-il-nuovo-prefetto-carlo-boffi\\\/#breadcrumb\"},\"inLanguage\":\"fr-FR\",\"potentialAction\":[{\"@type\":\"ReadAction\",\"target\":[\"https:\\\/\\\/www.bellunopress.it\\\/2009\\\/09\\\/01\\\/da-lunedi-ce-il-nuovo-prefetto-carlo-boffi\\\/\"]}]},{\"@type\":\"ImageObject\",\"inLanguage\":\"fr-FR\",\"@id\":\"https:\\\/\\\/www.bellunopress.it\\\/2009\\\/09\\\/01\\\/da-lunedi-ce-il-nuovo-prefetto-carlo-boffi\\\/#primaryimage\",\"url\":\"http:\\\/\\\/www.bellunopress.it\\\/wp-content\\\/uploads\\\/2009\\\/09\\\/carlo-boffi-prefetto.jpg\",\"contentUrl\":\"http:\\\/\\\/www.bellunopress.it\\\/wp-content\\\/uploads\\\/2009\\\/09\\\/carlo-boffi-prefetto.jpg\"},{\"@type\":\"BreadcrumbList\",\"@id\":\"https:\\\/\\\/www.bellunopress.it\\\/2009\\\/09\\\/01\\\/da-lunedi-ce-il-nuovo-prefetto-carlo-boffi\\\/#breadcrumb\",\"itemListElement\":[{\"@type\":\"ListItem\",\"position\":1,\"name\":\"Home\",\"item\":\"https:\\\/\\\/www.bellunopress.it\\\/\"},{\"@type\":\"ListItem\",\"position\":2,\"name\":\"Da luned\u00ec c&#8217;\u00e8 il nuovo prefetto Carlo Boffi\"}]},{\"@type\":\"WebSite\",\"@id\":\"https:\\\/\\\/www.bellunopress.it\\\/#website\",\"url\":\"https:\\\/\\\/www.bellunopress.it\\\/\",\"name\":\"Bellunopress - Dolomiti\",\"description\":\"e-mail: redazione@bellunopress.it\",\"publisher\":{\"@id\":\"https:\\\/\\\/www.bellunopress.it\\\/#organization\"},\"potentialAction\":[{\"@type\":\"SearchAction\",\"target\":{\"@type\":\"EntryPoint\",\"urlTemplate\":\"https:\\\/\\\/www.bellunopress.it\\\/?s={search_term_string}\"},\"query-input\":{\"@type\":\"PropertyValueSpecification\",\"valueRequired\":true,\"valueName\":\"search_term_string\"}}],\"inLanguage\":\"fr-FR\"},{\"@type\":\"Organization\",\"@id\":\"https:\\\/\\\/www.bellunopress.it\\\/#organization\",\"name\":\"Bellunopress\",\"url\":\"https:\\\/\\\/www.bellunopress.it\\\/\",\"logo\":{\"@type\":\"ImageObject\",\"inLanguage\":\"fr-FR\",\"@id\":\"https:\\\/\\\/www.bellunopress.it\\\/#\\\/schema\\\/logo\\\/image\\\/\",\"url\":\"https:\\\/\\\/www.bellunopress.it\\\/wp-content\\\/uploads\\\/2011\\\/05\\\/cropped-logo-bellunopress-.jpg\",\"contentUrl\":\"https:\\\/\\\/www.bellunopress.it\\\/wp-content\\\/uploads\\\/2011\\\/05\\\/cropped-logo-bellunopress-.jpg\",\"width\":512,\"height\":512,\"caption\":\"Bellunopress\"},\"image\":{\"@id\":\"https:\\\/\\\/www.bellunopress.it\\\/#\\\/schema\\\/logo\\\/image\\\/\"},\"sameAs\":[\"https:\\\/\\\/www.facebook.com\\\/profile.php?id=100008943462799\",\"https:\\\/\\\/x.com\\\/bellunopress\",\"https:\\\/\\\/www.linkedin.com\\\/hp\\\/?dnr=JBzUWaJfMUw8vbXJJ2tVW5-I3jZKvC4wsoxE&amp;amp;amp;amp;amp;amp;trk=nav_responsive_tab_home\",\"https:\\\/\\\/www.youtube.com\\\/channel\\\/UCxL0wu1uN0_3_7hGG0306cw\"]},{\"@type\":\"Person\",\"@id\":\"https:\\\/\\\/www.bellunopress.it\\\/#\\\/schema\\\/person\\\/79bb06722b37ece1c03d3e94beb30d73\",\"name\":\"redazione\",\"image\":{\"@type\":\"ImageObject\",\"inLanguage\":\"fr-FR\",\"@id\":\"https:\\\/\\\/secure.gravatar.com\\\/avatar\\\/37d968a2e67a6fd04c169c4bdef102d0bc5d31b2546345219e348575eb80e9a0?s=96&d=mm&r=g\",\"url\":\"https:\\\/\\\/secure.gravatar.com\\\/avatar\\\/37d968a2e67a6fd04c169c4bdef102d0bc5d31b2546345219e348575eb80e9a0?s=96&d=mm&r=g\",\"contentUrl\":\"https:\\\/\\\/secure.gravatar.com\\\/avatar\\\/37d968a2e67a6fd04c169c4bdef102d0bc5d31b2546345219e348575eb80e9a0?s=96&d=mm&r=g\",\"caption\":\"redazione\"},\"sameAs\":[\"http:\\\/\\\/www.bellunopress.it\",\"https:\\\/\\\/x.com\\\/bellunopress\"],\"url\":\"https:\\\/\\\/www.bellunopress.it\\\/fr\\\/author\\\/redazione\\\/\"}]}<\/script>\n<!-- \/ Yoast SEO plugin. -->","yoast_head_json":{"title":"Da luned\u00ec c'\u00e8 il nuovo prefetto Carlo Boffi  - Bellunopress - Dolomiti","robots":{"index":"index","follow":"follow","max-snippet":"max-snippet:-1","max-image-preview":"max-image-preview:large","max-video-preview":"max-video-preview:-1"},"canonical":"https:\/\/www.bellunopress.it\/fr\/2009\/09\/01\/da-lunedi-ce-il-nuovo-prefetto-carlo-boffi\/","og_locale":"fr_FR","og_type":"article","og_title":"Da luned\u00ec c'\u00e8 il nuovo prefetto Carlo Boffi  - Bellunopress - Dolomiti","og_description":"Carlo Boffi \u00e8 il nuovo prefetto di Belluno. L&#8217;insediamento ufficiale in Prefettura \u00e8 avvenuto luned\u00ec e oggi (marted\u00ec 1 settembre) si \u00e8 tenuta la conferenza di presentazione alla stampa. Il primo atto ufficiale del dottor Boffi sar\u00e0 quello di visitare il cimitero delle Vittime del Vajont.\u00a0Boffi, nel ricordare il recente riconoscimento dell&#8217;Unesco alle Dolomiti patrimonio [&hellip;]","og_url":"https:\/\/www.bellunopress.it\/fr\/2009\/09\/01\/da-lunedi-ce-il-nuovo-prefetto-carlo-boffi\/","og_site_name":"Bellunopress - Dolomiti","article_publisher":"https:\/\/www.facebook.com\/profile.php?id=100008943462799","article_published_time":"2009-09-01T18:36:28+00:00","article_modified_time":"2009-09-01T19:01:32+00:00","og_image":[{"url":"http:\/\/www.bellunopress.it\/wp-content\/uploads\/2009\/09\/carlo-boffi-prefetto.jpg","type":"","width":"","height":""}],"author":"redazione","twitter_card":"summary_large_image","twitter_creator":"@bellunopress","twitter_site":"@bellunopress","twitter_misc":{"\u00c9crit par":"redazione","Dur\u00e9e de lecture estim\u00e9e":"1 minute"},"schema":{"@context":"https:\/\/schema.org","@graph":[{"@type":"Article","@id":"https:\/\/www.bellunopress.it\/2009\/09\/01\/da-lunedi-ce-il-nuovo-prefetto-carlo-boffi\/#article","isPartOf":{"@id":"https:\/\/www.bellunopress.it\/2009\/09\/01\/da-lunedi-ce-il-nuovo-prefetto-carlo-boffi\/"},"author":{"name":"redazione","@id":"https:\/\/www.bellunopress.it\/#\/schema\/person\/79bb06722b37ece1c03d3e94beb30d73"},"headline":"Da luned\u00ec c&#8217;\u00e8 il nuovo prefetto Carlo Boffi","datePublished":"2009-09-01T18:36:28+00:00","dateModified":"2009-09-01T19:01:32+00:00","mainEntityOfPage":{"@id":"https:\/\/www.bellunopress.it\/2009\/09\/01\/da-lunedi-ce-il-nuovo-prefetto-carlo-boffi\/"},"wordCount":209,"publisher":{"@id":"https:\/\/www.bellunopress.it\/#organization"},"image":{"@id":"https:\/\/www.bellunopress.it\/2009\/09\/01\/da-lunedi-ce-il-nuovo-prefetto-carlo-boffi\/#primaryimage"},"thumbnailUrl":"http:\/\/www.bellunopress.it\/wp-content\/uploads\/2009\/09\/carlo-boffi-prefetto.jpg","keywords":["Belluno","Cadore","Dolomiti"],"articleSection":["Cronaca\/Politica"],"inLanguage":"fr-FR"},{"@type":"WebPage","@id":"https:\/\/www.bellunopress.it\/2009\/09\/01\/da-lunedi-ce-il-nuovo-prefetto-carlo-boffi\/","url":"https:\/\/www.bellunopress.it\/2009\/09\/01\/da-lunedi-ce-il-nuovo-prefetto-carlo-boffi\/","name":"Da luned\u00ec c'\u00e8 il nuovo prefetto Carlo Boffi - Bellunopress - Dolomiti","isPartOf":{"@id":"https:\/\/www.bellunopress.it\/#website"},"primaryImageOfPage":{"@id":"https:\/\/www.bellunopress.it\/2009\/09\/01\/da-lunedi-ce-il-nuovo-prefetto-carlo-boffi\/#primaryimage"},"image":{"@id":"https:\/\/www.bellunopress.it\/2009\/09\/01\/da-lunedi-ce-il-nuovo-prefetto-carlo-boffi\/#primaryimage"},"thumbnailUrl":"http:\/\/www.bellunopress.it\/wp-content\/uploads\/2009\/09\/carlo-boffi-prefetto.jpg","datePublished":"2009-09-01T18:36:28+00:00","dateModified":"2009-09-01T19:01:32+00:00","breadcrumb":{"@id":"https:\/\/www.bellunopress.it\/2009\/09\/01\/da-lunedi-ce-il-nuovo-prefetto-carlo-boffi\/#breadcrumb"},"inLanguage":"fr-FR","potentialAction":[{"@type":"ReadAction","target":["https:\/\/www.bellunopress.it\/2009\/09\/01\/da-lunedi-ce-il-nuovo-prefetto-carlo-boffi\/"]}]},{"@type":"ImageObject","inLanguage":"fr-FR","@id":"https:\/\/www.bellunopress.it\/2009\/09\/01\/da-lunedi-ce-il-nuovo-prefetto-carlo-boffi\/#primaryimage","url":"http:\/\/www.bellunopress.it\/wp-content\/uploads\/2009\/09\/carlo-boffi-prefetto.jpg","contentUrl":"http:\/\/www.bellunopress.it\/wp-content\/uploads\/2009\/09\/carlo-boffi-prefetto.jpg"},{"@type":"BreadcrumbList","@id":"https:\/\/www.bellunopress.it\/2009\/09\/01\/da-lunedi-ce-il-nuovo-prefetto-carlo-boffi\/#breadcrumb","itemListElement":[{"@type":"ListItem","position":1,"name":"Home","item":"https:\/\/www.bellunopress.it\/"},{"@type":"ListItem","position":2,"name":"Da luned\u00ec c&#8217;\u00e8 il nuovo prefetto Carlo Boffi"}]},{"@type":"WebSite","@id":"https:\/\/www.bellunopress.it\/#website","url":"https:\/\/www.bellunopress.it\/","name":"Bellunopress - Dolomiti","description":"e-mail: redazione@bellunopress.it","publisher":{"@id":"https:\/\/www.bellunopress.it\/#organization"},"potentialAction":[{"@type":"SearchAction","target":{"@type":"EntryPoint","urlTemplate":"https:\/\/www.bellunopress.it\/?s={search_term_string}"},"query-input":{"@type":"PropertyValueSpecification","valueRequired":true,"valueName":"search_term_string"}}],"inLanguage":"fr-FR"},{"@type":"Organization","@id":"https:\/\/www.bellunopress.it\/#organization","name":"Bellunopress","url":"https:\/\/www.bellunopress.it\/","logo":{"@type":"ImageObject","inLanguage":"fr-FR","@id":"https:\/\/www.bellunopress.it\/#\/schema\/logo\/image\/","url":"https:\/\/www.bellunopress.it\/wp-content\/uploads\/2011\/05\/cropped-logo-bellunopress-.jpg","contentUrl":"https:\/\/www.bellunopress.it\/wp-content\/uploads\/2011\/05\/cropped-logo-bellunopress-.jpg","width":512,"height":512,"caption":"Bellunopress"},"image":{"@id":"https:\/\/www.bellunopress.it\/#\/schema\/logo\/image\/"},"sameAs":["https:\/\/www.facebook.com\/profile.php?id=100008943462799","https:\/\/x.com\/bellunopress","https:\/\/www.linkedin.com\/hp\/?dnr=JBzUWaJfMUw8vbXJJ2tVW5-I3jZKvC4wsoxE&amp;amp;amp;amp;amp;amp;trk=nav_responsive_tab_home","https:\/\/www.youtube.com\/channel\/UCxL0wu1uN0_3_7hGG0306cw"]},{"@type":"Person","@id":"https:\/\/www.bellunopress.it\/#\/schema\/person\/79bb06722b37ece1c03d3e94beb30d73","name":"r\u00e9daction","image":{"@type":"ImageObject","inLanguage":"fr-FR","@id":"https:\/\/secure.gravatar.com\/avatar\/37d968a2e67a6fd04c169c4bdef102d0bc5d31b2546345219e348575eb80e9a0?s=96&d=mm&r=g","url":"https:\/\/secure.gravatar.com\/avatar\/37d968a2e67a6fd04c169c4bdef102d0bc5d31b2546345219e348575eb80e9a0?s=96&d=mm&r=g","contentUrl":"https:\/\/secure.gravatar.com\/avatar\/37d968a2e67a6fd04c169c4bdef102d0bc5d31b2546345219e348575eb80e9a0?s=96&d=mm&r=g","caption":"redazione"},"sameAs":["http:\/\/www.bellunopress.it","https:\/\/x.com\/bellunopress"],"url":"https:\/\/www.bellunopress.it\/fr\/author\/redazione\/"}]}},"_links":{"self":[{"href":"https:\/\/www.bellunopress.it\/fr\/wp-json\/wp\/v2\/posts\/7610","targetHints":{"allow":["GET"]}}],"collection":[{"href":"https:\/\/www.bellunopress.it\/fr\/wp-json\/wp\/v2\/posts"}],"about":[{"href":"https:\/\/www.bellunopress.it\/fr\/wp-json\/wp\/v2\/types\/post"}],"author":[{"embeddable":true,"href":"https:\/\/www.bellunopress.it\/fr\/wp-json\/wp\/v2\/users\/2"}],"replies":[{"embeddable":true,"href":"https:\/\/www.bellunopress.it\/fr\/wp-json\/wp\/v2\/comments?post=7610"}],"version-history":[{"count":3,"href":"https:\/\/www.bellunopress.it\/fr\/wp-json\/wp\/v2\/posts\/7610\/revisions"}],"predecessor-version":[{"id":7616,"href":"https:\/\/www.bellunopress.it\/fr\/wp-json\/wp\/v2\/posts\/7610\/revisions\/7616"}],"wp:attachment":[{"href":"https:\/\/www.bellunopress.it\/fr\/wp-json\/wp\/v2\/media?parent=7610"}],"wp:term":[{"taxonomy":"category","embeddable":true,"href":"https:\/\/www.bellunopress.it\/fr\/wp-json\/wp\/v2\/categories?post=7610"},{"taxonomy":"post_tag","embeddable":true,"href":"https:\/\/www.bellunopress.it\/fr\/wp-json\/wp\/v2\/tags?post=7610"}],"curies":[{"name":"wp","href":"https:\/\/api.w.org\/{rel}","templated":true}]}}