{"id":7606,"date":"2009-09-01T16:40:22","date_gmt":"2009-09-01T15:40:22","guid":{"rendered":"http:\/\/www.bellunopress.it\/?p=7606"},"modified":"2009-09-01T16:40:22","modified_gmt":"2009-09-01T15:40:22","slug":"gli-ultimi-concorsi-segnalati-da-informagiovani-del-comune-di-belluno","status":"publish","type":"post","link":"https:\/\/www.bellunopress.it\/fr\/2009\/09\/01\/gli-ultimi-concorsi-segnalati-da-informagiovani-del-comune-di-belluno\/","title":{"rendered":"Gli ultimi concorsi segnalati da Informagiovani del Comune di Belluno"},"content":{"rendered":"<p>In collaborazione con\u00a0l&#8217;ufficio Informagiovani del Comune di Belluno (Tel. +39 0437913255 &#8211; Fax. +39 0437913284) pubblichiamo i bandi dei concorsi pubblici in scadenza<\/p>\n<p>COMUNE DI LONGARONE<br \/>\nConcorso pubblico per esami per l&#8217;assunzione di un operatore addetto alla registrazione dati \u2013 cat. B \u2013 pos. Economica B3 \u2013 a tempo pieno ed indeterminato:<br \/>\nRequisiti specifici:<br \/>\ndiploma di istruzione secondaria di II grado<br \/>\nspecializzazione in informatica acquisita o attraverso specifico corso professionale o attraverso esperienza di lavoro.<br \/>\nScadenza: entro il 3 settembre 2009<\/p>\n<p>CENTRO REGIONALE DI STUDIO E FORMAZIONE PER LA PREVISIONE E LA PREVENZIONE IN MATERIA DI PROTEZIONE CIVILE &#8211; LONGARONE &#8211;<br \/>\nAvviso di ricerca di personale presso la sede di lavoro operativa del centro attualmente in Mestre (VE) e\/o nel comune di Mogliano Veneto (TV), a tempo pieno, le seguenti funzioni:<br \/>\n&#8211; operatore informatico per la gestione del CED e dei terminali operativi;<br \/>\n&#8211; monitoraggio e supervisione informatica ai progetti realizzati dal Centro.<br \/>\nRequisiti:<br \/>\nDiploma laurea tecnica con specializzazione informatica.<br \/>\nEsperienza professionale di almeno 10 mesi nella gestione di attivit\u00e0 di tipologia analoga a quelle che costituiscono l\u2019oggetto della prestazione.<br \/>\nConoscenza dei sistemi operativi Microsoft e Linux; database open source.<br \/>\nRequisiti ai fini della valutazione:<br \/>\nConoscenze ed esperienza professionale nelle seguenti attivit\u00e0:<br \/>\nEsperienza di programmazione sistemi operativi Microsoft e Linux; database open source;<br \/>\nEsperienza nella gestione delle reti e nella manutenzione\/gestione dell\u2019hardware di rete;<br \/>\nPossesso della patente Europea ECDL<br \/>\nScadenza: entro e non oltre il 15 settembre 2009.<\/p>\n<p>AREA SANITARIA<br \/>\nULSS N. 2 &#8211; FELTRE<br \/>\nConcorso pubblico per titoli ed esami per n. 1 posto di coadiutore amministrativo esperto (cat. B, liv. Bs).<br \/>\nRequisiti specifici:<br \/>\ndiploma di istruzione secondaria di primo grado o assolvimento dell\u2019obbligo scolastico<br \/>\nattestato di superamento di due anni di scolarit\u00e0 dopo il diploma di istruzione secondaria di primo grado.<br \/>\nScadenza: ore 12.00 del 3 settembre 2009<br \/>\nRESIDENZA PER ANZIANI BEATA GAETANA STERNI &#8211; AURONZO DI CADORE &#8211; BL<br \/>\nConcorso pubblico per titoli ed esami per la copertura\u00a0 di n. 3 posti vacanti di Operatore Socio Sanitario, tempo pieno ed indeterminato, cat. B \u2013 posizione economica B1 del Ccnl comparto ee.ll.\u00a0 presso la Residenza per Anziani Beata Gaetana Sterni di Auronzo di Cadore.<br \/>\nRequisiti:<br \/>\ndiploma di licenza media inferiore ed attestato di qualifica di operatore socio sanitario o di operatore addetto all\u2019assistenza o di operatore tecnico addetto all\u2019assistenza, o titoli equipollenti.<br \/>\nScadenza: entro il giorno 12 settembre 2009.<\/p>\n<p>PROCEDURA DI MOBILITA&#8217; NELLE PUBBLICHE AMMINISTRAZIONI<\/p>\n<p>COMUNE DI PEDAVENA<br \/>\nAvviso di mobilit\u00e0 esterna per la copertura di n. 1 posto, cat. C, da assegnare nell&#8217;area tecnica con decorrenza dal 01\/01\/2010:<br \/>\nRequisiti:<br \/>\ndipendenti a tempo pieno ed indeterminato presso le Amministrazioni Pubbliche con inquadramento nella categoria o profilo professionale pari o corrispondenti (o equivalenti) a quello del posto da ricoprire.<br \/>\ndiploma di geometra o perito edile<br \/>\nScadenza: 30 settembre 2009<\/p>\n<p>COMUNE DI SELVA DI CADORE &#8211;<br \/>\nProcedura di mobilit\u00e0 volontaria del personale di ruolo appartenente alle Amministrazioni Pubbliche, per la copertura di n. 1 posto di Cat. C, posizione economica C1, profilo professionale di \u201cAgente di polizia municipale\u201d.<br \/>\nRequisiti:<br \/>\ndipendenti a tempo pieno ed indeterminato presso le Amministrazioni Pubbliche con inquadramento nella categoria o profilo professionale pari o corrispondenti (o equivalenti) a quello del posto da ricoprire.<br \/>\nScadenza: 12 settembre 2009.<\/p>\n<p>CONCORSI IN DIVISA<\/p>\n<p>ARMA DEI CARABINIERI<br \/>\nConcorso pubblico per esami e titoli per l&#8217;ammissione al 15\u00b0 corso biennale (2010\u22122012) di n. 100 allievi marescialli del ruolo Ispettori dell&#8217;Arma dei carabinieri.<br \/>\nRequisiti specifici:<br \/>\nabbiano compiuto il diciottesimo anno di et\u00e0 e non superato il ventiseiesimo.<br \/>\ndiploma di istruzione secondaria di secondo grado a seguito della frequenza di un corso di studi di durata<br \/>\n\u00a0quinquennale o quadriennale, integrato dal corso annuale previsto per l&#8217;accesso all&#8217;Universit\u00e0 dall\u2019articolo 1 della legge 11 dicembre 1969, n. 910 e successive<br \/>\n\u00a0modificazioni.<br \/>\nScadenza: 10 settembre 2009<br \/>\nCONCORSI NAZIONALI<br \/>\nENAC \u2013 ENTE NAZIONALE PER L&#8217;AVIAZIONE CIVILE<br \/>\nConcorso pubblico, per esami, a n. 8 posti di collaboratore amministrativo \u2013categoria B, posizione economica B1\u2013 da assumere con contratto di lavoro a tempo indeterminato presso l\u2019Ente Nazionale per l\u2019Aviazione Civile.<br \/>\nRequisiti specifici:<br \/>\ndiploma di istruzione secondaria di secondo grado conseguito al termine di un corso di studi di durata quinquennale, successivo alla scuola dell&#8217;obbligo, con punteggio finale non inferiore a 50\/60 o equivalente.<br \/>\nScadenza. 10 settembre 2009<br \/>\nENAC \u2013 ENTE NAZIONALE PER L&#8217;AVIAZIONE CIVILE<br \/>\nConcorso pubblico, per esami, per il reclutamento di un contingente di personale a tempo indeterminato con laurea in economia, fissato nel numero di 8 unit\u00e0, da inquadrare, in prova, nel profilo professionale di funzionario amministrativo &#8211; categoria C -posizione economica C1\u2013 del CCNL del personale non dirigente dell\u2019Ente Nazionale per l&#8217;Aviazione Civile.<br \/>\nRequisiti specifici:<br \/>\ndiploma di laurea quadriennale in economia e commercio (v.o.) o diploma di laurea equipollente (v.o.), o laurea specialistica (LS) appartenente alle classi delle lauree specialistiche in finanza (19\/S), in scienze dell\u2019economia (64\/S) o in scienze economico-aziendali (84\/S) di cui al sistema di classificazione del DM 28 novembre 2000.<br \/>\nScadenza: 10 settembre 2009<\/p>\n<p>Bollettino Ufficiale N. 71 del 28\/08\/2009<br \/>\nConcorsi<br \/>\nCONCORSO \/ CAMERA DI COMMERCIO DI VERONA<br \/>\nConcorso pubblico per titoli ed esami per 1 posto a tempo indeterminato e parziale orizzontale al 50% nella categoria c, profilo professionale di &#8220;assistente servizi amministrativi, di supporto e di rete&#8221;.<br \/>\nCONCORSO \/ CAMERA DI COMMERCIO DI VERONA<br \/>\nConcorso pubblico per titoli esami per 2 posti a tempo indeterminato e parziale orizzontale al 50% nella categoria C, profilo professionale di &#8220;Assistente servizi economico-finanziari&#8221;.<br \/>\nCONCORSO \/ IPAB CASA DI RIPOSO DI NOVENTA PADOVANA, NOVENTA PADOVANA (PADOVA)<br \/>\nBando pubblico concorso per soli esami per la copertura di nr. 1 posto a tempo pieno e\/o parziale e indeterminato di operatore socio sanitario cat. b1 ccnl aa.ll.<br \/>\nCONCORSO \/ ULSS N.05 &#8211; ARZIGNANO (VI)<br \/>\nBando n. 129\/2009 di concorso pubblico &#8211; per titoli ed esami &#8211; per la copertura di: n. 1 posto di dirigente medico &#8211; profilo professionale: medici area &#8211; chirurgica e delle specialit\u00e0 chirurgiche &#8211; disciplina &#8211; urologia.<br \/>\nCONCORSO \/ ULSS N.05 &#8211; ARZIGNANO (VI)<br \/>\nBando di concorso riservato al personale c.d. precario da stabilizzare.<br \/>\nCONCORSO \/ ULSS N.05 &#8211; ARZIGNANO (VI)<br \/>\nBando di concorso riservato al personale c.d. precario da stabilizzare. Operatore socio sanitario categoria: b liv. economico bs &#8211; profilo professionale: operatore socio sanitario &#8211; rapporto di lavoro: tempo pieno.<br \/>\nCONCORSO \/ ULSS N.07 &#8211; PIEVE DI SOLIGO (TV)<br \/>\nConcorso pubblico, per titoli ed esami, per n. 1 posto di collaboratore professionale sanitario cat. d &#8211; ortottista &#8211; assistente di oftalmologia.<br \/>\nCONCORSO \/ ULSS N.09 &#8211; TREVISO<br \/>\nAvviso pubblico, per titoli e colloquio, per l&#8217;assunzione a tempo determinato di un dirigente medico di oftalmologia.<br \/>\nCONCORSO \/ ULSS N.15 &#8211; CITTADELLA (PD)<br \/>\nConcorso pubblico, per titoli ed esami, per l&#8217;assunzione a tempo indeterminato di un programmatore &#8211; cat. c.<br \/>\nCONCORSO \/ ULSS N.15 &#8211; CITTADELLA (PD)<br \/>\nAvviso pubblico per l&#8217;eventuale assunzione di personale, con profilo professionale di dirigente medico nella disciplina di reumatologia, con rapporto di lavoro subordinato a tempo determinato. (deliberazione n. 742 del 07.08.2009).<br \/>\nCONCORSO \/ ULSS N.15 &#8211; CITTADELLA (PD)<br \/>\nAvviso pubblico, per il conferimento di n. 2 incarichi direttore di struttura complessa: &#8211; direttore dell&#8217;unit\u00e0 operativa autonoma di medicina generale per il presidio oospedaliero di cittadella &#8211; direttore dell&#8217;unit\u00e0 operativa autonoma di ortopedia e traumatologia per il presidio ospedaliero d&#8230;<\/p>","protected":false},"excerpt":{"rendered":"<p>In collaborazione con\u00a0l&#8217;ufficio Informagiovani del Comune di Belluno (Tel. +39 0437913255 &#8211; Fax. +39 0437913284) pubblichiamo i bandi dei concorsi pubblici in scadenza COMUNE DI LONGARONE Concorso pubblico per esami per l&#8217;assunzione di un operatore addetto alla registrazione dati \u2013 cat. B \u2013 pos. Economica B3 \u2013 a tempo pieno ed indeterminato: Requisiti specifici: diploma [&hellip;]<\/p>\n","protected":false},"author":2,"featured_media":0,"comment_status":"closed","ping_status":"open","sticky":false,"template":"","format":"standard","meta":{"footnotes":""},"categories":[36,26],"tags":[139,151,302],"class_list":["post-7606","post","type-post","status-publish","format-standard","category-lavoro-economia","category-prima-pagina","tag-belluno","tag-cadore","tag-feltre"],"yoast_head":"<!-- This site is optimized with the Yoast SEO plugin v28.4 - https:\/\/yoast.com\/product\/yoast-seo-wordpress\/ -->\n<title>Gli ultimi concorsi segnalati da Informagiovani del Comune di Belluno - Bellunopress - Dolomiti<\/title>\n<meta name=\"robots\" content=\"index, follow, max-snippet:-1, max-image-preview:large, max-video-preview:-1\" \/>\n<link rel=\"canonical\" href=\"https:\/\/www.bellunopress.it\/fr\/2009\/09\/01\/gli-ultimi-concorsi-segnalati-da-informagiovani-del-comune-di-belluno\/\" \/>\n<meta property=\"og:locale\" content=\"fr_FR\" \/>\n<meta property=\"og:type\" content=\"article\" \/>\n<meta property=\"og:title\" content=\"Gli ultimi concorsi segnalati da Informagiovani del Comune di Belluno - Bellunopress - Dolomiti\" \/>\n<meta property=\"og:description\" content=\"In collaborazione con\u00a0l&#8217;ufficio Informagiovani del Comune di Belluno (Tel. +39 0437913255 &#8211; Fax. +39 0437913284) pubblichiamo i bandi dei concorsi pubblici in scadenza COMUNE DI LONGARONE Concorso pubblico per esami per l&#8217;assunzione di un operatore addetto alla registrazione dati \u2013 cat. B \u2013 pos. Economica B3 \u2013 a tempo pieno ed indeterminato: Requisiti specifici: diploma [&hellip;]\" \/>\n<meta property=\"og:url\" content=\"https:\/\/www.bellunopress.it\/fr\/2009\/09\/01\/gli-ultimi-concorsi-segnalati-da-informagiovani-del-comune-di-belluno\/\" \/>\n<meta property=\"og:site_name\" content=\"Bellunopress - Dolomiti\" \/>\n<meta property=\"article:publisher\" content=\"https:\/\/www.facebook.com\/profile.php?id=100008943462799\" \/>\n<meta property=\"article:published_time\" content=\"2009-09-01T15:40:22+00:00\" \/>\n<meta property=\"og:image\" content=\"http:\/\/www.bellunopress.it\/wp-content\/uploads\/2012\/07\/logo-bellunopress-250x250-2012.jpg\" \/>\n<meta name=\"author\" content=\"redazione\" \/>\n<meta name=\"twitter:card\" content=\"summary_large_image\" \/>\n<meta name=\"twitter:creator\" content=\"@bellunopress\" \/>\n<meta name=\"twitter:site\" content=\"@bellunopress\" \/>\n<meta name=\"twitter:label1\" content=\"\u00c9crit par\" \/>\n\t<meta name=\"twitter:data1\" content=\"redazione\" \/>\n\t<meta name=\"twitter:label2\" content=\"Dur\u00e9e de lecture estim\u00e9e\" \/>\n\t<meta name=\"twitter:data2\" content=\"6 minutes\" \/>\n<script type=\"application\/ld+json\" class=\"yoast-schema-graph\">{\"@context\":\"https:\\\/\\\/schema.org\",\"@graph\":[{\"@type\":\"Article\",\"@id\":\"https:\\\/\\\/www.bellunopress.it\\\/2009\\\/09\\\/01\\\/gli-ultimi-concorsi-segnalati-da-informagiovani-del-comune-di-belluno\\\/#article\",\"isPartOf\":{\"@id\":\"https:\\\/\\\/www.bellunopress.it\\\/2009\\\/09\\\/01\\\/gli-ultimi-concorsi-segnalati-da-informagiovani-del-comune-di-belluno\\\/\"},\"author\":{\"name\":\"redazione\",\"@id\":\"https:\\\/\\\/www.bellunopress.it\\\/#\\\/schema\\\/person\\\/79bb06722b37ece1c03d3e94beb30d73\"},\"headline\":\"Gli ultimi concorsi segnalati da Informagiovani del Comune di Belluno\",\"datePublished\":\"2009-09-01T15:40:22+00:00\",\"mainEntityOfPage\":{\"@id\":\"https:\\\/\\\/www.bellunopress.it\\\/2009\\\/09\\\/01\\\/gli-ultimi-concorsi-segnalati-da-informagiovani-del-comune-di-belluno\\\/\"},\"wordCount\":1162,\"publisher\":{\"@id\":\"https:\\\/\\\/www.bellunopress.it\\\/#organization\"},\"keywords\":[\"Belluno\",\"Cadore\",\"Feltre\"],\"articleSection\":[\"Lavoro, Economia, Turismo\",\"Prima Pagina\"],\"inLanguage\":\"fr-FR\"},{\"@type\":\"WebPage\",\"@id\":\"https:\\\/\\\/www.bellunopress.it\\\/2009\\\/09\\\/01\\\/gli-ultimi-concorsi-segnalati-da-informagiovani-del-comune-di-belluno\\\/\",\"url\":\"https:\\\/\\\/www.bellunopress.it\\\/2009\\\/09\\\/01\\\/gli-ultimi-concorsi-segnalati-da-informagiovani-del-comune-di-belluno\\\/\",\"name\":\"Gli ultimi concorsi segnalati da Informagiovani del Comune di Belluno - Bellunopress - Dolomiti\",\"isPartOf\":{\"@id\":\"https:\\\/\\\/www.bellunopress.it\\\/#website\"},\"datePublished\":\"2009-09-01T15:40:22+00:00\",\"breadcrumb\":{\"@id\":\"https:\\\/\\\/www.bellunopress.it\\\/2009\\\/09\\\/01\\\/gli-ultimi-concorsi-segnalati-da-informagiovani-del-comune-di-belluno\\\/#breadcrumb\"},\"inLanguage\":\"fr-FR\",\"potentialAction\":[{\"@type\":\"ReadAction\",\"target\":[\"https:\\\/\\\/www.bellunopress.it\\\/2009\\\/09\\\/01\\\/gli-ultimi-concorsi-segnalati-da-informagiovani-del-comune-di-belluno\\\/\"]}]},{\"@type\":\"BreadcrumbList\",\"@id\":\"https:\\\/\\\/www.bellunopress.it\\\/2009\\\/09\\\/01\\\/gli-ultimi-concorsi-segnalati-da-informagiovani-del-comune-di-belluno\\\/#breadcrumb\",\"itemListElement\":[{\"@type\":\"ListItem\",\"position\":1,\"name\":\"Home\",\"item\":\"https:\\\/\\\/www.bellunopress.it\\\/\"},{\"@type\":\"ListItem\",\"position\":2,\"name\":\"Gli ultimi concorsi segnalati da Informagiovani del Comune di Belluno\"}]},{\"@type\":\"WebSite\",\"@id\":\"https:\\\/\\\/www.bellunopress.it\\\/#website\",\"url\":\"https:\\\/\\\/www.bellunopress.it\\\/\",\"name\":\"Bellunopress - Dolomiti\",\"description\":\"e-mail: redazione@bellunopress.it\",\"publisher\":{\"@id\":\"https:\\\/\\\/www.bellunopress.it\\\/#organization\"},\"potentialAction\":[{\"@type\":\"SearchAction\",\"target\":{\"@type\":\"EntryPoint\",\"urlTemplate\":\"https:\\\/\\\/www.bellunopress.it\\\/?s={search_term_string}\"},\"query-input\":{\"@type\":\"PropertyValueSpecification\",\"valueRequired\":true,\"valueName\":\"search_term_string\"}}],\"inLanguage\":\"fr-FR\"},{\"@type\":\"Organization\",\"@id\":\"https:\\\/\\\/www.bellunopress.it\\\/#organization\",\"name\":\"Bellunopress\",\"url\":\"https:\\\/\\\/www.bellunopress.it\\\/\",\"logo\":{\"@type\":\"ImageObject\",\"inLanguage\":\"fr-FR\",\"@id\":\"https:\\\/\\\/www.bellunopress.it\\\/#\\\/schema\\\/logo\\\/image\\\/\",\"url\":\"https:\\\/\\\/www.bellunopress.it\\\/wp-content\\\/uploads\\\/2011\\\/05\\\/cropped-logo-bellunopress-.jpg\",\"contentUrl\":\"https:\\\/\\\/www.bellunopress.it\\\/wp-content\\\/uploads\\\/2011\\\/05\\\/cropped-logo-bellunopress-.jpg\",\"width\":512,\"height\":512,\"caption\":\"Bellunopress\"},\"image\":{\"@id\":\"https:\\\/\\\/www.bellunopress.it\\\/#\\\/schema\\\/logo\\\/image\\\/\"},\"sameAs\":[\"https:\\\/\\\/www.facebook.com\\\/profile.php?id=100008943462799\",\"https:\\\/\\\/x.com\\\/bellunopress\",\"https:\\\/\\\/www.linkedin.com\\\/hp\\\/?dnr=JBzUWaJfMUw8vbXJJ2tVW5-I3jZKvC4wsoxE&amp;amp;amp;amp;amp;amp;trk=nav_responsive_tab_home\",\"https:\\\/\\\/www.youtube.com\\\/channel\\\/UCxL0wu1uN0_3_7hGG0306cw\"]},{\"@type\":\"Person\",\"@id\":\"https:\\\/\\\/www.bellunopress.it\\\/#\\\/schema\\\/person\\\/79bb06722b37ece1c03d3e94beb30d73\",\"name\":\"redazione\",\"image\":{\"@type\":\"ImageObject\",\"inLanguage\":\"fr-FR\",\"@id\":\"https:\\\/\\\/secure.gravatar.com\\\/avatar\\\/37d968a2e67a6fd04c169c4bdef102d0bc5d31b2546345219e348575eb80e9a0?s=96&d=mm&r=g\",\"url\":\"https:\\\/\\\/secure.gravatar.com\\\/avatar\\\/37d968a2e67a6fd04c169c4bdef102d0bc5d31b2546345219e348575eb80e9a0?s=96&d=mm&r=g\",\"contentUrl\":\"https:\\\/\\\/secure.gravatar.com\\\/avatar\\\/37d968a2e67a6fd04c169c4bdef102d0bc5d31b2546345219e348575eb80e9a0?s=96&d=mm&r=g\",\"caption\":\"redazione\"},\"sameAs\":[\"http:\\\/\\\/www.bellunopress.it\",\"https:\\\/\\\/x.com\\\/bellunopress\"],\"url\":\"https:\\\/\\\/www.bellunopress.it\\\/fr\\\/author\\\/redazione\\\/\"}]}<\/script>\n<!-- \/ Yoast SEO plugin. -->","yoast_head_json":{"title":"Gli ultimi concorsi segnalati da Informagiovani del Comune di Belluno - Bellunopress - Dolomiti","robots":{"index":"index","follow":"follow","max-snippet":"max-snippet:-1","max-image-preview":"max-image-preview:large","max-video-preview":"max-video-preview:-1"},"canonical":"https:\/\/www.bellunopress.it\/fr\/2009\/09\/01\/gli-ultimi-concorsi-segnalati-da-informagiovani-del-comune-di-belluno\/","og_locale":"fr_FR","og_type":"article","og_title":"Gli ultimi concorsi segnalati da Informagiovani del Comune di Belluno - Bellunopress - Dolomiti","og_description":"In collaborazione con\u00a0l&#8217;ufficio Informagiovani del Comune di Belluno (Tel. +39 0437913255 &#8211; Fax. +39 0437913284) pubblichiamo i bandi dei concorsi pubblici in scadenza COMUNE DI LONGARONE Concorso pubblico per esami per l&#8217;assunzione di un operatore addetto alla registrazione dati \u2013 cat. B \u2013 pos. Economica B3 \u2013 a tempo pieno ed indeterminato: Requisiti specifici: diploma [&hellip;]","og_url":"https:\/\/www.bellunopress.it\/fr\/2009\/09\/01\/gli-ultimi-concorsi-segnalati-da-informagiovani-del-comune-di-belluno\/","og_site_name":"Bellunopress - Dolomiti","article_publisher":"https:\/\/www.facebook.com\/profile.php?id=100008943462799","article_published_time":"2009-09-01T15:40:22+00:00","og_image":[{"url":"http:\/\/www.bellunopress.it\/wp-content\/uploads\/2012\/07\/logo-bellunopress-250x250-2012.jpg","type":"","width":"","height":""}],"author":"redazione","twitter_card":"summary_large_image","twitter_creator":"@bellunopress","twitter_site":"@bellunopress","twitter_misc":{"\u00c9crit par":"redazione","Dur\u00e9e de lecture estim\u00e9e":"6 minutes"},"schema":{"@context":"https:\/\/schema.org","@graph":[{"@type":"Article","@id":"https:\/\/www.bellunopress.it\/2009\/09\/01\/gli-ultimi-concorsi-segnalati-da-informagiovani-del-comune-di-belluno\/#article","isPartOf":{"@id":"https:\/\/www.bellunopress.it\/2009\/09\/01\/gli-ultimi-concorsi-segnalati-da-informagiovani-del-comune-di-belluno\/"},"author":{"name":"redazione","@id":"https:\/\/www.bellunopress.it\/#\/schema\/person\/79bb06722b37ece1c03d3e94beb30d73"},"headline":"Gli ultimi concorsi segnalati da Informagiovani del Comune di Belluno","datePublished":"2009-09-01T15:40:22+00:00","mainEntityOfPage":{"@id":"https:\/\/www.bellunopress.it\/2009\/09\/01\/gli-ultimi-concorsi-segnalati-da-informagiovani-del-comune-di-belluno\/"},"wordCount":1162,"publisher":{"@id":"https:\/\/www.bellunopress.it\/#organization"},"keywords":["Belluno","Cadore","Feltre"],"articleSection":["Lavoro, Economia, Turismo","Prima Pagina"],"inLanguage":"fr-FR"},{"@type":"WebPage","@id":"https:\/\/www.bellunopress.it\/2009\/09\/01\/gli-ultimi-concorsi-segnalati-da-informagiovani-del-comune-di-belluno\/","url":"https:\/\/www.bellunopress.it\/2009\/09\/01\/gli-ultimi-concorsi-segnalati-da-informagiovani-del-comune-di-belluno\/","name":"Gli ultimi concorsi segnalati da Informagiovani del Comune di Belluno - Bellunopress - Dolomiti","isPartOf":{"@id":"https:\/\/www.bellunopress.it\/#website"},"datePublished":"2009-09-01T15:40:22+00:00","breadcrumb":{"@id":"https:\/\/www.bellunopress.it\/2009\/09\/01\/gli-ultimi-concorsi-segnalati-da-informagiovani-del-comune-di-belluno\/#breadcrumb"},"inLanguage":"fr-FR","potentialAction":[{"@type":"ReadAction","target":["https:\/\/www.bellunopress.it\/2009\/09\/01\/gli-ultimi-concorsi-segnalati-da-informagiovani-del-comune-di-belluno\/"]}]},{"@type":"BreadcrumbList","@id":"https:\/\/www.bellunopress.it\/2009\/09\/01\/gli-ultimi-concorsi-segnalati-da-informagiovani-del-comune-di-belluno\/#breadcrumb","itemListElement":[{"@type":"ListItem","position":1,"name":"Home","item":"https:\/\/www.bellunopress.it\/"},{"@type":"ListItem","position":2,"name":"Gli ultimi concorsi segnalati da Informagiovani del Comune di Belluno"}]},{"@type":"WebSite","@id":"https:\/\/www.bellunopress.it\/#website","url":"https:\/\/www.bellunopress.it\/","name":"Bellunopress - Dolomiti","description":"e-mail: redazione@bellunopress.it","publisher":{"@id":"https:\/\/www.bellunopress.it\/#organization"},"potentialAction":[{"@type":"SearchAction","target":{"@type":"EntryPoint","urlTemplate":"https:\/\/www.bellunopress.it\/?s={search_term_string}"},"query-input":{"@type":"PropertyValueSpecification","valueRequired":true,"valueName":"search_term_string"}}],"inLanguage":"fr-FR"},{"@type":"Organization","@id":"https:\/\/www.bellunopress.it\/#organization","name":"Bellunopress","url":"https:\/\/www.bellunopress.it\/","logo":{"@type":"ImageObject","inLanguage":"fr-FR","@id":"https:\/\/www.bellunopress.it\/#\/schema\/logo\/image\/","url":"https:\/\/www.bellunopress.it\/wp-content\/uploads\/2011\/05\/cropped-logo-bellunopress-.jpg","contentUrl":"https:\/\/www.bellunopress.it\/wp-content\/uploads\/2011\/05\/cropped-logo-bellunopress-.jpg","width":512,"height":512,"caption":"Bellunopress"},"image":{"@id":"https:\/\/www.bellunopress.it\/#\/schema\/logo\/image\/"},"sameAs":["https:\/\/www.facebook.com\/profile.php?id=100008943462799","https:\/\/x.com\/bellunopress","https:\/\/www.linkedin.com\/hp\/?dnr=JBzUWaJfMUw8vbXJJ2tVW5-I3jZKvC4wsoxE&amp;amp;amp;amp;amp;amp;trk=nav_responsive_tab_home","https:\/\/www.youtube.com\/channel\/UCxL0wu1uN0_3_7hGG0306cw"]},{"@type":"Person","@id":"https:\/\/www.bellunopress.it\/#\/schema\/person\/79bb06722b37ece1c03d3e94beb30d73","name":"r\u00e9daction","image":{"@type":"ImageObject","inLanguage":"fr-FR","@id":"https:\/\/secure.gravatar.com\/avatar\/37d968a2e67a6fd04c169c4bdef102d0bc5d31b2546345219e348575eb80e9a0?s=96&d=mm&r=g","url":"https:\/\/secure.gravatar.com\/avatar\/37d968a2e67a6fd04c169c4bdef102d0bc5d31b2546345219e348575eb80e9a0?s=96&d=mm&r=g","contentUrl":"https:\/\/secure.gravatar.com\/avatar\/37d968a2e67a6fd04c169c4bdef102d0bc5d31b2546345219e348575eb80e9a0?s=96&d=mm&r=g","caption":"redazione"},"sameAs":["http:\/\/www.bellunopress.it","https:\/\/x.com\/bellunopress"],"url":"https:\/\/www.bellunopress.it\/fr\/author\/redazione\/"}]}},"_links":{"self":[{"href":"https:\/\/www.bellunopress.it\/fr\/wp-json\/wp\/v2\/posts\/7606","targetHints":{"allow":["GET"]}}],"collection":[{"href":"https:\/\/www.bellunopress.it\/fr\/wp-json\/wp\/v2\/posts"}],"about":[{"href":"https:\/\/www.bellunopress.it\/fr\/wp-json\/wp\/v2\/types\/post"}],"author":[{"embeddable":true,"href":"https:\/\/www.bellunopress.it\/fr\/wp-json\/wp\/v2\/users\/2"}],"replies":[{"embeddable":true,"href":"https:\/\/www.bellunopress.it\/fr\/wp-json\/wp\/v2\/comments?post=7606"}],"version-history":[{"count":1,"href":"https:\/\/www.bellunopress.it\/fr\/wp-json\/wp\/v2\/posts\/7606\/revisions"}],"predecessor-version":[{"id":7607,"href":"https:\/\/www.bellunopress.it\/fr\/wp-json\/wp\/v2\/posts\/7606\/revisions\/7607"}],"wp:attachment":[{"href":"https:\/\/www.bellunopress.it\/fr\/wp-json\/wp\/v2\/media?parent=7606"}],"wp:term":[{"taxonomy":"category","embeddable":true,"href":"https:\/\/www.bellunopress.it\/fr\/wp-json\/wp\/v2\/categories?post=7606"},{"taxonomy":"post_tag","embeddable":true,"href":"https:\/\/www.bellunopress.it\/fr\/wp-json\/wp\/v2\/tags?post=7606"}],"curies":[{"name":"wp","href":"https:\/\/api.w.org\/{rel}","templated":true}]}}