{"id":7603,"date":"2009-09-01T15:48:37","date_gmt":"2009-09-01T14:48:37","guid":{"rendered":"http:\/\/www.bellunopress.it\/?p=7603"},"modified":"2009-09-01T15:48:37","modified_gmt":"2009-09-01T14:48:37","slug":"festa-di-chiusura-al-centro-estivo","status":"publish","type":"post","link":"https:\/\/www.bellunopress.it\/fr\/2009\/09\/01\/festa-di-chiusura-al-centro-estivo\/","title":{"rendered":"Festa di chiusura al centro estivo"},"content":{"rendered":"<p><a href=\"http:\/\/www.bellunopress.it\/wp-content\/uploads\/2009\/09\/bambini-centro-estivo.jpg\"><img loading=\"lazy\" decoding=\"async\" class=\"alignleft size-medium wp-image-7604\" title=\"bambini-centro-estivo\" src=\"http:\/\/www.bellunopress.it\/wp-content\/uploads\/2009\/09\/bambini-centro-estivo.jpg\" alt=\"\" width=\"240\" height=\"180\" \/><\/a>Venerd\u00ec scorso, si sono chiuse con una bella festa per bambini, famiglie e operatori, le attivit\u00e0 2009 del centro estivo comunale.\u00a0 Il centro \u00e8 stato aperto, nella scuola materna di Mur di Cadola, dal 6 luglio al 28 agosto per i bambini dai 3 agli 11 anni, organizzato e gestito dalla Cooperativa Monteserva, con servizi di mensa e trasporto. In totale sono stati iscritti 183 bambini, e tutte le settimane hanno registrato il tetto massimo di iscrizioni. Per ogni giornata era stato fissato un massimo di 90 iscritti.<br \/>\nIl tema dell&#8217;edizione di quest&#8217;anno \u00e8 stato \u201cIl Nostro Puzzle\u201d, perch\u00e9 i bambini, come tessere del grande puzzle della vita, sono stati accompagnati in un appassionante viaggio ricco di stimoli, attivit\u00e0 divertenti e coinvolgenti, alla scoperta degli altri, di s\u00e9 e della natura del nostro territorio, fino a comporre un&#8217;immagine finale completa di significato.<br \/>\nIn particolare, sono state proposte le seguenti attivit\u00e0:<br \/>\nApprofondimento e sviluppo della tematica dell\u2019integrazione (multiculturale, ma anche tra i bambini stessi).<br \/>\nquotidianamente: laboratori creativi, passeggiate nei parchi cittadini, giochi di mondialit\u00e0 e di pace, giochi d\u2019acqua, laboratori culinari, cacce al tesoro\u2026<br \/>\nBreve corso di educazione musicale: \u201cSuoni dal mondo \u2013 Un mondo di suoni\u201d condotto da Nelso Salton.<br \/>\nBreve corso di fumetto, in cui i bambini hanno appreso alcune divertenti tecniche, condotto da Francesca Vendraminelli. Corso di teatro con la ripresa, rielaborazione e produzione di un breve filmato di una storia sull\u2019integrazione dal titolo \u201cfio di giuggiola\u201d, proiettata nel corso della festa finale.<br \/>\nCollaborazione per alcuni laboratori con l\u2019associazione \u201cInsieme si pu\u00f2\u2026\u201d di Belluno.<br \/>\nAlcuni rappresentanti del progetto \u201cAnna Vienna\u201d hanno incontrato i bambini raccontando loro le storie e i giochi di un tempo, in un\u2019ottica di scambio intergenerazionale che ha coinvolto piacevolmente entrambi i gruppi.\u00a0 Escursioni sul territorio ogni marted\u00ec e gioved\u00ec. Il bilancio dell&#8217;iniziativa \u00e8 quindi positivo e a dirsi molto soddisfatto \u00e8, in primis, l&#8217;assessore alle Politiche per la Famiglia, Marco Da Rin Zanco: \u201cAnche quest&#8217;estate il Comune di Belluno non ha fatto mancare il proprio appoggio alle famiglie in una stagione come quella estiva che spesso pone grossi problemi di accudimento dei figli a fronte del lungo periodo di chiusura delle scuole. Anche in un&#8217;annata difficile per le finanze degli enti pubblici, voglio ricordare che le tariffe del centro estivo, \u201ctariffe sociali\u201d, sono rimaste le medesime dell&#8217;anno scorso. Tengo anche a sottolineare la valenza educativa del nostro centro estivo che ha visto impegnati operatori professionali, alle prese in particolare con un tema importante come quello dell&#8217;integrazione. E&#8217; doveroso e sentito un ringraziamento alla Cooperativa Monteserva che ha gestito il Centro con professionalit\u00e0 e infine un plauso anche a tutti quei privati e soggetti no-profit che hanno lavorato quest&#8217;estate per offrire opportunit\u00e0 per i nostri bambini e giovani, andando a completare il panorama di proposte estive a disposizione delle famiglie bellunesi\u201d.<\/p>","protected":false},"excerpt":{"rendered":"<p>Venerd\u00ec scorso, si sono chiuse con una bella festa per bambini, famiglie e operatori, le attivit\u00e0 2009 del centro estivo comunale.\u00a0 Il centro \u00e8 stato aperto, nella scuola materna di Mur di Cadola, dal 6 luglio al 28 agosto per i bambini dai 3 agli 11 anni, organizzato e gestito dalla Cooperativa Monteserva, con servizi [&hellip;]<\/p>\n","protected":false},"author":2,"featured_media":0,"comment_status":"closed","ping_status":"open","sticky":false,"template":"","format":"standard","meta":{"footnotes":""},"categories":[26,15],"tags":[139],"class_list":["post-7603","post","type-post","status-publish","format-standard","category-prima-pagina","category-scuola","tag-belluno"],"yoast_head":"<!-- This site is optimized with the Yoast SEO plugin v28.4 - https:\/\/yoast.com\/product\/yoast-seo-wordpress\/ -->\n<title>Festa di chiusura al centro estivo - Bellunopress - Dolomiti<\/title>\n<meta name=\"robots\" content=\"index, follow, max-snippet:-1, max-image-preview:large, max-video-preview:-1\" \/>\n<link rel=\"canonical\" href=\"https:\/\/www.bellunopress.it\/fr\/2009\/09\/01\/festa-di-chiusura-al-centro-estivo\/\" \/>\n<meta property=\"og:locale\" content=\"fr_FR\" \/>\n<meta property=\"og:type\" content=\"article\" \/>\n<meta property=\"og:title\" content=\"Festa di chiusura al centro estivo - Bellunopress - Dolomiti\" \/>\n<meta property=\"og:description\" content=\"Venerd\u00ec scorso, si sono chiuse con una bella festa per bambini, famiglie e operatori, le attivit\u00e0 2009 del centro estivo comunale.\u00a0 Il centro \u00e8 stato aperto, nella scuola materna di Mur di Cadola, dal 6 luglio al 28 agosto per i bambini dai 3 agli 11 anni, organizzato e gestito dalla Cooperativa Monteserva, con servizi [&hellip;]\" \/>\n<meta property=\"og:url\" content=\"https:\/\/www.bellunopress.it\/fr\/2009\/09\/01\/festa-di-chiusura-al-centro-estivo\/\" \/>\n<meta property=\"og:site_name\" content=\"Bellunopress - Dolomiti\" \/>\n<meta property=\"article:publisher\" content=\"https:\/\/www.facebook.com\/profile.php?id=100008943462799\" \/>\n<meta property=\"article:published_time\" content=\"2009-09-01T14:48:37+00:00\" \/>\n<meta property=\"og:image\" content=\"http:\/\/www.bellunopress.it\/wp-content\/uploads\/2009\/09\/bambini-centro-estivo.jpg\" \/>\n<meta name=\"author\" content=\"redazione\" \/>\n<meta name=\"twitter:card\" content=\"summary_large_image\" \/>\n<meta name=\"twitter:creator\" content=\"@bellunopress\" \/>\n<meta name=\"twitter:site\" content=\"@bellunopress\" \/>\n<meta name=\"twitter:label1\" content=\"Written by\" \/>\n\t<meta name=\"twitter:data1\" content=\"redazione\" \/>\n\t<meta name=\"twitter:label2\" content=\"Est. reading time\" \/>\n\t<meta name=\"twitter:data2\" content=\"2 minutes\" \/>\n<script type=\"application\/ld+json\" class=\"yoast-schema-graph\">{\"@context\":\"https:\\\/\\\/schema.org\",\"@graph\":[{\"@type\":\"Article\",\"@id\":\"https:\\\/\\\/www.bellunopress.it\\\/2009\\\/09\\\/01\\\/festa-di-chiusura-al-centro-estivo\\\/#article\",\"isPartOf\":{\"@id\":\"https:\\\/\\\/www.bellunopress.it\\\/2009\\\/09\\\/01\\\/festa-di-chiusura-al-centro-estivo\\\/\"},\"author\":{\"name\":\"redazione\",\"@id\":\"https:\\\/\\\/www.bellunopress.it\\\/#\\\/schema\\\/person\\\/79bb06722b37ece1c03d3e94beb30d73\"},\"headline\":\"Festa di chiusura al centro estivo\",\"datePublished\":\"2009-09-01T14:48:37+00:00\",\"mainEntityOfPage\":{\"@id\":\"https:\\\/\\\/www.bellunopress.it\\\/2009\\\/09\\\/01\\\/festa-di-chiusura-al-centro-estivo\\\/\"},\"wordCount\":475,\"publisher\":{\"@id\":\"https:\\\/\\\/www.bellunopress.it\\\/#organization\"},\"image\":{\"@id\":\"https:\\\/\\\/www.bellunopress.it\\\/2009\\\/09\\\/01\\\/festa-di-chiusura-al-centro-estivo\\\/#primaryimage\"},\"thumbnailUrl\":\"http:\\\/\\\/www.bellunopress.it\\\/wp-content\\\/uploads\\\/2009\\\/09\\\/bambini-centro-estivo.jpg\",\"keywords\":[\"Belluno\"],\"articleSection\":[\"Prima Pagina\",\"Scuola\"],\"inLanguage\":\"fr-FR\"},{\"@type\":\"WebPage\",\"@id\":\"https:\\\/\\\/www.bellunopress.it\\\/2009\\\/09\\\/01\\\/festa-di-chiusura-al-centro-estivo\\\/\",\"url\":\"https:\\\/\\\/www.bellunopress.it\\\/2009\\\/09\\\/01\\\/festa-di-chiusura-al-centro-estivo\\\/\",\"name\":\"Festa di chiusura al centro estivo - Bellunopress - Dolomiti\",\"isPartOf\":{\"@id\":\"https:\\\/\\\/www.bellunopress.it\\\/#website\"},\"primaryImageOfPage\":{\"@id\":\"https:\\\/\\\/www.bellunopress.it\\\/2009\\\/09\\\/01\\\/festa-di-chiusura-al-centro-estivo\\\/#primaryimage\"},\"image\":{\"@id\":\"https:\\\/\\\/www.bellunopress.it\\\/2009\\\/09\\\/01\\\/festa-di-chiusura-al-centro-estivo\\\/#primaryimage\"},\"thumbnailUrl\":\"http:\\\/\\\/www.bellunopress.it\\\/wp-content\\\/uploads\\\/2009\\\/09\\\/bambini-centro-estivo.jpg\",\"datePublished\":\"2009-09-01T14:48:37+00:00\",\"breadcrumb\":{\"@id\":\"https:\\\/\\\/www.bellunopress.it\\\/2009\\\/09\\\/01\\\/festa-di-chiusura-al-centro-estivo\\\/#breadcrumb\"},\"inLanguage\":\"fr-FR\",\"potentialAction\":[{\"@type\":\"ReadAction\",\"target\":[\"https:\\\/\\\/www.bellunopress.it\\\/2009\\\/09\\\/01\\\/festa-di-chiusura-al-centro-estivo\\\/\"]}]},{\"@type\":\"ImageObject\",\"inLanguage\":\"fr-FR\",\"@id\":\"https:\\\/\\\/www.bellunopress.it\\\/2009\\\/09\\\/01\\\/festa-di-chiusura-al-centro-estivo\\\/#primaryimage\",\"url\":\"http:\\\/\\\/www.bellunopress.it\\\/wp-content\\\/uploads\\\/2009\\\/09\\\/bambini-centro-estivo.jpg\",\"contentUrl\":\"http:\\\/\\\/www.bellunopress.it\\\/wp-content\\\/uploads\\\/2009\\\/09\\\/bambini-centro-estivo.jpg\"},{\"@type\":\"BreadcrumbList\",\"@id\":\"https:\\\/\\\/www.bellunopress.it\\\/2009\\\/09\\\/01\\\/festa-di-chiusura-al-centro-estivo\\\/#breadcrumb\",\"itemListElement\":[{\"@type\":\"ListItem\",\"position\":1,\"name\":\"Home\",\"item\":\"https:\\\/\\\/www.bellunopress.it\\\/\"},{\"@type\":\"ListItem\",\"position\":2,\"name\":\"Festa di chiusura al centro estivo\"}]},{\"@type\":\"WebSite\",\"@id\":\"https:\\\/\\\/www.bellunopress.it\\\/#website\",\"url\":\"https:\\\/\\\/www.bellunopress.it\\\/\",\"name\":\"Bellunopress - Dolomiti\",\"description\":\"e-mail: redazione@bellunopress.it\",\"publisher\":{\"@id\":\"https:\\\/\\\/www.bellunopress.it\\\/#organization\"},\"potentialAction\":[{\"@type\":\"SearchAction\",\"target\":{\"@type\":\"EntryPoint\",\"urlTemplate\":\"https:\\\/\\\/www.bellunopress.it\\\/?s={search_term_string}\"},\"query-input\":{\"@type\":\"PropertyValueSpecification\",\"valueRequired\":true,\"valueName\":\"search_term_string\"}}],\"inLanguage\":\"fr-FR\"},{\"@type\":\"Organization\",\"@id\":\"https:\\\/\\\/www.bellunopress.it\\\/#organization\",\"name\":\"Bellunopress\",\"url\":\"https:\\\/\\\/www.bellunopress.it\\\/\",\"logo\":{\"@type\":\"ImageObject\",\"inLanguage\":\"fr-FR\",\"@id\":\"https:\\\/\\\/www.bellunopress.it\\\/#\\\/schema\\\/logo\\\/image\\\/\",\"url\":\"https:\\\/\\\/www.bellunopress.it\\\/wp-content\\\/uploads\\\/2011\\\/05\\\/cropped-logo-bellunopress-.jpg\",\"contentUrl\":\"https:\\\/\\\/www.bellunopress.it\\\/wp-content\\\/uploads\\\/2011\\\/05\\\/cropped-logo-bellunopress-.jpg\",\"width\":512,\"height\":512,\"caption\":\"Bellunopress\"},\"image\":{\"@id\":\"https:\\\/\\\/www.bellunopress.it\\\/#\\\/schema\\\/logo\\\/image\\\/\"},\"sameAs\":[\"https:\\\/\\\/www.facebook.com\\\/profile.php?id=100008943462799\",\"https:\\\/\\\/x.com\\\/bellunopress\",\"https:\\\/\\\/www.linkedin.com\\\/hp\\\/?dnr=JBzUWaJfMUw8vbXJJ2tVW5-I3jZKvC4wsoxE&amp;amp;amp;amp;amp;amp;trk=nav_responsive_tab_home\",\"https:\\\/\\\/www.youtube.com\\\/channel\\\/UCxL0wu1uN0_3_7hGG0306cw\"]},{\"@type\":\"Person\",\"@id\":\"https:\\\/\\\/www.bellunopress.it\\\/#\\\/schema\\\/person\\\/79bb06722b37ece1c03d3e94beb30d73\",\"name\":\"redazione\",\"image\":{\"@type\":\"ImageObject\",\"inLanguage\":\"fr-FR\",\"@id\":\"https:\\\/\\\/secure.gravatar.com\\\/avatar\\\/37d968a2e67a6fd04c169c4bdef102d0bc5d31b2546345219e348575eb80e9a0?s=96&d=mm&r=g\",\"url\":\"https:\\\/\\\/secure.gravatar.com\\\/avatar\\\/37d968a2e67a6fd04c169c4bdef102d0bc5d31b2546345219e348575eb80e9a0?s=96&d=mm&r=g\",\"contentUrl\":\"https:\\\/\\\/secure.gravatar.com\\\/avatar\\\/37d968a2e67a6fd04c169c4bdef102d0bc5d31b2546345219e348575eb80e9a0?s=96&d=mm&r=g\",\"caption\":\"redazione\"},\"sameAs\":[\"http:\\\/\\\/www.bellunopress.it\",\"https:\\\/\\\/x.com\\\/bellunopress\"],\"url\":\"https:\\\/\\\/www.bellunopress.it\\\/fr\\\/author\\\/redazione\\\/\"}]}<\/script>\n<!-- \/ Yoast SEO plugin. -->","yoast_head_json":{"title":"Festa di chiusura al centro estivo - Bellunopress - Dolomiti","robots":{"index":"index","follow":"follow","max-snippet":"max-snippet:-1","max-image-preview":"max-image-preview:large","max-video-preview":"max-video-preview:-1"},"canonical":"https:\/\/www.bellunopress.it\/fr\/2009\/09\/01\/festa-di-chiusura-al-centro-estivo\/","og_locale":"fr_FR","og_type":"article","og_title":"Festa di chiusura al centro estivo - Bellunopress - Dolomiti","og_description":"Venerd\u00ec scorso, si sono chiuse con una bella festa per bambini, famiglie e operatori, le attivit\u00e0 2009 del centro estivo comunale.\u00a0 Il centro \u00e8 stato aperto, nella scuola materna di Mur di Cadola, dal 6 luglio al 28 agosto per i bambini dai 3 agli 11 anni, organizzato e gestito dalla Cooperativa Monteserva, con servizi [&hellip;]","og_url":"https:\/\/www.bellunopress.it\/fr\/2009\/09\/01\/festa-di-chiusura-al-centro-estivo\/","og_site_name":"Bellunopress - Dolomiti","article_publisher":"https:\/\/www.facebook.com\/profile.php?id=100008943462799","article_published_time":"2009-09-01T14:48:37+00:00","og_image":[{"url":"http:\/\/www.bellunopress.it\/wp-content\/uploads\/2009\/09\/bambini-centro-estivo.jpg","type":"","width":"","height":""}],"author":"redazione","twitter_card":"summary_large_image","twitter_creator":"@bellunopress","twitter_site":"@bellunopress","twitter_misc":{"Written by":"redazione","Est. reading time":"2 minutes"},"schema":{"@context":"https:\/\/schema.org","@graph":[{"@type":"Article","@id":"https:\/\/www.bellunopress.it\/2009\/09\/01\/festa-di-chiusura-al-centro-estivo\/#article","isPartOf":{"@id":"https:\/\/www.bellunopress.it\/2009\/09\/01\/festa-di-chiusura-al-centro-estivo\/"},"author":{"name":"redazione","@id":"https:\/\/www.bellunopress.it\/#\/schema\/person\/79bb06722b37ece1c03d3e94beb30d73"},"headline":"Festa di chiusura al centro estivo","datePublished":"2009-09-01T14:48:37+00:00","mainEntityOfPage":{"@id":"https:\/\/www.bellunopress.it\/2009\/09\/01\/festa-di-chiusura-al-centro-estivo\/"},"wordCount":475,"publisher":{"@id":"https:\/\/www.bellunopress.it\/#organization"},"image":{"@id":"https:\/\/www.bellunopress.it\/2009\/09\/01\/festa-di-chiusura-al-centro-estivo\/#primaryimage"},"thumbnailUrl":"http:\/\/www.bellunopress.it\/wp-content\/uploads\/2009\/09\/bambini-centro-estivo.jpg","keywords":["Belluno"],"articleSection":["Prima Pagina","Scuola"],"inLanguage":"fr-FR"},{"@type":"WebPage","@id":"https:\/\/www.bellunopress.it\/2009\/09\/01\/festa-di-chiusura-al-centro-estivo\/","url":"https:\/\/www.bellunopress.it\/2009\/09\/01\/festa-di-chiusura-al-centro-estivo\/","name":"Festa di chiusura al centro estivo - Bellunopress - Dolomiti","isPartOf":{"@id":"https:\/\/www.bellunopress.it\/#website"},"primaryImageOfPage":{"@id":"https:\/\/www.bellunopress.it\/2009\/09\/01\/festa-di-chiusura-al-centro-estivo\/#primaryimage"},"image":{"@id":"https:\/\/www.bellunopress.it\/2009\/09\/01\/festa-di-chiusura-al-centro-estivo\/#primaryimage"},"thumbnailUrl":"http:\/\/www.bellunopress.it\/wp-content\/uploads\/2009\/09\/bambini-centro-estivo.jpg","datePublished":"2009-09-01T14:48:37+00:00","breadcrumb":{"@id":"https:\/\/www.bellunopress.it\/2009\/09\/01\/festa-di-chiusura-al-centro-estivo\/#breadcrumb"},"inLanguage":"fr-FR","potentialAction":[{"@type":"ReadAction","target":["https:\/\/www.bellunopress.it\/2009\/09\/01\/festa-di-chiusura-al-centro-estivo\/"]}]},{"@type":"ImageObject","inLanguage":"fr-FR","@id":"https:\/\/www.bellunopress.it\/2009\/09\/01\/festa-di-chiusura-al-centro-estivo\/#primaryimage","url":"http:\/\/www.bellunopress.it\/wp-content\/uploads\/2009\/09\/bambini-centro-estivo.jpg","contentUrl":"http:\/\/www.bellunopress.it\/wp-content\/uploads\/2009\/09\/bambini-centro-estivo.jpg"},{"@type":"BreadcrumbList","@id":"https:\/\/www.bellunopress.it\/2009\/09\/01\/festa-di-chiusura-al-centro-estivo\/#breadcrumb","itemListElement":[{"@type":"ListItem","position":1,"name":"Home","item":"https:\/\/www.bellunopress.it\/"},{"@type":"ListItem","position":2,"name":"Festa di chiusura al centro estivo"}]},{"@type":"WebSite","@id":"https:\/\/www.bellunopress.it\/#website","url":"https:\/\/www.bellunopress.it\/","name":"Bellunopress - Dolomiti","description":"e-mail: redazione@bellunopress.it","publisher":{"@id":"https:\/\/www.bellunopress.it\/#organization"},"potentialAction":[{"@type":"SearchAction","target":{"@type":"EntryPoint","urlTemplate":"https:\/\/www.bellunopress.it\/?s={search_term_string}"},"query-input":{"@type":"PropertyValueSpecification","valueRequired":true,"valueName":"search_term_string"}}],"inLanguage":"fr-FR"},{"@type":"Organization","@id":"https:\/\/www.bellunopress.it\/#organization","name":"Bellunopress","url":"https:\/\/www.bellunopress.it\/","logo":{"@type":"ImageObject","inLanguage":"fr-FR","@id":"https:\/\/www.bellunopress.it\/#\/schema\/logo\/image\/","url":"https:\/\/www.bellunopress.it\/wp-content\/uploads\/2011\/05\/cropped-logo-bellunopress-.jpg","contentUrl":"https:\/\/www.bellunopress.it\/wp-content\/uploads\/2011\/05\/cropped-logo-bellunopress-.jpg","width":512,"height":512,"caption":"Bellunopress"},"image":{"@id":"https:\/\/www.bellunopress.it\/#\/schema\/logo\/image\/"},"sameAs":["https:\/\/www.facebook.com\/profile.php?id=100008943462799","https:\/\/x.com\/bellunopress","https:\/\/www.linkedin.com\/hp\/?dnr=JBzUWaJfMUw8vbXJJ2tVW5-I3jZKvC4wsoxE&amp;amp;amp;amp;amp;amp;trk=nav_responsive_tab_home","https:\/\/www.youtube.com\/channel\/UCxL0wu1uN0_3_7hGG0306cw"]},{"@type":"Person","@id":"https:\/\/www.bellunopress.it\/#\/schema\/person\/79bb06722b37ece1c03d3e94beb30d73","name":"r\u00e9daction","image":{"@type":"ImageObject","inLanguage":"fr-FR","@id":"https:\/\/secure.gravatar.com\/avatar\/37d968a2e67a6fd04c169c4bdef102d0bc5d31b2546345219e348575eb80e9a0?s=96&d=mm&r=g","url":"https:\/\/secure.gravatar.com\/avatar\/37d968a2e67a6fd04c169c4bdef102d0bc5d31b2546345219e348575eb80e9a0?s=96&d=mm&r=g","contentUrl":"https:\/\/secure.gravatar.com\/avatar\/37d968a2e67a6fd04c169c4bdef102d0bc5d31b2546345219e348575eb80e9a0?s=96&d=mm&r=g","caption":"redazione"},"sameAs":["http:\/\/www.bellunopress.it","https:\/\/x.com\/bellunopress"],"url":"https:\/\/www.bellunopress.it\/fr\/author\/redazione\/"}]}},"_links":{"self":[{"href":"https:\/\/www.bellunopress.it\/fr\/wp-json\/wp\/v2\/posts\/7603","targetHints":{"allow":["GET"]}}],"collection":[{"href":"https:\/\/www.bellunopress.it\/fr\/wp-json\/wp\/v2\/posts"}],"about":[{"href":"https:\/\/www.bellunopress.it\/fr\/wp-json\/wp\/v2\/types\/post"}],"author":[{"embeddable":true,"href":"https:\/\/www.bellunopress.it\/fr\/wp-json\/wp\/v2\/users\/2"}],"replies":[{"embeddable":true,"href":"https:\/\/www.bellunopress.it\/fr\/wp-json\/wp\/v2\/comments?post=7603"}],"version-history":[{"count":1,"href":"https:\/\/www.bellunopress.it\/fr\/wp-json\/wp\/v2\/posts\/7603\/revisions"}],"predecessor-version":[{"id":7605,"href":"https:\/\/www.bellunopress.it\/fr\/wp-json\/wp\/v2\/posts\/7603\/revisions\/7605"}],"wp:attachment":[{"href":"https:\/\/www.bellunopress.it\/fr\/wp-json\/wp\/v2\/media?parent=7603"}],"wp:term":[{"taxonomy":"category","embeddable":true,"href":"https:\/\/www.bellunopress.it\/fr\/wp-json\/wp\/v2\/categories?post=7603"},{"taxonomy":"post_tag","embeddable":true,"href":"https:\/\/www.bellunopress.it\/fr\/wp-json\/wp\/v2\/tags?post=7603"}],"curies":[{"name":"wp","href":"https:\/\/api.w.org\/{rel}","templated":true}]}}