{"id":7587,"date":"2009-09-01T11:52:51","date_gmt":"2009-09-01T10:52:51","guid":{"rendered":"http:\/\/www.bellunopress.it\/?p=7587"},"modified":"2009-09-02T09:48:18","modified_gmt":"2009-09-02T08:48:18","slug":"arte-di-strada-a-feltre-e-pedavena-il-programma-completo-della-manifestazione-che-inizia-oggi-i-settembre","status":"publish","type":"post","link":"https:\/\/www.bellunopress.it\/fr\/2009\/09\/01\/arte-di-strada-a-feltre-e-pedavena-il-programma-completo-della-manifestazione-che-inizia-oggi-i-settembre\/","title":{"rendered":"Arte di Strada a Feltre e Pedavena: il programma completo della manifestazione che inizia oggi I settembre"},"content":{"rendered":"<p>Per l&#8217;undicesimo anno consecutivo, ritorner\u00e0 a Feltre e Pedavena ad inizio settembre, Voil\u00e0, la rassegna Internazionale di Arte di Strada, che tanto successo ha riscosso nelle precedenti edizioni, caratterizzata dalla presenza di artisti e compagnie di assoluto prestigio e preceduta, a Feltre, da \u201cVoil\u00e0 qui e l\u00e0\u201d, il prologo itinerante nelle frazioni cittadine, che ha debuttato lo scorso anno.<br \/>\n<strong>Programma di Feltre<br \/>\n<\/strong>A tenere a battesimo la nutrita serie di spettacoli, tutti ad ingresso gratuito e con inizio alle 20.30, marted\u00ec 1 settembre sar\u00e0 il Casel di Foen, dove gli Eccentrici Dadar\u00f2 proporranno Valigia a una piazza. Si tratta di uno spettacolo ironico e dolce, rappresentato da un mimo-clown che vive stupendo e stupendosi di ci\u00f2 che accade intorno a lui. Tutto diventa magia e questa un mezzo per parlare d&#8217;amore, dei sogni pi\u00f9 nascosti, di viaggi fantastici. Pupazzi, suoni, strumenti insoliti, palloncini, un \u201cAugusto\u201d con lo sguardo da bambino e la giacca troppo grande, immagini che appartengono forse ad un cartone animato, ma si trasformano in realt\u00e0 coinvolgendo totalmente grandi e piccini.<br \/>\nLo spettacolo \u00e8 stato premiato al Festival Internazionale di strada di Vevey (Svizzera) nel 2001.<br \/>\nMercoled\u00ec 2 settembre, il Casel di Lamen, ospiter\u00e0 El Kote in Tutto su ruote e Qui l&#8217;unica bestia sono io.<br \/>\nLo spettacolo \u201cdel Kote\u201d, artista cileno in viaggio da 4 anni, \u00e8 una \u201cperformance alchemica\u201d, una spettacolare esplosione di energia, la trasformazione di qualunque stato d&#8217;animo in attenzione e risata. El Kote passa dal monociclo ad una bici \u201ca tre piani\u201d costruita apposta per lui, dal doppio diablo alle lame da fachiro, ma d\u00e0 anche spazio alla suspence meno \u201cardita\u201d e ugualmente efficace con i suoi personaggi: Super Rana e Super Cane, demenziali quanto spassosi, che piombano \u201cnel cerchio\u201d creato dal pubblico come 007 (del resto la musica di sottofondo \u00e8 inconfondibile), muniti di speciali paracaduti o si fanno malmenare da uno particolare \u201cKote matrix\u201d con tanto di abito da scena e occhiale per concludere sempre con una bella morale.. meglio l&#8217;amore che la guerra.<br \/>\nLuca Regina in Regina a 24 carati si esibir\u00e0, invece, a Villaga, gioved\u00ec 3 settembre, presentando un gentiluomo, un coniglio, una corona e una valigia piena di brillanti\u2026Pi\u00f9 che uno spettacolo siamo di fronte ad una fiera delle meraviglie, un bazar dell\u2019assurdo, un marasma inenarrabile\u2026Il Conte Regina carico di humour e self control sfider\u00e0 i vostri riflessi e le vostre razionali certezze, cercher\u00e0 di illudervi e raggirarvi e vi convincer\u00e0 che pi\u00f9 che mai l\u2019apparenza \u00e8 ci\u00f2 che conta e che \u00e8 tutto oro quel che luccica. Atti comici a ritmo incalzante, apparizioni di improbabili pennuti, funambolismi di foulard egocentrici\u2026un vero filantropo del buon umore, un cortigiano della risata, comico irriverente e ciarlatano.<br \/>\nL&#8217;ultimo incontro frazionale si avr\u00e0 ad Anz\u00f9, nel capannone dell&#8217;U.S. San Vittore, venerd\u00ec 4 settembre, con Big Ben in I have a dream.<br \/>\nIl sogno di saper volare viene realizzato, in uno spettacolo di clownerie acrobatiche, da Benjamin Delmas, artista franco \u2013 inglese, grazie ad un trampolino elastico con il quale sfida le leggi della gravit\u00e0 fisica e mentale. Big Ben si esibir\u00e0 in pazze acrobazie aeree coinvolgendo il pubblico, divenendo uomo-cannone, dove il cannone sono gli spettatori che lo innalzano in aria a super-cartoon. Ben interpreta un clown eccentrico-metropolitano, dosando ironia e provocazione, abilit\u00e0 circensi e teatro fisico. In pi\u00f9 di 15 anni di carriera, Benjamin Delmas ha al suo attivo la vincita di diversi concorsi, fra i quali il Premio \u201cFNAS Cantieri di Strada\u201d ed il Premio della Regione Piemonte.<br \/>\nPrima di approdare nella tradizionale cornice di Piazza Maggiore, Voil\u00e0 far\u00e0 tappa in Largo Castaldi dalle ore 16,30 di sabato 5 settembre, proponendo inizialmente il croato Barabba Clown, che si ritrova nelle situazioni pi\u00f9 assurde \u2026 circondandosi di persone che non sanno bene quel che accadr\u00e0 \u2026 ma, poi, come sempre, un fischio e si aprono le danze \u2026 Barabba Clown rivisita, mescolandole, diverse tecniche: forma eccentrica e comica, pantomima acrobatica, giocoleria ed il pizzico di fuoco che, come dice lui, \u201cci sta sempre bene\u201d. Barabba \u00e8 un clown volubile, cui piace sempre e comunque stare al centro dello spettacolo, durante il quale \u00e8 assalito da dubbi: \u201cSono io che sono qui per voi? \u2026 O voi che siete qui per me?\u201d. La risposta sar\u00e0 esilarante.<br \/>\nInsieme a lui, ci sar\u00e0 la Statua vivente di Henry White, che si esibisce dal 1999 in personaggi storici e costumi d\u2019epoca. Rappresenta monumenti marmorei, ispirati alla cultura barocca e al patrimonio di statue presenti nelle piazze d\u2019Italia. La sua tecnica va oltre l\u2019immobilismo e rappresenta una ricerca meditativa e di comunicazione del silenzio, attraverso l\u2019iconografia classica della statuaria. Lo spettacolo si basa sulla provocazione dell\u2019essere umano completamente, volutamente immobile e passivo, che tuttavia si espone e propone un messaggio fortemente interattivo.<br \/>\nIn serata, dalle 20.30, la rassegna approder\u00e0 in Piazza Maggiore (in caso di maltempo all&#8217;Auditorium dell&#8217; Istituto Canossiano), dove, a scaldare l&#8217;ambiente, sar\u00e0 ancora Barabba Clown, nella riproposizione del proprio spettacolo, con alcune varianti, prima di cedere la scena agli Slapsus in Fairplay.<br \/>\nLorenzo Baronchelli, Michele Cremaschi, Pier Frugnoli, Manuel Gregna, direttamente da \u201cZelig off\u201d di Canale 5 nel quale hanno debuttato nel 2008 presentano un &#8216;olimpiade di risate. Fairplay \u00e8 il goffo tentativo di cimentarsi per la prima volta in una sconosciuta specialit\u00e0 sportiva, \u00e8 la sfida al campione in carica per la conquista del podio, \u00e8 l&#8217;incidente che avviene nel bel mezzo della gara. Quattro clown alle prese con svariate discipline sportive con esiti non sempre da campioni.<br \/>\nL&#8217;ultima giornata di Voil\u00e0 si terr\u00e0 ancora in Piazza Maggiore (in caso di maltempo al Palaghiaccio), domenica 6 settembre, dalle ore 16.30, introdotta da I Mapo in Willy e Marilyn, per uno spettacolo di acrobatica, magia, giocoleria e candida perversione nel quale non mancheranno colpi di scena e sorprese \u2026 da mozzare il fiato per bellezza, poesia e virtuosismo. Con comicit\u00e0, salti mortali, disperazioni d\u2019amore e vendette senza scrupolo I Mapo (Isabella Macchi e Paolo Dei Giudici) raccontano la storia di Willy e Marilyn, due personaggi eclettici e sorprendenti, tragici ed ironici, che vi delizieranno con le loro arti e la loro passione. Come dicono gli interpreti: \u201cSe il pubblico vuole sangue lo avr\u00e0, se vuole ridere rider\u00e0, se vuole piangere, pianger\u00e0\u201d.<br \/>\nLa conclusione spetter\u00e0 a Wanda Family Circus in I comici fakiri, nel quale Wanda \u00e8 attrice, sputafuoco, irriverente cabarettista e regista. In teatro \u00e8 stata anche a fianco di Enzo Jannacci con \u201cLa scommessa\u201d, diretta dal cantante milanese che l\u2019ha selezionata per altre performances teatrali. Ma il suo mondo \u00e8 quello del teatro di strada, in cui la sua verve di artista e showgirl si trasforma in un\u2019esplosione di energia, ne fa un animale da palcoscenico che sa tenere in pugno gli spettatori coinvolgendoli in prima persona nei suoi spettacoli. In quest\u2019ultimo ha coinvolto anche il figlio, con lei a Feltre.<br \/>\nL&#8217;iniziativa \u00e8 realizzata nell&#8217;ambito dell\u2019Accordo di Programma Regione Veneto \u2013 Comune di Feltre, con il contributo della COOP Adriatica e la collaborazione del Palaghiaccio.<br \/>\nInfo per Feltre: Tel. 348\/01228212.<\/p>\n<p><strong>Programma di Pedavena<br \/>\n<\/strong>Sabato 12 settembre ore 20.30 &#8211; Parco Birreria Pedavena (Area Tennis)<br \/>\nIngresso \u20ac 5,00 &#8211; Bambini sotto i 6 anni gratis<br \/>\nLuca Chiarva (Cuneo) in fl\u2019AIR<br \/>\nRivelazione internazionale della giocoleria: 6 clave, 7 palline, 5 torce. Verticali a 2,5 m di altezza, equlibrismo di oggetti, rolla bolla su 3 rulli, spinning. Raffinatezza, eleganza, armonia: la poesia del movimento. A soli 21 anni.<br \/>\nLuigi Ciotta (Torino) in Funky Pudding<br \/>\nSpettacolo comico-buffonesco dai toni surreali. Un cuoco ingordo ed obeso alle prese con la sua cucina ricavata all\u2019interno di un bidone dell\u2019immondizia: la sua arte culinaria \u00e8 basata sul riciclaggio di ogni genere di rifiuti. Un monito sugli eccessi dei consumi e sull\u2019abuso alimentare. Attenti perch\u00e9 \u201cTutto ci\u00f2 che Buttate Pu\u00f2 Essere Usato Contro di Voi\u201d. Vincitore del Concorso nazionale \u201cCantieri di strada\u201d 2009 della FNAS categoria Uanmensci\u00f2.<br \/>\nInstabile Urga (Ferrara) in Burn: BruciA<br \/>\nFinale di fuoco con le magiche figure disegnate nel buio da due danzatori con ogni sorta di attrezzi: bolas, corde, bastoni accesi. Per concludere con combattimenti di spade e clave infuocate.<br \/>\nDomenica 13 settembre<br \/>\nOre 15.30 &#8211; Piazza 1\u00b0 Novembre Pedavena<br \/>\nAnimazione di Piazza<br \/>\nGiocolieri, acrobati, trampolieri, monociclisit, clown in una sfrenata kermesse ai ritmi della Jour de F\u00eate Street Band. A seguire Parata di Strada verso la Birreria: un vivace corteo all\u2019insegna dell\u2019allegria. Tutti possono partecipare, basta saper buttar per aria qualche oggetto\u2026 o saper camminare sulle mani. O semplicemente ridere di s\u00e9\u2026<br \/>\nParco Birreria Pedavena ore 16.30<br \/>\nIl Teatro Necessario in Nuova Barberia Carloni<br \/>\nLo spettacolo comico-musicale che quest\u2019estate ha tenuto banco in tutti i Festival di Strada. Tre aspiranti barbieri (Leonardo Adorni, Jacopo Maria Bianchini e Alessandro Mori) si apprestano ad aspettare sulla scena i propri clienti, ingannando il tempo con singolari numeri di abilit\u00e0. Quando i clienti, fra gli spettatori del pubblico, si faranno vivi, saranno naturalmente serviti di \u201cbarba e cappelli\u201d e ogni loro problema di cuoio capelluto verr\u00e0 prontamente risolto a suon di lozione. E\u2019 certo che il cliente uscir\u00e0 \u201cpulito e liscio, rigenerato nel corpo e nello spirito\u201d. Parola di Figaro.<br \/>\nL\u2019allegra brigata degli artisti di strada<br \/>\nIn vari punti del Parco si esibiranno artisti di varia natura, proponendo le loro vivaci performance: Instabile Urga, trampolieri, Ojito-Circo Vagabondo, giocoliere-equilibrista su corda molle, Dario Marod\u00ecn (El Bech\u00ecn) burattinaio dalle storie macabre ma esilaranti, Otto il Bassotto, clown classico con sculture di palloncini, Santosh Dolimano, giocoliere e suonatore di organetto diatonico, con burattini a tavoletta. Insieme a maghi, truccabimbi, mimi e quant\u2019altri vorranno esibirsi a cappello. Il tutto condito dalle note jazzate della Jour de F\u00eate Street Band.<br \/>\nParco Birreria Pedavena (Area Tennis) ore 18.00<br \/>\nFreakclown (Stefano Locati e Alessandro Valin) in Andemm<br \/>\nDimenticatevi i nasi rossi, le scarpe lunghe, le bretelle, le parrucche colorate, la musica da circo. Sono clown? Non Troppo. Sono giocolieri o acrobati? I Freakclown sono due personaggi senza tempo, senza dignit\u00e0, senza rete. Procedono con ironia sul filo dell\u2019assurdo, senza mai arrivare. E quando arrivano, ripartono subito dopo. Verso dove?<br \/>\nIn caso di maltempo gli spettacoli saranno effettuati presso il campo coperto di tennis dietro la Birreria Pedavena<br \/>\nInfo per Pedavena: 0439\/301818 \u2013 349\/8421499<br \/>\nSito Web dell\u2019intera rassegna: <a href=\"http:\/\/www.comune.feltre.bl.it\">www.comune.feltre.bl.it<\/a><\/p>","protected":false},"excerpt":{"rendered":"<p>Per l&#8217;undicesimo anno consecutivo, ritorner\u00e0 a Feltre e Pedavena ad inizio settembre, Voil\u00e0, la rassegna Internazionale di Arte di Strada, che tanto successo ha riscosso nelle precedenti edizioni, caratterizzata dalla presenza di artisti e compagnie di assoluto prestigio e preceduta, a Feltre, da \u201cVoil\u00e0 qui e l\u00e0\u201d, il prologo itinerante nelle frazioni cittadine, che ha [&hellip;]<\/p>\n","protected":false},"author":2,"featured_media":0,"comment_status":"closed","ping_status":"open","sticky":false,"template":"","format":"standard","meta":{"footnotes":""},"categories":[27,3],"tags":[302],"class_list":["post-7587","post","type-post","status-publish","format-standard","category-appuntamenti","category-arte-cultura-spettacoli-scienza-archivi","tag-feltre"],"yoast_head":"<!-- This site is optimized with the Yoast SEO plugin v28.4 - https:\/\/yoast.com\/product\/yoast-seo-wordpress\/ -->\n<title>Arte di Strada a Feltre e Pedavena: il programma completo della manifestazione che inizia oggi I settembre - Bellunopress - Dolomiti<\/title>\n<meta name=\"robots\" content=\"index, follow, max-snippet:-1, max-image-preview:large, max-video-preview:-1\" \/>\n<link rel=\"canonical\" href=\"https:\/\/www.bellunopress.it\/fr\/2009\/09\/01\/arte-di-strada-a-feltre-e-pedavena-il-programma-completo-della-manifestazione-che-inizia-oggi-i-settembre\/\" \/>\n<meta property=\"og:locale\" content=\"fr_FR\" \/>\n<meta property=\"og:type\" content=\"article\" \/>\n<meta property=\"og:title\" content=\"Arte di Strada a Feltre e Pedavena: il programma completo della manifestazione che inizia oggi I settembre - Bellunopress - Dolomiti\" \/>\n<meta property=\"og:description\" content=\"Per l&#8217;undicesimo anno consecutivo, ritorner\u00e0 a Feltre e Pedavena ad inizio settembre, Voil\u00e0, la rassegna Internazionale di Arte di Strada, che tanto successo ha riscosso nelle precedenti edizioni, caratterizzata dalla presenza di artisti e compagnie di assoluto prestigio e preceduta, a Feltre, da \u201cVoil\u00e0 qui e l\u00e0\u201d, il prologo itinerante nelle frazioni cittadine, che ha [&hellip;]\" \/>\n<meta property=\"og:url\" content=\"https:\/\/www.bellunopress.it\/fr\/2009\/09\/01\/arte-di-strada-a-feltre-e-pedavena-il-programma-completo-della-manifestazione-che-inizia-oggi-i-settembre\/\" \/>\n<meta property=\"og:site_name\" content=\"Bellunopress - Dolomiti\" \/>\n<meta property=\"article:publisher\" content=\"https:\/\/www.facebook.com\/profile.php?id=100008943462799\" \/>\n<meta property=\"article:published_time\" content=\"2009-09-01T10:52:51+00:00\" \/>\n<meta property=\"article:modified_time\" content=\"2009-09-02T08:48:18+00:00\" \/>\n<meta property=\"og:image\" content=\"http:\/\/www.bellunopress.it\/wp-content\/uploads\/2012\/07\/logo-bellunopress-250x250-2012.jpg\" \/>\n<meta name=\"author\" content=\"redazione\" \/>\n<meta name=\"twitter:card\" content=\"summary_large_image\" \/>\n<meta name=\"twitter:creator\" content=\"@bellunopress\" \/>\n<meta name=\"twitter:site\" content=\"@bellunopress\" \/>\n<meta name=\"twitter:label1\" content=\"\u00c9crit par\" \/>\n\t<meta name=\"twitter:data1\" content=\"redazione\" \/>\n\t<meta name=\"twitter:label2\" content=\"Dur\u00e9e de lecture estim\u00e9e\" \/>\n\t<meta name=\"twitter:data2\" content=\"8 minutes\" \/>\n<script type=\"application\/ld+json\" class=\"yoast-schema-graph\">{\"@context\":\"https:\\\/\\\/schema.org\",\"@graph\":[{\"@type\":\"Article\",\"@id\":\"https:\\\/\\\/www.bellunopress.it\\\/2009\\\/09\\\/01\\\/arte-di-strada-a-feltre-e-pedavena-il-programma-completo-della-manifestazione-che-inizia-oggi-i-settembre\\\/#article\",\"isPartOf\":{\"@id\":\"https:\\\/\\\/www.bellunopress.it\\\/2009\\\/09\\\/01\\\/arte-di-strada-a-feltre-e-pedavena-il-programma-completo-della-manifestazione-che-inizia-oggi-i-settembre\\\/\"},\"author\":{\"name\":\"redazione\",\"@id\":\"https:\\\/\\\/www.bellunopress.it\\\/#\\\/schema\\\/person\\\/79bb06722b37ece1c03d3e94beb30d73\"},\"headline\":\"Arte di Strada a Feltre e Pedavena: il programma completo della manifestazione che inizia oggi I settembre\",\"datePublished\":\"2009-09-01T10:52:51+00:00\",\"dateModified\":\"2009-09-02T08:48:18+00:00\",\"mainEntityOfPage\":{\"@id\":\"https:\\\/\\\/www.bellunopress.it\\\/2009\\\/09\\\/01\\\/arte-di-strada-a-feltre-e-pedavena-il-programma-completo-della-manifestazione-che-inizia-oggi-i-settembre\\\/\"},\"wordCount\":1686,\"publisher\":{\"@id\":\"https:\\\/\\\/www.bellunopress.it\\\/#organization\"},\"keywords\":[\"Feltre\"],\"articleSection\":[\"Appuntamenti, Eventi\",\"Arte, Cultura, Spettacoli, Scienza\"],\"inLanguage\":\"fr-FR\"},{\"@type\":\"WebPage\",\"@id\":\"https:\\\/\\\/www.bellunopress.it\\\/2009\\\/09\\\/01\\\/arte-di-strada-a-feltre-e-pedavena-il-programma-completo-della-manifestazione-che-inizia-oggi-i-settembre\\\/\",\"url\":\"https:\\\/\\\/www.bellunopress.it\\\/2009\\\/09\\\/01\\\/arte-di-strada-a-feltre-e-pedavena-il-programma-completo-della-manifestazione-che-inizia-oggi-i-settembre\\\/\",\"name\":\"Arte di Strada a Feltre e Pedavena: il programma completo della manifestazione che inizia oggi I settembre - Bellunopress - Dolomiti\",\"isPartOf\":{\"@id\":\"https:\\\/\\\/www.bellunopress.it\\\/#website\"},\"datePublished\":\"2009-09-01T10:52:51+00:00\",\"dateModified\":\"2009-09-02T08:48:18+00:00\",\"breadcrumb\":{\"@id\":\"https:\\\/\\\/www.bellunopress.it\\\/2009\\\/09\\\/01\\\/arte-di-strada-a-feltre-e-pedavena-il-programma-completo-della-manifestazione-che-inizia-oggi-i-settembre\\\/#breadcrumb\"},\"inLanguage\":\"fr-FR\",\"potentialAction\":[{\"@type\":\"ReadAction\",\"target\":[\"https:\\\/\\\/www.bellunopress.it\\\/2009\\\/09\\\/01\\\/arte-di-strada-a-feltre-e-pedavena-il-programma-completo-della-manifestazione-che-inizia-oggi-i-settembre\\\/\"]}]},{\"@type\":\"BreadcrumbList\",\"@id\":\"https:\\\/\\\/www.bellunopress.it\\\/2009\\\/09\\\/01\\\/arte-di-strada-a-feltre-e-pedavena-il-programma-completo-della-manifestazione-che-inizia-oggi-i-settembre\\\/#breadcrumb\",\"itemListElement\":[{\"@type\":\"ListItem\",\"position\":1,\"name\":\"Home\",\"item\":\"https:\\\/\\\/www.bellunopress.it\\\/\"},{\"@type\":\"ListItem\",\"position\":2,\"name\":\"Arte di Strada a Feltre e Pedavena: il programma completo della manifestazione che inizia oggi I settembre\"}]},{\"@type\":\"WebSite\",\"@id\":\"https:\\\/\\\/www.bellunopress.it\\\/#website\",\"url\":\"https:\\\/\\\/www.bellunopress.it\\\/\",\"name\":\"Bellunopress - Dolomiti\",\"description\":\"e-mail: redazione@bellunopress.it\",\"publisher\":{\"@id\":\"https:\\\/\\\/www.bellunopress.it\\\/#organization\"},\"potentialAction\":[{\"@type\":\"SearchAction\",\"target\":{\"@type\":\"EntryPoint\",\"urlTemplate\":\"https:\\\/\\\/www.bellunopress.it\\\/?s={search_term_string}\"},\"query-input\":{\"@type\":\"PropertyValueSpecification\",\"valueRequired\":true,\"valueName\":\"search_term_string\"}}],\"inLanguage\":\"fr-FR\"},{\"@type\":\"Organization\",\"@id\":\"https:\\\/\\\/www.bellunopress.it\\\/#organization\",\"name\":\"Bellunopress\",\"url\":\"https:\\\/\\\/www.bellunopress.it\\\/\",\"logo\":{\"@type\":\"ImageObject\",\"inLanguage\":\"fr-FR\",\"@id\":\"https:\\\/\\\/www.bellunopress.it\\\/#\\\/schema\\\/logo\\\/image\\\/\",\"url\":\"https:\\\/\\\/www.bellunopress.it\\\/wp-content\\\/uploads\\\/2011\\\/05\\\/cropped-logo-bellunopress-.jpg\",\"contentUrl\":\"https:\\\/\\\/www.bellunopress.it\\\/wp-content\\\/uploads\\\/2011\\\/05\\\/cropped-logo-bellunopress-.jpg\",\"width\":512,\"height\":512,\"caption\":\"Bellunopress\"},\"image\":{\"@id\":\"https:\\\/\\\/www.bellunopress.it\\\/#\\\/schema\\\/logo\\\/image\\\/\"},\"sameAs\":[\"https:\\\/\\\/www.facebook.com\\\/profile.php?id=100008943462799\",\"https:\\\/\\\/x.com\\\/bellunopress\",\"https:\\\/\\\/www.linkedin.com\\\/hp\\\/?dnr=JBzUWaJfMUw8vbXJJ2tVW5-I3jZKvC4wsoxE&amp;amp;amp;amp;amp;amp;trk=nav_responsive_tab_home\",\"https:\\\/\\\/www.youtube.com\\\/channel\\\/UCxL0wu1uN0_3_7hGG0306cw\"]},{\"@type\":\"Person\",\"@id\":\"https:\\\/\\\/www.bellunopress.it\\\/#\\\/schema\\\/person\\\/79bb06722b37ece1c03d3e94beb30d73\",\"name\":\"redazione\",\"image\":{\"@type\":\"ImageObject\",\"inLanguage\":\"fr-FR\",\"@id\":\"https:\\\/\\\/secure.gravatar.com\\\/avatar\\\/37d968a2e67a6fd04c169c4bdef102d0bc5d31b2546345219e348575eb80e9a0?s=96&d=mm&r=g\",\"url\":\"https:\\\/\\\/secure.gravatar.com\\\/avatar\\\/37d968a2e67a6fd04c169c4bdef102d0bc5d31b2546345219e348575eb80e9a0?s=96&d=mm&r=g\",\"contentUrl\":\"https:\\\/\\\/secure.gravatar.com\\\/avatar\\\/37d968a2e67a6fd04c169c4bdef102d0bc5d31b2546345219e348575eb80e9a0?s=96&d=mm&r=g\",\"caption\":\"redazione\"},\"sameAs\":[\"http:\\\/\\\/www.bellunopress.it\",\"https:\\\/\\\/x.com\\\/bellunopress\"],\"url\":\"https:\\\/\\\/www.bellunopress.it\\\/fr\\\/author\\\/redazione\\\/\"}]}<\/script>\n<!-- \/ Yoast SEO plugin. -->","yoast_head_json":{"title":"Arte di Strada a Feltre e Pedavena: il programma completo della manifestazione che inizia oggi I settembre - Bellunopress - Dolomiti","robots":{"index":"index","follow":"follow","max-snippet":"max-snippet:-1","max-image-preview":"max-image-preview:large","max-video-preview":"max-video-preview:-1"},"canonical":"https:\/\/www.bellunopress.it\/fr\/2009\/09\/01\/arte-di-strada-a-feltre-e-pedavena-il-programma-completo-della-manifestazione-che-inizia-oggi-i-settembre\/","og_locale":"fr_FR","og_type":"article","og_title":"Arte di Strada a Feltre e Pedavena: il programma completo della manifestazione che inizia oggi I settembre - Bellunopress - Dolomiti","og_description":"Per l&#8217;undicesimo anno consecutivo, ritorner\u00e0 a Feltre e Pedavena ad inizio settembre, Voil\u00e0, la rassegna Internazionale di Arte di Strada, che tanto successo ha riscosso nelle precedenti edizioni, caratterizzata dalla presenza di artisti e compagnie di assoluto prestigio e preceduta, a Feltre, da \u201cVoil\u00e0 qui e l\u00e0\u201d, il prologo itinerante nelle frazioni cittadine, che ha [&hellip;]","og_url":"https:\/\/www.bellunopress.it\/fr\/2009\/09\/01\/arte-di-strada-a-feltre-e-pedavena-il-programma-completo-della-manifestazione-che-inizia-oggi-i-settembre\/","og_site_name":"Bellunopress - Dolomiti","article_publisher":"https:\/\/www.facebook.com\/profile.php?id=100008943462799","article_published_time":"2009-09-01T10:52:51+00:00","article_modified_time":"2009-09-02T08:48:18+00:00","og_image":[{"url":"http:\/\/www.bellunopress.it\/wp-content\/uploads\/2012\/07\/logo-bellunopress-250x250-2012.jpg","type":"","width":"","height":""}],"author":"redazione","twitter_card":"summary_large_image","twitter_creator":"@bellunopress","twitter_site":"@bellunopress","twitter_misc":{"\u00c9crit par":"redazione","Dur\u00e9e de lecture estim\u00e9e":"8 minutes"},"schema":{"@context":"https:\/\/schema.org","@graph":[{"@type":"Article","@id":"https:\/\/www.bellunopress.it\/2009\/09\/01\/arte-di-strada-a-feltre-e-pedavena-il-programma-completo-della-manifestazione-che-inizia-oggi-i-settembre\/#article","isPartOf":{"@id":"https:\/\/www.bellunopress.it\/2009\/09\/01\/arte-di-strada-a-feltre-e-pedavena-il-programma-completo-della-manifestazione-che-inizia-oggi-i-settembre\/"},"author":{"name":"redazione","@id":"https:\/\/www.bellunopress.it\/#\/schema\/person\/79bb06722b37ece1c03d3e94beb30d73"},"headline":"Arte di Strada a Feltre e Pedavena: il programma completo della manifestazione che inizia oggi I settembre","datePublished":"2009-09-01T10:52:51+00:00","dateModified":"2009-09-02T08:48:18+00:00","mainEntityOfPage":{"@id":"https:\/\/www.bellunopress.it\/2009\/09\/01\/arte-di-strada-a-feltre-e-pedavena-il-programma-completo-della-manifestazione-che-inizia-oggi-i-settembre\/"},"wordCount":1686,"publisher":{"@id":"https:\/\/www.bellunopress.it\/#organization"},"keywords":["Feltre"],"articleSection":["Appuntamenti, Eventi","Arte, Cultura, Spettacoli, Scienza"],"inLanguage":"fr-FR"},{"@type":"WebPage","@id":"https:\/\/www.bellunopress.it\/2009\/09\/01\/arte-di-strada-a-feltre-e-pedavena-il-programma-completo-della-manifestazione-che-inizia-oggi-i-settembre\/","url":"https:\/\/www.bellunopress.it\/2009\/09\/01\/arte-di-strada-a-feltre-e-pedavena-il-programma-completo-della-manifestazione-che-inizia-oggi-i-settembre\/","name":"Arte di Strada a Feltre e Pedavena: il programma completo della manifestazione che inizia oggi I settembre - Bellunopress - Dolomiti","isPartOf":{"@id":"https:\/\/www.bellunopress.it\/#website"},"datePublished":"2009-09-01T10:52:51+00:00","dateModified":"2009-09-02T08:48:18+00:00","breadcrumb":{"@id":"https:\/\/www.bellunopress.it\/2009\/09\/01\/arte-di-strada-a-feltre-e-pedavena-il-programma-completo-della-manifestazione-che-inizia-oggi-i-settembre\/#breadcrumb"},"inLanguage":"fr-FR","potentialAction":[{"@type":"ReadAction","target":["https:\/\/www.bellunopress.it\/2009\/09\/01\/arte-di-strada-a-feltre-e-pedavena-il-programma-completo-della-manifestazione-che-inizia-oggi-i-settembre\/"]}]},{"@type":"BreadcrumbList","@id":"https:\/\/www.bellunopress.it\/2009\/09\/01\/arte-di-strada-a-feltre-e-pedavena-il-programma-completo-della-manifestazione-che-inizia-oggi-i-settembre\/#breadcrumb","itemListElement":[{"@type":"ListItem","position":1,"name":"Home","item":"https:\/\/www.bellunopress.it\/"},{"@type":"ListItem","position":2,"name":"Arte di Strada a Feltre e Pedavena: il programma completo della manifestazione che inizia oggi I settembre"}]},{"@type":"WebSite","@id":"https:\/\/www.bellunopress.it\/#website","url":"https:\/\/www.bellunopress.it\/","name":"Bellunopress - Dolomiti","description":"e-mail: redazione@bellunopress.it","publisher":{"@id":"https:\/\/www.bellunopress.it\/#organization"},"potentialAction":[{"@type":"SearchAction","target":{"@type":"EntryPoint","urlTemplate":"https:\/\/www.bellunopress.it\/?s={search_term_string}"},"query-input":{"@type":"PropertyValueSpecification","valueRequired":true,"valueName":"search_term_string"}}],"inLanguage":"fr-FR"},{"@type":"Organization","@id":"https:\/\/www.bellunopress.it\/#organization","name":"Bellunopress","url":"https:\/\/www.bellunopress.it\/","logo":{"@type":"ImageObject","inLanguage":"fr-FR","@id":"https:\/\/www.bellunopress.it\/#\/schema\/logo\/image\/","url":"https:\/\/www.bellunopress.it\/wp-content\/uploads\/2011\/05\/cropped-logo-bellunopress-.jpg","contentUrl":"https:\/\/www.bellunopress.it\/wp-content\/uploads\/2011\/05\/cropped-logo-bellunopress-.jpg","width":512,"height":512,"caption":"Bellunopress"},"image":{"@id":"https:\/\/www.bellunopress.it\/#\/schema\/logo\/image\/"},"sameAs":["https:\/\/www.facebook.com\/profile.php?id=100008943462799","https:\/\/x.com\/bellunopress","https:\/\/www.linkedin.com\/hp\/?dnr=JBzUWaJfMUw8vbXJJ2tVW5-I3jZKvC4wsoxE&amp;amp;amp;amp;amp;amp;trk=nav_responsive_tab_home","https:\/\/www.youtube.com\/channel\/UCxL0wu1uN0_3_7hGG0306cw"]},{"@type":"Person","@id":"https:\/\/www.bellunopress.it\/#\/schema\/person\/79bb06722b37ece1c03d3e94beb30d73","name":"r\u00e9daction","image":{"@type":"ImageObject","inLanguage":"fr-FR","@id":"https:\/\/secure.gravatar.com\/avatar\/37d968a2e67a6fd04c169c4bdef102d0bc5d31b2546345219e348575eb80e9a0?s=96&d=mm&r=g","url":"https:\/\/secure.gravatar.com\/avatar\/37d968a2e67a6fd04c169c4bdef102d0bc5d31b2546345219e348575eb80e9a0?s=96&d=mm&r=g","contentUrl":"https:\/\/secure.gravatar.com\/avatar\/37d968a2e67a6fd04c169c4bdef102d0bc5d31b2546345219e348575eb80e9a0?s=96&d=mm&r=g","caption":"redazione"},"sameAs":["http:\/\/www.bellunopress.it","https:\/\/x.com\/bellunopress"],"url":"https:\/\/www.bellunopress.it\/fr\/author\/redazione\/"}]}},"_links":{"self":[{"href":"https:\/\/www.bellunopress.it\/fr\/wp-json\/wp\/v2\/posts\/7587","targetHints":{"allow":["GET"]}}],"collection":[{"href":"https:\/\/www.bellunopress.it\/fr\/wp-json\/wp\/v2\/posts"}],"about":[{"href":"https:\/\/www.bellunopress.it\/fr\/wp-json\/wp\/v2\/types\/post"}],"author":[{"embeddable":true,"href":"https:\/\/www.bellunopress.it\/fr\/wp-json\/wp\/v2\/users\/2"}],"replies":[{"embeddable":true,"href":"https:\/\/www.bellunopress.it\/fr\/wp-json\/wp\/v2\/comments?post=7587"}],"version-history":[{"count":2,"href":"https:\/\/www.bellunopress.it\/fr\/wp-json\/wp\/v2\/posts\/7587\/revisions"}],"predecessor-version":[{"id":7621,"href":"https:\/\/www.bellunopress.it\/fr\/wp-json\/wp\/v2\/posts\/7587\/revisions\/7621"}],"wp:attachment":[{"href":"https:\/\/www.bellunopress.it\/fr\/wp-json\/wp\/v2\/media?parent=7587"}],"wp:term":[{"taxonomy":"category","embeddable":true,"href":"https:\/\/www.bellunopress.it\/fr\/wp-json\/wp\/v2\/categories?post=7587"},{"taxonomy":"post_tag","embeddable":true,"href":"https:\/\/www.bellunopress.it\/fr\/wp-json\/wp\/v2\/tags?post=7587"}],"curies":[{"name":"wp","href":"https:\/\/api.w.org\/{rel}","templated":true}]}}