{"id":7573,"date":"2009-08-31T21:31:15","date_gmt":"2009-08-31T20:31:15","guid":{"rendered":"http:\/\/www.bellunopress.it\/?p=7573"},"modified":"2009-08-31T21:31:15","modified_gmt":"2009-08-31T20:31:15","slug":"la-bb-band-in-concerto-a-polpet-sabato-per-una-serata-indimenticabile","status":"publish","type":"post","link":"https:\/\/www.bellunopress.it\/fr\/2009\/08\/31\/la-bb-band-in-concerto-a-polpet-sabato-per-una-serata-indimenticabile\/","title":{"rendered":"La BB Band in concerto a Polpet sabato, per una serata indimenticabile"},"content":{"rendered":"<p><a href=\"http:\/\/www.bellunopress.it\/wp-content\/uploads\/2009\/08\/bb-band.jpg\"><img loading=\"lazy\" decoding=\"async\" class=\"alignleft size-medium wp-image-7574\" title=\"bb-band\" src=\"http:\/\/www.bellunopress.it\/wp-content\/uploads\/2009\/08\/bb-band.jpg\" alt=\"\" width=\"270\" height=\"180\" \/><\/a>La BBB (Beautiful Butcher Band ) replica! Sabato 5 settembre alla Sagra di Polpet (Ponte nelle Alpi) ritorna il &#8220;Disinvolto gruppetto&#8221; per la seconda delle performance di questa estate 2009 che ha segnato il ritorno sulle scene della storica band bellunese. Il grande successo della prima esibizione, con primato di affluenza di pubblico, si ripeter\u00e0 sicuramente questo fine settimana quando i 9 della band saliranno sul palco\u00a0 per un appuntamento da non perdere, sia per chi ha assistito alla \u201creunion\u201d del 19 luglio alla Sagra dei Per di Sedico, ma soprattutto per chi in quella occasione non ha potuto esserci. Tanta allegria, sano sudore e ottimo Rhythm &#8216;n&#8217; Blues sono gli ingredienti della semplice formula introdotta 10 anni fa da Piero Bolzan, Franco De Poli e Sergio Valacchi, che nel 1993 diedero vita a questo progetto. Che li ha portati ad esibirsi su palchi prestigiosi guadagnandosi l\u2019affetto e l\u2019interesse di un pubblico sempre pi\u00f9 vasto. Insieme a loro ci saranno come sempre Aldo Pellegrini, Moreno Dal Farra, Mario Cavacece, Steve Canei e, ancora per questa serata, Matteo Visigalli in sostituzione del convalescente Spina oltre alla presenza di Diego \u201cDonatello\u201d David new entry nel lineup. Cosa succeder\u00e0 quella sera? Non si sa e come sempre c\u2019\u00e8 da aspettarsi una sorpresa; un&#8217;abitudine che contraddistingue la BBB e che ha permesso negli anni di regalare sempre una performance diversa dall\u2019altra. Di sicuro ci sar\u00e0 l\u2019impatto sonoro, quel R&amp;B incalzante diventato il marchio della band, quel roboante insieme di Soul e Funky che spazia da Wilson Pickett a James Brown e che non ti permette di rimanere fermo. Divertimento dunque: solo puro divertimento e buona musica!<\/p>","protected":false},"excerpt":{"rendered":"<p>La BBB (Beautiful Butcher Band ) replica! Sabato 5 settembre alla Sagra di Polpet (Ponte nelle Alpi) ritorna il &#8220;Disinvolto gruppetto&#8221; per la seconda delle performance di questa estate 2009 che ha segnato il ritorno sulle scene della storica band bellunese. Il grande successo della prima esibizione, con primato di affluenza di pubblico, si ripeter\u00e0 [&hellip;]<\/p>\n","protected":false},"author":2,"featured_media":0,"comment_status":"closed","ping_status":"open","sticky":false,"template":"","format":"standard","meta":{"footnotes":""},"categories":[27,3,25],"tags":[139],"class_list":["post-7573","post","type-post","status-publish","format-standard","category-appuntamenti","category-arte-cultura-spettacoli-scienza-archivi","category-pausa-caffe","tag-belluno"],"yoast_head":"<!-- This site is optimized with the Yoast SEO plugin v28.4 - https:\/\/yoast.com\/product\/yoast-seo-wordpress\/ -->\n<title>La BB Band in concerto a Polpet sabato, per una serata indimenticabile - Bellunopress - Dolomiti<\/title>\n<meta name=\"robots\" content=\"index, follow, max-snippet:-1, max-image-preview:large, max-video-preview:-1\" \/>\n<link rel=\"canonical\" href=\"https:\/\/www.bellunopress.it\/fr\/2009\/08\/31\/la-bb-band-in-concerto-a-polpet-sabato-per-una-serata-indimenticabile\/\" \/>\n<meta property=\"og:locale\" content=\"fr_FR\" \/>\n<meta property=\"og:type\" content=\"article\" \/>\n<meta property=\"og:title\" content=\"La BB Band in concerto a Polpet sabato, per una serata indimenticabile - Bellunopress - Dolomiti\" \/>\n<meta property=\"og:description\" content=\"La BBB (Beautiful Butcher Band ) replica! Sabato 5 settembre alla Sagra di Polpet (Ponte nelle Alpi) ritorna il &#8220;Disinvolto gruppetto&#8221; per la seconda delle performance di questa estate 2009 che ha segnato il ritorno sulle scene della storica band bellunese. Il grande successo della prima esibizione, con primato di affluenza di pubblico, si ripeter\u00e0 [&hellip;]\" \/>\n<meta property=\"og:url\" content=\"https:\/\/www.bellunopress.it\/fr\/2009\/08\/31\/la-bb-band-in-concerto-a-polpet-sabato-per-una-serata-indimenticabile\/\" \/>\n<meta property=\"og:site_name\" content=\"Bellunopress - Dolomiti\" \/>\n<meta property=\"article:publisher\" content=\"https:\/\/www.facebook.com\/profile.php?id=100008943462799\" \/>\n<meta property=\"article:published_time\" content=\"2009-08-31T20:31:15+00:00\" \/>\n<meta property=\"og:image\" content=\"http:\/\/www.bellunopress.it\/wp-content\/uploads\/2009\/08\/bb-band.jpg\" \/>\n<meta name=\"author\" content=\"redazione\" \/>\n<meta name=\"twitter:card\" content=\"summary_large_image\" \/>\n<meta name=\"twitter:creator\" content=\"@bellunopress\" \/>\n<meta name=\"twitter:site\" content=\"@bellunopress\" \/>\n<meta name=\"twitter:label1\" content=\"\u00c9crit par\" \/>\n\t<meta name=\"twitter:data1\" content=\"redazione\" \/>\n\t<meta name=\"twitter:label2\" content=\"Dur\u00e9e de lecture estim\u00e9e\" \/>\n\t<meta name=\"twitter:data2\" content=\"1 minute\" \/>\n<script type=\"application\/ld+json\" class=\"yoast-schema-graph\">{\"@context\":\"https:\\\/\\\/schema.org\",\"@graph\":[{\"@type\":\"Article\",\"@id\":\"https:\\\/\\\/www.bellunopress.it\\\/2009\\\/08\\\/31\\\/la-bb-band-in-concerto-a-polpet-sabato-per-una-serata-indimenticabile\\\/#article\",\"isPartOf\":{\"@id\":\"https:\\\/\\\/www.bellunopress.it\\\/2009\\\/08\\\/31\\\/la-bb-band-in-concerto-a-polpet-sabato-per-una-serata-indimenticabile\\\/\"},\"author\":{\"name\":\"redazione\",\"@id\":\"https:\\\/\\\/www.bellunopress.it\\\/#\\\/schema\\\/person\\\/79bb06722b37ece1c03d3e94beb30d73\"},\"headline\":\"La BB Band in concerto a Polpet sabato, per una serata indimenticabile\",\"datePublished\":\"2009-08-31T20:31:15+00:00\",\"mainEntityOfPage\":{\"@id\":\"https:\\\/\\\/www.bellunopress.it\\\/2009\\\/08\\\/31\\\/la-bb-band-in-concerto-a-polpet-sabato-per-una-serata-indimenticabile\\\/\"},\"wordCount\":284,\"publisher\":{\"@id\":\"https:\\\/\\\/www.bellunopress.it\\\/#organization\"},\"image\":{\"@id\":\"https:\\\/\\\/www.bellunopress.it\\\/2009\\\/08\\\/31\\\/la-bb-band-in-concerto-a-polpet-sabato-per-una-serata-indimenticabile\\\/#primaryimage\"},\"thumbnailUrl\":\"http:\\\/\\\/www.bellunopress.it\\\/wp-content\\\/uploads\\\/2009\\\/08\\\/bb-band.jpg\",\"keywords\":[\"Belluno\"],\"articleSection\":[\"Appuntamenti, Eventi\",\"Arte, Cultura, Spettacoli, Scienza\",\"Pausa Caff\u00e8\"],\"inLanguage\":\"fr-FR\"},{\"@type\":\"WebPage\",\"@id\":\"https:\\\/\\\/www.bellunopress.it\\\/2009\\\/08\\\/31\\\/la-bb-band-in-concerto-a-polpet-sabato-per-una-serata-indimenticabile\\\/\",\"url\":\"https:\\\/\\\/www.bellunopress.it\\\/2009\\\/08\\\/31\\\/la-bb-band-in-concerto-a-polpet-sabato-per-una-serata-indimenticabile\\\/\",\"name\":\"La BB Band in concerto a Polpet sabato, per una serata indimenticabile - Bellunopress - Dolomiti\",\"isPartOf\":{\"@id\":\"https:\\\/\\\/www.bellunopress.it\\\/#website\"},\"primaryImageOfPage\":{\"@id\":\"https:\\\/\\\/www.bellunopress.it\\\/2009\\\/08\\\/31\\\/la-bb-band-in-concerto-a-polpet-sabato-per-una-serata-indimenticabile\\\/#primaryimage\"},\"image\":{\"@id\":\"https:\\\/\\\/www.bellunopress.it\\\/2009\\\/08\\\/31\\\/la-bb-band-in-concerto-a-polpet-sabato-per-una-serata-indimenticabile\\\/#primaryimage\"},\"thumbnailUrl\":\"http:\\\/\\\/www.bellunopress.it\\\/wp-content\\\/uploads\\\/2009\\\/08\\\/bb-band.jpg\",\"datePublished\":\"2009-08-31T20:31:15+00:00\",\"breadcrumb\":{\"@id\":\"https:\\\/\\\/www.bellunopress.it\\\/2009\\\/08\\\/31\\\/la-bb-band-in-concerto-a-polpet-sabato-per-una-serata-indimenticabile\\\/#breadcrumb\"},\"inLanguage\":\"fr-FR\",\"potentialAction\":[{\"@type\":\"ReadAction\",\"target\":[\"https:\\\/\\\/www.bellunopress.it\\\/2009\\\/08\\\/31\\\/la-bb-band-in-concerto-a-polpet-sabato-per-una-serata-indimenticabile\\\/\"]}]},{\"@type\":\"ImageObject\",\"inLanguage\":\"fr-FR\",\"@id\":\"https:\\\/\\\/www.bellunopress.it\\\/2009\\\/08\\\/31\\\/la-bb-band-in-concerto-a-polpet-sabato-per-una-serata-indimenticabile\\\/#primaryimage\",\"url\":\"http:\\\/\\\/www.bellunopress.it\\\/wp-content\\\/uploads\\\/2009\\\/08\\\/bb-band.jpg\",\"contentUrl\":\"http:\\\/\\\/www.bellunopress.it\\\/wp-content\\\/uploads\\\/2009\\\/08\\\/bb-band.jpg\"},{\"@type\":\"BreadcrumbList\",\"@id\":\"https:\\\/\\\/www.bellunopress.it\\\/2009\\\/08\\\/31\\\/la-bb-band-in-concerto-a-polpet-sabato-per-una-serata-indimenticabile\\\/#breadcrumb\",\"itemListElement\":[{\"@type\":\"ListItem\",\"position\":1,\"name\":\"Home\",\"item\":\"https:\\\/\\\/www.bellunopress.it\\\/\"},{\"@type\":\"ListItem\",\"position\":2,\"name\":\"La BB Band in concerto a Polpet sabato, per una serata indimenticabile\"}]},{\"@type\":\"WebSite\",\"@id\":\"https:\\\/\\\/www.bellunopress.it\\\/#website\",\"url\":\"https:\\\/\\\/www.bellunopress.it\\\/\",\"name\":\"Bellunopress - Dolomiti\",\"description\":\"e-mail: redazione@bellunopress.it\",\"publisher\":{\"@id\":\"https:\\\/\\\/www.bellunopress.it\\\/#organization\"},\"potentialAction\":[{\"@type\":\"SearchAction\",\"target\":{\"@type\":\"EntryPoint\",\"urlTemplate\":\"https:\\\/\\\/www.bellunopress.it\\\/?s={search_term_string}\"},\"query-input\":{\"@type\":\"PropertyValueSpecification\",\"valueRequired\":true,\"valueName\":\"search_term_string\"}}],\"inLanguage\":\"fr-FR\"},{\"@type\":\"Organization\",\"@id\":\"https:\\\/\\\/www.bellunopress.it\\\/#organization\",\"name\":\"Bellunopress\",\"url\":\"https:\\\/\\\/www.bellunopress.it\\\/\",\"logo\":{\"@type\":\"ImageObject\",\"inLanguage\":\"fr-FR\",\"@id\":\"https:\\\/\\\/www.bellunopress.it\\\/#\\\/schema\\\/logo\\\/image\\\/\",\"url\":\"https:\\\/\\\/www.bellunopress.it\\\/wp-content\\\/uploads\\\/2011\\\/05\\\/cropped-logo-bellunopress-.jpg\",\"contentUrl\":\"https:\\\/\\\/www.bellunopress.it\\\/wp-content\\\/uploads\\\/2011\\\/05\\\/cropped-logo-bellunopress-.jpg\",\"width\":512,\"height\":512,\"caption\":\"Bellunopress\"},\"image\":{\"@id\":\"https:\\\/\\\/www.bellunopress.it\\\/#\\\/schema\\\/logo\\\/image\\\/\"},\"sameAs\":[\"https:\\\/\\\/www.facebook.com\\\/profile.php?id=100008943462799\",\"https:\\\/\\\/x.com\\\/bellunopress\",\"https:\\\/\\\/www.linkedin.com\\\/hp\\\/?dnr=JBzUWaJfMUw8vbXJJ2tVW5-I3jZKvC4wsoxE&amp;amp;amp;amp;amp;amp;trk=nav_responsive_tab_home\",\"https:\\\/\\\/www.youtube.com\\\/channel\\\/UCxL0wu1uN0_3_7hGG0306cw\"]},{\"@type\":\"Person\",\"@id\":\"https:\\\/\\\/www.bellunopress.it\\\/#\\\/schema\\\/person\\\/79bb06722b37ece1c03d3e94beb30d73\",\"name\":\"redazione\",\"image\":{\"@type\":\"ImageObject\",\"inLanguage\":\"fr-FR\",\"@id\":\"https:\\\/\\\/secure.gravatar.com\\\/avatar\\\/37d968a2e67a6fd04c169c4bdef102d0bc5d31b2546345219e348575eb80e9a0?s=96&d=mm&r=g\",\"url\":\"https:\\\/\\\/secure.gravatar.com\\\/avatar\\\/37d968a2e67a6fd04c169c4bdef102d0bc5d31b2546345219e348575eb80e9a0?s=96&d=mm&r=g\",\"contentUrl\":\"https:\\\/\\\/secure.gravatar.com\\\/avatar\\\/37d968a2e67a6fd04c169c4bdef102d0bc5d31b2546345219e348575eb80e9a0?s=96&d=mm&r=g\",\"caption\":\"redazione\"},\"sameAs\":[\"http:\\\/\\\/www.bellunopress.it\",\"https:\\\/\\\/x.com\\\/bellunopress\"],\"url\":\"https:\\\/\\\/www.bellunopress.it\\\/fr\\\/author\\\/redazione\\\/\"}]}<\/script>\n<!-- \/ Yoast SEO plugin. -->","yoast_head_json":{"title":"La BB Band in concerto a Polpet sabato, per una serata indimenticabile - Bellunopress - Dolomiti","robots":{"index":"index","follow":"follow","max-snippet":"max-snippet:-1","max-image-preview":"max-image-preview:large","max-video-preview":"max-video-preview:-1"},"canonical":"https:\/\/www.bellunopress.it\/fr\/2009\/08\/31\/la-bb-band-in-concerto-a-polpet-sabato-per-una-serata-indimenticabile\/","og_locale":"fr_FR","og_type":"article","og_title":"La BB Band in concerto a Polpet sabato, per una serata indimenticabile - Bellunopress - Dolomiti","og_description":"La BBB (Beautiful Butcher Band ) replica! Sabato 5 settembre alla Sagra di Polpet (Ponte nelle Alpi) ritorna il &#8220;Disinvolto gruppetto&#8221; per la seconda delle performance di questa estate 2009 che ha segnato il ritorno sulle scene della storica band bellunese. Il grande successo della prima esibizione, con primato di affluenza di pubblico, si ripeter\u00e0 [&hellip;]","og_url":"https:\/\/www.bellunopress.it\/fr\/2009\/08\/31\/la-bb-band-in-concerto-a-polpet-sabato-per-una-serata-indimenticabile\/","og_site_name":"Bellunopress - Dolomiti","article_publisher":"https:\/\/www.facebook.com\/profile.php?id=100008943462799","article_published_time":"2009-08-31T20:31:15+00:00","og_image":[{"url":"http:\/\/www.bellunopress.it\/wp-content\/uploads\/2009\/08\/bb-band.jpg","type":"","width":"","height":""}],"author":"redazione","twitter_card":"summary_large_image","twitter_creator":"@bellunopress","twitter_site":"@bellunopress","twitter_misc":{"\u00c9crit par":"redazione","Dur\u00e9e de lecture estim\u00e9e":"1 minute"},"schema":{"@context":"https:\/\/schema.org","@graph":[{"@type":"Article","@id":"https:\/\/www.bellunopress.it\/2009\/08\/31\/la-bb-band-in-concerto-a-polpet-sabato-per-una-serata-indimenticabile\/#article","isPartOf":{"@id":"https:\/\/www.bellunopress.it\/2009\/08\/31\/la-bb-band-in-concerto-a-polpet-sabato-per-una-serata-indimenticabile\/"},"author":{"name":"redazione","@id":"https:\/\/www.bellunopress.it\/#\/schema\/person\/79bb06722b37ece1c03d3e94beb30d73"},"headline":"La BB Band in concerto a Polpet sabato, per una serata indimenticabile","datePublished":"2009-08-31T20:31:15+00:00","mainEntityOfPage":{"@id":"https:\/\/www.bellunopress.it\/2009\/08\/31\/la-bb-band-in-concerto-a-polpet-sabato-per-una-serata-indimenticabile\/"},"wordCount":284,"publisher":{"@id":"https:\/\/www.bellunopress.it\/#organization"},"image":{"@id":"https:\/\/www.bellunopress.it\/2009\/08\/31\/la-bb-band-in-concerto-a-polpet-sabato-per-una-serata-indimenticabile\/#primaryimage"},"thumbnailUrl":"http:\/\/www.bellunopress.it\/wp-content\/uploads\/2009\/08\/bb-band.jpg","keywords":["Belluno"],"articleSection":["Appuntamenti, Eventi","Arte, Cultura, Spettacoli, Scienza","Pausa Caff\u00e8"],"inLanguage":"fr-FR"},{"@type":"WebPage","@id":"https:\/\/www.bellunopress.it\/2009\/08\/31\/la-bb-band-in-concerto-a-polpet-sabato-per-una-serata-indimenticabile\/","url":"https:\/\/www.bellunopress.it\/2009\/08\/31\/la-bb-band-in-concerto-a-polpet-sabato-per-una-serata-indimenticabile\/","name":"La BB Band in concerto a Polpet sabato, per una serata indimenticabile - Bellunopress - Dolomiti","isPartOf":{"@id":"https:\/\/www.bellunopress.it\/#website"},"primaryImageOfPage":{"@id":"https:\/\/www.bellunopress.it\/2009\/08\/31\/la-bb-band-in-concerto-a-polpet-sabato-per-una-serata-indimenticabile\/#primaryimage"},"image":{"@id":"https:\/\/www.bellunopress.it\/2009\/08\/31\/la-bb-band-in-concerto-a-polpet-sabato-per-una-serata-indimenticabile\/#primaryimage"},"thumbnailUrl":"http:\/\/www.bellunopress.it\/wp-content\/uploads\/2009\/08\/bb-band.jpg","datePublished":"2009-08-31T20:31:15+00:00","breadcrumb":{"@id":"https:\/\/www.bellunopress.it\/2009\/08\/31\/la-bb-band-in-concerto-a-polpet-sabato-per-una-serata-indimenticabile\/#breadcrumb"},"inLanguage":"fr-FR","potentialAction":[{"@type":"ReadAction","target":["https:\/\/www.bellunopress.it\/2009\/08\/31\/la-bb-band-in-concerto-a-polpet-sabato-per-una-serata-indimenticabile\/"]}]},{"@type":"ImageObject","inLanguage":"fr-FR","@id":"https:\/\/www.bellunopress.it\/2009\/08\/31\/la-bb-band-in-concerto-a-polpet-sabato-per-una-serata-indimenticabile\/#primaryimage","url":"http:\/\/www.bellunopress.it\/wp-content\/uploads\/2009\/08\/bb-band.jpg","contentUrl":"http:\/\/www.bellunopress.it\/wp-content\/uploads\/2009\/08\/bb-band.jpg"},{"@type":"BreadcrumbList","@id":"https:\/\/www.bellunopress.it\/2009\/08\/31\/la-bb-band-in-concerto-a-polpet-sabato-per-una-serata-indimenticabile\/#breadcrumb","itemListElement":[{"@type":"ListItem","position":1,"name":"Home","item":"https:\/\/www.bellunopress.it\/"},{"@type":"ListItem","position":2,"name":"La BB Band in concerto a Polpet sabato, per una serata indimenticabile"}]},{"@type":"WebSite","@id":"https:\/\/www.bellunopress.it\/#website","url":"https:\/\/www.bellunopress.it\/","name":"Bellunopress - Dolomiti","description":"e-mail: redazione@bellunopress.it","publisher":{"@id":"https:\/\/www.bellunopress.it\/#organization"},"potentialAction":[{"@type":"SearchAction","target":{"@type":"EntryPoint","urlTemplate":"https:\/\/www.bellunopress.it\/?s={search_term_string}"},"query-input":{"@type":"PropertyValueSpecification","valueRequired":true,"valueName":"search_term_string"}}],"inLanguage":"fr-FR"},{"@type":"Organization","@id":"https:\/\/www.bellunopress.it\/#organization","name":"Bellunopress","url":"https:\/\/www.bellunopress.it\/","logo":{"@type":"ImageObject","inLanguage":"fr-FR","@id":"https:\/\/www.bellunopress.it\/#\/schema\/logo\/image\/","url":"https:\/\/www.bellunopress.it\/wp-content\/uploads\/2011\/05\/cropped-logo-bellunopress-.jpg","contentUrl":"https:\/\/www.bellunopress.it\/wp-content\/uploads\/2011\/05\/cropped-logo-bellunopress-.jpg","width":512,"height":512,"caption":"Bellunopress"},"image":{"@id":"https:\/\/www.bellunopress.it\/#\/schema\/logo\/image\/"},"sameAs":["https:\/\/www.facebook.com\/profile.php?id=100008943462799","https:\/\/x.com\/bellunopress","https:\/\/www.linkedin.com\/hp\/?dnr=JBzUWaJfMUw8vbXJJ2tVW5-I3jZKvC4wsoxE&amp;amp;amp;amp;amp;amp;trk=nav_responsive_tab_home","https:\/\/www.youtube.com\/channel\/UCxL0wu1uN0_3_7hGG0306cw"]},{"@type":"Person","@id":"https:\/\/www.bellunopress.it\/#\/schema\/person\/79bb06722b37ece1c03d3e94beb30d73","name":"r\u00e9daction","image":{"@type":"ImageObject","inLanguage":"fr-FR","@id":"https:\/\/secure.gravatar.com\/avatar\/37d968a2e67a6fd04c169c4bdef102d0bc5d31b2546345219e348575eb80e9a0?s=96&d=mm&r=g","url":"https:\/\/secure.gravatar.com\/avatar\/37d968a2e67a6fd04c169c4bdef102d0bc5d31b2546345219e348575eb80e9a0?s=96&d=mm&r=g","contentUrl":"https:\/\/secure.gravatar.com\/avatar\/37d968a2e67a6fd04c169c4bdef102d0bc5d31b2546345219e348575eb80e9a0?s=96&d=mm&r=g","caption":"redazione"},"sameAs":["http:\/\/www.bellunopress.it","https:\/\/x.com\/bellunopress"],"url":"https:\/\/www.bellunopress.it\/fr\/author\/redazione\/"}]}},"_links":{"self":[{"href":"https:\/\/www.bellunopress.it\/fr\/wp-json\/wp\/v2\/posts\/7573","targetHints":{"allow":["GET"]}}],"collection":[{"href":"https:\/\/www.bellunopress.it\/fr\/wp-json\/wp\/v2\/posts"}],"about":[{"href":"https:\/\/www.bellunopress.it\/fr\/wp-json\/wp\/v2\/types\/post"}],"author":[{"embeddable":true,"href":"https:\/\/www.bellunopress.it\/fr\/wp-json\/wp\/v2\/users\/2"}],"replies":[{"embeddable":true,"href":"https:\/\/www.bellunopress.it\/fr\/wp-json\/wp\/v2\/comments?post=7573"}],"version-history":[{"count":1,"href":"https:\/\/www.bellunopress.it\/fr\/wp-json\/wp\/v2\/posts\/7573\/revisions"}],"predecessor-version":[{"id":7575,"href":"https:\/\/www.bellunopress.it\/fr\/wp-json\/wp\/v2\/posts\/7573\/revisions\/7575"}],"wp:attachment":[{"href":"https:\/\/www.bellunopress.it\/fr\/wp-json\/wp\/v2\/media?parent=7573"}],"wp:term":[{"taxonomy":"category","embeddable":true,"href":"https:\/\/www.bellunopress.it\/fr\/wp-json\/wp\/v2\/categories?post=7573"},{"taxonomy":"post_tag","embeddable":true,"href":"https:\/\/www.bellunopress.it\/fr\/wp-json\/wp\/v2\/tags?post=7573"}],"curies":[{"name":"wp","href":"https:\/\/api.w.org\/{rel}","templated":true}]}}