{"id":7571,"date":"2009-08-31T21:07:16","date_gmt":"2009-08-31T20:07:16","guid":{"rendered":"http:\/\/www.bellunopress.it\/?p=7571"},"modified":"2009-09-03T08:28:27","modified_gmt":"2009-09-03T07:28:27","slug":"alla-scoperta-del-veneto-in-brasile-con-il-tradizionale-grande-viaggio-dautunno-dellabm","status":"publish","type":"post","link":"https:\/\/www.bellunopress.it\/fr\/2009\/08\/31\/alla-scoperta-del-veneto-in-brasile-con-il-tradizionale-grande-viaggio-dautunno-dellabm\/","title":{"rendered":"Alla scoperta del Veneto in Brasile con il tradizionale grande viaggio d&#8217;autunno dell&#8217;Abm"},"content":{"rendered":"<p>Da Rio de Janeiro a Caxias do Sul, Criciuma e Florianopolis, fino a Salvador de Bahia. Alla scoperta del Veneto in Brasile: questo \u00e8 lo slogan che ha accompagnato la raccolta di adesioni al consueto viaggio autunnale, organizzato dall&#8217;Abm (Associazione bellunesi nel mondo), che si svolge dal 10 al 22 ottobre 2009. Sono 13 giorni, che consentiranno peraltro una esauriente scoperta del paese-continente Brasile, come potrebbe essere ben definita la grande confederazione di Stati sudamericana che lo compone, dove vive la pi\u00f9 grande comunit\u00e0 di oriundi italiani, circa 25 milioni di persone su 190 milioni di abitanti. L\u0092esperienza acquisita dall\u0092&#8217;Abm in tanti anni di attivit\u00e0 porter\u00e0 infatti ad una serie di agili visite e ospitalit\u00e0 in confortevoli alberghi, con partenza da Rio de Janeiro per proseguire in Rio Grande do Sul a Porto Alegre, Caxias do Sul e Bento Gon\u00e7alves e quindi in Santa Catarina a Criciuma, Urussanga e Florianopolis, per proseguire fino a Salvador de Bahia, alternando tratti in pullman e aereo, consentendo la visita alle numerose comunit\u00e0 venete e bellunesi delle aree attraversate, ma anche la scoperta\u00a0 di nuovi paesi e persone per chi desidera affrontare il viaggio in maniera flessibile e spirito di avventura. La comitiva, condotta dal consigliere Abm Ivano Pocchiesa, \u00e8 portatrice di vari interessi non solo di visita turistica o affettiva, comprendendo anche alcuni operatori economici, curiosi di scoprire un paese con forte senso dell\u0092imprenditorialit\u00e0, esuberanza di risorse, e molti incentivi all\u0092export, con una enorme potenzialit\u00e0 di crescita e dove gli effetti della crisi sono pi\u00f9 contenuti. Per gli interessati sono pure previste visite specifiche ad attivit\u00e0 produttive. Infine, per quanti desiderano unirsi alla comitiva , sono disponibili ancora alcuni posti. Per il programma dettagliato e le prenotazioni\u00a0 rivolgersi direttamente all\u0092 Agenzia Grizzly (tel. 0437 942726) che cura per l\u0092ABM l\u0092&#8217;organizzazione tecnica del viaggio.<\/p>","protected":false},"excerpt":{"rendered":"<p>Da Rio de Janeiro a Caxias do Sul, Criciuma e Florianopolis, fino a Salvador de Bahia. Alla scoperta del Veneto in Brasile: questo \u00e8 lo slogan che ha accompagnato la raccolta di adesioni al consueto viaggio autunnale, organizzato dall&#8217;Abm (Associazione bellunesi nel mondo), che si svolge dal 10 al 22 ottobre 2009. Sono 13 giorni, [&hellip;]<\/p>\n","protected":false},"author":2,"featured_media":0,"comment_status":"closed","ping_status":"open","sticky":false,"template":"","format":"standard","meta":{"footnotes":""},"categories":[8],"tags":[],"class_list":["post-7571","post","type-post","status-publish","format-standard","category-societa-istituzioni"],"yoast_head":"<!-- This site is optimized with the Yoast SEO plugin v28.4 - https:\/\/yoast.com\/product\/yoast-seo-wordpress\/ -->\n<title>Alla scoperta del Veneto in Brasile con il tradizionale grande viaggio d&#039;autunno dell&#039;Abm - Bellunopress - Dolomiti<\/title>\n<meta name=\"robots\" content=\"index, follow, max-snippet:-1, max-image-preview:large, max-video-preview:-1\" \/>\n<link rel=\"canonical\" href=\"https:\/\/www.bellunopress.it\/fr\/2009\/08\/31\/alla-scoperta-del-veneto-in-brasile-con-il-tradizionale-grande-viaggio-dautunno-dellabm\/\" \/>\n<meta property=\"og:locale\" content=\"fr_FR\" \/>\n<meta property=\"og:type\" content=\"article\" \/>\n<meta property=\"og:title\" content=\"Alla scoperta del Veneto in Brasile con il tradizionale grande viaggio d&#039;autunno dell&#039;Abm - Bellunopress - Dolomiti\" \/>\n<meta property=\"og:description\" content=\"Da Rio de Janeiro a Caxias do Sul, Criciuma e Florianopolis, fino a Salvador de Bahia. Alla scoperta del Veneto in Brasile: questo \u00e8 lo slogan che ha accompagnato la raccolta di adesioni al consueto viaggio autunnale, organizzato dall&#8217;Abm (Associazione bellunesi nel mondo), che si svolge dal 10 al 22 ottobre 2009. Sono 13 giorni, [&hellip;]\" \/>\n<meta property=\"og:url\" content=\"https:\/\/www.bellunopress.it\/fr\/2009\/08\/31\/alla-scoperta-del-veneto-in-brasile-con-il-tradizionale-grande-viaggio-dautunno-dellabm\/\" \/>\n<meta property=\"og:site_name\" content=\"Bellunopress - Dolomiti\" \/>\n<meta property=\"article:publisher\" content=\"https:\/\/www.facebook.com\/profile.php?id=100008943462799\" \/>\n<meta property=\"article:published_time\" content=\"2009-08-31T20:07:16+00:00\" \/>\n<meta property=\"article:modified_time\" content=\"2009-09-03T07:28:27+00:00\" \/>\n<meta property=\"og:image\" content=\"http:\/\/www.bellunopress.it\/wp-content\/uploads\/2012\/07\/logo-bellunopress-250x250-2012.jpg\" \/>\n<meta name=\"author\" content=\"redazione\" \/>\n<meta name=\"twitter:card\" content=\"summary_large_image\" \/>\n<meta name=\"twitter:creator\" content=\"@bellunopress\" \/>\n<meta name=\"twitter:site\" content=\"@bellunopress\" \/>\n<meta name=\"twitter:label1\" content=\"Written by\" \/>\n\t<meta name=\"twitter:data1\" content=\"redazione\" \/>\n\t<meta name=\"twitter:label2\" content=\"Est. reading time\" \/>\n\t<meta name=\"twitter:data2\" content=\"1 minute\" \/>\n<script type=\"application\/ld+json\" class=\"yoast-schema-graph\">{\"@context\":\"https:\\\/\\\/schema.org\",\"@graph\":[{\"@type\":\"Article\",\"@id\":\"https:\\\/\\\/www.bellunopress.it\\\/2009\\\/08\\\/31\\\/alla-scoperta-del-veneto-in-brasile-con-il-tradizionale-grande-viaggio-dautunno-dellabm\\\/#article\",\"isPartOf\":{\"@id\":\"https:\\\/\\\/www.bellunopress.it\\\/2009\\\/08\\\/31\\\/alla-scoperta-del-veneto-in-brasile-con-il-tradizionale-grande-viaggio-dautunno-dellabm\\\/\"},\"author\":{\"name\":\"redazione\",\"@id\":\"https:\\\/\\\/www.bellunopress.it\\\/#\\\/schema\\\/person\\\/79bb06722b37ece1c03d3e94beb30d73\"},\"headline\":\"Alla scoperta del Veneto in Brasile con il tradizionale grande viaggio d&#8217;autunno dell&#8217;Abm\",\"datePublished\":\"2009-08-31T20:07:16+00:00\",\"dateModified\":\"2009-09-03T07:28:27+00:00\",\"mainEntityOfPage\":{\"@id\":\"https:\\\/\\\/www.bellunopress.it\\\/2009\\\/08\\\/31\\\/alla-scoperta-del-veneto-in-brasile-con-il-tradizionale-grande-viaggio-dautunno-dellabm\\\/\"},\"wordCount\":312,\"publisher\":{\"@id\":\"https:\\\/\\\/www.bellunopress.it\\\/#organization\"},\"articleSection\":[\"Societ\u00e0, Associazioni, Istituzioni\"],\"inLanguage\":\"fr-FR\"},{\"@type\":\"WebPage\",\"@id\":\"https:\\\/\\\/www.bellunopress.it\\\/2009\\\/08\\\/31\\\/alla-scoperta-del-veneto-in-brasile-con-il-tradizionale-grande-viaggio-dautunno-dellabm\\\/\",\"url\":\"https:\\\/\\\/www.bellunopress.it\\\/2009\\\/08\\\/31\\\/alla-scoperta-del-veneto-in-brasile-con-il-tradizionale-grande-viaggio-dautunno-dellabm\\\/\",\"name\":\"Alla scoperta del Veneto in Brasile con il tradizionale grande viaggio d'autunno dell'Abm - Bellunopress - Dolomiti\",\"isPartOf\":{\"@id\":\"https:\\\/\\\/www.bellunopress.it\\\/#website\"},\"datePublished\":\"2009-08-31T20:07:16+00:00\",\"dateModified\":\"2009-09-03T07:28:27+00:00\",\"breadcrumb\":{\"@id\":\"https:\\\/\\\/www.bellunopress.it\\\/2009\\\/08\\\/31\\\/alla-scoperta-del-veneto-in-brasile-con-il-tradizionale-grande-viaggio-dautunno-dellabm\\\/#breadcrumb\"},\"inLanguage\":\"fr-FR\",\"potentialAction\":[{\"@type\":\"ReadAction\",\"target\":[\"https:\\\/\\\/www.bellunopress.it\\\/2009\\\/08\\\/31\\\/alla-scoperta-del-veneto-in-brasile-con-il-tradizionale-grande-viaggio-dautunno-dellabm\\\/\"]}]},{\"@type\":\"BreadcrumbList\",\"@id\":\"https:\\\/\\\/www.bellunopress.it\\\/2009\\\/08\\\/31\\\/alla-scoperta-del-veneto-in-brasile-con-il-tradizionale-grande-viaggio-dautunno-dellabm\\\/#breadcrumb\",\"itemListElement\":[{\"@type\":\"ListItem\",\"position\":1,\"name\":\"Home\",\"item\":\"https:\\\/\\\/www.bellunopress.it\\\/\"},{\"@type\":\"ListItem\",\"position\":2,\"name\":\"Alla scoperta del Veneto in Brasile con il tradizionale grande viaggio d&#8217;autunno dell&#8217;Abm\"}]},{\"@type\":\"WebSite\",\"@id\":\"https:\\\/\\\/www.bellunopress.it\\\/#website\",\"url\":\"https:\\\/\\\/www.bellunopress.it\\\/\",\"name\":\"Bellunopress - Dolomiti\",\"description\":\"e-mail: redazione@bellunopress.it\",\"publisher\":{\"@id\":\"https:\\\/\\\/www.bellunopress.it\\\/#organization\"},\"potentialAction\":[{\"@type\":\"SearchAction\",\"target\":{\"@type\":\"EntryPoint\",\"urlTemplate\":\"https:\\\/\\\/www.bellunopress.it\\\/?s={search_term_string}\"},\"query-input\":{\"@type\":\"PropertyValueSpecification\",\"valueRequired\":true,\"valueName\":\"search_term_string\"}}],\"inLanguage\":\"fr-FR\"},{\"@type\":\"Organization\",\"@id\":\"https:\\\/\\\/www.bellunopress.it\\\/#organization\",\"name\":\"Bellunopress\",\"url\":\"https:\\\/\\\/www.bellunopress.it\\\/\",\"logo\":{\"@type\":\"ImageObject\",\"inLanguage\":\"fr-FR\",\"@id\":\"https:\\\/\\\/www.bellunopress.it\\\/#\\\/schema\\\/logo\\\/image\\\/\",\"url\":\"https:\\\/\\\/www.bellunopress.it\\\/wp-content\\\/uploads\\\/2011\\\/05\\\/cropped-logo-bellunopress-.jpg\",\"contentUrl\":\"https:\\\/\\\/www.bellunopress.it\\\/wp-content\\\/uploads\\\/2011\\\/05\\\/cropped-logo-bellunopress-.jpg\",\"width\":512,\"height\":512,\"caption\":\"Bellunopress\"},\"image\":{\"@id\":\"https:\\\/\\\/www.bellunopress.it\\\/#\\\/schema\\\/logo\\\/image\\\/\"},\"sameAs\":[\"https:\\\/\\\/www.facebook.com\\\/profile.php?id=100008943462799\",\"https:\\\/\\\/x.com\\\/bellunopress\",\"https:\\\/\\\/www.linkedin.com\\\/hp\\\/?dnr=JBzUWaJfMUw8vbXJJ2tVW5-I3jZKvC4wsoxE&amp;amp;amp;amp;amp;amp;trk=nav_responsive_tab_home\",\"https:\\\/\\\/www.youtube.com\\\/channel\\\/UCxL0wu1uN0_3_7hGG0306cw\"]},{\"@type\":\"Person\",\"@id\":\"https:\\\/\\\/www.bellunopress.it\\\/#\\\/schema\\\/person\\\/79bb06722b37ece1c03d3e94beb30d73\",\"name\":\"redazione\",\"image\":{\"@type\":\"ImageObject\",\"inLanguage\":\"fr-FR\",\"@id\":\"https:\\\/\\\/secure.gravatar.com\\\/avatar\\\/37d968a2e67a6fd04c169c4bdef102d0bc5d31b2546345219e348575eb80e9a0?s=96&d=mm&r=g\",\"url\":\"https:\\\/\\\/secure.gravatar.com\\\/avatar\\\/37d968a2e67a6fd04c169c4bdef102d0bc5d31b2546345219e348575eb80e9a0?s=96&d=mm&r=g\",\"contentUrl\":\"https:\\\/\\\/secure.gravatar.com\\\/avatar\\\/37d968a2e67a6fd04c169c4bdef102d0bc5d31b2546345219e348575eb80e9a0?s=96&d=mm&r=g\",\"caption\":\"redazione\"},\"sameAs\":[\"http:\\\/\\\/www.bellunopress.it\",\"https:\\\/\\\/x.com\\\/bellunopress\"],\"url\":\"https:\\\/\\\/www.bellunopress.it\\\/fr\\\/author\\\/redazione\\\/\"}]}<\/script>\n<!-- \/ Yoast SEO plugin. -->","yoast_head_json":{"title":"Alla scoperta del Veneto in Brasile con il tradizionale grande viaggio d'autunno dell'Abm - Bellunopress - Dolomiti","robots":{"index":"index","follow":"follow","max-snippet":"max-snippet:-1","max-image-preview":"max-image-preview:large","max-video-preview":"max-video-preview:-1"},"canonical":"https:\/\/www.bellunopress.it\/fr\/2009\/08\/31\/alla-scoperta-del-veneto-in-brasile-con-il-tradizionale-grande-viaggio-dautunno-dellabm\/","og_locale":"fr_FR","og_type":"article","og_title":"Alla scoperta del Veneto in Brasile con il tradizionale grande viaggio d'autunno dell'Abm - Bellunopress - Dolomiti","og_description":"Da Rio de Janeiro a Caxias do Sul, Criciuma e Florianopolis, fino a Salvador de Bahia. Alla scoperta del Veneto in Brasile: questo \u00e8 lo slogan che ha accompagnato la raccolta di adesioni al consueto viaggio autunnale, organizzato dall&#8217;Abm (Associazione bellunesi nel mondo), che si svolge dal 10 al 22 ottobre 2009. Sono 13 giorni, [&hellip;]","og_url":"https:\/\/www.bellunopress.it\/fr\/2009\/08\/31\/alla-scoperta-del-veneto-in-brasile-con-il-tradizionale-grande-viaggio-dautunno-dellabm\/","og_site_name":"Bellunopress - Dolomiti","article_publisher":"https:\/\/www.facebook.com\/profile.php?id=100008943462799","article_published_time":"2009-08-31T20:07:16+00:00","article_modified_time":"2009-09-03T07:28:27+00:00","og_image":[{"url":"http:\/\/www.bellunopress.it\/wp-content\/uploads\/2012\/07\/logo-bellunopress-250x250-2012.jpg","type":"","width":"","height":""}],"author":"redazione","twitter_card":"summary_large_image","twitter_creator":"@bellunopress","twitter_site":"@bellunopress","twitter_misc":{"Written by":"redazione","Est. reading time":"1 minute"},"schema":{"@context":"https:\/\/schema.org","@graph":[{"@type":"Article","@id":"https:\/\/www.bellunopress.it\/2009\/08\/31\/alla-scoperta-del-veneto-in-brasile-con-il-tradizionale-grande-viaggio-dautunno-dellabm\/#article","isPartOf":{"@id":"https:\/\/www.bellunopress.it\/2009\/08\/31\/alla-scoperta-del-veneto-in-brasile-con-il-tradizionale-grande-viaggio-dautunno-dellabm\/"},"author":{"name":"redazione","@id":"https:\/\/www.bellunopress.it\/#\/schema\/person\/79bb06722b37ece1c03d3e94beb30d73"},"headline":"Alla scoperta del Veneto in Brasile con il tradizionale grande viaggio d&#8217;autunno dell&#8217;Abm","datePublished":"2009-08-31T20:07:16+00:00","dateModified":"2009-09-03T07:28:27+00:00","mainEntityOfPage":{"@id":"https:\/\/www.bellunopress.it\/2009\/08\/31\/alla-scoperta-del-veneto-in-brasile-con-il-tradizionale-grande-viaggio-dautunno-dellabm\/"},"wordCount":312,"publisher":{"@id":"https:\/\/www.bellunopress.it\/#organization"},"articleSection":["Societ\u00e0, Associazioni, Istituzioni"],"inLanguage":"fr-FR"},{"@type":"WebPage","@id":"https:\/\/www.bellunopress.it\/2009\/08\/31\/alla-scoperta-del-veneto-in-brasile-con-il-tradizionale-grande-viaggio-dautunno-dellabm\/","url":"https:\/\/www.bellunopress.it\/2009\/08\/31\/alla-scoperta-del-veneto-in-brasile-con-il-tradizionale-grande-viaggio-dautunno-dellabm\/","name":"Alla scoperta del Veneto in Brasile con il tradizionale grande viaggio d'autunno dell'Abm - Bellunopress - Dolomiti","isPartOf":{"@id":"https:\/\/www.bellunopress.it\/#website"},"datePublished":"2009-08-31T20:07:16+00:00","dateModified":"2009-09-03T07:28:27+00:00","breadcrumb":{"@id":"https:\/\/www.bellunopress.it\/2009\/08\/31\/alla-scoperta-del-veneto-in-brasile-con-il-tradizionale-grande-viaggio-dautunno-dellabm\/#breadcrumb"},"inLanguage":"fr-FR","potentialAction":[{"@type":"ReadAction","target":["https:\/\/www.bellunopress.it\/2009\/08\/31\/alla-scoperta-del-veneto-in-brasile-con-il-tradizionale-grande-viaggio-dautunno-dellabm\/"]}]},{"@type":"BreadcrumbList","@id":"https:\/\/www.bellunopress.it\/2009\/08\/31\/alla-scoperta-del-veneto-in-brasile-con-il-tradizionale-grande-viaggio-dautunno-dellabm\/#breadcrumb","itemListElement":[{"@type":"ListItem","position":1,"name":"Home","item":"https:\/\/www.bellunopress.it\/"},{"@type":"ListItem","position":2,"name":"Alla scoperta del Veneto in Brasile con il tradizionale grande viaggio d&#8217;autunno dell&#8217;Abm"}]},{"@type":"WebSite","@id":"https:\/\/www.bellunopress.it\/#website","url":"https:\/\/www.bellunopress.it\/","name":"Bellunopress - Dolomiti","description":"e-mail: redazione@bellunopress.it","publisher":{"@id":"https:\/\/www.bellunopress.it\/#organization"},"potentialAction":[{"@type":"SearchAction","target":{"@type":"EntryPoint","urlTemplate":"https:\/\/www.bellunopress.it\/?s={search_term_string}"},"query-input":{"@type":"PropertyValueSpecification","valueRequired":true,"valueName":"search_term_string"}}],"inLanguage":"fr-FR"},{"@type":"Organization","@id":"https:\/\/www.bellunopress.it\/#organization","name":"Bellunopress","url":"https:\/\/www.bellunopress.it\/","logo":{"@type":"ImageObject","inLanguage":"fr-FR","@id":"https:\/\/www.bellunopress.it\/#\/schema\/logo\/image\/","url":"https:\/\/www.bellunopress.it\/wp-content\/uploads\/2011\/05\/cropped-logo-bellunopress-.jpg","contentUrl":"https:\/\/www.bellunopress.it\/wp-content\/uploads\/2011\/05\/cropped-logo-bellunopress-.jpg","width":512,"height":512,"caption":"Bellunopress"},"image":{"@id":"https:\/\/www.bellunopress.it\/#\/schema\/logo\/image\/"},"sameAs":["https:\/\/www.facebook.com\/profile.php?id=100008943462799","https:\/\/x.com\/bellunopress","https:\/\/www.linkedin.com\/hp\/?dnr=JBzUWaJfMUw8vbXJJ2tVW5-I3jZKvC4wsoxE&amp;amp;amp;amp;amp;amp;trk=nav_responsive_tab_home","https:\/\/www.youtube.com\/channel\/UCxL0wu1uN0_3_7hGG0306cw"]},{"@type":"Person","@id":"https:\/\/www.bellunopress.it\/#\/schema\/person\/79bb06722b37ece1c03d3e94beb30d73","name":"r\u00e9daction","image":{"@type":"ImageObject","inLanguage":"fr-FR","@id":"https:\/\/secure.gravatar.com\/avatar\/37d968a2e67a6fd04c169c4bdef102d0bc5d31b2546345219e348575eb80e9a0?s=96&d=mm&r=g","url":"https:\/\/secure.gravatar.com\/avatar\/37d968a2e67a6fd04c169c4bdef102d0bc5d31b2546345219e348575eb80e9a0?s=96&d=mm&r=g","contentUrl":"https:\/\/secure.gravatar.com\/avatar\/37d968a2e67a6fd04c169c4bdef102d0bc5d31b2546345219e348575eb80e9a0?s=96&d=mm&r=g","caption":"redazione"},"sameAs":["http:\/\/www.bellunopress.it","https:\/\/x.com\/bellunopress"],"url":"https:\/\/www.bellunopress.it\/fr\/author\/redazione\/"}]}},"_links":{"self":[{"href":"https:\/\/www.bellunopress.it\/fr\/wp-json\/wp\/v2\/posts\/7571","targetHints":{"allow":["GET"]}}],"collection":[{"href":"https:\/\/www.bellunopress.it\/fr\/wp-json\/wp\/v2\/posts"}],"about":[{"href":"https:\/\/www.bellunopress.it\/fr\/wp-json\/wp\/v2\/types\/post"}],"author":[{"embeddable":true,"href":"https:\/\/www.bellunopress.it\/fr\/wp-json\/wp\/v2\/users\/2"}],"replies":[{"embeddable":true,"href":"https:\/\/www.bellunopress.it\/fr\/wp-json\/wp\/v2\/comments?post=7571"}],"version-history":[{"count":2,"href":"https:\/\/www.bellunopress.it\/fr\/wp-json\/wp\/v2\/posts\/7571\/revisions"}],"predecessor-version":[{"id":7662,"href":"https:\/\/www.bellunopress.it\/fr\/wp-json\/wp\/v2\/posts\/7571\/revisions\/7662"}],"wp:attachment":[{"href":"https:\/\/www.bellunopress.it\/fr\/wp-json\/wp\/v2\/media?parent=7571"}],"wp:term":[{"taxonomy":"category","embeddable":true,"href":"https:\/\/www.bellunopress.it\/fr\/wp-json\/wp\/v2\/categories?post=7571"},{"taxonomy":"post_tag","embeddable":true,"href":"https:\/\/www.bellunopress.it\/fr\/wp-json\/wp\/v2\/tags?post=7571"}],"curies":[{"name":"wp","href":"https:\/\/api.w.org\/{rel}","templated":true}]}}