{"id":75609,"date":"2016-02-21T12:17:49","date_gmt":"2016-02-21T11:17:49","guid":{"rendered":"http:\/\/www.bellunopress.it\/?p=75609"},"modified":"2016-02-21T12:17:49","modified_gmt":"2016-02-21T11:17:49","slug":"75609","status":"publish","type":"post","link":"https:\/\/www.bellunopress.it\/fr\/2016\/02\/21\/75609\/","title":{"rendered":"Riordino delle societ\u00e0 partecipate. De Menech: &#8220;E&#8217; un sistema talmente articolato che nessuno ne conosce il numero esatto&#8221;.  Luned\u00ec  a Belluno il sottosegretario Rughetti incontra sindaci e rappresentanti delle societ\u00e0"},"content":{"rendered":"<figure id=\"attachment_46179\" aria-describedby=\"caption-attachment-46179\" style=\"width: 193px\" class=\"wp-caption alignleft\"><a href=\"http:\/\/www.bellunopress.it\/wp-content\/uploads\/2013\/01\/roger-de-menech-1.jpg\" rel=\"attachment wp-att-46179\"><img loading=\"lazy\" decoding=\"async\" class=\"size-full wp-image-46179\" src=\"http:\/\/www.bellunopress.it\/wp-content\/uploads\/2013\/01\/roger-de-menech-1.jpg\" alt=\"Roger De Menech, deputato Pd\" width=\"193\" height=\"290\" \/><\/a><figcaption id=\"caption-attachment-46179\" class=\"wp-caption-text\">Roger De Menech, deputato Pd<\/figcaption><\/figure>\n<p>La stagione delle riforme, avviata due anni fa dal governo Renzi, sta introducendo una serie di cambiamenti strutturali all&#8217;architettura istituzionale e nei rapporti che regolano le relazioni tra cittadini e lo stato. \u00abDopo decenni di immobilismo, abbiamo avuto il coraggio e l&#8217;autorevolezza per rivedere la costituzione\u00bb, nota il deputato bellunese Roger De Menech, \u00abe abbiamo varato una riforma della pubblica amministrazione che rende pi\u00f9 snello lo stato, semplifica il rapporto con i cittadini e ne amplia i diritti\u00bb.<\/p>\n<p>Ora il governo sta entrando nel dettaglio della gestione dei servizi pubblici. A livello centrale i tagli ai ministeri hanno raggiunto circa 10,6 miliardi nel periodo 2014-2017. Sul territorio, fermati i tagli ai bilanci degli enti locali, \u00e8 stato sbloccato il patto di stabilit\u00e0 per alcune voci come l&#8217;edilizia scolastica.<\/p>\n<p>Rimane tuttavia il nodo delle societ\u00e0 partecipate dagli enti pubblici. \u00abE&#8217; un sistema talmente articolato e complesso che nessuno in realt\u00e0 ne conosce il numero esatto\u00bb, afferma De Menech. \u00abDi sicuro sono pi\u00f9 di 10 mila in tutta la penisola e poche brillano per virt\u00f9 dal punto di vista finanziario, appesantendo i bilanci di Comuni, Province e Regioni e, di conseguenza, contribuiscono a mantenere alta la pressione fiscale\u00bb.<\/p>\n<p>Rivedere l&#8217;intero impianto di erogazione dei servizi pubblici, spiega il deputato \u00abnon \u00e8 solo un&#8217;esigenza data dalla revisione della spesa. L&#8217;impegno del governo \u00e8 di rendere pi\u00f9 efficienti ed efficaci i servizi per cittadini e imprese e al contempo aumentare la competitivit\u00e0 delle societ\u00e0 multiutility\u00bb. Il che non significa automaticamente \u00abprivatizzazione dei servizi, ma per renderli pi\u00f9 puntuali, flessibili, adatti alle attuali esigenze e meno onerosi per il contribuente \u00e8 chiaro che una riorganizzazione dell&#8217;intero comparto non sia pi\u00f9 rinviabile\u00bb.<\/p>\n<p>\u00abPer gli enti locali si aprono numerose opportunit\u00e0\u00bb, assicura De Menech. \u00abCerto, bisogna ridefinire gli ambiti ottimali, ridurre i centri di costo, ottimizzare le risorse, sfruttare in modo intensivo le nuove tecnologie e, dove possibile, orientare anche l&#8217;economia di derivazione pubblica alla sharing economy, giusto per individuare il carico di lavoro che ci aspetta. Ma sar\u00e0 un processo che potr\u00e0 essere guidato dagli amministratori locali e modulato sulle esigenze dei singoli territori, oppure, in caso di inerzia, verr\u00e0 calato dall&#8217;alto e in tal caso dovremo prendere atto della riforma cos\u00ec come verr\u00e0 disegnata a Roma o a Venezia\u00bb.<\/p>\n<p>\u00abSono convinto che i nostri amministratori, siano in grado di gestire al meglio questa partita\u00bb, conclude il deputato. \u00abNell&#8217;ultimo decennio c&#8217;\u00e8 stata una maturazione della classe dirigente bellunese, la determinazione e l&#8217;impegno messo per superare i campanilismi nella fusione dei Comuni ne \u00e8 lo specchio esatto. Come pure c&#8217;\u00e8 stato un salto di qualit\u00e0 nella gestione dei Fondi destinati ai comuni di confine, con la presa di coscienza collettiva della necessit\u00e0 di impiegare la quota maggioritaria di queste risorse per azioni strategiche con ricadute sull&#8217;intero territorio. Anche sulle societ\u00e0 partecipate e sui servizi pubblici, sono ottimista che i Bellunesi sapranno interpretare positivamente la riforma e abbandonare quel conservatorismo che non porta ad alcun risultato concreto\u00bb.<\/p>\n<p>La riforma della pubblica amministrazione e il futuro delle societ\u00e0 partecipate sono l&#8217;argomento di discussione della riunione con il <strong>sottosegretario alla PA, Angelo Rughetti, in programma luned\u00ec 22 febbraio alle ore 17 nella sala Affreschi di palazzo Piloni a Belluno.<\/strong> All&#8217;incontro sono invitati sindaci, amministratori, componenti delle strutture tecniche dei comuni e rappresentanti delle societ\u00e0 partecipate bellunesi.<\/p>","protected":false},"excerpt":{"rendered":"<p>La stagione delle riforme, avviata due anni fa dal governo Renzi, sta introducendo una serie di cambiamenti strutturali all&#8217;architettura istituzionale e nei rapporti che regolano le relazioni tra cittadini e lo stato. \u00abDopo decenni di immobilismo, abbiamo avuto il coraggio e l&#8217;autorevolezza per rivedere la costituzione\u00bb, nota il deputato bellunese Roger De Menech, \u00abe abbiamo [&hellip;]<\/p>\n","protected":false},"author":2,"featured_media":0,"comment_status":"closed","ping_status":"open","sticky":false,"template":"","format":"standard","meta":{"footnotes":""},"categories":[27,5],"tags":[],"class_list":["post-75609","post","type-post","status-publish","format-standard","category-appuntamenti","category-cronaca"],"yoast_head":"<!-- This site is optimized with the Yoast SEO plugin v28.4 - https:\/\/yoast.com\/product\/yoast-seo-wordpress\/ -->\n<title>Riordino delle societ\u00e0 partecipate. De Menech: &quot;E&#039; un sistema talmente articolato che nessuno ne conosce il numero esatto&quot;. Luned\u00ec a Belluno il sottosegretario Rughetti incontra sindaci e rappresentanti delle societ\u00e0 - Bellunopress - Dolomiti<\/title>\n<meta name=\"robots\" content=\"index, follow, max-snippet:-1, max-image-preview:large, max-video-preview:-1\" \/>\n<link rel=\"canonical\" href=\"https:\/\/www.bellunopress.it\/fr\/2016\/02\/21\/75609\/\" \/>\n<meta property=\"og:locale\" content=\"fr_FR\" \/>\n<meta property=\"og:type\" content=\"article\" \/>\n<meta property=\"og:title\" content=\"Riordino delle societ\u00e0 partecipate. De Menech: &quot;E&#039; un sistema talmente articolato che nessuno ne conosce il numero esatto&quot;. Luned\u00ec a Belluno il sottosegretario Rughetti incontra sindaci e rappresentanti delle societ\u00e0 - Bellunopress - Dolomiti\" \/>\n<meta property=\"og:description\" content=\"La stagione delle riforme, avviata due anni fa dal governo Renzi, sta introducendo una serie di cambiamenti strutturali all&#8217;architettura istituzionale e nei rapporti che regolano le relazioni tra cittadini e lo stato. \u00abDopo decenni di immobilismo, abbiamo avuto il coraggio e l&#8217;autorevolezza per rivedere la costituzione\u00bb, nota il deputato bellunese Roger De Menech, \u00abe abbiamo [&hellip;]\" \/>\n<meta property=\"og:url\" content=\"https:\/\/www.bellunopress.it\/fr\/2016\/02\/21\/75609\/\" \/>\n<meta property=\"og:site_name\" content=\"Bellunopress - Dolomiti\" \/>\n<meta property=\"article:publisher\" content=\"https:\/\/www.facebook.com\/profile.php?id=100008943462799\" \/>\n<meta property=\"article:published_time\" content=\"2016-02-21T11:17:49+00:00\" \/>\n<meta property=\"og:image\" content=\"http:\/\/www.bellunopress.it\/wp-content\/uploads\/2013\/01\/roger-de-menech-1.jpg\" \/>\n<meta name=\"author\" content=\"redazione\" \/>\n<meta name=\"twitter:card\" content=\"summary_large_image\" \/>\n<meta name=\"twitter:creator\" content=\"@bellunopress\" \/>\n<meta name=\"twitter:site\" content=\"@bellunopress\" \/>\n<meta name=\"twitter:label1\" content=\"\u00c9crit par\" \/>\n\t<meta name=\"twitter:data1\" content=\"redazione\" \/>\n\t<meta name=\"twitter:label2\" content=\"Dur\u00e9e de lecture estim\u00e9e\" \/>\n\t<meta name=\"twitter:data2\" content=\"3 minutes\" \/>\n<script type=\"application\/ld+json\" class=\"yoast-schema-graph\">{\"@context\":\"https:\\\/\\\/schema.org\",\"@graph\":[{\"@type\":\"Article\",\"@id\":\"https:\\\/\\\/www.bellunopress.it\\\/2016\\\/02\\\/21\\\/75609\\\/#article\",\"isPartOf\":{\"@id\":\"https:\\\/\\\/www.bellunopress.it\\\/2016\\\/02\\\/21\\\/75609\\\/\"},\"author\":{\"name\":\"redazione\",\"@id\":\"https:\\\/\\\/www.bellunopress.it\\\/#\\\/schema\\\/person\\\/79bb06722b37ece1c03d3e94beb30d73\"},\"headline\":\"Riordino delle societ\u00e0 partecipate. De Menech: &#8220;E&#8217; un sistema talmente articolato che nessuno ne conosce il numero esatto&#8221;. Luned\u00ec a Belluno il sottosegretario Rughetti incontra sindaci e rappresentanti delle societ\u00e0\",\"datePublished\":\"2016-02-21T11:17:49+00:00\",\"mainEntityOfPage\":{\"@id\":\"https:\\\/\\\/www.bellunopress.it\\\/2016\\\/02\\\/21\\\/75609\\\/\"},\"wordCount\":593,\"publisher\":{\"@id\":\"https:\\\/\\\/www.bellunopress.it\\\/#organization\"},\"image\":{\"@id\":\"https:\\\/\\\/www.bellunopress.it\\\/2016\\\/02\\\/21\\\/75609\\\/#primaryimage\"},\"thumbnailUrl\":\"http:\\\/\\\/www.bellunopress.it\\\/wp-content\\\/uploads\\\/2013\\\/01\\\/roger-de-menech-1.jpg\",\"articleSection\":[\"Appuntamenti, Eventi\",\"Cronaca\\\/Politica\"],\"inLanguage\":\"fr-FR\"},{\"@type\":\"WebPage\",\"@id\":\"https:\\\/\\\/www.bellunopress.it\\\/2016\\\/02\\\/21\\\/75609\\\/\",\"url\":\"https:\\\/\\\/www.bellunopress.it\\\/2016\\\/02\\\/21\\\/75609\\\/\",\"name\":\"Riordino delle societ\u00e0 partecipate. De Menech: \\\"E' un sistema talmente articolato che nessuno ne conosce il numero esatto\\\". Luned\u00ec a Belluno il sottosegretario Rughetti incontra sindaci e rappresentanti delle societ\u00e0 - Bellunopress - Dolomiti\",\"isPartOf\":{\"@id\":\"https:\\\/\\\/www.bellunopress.it\\\/#website\"},\"primaryImageOfPage\":{\"@id\":\"https:\\\/\\\/www.bellunopress.it\\\/2016\\\/02\\\/21\\\/75609\\\/#primaryimage\"},\"image\":{\"@id\":\"https:\\\/\\\/www.bellunopress.it\\\/2016\\\/02\\\/21\\\/75609\\\/#primaryimage\"},\"thumbnailUrl\":\"http:\\\/\\\/www.bellunopress.it\\\/wp-content\\\/uploads\\\/2013\\\/01\\\/roger-de-menech-1.jpg\",\"datePublished\":\"2016-02-21T11:17:49+00:00\",\"breadcrumb\":{\"@id\":\"https:\\\/\\\/www.bellunopress.it\\\/2016\\\/02\\\/21\\\/75609\\\/#breadcrumb\"},\"inLanguage\":\"fr-FR\",\"potentialAction\":[{\"@type\":\"ReadAction\",\"target\":[\"https:\\\/\\\/www.bellunopress.it\\\/2016\\\/02\\\/21\\\/75609\\\/\"]}]},{\"@type\":\"ImageObject\",\"inLanguage\":\"fr-FR\",\"@id\":\"https:\\\/\\\/www.bellunopress.it\\\/2016\\\/02\\\/21\\\/75609\\\/#primaryimage\",\"url\":\"http:\\\/\\\/www.bellunopress.it\\\/wp-content\\\/uploads\\\/2013\\\/01\\\/roger-de-menech-1.jpg\",\"contentUrl\":\"http:\\\/\\\/www.bellunopress.it\\\/wp-content\\\/uploads\\\/2013\\\/01\\\/roger-de-menech-1.jpg\"},{\"@type\":\"BreadcrumbList\",\"@id\":\"https:\\\/\\\/www.bellunopress.it\\\/2016\\\/02\\\/21\\\/75609\\\/#breadcrumb\",\"itemListElement\":[{\"@type\":\"ListItem\",\"position\":1,\"name\":\"Home\",\"item\":\"https:\\\/\\\/www.bellunopress.it\\\/\"},{\"@type\":\"ListItem\",\"position\":2,\"name\":\"Riordino delle societ\u00e0 partecipate. De Menech: &#8220;E&#8217; un sistema talmente articolato che nessuno ne conosce il numero esatto&#8221;. Luned\u00ec a Belluno il sottosegretario Rughetti incontra sindaci e rappresentanti delle societ\u00e0\"}]},{\"@type\":\"WebSite\",\"@id\":\"https:\\\/\\\/www.bellunopress.it\\\/#website\",\"url\":\"https:\\\/\\\/www.bellunopress.it\\\/\",\"name\":\"Bellunopress - Dolomiti\",\"description\":\"e-mail: redazione@bellunopress.it\",\"publisher\":{\"@id\":\"https:\\\/\\\/www.bellunopress.it\\\/#organization\"},\"potentialAction\":[{\"@type\":\"SearchAction\",\"target\":{\"@type\":\"EntryPoint\",\"urlTemplate\":\"https:\\\/\\\/www.bellunopress.it\\\/?s={search_term_string}\"},\"query-input\":{\"@type\":\"PropertyValueSpecification\",\"valueRequired\":true,\"valueName\":\"search_term_string\"}}],\"inLanguage\":\"fr-FR\"},{\"@type\":\"Organization\",\"@id\":\"https:\\\/\\\/www.bellunopress.it\\\/#organization\",\"name\":\"Bellunopress\",\"url\":\"https:\\\/\\\/www.bellunopress.it\\\/\",\"logo\":{\"@type\":\"ImageObject\",\"inLanguage\":\"fr-FR\",\"@id\":\"https:\\\/\\\/www.bellunopress.it\\\/#\\\/schema\\\/logo\\\/image\\\/\",\"url\":\"https:\\\/\\\/www.bellunopress.it\\\/wp-content\\\/uploads\\\/2011\\\/05\\\/cropped-logo-bellunopress-.jpg\",\"contentUrl\":\"https:\\\/\\\/www.bellunopress.it\\\/wp-content\\\/uploads\\\/2011\\\/05\\\/cropped-logo-bellunopress-.jpg\",\"width\":512,\"height\":512,\"caption\":\"Bellunopress\"},\"image\":{\"@id\":\"https:\\\/\\\/www.bellunopress.it\\\/#\\\/schema\\\/logo\\\/image\\\/\"},\"sameAs\":[\"https:\\\/\\\/www.facebook.com\\\/profile.php?id=100008943462799\",\"https:\\\/\\\/x.com\\\/bellunopress\",\"https:\\\/\\\/www.linkedin.com\\\/hp\\\/?dnr=JBzUWaJfMUw8vbXJJ2tVW5-I3jZKvC4wsoxE&amp;amp;amp;amp;amp;amp;trk=nav_responsive_tab_home\",\"https:\\\/\\\/www.youtube.com\\\/channel\\\/UCxL0wu1uN0_3_7hGG0306cw\"]},{\"@type\":\"Person\",\"@id\":\"https:\\\/\\\/www.bellunopress.it\\\/#\\\/schema\\\/person\\\/79bb06722b37ece1c03d3e94beb30d73\",\"name\":\"redazione\",\"image\":{\"@type\":\"ImageObject\",\"inLanguage\":\"fr-FR\",\"@id\":\"https:\\\/\\\/secure.gravatar.com\\\/avatar\\\/37d968a2e67a6fd04c169c4bdef102d0bc5d31b2546345219e348575eb80e9a0?s=96&d=mm&r=g\",\"url\":\"https:\\\/\\\/secure.gravatar.com\\\/avatar\\\/37d968a2e67a6fd04c169c4bdef102d0bc5d31b2546345219e348575eb80e9a0?s=96&d=mm&r=g\",\"contentUrl\":\"https:\\\/\\\/secure.gravatar.com\\\/avatar\\\/37d968a2e67a6fd04c169c4bdef102d0bc5d31b2546345219e348575eb80e9a0?s=96&d=mm&r=g\",\"caption\":\"redazione\"},\"sameAs\":[\"http:\\\/\\\/www.bellunopress.it\",\"https:\\\/\\\/x.com\\\/bellunopress\"],\"url\":\"https:\\\/\\\/www.bellunopress.it\\\/fr\\\/author\\\/redazione\\\/\"}]}<\/script>\n<!-- \/ Yoast SEO plugin. -->","yoast_head_json":{"title":"Riordino delle societ\u00e0 partecipate. De Menech: \"E' un sistema talmente articolato che nessuno ne conosce il numero esatto\". Luned\u00ec a Belluno il sottosegretario Rughetti incontra sindaci e rappresentanti delle societ\u00e0 - Bellunopress - Dolomiti","robots":{"index":"index","follow":"follow","max-snippet":"max-snippet:-1","max-image-preview":"max-image-preview:large","max-video-preview":"max-video-preview:-1"},"canonical":"https:\/\/www.bellunopress.it\/fr\/2016\/02\/21\/75609\/","og_locale":"fr_FR","og_type":"article","og_title":"Riordino delle societ\u00e0 partecipate. De Menech: \"E' un sistema talmente articolato che nessuno ne conosce il numero esatto\". Luned\u00ec a Belluno il sottosegretario Rughetti incontra sindaci e rappresentanti delle societ\u00e0 - Bellunopress - Dolomiti","og_description":"La stagione delle riforme, avviata due anni fa dal governo Renzi, sta introducendo una serie di cambiamenti strutturali all&#8217;architettura istituzionale e nei rapporti che regolano le relazioni tra cittadini e lo stato. \u00abDopo decenni di immobilismo, abbiamo avuto il coraggio e l&#8217;autorevolezza per rivedere la costituzione\u00bb, nota il deputato bellunese Roger De Menech, \u00abe abbiamo [&hellip;]","og_url":"https:\/\/www.bellunopress.it\/fr\/2016\/02\/21\/75609\/","og_site_name":"Bellunopress - Dolomiti","article_publisher":"https:\/\/www.facebook.com\/profile.php?id=100008943462799","article_published_time":"2016-02-21T11:17:49+00:00","og_image":[{"url":"http:\/\/www.bellunopress.it\/wp-content\/uploads\/2013\/01\/roger-de-menech-1.jpg","type":"","width":"","height":""}],"author":"redazione","twitter_card":"summary_large_image","twitter_creator":"@bellunopress","twitter_site":"@bellunopress","twitter_misc":{"\u00c9crit par":"redazione","Dur\u00e9e de lecture estim\u00e9e":"3 minutes"},"schema":{"@context":"https:\/\/schema.org","@graph":[{"@type":"Article","@id":"https:\/\/www.bellunopress.it\/2016\/02\/21\/75609\/#article","isPartOf":{"@id":"https:\/\/www.bellunopress.it\/2016\/02\/21\/75609\/"},"author":{"name":"redazione","@id":"https:\/\/www.bellunopress.it\/#\/schema\/person\/79bb06722b37ece1c03d3e94beb30d73"},"headline":"Riordino delle societ\u00e0 partecipate. De Menech: &#8220;E&#8217; un sistema talmente articolato che nessuno ne conosce il numero esatto&#8221;. Luned\u00ec a Belluno il sottosegretario Rughetti incontra sindaci e rappresentanti delle societ\u00e0","datePublished":"2016-02-21T11:17:49+00:00","mainEntityOfPage":{"@id":"https:\/\/www.bellunopress.it\/2016\/02\/21\/75609\/"},"wordCount":593,"publisher":{"@id":"https:\/\/www.bellunopress.it\/#organization"},"image":{"@id":"https:\/\/www.bellunopress.it\/2016\/02\/21\/75609\/#primaryimage"},"thumbnailUrl":"http:\/\/www.bellunopress.it\/wp-content\/uploads\/2013\/01\/roger-de-menech-1.jpg","articleSection":["Appuntamenti, Eventi","Cronaca\/Politica"],"inLanguage":"fr-FR"},{"@type":"WebPage","@id":"https:\/\/www.bellunopress.it\/2016\/02\/21\/75609\/","url":"https:\/\/www.bellunopress.it\/2016\/02\/21\/75609\/","name":"Riordino delle societ\u00e0 partecipate. De Menech: \"E' un sistema talmente articolato che nessuno ne conosce il numero esatto\". Luned\u00ec a Belluno il sottosegretario Rughetti incontra sindaci e rappresentanti delle societ\u00e0 - Bellunopress - Dolomiti","isPartOf":{"@id":"https:\/\/www.bellunopress.it\/#website"},"primaryImageOfPage":{"@id":"https:\/\/www.bellunopress.it\/2016\/02\/21\/75609\/#primaryimage"},"image":{"@id":"https:\/\/www.bellunopress.it\/2016\/02\/21\/75609\/#primaryimage"},"thumbnailUrl":"http:\/\/www.bellunopress.it\/wp-content\/uploads\/2013\/01\/roger-de-menech-1.jpg","datePublished":"2016-02-21T11:17:49+00:00","breadcrumb":{"@id":"https:\/\/www.bellunopress.it\/2016\/02\/21\/75609\/#breadcrumb"},"inLanguage":"fr-FR","potentialAction":[{"@type":"ReadAction","target":["https:\/\/www.bellunopress.it\/2016\/02\/21\/75609\/"]}]},{"@type":"ImageObject","inLanguage":"fr-FR","@id":"https:\/\/www.bellunopress.it\/2016\/02\/21\/75609\/#primaryimage","url":"http:\/\/www.bellunopress.it\/wp-content\/uploads\/2013\/01\/roger-de-menech-1.jpg","contentUrl":"http:\/\/www.bellunopress.it\/wp-content\/uploads\/2013\/01\/roger-de-menech-1.jpg"},{"@type":"BreadcrumbList","@id":"https:\/\/www.bellunopress.it\/2016\/02\/21\/75609\/#breadcrumb","itemListElement":[{"@type":"ListItem","position":1,"name":"Home","item":"https:\/\/www.bellunopress.it\/"},{"@type":"ListItem","position":2,"name":"Riordino delle societ\u00e0 partecipate. De Menech: &#8220;E&#8217; un sistema talmente articolato che nessuno ne conosce il numero esatto&#8221;. Luned\u00ec a Belluno il sottosegretario Rughetti incontra sindaci e rappresentanti delle societ\u00e0"}]},{"@type":"WebSite","@id":"https:\/\/www.bellunopress.it\/#website","url":"https:\/\/www.bellunopress.it\/","name":"Bellunopress - Dolomiti","description":"e-mail: redazione@bellunopress.it","publisher":{"@id":"https:\/\/www.bellunopress.it\/#organization"},"potentialAction":[{"@type":"SearchAction","target":{"@type":"EntryPoint","urlTemplate":"https:\/\/www.bellunopress.it\/?s={search_term_string}"},"query-input":{"@type":"PropertyValueSpecification","valueRequired":true,"valueName":"search_term_string"}}],"inLanguage":"fr-FR"},{"@type":"Organization","@id":"https:\/\/www.bellunopress.it\/#organization","name":"Bellunopress","url":"https:\/\/www.bellunopress.it\/","logo":{"@type":"ImageObject","inLanguage":"fr-FR","@id":"https:\/\/www.bellunopress.it\/#\/schema\/logo\/image\/","url":"https:\/\/www.bellunopress.it\/wp-content\/uploads\/2011\/05\/cropped-logo-bellunopress-.jpg","contentUrl":"https:\/\/www.bellunopress.it\/wp-content\/uploads\/2011\/05\/cropped-logo-bellunopress-.jpg","width":512,"height":512,"caption":"Bellunopress"},"image":{"@id":"https:\/\/www.bellunopress.it\/#\/schema\/logo\/image\/"},"sameAs":["https:\/\/www.facebook.com\/profile.php?id=100008943462799","https:\/\/x.com\/bellunopress","https:\/\/www.linkedin.com\/hp\/?dnr=JBzUWaJfMUw8vbXJJ2tVW5-I3jZKvC4wsoxE&amp;amp;amp;amp;amp;amp;trk=nav_responsive_tab_home","https:\/\/www.youtube.com\/channel\/UCxL0wu1uN0_3_7hGG0306cw"]},{"@type":"Person","@id":"https:\/\/www.bellunopress.it\/#\/schema\/person\/79bb06722b37ece1c03d3e94beb30d73","name":"r\u00e9daction","image":{"@type":"ImageObject","inLanguage":"fr-FR","@id":"https:\/\/secure.gravatar.com\/avatar\/37d968a2e67a6fd04c169c4bdef102d0bc5d31b2546345219e348575eb80e9a0?s=96&d=mm&r=g","url":"https:\/\/secure.gravatar.com\/avatar\/37d968a2e67a6fd04c169c4bdef102d0bc5d31b2546345219e348575eb80e9a0?s=96&d=mm&r=g","contentUrl":"https:\/\/secure.gravatar.com\/avatar\/37d968a2e67a6fd04c169c4bdef102d0bc5d31b2546345219e348575eb80e9a0?s=96&d=mm&r=g","caption":"redazione"},"sameAs":["http:\/\/www.bellunopress.it","https:\/\/x.com\/bellunopress"],"url":"https:\/\/www.bellunopress.it\/fr\/author\/redazione\/"}]}},"_links":{"self":[{"href":"https:\/\/www.bellunopress.it\/fr\/wp-json\/wp\/v2\/posts\/75609","targetHints":{"allow":["GET"]}}],"collection":[{"href":"https:\/\/www.bellunopress.it\/fr\/wp-json\/wp\/v2\/posts"}],"about":[{"href":"https:\/\/www.bellunopress.it\/fr\/wp-json\/wp\/v2\/types\/post"}],"author":[{"embeddable":true,"href":"https:\/\/www.bellunopress.it\/fr\/wp-json\/wp\/v2\/users\/2"}],"replies":[{"embeddable":true,"href":"https:\/\/www.bellunopress.it\/fr\/wp-json\/wp\/v2\/comments?post=75609"}],"version-history":[{"count":1,"href":"https:\/\/www.bellunopress.it\/fr\/wp-json\/wp\/v2\/posts\/75609\/revisions"}],"predecessor-version":[{"id":75610,"href":"https:\/\/www.bellunopress.it\/fr\/wp-json\/wp\/v2\/posts\/75609\/revisions\/75610"}],"wp:attachment":[{"href":"https:\/\/www.bellunopress.it\/fr\/wp-json\/wp\/v2\/media?parent=75609"}],"wp:term":[{"taxonomy":"category","embeddable":true,"href":"https:\/\/www.bellunopress.it\/fr\/wp-json\/wp\/v2\/categories?post=75609"},{"taxonomy":"post_tag","embeddable":true,"href":"https:\/\/www.bellunopress.it\/fr\/wp-json\/wp\/v2\/tags?post=75609"}],"curies":[{"name":"wp","href":"https:\/\/api.w.org\/{rel}","templated":true}]}}