{"id":7548,"date":"2009-08-31T11:17:25","date_gmt":"2009-08-31T10:17:25","guid":{"rendered":"http:\/\/www.bellunopress.it\/?p=7548"},"modified":"2009-08-31T11:17:25","modified_gmt":"2009-08-31T10:17:25","slug":"giovedi-doppio-appuntamento-con-lex-magistrato-felice-casson","status":"publish","type":"post","link":"https:\/\/www.bellunopress.it\/fr\/2009\/08\/31\/giovedi-doppio-appuntamento-con-lex-magistrato-felice-casson\/","title":{"rendered":"Gioved\u00ec doppio appuntamento con l&#8217;ex magistrato Felice Casson"},"content":{"rendered":"<p><a href=\"http:\/\/www.bellunopress.it\/wp-content\/uploads\/2009\/02\/felice-casson.jpg\"><img loading=\"lazy\" decoding=\"async\" class=\"alignleft size-medium wp-image-740\" title=\"felice-casson\" src=\"http:\/\/www.bellunopress.it\/wp-content\/uploads\/2009\/02\/felice-casson.jpg\" alt=\"\" width=\"80\" height=\"81\" \/><\/a>Gioved\u00ec 3 settembre si svolger\u00e0 un doppo appuntamento con Felice Casson, ex magistrato, senatore e candidato alla Segreteria regionale del Pd per la Mozione di Ignazio Marino:<br \/>\nAlle 18.15 presso la Sala &#8220;Guarnieri&#8221; di Pedavena si terr\u00e0 un incontro-dibattito sul tema &#8220;Sicurezza e legalit\u00e0 &#8211; per un&#8217;Italia pi\u00f9 giusta&#8221;.<br \/>\nAlle 20.45 presso la sala Muccin del Centro Giovanni XXIII a Belluno si terr\u00e0 un incontro-dibattito sul tema &#8220;Laicit\u00e0, etica, legalit\u00e0: la nostra idea di Paese&#8221;.<\/p>","protected":false},"excerpt":{"rendered":"<p>Gioved\u00ec 3 settembre si svolger\u00e0 un doppo appuntamento con Felice Casson, ex magistrato, senatore e candidato alla Segreteria regionale del Pd per la Mozione di Ignazio Marino: Alle 18.15 presso la Sala &#8220;Guarnieri&#8221; di Pedavena si terr\u00e0 un incontro-dibattito sul tema &#8220;Sicurezza e legalit\u00e0 &#8211; per un&#8217;Italia pi\u00f9 giusta&#8221;. Alle 20.45 presso la sala Muccin [&hellip;]<\/p>\n","protected":false},"author":2,"featured_media":0,"comment_status":"closed","ping_status":"open","sticky":false,"template":"","format":"standard","meta":{"footnotes":""},"categories":[27,25],"tags":[139],"class_list":["post-7548","post","type-post","status-publish","format-standard","category-appuntamenti","category-pausa-caffe","tag-belluno"],"yoast_head":"<!-- This site is optimized with the Yoast SEO plugin v28.4 - https:\/\/yoast.com\/product\/yoast-seo-wordpress\/ -->\n<title>Gioved\u00ec doppio appuntamento con l&#039;ex magistrato Felice Casson - Bellunopress - Dolomiti<\/title>\n<meta name=\"robots\" content=\"index, follow, max-snippet:-1, max-image-preview:large, max-video-preview:-1\" \/>\n<link rel=\"canonical\" href=\"https:\/\/www.bellunopress.it\/fr\/2009\/08\/31\/giovedi-doppio-appuntamento-con-lex-magistrato-felice-casson\/\" \/>\n<meta property=\"og:locale\" content=\"fr_FR\" \/>\n<meta property=\"og:type\" content=\"article\" \/>\n<meta property=\"og:title\" content=\"Gioved\u00ec doppio appuntamento con l&#039;ex magistrato Felice Casson - Bellunopress - Dolomiti\" \/>\n<meta property=\"og:description\" content=\"Gioved\u00ec 3 settembre si svolger\u00e0 un doppo appuntamento con Felice Casson, ex magistrato, senatore e candidato alla Segreteria regionale del Pd per la Mozione di Ignazio Marino: Alle 18.15 presso la Sala &#8220;Guarnieri&#8221; di Pedavena si terr\u00e0 un incontro-dibattito sul tema &#8220;Sicurezza e legalit\u00e0 &#8211; per un&#8217;Italia pi\u00f9 giusta&#8221;. Alle 20.45 presso la sala Muccin [&hellip;]\" \/>\n<meta property=\"og:url\" content=\"https:\/\/www.bellunopress.it\/fr\/2009\/08\/31\/giovedi-doppio-appuntamento-con-lex-magistrato-felice-casson\/\" \/>\n<meta property=\"og:site_name\" content=\"Bellunopress - Dolomiti\" \/>\n<meta property=\"article:publisher\" content=\"https:\/\/www.facebook.com\/profile.php?id=100008943462799\" \/>\n<meta property=\"article:published_time\" content=\"2009-08-31T10:17:25+00:00\" \/>\n<meta property=\"og:image\" content=\"http:\/\/www.bellunopress.it\/wp-content\/uploads\/2009\/02\/felice-casson.jpg\" \/>\n<meta name=\"author\" content=\"redazione\" \/>\n<meta name=\"twitter:card\" content=\"summary_large_image\" \/>\n<meta name=\"twitter:creator\" content=\"@bellunopress\" \/>\n<meta name=\"twitter:site\" content=\"@bellunopress\" \/>\n<meta name=\"twitter:label1\" content=\"\u00c9crit par\" \/>\n\t<meta name=\"twitter:data1\" content=\"redazione\" \/>\n<script type=\"application\/ld+json\" class=\"yoast-schema-graph\">{\"@context\":\"https:\\\/\\\/schema.org\",\"@graph\":[{\"@type\":\"Article\",\"@id\":\"https:\\\/\\\/www.bellunopress.it\\\/2009\\\/08\\\/31\\\/giovedi-doppio-appuntamento-con-lex-magistrato-felice-casson\\\/#article\",\"isPartOf\":{\"@id\":\"https:\\\/\\\/www.bellunopress.it\\\/2009\\\/08\\\/31\\\/giovedi-doppio-appuntamento-con-lex-magistrato-felice-casson\\\/\"},\"author\":{\"name\":\"redazione\",\"@id\":\"https:\\\/\\\/www.bellunopress.it\\\/#\\\/schema\\\/person\\\/79bb06722b37ece1c03d3e94beb30d73\"},\"headline\":\"Gioved\u00ec doppio appuntamento con l&#8217;ex magistrato Felice Casson\",\"datePublished\":\"2009-08-31T10:17:25+00:00\",\"mainEntityOfPage\":{\"@id\":\"https:\\\/\\\/www.bellunopress.it\\\/2009\\\/08\\\/31\\\/giovedi-doppio-appuntamento-con-lex-magistrato-felice-casson\\\/\"},\"wordCount\":82,\"publisher\":{\"@id\":\"https:\\\/\\\/www.bellunopress.it\\\/#organization\"},\"image\":{\"@id\":\"https:\\\/\\\/www.bellunopress.it\\\/2009\\\/08\\\/31\\\/giovedi-doppio-appuntamento-con-lex-magistrato-felice-casson\\\/#primaryimage\"},\"thumbnailUrl\":\"http:\\\/\\\/www.bellunopress.it\\\/wp-content\\\/uploads\\\/2009\\\/02\\\/felice-casson.jpg\",\"keywords\":[\"Belluno\"],\"articleSection\":[\"Appuntamenti, Eventi\",\"Pausa Caff\u00e8\"],\"inLanguage\":\"fr-FR\"},{\"@type\":\"WebPage\",\"@id\":\"https:\\\/\\\/www.bellunopress.it\\\/2009\\\/08\\\/31\\\/giovedi-doppio-appuntamento-con-lex-magistrato-felice-casson\\\/\",\"url\":\"https:\\\/\\\/www.bellunopress.it\\\/2009\\\/08\\\/31\\\/giovedi-doppio-appuntamento-con-lex-magistrato-felice-casson\\\/\",\"name\":\"Gioved\u00ec doppio appuntamento con l'ex magistrato Felice Casson - Bellunopress - Dolomiti\",\"isPartOf\":{\"@id\":\"https:\\\/\\\/www.bellunopress.it\\\/#website\"},\"primaryImageOfPage\":{\"@id\":\"https:\\\/\\\/www.bellunopress.it\\\/2009\\\/08\\\/31\\\/giovedi-doppio-appuntamento-con-lex-magistrato-felice-casson\\\/#primaryimage\"},\"image\":{\"@id\":\"https:\\\/\\\/www.bellunopress.it\\\/2009\\\/08\\\/31\\\/giovedi-doppio-appuntamento-con-lex-magistrato-felice-casson\\\/#primaryimage\"},\"thumbnailUrl\":\"http:\\\/\\\/www.bellunopress.it\\\/wp-content\\\/uploads\\\/2009\\\/02\\\/felice-casson.jpg\",\"datePublished\":\"2009-08-31T10:17:25+00:00\",\"breadcrumb\":{\"@id\":\"https:\\\/\\\/www.bellunopress.it\\\/2009\\\/08\\\/31\\\/giovedi-doppio-appuntamento-con-lex-magistrato-felice-casson\\\/#breadcrumb\"},\"inLanguage\":\"fr-FR\",\"potentialAction\":[{\"@type\":\"ReadAction\",\"target\":[\"https:\\\/\\\/www.bellunopress.it\\\/2009\\\/08\\\/31\\\/giovedi-doppio-appuntamento-con-lex-magistrato-felice-casson\\\/\"]}]},{\"@type\":\"ImageObject\",\"inLanguage\":\"fr-FR\",\"@id\":\"https:\\\/\\\/www.bellunopress.it\\\/2009\\\/08\\\/31\\\/giovedi-doppio-appuntamento-con-lex-magistrato-felice-casson\\\/#primaryimage\",\"url\":\"http:\\\/\\\/www.bellunopress.it\\\/wp-content\\\/uploads\\\/2009\\\/02\\\/felice-casson.jpg\",\"contentUrl\":\"http:\\\/\\\/www.bellunopress.it\\\/wp-content\\\/uploads\\\/2009\\\/02\\\/felice-casson.jpg\"},{\"@type\":\"BreadcrumbList\",\"@id\":\"https:\\\/\\\/www.bellunopress.it\\\/2009\\\/08\\\/31\\\/giovedi-doppio-appuntamento-con-lex-magistrato-felice-casson\\\/#breadcrumb\",\"itemListElement\":[{\"@type\":\"ListItem\",\"position\":1,\"name\":\"Home\",\"item\":\"https:\\\/\\\/www.bellunopress.it\\\/\"},{\"@type\":\"ListItem\",\"position\":2,\"name\":\"Gioved\u00ec doppio appuntamento con l&#8217;ex magistrato Felice Casson\"}]},{\"@type\":\"WebSite\",\"@id\":\"https:\\\/\\\/www.bellunopress.it\\\/#website\",\"url\":\"https:\\\/\\\/www.bellunopress.it\\\/\",\"name\":\"Bellunopress - Dolomiti\",\"description\":\"e-mail: redazione@bellunopress.it\",\"publisher\":{\"@id\":\"https:\\\/\\\/www.bellunopress.it\\\/#organization\"},\"potentialAction\":[{\"@type\":\"SearchAction\",\"target\":{\"@type\":\"EntryPoint\",\"urlTemplate\":\"https:\\\/\\\/www.bellunopress.it\\\/?s={search_term_string}\"},\"query-input\":{\"@type\":\"PropertyValueSpecification\",\"valueRequired\":true,\"valueName\":\"search_term_string\"}}],\"inLanguage\":\"fr-FR\"},{\"@type\":\"Organization\",\"@id\":\"https:\\\/\\\/www.bellunopress.it\\\/#organization\",\"name\":\"Bellunopress\",\"url\":\"https:\\\/\\\/www.bellunopress.it\\\/\",\"logo\":{\"@type\":\"ImageObject\",\"inLanguage\":\"fr-FR\",\"@id\":\"https:\\\/\\\/www.bellunopress.it\\\/#\\\/schema\\\/logo\\\/image\\\/\",\"url\":\"https:\\\/\\\/www.bellunopress.it\\\/wp-content\\\/uploads\\\/2011\\\/05\\\/cropped-logo-bellunopress-.jpg\",\"contentUrl\":\"https:\\\/\\\/www.bellunopress.it\\\/wp-content\\\/uploads\\\/2011\\\/05\\\/cropped-logo-bellunopress-.jpg\",\"width\":512,\"height\":512,\"caption\":\"Bellunopress\"},\"image\":{\"@id\":\"https:\\\/\\\/www.bellunopress.it\\\/#\\\/schema\\\/logo\\\/image\\\/\"},\"sameAs\":[\"https:\\\/\\\/www.facebook.com\\\/profile.php?id=100008943462799\",\"https:\\\/\\\/x.com\\\/bellunopress\",\"https:\\\/\\\/www.linkedin.com\\\/hp\\\/?dnr=JBzUWaJfMUw8vbXJJ2tVW5-I3jZKvC4wsoxE&amp;amp;amp;amp;amp;amp;trk=nav_responsive_tab_home\",\"https:\\\/\\\/www.youtube.com\\\/channel\\\/UCxL0wu1uN0_3_7hGG0306cw\"]},{\"@type\":\"Person\",\"@id\":\"https:\\\/\\\/www.bellunopress.it\\\/#\\\/schema\\\/person\\\/79bb06722b37ece1c03d3e94beb30d73\",\"name\":\"redazione\",\"image\":{\"@type\":\"ImageObject\",\"inLanguage\":\"fr-FR\",\"@id\":\"https:\\\/\\\/secure.gravatar.com\\\/avatar\\\/37d968a2e67a6fd04c169c4bdef102d0bc5d31b2546345219e348575eb80e9a0?s=96&d=mm&r=g\",\"url\":\"https:\\\/\\\/secure.gravatar.com\\\/avatar\\\/37d968a2e67a6fd04c169c4bdef102d0bc5d31b2546345219e348575eb80e9a0?s=96&d=mm&r=g\",\"contentUrl\":\"https:\\\/\\\/secure.gravatar.com\\\/avatar\\\/37d968a2e67a6fd04c169c4bdef102d0bc5d31b2546345219e348575eb80e9a0?s=96&d=mm&r=g\",\"caption\":\"redazione\"},\"sameAs\":[\"http:\\\/\\\/www.bellunopress.it\",\"https:\\\/\\\/x.com\\\/bellunopress\"],\"url\":\"https:\\\/\\\/www.bellunopress.it\\\/fr\\\/author\\\/redazione\\\/\"}]}<\/script>\n<!-- \/ Yoast SEO plugin. -->","yoast_head_json":{"title":"Gioved\u00ec doppio appuntamento con l'ex magistrato Felice Casson - Bellunopress - Dolomiti","robots":{"index":"index","follow":"follow","max-snippet":"max-snippet:-1","max-image-preview":"max-image-preview:large","max-video-preview":"max-video-preview:-1"},"canonical":"https:\/\/www.bellunopress.it\/fr\/2009\/08\/31\/giovedi-doppio-appuntamento-con-lex-magistrato-felice-casson\/","og_locale":"fr_FR","og_type":"article","og_title":"Gioved\u00ec doppio appuntamento con l'ex magistrato Felice Casson - Bellunopress - Dolomiti","og_description":"Gioved\u00ec 3 settembre si svolger\u00e0 un doppo appuntamento con Felice Casson, ex magistrato, senatore e candidato alla Segreteria regionale del Pd per la Mozione di Ignazio Marino: Alle 18.15 presso la Sala &#8220;Guarnieri&#8221; di Pedavena si terr\u00e0 un incontro-dibattito sul tema &#8220;Sicurezza e legalit\u00e0 &#8211; per un&#8217;Italia pi\u00f9 giusta&#8221;. Alle 20.45 presso la sala Muccin [&hellip;]","og_url":"https:\/\/www.bellunopress.it\/fr\/2009\/08\/31\/giovedi-doppio-appuntamento-con-lex-magistrato-felice-casson\/","og_site_name":"Bellunopress - Dolomiti","article_publisher":"https:\/\/www.facebook.com\/profile.php?id=100008943462799","article_published_time":"2009-08-31T10:17:25+00:00","og_image":[{"url":"http:\/\/www.bellunopress.it\/wp-content\/uploads\/2009\/02\/felice-casson.jpg","type":"","width":"","height":""}],"author":"redazione","twitter_card":"summary_large_image","twitter_creator":"@bellunopress","twitter_site":"@bellunopress","twitter_misc":{"\u00c9crit par":"redazione"},"schema":{"@context":"https:\/\/schema.org","@graph":[{"@type":"Article","@id":"https:\/\/www.bellunopress.it\/2009\/08\/31\/giovedi-doppio-appuntamento-con-lex-magistrato-felice-casson\/#article","isPartOf":{"@id":"https:\/\/www.bellunopress.it\/2009\/08\/31\/giovedi-doppio-appuntamento-con-lex-magistrato-felice-casson\/"},"author":{"name":"redazione","@id":"https:\/\/www.bellunopress.it\/#\/schema\/person\/79bb06722b37ece1c03d3e94beb30d73"},"headline":"Gioved\u00ec doppio appuntamento con l&#8217;ex magistrato Felice Casson","datePublished":"2009-08-31T10:17:25+00:00","mainEntityOfPage":{"@id":"https:\/\/www.bellunopress.it\/2009\/08\/31\/giovedi-doppio-appuntamento-con-lex-magistrato-felice-casson\/"},"wordCount":82,"publisher":{"@id":"https:\/\/www.bellunopress.it\/#organization"},"image":{"@id":"https:\/\/www.bellunopress.it\/2009\/08\/31\/giovedi-doppio-appuntamento-con-lex-magistrato-felice-casson\/#primaryimage"},"thumbnailUrl":"http:\/\/www.bellunopress.it\/wp-content\/uploads\/2009\/02\/felice-casson.jpg","keywords":["Belluno"],"articleSection":["Appuntamenti, Eventi","Pausa Caff\u00e8"],"inLanguage":"fr-FR"},{"@type":"WebPage","@id":"https:\/\/www.bellunopress.it\/2009\/08\/31\/giovedi-doppio-appuntamento-con-lex-magistrato-felice-casson\/","url":"https:\/\/www.bellunopress.it\/2009\/08\/31\/giovedi-doppio-appuntamento-con-lex-magistrato-felice-casson\/","name":"Gioved\u00ec doppio appuntamento con l'ex magistrato Felice Casson - Bellunopress - Dolomiti","isPartOf":{"@id":"https:\/\/www.bellunopress.it\/#website"},"primaryImageOfPage":{"@id":"https:\/\/www.bellunopress.it\/2009\/08\/31\/giovedi-doppio-appuntamento-con-lex-magistrato-felice-casson\/#primaryimage"},"image":{"@id":"https:\/\/www.bellunopress.it\/2009\/08\/31\/giovedi-doppio-appuntamento-con-lex-magistrato-felice-casson\/#primaryimage"},"thumbnailUrl":"http:\/\/www.bellunopress.it\/wp-content\/uploads\/2009\/02\/felice-casson.jpg","datePublished":"2009-08-31T10:17:25+00:00","breadcrumb":{"@id":"https:\/\/www.bellunopress.it\/2009\/08\/31\/giovedi-doppio-appuntamento-con-lex-magistrato-felice-casson\/#breadcrumb"},"inLanguage":"fr-FR","potentialAction":[{"@type":"ReadAction","target":["https:\/\/www.bellunopress.it\/2009\/08\/31\/giovedi-doppio-appuntamento-con-lex-magistrato-felice-casson\/"]}]},{"@type":"ImageObject","inLanguage":"fr-FR","@id":"https:\/\/www.bellunopress.it\/2009\/08\/31\/giovedi-doppio-appuntamento-con-lex-magistrato-felice-casson\/#primaryimage","url":"http:\/\/www.bellunopress.it\/wp-content\/uploads\/2009\/02\/felice-casson.jpg","contentUrl":"http:\/\/www.bellunopress.it\/wp-content\/uploads\/2009\/02\/felice-casson.jpg"},{"@type":"BreadcrumbList","@id":"https:\/\/www.bellunopress.it\/2009\/08\/31\/giovedi-doppio-appuntamento-con-lex-magistrato-felice-casson\/#breadcrumb","itemListElement":[{"@type":"ListItem","position":1,"name":"Home","item":"https:\/\/www.bellunopress.it\/"},{"@type":"ListItem","position":2,"name":"Gioved\u00ec doppio appuntamento con l&#8217;ex magistrato Felice Casson"}]},{"@type":"WebSite","@id":"https:\/\/www.bellunopress.it\/#website","url":"https:\/\/www.bellunopress.it\/","name":"Bellunopress - Dolomiti","description":"e-mail: redazione@bellunopress.it","publisher":{"@id":"https:\/\/www.bellunopress.it\/#organization"},"potentialAction":[{"@type":"SearchAction","target":{"@type":"EntryPoint","urlTemplate":"https:\/\/www.bellunopress.it\/?s={search_term_string}"},"query-input":{"@type":"PropertyValueSpecification","valueRequired":true,"valueName":"search_term_string"}}],"inLanguage":"fr-FR"},{"@type":"Organization","@id":"https:\/\/www.bellunopress.it\/#organization","name":"Bellunopress","url":"https:\/\/www.bellunopress.it\/","logo":{"@type":"ImageObject","inLanguage":"fr-FR","@id":"https:\/\/www.bellunopress.it\/#\/schema\/logo\/image\/","url":"https:\/\/www.bellunopress.it\/wp-content\/uploads\/2011\/05\/cropped-logo-bellunopress-.jpg","contentUrl":"https:\/\/www.bellunopress.it\/wp-content\/uploads\/2011\/05\/cropped-logo-bellunopress-.jpg","width":512,"height":512,"caption":"Bellunopress"},"image":{"@id":"https:\/\/www.bellunopress.it\/#\/schema\/logo\/image\/"},"sameAs":["https:\/\/www.facebook.com\/profile.php?id=100008943462799","https:\/\/x.com\/bellunopress","https:\/\/www.linkedin.com\/hp\/?dnr=JBzUWaJfMUw8vbXJJ2tVW5-I3jZKvC4wsoxE&amp;amp;amp;amp;amp;amp;trk=nav_responsive_tab_home","https:\/\/www.youtube.com\/channel\/UCxL0wu1uN0_3_7hGG0306cw"]},{"@type":"Person","@id":"https:\/\/www.bellunopress.it\/#\/schema\/person\/79bb06722b37ece1c03d3e94beb30d73","name":"r\u00e9daction","image":{"@type":"ImageObject","inLanguage":"fr-FR","@id":"https:\/\/secure.gravatar.com\/avatar\/37d968a2e67a6fd04c169c4bdef102d0bc5d31b2546345219e348575eb80e9a0?s=96&d=mm&r=g","url":"https:\/\/secure.gravatar.com\/avatar\/37d968a2e67a6fd04c169c4bdef102d0bc5d31b2546345219e348575eb80e9a0?s=96&d=mm&r=g","contentUrl":"https:\/\/secure.gravatar.com\/avatar\/37d968a2e67a6fd04c169c4bdef102d0bc5d31b2546345219e348575eb80e9a0?s=96&d=mm&r=g","caption":"redazione"},"sameAs":["http:\/\/www.bellunopress.it","https:\/\/x.com\/bellunopress"],"url":"https:\/\/www.bellunopress.it\/fr\/author\/redazione\/"}]}},"_links":{"self":[{"href":"https:\/\/www.bellunopress.it\/fr\/wp-json\/wp\/v2\/posts\/7548","targetHints":{"allow":["GET"]}}],"collection":[{"href":"https:\/\/www.bellunopress.it\/fr\/wp-json\/wp\/v2\/posts"}],"about":[{"href":"https:\/\/www.bellunopress.it\/fr\/wp-json\/wp\/v2\/types\/post"}],"author":[{"embeddable":true,"href":"https:\/\/www.bellunopress.it\/fr\/wp-json\/wp\/v2\/users\/2"}],"replies":[{"embeddable":true,"href":"https:\/\/www.bellunopress.it\/fr\/wp-json\/wp\/v2\/comments?post=7548"}],"version-history":[{"count":1,"href":"https:\/\/www.bellunopress.it\/fr\/wp-json\/wp\/v2\/posts\/7548\/revisions"}],"predecessor-version":[{"id":7549,"href":"https:\/\/www.bellunopress.it\/fr\/wp-json\/wp\/v2\/posts\/7548\/revisions\/7549"}],"wp:attachment":[{"href":"https:\/\/www.bellunopress.it\/fr\/wp-json\/wp\/v2\/media?parent=7548"}],"wp:term":[{"taxonomy":"category","embeddable":true,"href":"https:\/\/www.bellunopress.it\/fr\/wp-json\/wp\/v2\/categories?post=7548"},{"taxonomy":"post_tag","embeddable":true,"href":"https:\/\/www.bellunopress.it\/fr\/wp-json\/wp\/v2\/tags?post=7548"}],"curies":[{"name":"wp","href":"https:\/\/api.w.org\/{rel}","templated":true}]}}